{"id":40705,"date":"2023-05-08T22:05:00","date_gmt":"2023-05-08T21:05:00","guid":{"rendered":"https:\/\/lasentinelle.dz\/?p=40705"},"modified":"2023-05-08T19:17:43","modified_gmt":"2023-05-08T18:17:43","slug":"office-dachat-des-produits-agricoles-mettre-fin-a-lanarchie-sur-le-marche","status":"publish","type":"post","link":"https:\/\/lasentinelle.dz\/index.php\/2023\/05\/08\/office-dachat-des-produits-agricoles-mettre-fin-a-lanarchie-sur-le-marche\/","title":{"rendered":"Office d\u2019achat des produits agricoles\u00a0: Mettre fin \u00e0 l\u2019anarchie sur le march\u00e9"},"content":{"rendered":"\n<p>Le pr\u00e9sident de la R\u00e9publique a ordonn\u00e9 au cours du dernier conseil des ministres la cr\u00e9ation d&rsquo;un office charg\u00e9 de l&rsquo;achat, aupr\u00e8s des agriculteurs de tous les produits de large consommation. Une instance qui permettra de rem\u00e9dier \u00e0 l\u2019anarchie qui caract\u00e9rise le march\u00e9 des produits agricoles, assurent les experts. Ainsi, le consultant en d\u00e9veloppement agricole, Aissa Manseur a indiqu\u00e9 hier dans une d\u00e9claration \u00e0 l&rsquo;APS que l&rsquo;id\u00e9e de cr\u00e9er un office qui se charge de l&rsquo;achat des produits de large consommation est \u00a0\u00bben elle m\u00eame salutaire et peut \u00eatre une solution d\u00e9finitive \u00e0 l&rsquo;anarchie qui r\u00e8gne dans le march\u00e9\u00a0\u00bb. Le consultant rel\u00e8ve pour que le nouveau office apporte une valeur ajout\u00e9e et m\u00e8ne \u00e0 bien sa mission de r\u00e9gulation, il doit \u00a0\u00bbcontribuer \u00e0 la cr\u00e9ation d&rsquo;une cha\u00eene de distribution performante qui assure l&rsquo;approvisionnement r\u00e9gulier des march\u00e9s locaux avec les diff\u00e9rents produits agricoles\u00a0\u00bb. On doit aussi lui conf\u00e9rer, a-t-il poursuivi \u00a0\u00bble contr\u00f4le des op\u00e9rations de stockage r\u00e9alis\u00e9es par les producteurs, tout comme la d\u00e9signation des stockeurs et des quantit\u00e9s de produits agricoles, fruits et l\u00e9gumes emmagasin\u00e9es\u00a0\u00bb. \u00a0\u00bbL&rsquo;office devra \u00e9galement avoir pour mission l&rsquo;\u00e9tablissement d&rsquo;un calendrier de d\u00e9stockage pour chaque produit agricole selon les besoins du march\u00e9 et d&rsquo;une p\u00e9riode maximale de stockage afin d&rsquo;\u00e9viter toute tentative de sp\u00e9culation\u00a0\u00bb, a-t-il encore d\u00e9velopp\u00e9.<\/p>\n\n\n\n<p>Le m\u00eame expert explique aussi que \u00a0\u00bbl&rsquo;Etat d\u00e9ploie de grands efforts pour accompagner et soutenir les producteurs en amont et en aval du processus de production, or le march\u00e9 des produits agricoles conna\u00eet depuis quelques ann\u00e9es une perturbation caract\u00e9ris\u00e9e par la flamb\u00e9e des prix de produits agricoles, l\u00e9gumes et fruits, y compris en p\u00e9riodes de production\u00a0\u00bb. Selon le consultant \u00a0\u00bbcette situation \u00e9tait engendr\u00e9e par l&rsquo;absence d&rsquo;un dispositif efficace de r\u00e9gulation et de contr\u00f4le du march\u00e9\u00a0\u00bb attestant qu&rsquo;il \u00e9tait important la cr\u00e9ation de l&rsquo;office, ainsi que \u00a0\u00bbde bien d\u00e9finir le dysfonctionnement pour bien agir\u00a0\u00bb. De son c\u00f4t\u00e9, le Secr\u00e9taire g\u00e9n\u00e9ral de l&rsquo;Union nationale des paysans alg\u00e9riens (UNPA), Abdelatif Dilmi, a indiqu\u00e9 que \u00a0\u00bbles agriculteurs aspiraient et esp\u00e9raient voir des mesures et organismes qui refl\u00e8tent les performances remarquables du secteur agricole, prot\u00e8gent leurs efforts et contribuent \u00e0 r\u00e9guler le march\u00e9 des l\u00e9gumes et fruits\u00a0\u00bb. Il a dans ce sens ajout\u00e9 que \u00a0\u00bbla courbe ascendante de la production dans ses diff\u00e9rentes fili\u00e8res requiert des moyens de r\u00e9gulation, de stockage, de transport et de transformation\u00a0\u00bb.<\/p>\n\n\n\n<p><strong>R.N.<\/strong><\/p>\n","protected":false},"excerpt":{"rendered":"<p>Le pr\u00e9sident de la R\u00e9publique a ordonn\u00e9 au cours du dernier conseil des ministres la cr\u00e9ation d&rsquo;un office charg\u00e9 de<\/p>\n","protected":false},"author":2,"featured_media":40711,"comment_status":"open","ping_status":"closed","sticky":false,"template":"","format":"standard","meta":{"colormag_page_container_layout":"default_layout","colormag_page_sidebar_layout":"default_layout","om_disable_all_campaigns":false,"_monsterinsights_skip_tracking":false,"_monsterinsights_sitenote_active":false,"_monsterinsights_sitenote_note":"","_monsterinsights_sitenote_category":0,"footnotes":"","_wpscppro_dont_share_socialmedia":false,"_wpscppro_custom_social_share_image":0,"_facebook_share_type":"","_twitter_share_type":"","_linkedin_share_type":"","_pinterest_share_type":"","_linkedin_share_type_page":"","_instagram_share_type":"","_medium_share_type":"","_threads_share_type":"","_google_business_share_type":"","_selected_social_profile":[],"_wpsp_enable_custom_social_template":false,"_wpsp_social_scheduling":{"enabled":false,"datetime":null,"platforms":[],"status":"template_only","dateOption":"today","timeOption":"now","customDays":"","customHours":"","customDate":"","customTime":"","schedulingType":"absolute"},"_wpsp_active_default_template":true},"categories":[29],"tags":[],"class_list":["post-40705","post","type-post","status-publish","format-standard","has-post-thumbnail","hentry","category-economie"],"aioseo_notices":[],"yoast_head":"<!-- This site is optimized with the Yoast SEO plugin v27.5 - https:\/\/yoast.com\/product\/yoast-seo-wordpress\/ -->\n<title>Office d\u2019achat des produits agricoles\u00a0: Mettre fin \u00e0 l\u2019anarchie sur le march\u00e9 - La Sentinelle<\/title>\n<meta name=\"robots\" content=\"index, follow, max-snippet:-1, max-image-preview:large, max-video-preview:-1\" \/>\n<link rel=\"canonical\" href=\"https:\/\/lasentinelle.dz\/index.php\/2023\/05\/08\/office-dachat-des-produits-agricoles-mettre-fin-a-lanarchie-sur-le-marche\/\" \/>\n<meta property=\"og:locale\" content=\"fr_FR\" \/>\n<meta property=\"og:type\" content=\"article\" \/>\n<meta property=\"og:title\" content=\"Office d\u2019achat des produits agricoles\u00a0: Mettre fin \u00e0 l\u2019anarchie sur le march\u00e9 - La Sentinelle\" \/>\n<meta property=\"og:description\" content=\"Le pr\u00e9sident de la R\u00e9publique a ordonn\u00e9 au cours du dernier conseil des ministres la cr\u00e9ation d&rsquo;un office charg\u00e9 de\" \/>\n<meta property=\"og:url\" content=\"https:\/\/lasentinelle.dz\/index.php\/2023\/05\/08\/office-dachat-des-produits-agricoles-mettre-fin-a-lanarchie-sur-le-marche\/\" \/>\n<meta property=\"og:site_name\" content=\"La Sentinelle\" \/>\n<meta property=\"article:publisher\" content=\"https:\/\/www.facebook.com\/La-Sentinelle-104059864394773\" \/>\n<meta property=\"article:published_time\" content=\"2023-05-08T21:05:00+00:00\" \/>\n<meta property=\"og:image\" content=\"https:\/\/lasentinelle.dz\/wp-content\/uploads\/2023\/05\/sssx.png\" \/>\n\t<meta property=\"og:image:width\" content=\"1491\" \/>\n\t<meta property=\"og:image:height\" content=\"900\" \/>\n\t<meta property=\"og:image:type\" content=\"image\/png\" \/>\n<meta name=\"author\" content=\"Azzedine Belferag\" \/>\n<meta name=\"twitter:card\" content=\"summary_large_image\" \/>\n<meta name=\"twitter:label1\" content=\"\u00c9crit par\" \/>\n\t<meta name=\"twitter:data1\" content=\"Azzedine Belferag\" \/>\n\t<meta name=\"twitter:label2\" content=\"Dur\u00e9e de lecture estim\u00e9e\" \/>\n\t<meta name=\"twitter:data2\" content=\"2 minutes\" \/>\n<script type=\"application\/ld+json\" class=\"yoast-schema-graph\">{\"@context\":\"https:\\\/\\\/schema.org\",\"@graph\":[{\"@type\":\"Article\",\"@id\":\"https:\\\/\\\/lasentinelle.dz\\\/index.php\\\/2023\\\/05\\\/08\\\/office-dachat-des-produits-agricoles-mettre-fin-a-lanarchie-sur-le-marche\\\/#article\",\"isPartOf\":{\"@id\":\"https:\\\/\\\/lasentinelle.dz\\\/index.php\\\/2023\\\/05\\\/08\\\/office-dachat-des-produits-agricoles-mettre-fin-a-lanarchie-sur-le-marche\\\/\"},\"author\":{\"name\":\"Azzedine Belferag\",\"@id\":\"https:\\\/\\\/lasentinelle.dz\\\/#\\\/schema\\\/person\\\/e22c868643946ece5f328ac9d185b29f\"},\"headline\":\"Office d\u2019achat des produits agricoles\u00a0: Mettre fin \u00e0 l\u2019anarchie sur le march\u00e9\",\"datePublished\":\"2023-05-08T21:05:00+00:00\",\"mainEntityOfPage\":{\"@id\":\"https:\\\/\\\/lasentinelle.dz\\\/index.php\\\/2023\\\/05\\\/08\\\/office-dachat-des-produits-agricoles-mettre-fin-a-lanarchie-sur-le-marche\\\/\"},\"wordCount\":472,\"commentCount\":0,\"publisher\":{\"@id\":\"https:\\\/\\\/lasentinelle.dz\\\/#organization\"},\"image\":{\"@id\":\"https:\\\/\\\/lasentinelle.dz\\\/index.php\\\/2023\\\/05\\\/08\\\/office-dachat-des-produits-agricoles-mettre-fin-a-lanarchie-sur-le-marche\\\/#primaryimage\"},\"thumbnailUrl\":\"https:\\\/\\\/lasentinelle.dz\\\/wp-content\\\/uploads\\\/2023\\\/05\\\/sssx.png\",\"articleSection\":[\"\u00c9conomie\"],\"inLanguage\":\"fr-FR\",\"potentialAction\":[{\"@type\":\"CommentAction\",\"name\":\"Comment\",\"target\":[\"https:\\\/\\\/lasentinelle.dz\\\/index.php\\\/2023\\\/05\\\/08\\\/office-dachat-des-produits-agricoles-mettre-fin-a-lanarchie-sur-le-marche\\\/#respond\"]}]},{\"@type\":\"WebPage\",\"@id\":\"https:\\\/\\\/lasentinelle.dz\\\/index.php\\\/2023\\\/05\\\/08\\\/office-dachat-des-produits-agricoles-mettre-fin-a-lanarchie-sur-le-marche\\\/\",\"url\":\"https:\\\/\\\/lasentinelle.dz\\\/index.php\\\/2023\\\/05\\\/08\\\/office-dachat-des-produits-agricoles-mettre-fin-a-lanarchie-sur-le-marche\\\/\",\"name\":\"Office d\u2019achat des produits agricoles\u00a0: Mettre fin \u00e0 l\u2019anarchie sur le march\u00e9 - La Sentinelle\",\"isPartOf\":{\"@id\":\"https:\\\/\\\/lasentinelle.dz\\\/#website\"},\"primaryImageOfPage\":{\"@id\":\"https:\\\/\\\/lasentinelle.dz\\\/index.php\\\/2023\\\/05\\\/08\\\/office-dachat-des-produits-agricoles-mettre-fin-a-lanarchie-sur-le-marche\\\/#primaryimage\"},\"image\":{\"@id\":\"https:\\\/\\\/lasentinelle.dz\\\/index.php\\\/2023\\\/05\\\/08\\\/office-dachat-des-produits-agricoles-mettre-fin-a-lanarchie-sur-le-marche\\\/#primaryimage\"},\"thumbnailUrl\":\"https:\\\/\\\/lasentinelle.dz\\\/wp-content\\\/uploads\\\/2023\\\/05\\\/sssx.png\",\"datePublished\":\"2023-05-08T21:05:00+00:00\",\"breadcrumb\":{\"@id\":\"https:\\\/\\\/lasentinelle.dz\\\/index.php\\\/2023\\\/05\\\/08\\\/office-dachat-des-produits-agricoles-mettre-fin-a-lanarchie-sur-le-marche\\\/#breadcrumb\"},\"inLanguage\":\"fr-FR\",\"potentialAction\":[{\"@type\":\"ReadAction\",\"target\":[\"https:\\\/\\\/lasentinelle.dz\\\/index.php\\\/2023\\\/05\\\/08\\\/office-dachat-des-produits-agricoles-mettre-fin-a-lanarchie-sur-le-marche\\\/\"]}]},{\"@type\":\"ImageObject\",\"inLanguage\":\"fr-FR\",\"@id\":\"https:\\\/\\\/lasentinelle.dz\\\/index.php\\\/2023\\\/05\\\/08\\\/office-dachat-des-produits-agricoles-mettre-fin-a-lanarchie-sur-le-marche\\\/#primaryimage\",\"url\":\"https:\\\/\\\/lasentinelle.dz\\\/wp-content\\\/uploads\\\/2023\\\/05\\\/sssx.png\",\"contentUrl\":\"https:\\\/\\\/lasentinelle.dz\\\/wp-content\\\/uploads\\\/2023\\\/05\\\/sssx.png\",\"width\":1491,\"height\":900},{\"@type\":\"BreadcrumbList\",\"@id\":\"https:\\\/\\\/lasentinelle.dz\\\/index.php\\\/2023\\\/05\\\/08\\\/office-dachat-des-produits-agricoles-mettre-fin-a-lanarchie-sur-le-marche\\\/#breadcrumb\",\"itemListElement\":[{\"@type\":\"ListItem\",\"position\":1,\"name\":\"Accueil\",\"item\":\"https:\\\/\\\/lasentinelle.dz\\\/\"},{\"@type\":\"ListItem\",\"position\":2,\"name\":\"Office d\u2019achat des produits agricoles\u00a0: Mettre fin \u00e0 l\u2019anarchie sur le march\u00e9\"}]},{\"@type\":\"WebSite\",\"@id\":\"https:\\\/\\\/lasentinelle.dz\\\/#website\",\"url\":\"https:\\\/\\\/lasentinelle.dz\\\/\",\"name\":\"La Sentinelle\",\"description\":\"Quotidien national d&#039;information\",\"publisher\":{\"@id\":\"https:\\\/\\\/lasentinelle.dz\\\/#organization\"},\"potentialAction\":[{\"@type\":\"SearchAction\",\"target\":{\"@type\":\"EntryPoint\",\"urlTemplate\":\"https:\\\/\\\/lasentinelle.dz\\\/?s={search_term_string}\"},\"query-input\":{\"@type\":\"PropertyValueSpecification\",\"valueRequired\":true,\"valueName\":\"search_term_string\"}}],\"inLanguage\":\"fr-FR\"},{\"@type\":\"Organization\",\"@id\":\"https:\\\/\\\/lasentinelle.dz\\\/#organization\",\"name\":\"Quotidien La Sentinelle\",\"url\":\"https:\\\/\\\/lasentinelle.dz\\\/\",\"logo\":{\"@type\":\"ImageObject\",\"inLanguage\":\"fr-FR\",\"@id\":\"https:\\\/\\\/lasentinelle.dz\\\/#\\\/schema\\\/logo\\\/image\\\/\",\"url\":\"https:\\\/\\\/lasentinelle.dz\\\/wp-content\\\/uploads\\\/2021\\\/09\\\/logo-sentinelleSLOGAN-1.png\",\"contentUrl\":\"https:\\\/\\\/lasentinelle.dz\\\/wp-content\\\/uploads\\\/2021\\\/09\\\/logo-sentinelleSLOGAN-1.png\",\"width\":615,\"height\":142,\"caption\":\"Quotidien La Sentinelle\"},\"image\":{\"@id\":\"https:\\\/\\\/lasentinelle.dz\\\/#\\\/schema\\\/logo\\\/image\\\/\"},\"sameAs\":[\"https:\\\/\\\/www.facebook.com\\\/La-Sentinelle-104059864394773\"]},{\"@type\":\"Person\",\"@id\":\"https:\\\/\\\/lasentinelle.dz\\\/#\\\/schema\\\/person\\\/e22c868643946ece5f328ac9d185b29f\",\"name\":\"Azzedine Belferag\",\"image\":{\"@type\":\"ImageObject\",\"inLanguage\":\"fr-FR\",\"@id\":\"https:\\\/\\\/secure.gravatar.com\\\/avatar\\\/767ecc3bfcf23cd6d0dae1705f124feb13a88fded1daa56498e4fb3aa3fc36a1?s=96&d=mm&r=g\",\"url\":\"https:\\\/\\\/secure.gravatar.com\\\/avatar\\\/767ecc3bfcf23cd6d0dae1705f124feb13a88fded1daa56498e4fb3aa3fc36a1?s=96&d=mm&r=g\",\"contentUrl\":\"https:\\\/\\\/secure.gravatar.com\\\/avatar\\\/767ecc3bfcf23cd6d0dae1705f124feb13a88fded1daa56498e4fb3aa3fc36a1?s=96&d=mm&r=g\",\"caption\":\"Azzedine Belferag\"},\"sameAs\":[\"http:\\\/\\\/www.lasentinelle.dz\"],\"url\":\"https:\\\/\\\/lasentinelle.dz\\\/author\\\/belferag\\\/\"}]}<\/script>\n<!-- \/ Yoast SEO plugin. -->","yoast_head_json":{"title":"Office d\u2019achat des produits agricoles\u00a0: Mettre fin \u00e0 l\u2019anarchie sur le march\u00e9 - La Sentinelle","robots":{"index":"index","follow":"follow","max-snippet":"max-snippet:-1","max-image-preview":"max-image-preview:large","max-video-preview":"max-video-preview:-1"},"canonical":"https:\/\/lasentinelle.dz\/index.php\/2023\/05\/08\/office-dachat-des-produits-agricoles-mettre-fin-a-lanarchie-sur-le-marche\/","og_locale":"fr_FR","og_type":"article","og_title":"Office d\u2019achat des produits agricoles\u00a0: Mettre fin \u00e0 l\u2019anarchie sur le march\u00e9 - La Sentinelle","og_description":"Le pr\u00e9sident de la R\u00e9publique a ordonn\u00e9 au cours du dernier conseil des ministres la cr\u00e9ation d&rsquo;un office charg\u00e9 de","og_url":"https:\/\/lasentinelle.dz\/index.php\/2023\/05\/08\/office-dachat-des-produits-agricoles-mettre-fin-a-lanarchie-sur-le-marche\/","og_site_name":"La Sentinelle","article_publisher":"https:\/\/www.facebook.com\/La-Sentinelle-104059864394773","article_published_time":"2023-05-08T21:05:00+00:00","og_image":[{"width":1491,"height":900,"url":"https:\/\/lasentinelle.dz\/wp-content\/uploads\/2023\/05\/sssx.png","type":"image\/png"}],"author":"Azzedine Belferag","twitter_card":"summary_large_image","twitter_misc":{"\u00c9crit par":"Azzedine Belferag","Dur\u00e9e de lecture estim\u00e9e":"2 minutes"},"schema":{"@context":"https:\/\/schema.org","@graph":[{"@type":"Article","@id":"https:\/\/lasentinelle.dz\/index.php\/2023\/05\/08\/office-dachat-des-produits-agricoles-mettre-fin-a-lanarchie-sur-le-marche\/#article","isPartOf":{"@id":"https:\/\/lasentinelle.dz\/index.php\/2023\/05\/08\/office-dachat-des-produits-agricoles-mettre-fin-a-lanarchie-sur-le-marche\/"},"author":{"name":"Azzedine Belferag","@id":"https:\/\/lasentinelle.dz\/#\/schema\/person\/e22c868643946ece5f328ac9d185b29f"},"headline":"Office d\u2019achat des produits agricoles\u00a0: Mettre fin \u00e0 l\u2019anarchie sur le march\u00e9","datePublished":"2023-05-08T21:05:00+00:00","mainEntityOfPage":{"@id":"https:\/\/lasentinelle.dz\/index.php\/2023\/05\/08\/office-dachat-des-produits-agricoles-mettre-fin-a-lanarchie-sur-le-marche\/"},"wordCount":472,"commentCount":0,"publisher":{"@id":"https:\/\/lasentinelle.dz\/#organization"},"image":{"@id":"https:\/\/lasentinelle.dz\/index.php\/2023\/05\/08\/office-dachat-des-produits-agricoles-mettre-fin-a-lanarchie-sur-le-marche\/#primaryimage"},"thumbnailUrl":"https:\/\/lasentinelle.dz\/wp-content\/uploads\/2023\/05\/sssx.png","articleSection":["\u00c9conomie"],"inLanguage":"fr-FR","potentialAction":[{"@type":"CommentAction","name":"Comment","target":["https:\/\/lasentinelle.dz\/index.php\/2023\/05\/08\/office-dachat-des-produits-agricoles-mettre-fin-a-lanarchie-sur-le-marche\/#respond"]}]},{"@type":"WebPage","@id":"https:\/\/lasentinelle.dz\/index.php\/2023\/05\/08\/office-dachat-des-produits-agricoles-mettre-fin-a-lanarchie-sur-le-marche\/","url":"https:\/\/lasentinelle.dz\/index.php\/2023\/05\/08\/office-dachat-des-produits-agricoles-mettre-fin-a-lanarchie-sur-le-marche\/","name":"Office d\u2019achat des produits agricoles\u00a0: Mettre fin \u00e0 l\u2019anarchie sur le march\u00e9 - La Sentinelle","isPartOf":{"@id":"https:\/\/lasentinelle.dz\/#website"},"primaryImageOfPage":{"@id":"https:\/\/lasentinelle.dz\/index.php\/2023\/05\/08\/office-dachat-des-produits-agricoles-mettre-fin-a-lanarchie-sur-le-marche\/#primaryimage"},"image":{"@id":"https:\/\/lasentinelle.dz\/index.php\/2023\/05\/08\/office-dachat-des-produits-agricoles-mettre-fin-a-lanarchie-sur-le-marche\/#primaryimage"},"thumbnailUrl":"https:\/\/lasentinelle.dz\/wp-content\/uploads\/2023\/05\/sssx.png","datePublished":"2023-05-08T21:05:00+00:00","breadcrumb":{"@id":"https:\/\/lasentinelle.dz\/index.php\/2023\/05\/08\/office-dachat-des-produits-agricoles-mettre-fin-a-lanarchie-sur-le-marche\/#breadcrumb"},"inLanguage":"fr-FR","potentialAction":[{"@type":"ReadAction","target":["https:\/\/lasentinelle.dz\/index.php\/2023\/05\/08\/office-dachat-des-produits-agricoles-mettre-fin-a-lanarchie-sur-le-marche\/"]}]},{"@type":"ImageObject","inLanguage":"fr-FR","@id":"https:\/\/lasentinelle.dz\/index.php\/2023\/05\/08\/office-dachat-des-produits-agricoles-mettre-fin-a-lanarchie-sur-le-marche\/#primaryimage","url":"https:\/\/lasentinelle.dz\/wp-content\/uploads\/2023\/05\/sssx.png","contentUrl":"https:\/\/lasentinelle.dz\/wp-content\/uploads\/2023\/05\/sssx.png","width":1491,"height":900},{"@type":"BreadcrumbList","@id":"https:\/\/lasentinelle.dz\/index.php\/2023\/05\/08\/office-dachat-des-produits-agricoles-mettre-fin-a-lanarchie-sur-le-marche\/#breadcrumb","itemListElement":[{"@type":"ListItem","position":1,"name":"Accueil","item":"https:\/\/lasentinelle.dz\/"},{"@type":"ListItem","position":2,"name":"Office d\u2019achat des produits agricoles\u00a0: Mettre fin \u00e0 l\u2019anarchie sur le march\u00e9"}]},{"@type":"WebSite","@id":"https:\/\/lasentinelle.dz\/#website","url":"https:\/\/lasentinelle.dz\/","name":"La Sentinelle","description":"Quotidien national d&#039;information","publisher":{"@id":"https:\/\/lasentinelle.dz\/#organization"},"potentialAction":[{"@type":"SearchAction","target":{"@type":"EntryPoint","urlTemplate":"https:\/\/lasentinelle.dz\/?s={search_term_string}"},"query-input":{"@type":"PropertyValueSpecification","valueRequired":true,"valueName":"search_term_string"}}],"inLanguage":"fr-FR"},{"@type":"Organization","@id":"https:\/\/lasentinelle.dz\/#organization","name":"Quotidien La Sentinelle","url":"https:\/\/lasentinelle.dz\/","logo":{"@type":"ImageObject","inLanguage":"fr-FR","@id":"https:\/\/lasentinelle.dz\/#\/schema\/logo\/image\/","url":"https:\/\/lasentinelle.dz\/wp-content\/uploads\/2021\/09\/logo-sentinelleSLOGAN-1.png","contentUrl":"https:\/\/lasentinelle.dz\/wp-content\/uploads\/2021\/09\/logo-sentinelleSLOGAN-1.png","width":615,"height":142,"caption":"Quotidien La Sentinelle"},"image":{"@id":"https:\/\/lasentinelle.dz\/#\/schema\/logo\/image\/"},"sameAs":["https:\/\/www.facebook.com\/La-Sentinelle-104059864394773"]},{"@type":"Person","@id":"https:\/\/lasentinelle.dz\/#\/schema\/person\/e22c868643946ece5f328ac9d185b29f","name":"Azzedine Belferag","image":{"@type":"ImageObject","inLanguage":"fr-FR","@id":"https:\/\/secure.gravatar.com\/avatar\/767ecc3bfcf23cd6d0dae1705f124feb13a88fded1daa56498e4fb3aa3fc36a1?s=96&d=mm&r=g","url":"https:\/\/secure.gravatar.com\/avatar\/767ecc3bfcf23cd6d0dae1705f124feb13a88fded1daa56498e4fb3aa3fc36a1?s=96&d=mm&r=g","contentUrl":"https:\/\/secure.gravatar.com\/avatar\/767ecc3bfcf23cd6d0dae1705f124feb13a88fded1daa56498e4fb3aa3fc36a1?s=96&d=mm&r=g","caption":"Azzedine Belferag"},"sameAs":["http:\/\/www.lasentinelle.dz"],"url":"https:\/\/lasentinelle.dz\/author\/belferag\/"}]}},"_links":{"self":[{"href":"https:\/\/lasentinelle.dz\/index.php\/wp-json\/wp\/v2\/posts\/40705","targetHints":{"allow":["GET"]}}],"collection":[{"href":"https:\/\/lasentinelle.dz\/index.php\/wp-json\/wp\/v2\/posts"}],"about":[{"href":"https:\/\/lasentinelle.dz\/index.php\/wp-json\/wp\/v2\/types\/post"}],"author":[{"embeddable":true,"href":"https:\/\/lasentinelle.dz\/index.php\/wp-json\/wp\/v2\/users\/2"}],"replies":[{"embeddable":true,"href":"https:\/\/lasentinelle.dz\/index.php\/wp-json\/wp\/v2\/comments?post=40705"}],"version-history":[{"count":1,"href":"https:\/\/lasentinelle.dz\/index.php\/wp-json\/wp\/v2\/posts\/40705\/revisions"}],"predecessor-version":[{"id":40713,"href":"https:\/\/lasentinelle.dz\/index.php\/wp-json\/wp\/v2\/posts\/40705\/revisions\/40713"}],"wp:featuredmedia":[{"embeddable":true,"href":"https:\/\/lasentinelle.dz\/index.php\/wp-json\/wp\/v2\/media\/40711"}],"wp:attachment":[{"href":"https:\/\/lasentinelle.dz\/index.php\/wp-json\/wp\/v2\/media?parent=40705"}],"wp:term":[{"taxonomy":"category","embeddable":true,"href":"https:\/\/lasentinelle.dz\/index.php\/wp-json\/wp\/v2\/categories?post=40705"},{"taxonomy":"post_tag","embeddable":true,"href":"https:\/\/lasentinelle.dz\/index.php\/wp-json\/wp\/v2\/tags?post=40705"}],"curies":[{"name":"wp","href":"https:\/\/api.w.org\/{rel}","templated":true}]}}