{"id":40717,"date":"2023-05-08T22:05:00","date_gmt":"2023-05-08T21:05:00","guid":{"rendered":"https:\/\/lasentinelle.dz\/?p=40717"},"modified":"2023-05-08T20:12:31","modified_gmt":"2023-05-08T19:12:31","slug":"49e-conference-de-lorganisation-des-assurances-africaines-a-alger-les-defis-de-la-securite-alimentaire-en-afrique-a-lordre-du-jour","status":"publish","type":"post","link":"https:\/\/lasentinelle.dz\/index.php\/2023\/05\/08\/49e-conference-de-lorganisation-des-assurances-africaines-a-alger-les-defis-de-la-securite-alimentaire-en-afrique-a-lordre-du-jour\/","title":{"rendered":"49e conf\u00e9rence de l&rsquo;Organisation des assurances africaines \u00e0 Alger\u00a0: Les d\u00e9fis de la s\u00e9curit\u00e9 alimentaire en Afrique \u00e0 l\u2019ordre du jour"},"content":{"rendered":"\n<p>Les d\u00e9fis de la s\u00e9curit\u00e9 alimentaire sont au c\u0153ur des pr\u00e9occupation notamment en Afrique et dans le monde arabe. Les menaces que fait peser le changement climatique et les cons\u00e9quences du conflit en Ukraine sur l\u2019approvisionnement des march\u00e9s internationaux des produits alimentaires de bases, mais aussi des engrais pour l\u2019agriculture ont permis de prendre conscience des vuln\u00e9rabilit\u00e9s de l\u2019Afrique en la mati\u00e8re et sa d\u00e9pendance aux march\u00e9 internationaux pour ses approvisionnements alimentaires, qui constitue aujourd\u2019hui une menace r\u00e9elle. La relocalisation des cultures strat\u00e9giques est au c\u0153ur d\u2019un d\u00e9bat r\u00e9el au sein des structures continentales. Au-del\u00e0 de la coordination des politiques agricoles africaines, c\u2019est la contribution des institutions financi\u00e8res dans la mise en place des politiques de s\u00e9curit\u00e9 alimentaire qui semble susciter l\u2019int\u00e9r\u00eat. Ainsi, le r\u00f4le particulier du secteur des assurances \u00e0 la s\u00e9curit\u00e9 alimentaire sera au c\u0153ur de la 49e conf\u00e9rence et l\u2019Assembl\u00e9e g\u00e9n\u00e9rale de l\u2019Organisation des Assurances Africaines (OAA). Cette session qui se tiendra en Alg\u00e9rie du 27 au 31 mai sera consacr\u00e9e au th\u00e8me de \u00ab\u00a0la contribution de l\u2019assurance aux d\u00e9fis de la s\u00e9curit\u00e9 alimentaire en Afrique\u00a0\u00bb, a indiqu\u00e9 hier un communiqu\u00e9 des organisateurs.<\/p>\n\n\n\n<p>Plac\u00e9e sous l\u2019\u00e9gide de l\u2019OAA, et organis\u00e9e par l\u2019Union alg\u00e9rienne des soci\u00e9t\u00e9s d\u2019assurance et de r\u00e9assurance (UAR), cet \u00e9v\u00e9nement verra la pr\u00e9sence de 1.800 participants, entre responsables de compagnies d\u2019assurance et de r\u00e9assurances africaines, repr\u00e9sentants d\u2019organisations internationales en plus d\u2019\u00e9minents experts et conf\u00e9renciers qui vont prendre part \u00e0 cette conf\u00e9rence. La conf\u00e9rence se focalisera sur \u00ab\u00a0l\u2019\u00e9laboration d\u2019une feuille de route pour d\u00e9fendre la position commune des membres de l\u2019organisation, qui a pour but de promouvoir les int\u00e9r\u00eats strat\u00e9giques du secteur de l\u2019assurance en Afrique\u00a0\u00bb. Les participants auront l\u2019occasion d\u2019\u00e9changer des r\u00e9flexions et expertises autour de th\u00e9matiques en lien avec l&rsquo;industrie de l&rsquo;assurance et son d\u00e9veloppement en Afrique, le r\u00f4le cl\u00e9 du secteur de l&rsquo;assurance en Afrique dans le domaine de la s\u00e9curit\u00e9 alimentaire, ainsi que la promotion de la coop\u00e9ration interafricaine en mati\u00e8re d\u2019assurance et de r\u00e9assurance, a fait savoir le document.<\/p>\n\n\n\n<p>Cherif Benhabiles, vice-pr\u00e9sident de l\u2019OAA et pr\u00e9sident du Comit\u00e9 local de pr\u00e9paration, a indiqu\u00e9, dans un message adress\u00e9 aux participants, que \u00ab\u00a0l\u2019Alg\u00e9rie s\u2019appr\u00eate \u00e0 accueillir cet important \u00e9v\u00e8nement qui regroupera les experts et sp\u00e9cialistes pour d\u00e9battre de la probl\u00e9matique de la contribution de l\u2019industrie de l\u2019assurance \u00e0 la s\u00e9curit\u00e9 alimentaire en Afrique, dans une conjoncture \u00e9conomique marqu\u00e9e par des tensions et des crises survenues \u00e0 l\u2019\u00e9chelle mondiale et r\u00e9gionale \u00e0 savoir, les changements climatiques, la pand\u00e9mie de la Covid-19, les conflits, etc.\u00a0\u00bb. Les organisateurs ont pr\u00e9vu un programme riche en sessions, panels et conf\u00e9rences, centr\u00e9es sur la promotion de l&rsquo;assurance agricole en Afrique et des th\u00e8mes qui portent sur le d\u00e9veloppement de solutions d&rsquo;assurance pour am\u00e9liorer la production agricole et les syst\u00e8mes de transfert de risques catastrophes public-priv\u00e9 en Afrique pour renforcer la r\u00e9silience continentale. Il est question \u00e9galement d&rsquo;\u00e9voquer \u00ab\u00a0l&rsquo;\u00e9volution rapide du secteur des assurances en Afrique avec une attention particuli\u00e8re pour la micro-assurance et les \u00ab\u00a0Insurtechs\u00a0\u00bb comme solutions pour la s\u00e9curit\u00e9 alimentaire, ainsi que le r\u00f4le crucial de la r\u00e9glementation et de la supervision pour faciliter l&rsquo;acc\u00e8s aux produits d&rsquo;assurance agricole indiciels sur le continent africain\u00a0\u00bb, a-t-on pr\u00e9cis\u00e9 de m\u00eame source.<\/p>\n\n\n\n<p><strong>Chokri Hafed<\/strong><\/p>\n","protected":false},"excerpt":{"rendered":"<p>Les d\u00e9fis de la s\u00e9curit\u00e9 alimentaire sont au c\u0153ur des pr\u00e9occupation notamment en Afrique et dans le monde arabe. Les<\/p>\n","protected":false},"author":3,"featured_media":40720,"comment_status":"open","ping_status":"closed","sticky":false,"template":"","format":"standard","meta":{"colormag_page_container_layout":"default_layout","colormag_page_sidebar_layout":"default_layout","om_disable_all_campaigns":false,"_monsterinsights_skip_tracking":false,"_monsterinsights_sitenote_active":false,"_monsterinsights_sitenote_note":"","_monsterinsights_sitenote_category":0,"footnotes":"","_wpscppro_dont_share_socialmedia":false,"_wpscppro_custom_social_share_image":0,"_facebook_share_type":"","_twitter_share_type":"","_linkedin_share_type":"","_pinterest_share_type":"","_linkedin_share_type_page":"","_instagram_share_type":"","_medium_share_type":"","_threads_share_type":"","_google_business_share_type":"","_selected_social_profile":[],"_wpsp_enable_custom_social_template":false,"_wpsp_social_scheduling":{"enabled":false,"datetime":null,"platforms":[],"status":"template_only","dateOption":"today","timeOption":"now","customDays":"","customHours":"","customDate":"","customTime":"","schedulingType":"absolute"},"_wpsp_active_default_template":true},"categories":[29],"tags":[],"class_list":["post-40717","post","type-post","status-publish","format-standard","has-post-thumbnail","hentry","category-economie"],"aioseo_notices":[],"yoast_head":"<!-- This site is optimized with the Yoast SEO plugin v27.5 - https:\/\/yoast.com\/product\/yoast-seo-wordpress\/ -->\n<title>49e conf\u00e9rence de l&rsquo;Organisation des assurances africaines \u00e0 Alger\u00a0: Les d\u00e9fis de la s\u00e9curit\u00e9 alimentaire en Afrique \u00e0 l\u2019ordre du jour - La Sentinelle<\/title>\n<meta name=\"robots\" content=\"index, follow, max-snippet:-1, max-image-preview:large, max-video-preview:-1\" \/>\n<link rel=\"canonical\" href=\"https:\/\/lasentinelle.dz\/index.php\/2023\/05\/08\/49e-conference-de-lorganisation-des-assurances-africaines-a-alger-les-defis-de-la-securite-alimentaire-en-afrique-a-lordre-du-jour\/\" \/>\n<meta property=\"og:locale\" content=\"fr_FR\" \/>\n<meta property=\"og:type\" content=\"article\" \/>\n<meta property=\"og:title\" content=\"49e conf\u00e9rence de l&rsquo;Organisation des assurances africaines \u00e0 Alger\u00a0: Les d\u00e9fis de la s\u00e9curit\u00e9 alimentaire en Afrique \u00e0 l\u2019ordre du jour - La Sentinelle\" \/>\n<meta property=\"og:description\" content=\"Les d\u00e9fis de la s\u00e9curit\u00e9 alimentaire sont au c\u0153ur des pr\u00e9occupation notamment en Afrique et dans le monde arabe. Les\" \/>\n<meta property=\"og:url\" content=\"https:\/\/lasentinelle.dz\/index.php\/2023\/05\/08\/49e-conference-de-lorganisation-des-assurances-africaines-a-alger-les-defis-de-la-securite-alimentaire-en-afrique-a-lordre-du-jour\/\" \/>\n<meta property=\"og:site_name\" content=\"La Sentinelle\" \/>\n<meta property=\"article:publisher\" content=\"https:\/\/www.facebook.com\/La-Sentinelle-104059864394773\" \/>\n<meta property=\"article:published_time\" content=\"2023-05-08T21:05:00+00:00\" \/>\n<meta property=\"og:image\" content=\"https:\/\/lasentinelle.dz\/wp-content\/uploads\/2023\/05\/Sans-titre655vvv-1.png\" \/>\n\t<meta property=\"og:image:width\" content=\"1200\" \/>\n\t<meta property=\"og:image:height\" content=\"900\" \/>\n\t<meta property=\"og:image:type\" content=\"image\/png\" \/>\n<meta name=\"author\" content=\"La Sentinelle\" \/>\n<meta name=\"twitter:card\" content=\"summary_large_image\" \/>\n<meta name=\"twitter:label1\" content=\"\u00c9crit par\" \/>\n\t<meta name=\"twitter:data1\" content=\"La Sentinelle\" \/>\n\t<meta name=\"twitter:label2\" content=\"Dur\u00e9e de lecture estim\u00e9e\" \/>\n\t<meta name=\"twitter:data2\" content=\"3 minutes\" \/>\n<script type=\"application\/ld+json\" class=\"yoast-schema-graph\">{\"@context\":\"https:\\\/\\\/schema.org\",\"@graph\":[{\"@type\":\"Article\",\"@id\":\"https:\\\/\\\/lasentinelle.dz\\\/index.php\\\/2023\\\/05\\\/08\\\/49e-conference-de-lorganisation-des-assurances-africaines-a-alger-les-defis-de-la-securite-alimentaire-en-afrique-a-lordre-du-jour\\\/#article\",\"isPartOf\":{\"@id\":\"https:\\\/\\\/lasentinelle.dz\\\/index.php\\\/2023\\\/05\\\/08\\\/49e-conference-de-lorganisation-des-assurances-africaines-a-alger-les-defis-de-la-securite-alimentaire-en-afrique-a-lordre-du-jour\\\/\"},\"author\":{\"name\":\"La Sentinelle\",\"@id\":\"https:\\\/\\\/lasentinelle.dz\\\/#\\\/schema\\\/person\\\/d865044e22e70a75174ce8bcad3acfb3\"},\"headline\":\"49e conf\u00e9rence de l&rsquo;Organisation des assurances africaines \u00e0 Alger\u00a0: Les d\u00e9fis de la s\u00e9curit\u00e9 alimentaire en Afrique \u00e0 l\u2019ordre du jour\",\"datePublished\":\"2023-05-08T21:05:00+00:00\",\"mainEntityOfPage\":{\"@id\":\"https:\\\/\\\/lasentinelle.dz\\\/index.php\\\/2023\\\/05\\\/08\\\/49e-conference-de-lorganisation-des-assurances-africaines-a-alger-les-defis-de-la-securite-alimentaire-en-afrique-a-lordre-du-jour\\\/\"},\"wordCount\":662,\"commentCount\":0,\"publisher\":{\"@id\":\"https:\\\/\\\/lasentinelle.dz\\\/#organization\"},\"image\":{\"@id\":\"https:\\\/\\\/lasentinelle.dz\\\/index.php\\\/2023\\\/05\\\/08\\\/49e-conference-de-lorganisation-des-assurances-africaines-a-alger-les-defis-de-la-securite-alimentaire-en-afrique-a-lordre-du-jour\\\/#primaryimage\"},\"thumbnailUrl\":\"https:\\\/\\\/lasentinelle.dz\\\/wp-content\\\/uploads\\\/2023\\\/05\\\/Sans-titre655vvv-1.png\",\"articleSection\":[\"\u00c9conomie\"],\"inLanguage\":\"fr-FR\",\"potentialAction\":[{\"@type\":\"CommentAction\",\"name\":\"Comment\",\"target\":[\"https:\\\/\\\/lasentinelle.dz\\\/index.php\\\/2023\\\/05\\\/08\\\/49e-conference-de-lorganisation-des-assurances-africaines-a-alger-les-defis-de-la-securite-alimentaire-en-afrique-a-lordre-du-jour\\\/#respond\"]}]},{\"@type\":\"WebPage\",\"@id\":\"https:\\\/\\\/lasentinelle.dz\\\/index.php\\\/2023\\\/05\\\/08\\\/49e-conference-de-lorganisation-des-assurances-africaines-a-alger-les-defis-de-la-securite-alimentaire-en-afrique-a-lordre-du-jour\\\/\",\"url\":\"https:\\\/\\\/lasentinelle.dz\\\/index.php\\\/2023\\\/05\\\/08\\\/49e-conference-de-lorganisation-des-assurances-africaines-a-alger-les-defis-de-la-securite-alimentaire-en-afrique-a-lordre-du-jour\\\/\",\"name\":\"49e conf\u00e9rence de l&rsquo;Organisation des assurances africaines \u00e0 Alger\u00a0: Les d\u00e9fis de la s\u00e9curit\u00e9 alimentaire en Afrique \u00e0 l\u2019ordre du jour - La Sentinelle\",\"isPartOf\":{\"@id\":\"https:\\\/\\\/lasentinelle.dz\\\/#website\"},\"primaryImageOfPage\":{\"@id\":\"https:\\\/\\\/lasentinelle.dz\\\/index.php\\\/2023\\\/05\\\/08\\\/49e-conference-de-lorganisation-des-assurances-africaines-a-alger-les-defis-de-la-securite-alimentaire-en-afrique-a-lordre-du-jour\\\/#primaryimage\"},\"image\":{\"@id\":\"https:\\\/\\\/lasentinelle.dz\\\/index.php\\\/2023\\\/05\\\/08\\\/49e-conference-de-lorganisation-des-assurances-africaines-a-alger-les-defis-de-la-securite-alimentaire-en-afrique-a-lordre-du-jour\\\/#primaryimage\"},\"thumbnailUrl\":\"https:\\\/\\\/lasentinelle.dz\\\/wp-content\\\/uploads\\\/2023\\\/05\\\/Sans-titre655vvv-1.png\",\"datePublished\":\"2023-05-08T21:05:00+00:00\",\"breadcrumb\":{\"@id\":\"https:\\\/\\\/lasentinelle.dz\\\/index.php\\\/2023\\\/05\\\/08\\\/49e-conference-de-lorganisation-des-assurances-africaines-a-alger-les-defis-de-la-securite-alimentaire-en-afrique-a-lordre-du-jour\\\/#breadcrumb\"},\"inLanguage\":\"fr-FR\",\"potentialAction\":[{\"@type\":\"ReadAction\",\"target\":[\"https:\\\/\\\/lasentinelle.dz\\\/index.php\\\/2023\\\/05\\\/08\\\/49e-conference-de-lorganisation-des-assurances-africaines-a-alger-les-defis-de-la-securite-alimentaire-en-afrique-a-lordre-du-jour\\\/\"]}]},{\"@type\":\"ImageObject\",\"inLanguage\":\"fr-FR\",\"@id\":\"https:\\\/\\\/lasentinelle.dz\\\/index.php\\\/2023\\\/05\\\/08\\\/49e-conference-de-lorganisation-des-assurances-africaines-a-alger-les-defis-de-la-securite-alimentaire-en-afrique-a-lordre-du-jour\\\/#primaryimage\",\"url\":\"https:\\\/\\\/lasentinelle.dz\\\/wp-content\\\/uploads\\\/2023\\\/05\\\/Sans-titre655vvv-1.png\",\"contentUrl\":\"https:\\\/\\\/lasentinelle.dz\\\/wp-content\\\/uploads\\\/2023\\\/05\\\/Sans-titre655vvv-1.png\",\"width\":1200,\"height\":900},{\"@type\":\"BreadcrumbList\",\"@id\":\"https:\\\/\\\/lasentinelle.dz\\\/index.php\\\/2023\\\/05\\\/08\\\/49e-conference-de-lorganisation-des-assurances-africaines-a-alger-les-defis-de-la-securite-alimentaire-en-afrique-a-lordre-du-jour\\\/#breadcrumb\",\"itemListElement\":[{\"@type\":\"ListItem\",\"position\":1,\"name\":\"Accueil\",\"item\":\"https:\\\/\\\/lasentinelle.dz\\\/\"},{\"@type\":\"ListItem\",\"position\":2,\"name\":\"49e conf\u00e9rence de l&rsquo;Organisation des assurances africaines \u00e0 Alger\u00a0: Les d\u00e9fis de la s\u00e9curit\u00e9 alimentaire en Afrique \u00e0 l\u2019ordre du jour\"}]},{\"@type\":\"WebSite\",\"@id\":\"https:\\\/\\\/lasentinelle.dz\\\/#website\",\"url\":\"https:\\\/\\\/lasentinelle.dz\\\/\",\"name\":\"La Sentinelle\",\"description\":\"Quotidien national d&#039;information\",\"publisher\":{\"@id\":\"https:\\\/\\\/lasentinelle.dz\\\/#organization\"},\"potentialAction\":[{\"@type\":\"SearchAction\",\"target\":{\"@type\":\"EntryPoint\",\"urlTemplate\":\"https:\\\/\\\/lasentinelle.dz\\\/?s={search_term_string}\"},\"query-input\":{\"@type\":\"PropertyValueSpecification\",\"valueRequired\":true,\"valueName\":\"search_term_string\"}}],\"inLanguage\":\"fr-FR\"},{\"@type\":\"Organization\",\"@id\":\"https:\\\/\\\/lasentinelle.dz\\\/#organization\",\"name\":\"Quotidien La Sentinelle\",\"url\":\"https:\\\/\\\/lasentinelle.dz\\\/\",\"logo\":{\"@type\":\"ImageObject\",\"inLanguage\":\"fr-FR\",\"@id\":\"https:\\\/\\\/lasentinelle.dz\\\/#\\\/schema\\\/logo\\\/image\\\/\",\"url\":\"https:\\\/\\\/lasentinelle.dz\\\/wp-content\\\/uploads\\\/2021\\\/09\\\/logo-sentinelleSLOGAN-1.png\",\"contentUrl\":\"https:\\\/\\\/lasentinelle.dz\\\/wp-content\\\/uploads\\\/2021\\\/09\\\/logo-sentinelleSLOGAN-1.png\",\"width\":615,\"height\":142,\"caption\":\"Quotidien La Sentinelle\"},\"image\":{\"@id\":\"https:\\\/\\\/lasentinelle.dz\\\/#\\\/schema\\\/logo\\\/image\\\/\"},\"sameAs\":[\"https:\\\/\\\/www.facebook.com\\\/La-Sentinelle-104059864394773\"]},{\"@type\":\"Person\",\"@id\":\"https:\\\/\\\/lasentinelle.dz\\\/#\\\/schema\\\/person\\\/d865044e22e70a75174ce8bcad3acfb3\",\"name\":\"La Sentinelle\",\"image\":{\"@type\":\"ImageObject\",\"inLanguage\":\"fr-FR\",\"@id\":\"https:\\\/\\\/secure.gravatar.com\\\/avatar\\\/57de8e5d4b15d43fb361a71fbb36338450fe67865b528a43dd10ef7c51a20392?s=96&d=mm&r=g\",\"url\":\"https:\\\/\\\/secure.gravatar.com\\\/avatar\\\/57de8e5d4b15d43fb361a71fbb36338450fe67865b528a43dd10ef7c51a20392?s=96&d=mm&r=g\",\"contentUrl\":\"https:\\\/\\\/secure.gravatar.com\\\/avatar\\\/57de8e5d4b15d43fb361a71fbb36338450fe67865b528a43dd10ef7c51a20392?s=96&d=mm&r=g\",\"caption\":\"La Sentinelle\"},\"sameAs\":[\"http:\\\/\\\/www.lasentinelle.dz\"],\"url\":\"https:\\\/\\\/lasentinelle.dz\\\/author\\\/redaction\\\/\"}]}<\/script>\n<!-- \/ Yoast SEO plugin. -->","yoast_head_json":{"title":"49e conf\u00e9rence de l&rsquo;Organisation des assurances africaines \u00e0 Alger\u00a0: Les d\u00e9fis de la s\u00e9curit\u00e9 alimentaire en Afrique \u00e0 l\u2019ordre du jour - La Sentinelle","robots":{"index":"index","follow":"follow","max-snippet":"max-snippet:-1","max-image-preview":"max-image-preview:large","max-video-preview":"max-video-preview:-1"},"canonical":"https:\/\/lasentinelle.dz\/index.php\/2023\/05\/08\/49e-conference-de-lorganisation-des-assurances-africaines-a-alger-les-defis-de-la-securite-alimentaire-en-afrique-a-lordre-du-jour\/","og_locale":"fr_FR","og_type":"article","og_title":"49e conf\u00e9rence de l&rsquo;Organisation des assurances africaines \u00e0 Alger\u00a0: Les d\u00e9fis de la s\u00e9curit\u00e9 alimentaire en Afrique \u00e0 l\u2019ordre du jour - La Sentinelle","og_description":"Les d\u00e9fis de la s\u00e9curit\u00e9 alimentaire sont au c\u0153ur des pr\u00e9occupation notamment en Afrique et dans le monde arabe. Les","og_url":"https:\/\/lasentinelle.dz\/index.php\/2023\/05\/08\/49e-conference-de-lorganisation-des-assurances-africaines-a-alger-les-defis-de-la-securite-alimentaire-en-afrique-a-lordre-du-jour\/","og_site_name":"La Sentinelle","article_publisher":"https:\/\/www.facebook.com\/La-Sentinelle-104059864394773","article_published_time":"2023-05-08T21:05:00+00:00","og_image":[{"width":1200,"height":900,"url":"https:\/\/lasentinelle.dz\/wp-content\/uploads\/2023\/05\/Sans-titre655vvv-1.png","type":"image\/png"}],"author":"La Sentinelle","twitter_card":"summary_large_image","twitter_misc":{"\u00c9crit par":"La Sentinelle","Dur\u00e9e de lecture estim\u00e9e":"3 minutes"},"schema":{"@context":"https:\/\/schema.org","@graph":[{"@type":"Article","@id":"https:\/\/lasentinelle.dz\/index.php\/2023\/05\/08\/49e-conference-de-lorganisation-des-assurances-africaines-a-alger-les-defis-de-la-securite-alimentaire-en-afrique-a-lordre-du-jour\/#article","isPartOf":{"@id":"https:\/\/lasentinelle.dz\/index.php\/2023\/05\/08\/49e-conference-de-lorganisation-des-assurances-africaines-a-alger-les-defis-de-la-securite-alimentaire-en-afrique-a-lordre-du-jour\/"},"author":{"name":"La Sentinelle","@id":"https:\/\/lasentinelle.dz\/#\/schema\/person\/d865044e22e70a75174ce8bcad3acfb3"},"headline":"49e conf\u00e9rence de l&rsquo;Organisation des assurances africaines \u00e0 Alger\u00a0: Les d\u00e9fis de la s\u00e9curit\u00e9 alimentaire en Afrique \u00e0 l\u2019ordre du jour","datePublished":"2023-05-08T21:05:00+00:00","mainEntityOfPage":{"@id":"https:\/\/lasentinelle.dz\/index.php\/2023\/05\/08\/49e-conference-de-lorganisation-des-assurances-africaines-a-alger-les-defis-de-la-securite-alimentaire-en-afrique-a-lordre-du-jour\/"},"wordCount":662,"commentCount":0,"publisher":{"@id":"https:\/\/lasentinelle.dz\/#organization"},"image":{"@id":"https:\/\/lasentinelle.dz\/index.php\/2023\/05\/08\/49e-conference-de-lorganisation-des-assurances-africaines-a-alger-les-defis-de-la-securite-alimentaire-en-afrique-a-lordre-du-jour\/#primaryimage"},"thumbnailUrl":"https:\/\/lasentinelle.dz\/wp-content\/uploads\/2023\/05\/Sans-titre655vvv-1.png","articleSection":["\u00c9conomie"],"inLanguage":"fr-FR","potentialAction":[{"@type":"CommentAction","name":"Comment","target":["https:\/\/lasentinelle.dz\/index.php\/2023\/05\/08\/49e-conference-de-lorganisation-des-assurances-africaines-a-alger-les-defis-de-la-securite-alimentaire-en-afrique-a-lordre-du-jour\/#respond"]}]},{"@type":"WebPage","@id":"https:\/\/lasentinelle.dz\/index.php\/2023\/05\/08\/49e-conference-de-lorganisation-des-assurances-africaines-a-alger-les-defis-de-la-securite-alimentaire-en-afrique-a-lordre-du-jour\/","url":"https:\/\/lasentinelle.dz\/index.php\/2023\/05\/08\/49e-conference-de-lorganisation-des-assurances-africaines-a-alger-les-defis-de-la-securite-alimentaire-en-afrique-a-lordre-du-jour\/","name":"49e conf\u00e9rence de l&rsquo;Organisation des assurances africaines \u00e0 Alger\u00a0: Les d\u00e9fis de la s\u00e9curit\u00e9 alimentaire en Afrique \u00e0 l\u2019ordre du jour - La Sentinelle","isPartOf":{"@id":"https:\/\/lasentinelle.dz\/#website"},"primaryImageOfPage":{"@id":"https:\/\/lasentinelle.dz\/index.php\/2023\/05\/08\/49e-conference-de-lorganisation-des-assurances-africaines-a-alger-les-defis-de-la-securite-alimentaire-en-afrique-a-lordre-du-jour\/#primaryimage"},"image":{"@id":"https:\/\/lasentinelle.dz\/index.php\/2023\/05\/08\/49e-conference-de-lorganisation-des-assurances-africaines-a-alger-les-defis-de-la-securite-alimentaire-en-afrique-a-lordre-du-jour\/#primaryimage"},"thumbnailUrl":"https:\/\/lasentinelle.dz\/wp-content\/uploads\/2023\/05\/Sans-titre655vvv-1.png","datePublished":"2023-05-08T21:05:00+00:00","breadcrumb":{"@id":"https:\/\/lasentinelle.dz\/index.php\/2023\/05\/08\/49e-conference-de-lorganisation-des-assurances-africaines-a-alger-les-defis-de-la-securite-alimentaire-en-afrique-a-lordre-du-jour\/#breadcrumb"},"inLanguage":"fr-FR","potentialAction":[{"@type":"ReadAction","target":["https:\/\/lasentinelle.dz\/index.php\/2023\/05\/08\/49e-conference-de-lorganisation-des-assurances-africaines-a-alger-les-defis-de-la-securite-alimentaire-en-afrique-a-lordre-du-jour\/"]}]},{"@type":"ImageObject","inLanguage":"fr-FR","@id":"https:\/\/lasentinelle.dz\/index.php\/2023\/05\/08\/49e-conference-de-lorganisation-des-assurances-africaines-a-alger-les-defis-de-la-securite-alimentaire-en-afrique-a-lordre-du-jour\/#primaryimage","url":"https:\/\/lasentinelle.dz\/wp-content\/uploads\/2023\/05\/Sans-titre655vvv-1.png","contentUrl":"https:\/\/lasentinelle.dz\/wp-content\/uploads\/2023\/05\/Sans-titre655vvv-1.png","width":1200,"height":900},{"@type":"BreadcrumbList","@id":"https:\/\/lasentinelle.dz\/index.php\/2023\/05\/08\/49e-conference-de-lorganisation-des-assurances-africaines-a-alger-les-defis-de-la-securite-alimentaire-en-afrique-a-lordre-du-jour\/#breadcrumb","itemListElement":[{"@type":"ListItem","position":1,"name":"Accueil","item":"https:\/\/lasentinelle.dz\/"},{"@type":"ListItem","position":2,"name":"49e conf\u00e9rence de l&rsquo;Organisation des assurances africaines \u00e0 Alger\u00a0: Les d\u00e9fis de la s\u00e9curit\u00e9 alimentaire en Afrique \u00e0 l\u2019ordre du jour"}]},{"@type":"WebSite","@id":"https:\/\/lasentinelle.dz\/#website","url":"https:\/\/lasentinelle.dz\/","name":"La Sentinelle","description":"Quotidien national d&#039;information","publisher":{"@id":"https:\/\/lasentinelle.dz\/#organization"},"potentialAction":[{"@type":"SearchAction","target":{"@type":"EntryPoint","urlTemplate":"https:\/\/lasentinelle.dz\/?s={search_term_string}"},"query-input":{"@type":"PropertyValueSpecification","valueRequired":true,"valueName":"search_term_string"}}],"inLanguage":"fr-FR"},{"@type":"Organization","@id":"https:\/\/lasentinelle.dz\/#organization","name":"Quotidien La Sentinelle","url":"https:\/\/lasentinelle.dz\/","logo":{"@type":"ImageObject","inLanguage":"fr-FR","@id":"https:\/\/lasentinelle.dz\/#\/schema\/logo\/image\/","url":"https:\/\/lasentinelle.dz\/wp-content\/uploads\/2021\/09\/logo-sentinelleSLOGAN-1.png","contentUrl":"https:\/\/lasentinelle.dz\/wp-content\/uploads\/2021\/09\/logo-sentinelleSLOGAN-1.png","width":615,"height":142,"caption":"Quotidien La Sentinelle"},"image":{"@id":"https:\/\/lasentinelle.dz\/#\/schema\/logo\/image\/"},"sameAs":["https:\/\/www.facebook.com\/La-Sentinelle-104059864394773"]},{"@type":"Person","@id":"https:\/\/lasentinelle.dz\/#\/schema\/person\/d865044e22e70a75174ce8bcad3acfb3","name":"La Sentinelle","image":{"@type":"ImageObject","inLanguage":"fr-FR","@id":"https:\/\/secure.gravatar.com\/avatar\/57de8e5d4b15d43fb361a71fbb36338450fe67865b528a43dd10ef7c51a20392?s=96&d=mm&r=g","url":"https:\/\/secure.gravatar.com\/avatar\/57de8e5d4b15d43fb361a71fbb36338450fe67865b528a43dd10ef7c51a20392?s=96&d=mm&r=g","contentUrl":"https:\/\/secure.gravatar.com\/avatar\/57de8e5d4b15d43fb361a71fbb36338450fe67865b528a43dd10ef7c51a20392?s=96&d=mm&r=g","caption":"La Sentinelle"},"sameAs":["http:\/\/www.lasentinelle.dz"],"url":"https:\/\/lasentinelle.dz\/author\/redaction\/"}]}},"_links":{"self":[{"href":"https:\/\/lasentinelle.dz\/index.php\/wp-json\/wp\/v2\/posts\/40717","targetHints":{"allow":["GET"]}}],"collection":[{"href":"https:\/\/lasentinelle.dz\/index.php\/wp-json\/wp\/v2\/posts"}],"about":[{"href":"https:\/\/lasentinelle.dz\/index.php\/wp-json\/wp\/v2\/types\/post"}],"author":[{"embeddable":true,"href":"https:\/\/lasentinelle.dz\/index.php\/wp-json\/wp\/v2\/users\/3"}],"replies":[{"embeddable":true,"href":"https:\/\/lasentinelle.dz\/index.php\/wp-json\/wp\/v2\/comments?post=40717"}],"version-history":[{"count":1,"href":"https:\/\/lasentinelle.dz\/index.php\/wp-json\/wp\/v2\/posts\/40717\/revisions"}],"predecessor-version":[{"id":40721,"href":"https:\/\/lasentinelle.dz\/index.php\/wp-json\/wp\/v2\/posts\/40717\/revisions\/40721"}],"wp:featuredmedia":[{"embeddable":true,"href":"https:\/\/lasentinelle.dz\/index.php\/wp-json\/wp\/v2\/media\/40720"}],"wp:attachment":[{"href":"https:\/\/lasentinelle.dz\/index.php\/wp-json\/wp\/v2\/media?parent=40717"}],"wp:term":[{"taxonomy":"category","embeddable":true,"href":"https:\/\/lasentinelle.dz\/index.php\/wp-json\/wp\/v2\/categories?post=40717"},{"taxonomy":"post_tag","embeddable":true,"href":"https:\/\/lasentinelle.dz\/index.php\/wp-json\/wp\/v2\/tags?post=40717"}],"curies":[{"name":"wp","href":"https:\/\/api.w.org\/{rel}","templated":true}]}}