{"id":40731,"date":"2023-05-08T22:05:00","date_gmt":"2023-05-08T21:05:00","guid":{"rendered":"https:\/\/lasentinelle.dz\/?p=40731"},"modified":"2023-05-08T20:47:38","modified_gmt":"2023-05-08T19:47:38","slug":"retour-de-la-syrie-a-la-ligue-arabe-damas-salue-le-role-de-lalgerie","status":"publish","type":"post","link":"https:\/\/lasentinelle.dz\/index.php\/2023\/05\/08\/retour-de-la-syrie-a-la-ligue-arabe-damas-salue-le-role-de-lalgerie\/","title":{"rendered":"Retour de la Syrie \u00e0 la Ligue arabe\u00a0: Damas salue le r\u00f4le de l\u2019Alg\u00e9rie"},"content":{"rendered":"\n<p>La Syrie a r\u00e9int\u00e9gr\u00e9 dimanche officiellement la Ligue arabe. Une r\u00e9int\u00e9gration qui doit beaucoup aux efforts constants et au soutien de l\u2019Alg\u00e9rie qui a d\u00e9ploy\u00e9 sa diplomatie dans cet objectif. Un r\u00f4le d\u00e9terminant que Damas a tenu \u00e0 saluer. C\u2019est dans ce sens que le pr\u00e9sident de la R\u00e9publique, Abdelmadjid Tebboune, a re\u00e7u hier un appel t\u00e9l\u00e9phonique de son homologue syrien Bachar al-Assad, lors duquel il lui a fait part de ses vifs remerciements et de son estime pour les efforts incessants consentis pour permettre \u00e0 la Syrie de retrouver, dans le cadre de la pr\u00e9sidence alg\u00e9rienne du Sommet arabe, son si\u00e8ge \u00e0 Ligue arabe.<\/p>\n\n\n\n<p>\u00abLe pr\u00e9sident de la R\u00e9publique a re\u00e7u lundi un appel t\u00e9l\u00e9phonique de son fr\u00e8re, le pr\u00e9sident de la R\u00e9publique arabe syrienne, pays fr\u00e8re, M. Bachar al-Assad lors duquel il lui a fait part de ses vifs remerciements et de son estime pour les efforts incessants consentis par Monsieur le Pr\u00e9sident pour permettre \u00e0 la Syrie de retrouver, dans le cadre de la pr\u00e9sidence alg\u00e9rienne du Sommet arabe, son si\u00e8ge \u00e0 Ligue arabe, et souhait\u00e9 au peuple alg\u00e9rien davantage de progr\u00e8s et de prosp\u00e9rit\u00e9\u00bb, indique un communiqu\u00e9 de la Pr\u00e9sidence de la R\u00e9publique. &nbsp;A son tour, \u00able pr\u00e9sident de la R\u00e9publique a exprim\u00e9 \u00e0 son homologue syrien son estime et ses f\u00e9licitations pour le retour de la Syrie, pays fr\u00e8re, \u00e0 la Ligue arabe, souhaitant au peuple syrien fr\u00e8re davantage de progr\u00e8s et de force, et \u00e0 l&rsquo;action arabe commune de parvenir \u00e0 la r\u00e9alisation des aspirations des peuples arabes \u00e0 la force, \u00e0 la stabilit\u00e9 et au d\u00e9veloppement\u00bb, a ajout\u00e9 la m\u00eame source. &nbsp;\u00abLes deux pr\u00e9sidents ont convenu \u00e9galement d&rsquo;\u00e9changer les visites et de d\u00e9finir un programme d&rsquo;action intensif couvrant l&rsquo;ensemble des secteurs pour une consolidation continue des relations historiques privil\u00e9gi\u00e9es unissant les deux pays\u00bb, conclut le communiqu\u00e9.<\/p>\n\n\n\n<p>Pour rappel, les ministres arabes des Affaires \u00e9trang\u00e8res ont d\u00e9cid\u00e9, dimanche, au Caire, de r\u00e9int\u00e9grer la Syrie \u00e0 la Ligue arabe apr\u00e8s 11 ans d\u2019absence. \u00ab Les d\u00e9l\u00e9gations du gouvernement de la R\u00e9publique arabe de Syrie si\u00e9geront de nouveau \u00e0 la Ligue arabe \u00bb, indique le texte vot\u00e9 par l\u2019ensemble des ministres dans une r\u00e9union \u00e0 huis clos au si\u00e8ge de la Ligue arabe au Caire. Le pr\u00e9sident Al Assad est ainsi \u00ab le bienvenu s\u2019il le veut \u00bb au sommet annuel des chefs d\u2019Etat de de la Ligue arabe, en Arabie Saoudite, a pr\u00e9cis\u00e9 le secr\u00e9taire g\u00e9n\u00e9ral de la Ligue arabe, Ahmed Abou Al Gheit.<\/p>\n\n\n\n<p>R.N.<\/p>\n","protected":false},"excerpt":{"rendered":"<p>La Syrie a r\u00e9int\u00e9gr\u00e9 dimanche officiellement la Ligue arabe. Une r\u00e9int\u00e9gration qui doit beaucoup aux efforts constants et au soutien<\/p>\n","protected":false},"author":3,"featured_media":40734,"comment_status":"open","ping_status":"closed","sticky":false,"template":"","format":"standard","meta":{"colormag_page_container_layout":"default_layout","colormag_page_sidebar_layout":"default_layout","om_disable_all_campaigns":false,"_monsterinsights_skip_tracking":false,"_monsterinsights_sitenote_active":false,"_monsterinsights_sitenote_note":"","_monsterinsights_sitenote_category":0,"footnotes":"","_wpscppro_dont_share_socialmedia":false,"_wpscppro_custom_social_share_image":0,"_facebook_share_type":"","_twitter_share_type":"","_linkedin_share_type":"","_pinterest_share_type":"","_linkedin_share_type_page":"","_instagram_share_type":"","_medium_share_type":"","_threads_share_type":"","_google_business_share_type":"","_selected_social_profile":[],"_wpsp_enable_custom_social_template":false,"_wpsp_social_scheduling":{"enabled":false,"datetime":null,"platforms":[],"status":"template_only","dateOption":"today","timeOption":"now","customDays":"","customHours":"","customDate":"","customTime":"","schedulingType":"absolute"},"_wpsp_active_default_template":true},"categories":[27],"tags":[],"class_list":["post-40731","post","type-post","status-publish","format-standard","has-post-thumbnail","hentry","category-actualite"],"aioseo_notices":[],"yoast_head":"<!-- This site is optimized with the Yoast SEO plugin v27.5 - https:\/\/yoast.com\/product\/yoast-seo-wordpress\/ -->\n<title>Retour de la Syrie \u00e0 la Ligue arabe\u00a0: Damas salue le r\u00f4le de l\u2019Alg\u00e9rie - La Sentinelle<\/title>\n<meta name=\"robots\" content=\"index, follow, max-snippet:-1, max-image-preview:large, max-video-preview:-1\" \/>\n<link rel=\"canonical\" href=\"https:\/\/lasentinelle.dz\/index.php\/2023\/05\/08\/retour-de-la-syrie-a-la-ligue-arabe-damas-salue-le-role-de-lalgerie\/\" \/>\n<meta property=\"og:locale\" content=\"fr_FR\" \/>\n<meta property=\"og:type\" content=\"article\" \/>\n<meta property=\"og:title\" content=\"Retour de la Syrie \u00e0 la Ligue arabe\u00a0: Damas salue le r\u00f4le de l\u2019Alg\u00e9rie - La Sentinelle\" \/>\n<meta property=\"og:description\" content=\"La Syrie a r\u00e9int\u00e9gr\u00e9 dimanche officiellement la Ligue arabe. Une r\u00e9int\u00e9gration qui doit beaucoup aux efforts constants et au soutien\" \/>\n<meta property=\"og:url\" content=\"https:\/\/lasentinelle.dz\/index.php\/2023\/05\/08\/retour-de-la-syrie-a-la-ligue-arabe-damas-salue-le-role-de-lalgerie\/\" \/>\n<meta property=\"og:site_name\" content=\"La Sentinelle\" \/>\n<meta property=\"article:publisher\" content=\"https:\/\/www.facebook.com\/La-Sentinelle-104059864394773\" \/>\n<meta property=\"article:published_time\" content=\"2023-05-08T21:05:00+00:00\" \/>\n<meta property=\"og:image\" content=\"https:\/\/lasentinelle.dz\/wp-content\/uploads\/2023\/05\/image_2023-05-08_204714955.png\" \/>\n\t<meta property=\"og:image:width\" content=\"1296\" \/>\n\t<meta property=\"og:image:height\" content=\"900\" \/>\n\t<meta property=\"og:image:type\" content=\"image\/png\" \/>\n<meta name=\"author\" content=\"La Sentinelle\" \/>\n<meta name=\"twitter:card\" content=\"summary_large_image\" \/>\n<meta name=\"twitter:label1\" content=\"\u00c9crit par\" \/>\n\t<meta name=\"twitter:data1\" content=\"La Sentinelle\" \/>\n\t<meta name=\"twitter:label2\" content=\"Dur\u00e9e de lecture estim\u00e9e\" \/>\n\t<meta name=\"twitter:data2\" content=\"3 minutes\" \/>\n<script type=\"application\/ld+json\" class=\"yoast-schema-graph\">{\"@context\":\"https:\\\/\\\/schema.org\",\"@graph\":[{\"@type\":\"Article\",\"@id\":\"https:\\\/\\\/lasentinelle.dz\\\/index.php\\\/2023\\\/05\\\/08\\\/retour-de-la-syrie-a-la-ligue-arabe-damas-salue-le-role-de-lalgerie\\\/#article\",\"isPartOf\":{\"@id\":\"https:\\\/\\\/lasentinelle.dz\\\/index.php\\\/2023\\\/05\\\/08\\\/retour-de-la-syrie-a-la-ligue-arabe-damas-salue-le-role-de-lalgerie\\\/\"},\"author\":{\"name\":\"La Sentinelle\",\"@id\":\"https:\\\/\\\/lasentinelle.dz\\\/#\\\/schema\\\/person\\\/d865044e22e70a75174ce8bcad3acfb3\"},\"headline\":\"Retour de la Syrie \u00e0 la Ligue arabe\u00a0: Damas salue le r\u00f4le de l\u2019Alg\u00e9rie\",\"datePublished\":\"2023-05-08T21:05:00+00:00\",\"mainEntityOfPage\":{\"@id\":\"https:\\\/\\\/lasentinelle.dz\\\/index.php\\\/2023\\\/05\\\/08\\\/retour-de-la-syrie-a-la-ligue-arabe-damas-salue-le-role-de-lalgerie\\\/\"},\"wordCount\":483,\"commentCount\":0,\"publisher\":{\"@id\":\"https:\\\/\\\/lasentinelle.dz\\\/#organization\"},\"image\":{\"@id\":\"https:\\\/\\\/lasentinelle.dz\\\/index.php\\\/2023\\\/05\\\/08\\\/retour-de-la-syrie-a-la-ligue-arabe-damas-salue-le-role-de-lalgerie\\\/#primaryimage\"},\"thumbnailUrl\":\"https:\\\/\\\/lasentinelle.dz\\\/wp-content\\\/uploads\\\/2023\\\/05\\\/image_2023-05-08_204714955.png\",\"articleSection\":[\"Actualit\u00e9\"],\"inLanguage\":\"fr-FR\",\"potentialAction\":[{\"@type\":\"CommentAction\",\"name\":\"Comment\",\"target\":[\"https:\\\/\\\/lasentinelle.dz\\\/index.php\\\/2023\\\/05\\\/08\\\/retour-de-la-syrie-a-la-ligue-arabe-damas-salue-le-role-de-lalgerie\\\/#respond\"]}]},{\"@type\":\"WebPage\",\"@id\":\"https:\\\/\\\/lasentinelle.dz\\\/index.php\\\/2023\\\/05\\\/08\\\/retour-de-la-syrie-a-la-ligue-arabe-damas-salue-le-role-de-lalgerie\\\/\",\"url\":\"https:\\\/\\\/lasentinelle.dz\\\/index.php\\\/2023\\\/05\\\/08\\\/retour-de-la-syrie-a-la-ligue-arabe-damas-salue-le-role-de-lalgerie\\\/\",\"name\":\"Retour de la Syrie \u00e0 la Ligue arabe\u00a0: Damas salue le r\u00f4le de l\u2019Alg\u00e9rie - La Sentinelle\",\"isPartOf\":{\"@id\":\"https:\\\/\\\/lasentinelle.dz\\\/#website\"},\"primaryImageOfPage\":{\"@id\":\"https:\\\/\\\/lasentinelle.dz\\\/index.php\\\/2023\\\/05\\\/08\\\/retour-de-la-syrie-a-la-ligue-arabe-damas-salue-le-role-de-lalgerie\\\/#primaryimage\"},\"image\":{\"@id\":\"https:\\\/\\\/lasentinelle.dz\\\/index.php\\\/2023\\\/05\\\/08\\\/retour-de-la-syrie-a-la-ligue-arabe-damas-salue-le-role-de-lalgerie\\\/#primaryimage\"},\"thumbnailUrl\":\"https:\\\/\\\/lasentinelle.dz\\\/wp-content\\\/uploads\\\/2023\\\/05\\\/image_2023-05-08_204714955.png\",\"datePublished\":\"2023-05-08T21:05:00+00:00\",\"breadcrumb\":{\"@id\":\"https:\\\/\\\/lasentinelle.dz\\\/index.php\\\/2023\\\/05\\\/08\\\/retour-de-la-syrie-a-la-ligue-arabe-damas-salue-le-role-de-lalgerie\\\/#breadcrumb\"},\"inLanguage\":\"fr-FR\",\"potentialAction\":[{\"@type\":\"ReadAction\",\"target\":[\"https:\\\/\\\/lasentinelle.dz\\\/index.php\\\/2023\\\/05\\\/08\\\/retour-de-la-syrie-a-la-ligue-arabe-damas-salue-le-role-de-lalgerie\\\/\"]}]},{\"@type\":\"ImageObject\",\"inLanguage\":\"fr-FR\",\"@id\":\"https:\\\/\\\/lasentinelle.dz\\\/index.php\\\/2023\\\/05\\\/08\\\/retour-de-la-syrie-a-la-ligue-arabe-damas-salue-le-role-de-lalgerie\\\/#primaryimage\",\"url\":\"https:\\\/\\\/lasentinelle.dz\\\/wp-content\\\/uploads\\\/2023\\\/05\\\/image_2023-05-08_204714955.png\",\"contentUrl\":\"https:\\\/\\\/lasentinelle.dz\\\/wp-content\\\/uploads\\\/2023\\\/05\\\/image_2023-05-08_204714955.png\",\"width\":1296,\"height\":900},{\"@type\":\"BreadcrumbList\",\"@id\":\"https:\\\/\\\/lasentinelle.dz\\\/index.php\\\/2023\\\/05\\\/08\\\/retour-de-la-syrie-a-la-ligue-arabe-damas-salue-le-role-de-lalgerie\\\/#breadcrumb\",\"itemListElement\":[{\"@type\":\"ListItem\",\"position\":1,\"name\":\"Accueil\",\"item\":\"https:\\\/\\\/lasentinelle.dz\\\/\"},{\"@type\":\"ListItem\",\"position\":2,\"name\":\"Retour de la Syrie \u00e0 la Ligue arabe\u00a0: Damas salue le r\u00f4le de l\u2019Alg\u00e9rie\"}]},{\"@type\":\"WebSite\",\"@id\":\"https:\\\/\\\/lasentinelle.dz\\\/#website\",\"url\":\"https:\\\/\\\/lasentinelle.dz\\\/\",\"name\":\"La Sentinelle\",\"description\":\"Quotidien national d&#039;information\",\"publisher\":{\"@id\":\"https:\\\/\\\/lasentinelle.dz\\\/#organization\"},\"potentialAction\":[{\"@type\":\"SearchAction\",\"target\":{\"@type\":\"EntryPoint\",\"urlTemplate\":\"https:\\\/\\\/lasentinelle.dz\\\/?s={search_term_string}\"},\"query-input\":{\"@type\":\"PropertyValueSpecification\",\"valueRequired\":true,\"valueName\":\"search_term_string\"}}],\"inLanguage\":\"fr-FR\"},{\"@type\":\"Organization\",\"@id\":\"https:\\\/\\\/lasentinelle.dz\\\/#organization\",\"name\":\"Quotidien La Sentinelle\",\"url\":\"https:\\\/\\\/lasentinelle.dz\\\/\",\"logo\":{\"@type\":\"ImageObject\",\"inLanguage\":\"fr-FR\",\"@id\":\"https:\\\/\\\/lasentinelle.dz\\\/#\\\/schema\\\/logo\\\/image\\\/\",\"url\":\"https:\\\/\\\/lasentinelle.dz\\\/wp-content\\\/uploads\\\/2021\\\/09\\\/logo-sentinelleSLOGAN-1.png\",\"contentUrl\":\"https:\\\/\\\/lasentinelle.dz\\\/wp-content\\\/uploads\\\/2021\\\/09\\\/logo-sentinelleSLOGAN-1.png\",\"width\":615,\"height\":142,\"caption\":\"Quotidien La Sentinelle\"},\"image\":{\"@id\":\"https:\\\/\\\/lasentinelle.dz\\\/#\\\/schema\\\/logo\\\/image\\\/\"},\"sameAs\":[\"https:\\\/\\\/www.facebook.com\\\/La-Sentinelle-104059864394773\"]},{\"@type\":\"Person\",\"@id\":\"https:\\\/\\\/lasentinelle.dz\\\/#\\\/schema\\\/person\\\/d865044e22e70a75174ce8bcad3acfb3\",\"name\":\"La Sentinelle\",\"image\":{\"@type\":\"ImageObject\",\"inLanguage\":\"fr-FR\",\"@id\":\"https:\\\/\\\/secure.gravatar.com\\\/avatar\\\/57de8e5d4b15d43fb361a71fbb36338450fe67865b528a43dd10ef7c51a20392?s=96&d=mm&r=g\",\"url\":\"https:\\\/\\\/secure.gravatar.com\\\/avatar\\\/57de8e5d4b15d43fb361a71fbb36338450fe67865b528a43dd10ef7c51a20392?s=96&d=mm&r=g\",\"contentUrl\":\"https:\\\/\\\/secure.gravatar.com\\\/avatar\\\/57de8e5d4b15d43fb361a71fbb36338450fe67865b528a43dd10ef7c51a20392?s=96&d=mm&r=g\",\"caption\":\"La Sentinelle\"},\"sameAs\":[\"http:\\\/\\\/www.lasentinelle.dz\"],\"url\":\"https:\\\/\\\/lasentinelle.dz\\\/author\\\/redaction\\\/\"}]}<\/script>\n<!-- \/ Yoast SEO plugin. -->","yoast_head_json":{"title":"Retour de la Syrie \u00e0 la Ligue arabe\u00a0: Damas salue le r\u00f4le de l\u2019Alg\u00e9rie - La Sentinelle","robots":{"index":"index","follow":"follow","max-snippet":"max-snippet:-1","max-image-preview":"max-image-preview:large","max-video-preview":"max-video-preview:-1"},"canonical":"https:\/\/lasentinelle.dz\/index.php\/2023\/05\/08\/retour-de-la-syrie-a-la-ligue-arabe-damas-salue-le-role-de-lalgerie\/","og_locale":"fr_FR","og_type":"article","og_title":"Retour de la Syrie \u00e0 la Ligue arabe\u00a0: Damas salue le r\u00f4le de l\u2019Alg\u00e9rie - La Sentinelle","og_description":"La Syrie a r\u00e9int\u00e9gr\u00e9 dimanche officiellement la Ligue arabe. Une r\u00e9int\u00e9gration qui doit beaucoup aux efforts constants et au soutien","og_url":"https:\/\/lasentinelle.dz\/index.php\/2023\/05\/08\/retour-de-la-syrie-a-la-ligue-arabe-damas-salue-le-role-de-lalgerie\/","og_site_name":"La Sentinelle","article_publisher":"https:\/\/www.facebook.com\/La-Sentinelle-104059864394773","article_published_time":"2023-05-08T21:05:00+00:00","og_image":[{"width":1296,"height":900,"url":"https:\/\/lasentinelle.dz\/wp-content\/uploads\/2023\/05\/image_2023-05-08_204714955.png","type":"image\/png"}],"author":"La Sentinelle","twitter_card":"summary_large_image","twitter_misc":{"\u00c9crit par":"La Sentinelle","Dur\u00e9e de lecture estim\u00e9e":"3 minutes"},"schema":{"@context":"https:\/\/schema.org","@graph":[{"@type":"Article","@id":"https:\/\/lasentinelle.dz\/index.php\/2023\/05\/08\/retour-de-la-syrie-a-la-ligue-arabe-damas-salue-le-role-de-lalgerie\/#article","isPartOf":{"@id":"https:\/\/lasentinelle.dz\/index.php\/2023\/05\/08\/retour-de-la-syrie-a-la-ligue-arabe-damas-salue-le-role-de-lalgerie\/"},"author":{"name":"La Sentinelle","@id":"https:\/\/lasentinelle.dz\/#\/schema\/person\/d865044e22e70a75174ce8bcad3acfb3"},"headline":"Retour de la Syrie \u00e0 la Ligue arabe\u00a0: Damas salue le r\u00f4le de l\u2019Alg\u00e9rie","datePublished":"2023-05-08T21:05:00+00:00","mainEntityOfPage":{"@id":"https:\/\/lasentinelle.dz\/index.php\/2023\/05\/08\/retour-de-la-syrie-a-la-ligue-arabe-damas-salue-le-role-de-lalgerie\/"},"wordCount":483,"commentCount":0,"publisher":{"@id":"https:\/\/lasentinelle.dz\/#organization"},"image":{"@id":"https:\/\/lasentinelle.dz\/index.php\/2023\/05\/08\/retour-de-la-syrie-a-la-ligue-arabe-damas-salue-le-role-de-lalgerie\/#primaryimage"},"thumbnailUrl":"https:\/\/lasentinelle.dz\/wp-content\/uploads\/2023\/05\/image_2023-05-08_204714955.png","articleSection":["Actualit\u00e9"],"inLanguage":"fr-FR","potentialAction":[{"@type":"CommentAction","name":"Comment","target":["https:\/\/lasentinelle.dz\/index.php\/2023\/05\/08\/retour-de-la-syrie-a-la-ligue-arabe-damas-salue-le-role-de-lalgerie\/#respond"]}]},{"@type":"WebPage","@id":"https:\/\/lasentinelle.dz\/index.php\/2023\/05\/08\/retour-de-la-syrie-a-la-ligue-arabe-damas-salue-le-role-de-lalgerie\/","url":"https:\/\/lasentinelle.dz\/index.php\/2023\/05\/08\/retour-de-la-syrie-a-la-ligue-arabe-damas-salue-le-role-de-lalgerie\/","name":"Retour de la Syrie \u00e0 la Ligue arabe\u00a0: Damas salue le r\u00f4le de l\u2019Alg\u00e9rie - La Sentinelle","isPartOf":{"@id":"https:\/\/lasentinelle.dz\/#website"},"primaryImageOfPage":{"@id":"https:\/\/lasentinelle.dz\/index.php\/2023\/05\/08\/retour-de-la-syrie-a-la-ligue-arabe-damas-salue-le-role-de-lalgerie\/#primaryimage"},"image":{"@id":"https:\/\/lasentinelle.dz\/index.php\/2023\/05\/08\/retour-de-la-syrie-a-la-ligue-arabe-damas-salue-le-role-de-lalgerie\/#primaryimage"},"thumbnailUrl":"https:\/\/lasentinelle.dz\/wp-content\/uploads\/2023\/05\/image_2023-05-08_204714955.png","datePublished":"2023-05-08T21:05:00+00:00","breadcrumb":{"@id":"https:\/\/lasentinelle.dz\/index.php\/2023\/05\/08\/retour-de-la-syrie-a-la-ligue-arabe-damas-salue-le-role-de-lalgerie\/#breadcrumb"},"inLanguage":"fr-FR","potentialAction":[{"@type":"ReadAction","target":["https:\/\/lasentinelle.dz\/index.php\/2023\/05\/08\/retour-de-la-syrie-a-la-ligue-arabe-damas-salue-le-role-de-lalgerie\/"]}]},{"@type":"ImageObject","inLanguage":"fr-FR","@id":"https:\/\/lasentinelle.dz\/index.php\/2023\/05\/08\/retour-de-la-syrie-a-la-ligue-arabe-damas-salue-le-role-de-lalgerie\/#primaryimage","url":"https:\/\/lasentinelle.dz\/wp-content\/uploads\/2023\/05\/image_2023-05-08_204714955.png","contentUrl":"https:\/\/lasentinelle.dz\/wp-content\/uploads\/2023\/05\/image_2023-05-08_204714955.png","width":1296,"height":900},{"@type":"BreadcrumbList","@id":"https:\/\/lasentinelle.dz\/index.php\/2023\/05\/08\/retour-de-la-syrie-a-la-ligue-arabe-damas-salue-le-role-de-lalgerie\/#breadcrumb","itemListElement":[{"@type":"ListItem","position":1,"name":"Accueil","item":"https:\/\/lasentinelle.dz\/"},{"@type":"ListItem","position":2,"name":"Retour de la Syrie \u00e0 la Ligue arabe\u00a0: Damas salue le r\u00f4le de l\u2019Alg\u00e9rie"}]},{"@type":"WebSite","@id":"https:\/\/lasentinelle.dz\/#website","url":"https:\/\/lasentinelle.dz\/","name":"La Sentinelle","description":"Quotidien national d&#039;information","publisher":{"@id":"https:\/\/lasentinelle.dz\/#organization"},"potentialAction":[{"@type":"SearchAction","target":{"@type":"EntryPoint","urlTemplate":"https:\/\/lasentinelle.dz\/?s={search_term_string}"},"query-input":{"@type":"PropertyValueSpecification","valueRequired":true,"valueName":"search_term_string"}}],"inLanguage":"fr-FR"},{"@type":"Organization","@id":"https:\/\/lasentinelle.dz\/#organization","name":"Quotidien La Sentinelle","url":"https:\/\/lasentinelle.dz\/","logo":{"@type":"ImageObject","inLanguage":"fr-FR","@id":"https:\/\/lasentinelle.dz\/#\/schema\/logo\/image\/","url":"https:\/\/lasentinelle.dz\/wp-content\/uploads\/2021\/09\/logo-sentinelleSLOGAN-1.png","contentUrl":"https:\/\/lasentinelle.dz\/wp-content\/uploads\/2021\/09\/logo-sentinelleSLOGAN-1.png","width":615,"height":142,"caption":"Quotidien La Sentinelle"},"image":{"@id":"https:\/\/lasentinelle.dz\/#\/schema\/logo\/image\/"},"sameAs":["https:\/\/www.facebook.com\/La-Sentinelle-104059864394773"]},{"@type":"Person","@id":"https:\/\/lasentinelle.dz\/#\/schema\/person\/d865044e22e70a75174ce8bcad3acfb3","name":"La Sentinelle","image":{"@type":"ImageObject","inLanguage":"fr-FR","@id":"https:\/\/secure.gravatar.com\/avatar\/57de8e5d4b15d43fb361a71fbb36338450fe67865b528a43dd10ef7c51a20392?s=96&d=mm&r=g","url":"https:\/\/secure.gravatar.com\/avatar\/57de8e5d4b15d43fb361a71fbb36338450fe67865b528a43dd10ef7c51a20392?s=96&d=mm&r=g","contentUrl":"https:\/\/secure.gravatar.com\/avatar\/57de8e5d4b15d43fb361a71fbb36338450fe67865b528a43dd10ef7c51a20392?s=96&d=mm&r=g","caption":"La Sentinelle"},"sameAs":["http:\/\/www.lasentinelle.dz"],"url":"https:\/\/lasentinelle.dz\/author\/redaction\/"}]}},"_links":{"self":[{"href":"https:\/\/lasentinelle.dz\/index.php\/wp-json\/wp\/v2\/posts\/40731","targetHints":{"allow":["GET"]}}],"collection":[{"href":"https:\/\/lasentinelle.dz\/index.php\/wp-json\/wp\/v2\/posts"}],"about":[{"href":"https:\/\/lasentinelle.dz\/index.php\/wp-json\/wp\/v2\/types\/post"}],"author":[{"embeddable":true,"href":"https:\/\/lasentinelle.dz\/index.php\/wp-json\/wp\/v2\/users\/3"}],"replies":[{"embeddable":true,"href":"https:\/\/lasentinelle.dz\/index.php\/wp-json\/wp\/v2\/comments?post=40731"}],"version-history":[{"count":1,"href":"https:\/\/lasentinelle.dz\/index.php\/wp-json\/wp\/v2\/posts\/40731\/revisions"}],"predecessor-version":[{"id":40735,"href":"https:\/\/lasentinelle.dz\/index.php\/wp-json\/wp\/v2\/posts\/40731\/revisions\/40735"}],"wp:featuredmedia":[{"embeddable":true,"href":"https:\/\/lasentinelle.dz\/index.php\/wp-json\/wp\/v2\/media\/40734"}],"wp:attachment":[{"href":"https:\/\/lasentinelle.dz\/index.php\/wp-json\/wp\/v2\/media?parent=40731"}],"wp:term":[{"taxonomy":"category","embeddable":true,"href":"https:\/\/lasentinelle.dz\/index.php\/wp-json\/wp\/v2\/categories?post=40731"},{"taxonomy":"post_tag","embeddable":true,"href":"https:\/\/lasentinelle.dz\/index.php\/wp-json\/wp\/v2\/tags?post=40731"}],"curies":[{"name":"wp","href":"https:\/\/api.w.org\/{rel}","templated":true}]}}