{"id":40748,"date":"2023-05-09T22:05:00","date_gmt":"2023-05-09T21:05:00","guid":{"rendered":"https:\/\/lasentinelle.dz\/?p=40748"},"modified":"2023-05-09T17:17:37","modified_gmt":"2023-05-09T16:17:37","slug":"lalgerie-condamne-les-raids-aeriens-menes-par-loccupant-sioniste-dans-la-bande-de-ghaza","status":"publish","type":"post","link":"https:\/\/lasentinelle.dz\/index.php\/2023\/05\/09\/lalgerie-condamne-les-raids-aeriens-menes-par-loccupant-sioniste-dans-la-bande-de-ghaza\/","title":{"rendered":"L&rsquo;Alg\u00e9rie condamne les raids a\u00e9riens men\u00e9s par l&rsquo;occupant sioniste dans la bande de Ghaza"},"content":{"rendered":"\n<p>L&rsquo;Alg\u00e9rie a fermement condamn\u00e9 hier les raids a\u00e9riens men\u00e9s par les forces d&rsquo;occupation sionistes dans la bande de Ghaza, appelant la communaut\u00e9 internationale, particuli\u00e8rement le Conseil de s\u00e9curit\u00e9 de l&rsquo;ONU, \u00e0 \u00ab\u00a0intervenir d&rsquo;urgence pour faire cesser ces attaques criminelles\u00a0\u00bb et \u00e0 faire respecter les droits du peuple palestinien, en premier lieu son droit \u00e0 \u00e9tablir un Etat ind\u00e9pendant avec El-Qods comme capitale, indique le minist\u00e8re des Affaires \u00e9trang\u00e8res et de la Communaut\u00e9 nationale \u00e0 l&rsquo;\u00e9tranger dans un communiqu\u00e9. \u00ab\u00a0L&rsquo;Alg\u00e9rie condamne fermement\u00a0\u00bb les raids a\u00e9riens brutaux men\u00e9s par les forces d&rsquo;occupation sionistes dans la bande de Ghaza, ayant fait de nombreux martyrs et bless\u00e9s, dont des enfants et des femmes, a soulign\u00e9 le MAE, exprimant \u00ab\u00a0sa vive pr\u00e9occupation face \u00e0 la succession des op\u00e9rations barbares et \u00e0 la dangereuse escalade men\u00e9e par les forces d&rsquo;occupation \u00e0 l&rsquo;encontre du peuple palestinien, qui constitue une violation flagrante de toutes les lois et us internationaux\u00a0\u00bb. \u00ab\u00a0Tout en r\u00e9it\u00e9rant son enti\u00e8re solidarit\u00e9 avec le peuple palestinien, l&rsquo;Alg\u00e9rie appelle la communaut\u00e9 internationale, particuli\u00e8rement le Conseil de s\u00e9curit\u00e9 onusien, \u00e0 intervenir d&rsquo;urgence pour faire cesser ces attaques criminelles r\u00e9p\u00e9t\u00e9es et syst\u00e9matiques et \u00e0 imposer le respect des droits du peuple palestinien, avec en t\u00eate son droit \u00e0 instaurer un Etat ind\u00e9pendant avec El-Qods comme capitale\u00a0\u00bb, lit-on dans le communiqu\u00e9.<\/p>\n\n\n\n<p>APS<\/p>\n","protected":false},"excerpt":{"rendered":"<p>L&rsquo;Alg\u00e9rie a fermement condamn\u00e9 hier les raids a\u00e9riens men\u00e9s par les forces d&rsquo;occupation sionistes dans la bande de Ghaza, appelant<\/p>\n","protected":false},"author":3,"featured_media":18422,"comment_status":"open","ping_status":"closed","sticky":false,"template":"","format":"standard","meta":{"colormag_page_container_layout":"default_layout","colormag_page_sidebar_layout":"default_layout","om_disable_all_campaigns":false,"_monsterinsights_skip_tracking":false,"_monsterinsights_sitenote_active":false,"_monsterinsights_sitenote_note":"","_monsterinsights_sitenote_category":0,"footnotes":"","_wpscppro_dont_share_socialmedia":false,"_wpscppro_custom_social_share_image":0,"_facebook_share_type":"","_twitter_share_type":"","_linkedin_share_type":"","_pinterest_share_type":"","_linkedin_share_type_page":"","_instagram_share_type":"","_medium_share_type":"","_threads_share_type":"","_google_business_share_type":"","_selected_social_profile":[],"_wpsp_enable_custom_social_template":false,"_wpsp_social_scheduling":{"enabled":false,"datetime":null,"platforms":[],"status":"template_only","dateOption":"today","timeOption":"now","customDays":"","customHours":"","customDate":"","customTime":"","schedulingType":"absolute"},"_wpsp_active_default_template":true},"categories":[37],"tags":[],"class_list":["post-40748","post","type-post","status-publish","format-standard","has-post-thumbnail","hentry","category-monde"],"aioseo_notices":[],"yoast_head":"<!-- This site is optimized with the Yoast SEO plugin v27.5 - https:\/\/yoast.com\/product\/yoast-seo-wordpress\/ -->\n<title>L&rsquo;Alg\u00e9rie condamne les raids a\u00e9riens men\u00e9s par l&rsquo;occupant sioniste dans la bande de Ghaza - La Sentinelle<\/title>\n<meta name=\"robots\" content=\"index, follow, max-snippet:-1, max-image-preview:large, max-video-preview:-1\" \/>\n<link rel=\"canonical\" href=\"https:\/\/lasentinelle.dz\/index.php\/2023\/05\/09\/lalgerie-condamne-les-raids-aeriens-menes-par-loccupant-sioniste-dans-la-bande-de-ghaza\/\" \/>\n<meta property=\"og:locale\" content=\"fr_FR\" \/>\n<meta property=\"og:type\" content=\"article\" \/>\n<meta property=\"og:title\" content=\"L&rsquo;Alg\u00e9rie condamne les raids a\u00e9riens men\u00e9s par l&rsquo;occupant sioniste dans la bande de Ghaza - La Sentinelle\" \/>\n<meta property=\"og:description\" content=\"L&rsquo;Alg\u00e9rie a fermement condamn\u00e9 hier les raids a\u00e9riens men\u00e9s par les forces d&rsquo;occupation sionistes dans la bande de Ghaza, appelant\" \/>\n<meta property=\"og:url\" content=\"https:\/\/lasentinelle.dz\/index.php\/2023\/05\/09\/lalgerie-condamne-les-raids-aeriens-menes-par-loccupant-sioniste-dans-la-bande-de-ghaza\/\" \/>\n<meta property=\"og:site_name\" content=\"La Sentinelle\" \/>\n<meta property=\"article:publisher\" content=\"https:\/\/www.facebook.com\/La-Sentinelle-104059864394773\" \/>\n<meta property=\"article:published_time\" content=\"2023-05-09T21:05:00+00:00\" \/>\n<meta property=\"og:image\" content=\"https:\/\/lasentinelle.dz\/wp-content\/uploads\/2022\/03\/mae-2.png\" \/>\n\t<meta property=\"og:image:width\" content=\"1591\" \/>\n\t<meta property=\"og:image:height\" content=\"900\" \/>\n\t<meta property=\"og:image:type\" content=\"image\/png\" \/>\n<meta name=\"author\" content=\"La Sentinelle\" \/>\n<meta name=\"twitter:card\" content=\"summary_large_image\" \/>\n<meta name=\"twitter:label1\" content=\"\u00c9crit par\" \/>\n\t<meta name=\"twitter:data1\" content=\"La Sentinelle\" \/>\n\t<meta name=\"twitter:label2\" content=\"Dur\u00e9e de lecture estim\u00e9e\" \/>\n\t<meta name=\"twitter:data2\" content=\"2 minutes\" \/>\n<script type=\"application\/ld+json\" class=\"yoast-schema-graph\">{\"@context\":\"https:\\\/\\\/schema.org\",\"@graph\":[{\"@type\":\"Article\",\"@id\":\"https:\\\/\\\/lasentinelle.dz\\\/index.php\\\/2023\\\/05\\\/09\\\/lalgerie-condamne-les-raids-aeriens-menes-par-loccupant-sioniste-dans-la-bande-de-ghaza\\\/#article\",\"isPartOf\":{\"@id\":\"https:\\\/\\\/lasentinelle.dz\\\/index.php\\\/2023\\\/05\\\/09\\\/lalgerie-condamne-les-raids-aeriens-menes-par-loccupant-sioniste-dans-la-bande-de-ghaza\\\/\"},\"author\":{\"name\":\"La Sentinelle\",\"@id\":\"https:\\\/\\\/lasentinelle.dz\\\/#\\\/schema\\\/person\\\/d865044e22e70a75174ce8bcad3acfb3\"},\"headline\":\"L&rsquo;Alg\u00e9rie condamne les raids a\u00e9riens men\u00e9s par l&rsquo;occupant sioniste dans la bande de Ghaza\",\"datePublished\":\"2023-05-09T21:05:00+00:00\",\"mainEntityOfPage\":{\"@id\":\"https:\\\/\\\/lasentinelle.dz\\\/index.php\\\/2023\\\/05\\\/09\\\/lalgerie-condamne-les-raids-aeriens-menes-par-loccupant-sioniste-dans-la-bande-de-ghaza\\\/\"},\"wordCount\":262,\"commentCount\":0,\"publisher\":{\"@id\":\"https:\\\/\\\/lasentinelle.dz\\\/#organization\"},\"image\":{\"@id\":\"https:\\\/\\\/lasentinelle.dz\\\/index.php\\\/2023\\\/05\\\/09\\\/lalgerie-condamne-les-raids-aeriens-menes-par-loccupant-sioniste-dans-la-bande-de-ghaza\\\/#primaryimage\"},\"thumbnailUrl\":\"https:\\\/\\\/lasentinelle.dz\\\/wp-content\\\/uploads\\\/2022\\\/03\\\/mae-2.png\",\"articleSection\":[\"Monde\"],\"inLanguage\":\"fr-FR\",\"potentialAction\":[{\"@type\":\"CommentAction\",\"name\":\"Comment\",\"target\":[\"https:\\\/\\\/lasentinelle.dz\\\/index.php\\\/2023\\\/05\\\/09\\\/lalgerie-condamne-les-raids-aeriens-menes-par-loccupant-sioniste-dans-la-bande-de-ghaza\\\/#respond\"]}]},{\"@type\":\"WebPage\",\"@id\":\"https:\\\/\\\/lasentinelle.dz\\\/index.php\\\/2023\\\/05\\\/09\\\/lalgerie-condamne-les-raids-aeriens-menes-par-loccupant-sioniste-dans-la-bande-de-ghaza\\\/\",\"url\":\"https:\\\/\\\/lasentinelle.dz\\\/index.php\\\/2023\\\/05\\\/09\\\/lalgerie-condamne-les-raids-aeriens-menes-par-loccupant-sioniste-dans-la-bande-de-ghaza\\\/\",\"name\":\"L&rsquo;Alg\u00e9rie condamne les raids a\u00e9riens men\u00e9s par l&rsquo;occupant sioniste dans la bande de Ghaza - La Sentinelle\",\"isPartOf\":{\"@id\":\"https:\\\/\\\/lasentinelle.dz\\\/#website\"},\"primaryImageOfPage\":{\"@id\":\"https:\\\/\\\/lasentinelle.dz\\\/index.php\\\/2023\\\/05\\\/09\\\/lalgerie-condamne-les-raids-aeriens-menes-par-loccupant-sioniste-dans-la-bande-de-ghaza\\\/#primaryimage\"},\"image\":{\"@id\":\"https:\\\/\\\/lasentinelle.dz\\\/index.php\\\/2023\\\/05\\\/09\\\/lalgerie-condamne-les-raids-aeriens-menes-par-loccupant-sioniste-dans-la-bande-de-ghaza\\\/#primaryimage\"},\"thumbnailUrl\":\"https:\\\/\\\/lasentinelle.dz\\\/wp-content\\\/uploads\\\/2022\\\/03\\\/mae-2.png\",\"datePublished\":\"2023-05-09T21:05:00+00:00\",\"breadcrumb\":{\"@id\":\"https:\\\/\\\/lasentinelle.dz\\\/index.php\\\/2023\\\/05\\\/09\\\/lalgerie-condamne-les-raids-aeriens-menes-par-loccupant-sioniste-dans-la-bande-de-ghaza\\\/#breadcrumb\"},\"inLanguage\":\"fr-FR\",\"potentialAction\":[{\"@type\":\"ReadAction\",\"target\":[\"https:\\\/\\\/lasentinelle.dz\\\/index.php\\\/2023\\\/05\\\/09\\\/lalgerie-condamne-les-raids-aeriens-menes-par-loccupant-sioniste-dans-la-bande-de-ghaza\\\/\"]}]},{\"@type\":\"ImageObject\",\"inLanguage\":\"fr-FR\",\"@id\":\"https:\\\/\\\/lasentinelle.dz\\\/index.php\\\/2023\\\/05\\\/09\\\/lalgerie-condamne-les-raids-aeriens-menes-par-loccupant-sioniste-dans-la-bande-de-ghaza\\\/#primaryimage\",\"url\":\"https:\\\/\\\/lasentinelle.dz\\\/wp-content\\\/uploads\\\/2022\\\/03\\\/mae-2.png\",\"contentUrl\":\"https:\\\/\\\/lasentinelle.dz\\\/wp-content\\\/uploads\\\/2022\\\/03\\\/mae-2.png\",\"width\":1591,\"height\":900},{\"@type\":\"BreadcrumbList\",\"@id\":\"https:\\\/\\\/lasentinelle.dz\\\/index.php\\\/2023\\\/05\\\/09\\\/lalgerie-condamne-les-raids-aeriens-menes-par-loccupant-sioniste-dans-la-bande-de-ghaza\\\/#breadcrumb\",\"itemListElement\":[{\"@type\":\"ListItem\",\"position\":1,\"name\":\"Accueil\",\"item\":\"https:\\\/\\\/lasentinelle.dz\\\/\"},{\"@type\":\"ListItem\",\"position\":2,\"name\":\"L&rsquo;Alg\u00e9rie condamne les raids a\u00e9riens men\u00e9s par l&rsquo;occupant sioniste dans la bande de Ghaza\"}]},{\"@type\":\"WebSite\",\"@id\":\"https:\\\/\\\/lasentinelle.dz\\\/#website\",\"url\":\"https:\\\/\\\/lasentinelle.dz\\\/\",\"name\":\"La Sentinelle\",\"description\":\"Quotidien national d&#039;information\",\"publisher\":{\"@id\":\"https:\\\/\\\/lasentinelle.dz\\\/#organization\"},\"potentialAction\":[{\"@type\":\"SearchAction\",\"target\":{\"@type\":\"EntryPoint\",\"urlTemplate\":\"https:\\\/\\\/lasentinelle.dz\\\/?s={search_term_string}\"},\"query-input\":{\"@type\":\"PropertyValueSpecification\",\"valueRequired\":true,\"valueName\":\"search_term_string\"}}],\"inLanguage\":\"fr-FR\"},{\"@type\":\"Organization\",\"@id\":\"https:\\\/\\\/lasentinelle.dz\\\/#organization\",\"name\":\"Quotidien La Sentinelle\",\"url\":\"https:\\\/\\\/lasentinelle.dz\\\/\",\"logo\":{\"@type\":\"ImageObject\",\"inLanguage\":\"fr-FR\",\"@id\":\"https:\\\/\\\/lasentinelle.dz\\\/#\\\/schema\\\/logo\\\/image\\\/\",\"url\":\"https:\\\/\\\/lasentinelle.dz\\\/wp-content\\\/uploads\\\/2021\\\/09\\\/logo-sentinelleSLOGAN-1.png\",\"contentUrl\":\"https:\\\/\\\/lasentinelle.dz\\\/wp-content\\\/uploads\\\/2021\\\/09\\\/logo-sentinelleSLOGAN-1.png\",\"width\":615,\"height\":142,\"caption\":\"Quotidien La Sentinelle\"},\"image\":{\"@id\":\"https:\\\/\\\/lasentinelle.dz\\\/#\\\/schema\\\/logo\\\/image\\\/\"},\"sameAs\":[\"https:\\\/\\\/www.facebook.com\\\/La-Sentinelle-104059864394773\"]},{\"@type\":\"Person\",\"@id\":\"https:\\\/\\\/lasentinelle.dz\\\/#\\\/schema\\\/person\\\/d865044e22e70a75174ce8bcad3acfb3\",\"name\":\"La Sentinelle\",\"image\":{\"@type\":\"ImageObject\",\"inLanguage\":\"fr-FR\",\"@id\":\"https:\\\/\\\/secure.gravatar.com\\\/avatar\\\/57de8e5d4b15d43fb361a71fbb36338450fe67865b528a43dd10ef7c51a20392?s=96&d=mm&r=g\",\"url\":\"https:\\\/\\\/secure.gravatar.com\\\/avatar\\\/57de8e5d4b15d43fb361a71fbb36338450fe67865b528a43dd10ef7c51a20392?s=96&d=mm&r=g\",\"contentUrl\":\"https:\\\/\\\/secure.gravatar.com\\\/avatar\\\/57de8e5d4b15d43fb361a71fbb36338450fe67865b528a43dd10ef7c51a20392?s=96&d=mm&r=g\",\"caption\":\"La Sentinelle\"},\"sameAs\":[\"http:\\\/\\\/www.lasentinelle.dz\"],\"url\":\"https:\\\/\\\/lasentinelle.dz\\\/author\\\/redaction\\\/\"}]}<\/script>\n<!-- \/ Yoast SEO plugin. -->","yoast_head_json":{"title":"L&rsquo;Alg\u00e9rie condamne les raids a\u00e9riens men\u00e9s par l&rsquo;occupant sioniste dans la bande de Ghaza - La Sentinelle","robots":{"index":"index","follow":"follow","max-snippet":"max-snippet:-1","max-image-preview":"max-image-preview:large","max-video-preview":"max-video-preview:-1"},"canonical":"https:\/\/lasentinelle.dz\/index.php\/2023\/05\/09\/lalgerie-condamne-les-raids-aeriens-menes-par-loccupant-sioniste-dans-la-bande-de-ghaza\/","og_locale":"fr_FR","og_type":"article","og_title":"L&rsquo;Alg\u00e9rie condamne les raids a\u00e9riens men\u00e9s par l&rsquo;occupant sioniste dans la bande de Ghaza - La Sentinelle","og_description":"L&rsquo;Alg\u00e9rie a fermement condamn\u00e9 hier les raids a\u00e9riens men\u00e9s par les forces d&rsquo;occupation sionistes dans la bande de Ghaza, appelant","og_url":"https:\/\/lasentinelle.dz\/index.php\/2023\/05\/09\/lalgerie-condamne-les-raids-aeriens-menes-par-loccupant-sioniste-dans-la-bande-de-ghaza\/","og_site_name":"La Sentinelle","article_publisher":"https:\/\/www.facebook.com\/La-Sentinelle-104059864394773","article_published_time":"2023-05-09T21:05:00+00:00","og_image":[{"width":1591,"height":900,"url":"https:\/\/lasentinelle.dz\/wp-content\/uploads\/2022\/03\/mae-2.png","type":"image\/png"}],"author":"La Sentinelle","twitter_card":"summary_large_image","twitter_misc":{"\u00c9crit par":"La Sentinelle","Dur\u00e9e de lecture estim\u00e9e":"2 minutes"},"schema":{"@context":"https:\/\/schema.org","@graph":[{"@type":"Article","@id":"https:\/\/lasentinelle.dz\/index.php\/2023\/05\/09\/lalgerie-condamne-les-raids-aeriens-menes-par-loccupant-sioniste-dans-la-bande-de-ghaza\/#article","isPartOf":{"@id":"https:\/\/lasentinelle.dz\/index.php\/2023\/05\/09\/lalgerie-condamne-les-raids-aeriens-menes-par-loccupant-sioniste-dans-la-bande-de-ghaza\/"},"author":{"name":"La Sentinelle","@id":"https:\/\/lasentinelle.dz\/#\/schema\/person\/d865044e22e70a75174ce8bcad3acfb3"},"headline":"L&rsquo;Alg\u00e9rie condamne les raids a\u00e9riens men\u00e9s par l&rsquo;occupant sioniste dans la bande de Ghaza","datePublished":"2023-05-09T21:05:00+00:00","mainEntityOfPage":{"@id":"https:\/\/lasentinelle.dz\/index.php\/2023\/05\/09\/lalgerie-condamne-les-raids-aeriens-menes-par-loccupant-sioniste-dans-la-bande-de-ghaza\/"},"wordCount":262,"commentCount":0,"publisher":{"@id":"https:\/\/lasentinelle.dz\/#organization"},"image":{"@id":"https:\/\/lasentinelle.dz\/index.php\/2023\/05\/09\/lalgerie-condamne-les-raids-aeriens-menes-par-loccupant-sioniste-dans-la-bande-de-ghaza\/#primaryimage"},"thumbnailUrl":"https:\/\/lasentinelle.dz\/wp-content\/uploads\/2022\/03\/mae-2.png","articleSection":["Monde"],"inLanguage":"fr-FR","potentialAction":[{"@type":"CommentAction","name":"Comment","target":["https:\/\/lasentinelle.dz\/index.php\/2023\/05\/09\/lalgerie-condamne-les-raids-aeriens-menes-par-loccupant-sioniste-dans-la-bande-de-ghaza\/#respond"]}]},{"@type":"WebPage","@id":"https:\/\/lasentinelle.dz\/index.php\/2023\/05\/09\/lalgerie-condamne-les-raids-aeriens-menes-par-loccupant-sioniste-dans-la-bande-de-ghaza\/","url":"https:\/\/lasentinelle.dz\/index.php\/2023\/05\/09\/lalgerie-condamne-les-raids-aeriens-menes-par-loccupant-sioniste-dans-la-bande-de-ghaza\/","name":"L&rsquo;Alg\u00e9rie condamne les raids a\u00e9riens men\u00e9s par l&rsquo;occupant sioniste dans la bande de Ghaza - La Sentinelle","isPartOf":{"@id":"https:\/\/lasentinelle.dz\/#website"},"primaryImageOfPage":{"@id":"https:\/\/lasentinelle.dz\/index.php\/2023\/05\/09\/lalgerie-condamne-les-raids-aeriens-menes-par-loccupant-sioniste-dans-la-bande-de-ghaza\/#primaryimage"},"image":{"@id":"https:\/\/lasentinelle.dz\/index.php\/2023\/05\/09\/lalgerie-condamne-les-raids-aeriens-menes-par-loccupant-sioniste-dans-la-bande-de-ghaza\/#primaryimage"},"thumbnailUrl":"https:\/\/lasentinelle.dz\/wp-content\/uploads\/2022\/03\/mae-2.png","datePublished":"2023-05-09T21:05:00+00:00","breadcrumb":{"@id":"https:\/\/lasentinelle.dz\/index.php\/2023\/05\/09\/lalgerie-condamne-les-raids-aeriens-menes-par-loccupant-sioniste-dans-la-bande-de-ghaza\/#breadcrumb"},"inLanguage":"fr-FR","potentialAction":[{"@type":"ReadAction","target":["https:\/\/lasentinelle.dz\/index.php\/2023\/05\/09\/lalgerie-condamne-les-raids-aeriens-menes-par-loccupant-sioniste-dans-la-bande-de-ghaza\/"]}]},{"@type":"ImageObject","inLanguage":"fr-FR","@id":"https:\/\/lasentinelle.dz\/index.php\/2023\/05\/09\/lalgerie-condamne-les-raids-aeriens-menes-par-loccupant-sioniste-dans-la-bande-de-ghaza\/#primaryimage","url":"https:\/\/lasentinelle.dz\/wp-content\/uploads\/2022\/03\/mae-2.png","contentUrl":"https:\/\/lasentinelle.dz\/wp-content\/uploads\/2022\/03\/mae-2.png","width":1591,"height":900},{"@type":"BreadcrumbList","@id":"https:\/\/lasentinelle.dz\/index.php\/2023\/05\/09\/lalgerie-condamne-les-raids-aeriens-menes-par-loccupant-sioniste-dans-la-bande-de-ghaza\/#breadcrumb","itemListElement":[{"@type":"ListItem","position":1,"name":"Accueil","item":"https:\/\/lasentinelle.dz\/"},{"@type":"ListItem","position":2,"name":"L&rsquo;Alg\u00e9rie condamne les raids a\u00e9riens men\u00e9s par l&rsquo;occupant sioniste dans la bande de Ghaza"}]},{"@type":"WebSite","@id":"https:\/\/lasentinelle.dz\/#website","url":"https:\/\/lasentinelle.dz\/","name":"La Sentinelle","description":"Quotidien national d&#039;information","publisher":{"@id":"https:\/\/lasentinelle.dz\/#organization"},"potentialAction":[{"@type":"SearchAction","target":{"@type":"EntryPoint","urlTemplate":"https:\/\/lasentinelle.dz\/?s={search_term_string}"},"query-input":{"@type":"PropertyValueSpecification","valueRequired":true,"valueName":"search_term_string"}}],"inLanguage":"fr-FR"},{"@type":"Organization","@id":"https:\/\/lasentinelle.dz\/#organization","name":"Quotidien La Sentinelle","url":"https:\/\/lasentinelle.dz\/","logo":{"@type":"ImageObject","inLanguage":"fr-FR","@id":"https:\/\/lasentinelle.dz\/#\/schema\/logo\/image\/","url":"https:\/\/lasentinelle.dz\/wp-content\/uploads\/2021\/09\/logo-sentinelleSLOGAN-1.png","contentUrl":"https:\/\/lasentinelle.dz\/wp-content\/uploads\/2021\/09\/logo-sentinelleSLOGAN-1.png","width":615,"height":142,"caption":"Quotidien La Sentinelle"},"image":{"@id":"https:\/\/lasentinelle.dz\/#\/schema\/logo\/image\/"},"sameAs":["https:\/\/www.facebook.com\/La-Sentinelle-104059864394773"]},{"@type":"Person","@id":"https:\/\/lasentinelle.dz\/#\/schema\/person\/d865044e22e70a75174ce8bcad3acfb3","name":"La Sentinelle","image":{"@type":"ImageObject","inLanguage":"fr-FR","@id":"https:\/\/secure.gravatar.com\/avatar\/57de8e5d4b15d43fb361a71fbb36338450fe67865b528a43dd10ef7c51a20392?s=96&d=mm&r=g","url":"https:\/\/secure.gravatar.com\/avatar\/57de8e5d4b15d43fb361a71fbb36338450fe67865b528a43dd10ef7c51a20392?s=96&d=mm&r=g","contentUrl":"https:\/\/secure.gravatar.com\/avatar\/57de8e5d4b15d43fb361a71fbb36338450fe67865b528a43dd10ef7c51a20392?s=96&d=mm&r=g","caption":"La Sentinelle"},"sameAs":["http:\/\/www.lasentinelle.dz"],"url":"https:\/\/lasentinelle.dz\/author\/redaction\/"}]}},"_links":{"self":[{"href":"https:\/\/lasentinelle.dz\/index.php\/wp-json\/wp\/v2\/posts\/40748","targetHints":{"allow":["GET"]}}],"collection":[{"href":"https:\/\/lasentinelle.dz\/index.php\/wp-json\/wp\/v2\/posts"}],"about":[{"href":"https:\/\/lasentinelle.dz\/index.php\/wp-json\/wp\/v2\/types\/post"}],"author":[{"embeddable":true,"href":"https:\/\/lasentinelle.dz\/index.php\/wp-json\/wp\/v2\/users\/3"}],"replies":[{"embeddable":true,"href":"https:\/\/lasentinelle.dz\/index.php\/wp-json\/wp\/v2\/comments?post=40748"}],"version-history":[{"count":1,"href":"https:\/\/lasentinelle.dz\/index.php\/wp-json\/wp\/v2\/posts\/40748\/revisions"}],"predecessor-version":[{"id":40752,"href":"https:\/\/lasentinelle.dz\/index.php\/wp-json\/wp\/v2\/posts\/40748\/revisions\/40752"}],"wp:featuredmedia":[{"embeddable":true,"href":"https:\/\/lasentinelle.dz\/index.php\/wp-json\/wp\/v2\/media\/18422"}],"wp:attachment":[{"href":"https:\/\/lasentinelle.dz\/index.php\/wp-json\/wp\/v2\/media?parent=40748"}],"wp:term":[{"taxonomy":"category","embeddable":true,"href":"https:\/\/lasentinelle.dz\/index.php\/wp-json\/wp\/v2\/categories?post=40748"},{"taxonomy":"post_tag","embeddable":true,"href":"https:\/\/lasentinelle.dz\/index.php\/wp-json\/wp\/v2\/tags?post=40748"}],"curies":[{"name":"wp","href":"https:\/\/api.w.org\/{rel}","templated":true}]}}