{"id":40770,"date":"2023-05-09T22:05:00","date_gmt":"2023-05-09T21:05:00","guid":{"rendered":"https:\/\/lasentinelle.dz\/?p=40770"},"modified":"2023-05-09T19:47:18","modified_gmt":"2023-05-09T18:47:18","slug":"projet-de-reglement-interieur-de-lapn-vers-la-creation-de-deux-nouvelles-commissions-permanentes","status":"publish","type":"post","link":"https:\/\/lasentinelle.dz\/index.php\/2023\/05\/09\/projet-de-reglement-interieur-de-lapn-vers-la-creation-de-deux-nouvelles-commissions-permanentes\/","title":{"rendered":"Projet de r\u00e8glement int\u00e9rieur de l\u2019APN\u00a0: Vers la cr\u00e9ation de deux nouvelles commissions permanentes"},"content":{"rendered":"\n<p>Le projet de r\u00e8glement int\u00e9rieur de l\u2019Assembl\u00e9e populaire nationale fait l\u2019objet de d\u00e9bats anim\u00e9s, depuis plusieurs jours, au sein de la commission des affaires juridiques de l\u2019institution parlementaire. Si l\u2019objectif affich\u00e9 \u00e0 travers l\u2019\u00e9laboration de ce nouveau texte est d\u2019adapter les r\u00e8gles r\u00e9gissant la chambre basse du Parlement aux dispositions de la Constitution de 2020 et plus r\u00e9cemment \u00e0 la nouvelle loi organique r\u00e9gissant le fonctionnement de l\u2019APN et du Conseil de la Nation et leurs relations avec le Gouvernement, diverses questions retiennent l\u2019attention des d\u00e9put\u00e9s, de l\u2019absent\u00e9isme end\u00e9mique au sein de l\u2019H\u00e9micycle \u00e0 l\u2019organisation des commissions d\u2019enqu\u00eate parlementaires et des missions exploratoires sur le terrain. Les d\u00e9bats se sont attard\u00e9s sur les commissions parlementaires permanentes, l\u2019\u00e9largissement de leurs pr\u00e9rogatives ainsi que leur nombre avec la perspective de cr\u00e9ation de nouvelles structures. Une question qui a \u00e9t\u00e9 examin\u00e9e lundi par la commission des affaires juridiques et administratives et des libert\u00e9s. Selon un communiqu\u00e9 de l\u2019APN, les membres de la commission ont discut\u00e9 du chapitre du projet de r\u00e8glement int\u00e9rieur de l\u2019APN relatif aux commissions permanentes, et ont convenu de revoir les mandats de certaines commissions. Ils se sont, \u00e9galement, mis d\u2019accord sur la cr\u00e9ation de deux nouvelles commissions permanentes \u00e0 savoir la Commission des technologies des m\u00e9dias, num\u00e9risation et postes et t\u00e9l\u00e9communications, et la Commission de l&rsquo;environnement, du d\u00e9veloppement durable et des \u00e9nergies renouvelables. Dans le m\u00eame contexte, un nouvel article a \u00e9t\u00e9 ajout\u00e9 qui donne aux commissions le pouvoir de contr\u00f4ler l&rsquo;\u00e9tendue de l&rsquo;application et de la mise en \u0153uvre des les nouvelles lois, pr\u00e9cise la m\u00eame source.Enfin les parlementaires ont discut\u00e9 des dispositions relatives \u00e0 la constitution des commissions permanentes et \u00e0 la conduite de leurs travaux.<\/p>\n\n\n\n<p><strong>Chokri Hafed<\/strong><\/p>\n","protected":false},"excerpt":{"rendered":"<p>Le projet de r\u00e8glement int\u00e9rieur de l\u2019Assembl\u00e9e populaire nationale fait l\u2019objet de d\u00e9bats anim\u00e9s, depuis plusieurs jours, au sein de<\/p>\n","protected":false},"author":3,"featured_media":30606,"comment_status":"open","ping_status":"closed","sticky":false,"template":"","format":"standard","meta":{"colormag_page_container_layout":"default_layout","colormag_page_sidebar_layout":"default_layout","om_disable_all_campaigns":false,"_monsterinsights_skip_tracking":false,"_monsterinsights_sitenote_active":false,"_monsterinsights_sitenote_note":"","_monsterinsights_sitenote_category":0,"footnotes":"","_wpscppro_dont_share_socialmedia":false,"_wpscppro_custom_social_share_image":0,"_facebook_share_type":"","_twitter_share_type":"","_linkedin_share_type":"","_pinterest_share_type":"","_linkedin_share_type_page":"","_instagram_share_type":"","_medium_share_type":"","_threads_share_type":"","_google_business_share_type":"","_selected_social_profile":[],"_wpsp_enable_custom_social_template":false,"_wpsp_social_scheduling":{"enabled":false,"datetime":null,"platforms":[],"status":"template_only","dateOption":"today","timeOption":"now","customDays":"","customHours":"","customDate":"","customTime":"","schedulingType":"absolute"},"_wpsp_active_default_template":true},"categories":[27],"tags":[],"class_list":["post-40770","post","type-post","status-publish","format-standard","has-post-thumbnail","hentry","category-actualite"],"aioseo_notices":[],"yoast_head":"<!-- This site is optimized with the Yoast SEO plugin v27.5 - https:\/\/yoast.com\/product\/yoast-seo-wordpress\/ -->\n<title>Projet de r\u00e8glement int\u00e9rieur de l\u2019APN\u00a0: Vers la cr\u00e9ation de deux nouvelles commissions permanentes - La Sentinelle<\/title>\n<meta name=\"robots\" content=\"index, follow, max-snippet:-1, max-image-preview:large, max-video-preview:-1\" \/>\n<link rel=\"canonical\" href=\"https:\/\/lasentinelle.dz\/index.php\/2023\/05\/09\/projet-de-reglement-interieur-de-lapn-vers-la-creation-de-deux-nouvelles-commissions-permanentes\/\" \/>\n<meta property=\"og:locale\" content=\"fr_FR\" \/>\n<meta property=\"og:type\" content=\"article\" \/>\n<meta property=\"og:title\" content=\"Projet de r\u00e8glement int\u00e9rieur de l\u2019APN\u00a0: Vers la cr\u00e9ation de deux nouvelles commissions permanentes - La Sentinelle\" \/>\n<meta property=\"og:description\" content=\"Le projet de r\u00e8glement int\u00e9rieur de l\u2019Assembl\u00e9e populaire nationale fait l\u2019objet de d\u00e9bats anim\u00e9s, depuis plusieurs jours, au sein de\" \/>\n<meta property=\"og:url\" content=\"https:\/\/lasentinelle.dz\/index.php\/2023\/05\/09\/projet-de-reglement-interieur-de-lapn-vers-la-creation-de-deux-nouvelles-commissions-permanentes\/\" \/>\n<meta property=\"og:site_name\" content=\"La Sentinelle\" \/>\n<meta property=\"article:publisher\" content=\"https:\/\/www.facebook.com\/La-Sentinelle-104059864394773\" \/>\n<meta property=\"article:published_time\" content=\"2023-05-09T21:05:00+00:00\" \/>\n<meta property=\"og:image\" content=\"https:\/\/lasentinelle.dz\/wp-content\/uploads\/2022\/11\/APN.png\" \/>\n\t<meta property=\"og:image:width\" content=\"1348\" \/>\n\t<meta property=\"og:image:height\" content=\"900\" \/>\n\t<meta property=\"og:image:type\" content=\"image\/png\" \/>\n<meta name=\"author\" content=\"La Sentinelle\" \/>\n<meta name=\"twitter:card\" content=\"summary_large_image\" \/>\n<meta name=\"twitter:label1\" content=\"\u00c9crit par\" \/>\n\t<meta name=\"twitter:data1\" content=\"La Sentinelle\" \/>\n\t<meta name=\"twitter:label2\" content=\"Dur\u00e9e de lecture estim\u00e9e\" \/>\n\t<meta name=\"twitter:data2\" content=\"2 minutes\" \/>\n<script type=\"application\/ld+json\" class=\"yoast-schema-graph\">{\"@context\":\"https:\\\/\\\/schema.org\",\"@graph\":[{\"@type\":\"Article\",\"@id\":\"https:\\\/\\\/lasentinelle.dz\\\/index.php\\\/2023\\\/05\\\/09\\\/projet-de-reglement-interieur-de-lapn-vers-la-creation-de-deux-nouvelles-commissions-permanentes\\\/#article\",\"isPartOf\":{\"@id\":\"https:\\\/\\\/lasentinelle.dz\\\/index.php\\\/2023\\\/05\\\/09\\\/projet-de-reglement-interieur-de-lapn-vers-la-creation-de-deux-nouvelles-commissions-permanentes\\\/\"},\"author\":{\"name\":\"La Sentinelle\",\"@id\":\"https:\\\/\\\/lasentinelle.dz\\\/#\\\/schema\\\/person\\\/d865044e22e70a75174ce8bcad3acfb3\"},\"headline\":\"Projet de r\u00e8glement int\u00e9rieur de l\u2019APN\u00a0: Vers la cr\u00e9ation de deux nouvelles commissions permanentes\",\"datePublished\":\"2023-05-09T21:05:00+00:00\",\"mainEntityOfPage\":{\"@id\":\"https:\\\/\\\/lasentinelle.dz\\\/index.php\\\/2023\\\/05\\\/09\\\/projet-de-reglement-interieur-de-lapn-vers-la-creation-de-deux-nouvelles-commissions-permanentes\\\/\"},\"wordCount\":345,\"commentCount\":0,\"publisher\":{\"@id\":\"https:\\\/\\\/lasentinelle.dz\\\/#organization\"},\"image\":{\"@id\":\"https:\\\/\\\/lasentinelle.dz\\\/index.php\\\/2023\\\/05\\\/09\\\/projet-de-reglement-interieur-de-lapn-vers-la-creation-de-deux-nouvelles-commissions-permanentes\\\/#primaryimage\"},\"thumbnailUrl\":\"https:\\\/\\\/lasentinelle.dz\\\/wp-content\\\/uploads\\\/2022\\\/11\\\/APN.png\",\"articleSection\":[\"Actualit\u00e9\"],\"inLanguage\":\"fr-FR\",\"potentialAction\":[{\"@type\":\"CommentAction\",\"name\":\"Comment\",\"target\":[\"https:\\\/\\\/lasentinelle.dz\\\/index.php\\\/2023\\\/05\\\/09\\\/projet-de-reglement-interieur-de-lapn-vers-la-creation-de-deux-nouvelles-commissions-permanentes\\\/#respond\"]}]},{\"@type\":\"WebPage\",\"@id\":\"https:\\\/\\\/lasentinelle.dz\\\/index.php\\\/2023\\\/05\\\/09\\\/projet-de-reglement-interieur-de-lapn-vers-la-creation-de-deux-nouvelles-commissions-permanentes\\\/\",\"url\":\"https:\\\/\\\/lasentinelle.dz\\\/index.php\\\/2023\\\/05\\\/09\\\/projet-de-reglement-interieur-de-lapn-vers-la-creation-de-deux-nouvelles-commissions-permanentes\\\/\",\"name\":\"Projet de r\u00e8glement int\u00e9rieur de l\u2019APN\u00a0: Vers la cr\u00e9ation de deux nouvelles commissions permanentes - La Sentinelle\",\"isPartOf\":{\"@id\":\"https:\\\/\\\/lasentinelle.dz\\\/#website\"},\"primaryImageOfPage\":{\"@id\":\"https:\\\/\\\/lasentinelle.dz\\\/index.php\\\/2023\\\/05\\\/09\\\/projet-de-reglement-interieur-de-lapn-vers-la-creation-de-deux-nouvelles-commissions-permanentes\\\/#primaryimage\"},\"image\":{\"@id\":\"https:\\\/\\\/lasentinelle.dz\\\/index.php\\\/2023\\\/05\\\/09\\\/projet-de-reglement-interieur-de-lapn-vers-la-creation-de-deux-nouvelles-commissions-permanentes\\\/#primaryimage\"},\"thumbnailUrl\":\"https:\\\/\\\/lasentinelle.dz\\\/wp-content\\\/uploads\\\/2022\\\/11\\\/APN.png\",\"datePublished\":\"2023-05-09T21:05:00+00:00\",\"breadcrumb\":{\"@id\":\"https:\\\/\\\/lasentinelle.dz\\\/index.php\\\/2023\\\/05\\\/09\\\/projet-de-reglement-interieur-de-lapn-vers-la-creation-de-deux-nouvelles-commissions-permanentes\\\/#breadcrumb\"},\"inLanguage\":\"fr-FR\",\"potentialAction\":[{\"@type\":\"ReadAction\",\"target\":[\"https:\\\/\\\/lasentinelle.dz\\\/index.php\\\/2023\\\/05\\\/09\\\/projet-de-reglement-interieur-de-lapn-vers-la-creation-de-deux-nouvelles-commissions-permanentes\\\/\"]}]},{\"@type\":\"ImageObject\",\"inLanguage\":\"fr-FR\",\"@id\":\"https:\\\/\\\/lasentinelle.dz\\\/index.php\\\/2023\\\/05\\\/09\\\/projet-de-reglement-interieur-de-lapn-vers-la-creation-de-deux-nouvelles-commissions-permanentes\\\/#primaryimage\",\"url\":\"https:\\\/\\\/lasentinelle.dz\\\/wp-content\\\/uploads\\\/2022\\\/11\\\/APN.png\",\"contentUrl\":\"https:\\\/\\\/lasentinelle.dz\\\/wp-content\\\/uploads\\\/2022\\\/11\\\/APN.png\",\"width\":1348,\"height\":900},{\"@type\":\"BreadcrumbList\",\"@id\":\"https:\\\/\\\/lasentinelle.dz\\\/index.php\\\/2023\\\/05\\\/09\\\/projet-de-reglement-interieur-de-lapn-vers-la-creation-de-deux-nouvelles-commissions-permanentes\\\/#breadcrumb\",\"itemListElement\":[{\"@type\":\"ListItem\",\"position\":1,\"name\":\"Accueil\",\"item\":\"https:\\\/\\\/lasentinelle.dz\\\/\"},{\"@type\":\"ListItem\",\"position\":2,\"name\":\"Projet de r\u00e8glement int\u00e9rieur de l\u2019APN\u00a0: Vers la cr\u00e9ation de deux nouvelles commissions permanentes\"}]},{\"@type\":\"WebSite\",\"@id\":\"https:\\\/\\\/lasentinelle.dz\\\/#website\",\"url\":\"https:\\\/\\\/lasentinelle.dz\\\/\",\"name\":\"La Sentinelle\",\"description\":\"Quotidien national d&#039;information\",\"publisher\":{\"@id\":\"https:\\\/\\\/lasentinelle.dz\\\/#organization\"},\"potentialAction\":[{\"@type\":\"SearchAction\",\"target\":{\"@type\":\"EntryPoint\",\"urlTemplate\":\"https:\\\/\\\/lasentinelle.dz\\\/?s={search_term_string}\"},\"query-input\":{\"@type\":\"PropertyValueSpecification\",\"valueRequired\":true,\"valueName\":\"search_term_string\"}}],\"inLanguage\":\"fr-FR\"},{\"@type\":\"Organization\",\"@id\":\"https:\\\/\\\/lasentinelle.dz\\\/#organization\",\"name\":\"Quotidien La Sentinelle\",\"url\":\"https:\\\/\\\/lasentinelle.dz\\\/\",\"logo\":{\"@type\":\"ImageObject\",\"inLanguage\":\"fr-FR\",\"@id\":\"https:\\\/\\\/lasentinelle.dz\\\/#\\\/schema\\\/logo\\\/image\\\/\",\"url\":\"https:\\\/\\\/lasentinelle.dz\\\/wp-content\\\/uploads\\\/2021\\\/09\\\/logo-sentinelleSLOGAN-1.png\",\"contentUrl\":\"https:\\\/\\\/lasentinelle.dz\\\/wp-content\\\/uploads\\\/2021\\\/09\\\/logo-sentinelleSLOGAN-1.png\",\"width\":615,\"height\":142,\"caption\":\"Quotidien La Sentinelle\"},\"image\":{\"@id\":\"https:\\\/\\\/lasentinelle.dz\\\/#\\\/schema\\\/logo\\\/image\\\/\"},\"sameAs\":[\"https:\\\/\\\/www.facebook.com\\\/La-Sentinelle-104059864394773\"]},{\"@type\":\"Person\",\"@id\":\"https:\\\/\\\/lasentinelle.dz\\\/#\\\/schema\\\/person\\\/d865044e22e70a75174ce8bcad3acfb3\",\"name\":\"La Sentinelle\",\"image\":{\"@type\":\"ImageObject\",\"inLanguage\":\"fr-FR\",\"@id\":\"https:\\\/\\\/secure.gravatar.com\\\/avatar\\\/57de8e5d4b15d43fb361a71fbb36338450fe67865b528a43dd10ef7c51a20392?s=96&d=mm&r=g\",\"url\":\"https:\\\/\\\/secure.gravatar.com\\\/avatar\\\/57de8e5d4b15d43fb361a71fbb36338450fe67865b528a43dd10ef7c51a20392?s=96&d=mm&r=g\",\"contentUrl\":\"https:\\\/\\\/secure.gravatar.com\\\/avatar\\\/57de8e5d4b15d43fb361a71fbb36338450fe67865b528a43dd10ef7c51a20392?s=96&d=mm&r=g\",\"caption\":\"La Sentinelle\"},\"sameAs\":[\"http:\\\/\\\/www.lasentinelle.dz\"],\"url\":\"https:\\\/\\\/lasentinelle.dz\\\/author\\\/redaction\\\/\"}]}<\/script>\n<!-- \/ Yoast SEO plugin. -->","yoast_head_json":{"title":"Projet de r\u00e8glement int\u00e9rieur de l\u2019APN\u00a0: Vers la cr\u00e9ation de deux nouvelles commissions permanentes - La Sentinelle","robots":{"index":"index","follow":"follow","max-snippet":"max-snippet:-1","max-image-preview":"max-image-preview:large","max-video-preview":"max-video-preview:-1"},"canonical":"https:\/\/lasentinelle.dz\/index.php\/2023\/05\/09\/projet-de-reglement-interieur-de-lapn-vers-la-creation-de-deux-nouvelles-commissions-permanentes\/","og_locale":"fr_FR","og_type":"article","og_title":"Projet de r\u00e8glement int\u00e9rieur de l\u2019APN\u00a0: Vers la cr\u00e9ation de deux nouvelles commissions permanentes - La Sentinelle","og_description":"Le projet de r\u00e8glement int\u00e9rieur de l\u2019Assembl\u00e9e populaire nationale fait l\u2019objet de d\u00e9bats anim\u00e9s, depuis plusieurs jours, au sein de","og_url":"https:\/\/lasentinelle.dz\/index.php\/2023\/05\/09\/projet-de-reglement-interieur-de-lapn-vers-la-creation-de-deux-nouvelles-commissions-permanentes\/","og_site_name":"La Sentinelle","article_publisher":"https:\/\/www.facebook.com\/La-Sentinelle-104059864394773","article_published_time":"2023-05-09T21:05:00+00:00","og_image":[{"width":1348,"height":900,"url":"https:\/\/lasentinelle.dz\/wp-content\/uploads\/2022\/11\/APN.png","type":"image\/png"}],"author":"La Sentinelle","twitter_card":"summary_large_image","twitter_misc":{"\u00c9crit par":"La Sentinelle","Dur\u00e9e de lecture estim\u00e9e":"2 minutes"},"schema":{"@context":"https:\/\/schema.org","@graph":[{"@type":"Article","@id":"https:\/\/lasentinelle.dz\/index.php\/2023\/05\/09\/projet-de-reglement-interieur-de-lapn-vers-la-creation-de-deux-nouvelles-commissions-permanentes\/#article","isPartOf":{"@id":"https:\/\/lasentinelle.dz\/index.php\/2023\/05\/09\/projet-de-reglement-interieur-de-lapn-vers-la-creation-de-deux-nouvelles-commissions-permanentes\/"},"author":{"name":"La Sentinelle","@id":"https:\/\/lasentinelle.dz\/#\/schema\/person\/d865044e22e70a75174ce8bcad3acfb3"},"headline":"Projet de r\u00e8glement int\u00e9rieur de l\u2019APN\u00a0: Vers la cr\u00e9ation de deux nouvelles commissions permanentes","datePublished":"2023-05-09T21:05:00+00:00","mainEntityOfPage":{"@id":"https:\/\/lasentinelle.dz\/index.php\/2023\/05\/09\/projet-de-reglement-interieur-de-lapn-vers-la-creation-de-deux-nouvelles-commissions-permanentes\/"},"wordCount":345,"commentCount":0,"publisher":{"@id":"https:\/\/lasentinelle.dz\/#organization"},"image":{"@id":"https:\/\/lasentinelle.dz\/index.php\/2023\/05\/09\/projet-de-reglement-interieur-de-lapn-vers-la-creation-de-deux-nouvelles-commissions-permanentes\/#primaryimage"},"thumbnailUrl":"https:\/\/lasentinelle.dz\/wp-content\/uploads\/2022\/11\/APN.png","articleSection":["Actualit\u00e9"],"inLanguage":"fr-FR","potentialAction":[{"@type":"CommentAction","name":"Comment","target":["https:\/\/lasentinelle.dz\/index.php\/2023\/05\/09\/projet-de-reglement-interieur-de-lapn-vers-la-creation-de-deux-nouvelles-commissions-permanentes\/#respond"]}]},{"@type":"WebPage","@id":"https:\/\/lasentinelle.dz\/index.php\/2023\/05\/09\/projet-de-reglement-interieur-de-lapn-vers-la-creation-de-deux-nouvelles-commissions-permanentes\/","url":"https:\/\/lasentinelle.dz\/index.php\/2023\/05\/09\/projet-de-reglement-interieur-de-lapn-vers-la-creation-de-deux-nouvelles-commissions-permanentes\/","name":"Projet de r\u00e8glement int\u00e9rieur de l\u2019APN\u00a0: Vers la cr\u00e9ation de deux nouvelles commissions permanentes - La Sentinelle","isPartOf":{"@id":"https:\/\/lasentinelle.dz\/#website"},"primaryImageOfPage":{"@id":"https:\/\/lasentinelle.dz\/index.php\/2023\/05\/09\/projet-de-reglement-interieur-de-lapn-vers-la-creation-de-deux-nouvelles-commissions-permanentes\/#primaryimage"},"image":{"@id":"https:\/\/lasentinelle.dz\/index.php\/2023\/05\/09\/projet-de-reglement-interieur-de-lapn-vers-la-creation-de-deux-nouvelles-commissions-permanentes\/#primaryimage"},"thumbnailUrl":"https:\/\/lasentinelle.dz\/wp-content\/uploads\/2022\/11\/APN.png","datePublished":"2023-05-09T21:05:00+00:00","breadcrumb":{"@id":"https:\/\/lasentinelle.dz\/index.php\/2023\/05\/09\/projet-de-reglement-interieur-de-lapn-vers-la-creation-de-deux-nouvelles-commissions-permanentes\/#breadcrumb"},"inLanguage":"fr-FR","potentialAction":[{"@type":"ReadAction","target":["https:\/\/lasentinelle.dz\/index.php\/2023\/05\/09\/projet-de-reglement-interieur-de-lapn-vers-la-creation-de-deux-nouvelles-commissions-permanentes\/"]}]},{"@type":"ImageObject","inLanguage":"fr-FR","@id":"https:\/\/lasentinelle.dz\/index.php\/2023\/05\/09\/projet-de-reglement-interieur-de-lapn-vers-la-creation-de-deux-nouvelles-commissions-permanentes\/#primaryimage","url":"https:\/\/lasentinelle.dz\/wp-content\/uploads\/2022\/11\/APN.png","contentUrl":"https:\/\/lasentinelle.dz\/wp-content\/uploads\/2022\/11\/APN.png","width":1348,"height":900},{"@type":"BreadcrumbList","@id":"https:\/\/lasentinelle.dz\/index.php\/2023\/05\/09\/projet-de-reglement-interieur-de-lapn-vers-la-creation-de-deux-nouvelles-commissions-permanentes\/#breadcrumb","itemListElement":[{"@type":"ListItem","position":1,"name":"Accueil","item":"https:\/\/lasentinelle.dz\/"},{"@type":"ListItem","position":2,"name":"Projet de r\u00e8glement int\u00e9rieur de l\u2019APN\u00a0: Vers la cr\u00e9ation de deux nouvelles commissions permanentes"}]},{"@type":"WebSite","@id":"https:\/\/lasentinelle.dz\/#website","url":"https:\/\/lasentinelle.dz\/","name":"La Sentinelle","description":"Quotidien national d&#039;information","publisher":{"@id":"https:\/\/lasentinelle.dz\/#organization"},"potentialAction":[{"@type":"SearchAction","target":{"@type":"EntryPoint","urlTemplate":"https:\/\/lasentinelle.dz\/?s={search_term_string}"},"query-input":{"@type":"PropertyValueSpecification","valueRequired":true,"valueName":"search_term_string"}}],"inLanguage":"fr-FR"},{"@type":"Organization","@id":"https:\/\/lasentinelle.dz\/#organization","name":"Quotidien La Sentinelle","url":"https:\/\/lasentinelle.dz\/","logo":{"@type":"ImageObject","inLanguage":"fr-FR","@id":"https:\/\/lasentinelle.dz\/#\/schema\/logo\/image\/","url":"https:\/\/lasentinelle.dz\/wp-content\/uploads\/2021\/09\/logo-sentinelleSLOGAN-1.png","contentUrl":"https:\/\/lasentinelle.dz\/wp-content\/uploads\/2021\/09\/logo-sentinelleSLOGAN-1.png","width":615,"height":142,"caption":"Quotidien La Sentinelle"},"image":{"@id":"https:\/\/lasentinelle.dz\/#\/schema\/logo\/image\/"},"sameAs":["https:\/\/www.facebook.com\/La-Sentinelle-104059864394773"]},{"@type":"Person","@id":"https:\/\/lasentinelle.dz\/#\/schema\/person\/d865044e22e70a75174ce8bcad3acfb3","name":"La Sentinelle","image":{"@type":"ImageObject","inLanguage":"fr-FR","@id":"https:\/\/secure.gravatar.com\/avatar\/57de8e5d4b15d43fb361a71fbb36338450fe67865b528a43dd10ef7c51a20392?s=96&d=mm&r=g","url":"https:\/\/secure.gravatar.com\/avatar\/57de8e5d4b15d43fb361a71fbb36338450fe67865b528a43dd10ef7c51a20392?s=96&d=mm&r=g","contentUrl":"https:\/\/secure.gravatar.com\/avatar\/57de8e5d4b15d43fb361a71fbb36338450fe67865b528a43dd10ef7c51a20392?s=96&d=mm&r=g","caption":"La Sentinelle"},"sameAs":["http:\/\/www.lasentinelle.dz"],"url":"https:\/\/lasentinelle.dz\/author\/redaction\/"}]}},"_links":{"self":[{"href":"https:\/\/lasentinelle.dz\/index.php\/wp-json\/wp\/v2\/posts\/40770","targetHints":{"allow":["GET"]}}],"collection":[{"href":"https:\/\/lasentinelle.dz\/index.php\/wp-json\/wp\/v2\/posts"}],"about":[{"href":"https:\/\/lasentinelle.dz\/index.php\/wp-json\/wp\/v2\/types\/post"}],"author":[{"embeddable":true,"href":"https:\/\/lasentinelle.dz\/index.php\/wp-json\/wp\/v2\/users\/3"}],"replies":[{"embeddable":true,"href":"https:\/\/lasentinelle.dz\/index.php\/wp-json\/wp\/v2\/comments?post=40770"}],"version-history":[{"count":1,"href":"https:\/\/lasentinelle.dz\/index.php\/wp-json\/wp\/v2\/posts\/40770\/revisions"}],"predecessor-version":[{"id":40784,"href":"https:\/\/lasentinelle.dz\/index.php\/wp-json\/wp\/v2\/posts\/40770\/revisions\/40784"}],"wp:featuredmedia":[{"embeddable":true,"href":"https:\/\/lasentinelle.dz\/index.php\/wp-json\/wp\/v2\/media\/30606"}],"wp:attachment":[{"href":"https:\/\/lasentinelle.dz\/index.php\/wp-json\/wp\/v2\/media?parent=40770"}],"wp:term":[{"taxonomy":"category","embeddable":true,"href":"https:\/\/lasentinelle.dz\/index.php\/wp-json\/wp\/v2\/categories?post=40770"},{"taxonomy":"post_tag","embeddable":true,"href":"https:\/\/lasentinelle.dz\/index.php\/wp-json\/wp\/v2\/tags?post=40770"}],"curies":[{"name":"wp","href":"https:\/\/api.w.org\/{rel}","templated":true}]}}