{"id":40782,"date":"2023-05-09T22:08:00","date_gmt":"2023-05-09T21:08:00","guid":{"rendered":"https:\/\/lasentinelle.dz\/?p=40782"},"modified":"2023-05-09T21:42:52","modified_gmt":"2023-05-09T20:42:52","slug":"la-nouvelle-loi-sur-lexercice-syndical-promulguee-les-syndicats-auront-six-mois-pour-adapter-leurs-statuts","status":"publish","type":"post","link":"https:\/\/lasentinelle.dz\/index.php\/2023\/05\/09\/la-nouvelle-loi-sur-lexercice-syndical-promulguee-les-syndicats-auront-six-mois-pour-adapter-leurs-statuts\/","title":{"rendered":"La nouvelle loi sur l\u2019exercice syndical promulgu\u00e9e\u00a0: Les syndicats auront six mois pour adapter leurs statuts"},"content":{"rendered":"\n<p>La nouvelle loi sur l\u2019exercice syndical est effective. Le texte a \u00e9t\u00e9 publi\u00e9 dans l\u2019\u00e9dition du Journal officiel dat\u00e9 du 2 mai en cours et est donc effective \u00e0 partir de cette date et les syndicats agr\u00e9\u00e9s ont un d\u00e9lai de six mois pour conformer leurs statuts aux dispositions du nouveau texte, de m\u00eame qu\u2019elles ont un d\u00e9lai d\u2019une ann\u00e9e pour pr\u00e9senter les \u00e9l\u00e9ments de leur repr\u00e9sentativit\u00e9 au regard des nouvelles mesures adopt\u00e9es aux autorit\u00e9s administratives, autrement-dit, le minist\u00e8re du Travail, de l\u2019Emploi et de la S\u00e9curit\u00e9 social.<\/p>\n\n\n\n<p>En effet, le texte stipule dans ses dispositions transitoires que \u00ab&nbsp;les organisations syndicales l\u00e9galement constitu\u00e9es \u00e0 la date de publication de la pr\u00e9sente loi, ne sont pas concern\u00e9es par les dispositions relatives \u00e0 la proc\u00e9dure de d\u00e9claration de constitution. Toutefois, elles sont tenues de mettre leurs statuts en conformit\u00e9 avec les dispositions de la pr\u00e9sente loi dans un d\u00e9lai de six mois, \u00e0 compter de la date de sa publication au Journal officiel, sous peine de l\u2019application des dispositions relatives \u00e0 la suspension et \u00e0 la dissolution, pr\u00e9vues aux articles 62 et 65 ci-dessus&nbsp;\u00bb. Aussi, au titre de ces m\u00eame dispositions, \u00ab&nbsp;les organisations syndicales de base, les f\u00e9d\u00e9rations et les conf\u00e9d\u00e9rations sont tenues de pr\u00e9senter aux autorit\u00e9s administratives comp\u00e9tentes, les \u00e9l\u00e9ments de leur repr\u00e9sentativit\u00e9 syndicale dans un d\u00e9lai d\u2019une ann\u00e9e, \u00e0 compter de la date de publication de la pr\u00e9sente loi au Journal officiel&nbsp;\u00bb. Aussi, l\u2019\u00e9lection des d\u00e9l\u00e9gu\u00e9s syndicaux et la constitution des conseils syndicaux au niveau des organismes employeurs, en prenant en compte les r\u00e8gles \u00e9tablies, \u00ab&nbsp;doivent intervenir dans un d\u00e9lai d\u2019une (1) ann\u00e9e, \u00e0 compter de la date de publication de la pr\u00e9sente loi au plus tard&nbsp;\u00bb.&nbsp; Il est utile de noter que la nouvelle loi sur l\u2019exercice syndical introduit plusieurs dispositions afin de renforcer la repr\u00e9sentativit\u00e9 syndicale, la formation syndicale des d\u00e9l\u00e9gu\u00e9s et des repr\u00e9sentants des travailleurs, de renforcer la protection des syndicalistes ainsi que le renforcement des mesures r\u00e9pressives \u00e0 l\u2019encontre des pratiques qui portent atteinte \u00e0 l\u2019exercice syndical. Par ailleurs, le texte limite le nombre des mandats des dirigeants syndicaux \u00e0 deux d\u2019une dur\u00e9e de 5 ans maximum chacun, \u00e0 m\u00eame de consacrer le principe d\u2019alternance pour une gestion d\u00e9mocratique et efficace. &nbsp;Pour assurer la transparence dans la gestion des affaires des syndicats, un bilan financier annuel doit \u00eatre soumis \u00e0 l\u2019assembl\u00e9e g\u00e9n\u00e9rale qui l\u2019adopte.<\/p>\n\n\n\n<p>Le texte introduit \u00e9galement des dispositions devant permettre d\u2019affranchir l\u2019exercice syndical du champ politique, de renforcer les mesures li\u00e9es aux \u00e9l\u00e9ments de repr\u00e9sentativit\u00e9 des syndicats, qui doivent d\u00e9sormais compter dans leurs rangs ou obtenir les votes de 25% des salari\u00e9s d\u2019un organisme employeur. Le texte a \u00e9galement \u00e9largi les dispositions relatives \u00e0 la dissolution des syndicats en prenant en compte la repr\u00e9sentativit\u00e9, l\u2019intervention politique dans l\u2019action syndicale ou encore le recours excessif aux gr\u00e8ves ill\u00e9gales susceptibles d\u2019entraver le fonctionnement du service, ainsi que les actions qui portent atteinte \u00e0 l\u2019ordre public. Bien que le texte ait \u00e9t\u00e9 critiqu\u00e9 par les syndicats, les pouvoirs publics ont assur\u00e9 que l\u2019objectif est de \u00abmettre de l\u2019ordre\u00bb dans le champ syndical national fort de pas moins de 160 organisations syndicales.<\/p>\n\n\n\n<p>Ainsi lors de l\u2019adoption du texte au Conseil de la Nation de 29 mars dernier, le ministre du Travail, de l\u2019Emploi et de la S\u00e9curit\u00e9 sociale a affirm\u00e9 que la nouvelle loi permettra de \u00ab renforcer la libert\u00e9 de l\u2019exercice du droit syndical et impulser le r\u00f4le des organisations syndicales dans la des droits des travailleurs \u00e0 travers le principe de concurrence pr\u00e9vue par la loi \u00bb. &nbsp;Mettant en avant l\u2019importance de l\u2019action syndicale face aux enjeux majeurs, compte tenu des \u00ab diff\u00e9rents d\u00e9fis et mutations que connait le monde du travail \u00bb, le ministre a qualifi\u00e9 le texte \u2013de socle de la l\u00e9gislation alg\u00e9rienne \u00bb.<\/p>\n\n\n\n<p><strong>Lyes Saidi<\/strong><\/p>\n","protected":false},"excerpt":{"rendered":"<p>La nouvelle loi sur l\u2019exercice syndical est effective. Le texte a \u00e9t\u00e9 publi\u00e9 dans l\u2019\u00e9dition du Journal officiel dat\u00e9 du<\/p>\n","protected":false},"author":3,"featured_media":40783,"comment_status":"open","ping_status":"closed","sticky":false,"template":"","format":"standard","meta":{"colormag_page_container_layout":"default_layout","colormag_page_sidebar_layout":"default_layout","om_disable_all_campaigns":false,"_monsterinsights_skip_tracking":false,"_monsterinsights_sitenote_active":false,"_monsterinsights_sitenote_note":"","_monsterinsights_sitenote_category":0,"footnotes":"","_wpscppro_dont_share_socialmedia":false,"_wpscppro_custom_social_share_image":0,"_facebook_share_type":"","_twitter_share_type":"","_linkedin_share_type":"","_pinterest_share_type":"","_linkedin_share_type_page":"","_instagram_share_type":"","_medium_share_type":"","_threads_share_type":"","_google_business_share_type":"","_selected_social_profile":[],"_wpsp_enable_custom_social_template":false,"_wpsp_social_scheduling":{"enabled":false,"datetime":null,"platforms":[],"status":"template_only","dateOption":"today","timeOption":"now","customDays":"","customHours":"","customDate":"","customTime":"","schedulingType":"absolute"},"_wpsp_active_default_template":true},"categories":[52,27],"tags":[],"class_list":["post-40782","post","type-post","status-publish","format-standard","has-post-thumbnail","hentry","category-a-la-une","category-actualite"],"aioseo_notices":[],"yoast_head":"<!-- This site is optimized with the Yoast SEO plugin v27.5 - https:\/\/yoast.com\/product\/yoast-seo-wordpress\/ -->\n<title>La nouvelle loi sur l\u2019exercice syndical promulgu\u00e9e\u00a0: Les syndicats auront six mois pour adapter leurs statuts - La Sentinelle<\/title>\n<meta name=\"robots\" content=\"index, follow, max-snippet:-1, max-image-preview:large, max-video-preview:-1\" \/>\n<link rel=\"canonical\" href=\"https:\/\/lasentinelle.dz\/index.php\/2023\/05\/09\/la-nouvelle-loi-sur-lexercice-syndical-promulguee-les-syndicats-auront-six-mois-pour-adapter-leurs-statuts\/\" \/>\n<meta property=\"og:locale\" content=\"fr_FR\" \/>\n<meta property=\"og:type\" content=\"article\" \/>\n<meta property=\"og:title\" content=\"La nouvelle loi sur l\u2019exercice syndical promulgu\u00e9e\u00a0: Les syndicats auront six mois pour adapter leurs statuts - La Sentinelle\" \/>\n<meta property=\"og:description\" content=\"La nouvelle loi sur l\u2019exercice syndical est effective. Le texte a \u00e9t\u00e9 publi\u00e9 dans l\u2019\u00e9dition du Journal officiel dat\u00e9 du\" \/>\n<meta property=\"og:url\" content=\"https:\/\/lasentinelle.dz\/index.php\/2023\/05\/09\/la-nouvelle-loi-sur-lexercice-syndical-promulguee-les-syndicats-auront-six-mois-pour-adapter-leurs-statuts\/\" \/>\n<meta property=\"og:site_name\" content=\"La Sentinelle\" \/>\n<meta property=\"article:publisher\" content=\"https:\/\/www.facebook.com\/La-Sentinelle-104059864394773\" \/>\n<meta property=\"article:published_time\" content=\"2023-05-09T21:08:00+00:00\" \/>\n<meta property=\"og:image\" content=\"https:\/\/lasentinelle.dz\/wp-content\/uploads\/2023\/05\/ministere-du-travail.png\" \/>\n\t<meta property=\"og:image:width\" content=\"1595\" \/>\n\t<meta property=\"og:image:height\" content=\"900\" \/>\n\t<meta property=\"og:image:type\" content=\"image\/png\" \/>\n<meta name=\"author\" content=\"La Sentinelle\" \/>\n<meta name=\"twitter:card\" content=\"summary_large_image\" \/>\n<meta name=\"twitter:label1\" content=\"\u00c9crit par\" \/>\n\t<meta name=\"twitter:data1\" content=\"La Sentinelle\" \/>\n\t<meta name=\"twitter:label2\" content=\"Dur\u00e9e de lecture estim\u00e9e\" \/>\n\t<meta name=\"twitter:data2\" content=\"4 minutes\" \/>\n<script type=\"application\/ld+json\" class=\"yoast-schema-graph\">{\"@context\":\"https:\\\/\\\/schema.org\",\"@graph\":[{\"@type\":\"Article\",\"@id\":\"https:\\\/\\\/lasentinelle.dz\\\/index.php\\\/2023\\\/05\\\/09\\\/la-nouvelle-loi-sur-lexercice-syndical-promulguee-les-syndicats-auront-six-mois-pour-adapter-leurs-statuts\\\/#article\",\"isPartOf\":{\"@id\":\"https:\\\/\\\/lasentinelle.dz\\\/index.php\\\/2023\\\/05\\\/09\\\/la-nouvelle-loi-sur-lexercice-syndical-promulguee-les-syndicats-auront-six-mois-pour-adapter-leurs-statuts\\\/\"},\"author\":{\"name\":\"La Sentinelle\",\"@id\":\"https:\\\/\\\/lasentinelle.dz\\\/#\\\/schema\\\/person\\\/d865044e22e70a75174ce8bcad3acfb3\"},\"headline\":\"La nouvelle loi sur l\u2019exercice syndical promulgu\u00e9e\u00a0: Les syndicats auront six mois pour adapter leurs statuts\",\"datePublished\":\"2023-05-09T21:08:00+00:00\",\"mainEntityOfPage\":{\"@id\":\"https:\\\/\\\/lasentinelle.dz\\\/index.php\\\/2023\\\/05\\\/09\\\/la-nouvelle-loi-sur-lexercice-syndical-promulguee-les-syndicats-auront-six-mois-pour-adapter-leurs-statuts\\\/\"},\"wordCount\":718,\"commentCount\":0,\"publisher\":{\"@id\":\"https:\\\/\\\/lasentinelle.dz\\\/#organization\"},\"image\":{\"@id\":\"https:\\\/\\\/lasentinelle.dz\\\/index.php\\\/2023\\\/05\\\/09\\\/la-nouvelle-loi-sur-lexercice-syndical-promulguee-les-syndicats-auront-six-mois-pour-adapter-leurs-statuts\\\/#primaryimage\"},\"thumbnailUrl\":\"https:\\\/\\\/lasentinelle.dz\\\/wp-content\\\/uploads\\\/2023\\\/05\\\/ministere-du-travail.png\",\"articleSection\":[\"\u00c0 la Une\",\"Actualit\u00e9\"],\"inLanguage\":\"fr-FR\",\"potentialAction\":[{\"@type\":\"CommentAction\",\"name\":\"Comment\",\"target\":[\"https:\\\/\\\/lasentinelle.dz\\\/index.php\\\/2023\\\/05\\\/09\\\/la-nouvelle-loi-sur-lexercice-syndical-promulguee-les-syndicats-auront-six-mois-pour-adapter-leurs-statuts\\\/#respond\"]}]},{\"@type\":\"WebPage\",\"@id\":\"https:\\\/\\\/lasentinelle.dz\\\/index.php\\\/2023\\\/05\\\/09\\\/la-nouvelle-loi-sur-lexercice-syndical-promulguee-les-syndicats-auront-six-mois-pour-adapter-leurs-statuts\\\/\",\"url\":\"https:\\\/\\\/lasentinelle.dz\\\/index.php\\\/2023\\\/05\\\/09\\\/la-nouvelle-loi-sur-lexercice-syndical-promulguee-les-syndicats-auront-six-mois-pour-adapter-leurs-statuts\\\/\",\"name\":\"La nouvelle loi sur l\u2019exercice syndical promulgu\u00e9e\u00a0: Les syndicats auront six mois pour adapter leurs statuts - La Sentinelle\",\"isPartOf\":{\"@id\":\"https:\\\/\\\/lasentinelle.dz\\\/#website\"},\"primaryImageOfPage\":{\"@id\":\"https:\\\/\\\/lasentinelle.dz\\\/index.php\\\/2023\\\/05\\\/09\\\/la-nouvelle-loi-sur-lexercice-syndical-promulguee-les-syndicats-auront-six-mois-pour-adapter-leurs-statuts\\\/#primaryimage\"},\"image\":{\"@id\":\"https:\\\/\\\/lasentinelle.dz\\\/index.php\\\/2023\\\/05\\\/09\\\/la-nouvelle-loi-sur-lexercice-syndical-promulguee-les-syndicats-auront-six-mois-pour-adapter-leurs-statuts\\\/#primaryimage\"},\"thumbnailUrl\":\"https:\\\/\\\/lasentinelle.dz\\\/wp-content\\\/uploads\\\/2023\\\/05\\\/ministere-du-travail.png\",\"datePublished\":\"2023-05-09T21:08:00+00:00\",\"breadcrumb\":{\"@id\":\"https:\\\/\\\/lasentinelle.dz\\\/index.php\\\/2023\\\/05\\\/09\\\/la-nouvelle-loi-sur-lexercice-syndical-promulguee-les-syndicats-auront-six-mois-pour-adapter-leurs-statuts\\\/#breadcrumb\"},\"inLanguage\":\"fr-FR\",\"potentialAction\":[{\"@type\":\"ReadAction\",\"target\":[\"https:\\\/\\\/lasentinelle.dz\\\/index.php\\\/2023\\\/05\\\/09\\\/la-nouvelle-loi-sur-lexercice-syndical-promulguee-les-syndicats-auront-six-mois-pour-adapter-leurs-statuts\\\/\"]}]},{\"@type\":\"ImageObject\",\"inLanguage\":\"fr-FR\",\"@id\":\"https:\\\/\\\/lasentinelle.dz\\\/index.php\\\/2023\\\/05\\\/09\\\/la-nouvelle-loi-sur-lexercice-syndical-promulguee-les-syndicats-auront-six-mois-pour-adapter-leurs-statuts\\\/#primaryimage\",\"url\":\"https:\\\/\\\/lasentinelle.dz\\\/wp-content\\\/uploads\\\/2023\\\/05\\\/ministere-du-travail.png\",\"contentUrl\":\"https:\\\/\\\/lasentinelle.dz\\\/wp-content\\\/uploads\\\/2023\\\/05\\\/ministere-du-travail.png\",\"width\":1595,\"height\":900},{\"@type\":\"BreadcrumbList\",\"@id\":\"https:\\\/\\\/lasentinelle.dz\\\/index.php\\\/2023\\\/05\\\/09\\\/la-nouvelle-loi-sur-lexercice-syndical-promulguee-les-syndicats-auront-six-mois-pour-adapter-leurs-statuts\\\/#breadcrumb\",\"itemListElement\":[{\"@type\":\"ListItem\",\"position\":1,\"name\":\"Accueil\",\"item\":\"https:\\\/\\\/lasentinelle.dz\\\/\"},{\"@type\":\"ListItem\",\"position\":2,\"name\":\"La nouvelle loi sur l\u2019exercice syndical promulgu\u00e9e\u00a0: Les syndicats auront six mois pour adapter leurs statuts\"}]},{\"@type\":\"WebSite\",\"@id\":\"https:\\\/\\\/lasentinelle.dz\\\/#website\",\"url\":\"https:\\\/\\\/lasentinelle.dz\\\/\",\"name\":\"La Sentinelle\",\"description\":\"Quotidien national d&#039;information\",\"publisher\":{\"@id\":\"https:\\\/\\\/lasentinelle.dz\\\/#organization\"},\"potentialAction\":[{\"@type\":\"SearchAction\",\"target\":{\"@type\":\"EntryPoint\",\"urlTemplate\":\"https:\\\/\\\/lasentinelle.dz\\\/?s={search_term_string}\"},\"query-input\":{\"@type\":\"PropertyValueSpecification\",\"valueRequired\":true,\"valueName\":\"search_term_string\"}}],\"inLanguage\":\"fr-FR\"},{\"@type\":\"Organization\",\"@id\":\"https:\\\/\\\/lasentinelle.dz\\\/#organization\",\"name\":\"Quotidien La Sentinelle\",\"url\":\"https:\\\/\\\/lasentinelle.dz\\\/\",\"logo\":{\"@type\":\"ImageObject\",\"inLanguage\":\"fr-FR\",\"@id\":\"https:\\\/\\\/lasentinelle.dz\\\/#\\\/schema\\\/logo\\\/image\\\/\",\"url\":\"https:\\\/\\\/lasentinelle.dz\\\/wp-content\\\/uploads\\\/2021\\\/09\\\/logo-sentinelleSLOGAN-1.png\",\"contentUrl\":\"https:\\\/\\\/lasentinelle.dz\\\/wp-content\\\/uploads\\\/2021\\\/09\\\/logo-sentinelleSLOGAN-1.png\",\"width\":615,\"height\":142,\"caption\":\"Quotidien La Sentinelle\"},\"image\":{\"@id\":\"https:\\\/\\\/lasentinelle.dz\\\/#\\\/schema\\\/logo\\\/image\\\/\"},\"sameAs\":[\"https:\\\/\\\/www.facebook.com\\\/La-Sentinelle-104059864394773\"]},{\"@type\":\"Person\",\"@id\":\"https:\\\/\\\/lasentinelle.dz\\\/#\\\/schema\\\/person\\\/d865044e22e70a75174ce8bcad3acfb3\",\"name\":\"La Sentinelle\",\"image\":{\"@type\":\"ImageObject\",\"inLanguage\":\"fr-FR\",\"@id\":\"https:\\\/\\\/secure.gravatar.com\\\/avatar\\\/57de8e5d4b15d43fb361a71fbb36338450fe67865b528a43dd10ef7c51a20392?s=96&d=mm&r=g\",\"url\":\"https:\\\/\\\/secure.gravatar.com\\\/avatar\\\/57de8e5d4b15d43fb361a71fbb36338450fe67865b528a43dd10ef7c51a20392?s=96&d=mm&r=g\",\"contentUrl\":\"https:\\\/\\\/secure.gravatar.com\\\/avatar\\\/57de8e5d4b15d43fb361a71fbb36338450fe67865b528a43dd10ef7c51a20392?s=96&d=mm&r=g\",\"caption\":\"La Sentinelle\"},\"sameAs\":[\"http:\\\/\\\/www.lasentinelle.dz\"],\"url\":\"https:\\\/\\\/lasentinelle.dz\\\/author\\\/redaction\\\/\"}]}<\/script>\n<!-- \/ Yoast SEO plugin. -->","yoast_head_json":{"title":"La nouvelle loi sur l\u2019exercice syndical promulgu\u00e9e\u00a0: Les syndicats auront six mois pour adapter leurs statuts - La Sentinelle","robots":{"index":"index","follow":"follow","max-snippet":"max-snippet:-1","max-image-preview":"max-image-preview:large","max-video-preview":"max-video-preview:-1"},"canonical":"https:\/\/lasentinelle.dz\/index.php\/2023\/05\/09\/la-nouvelle-loi-sur-lexercice-syndical-promulguee-les-syndicats-auront-six-mois-pour-adapter-leurs-statuts\/","og_locale":"fr_FR","og_type":"article","og_title":"La nouvelle loi sur l\u2019exercice syndical promulgu\u00e9e\u00a0: Les syndicats auront six mois pour adapter leurs statuts - La Sentinelle","og_description":"La nouvelle loi sur l\u2019exercice syndical est effective. Le texte a \u00e9t\u00e9 publi\u00e9 dans l\u2019\u00e9dition du Journal officiel dat\u00e9 du","og_url":"https:\/\/lasentinelle.dz\/index.php\/2023\/05\/09\/la-nouvelle-loi-sur-lexercice-syndical-promulguee-les-syndicats-auront-six-mois-pour-adapter-leurs-statuts\/","og_site_name":"La Sentinelle","article_publisher":"https:\/\/www.facebook.com\/La-Sentinelle-104059864394773","article_published_time":"2023-05-09T21:08:00+00:00","og_image":[{"width":1595,"height":900,"url":"https:\/\/lasentinelle.dz\/wp-content\/uploads\/2023\/05\/ministere-du-travail.png","type":"image\/png"}],"author":"La Sentinelle","twitter_card":"summary_large_image","twitter_misc":{"\u00c9crit par":"La Sentinelle","Dur\u00e9e de lecture estim\u00e9e":"4 minutes"},"schema":{"@context":"https:\/\/schema.org","@graph":[{"@type":"Article","@id":"https:\/\/lasentinelle.dz\/index.php\/2023\/05\/09\/la-nouvelle-loi-sur-lexercice-syndical-promulguee-les-syndicats-auront-six-mois-pour-adapter-leurs-statuts\/#article","isPartOf":{"@id":"https:\/\/lasentinelle.dz\/index.php\/2023\/05\/09\/la-nouvelle-loi-sur-lexercice-syndical-promulguee-les-syndicats-auront-six-mois-pour-adapter-leurs-statuts\/"},"author":{"name":"La Sentinelle","@id":"https:\/\/lasentinelle.dz\/#\/schema\/person\/d865044e22e70a75174ce8bcad3acfb3"},"headline":"La nouvelle loi sur l\u2019exercice syndical promulgu\u00e9e\u00a0: Les syndicats auront six mois pour adapter leurs statuts","datePublished":"2023-05-09T21:08:00+00:00","mainEntityOfPage":{"@id":"https:\/\/lasentinelle.dz\/index.php\/2023\/05\/09\/la-nouvelle-loi-sur-lexercice-syndical-promulguee-les-syndicats-auront-six-mois-pour-adapter-leurs-statuts\/"},"wordCount":718,"commentCount":0,"publisher":{"@id":"https:\/\/lasentinelle.dz\/#organization"},"image":{"@id":"https:\/\/lasentinelle.dz\/index.php\/2023\/05\/09\/la-nouvelle-loi-sur-lexercice-syndical-promulguee-les-syndicats-auront-six-mois-pour-adapter-leurs-statuts\/#primaryimage"},"thumbnailUrl":"https:\/\/lasentinelle.dz\/wp-content\/uploads\/2023\/05\/ministere-du-travail.png","articleSection":["\u00c0 la Une","Actualit\u00e9"],"inLanguage":"fr-FR","potentialAction":[{"@type":"CommentAction","name":"Comment","target":["https:\/\/lasentinelle.dz\/index.php\/2023\/05\/09\/la-nouvelle-loi-sur-lexercice-syndical-promulguee-les-syndicats-auront-six-mois-pour-adapter-leurs-statuts\/#respond"]}]},{"@type":"WebPage","@id":"https:\/\/lasentinelle.dz\/index.php\/2023\/05\/09\/la-nouvelle-loi-sur-lexercice-syndical-promulguee-les-syndicats-auront-six-mois-pour-adapter-leurs-statuts\/","url":"https:\/\/lasentinelle.dz\/index.php\/2023\/05\/09\/la-nouvelle-loi-sur-lexercice-syndical-promulguee-les-syndicats-auront-six-mois-pour-adapter-leurs-statuts\/","name":"La nouvelle loi sur l\u2019exercice syndical promulgu\u00e9e\u00a0: Les syndicats auront six mois pour adapter leurs statuts - La Sentinelle","isPartOf":{"@id":"https:\/\/lasentinelle.dz\/#website"},"primaryImageOfPage":{"@id":"https:\/\/lasentinelle.dz\/index.php\/2023\/05\/09\/la-nouvelle-loi-sur-lexercice-syndical-promulguee-les-syndicats-auront-six-mois-pour-adapter-leurs-statuts\/#primaryimage"},"image":{"@id":"https:\/\/lasentinelle.dz\/index.php\/2023\/05\/09\/la-nouvelle-loi-sur-lexercice-syndical-promulguee-les-syndicats-auront-six-mois-pour-adapter-leurs-statuts\/#primaryimage"},"thumbnailUrl":"https:\/\/lasentinelle.dz\/wp-content\/uploads\/2023\/05\/ministere-du-travail.png","datePublished":"2023-05-09T21:08:00+00:00","breadcrumb":{"@id":"https:\/\/lasentinelle.dz\/index.php\/2023\/05\/09\/la-nouvelle-loi-sur-lexercice-syndical-promulguee-les-syndicats-auront-six-mois-pour-adapter-leurs-statuts\/#breadcrumb"},"inLanguage":"fr-FR","potentialAction":[{"@type":"ReadAction","target":["https:\/\/lasentinelle.dz\/index.php\/2023\/05\/09\/la-nouvelle-loi-sur-lexercice-syndical-promulguee-les-syndicats-auront-six-mois-pour-adapter-leurs-statuts\/"]}]},{"@type":"ImageObject","inLanguage":"fr-FR","@id":"https:\/\/lasentinelle.dz\/index.php\/2023\/05\/09\/la-nouvelle-loi-sur-lexercice-syndical-promulguee-les-syndicats-auront-six-mois-pour-adapter-leurs-statuts\/#primaryimage","url":"https:\/\/lasentinelle.dz\/wp-content\/uploads\/2023\/05\/ministere-du-travail.png","contentUrl":"https:\/\/lasentinelle.dz\/wp-content\/uploads\/2023\/05\/ministere-du-travail.png","width":1595,"height":900},{"@type":"BreadcrumbList","@id":"https:\/\/lasentinelle.dz\/index.php\/2023\/05\/09\/la-nouvelle-loi-sur-lexercice-syndical-promulguee-les-syndicats-auront-six-mois-pour-adapter-leurs-statuts\/#breadcrumb","itemListElement":[{"@type":"ListItem","position":1,"name":"Accueil","item":"https:\/\/lasentinelle.dz\/"},{"@type":"ListItem","position":2,"name":"La nouvelle loi sur l\u2019exercice syndical promulgu\u00e9e\u00a0: Les syndicats auront six mois pour adapter leurs statuts"}]},{"@type":"WebSite","@id":"https:\/\/lasentinelle.dz\/#website","url":"https:\/\/lasentinelle.dz\/","name":"La Sentinelle","description":"Quotidien national d&#039;information","publisher":{"@id":"https:\/\/lasentinelle.dz\/#organization"},"potentialAction":[{"@type":"SearchAction","target":{"@type":"EntryPoint","urlTemplate":"https:\/\/lasentinelle.dz\/?s={search_term_string}"},"query-input":{"@type":"PropertyValueSpecification","valueRequired":true,"valueName":"search_term_string"}}],"inLanguage":"fr-FR"},{"@type":"Organization","@id":"https:\/\/lasentinelle.dz\/#organization","name":"Quotidien La Sentinelle","url":"https:\/\/lasentinelle.dz\/","logo":{"@type":"ImageObject","inLanguage":"fr-FR","@id":"https:\/\/lasentinelle.dz\/#\/schema\/logo\/image\/","url":"https:\/\/lasentinelle.dz\/wp-content\/uploads\/2021\/09\/logo-sentinelleSLOGAN-1.png","contentUrl":"https:\/\/lasentinelle.dz\/wp-content\/uploads\/2021\/09\/logo-sentinelleSLOGAN-1.png","width":615,"height":142,"caption":"Quotidien La Sentinelle"},"image":{"@id":"https:\/\/lasentinelle.dz\/#\/schema\/logo\/image\/"},"sameAs":["https:\/\/www.facebook.com\/La-Sentinelle-104059864394773"]},{"@type":"Person","@id":"https:\/\/lasentinelle.dz\/#\/schema\/person\/d865044e22e70a75174ce8bcad3acfb3","name":"La Sentinelle","image":{"@type":"ImageObject","inLanguage":"fr-FR","@id":"https:\/\/secure.gravatar.com\/avatar\/57de8e5d4b15d43fb361a71fbb36338450fe67865b528a43dd10ef7c51a20392?s=96&d=mm&r=g","url":"https:\/\/secure.gravatar.com\/avatar\/57de8e5d4b15d43fb361a71fbb36338450fe67865b528a43dd10ef7c51a20392?s=96&d=mm&r=g","contentUrl":"https:\/\/secure.gravatar.com\/avatar\/57de8e5d4b15d43fb361a71fbb36338450fe67865b528a43dd10ef7c51a20392?s=96&d=mm&r=g","caption":"La Sentinelle"},"sameAs":["http:\/\/www.lasentinelle.dz"],"url":"https:\/\/lasentinelle.dz\/author\/redaction\/"}]}},"_links":{"self":[{"href":"https:\/\/lasentinelle.dz\/index.php\/wp-json\/wp\/v2\/posts\/40782","targetHints":{"allow":["GET"]}}],"collection":[{"href":"https:\/\/lasentinelle.dz\/index.php\/wp-json\/wp\/v2\/posts"}],"about":[{"href":"https:\/\/lasentinelle.dz\/index.php\/wp-json\/wp\/v2\/types\/post"}],"author":[{"embeddable":true,"href":"https:\/\/lasentinelle.dz\/index.php\/wp-json\/wp\/v2\/users\/3"}],"replies":[{"embeddable":true,"href":"https:\/\/lasentinelle.dz\/index.php\/wp-json\/wp\/v2\/comments?post=40782"}],"version-history":[{"count":2,"href":"https:\/\/lasentinelle.dz\/index.php\/wp-json\/wp\/v2\/posts\/40782\/revisions"}],"predecessor-version":[{"id":40822,"href":"https:\/\/lasentinelle.dz\/index.php\/wp-json\/wp\/v2\/posts\/40782\/revisions\/40822"}],"wp:featuredmedia":[{"embeddable":true,"href":"https:\/\/lasentinelle.dz\/index.php\/wp-json\/wp\/v2\/media\/40783"}],"wp:attachment":[{"href":"https:\/\/lasentinelle.dz\/index.php\/wp-json\/wp\/v2\/media?parent=40782"}],"wp:term":[{"taxonomy":"category","embeddable":true,"href":"https:\/\/lasentinelle.dz\/index.php\/wp-json\/wp\/v2\/categories?post=40782"},{"taxonomy":"post_tag","embeddable":true,"href":"https:\/\/lasentinelle.dz\/index.php\/wp-json\/wp\/v2\/tags?post=40782"}],"curies":[{"name":"wp","href":"https:\/\/api.w.org\/{rel}","templated":true}]}}