{"id":40863,"date":"2023-05-10T22:05:00","date_gmt":"2023-05-10T21:05:00","guid":{"rendered":"https:\/\/lasentinelle.dz\/?p=40863"},"modified":"2023-05-10T19:39:37","modified_gmt":"2023-05-10T18:39:37","slug":"mines-les-italiens-sinteressent-au-marbre-algerien","status":"publish","type":"post","link":"https:\/\/lasentinelle.dz\/index.php\/2023\/05\/10\/mines-les-italiens-sinteressent-au-marbre-algerien\/","title":{"rendered":"Mines\u00a0: Les Italiens s\u2019int\u00e9ressent au marbre alg\u00e9rien"},"content":{"rendered":"\n<p>L\u2019Alg\u00e9rie et l\u2019Italie entendent approfondir leur coop\u00e9ration dans l\u2019exploitation du marbre. Une coop\u00e9ration s\u2019impose de mani\u00e8re naturelle, non seulement au regard des relations politiques et \u00e9conomiques profondes entre les deux pays, mais aussi au regard du potentiel important des deux pays en ce qui concerne le marbre blanc et exploit\u00e9 depuis l\u2019antiquit\u00e9. &nbsp;C\u2019est dans ce contexte que le d\u00e9partement de l\u2019\u00c9nergie et des Mines entend encourager le partenariat alg\u00e9ro-italien dans le domaine du marbre. Lors de l\u2019audience qu\u2019il a accord\u00e9e \u00e0 une d\u00e9l\u00e9gation de la F\u00e9d\u00e9ration alg\u00e9rienne des minerais, des mines et de l&rsquo;industrie de la pierre, pr\u00e9sid\u00e9e par Djalal Guitoune et le pr\u00e9sident de l&rsquo;Association italienne des producteurs et transformateurs de pierres naturelles et fabricants de machines, installations et produits auxiliaires pour le travail de la pierre, \u00ab\u00a0Marmomacchine\u00a0\u00bb, M. Flavio Marabelli, en pr\u00e9sence du directeur g\u00e9n\u00e9ral du groupe minier Manadjim El Djazair et des cadres du minist\u00e8re, le ministre de l&rsquo;Energie et des Mines, Mohamed Arkab a r\u00e9affirm\u00e9, mardi \u00e0 Alger, l&rsquo;appui total aux projets de formation et de partenariat entre les soci\u00e9t\u00e9s alg\u00e9riennes et italiennes sp\u00e9cialis\u00e9es dans l&rsquo;exploitation mini\u00e8re du marbre et sa transformation. Selon un communiqu\u00e9 du minist\u00e8re, la rencontre \u00e9tait une occasion pour \u00e9voquer les modalit\u00e9s de concr\u00e9tiser la convention-cadre ent\u00e9rin\u00e9e le 18 juillet 2022 entre la F\u00e9d\u00e9ration alg\u00e9rienne et l&rsquo;Association italienne dans le domaine de la formation (th\u00e9orique et pratique), \u00e0 partir de l&rsquo;exploitation mini\u00e8re du marbre \u00e0 sa transformation industrielle. Il s&rsquo;agit \u00e9galement d&rsquo;encourager les relations de partenariat et d&rsquo;investissement dans le domaine de l&rsquo;exploitation des carri\u00e8res du marbre et sa transformation locale, entre les soci\u00e9t\u00e9s du secteur et les soci\u00e9t\u00e9s nationales priv\u00e9es, \u00e0 l&rsquo;instar du groupe Manadjim El Djazair et les soci\u00e9t\u00e9s italiennes, en sus de l&rsquo;\u00e9change des expertises et du transfert de la technologie pour b\u00e9n\u00e9ficier de l&rsquo;exp\u00e9rience italienne pionni\u00e8re dans ce domaine. Le ministre de l&rsquo;Energie et des Mines a r\u00e9affirm\u00e9, \u00e0 cette occasion, \u00ab\u00a0l&rsquo;appui total et continu au programme de formation convenu entre la F\u00e9d\u00e9ration alg\u00e9rienne et l&rsquo;Association italienne et aux projets de partenariat et d&rsquo;investissement en mati\u00e8re du d\u00e9veloppement de la fili\u00e8re d&rsquo;exploitation mini\u00e8re du marbre et sa transformation notamment avec les soci\u00e9t\u00e9s italiennes tout en impliquant les entreprises nationales priv\u00e9es et les startup dans ce domaine\u00a0\u00bb. Le ministre a soulign\u00e9 que cela \u00ab\u00a0contribuera sans doute et efficacement \u00e0 la diversification de l&rsquo;\u00e9conomie nationale, \u00e0 la limitation de l&rsquo;importation et \u00e0 la cr\u00e9ation de l&#8217;emploi en vue d&rsquo;augmenter la production \u00e0 des niveaux sup\u00e9rieurs pour r\u00e9pondre \u00e0 la demande du march\u00e9 national actuel, \u00e9tant donn\u00e9 que le marbre alg\u00e9rien est d\u00e9sormais un march\u00e9 prometteur car l&rsquo;Alg\u00e9rie rec\u00e8le de r\u00e9serves et de grandes potentialit\u00e9s du marbre d&rsquo;une qualit\u00e9 sup\u00e9rieure\u00a0\u00bb, conclut a m\u00eame source. Cette rencontre vient \u00ab\u00a0en ex\u00e9cution des recommandations du Conseil des ministres tenu le 30 avril 2023, portant sur le d\u00e9veloppement de la fili\u00e8re du marbre, l&rsquo;interdiction de l&rsquo;importation du marbre pr\u00eat \u00e0 l&#8217;emploi et l&rsquo;encouragement des startup \u00e0 acc\u00e9der \u00e0 cette fili\u00e8re et \u00e0 la d\u00e9velopper par le recours aux technologies pointe\u00a0\u00bb, pr\u00e9cise-t-on. Il est utile de noter que l\u2019Alg\u00e9rie dispose d\u2019un important potentiel en marbre, notamment un important gisement de marbre blanc dans la wilaya de Skikda, de marbre rouge dans \u00e0 Kristel \u00e0 Oran et enfin de marbre vert ou bleu dans le sud du pays.<\/p>\n\n\n\n<p><strong>Hocine Fadheli<\/strong><\/p>\n","protected":false},"excerpt":{"rendered":"<p>L\u2019Alg\u00e9rie et l\u2019Italie entendent approfondir leur coop\u00e9ration dans l\u2019exploitation du marbre. Une coop\u00e9ration s\u2019impose de mani\u00e8re naturelle, non seulement au<\/p>\n","protected":false},"author":3,"featured_media":40872,"comment_status":"open","ping_status":"closed","sticky":false,"template":"","format":"standard","meta":{"colormag_page_container_layout":"default_layout","colormag_page_sidebar_layout":"default_layout","om_disable_all_campaigns":false,"_monsterinsights_skip_tracking":false,"_monsterinsights_sitenote_active":false,"_monsterinsights_sitenote_note":"","_monsterinsights_sitenote_category":0,"footnotes":"","_wpscppro_dont_share_socialmedia":false,"_wpscppro_custom_social_share_image":0,"_facebook_share_type":"","_twitter_share_type":"","_linkedin_share_type":"","_pinterest_share_type":"","_linkedin_share_type_page":"","_instagram_share_type":"","_medium_share_type":"","_threads_share_type":"","_google_business_share_type":"","_selected_social_profile":[],"_wpsp_enable_custom_social_template":false,"_wpsp_social_scheduling":{"enabled":false,"datetime":null,"platforms":[],"status":"template_only","dateOption":"today","timeOption":"now","customDays":"","customHours":"","customDate":"","customTime":"","schedulingType":"absolute"},"_wpsp_active_default_template":true},"categories":[27],"tags":[],"class_list":["post-40863","post","type-post","status-publish","format-standard","has-post-thumbnail","hentry","category-actualite"],"aioseo_notices":[],"yoast_head":"<!-- This site is optimized with the Yoast SEO plugin v27.4 - https:\/\/yoast.com\/product\/yoast-seo-wordpress\/ -->\n<title>Mines\u00a0: Les Italiens s\u2019int\u00e9ressent au marbre alg\u00e9rien - La Sentinelle<\/title>\n<meta name=\"robots\" content=\"index, follow, max-snippet:-1, max-image-preview:large, max-video-preview:-1\" \/>\n<link rel=\"canonical\" href=\"https:\/\/lasentinelle.dz\/index.php\/2023\/05\/10\/mines-les-italiens-sinteressent-au-marbre-algerien\/\" \/>\n<meta property=\"og:locale\" content=\"fr_FR\" \/>\n<meta property=\"og:type\" content=\"article\" \/>\n<meta property=\"og:title\" content=\"Mines\u00a0: Les Italiens s\u2019int\u00e9ressent au marbre alg\u00e9rien - La Sentinelle\" \/>\n<meta property=\"og:description\" content=\"L\u2019Alg\u00e9rie et l\u2019Italie entendent approfondir leur coop\u00e9ration dans l\u2019exploitation du marbre. Une coop\u00e9ration s\u2019impose de mani\u00e8re naturelle, non seulement au\" \/>\n<meta property=\"og:url\" content=\"https:\/\/lasentinelle.dz\/index.php\/2023\/05\/10\/mines-les-italiens-sinteressent-au-marbre-algerien\/\" \/>\n<meta property=\"og:site_name\" content=\"La Sentinelle\" \/>\n<meta property=\"article:publisher\" content=\"https:\/\/www.facebook.com\/La-Sentinelle-104059864394773\" \/>\n<meta property=\"article:published_time\" content=\"2023-05-10T21:05:00+00:00\" \/>\n<meta property=\"og:image\" content=\"https:\/\/lasentinelle.dz\/wp-content\/uploads\/2023\/05\/marbr-1024x430.png\" \/>\n\t<meta property=\"og:image:width\" content=\"1024\" \/>\n\t<meta property=\"og:image:height\" content=\"430\" \/>\n\t<meta property=\"og:image:type\" content=\"image\/png\" \/>\n<meta name=\"author\" content=\"La Sentinelle\" \/>\n<meta name=\"twitter:card\" content=\"summary_large_image\" \/>\n<meta name=\"twitter:label1\" content=\"\u00c9crit par\" \/>\n\t<meta name=\"twitter:data1\" content=\"La Sentinelle\" \/>\n\t<meta name=\"twitter:label2\" content=\"Dur\u00e9e de lecture estim\u00e9e\" \/>\n\t<meta name=\"twitter:data2\" content=\"3 minutes\" \/>\n<script type=\"application\/ld+json\" class=\"yoast-schema-graph\">{\"@context\":\"https:\\\/\\\/schema.org\",\"@graph\":[{\"@type\":\"Article\",\"@id\":\"https:\\\/\\\/lasentinelle.dz\\\/index.php\\\/2023\\\/05\\\/10\\\/mines-les-italiens-sinteressent-au-marbre-algerien\\\/#article\",\"isPartOf\":{\"@id\":\"https:\\\/\\\/lasentinelle.dz\\\/index.php\\\/2023\\\/05\\\/10\\\/mines-les-italiens-sinteressent-au-marbre-algerien\\\/\"},\"author\":{\"name\":\"La Sentinelle\",\"@id\":\"https:\\\/\\\/lasentinelle.dz\\\/#\\\/schema\\\/person\\\/d865044e22e70a75174ce8bcad3acfb3\"},\"headline\":\"Mines\u00a0: Les Italiens s\u2019int\u00e9ressent au marbre alg\u00e9rien\",\"datePublished\":\"2023-05-10T21:05:00+00:00\",\"mainEntityOfPage\":{\"@id\":\"https:\\\/\\\/lasentinelle.dz\\\/index.php\\\/2023\\\/05\\\/10\\\/mines-les-italiens-sinteressent-au-marbre-algerien\\\/\"},\"wordCount\":652,\"commentCount\":0,\"publisher\":{\"@id\":\"https:\\\/\\\/lasentinelle.dz\\\/#organization\"},\"image\":{\"@id\":\"https:\\\/\\\/lasentinelle.dz\\\/index.php\\\/2023\\\/05\\\/10\\\/mines-les-italiens-sinteressent-au-marbre-algerien\\\/#primaryimage\"},\"thumbnailUrl\":\"https:\\\/\\\/lasentinelle.dz\\\/wp-content\\\/uploads\\\/2023\\\/05\\\/marbr.png\",\"articleSection\":[\"Actualit\u00e9\"],\"inLanguage\":\"fr-FR\",\"potentialAction\":[{\"@type\":\"CommentAction\",\"name\":\"Comment\",\"target\":[\"https:\\\/\\\/lasentinelle.dz\\\/index.php\\\/2023\\\/05\\\/10\\\/mines-les-italiens-sinteressent-au-marbre-algerien\\\/#respond\"]}]},{\"@type\":\"WebPage\",\"@id\":\"https:\\\/\\\/lasentinelle.dz\\\/index.php\\\/2023\\\/05\\\/10\\\/mines-les-italiens-sinteressent-au-marbre-algerien\\\/\",\"url\":\"https:\\\/\\\/lasentinelle.dz\\\/index.php\\\/2023\\\/05\\\/10\\\/mines-les-italiens-sinteressent-au-marbre-algerien\\\/\",\"name\":\"Mines\u00a0: Les Italiens s\u2019int\u00e9ressent au marbre alg\u00e9rien - La Sentinelle\",\"isPartOf\":{\"@id\":\"https:\\\/\\\/lasentinelle.dz\\\/#website\"},\"primaryImageOfPage\":{\"@id\":\"https:\\\/\\\/lasentinelle.dz\\\/index.php\\\/2023\\\/05\\\/10\\\/mines-les-italiens-sinteressent-au-marbre-algerien\\\/#primaryimage\"},\"image\":{\"@id\":\"https:\\\/\\\/lasentinelle.dz\\\/index.php\\\/2023\\\/05\\\/10\\\/mines-les-italiens-sinteressent-au-marbre-algerien\\\/#primaryimage\"},\"thumbnailUrl\":\"https:\\\/\\\/lasentinelle.dz\\\/wp-content\\\/uploads\\\/2023\\\/05\\\/marbr.png\",\"datePublished\":\"2023-05-10T21:05:00+00:00\",\"breadcrumb\":{\"@id\":\"https:\\\/\\\/lasentinelle.dz\\\/index.php\\\/2023\\\/05\\\/10\\\/mines-les-italiens-sinteressent-au-marbre-algerien\\\/#breadcrumb\"},\"inLanguage\":\"fr-FR\",\"potentialAction\":[{\"@type\":\"ReadAction\",\"target\":[\"https:\\\/\\\/lasentinelle.dz\\\/index.php\\\/2023\\\/05\\\/10\\\/mines-les-italiens-sinteressent-au-marbre-algerien\\\/\"]}]},{\"@type\":\"ImageObject\",\"inLanguage\":\"fr-FR\",\"@id\":\"https:\\\/\\\/lasentinelle.dz\\\/index.php\\\/2023\\\/05\\\/10\\\/mines-les-italiens-sinteressent-au-marbre-algerien\\\/#primaryimage\",\"url\":\"https:\\\/\\\/lasentinelle.dz\\\/wp-content\\\/uploads\\\/2023\\\/05\\\/marbr.png\",\"contentUrl\":\"https:\\\/\\\/lasentinelle.dz\\\/wp-content\\\/uploads\\\/2023\\\/05\\\/marbr.png\",\"width\":2144,\"height\":900},{\"@type\":\"BreadcrumbList\",\"@id\":\"https:\\\/\\\/lasentinelle.dz\\\/index.php\\\/2023\\\/05\\\/10\\\/mines-les-italiens-sinteressent-au-marbre-algerien\\\/#breadcrumb\",\"itemListElement\":[{\"@type\":\"ListItem\",\"position\":1,\"name\":\"Accueil\",\"item\":\"https:\\\/\\\/lasentinelle.dz\\\/\"},{\"@type\":\"ListItem\",\"position\":2,\"name\":\"Mines\u00a0: Les Italiens s\u2019int\u00e9ressent au marbre alg\u00e9rien\"}]},{\"@type\":\"WebSite\",\"@id\":\"https:\\\/\\\/lasentinelle.dz\\\/#website\",\"url\":\"https:\\\/\\\/lasentinelle.dz\\\/\",\"name\":\"La Sentinelle\",\"description\":\"Quotidien national d&#039;information\",\"publisher\":{\"@id\":\"https:\\\/\\\/lasentinelle.dz\\\/#organization\"},\"potentialAction\":[{\"@type\":\"SearchAction\",\"target\":{\"@type\":\"EntryPoint\",\"urlTemplate\":\"https:\\\/\\\/lasentinelle.dz\\\/?s={search_term_string}\"},\"query-input\":{\"@type\":\"PropertyValueSpecification\",\"valueRequired\":true,\"valueName\":\"search_term_string\"}}],\"inLanguage\":\"fr-FR\"},{\"@type\":\"Organization\",\"@id\":\"https:\\\/\\\/lasentinelle.dz\\\/#organization\",\"name\":\"Quotidien La Sentinelle\",\"url\":\"https:\\\/\\\/lasentinelle.dz\\\/\",\"logo\":{\"@type\":\"ImageObject\",\"inLanguage\":\"fr-FR\",\"@id\":\"https:\\\/\\\/lasentinelle.dz\\\/#\\\/schema\\\/logo\\\/image\\\/\",\"url\":\"https:\\\/\\\/lasentinelle.dz\\\/wp-content\\\/uploads\\\/2021\\\/09\\\/logo-sentinelleSLOGAN-1.png\",\"contentUrl\":\"https:\\\/\\\/lasentinelle.dz\\\/wp-content\\\/uploads\\\/2021\\\/09\\\/logo-sentinelleSLOGAN-1.png\",\"width\":615,\"height\":142,\"caption\":\"Quotidien La Sentinelle\"},\"image\":{\"@id\":\"https:\\\/\\\/lasentinelle.dz\\\/#\\\/schema\\\/logo\\\/image\\\/\"},\"sameAs\":[\"https:\\\/\\\/www.facebook.com\\\/La-Sentinelle-104059864394773\"]},{\"@type\":\"Person\",\"@id\":\"https:\\\/\\\/lasentinelle.dz\\\/#\\\/schema\\\/person\\\/d865044e22e70a75174ce8bcad3acfb3\",\"name\":\"La Sentinelle\",\"image\":{\"@type\":\"ImageObject\",\"inLanguage\":\"fr-FR\",\"@id\":\"https:\\\/\\\/secure.gravatar.com\\\/avatar\\\/57de8e5d4b15d43fb361a71fbb36338450fe67865b528a43dd10ef7c51a20392?s=96&d=mm&r=g\",\"url\":\"https:\\\/\\\/secure.gravatar.com\\\/avatar\\\/57de8e5d4b15d43fb361a71fbb36338450fe67865b528a43dd10ef7c51a20392?s=96&d=mm&r=g\",\"contentUrl\":\"https:\\\/\\\/secure.gravatar.com\\\/avatar\\\/57de8e5d4b15d43fb361a71fbb36338450fe67865b528a43dd10ef7c51a20392?s=96&d=mm&r=g\",\"caption\":\"La Sentinelle\"},\"sameAs\":[\"http:\\\/\\\/www.lasentinelle.dz\"],\"url\":\"https:\\\/\\\/lasentinelle.dz\\\/author\\\/redaction\\\/\"}]}<\/script>\n<!-- \/ Yoast SEO plugin. -->","yoast_head_json":{"title":"Mines\u00a0: Les Italiens s\u2019int\u00e9ressent au marbre alg\u00e9rien - La Sentinelle","robots":{"index":"index","follow":"follow","max-snippet":"max-snippet:-1","max-image-preview":"max-image-preview:large","max-video-preview":"max-video-preview:-1"},"canonical":"https:\/\/lasentinelle.dz\/index.php\/2023\/05\/10\/mines-les-italiens-sinteressent-au-marbre-algerien\/","og_locale":"fr_FR","og_type":"article","og_title":"Mines\u00a0: Les Italiens s\u2019int\u00e9ressent au marbre alg\u00e9rien - La Sentinelle","og_description":"L\u2019Alg\u00e9rie et l\u2019Italie entendent approfondir leur coop\u00e9ration dans l\u2019exploitation du marbre. Une coop\u00e9ration s\u2019impose de mani\u00e8re naturelle, non seulement au","og_url":"https:\/\/lasentinelle.dz\/index.php\/2023\/05\/10\/mines-les-italiens-sinteressent-au-marbre-algerien\/","og_site_name":"La Sentinelle","article_publisher":"https:\/\/www.facebook.com\/La-Sentinelle-104059864394773","article_published_time":"2023-05-10T21:05:00+00:00","og_image":[{"width":1024,"height":430,"url":"https:\/\/lasentinelle.dz\/wp-content\/uploads\/2023\/05\/marbr-1024x430.png","type":"image\/png"}],"author":"La Sentinelle","twitter_card":"summary_large_image","twitter_misc":{"\u00c9crit par":"La Sentinelle","Dur\u00e9e de lecture estim\u00e9e":"3 minutes"},"schema":{"@context":"https:\/\/schema.org","@graph":[{"@type":"Article","@id":"https:\/\/lasentinelle.dz\/index.php\/2023\/05\/10\/mines-les-italiens-sinteressent-au-marbre-algerien\/#article","isPartOf":{"@id":"https:\/\/lasentinelle.dz\/index.php\/2023\/05\/10\/mines-les-italiens-sinteressent-au-marbre-algerien\/"},"author":{"name":"La Sentinelle","@id":"https:\/\/lasentinelle.dz\/#\/schema\/person\/d865044e22e70a75174ce8bcad3acfb3"},"headline":"Mines\u00a0: Les Italiens s\u2019int\u00e9ressent au marbre alg\u00e9rien","datePublished":"2023-05-10T21:05:00+00:00","mainEntityOfPage":{"@id":"https:\/\/lasentinelle.dz\/index.php\/2023\/05\/10\/mines-les-italiens-sinteressent-au-marbre-algerien\/"},"wordCount":652,"commentCount":0,"publisher":{"@id":"https:\/\/lasentinelle.dz\/#organization"},"image":{"@id":"https:\/\/lasentinelle.dz\/index.php\/2023\/05\/10\/mines-les-italiens-sinteressent-au-marbre-algerien\/#primaryimage"},"thumbnailUrl":"https:\/\/lasentinelle.dz\/wp-content\/uploads\/2023\/05\/marbr.png","articleSection":["Actualit\u00e9"],"inLanguage":"fr-FR","potentialAction":[{"@type":"CommentAction","name":"Comment","target":["https:\/\/lasentinelle.dz\/index.php\/2023\/05\/10\/mines-les-italiens-sinteressent-au-marbre-algerien\/#respond"]}]},{"@type":"WebPage","@id":"https:\/\/lasentinelle.dz\/index.php\/2023\/05\/10\/mines-les-italiens-sinteressent-au-marbre-algerien\/","url":"https:\/\/lasentinelle.dz\/index.php\/2023\/05\/10\/mines-les-italiens-sinteressent-au-marbre-algerien\/","name":"Mines\u00a0: Les Italiens s\u2019int\u00e9ressent au marbre alg\u00e9rien - La Sentinelle","isPartOf":{"@id":"https:\/\/lasentinelle.dz\/#website"},"primaryImageOfPage":{"@id":"https:\/\/lasentinelle.dz\/index.php\/2023\/05\/10\/mines-les-italiens-sinteressent-au-marbre-algerien\/#primaryimage"},"image":{"@id":"https:\/\/lasentinelle.dz\/index.php\/2023\/05\/10\/mines-les-italiens-sinteressent-au-marbre-algerien\/#primaryimage"},"thumbnailUrl":"https:\/\/lasentinelle.dz\/wp-content\/uploads\/2023\/05\/marbr.png","datePublished":"2023-05-10T21:05:00+00:00","breadcrumb":{"@id":"https:\/\/lasentinelle.dz\/index.php\/2023\/05\/10\/mines-les-italiens-sinteressent-au-marbre-algerien\/#breadcrumb"},"inLanguage":"fr-FR","potentialAction":[{"@type":"ReadAction","target":["https:\/\/lasentinelle.dz\/index.php\/2023\/05\/10\/mines-les-italiens-sinteressent-au-marbre-algerien\/"]}]},{"@type":"ImageObject","inLanguage":"fr-FR","@id":"https:\/\/lasentinelle.dz\/index.php\/2023\/05\/10\/mines-les-italiens-sinteressent-au-marbre-algerien\/#primaryimage","url":"https:\/\/lasentinelle.dz\/wp-content\/uploads\/2023\/05\/marbr.png","contentUrl":"https:\/\/lasentinelle.dz\/wp-content\/uploads\/2023\/05\/marbr.png","width":2144,"height":900},{"@type":"BreadcrumbList","@id":"https:\/\/lasentinelle.dz\/index.php\/2023\/05\/10\/mines-les-italiens-sinteressent-au-marbre-algerien\/#breadcrumb","itemListElement":[{"@type":"ListItem","position":1,"name":"Accueil","item":"https:\/\/lasentinelle.dz\/"},{"@type":"ListItem","position":2,"name":"Mines\u00a0: Les Italiens s\u2019int\u00e9ressent au marbre alg\u00e9rien"}]},{"@type":"WebSite","@id":"https:\/\/lasentinelle.dz\/#website","url":"https:\/\/lasentinelle.dz\/","name":"La Sentinelle","description":"Quotidien national d&#039;information","publisher":{"@id":"https:\/\/lasentinelle.dz\/#organization"},"potentialAction":[{"@type":"SearchAction","target":{"@type":"EntryPoint","urlTemplate":"https:\/\/lasentinelle.dz\/?s={search_term_string}"},"query-input":{"@type":"PropertyValueSpecification","valueRequired":true,"valueName":"search_term_string"}}],"inLanguage":"fr-FR"},{"@type":"Organization","@id":"https:\/\/lasentinelle.dz\/#organization","name":"Quotidien La Sentinelle","url":"https:\/\/lasentinelle.dz\/","logo":{"@type":"ImageObject","inLanguage":"fr-FR","@id":"https:\/\/lasentinelle.dz\/#\/schema\/logo\/image\/","url":"https:\/\/lasentinelle.dz\/wp-content\/uploads\/2021\/09\/logo-sentinelleSLOGAN-1.png","contentUrl":"https:\/\/lasentinelle.dz\/wp-content\/uploads\/2021\/09\/logo-sentinelleSLOGAN-1.png","width":615,"height":142,"caption":"Quotidien La Sentinelle"},"image":{"@id":"https:\/\/lasentinelle.dz\/#\/schema\/logo\/image\/"},"sameAs":["https:\/\/www.facebook.com\/La-Sentinelle-104059864394773"]},{"@type":"Person","@id":"https:\/\/lasentinelle.dz\/#\/schema\/person\/d865044e22e70a75174ce8bcad3acfb3","name":"La Sentinelle","image":{"@type":"ImageObject","inLanguage":"fr-FR","@id":"https:\/\/secure.gravatar.com\/avatar\/57de8e5d4b15d43fb361a71fbb36338450fe67865b528a43dd10ef7c51a20392?s=96&d=mm&r=g","url":"https:\/\/secure.gravatar.com\/avatar\/57de8e5d4b15d43fb361a71fbb36338450fe67865b528a43dd10ef7c51a20392?s=96&d=mm&r=g","contentUrl":"https:\/\/secure.gravatar.com\/avatar\/57de8e5d4b15d43fb361a71fbb36338450fe67865b528a43dd10ef7c51a20392?s=96&d=mm&r=g","caption":"La Sentinelle"},"sameAs":["http:\/\/www.lasentinelle.dz"],"url":"https:\/\/lasentinelle.dz\/author\/redaction\/"}]}},"_links":{"self":[{"href":"https:\/\/lasentinelle.dz\/index.php\/wp-json\/wp\/v2\/posts\/40863","targetHints":{"allow":["GET"]}}],"collection":[{"href":"https:\/\/lasentinelle.dz\/index.php\/wp-json\/wp\/v2\/posts"}],"about":[{"href":"https:\/\/lasentinelle.dz\/index.php\/wp-json\/wp\/v2\/types\/post"}],"author":[{"embeddable":true,"href":"https:\/\/lasentinelle.dz\/index.php\/wp-json\/wp\/v2\/users\/3"}],"replies":[{"embeddable":true,"href":"https:\/\/lasentinelle.dz\/index.php\/wp-json\/wp\/v2\/comments?post=40863"}],"version-history":[{"count":1,"href":"https:\/\/lasentinelle.dz\/index.php\/wp-json\/wp\/v2\/posts\/40863\/revisions"}],"predecessor-version":[{"id":40873,"href":"https:\/\/lasentinelle.dz\/index.php\/wp-json\/wp\/v2\/posts\/40863\/revisions\/40873"}],"wp:featuredmedia":[{"embeddable":true,"href":"https:\/\/lasentinelle.dz\/index.php\/wp-json\/wp\/v2\/media\/40872"}],"wp:attachment":[{"href":"https:\/\/lasentinelle.dz\/index.php\/wp-json\/wp\/v2\/media?parent=40863"}],"wp:term":[{"taxonomy":"category","embeddable":true,"href":"https:\/\/lasentinelle.dz\/index.php\/wp-json\/wp\/v2\/categories?post=40863"},{"taxonomy":"post_tag","embeddable":true,"href":"https:\/\/lasentinelle.dz\/index.php\/wp-json\/wp\/v2\/tags?post=40863"}],"curies":[{"name":"wp","href":"https:\/\/api.w.org\/{rel}","templated":true}]}}