{"id":40899,"date":"2023-05-13T22:05:00","date_gmt":"2023-05-13T21:05:00","guid":{"rendered":"https:\/\/lasentinelle.dz\/?p=40899"},"modified":"2023-05-13T16:23:14","modified_gmt":"2023-05-13T15:23:14","slug":"cooperation-algero-nigeriane-une-delegation-du-nipss-en-visite-en-algerie","status":"publish","type":"post","link":"https:\/\/lasentinelle.dz\/index.php\/2023\/05\/13\/cooperation-algero-nigeriane-une-delegation-du-nipss-en-visite-en-algerie\/","title":{"rendered":"Coop\u00e9ration alg\u00e9ro-nig\u00e9riane\u00a0: Une d\u00e9l\u00e9gation du NIPSS en visite en Alg\u00e9rie"},"content":{"rendered":"\n<p>Une importante d\u00e9l\u00e9gation de l&rsquo;Institut national des \u00e9tudes politiques et strat\u00e9giques (NIPSS) du Nigeria effectuera \u00e0 partir d\u2019aujourd\u2019hui et jusqu&rsquo;au 21 mai, une visite en Alg\u00e9rie, a-t-on appris de l&rsquo;Institut National d&rsquo;Etudes de Strat\u00e9gie Globales (INESG). Au menu de la visite, des infrastructures et des projets dans plusieurs wilayas du pays et des conf\u00e9rences sur des th\u00e8mes li\u00e9s \u00e0 l&rsquo;industrie, l&rsquo;\u00e9nergie et l&rsquo;environnement.<\/p>\n\n\n\n<p>La d\u00e9l\u00e9gation nig\u00e9riane se rendra, dans ce cadre, dans plus de 40 sites r\u00e9partis sur 11 wilayas (Alger, Oran, Laghouat, Timimoun, Ouargla, Constantine, Skikda, Annaba, S\u00e9tif, Gharda\u00efa et Bejaia), afin de visiter diff\u00e9rentes infrastructures et projets industriels et \u00e9nerg\u00e9tiques, des sites relevant du domaine de l&rsquo;agriculture et de l&rsquo;industrie pharmaceutique, mais aussi des instituts de formation et autres centres de recherche. Cette visite, qui constitue une opportunit\u00e9 idoine d&rsquo;\u00e9change de vues et d&rsquo;exp\u00e9riences entre la d\u00e9l\u00e9gation nig\u00e9riane et les responsables et experts alg\u00e9riens, entre dans le cadre du renforcement de la coop\u00e9ration entre les deux pays, marqu\u00e9e par d&rsquo;importants projets initi\u00e9s conjointement. Il s&rsquo;agit notamment du gazoduc Alger-Lagos, de la route transsaharienne et de la dorsale transsaharienne \u00e0 fibre optique, des projets structurants d&rsquo;int\u00e9r\u00eat strat\u00e9gique sur le plan r\u00e9gional et continental sur lesquels les deux pays travaillent en collaboration. La coop\u00e9ration \u00e9conomique entre les deux pays africains, membres de la Zone de libre-\u00e9change continentale africaine (ZLECAF) est \u00e9galement marqu\u00e9e par des \u00e9changes commerciaux en nette hausse, passant de moins de 2 million de dollars en 2021 \u00e0 plus de 100 millions de dollars en 2022, avec une balance commerciale bilat\u00e9rale largement exc\u00e9dentaire pour l&rsquo;Alg\u00e9rie, portant sur divers produits \u00e9chang\u00e9s, dont le p\u00e9trole raffin\u00e9, les d\u00e9riv\u00e9s du p\u00e9trole, les engrais, les produits chimiques et m\u00e9talliques et les produits agroalimentaires. Des \u00e9changes appel\u00e9s \u00e0 progresser davantage apr\u00e8s la cr\u00e9ation, en novembre 2022, du conseil d&rsquo;affaires alg\u00e9ro-nig\u00e9rian, renfor\u00e7ant les perspectives de l&rsquo;Alg\u00e9rie d&rsquo;\u00e9largir ses exportations vers le Nigeria, notamment pour ce qui est des produits agricoles, industriels, pharmaceutiques et textiles.<\/p>\n\n\n\n<p>R.N.<\/p>\n","protected":false},"excerpt":{"rendered":"<p>Une importante d\u00e9l\u00e9gation de l&rsquo;Institut national des \u00e9tudes politiques et strat\u00e9giques (NIPSS) du Nigeria effectuera \u00e0 partir d\u2019aujourd\u2019hui et jusqu&rsquo;au<\/p>\n","protected":false},"author":3,"featured_media":40907,"comment_status":"open","ping_status":"closed","sticky":false,"template":"","format":"standard","meta":{"colormag_page_container_layout":"default_layout","colormag_page_sidebar_layout":"default_layout","om_disable_all_campaigns":false,"_monsterinsights_skip_tracking":false,"_monsterinsights_sitenote_active":false,"_monsterinsights_sitenote_note":"","_monsterinsights_sitenote_category":0,"footnotes":"","_wpscppro_dont_share_socialmedia":false,"_wpscppro_custom_social_share_image":0,"_facebook_share_type":"","_twitter_share_type":"","_linkedin_share_type":"","_pinterest_share_type":"","_linkedin_share_type_page":"","_instagram_share_type":"","_medium_share_type":"","_threads_share_type":"","_google_business_share_type":"","_selected_social_profile":[],"_wpsp_enable_custom_social_template":false,"_wpsp_social_scheduling":{"enabled":false,"datetime":null,"platforms":[],"status":"template_only","dateOption":"today","timeOption":"now","customDays":"","customHours":"","customDate":"","customTime":"","schedulingType":"absolute"},"_wpsp_active_default_template":true},"categories":[27],"tags":[],"class_list":["post-40899","post","type-post","status-publish","format-standard","has-post-thumbnail","hentry","category-actualite"],"aioseo_notices":[],"yoast_head":"<!-- This site is optimized with the Yoast SEO plugin v27.5 - https:\/\/yoast.com\/product\/yoast-seo-wordpress\/ -->\n<title>Coop\u00e9ration alg\u00e9ro-nig\u00e9riane\u00a0: Une d\u00e9l\u00e9gation du NIPSS en visite en Alg\u00e9rie - La Sentinelle<\/title>\n<meta name=\"robots\" content=\"index, follow, max-snippet:-1, max-image-preview:large, max-video-preview:-1\" \/>\n<link rel=\"canonical\" href=\"https:\/\/lasentinelle.dz\/index.php\/2023\/05\/13\/cooperation-algero-nigeriane-une-delegation-du-nipss-en-visite-en-algerie\/\" \/>\n<meta property=\"og:locale\" content=\"fr_FR\" \/>\n<meta property=\"og:type\" content=\"article\" \/>\n<meta property=\"og:title\" content=\"Coop\u00e9ration alg\u00e9ro-nig\u00e9riane\u00a0: Une d\u00e9l\u00e9gation du NIPSS en visite en Alg\u00e9rie - La Sentinelle\" \/>\n<meta property=\"og:description\" content=\"Une importante d\u00e9l\u00e9gation de l&rsquo;Institut national des \u00e9tudes politiques et strat\u00e9giques (NIPSS) du Nigeria effectuera \u00e0 partir d\u2019aujourd\u2019hui et jusqu&rsquo;au\" \/>\n<meta property=\"og:url\" content=\"https:\/\/lasentinelle.dz\/index.php\/2023\/05\/13\/cooperation-algero-nigeriane-une-delegation-du-nipss-en-visite-en-algerie\/\" \/>\n<meta property=\"og:site_name\" content=\"La Sentinelle\" \/>\n<meta property=\"article:publisher\" content=\"https:\/\/www.facebook.com\/La-Sentinelle-104059864394773\" \/>\n<meta property=\"article:published_time\" content=\"2023-05-13T21:05:00+00:00\" \/>\n<meta property=\"og:image\" content=\"https:\/\/lasentinelle.dz\/wp-content\/uploads\/2023\/05\/image_2023-05-13_162254342.png\" \/>\n\t<meta property=\"og:image:width\" content=\"640\" \/>\n\t<meta property=\"og:image:height\" content=\"427\" \/>\n\t<meta property=\"og:image:type\" content=\"image\/png\" \/>\n<meta name=\"author\" content=\"La Sentinelle\" \/>\n<meta name=\"twitter:card\" content=\"summary_large_image\" \/>\n<meta name=\"twitter:label1\" content=\"\u00c9crit par\" \/>\n\t<meta name=\"twitter:data1\" content=\"La Sentinelle\" \/>\n\t<meta name=\"twitter:label2\" content=\"Dur\u00e9e de lecture estim\u00e9e\" \/>\n\t<meta name=\"twitter:data2\" content=\"2 minutes\" \/>\n<script type=\"application\/ld+json\" class=\"yoast-schema-graph\">{\"@context\":\"https:\\\/\\\/schema.org\",\"@graph\":[{\"@type\":\"Article\",\"@id\":\"https:\\\/\\\/lasentinelle.dz\\\/index.php\\\/2023\\\/05\\\/13\\\/cooperation-algero-nigeriane-une-delegation-du-nipss-en-visite-en-algerie\\\/#article\",\"isPartOf\":{\"@id\":\"https:\\\/\\\/lasentinelle.dz\\\/index.php\\\/2023\\\/05\\\/13\\\/cooperation-algero-nigeriane-une-delegation-du-nipss-en-visite-en-algerie\\\/\"},\"author\":{\"name\":\"La Sentinelle\",\"@id\":\"https:\\\/\\\/lasentinelle.dz\\\/#\\\/schema\\\/person\\\/d865044e22e70a75174ce8bcad3acfb3\"},\"headline\":\"Coop\u00e9ration alg\u00e9ro-nig\u00e9riane\u00a0: Une d\u00e9l\u00e9gation du NIPSS en visite en Alg\u00e9rie\",\"datePublished\":\"2023-05-13T21:05:00+00:00\",\"mainEntityOfPage\":{\"@id\":\"https:\\\/\\\/lasentinelle.dz\\\/index.php\\\/2023\\\/05\\\/13\\\/cooperation-algero-nigeriane-une-delegation-du-nipss-en-visite-en-algerie\\\/\"},\"wordCount\":392,\"commentCount\":0,\"publisher\":{\"@id\":\"https:\\\/\\\/lasentinelle.dz\\\/#organization\"},\"image\":{\"@id\":\"https:\\\/\\\/lasentinelle.dz\\\/index.php\\\/2023\\\/05\\\/13\\\/cooperation-algero-nigeriane-une-delegation-du-nipss-en-visite-en-algerie\\\/#primaryimage\"},\"thumbnailUrl\":\"https:\\\/\\\/lasentinelle.dz\\\/wp-content\\\/uploads\\\/2023\\\/05\\\/image_2023-05-13_162254342.png\",\"articleSection\":[\"Actualit\u00e9\"],\"inLanguage\":\"fr-FR\",\"potentialAction\":[{\"@type\":\"CommentAction\",\"name\":\"Comment\",\"target\":[\"https:\\\/\\\/lasentinelle.dz\\\/index.php\\\/2023\\\/05\\\/13\\\/cooperation-algero-nigeriane-une-delegation-du-nipss-en-visite-en-algerie\\\/#respond\"]}]},{\"@type\":\"WebPage\",\"@id\":\"https:\\\/\\\/lasentinelle.dz\\\/index.php\\\/2023\\\/05\\\/13\\\/cooperation-algero-nigeriane-une-delegation-du-nipss-en-visite-en-algerie\\\/\",\"url\":\"https:\\\/\\\/lasentinelle.dz\\\/index.php\\\/2023\\\/05\\\/13\\\/cooperation-algero-nigeriane-une-delegation-du-nipss-en-visite-en-algerie\\\/\",\"name\":\"Coop\u00e9ration alg\u00e9ro-nig\u00e9riane\u00a0: Une d\u00e9l\u00e9gation du NIPSS en visite en Alg\u00e9rie - La Sentinelle\",\"isPartOf\":{\"@id\":\"https:\\\/\\\/lasentinelle.dz\\\/#website\"},\"primaryImageOfPage\":{\"@id\":\"https:\\\/\\\/lasentinelle.dz\\\/index.php\\\/2023\\\/05\\\/13\\\/cooperation-algero-nigeriane-une-delegation-du-nipss-en-visite-en-algerie\\\/#primaryimage\"},\"image\":{\"@id\":\"https:\\\/\\\/lasentinelle.dz\\\/index.php\\\/2023\\\/05\\\/13\\\/cooperation-algero-nigeriane-une-delegation-du-nipss-en-visite-en-algerie\\\/#primaryimage\"},\"thumbnailUrl\":\"https:\\\/\\\/lasentinelle.dz\\\/wp-content\\\/uploads\\\/2023\\\/05\\\/image_2023-05-13_162254342.png\",\"datePublished\":\"2023-05-13T21:05:00+00:00\",\"breadcrumb\":{\"@id\":\"https:\\\/\\\/lasentinelle.dz\\\/index.php\\\/2023\\\/05\\\/13\\\/cooperation-algero-nigeriane-une-delegation-du-nipss-en-visite-en-algerie\\\/#breadcrumb\"},\"inLanguage\":\"fr-FR\",\"potentialAction\":[{\"@type\":\"ReadAction\",\"target\":[\"https:\\\/\\\/lasentinelle.dz\\\/index.php\\\/2023\\\/05\\\/13\\\/cooperation-algero-nigeriane-une-delegation-du-nipss-en-visite-en-algerie\\\/\"]}]},{\"@type\":\"ImageObject\",\"inLanguage\":\"fr-FR\",\"@id\":\"https:\\\/\\\/lasentinelle.dz\\\/index.php\\\/2023\\\/05\\\/13\\\/cooperation-algero-nigeriane-une-delegation-du-nipss-en-visite-en-algerie\\\/#primaryimage\",\"url\":\"https:\\\/\\\/lasentinelle.dz\\\/wp-content\\\/uploads\\\/2023\\\/05\\\/image_2023-05-13_162254342.png\",\"contentUrl\":\"https:\\\/\\\/lasentinelle.dz\\\/wp-content\\\/uploads\\\/2023\\\/05\\\/image_2023-05-13_162254342.png\",\"width\":640,\"height\":427},{\"@type\":\"BreadcrumbList\",\"@id\":\"https:\\\/\\\/lasentinelle.dz\\\/index.php\\\/2023\\\/05\\\/13\\\/cooperation-algero-nigeriane-une-delegation-du-nipss-en-visite-en-algerie\\\/#breadcrumb\",\"itemListElement\":[{\"@type\":\"ListItem\",\"position\":1,\"name\":\"Accueil\",\"item\":\"https:\\\/\\\/lasentinelle.dz\\\/\"},{\"@type\":\"ListItem\",\"position\":2,\"name\":\"Coop\u00e9ration alg\u00e9ro-nig\u00e9riane\u00a0: Une d\u00e9l\u00e9gation du NIPSS en visite en Alg\u00e9rie\"}]},{\"@type\":\"WebSite\",\"@id\":\"https:\\\/\\\/lasentinelle.dz\\\/#website\",\"url\":\"https:\\\/\\\/lasentinelle.dz\\\/\",\"name\":\"La Sentinelle\",\"description\":\"Quotidien national d&#039;information\",\"publisher\":{\"@id\":\"https:\\\/\\\/lasentinelle.dz\\\/#organization\"},\"potentialAction\":[{\"@type\":\"SearchAction\",\"target\":{\"@type\":\"EntryPoint\",\"urlTemplate\":\"https:\\\/\\\/lasentinelle.dz\\\/?s={search_term_string}\"},\"query-input\":{\"@type\":\"PropertyValueSpecification\",\"valueRequired\":true,\"valueName\":\"search_term_string\"}}],\"inLanguage\":\"fr-FR\"},{\"@type\":\"Organization\",\"@id\":\"https:\\\/\\\/lasentinelle.dz\\\/#organization\",\"name\":\"Quotidien La Sentinelle\",\"url\":\"https:\\\/\\\/lasentinelle.dz\\\/\",\"logo\":{\"@type\":\"ImageObject\",\"inLanguage\":\"fr-FR\",\"@id\":\"https:\\\/\\\/lasentinelle.dz\\\/#\\\/schema\\\/logo\\\/image\\\/\",\"url\":\"https:\\\/\\\/lasentinelle.dz\\\/wp-content\\\/uploads\\\/2021\\\/09\\\/logo-sentinelleSLOGAN-1.png\",\"contentUrl\":\"https:\\\/\\\/lasentinelle.dz\\\/wp-content\\\/uploads\\\/2021\\\/09\\\/logo-sentinelleSLOGAN-1.png\",\"width\":615,\"height\":142,\"caption\":\"Quotidien La Sentinelle\"},\"image\":{\"@id\":\"https:\\\/\\\/lasentinelle.dz\\\/#\\\/schema\\\/logo\\\/image\\\/\"},\"sameAs\":[\"https:\\\/\\\/www.facebook.com\\\/La-Sentinelle-104059864394773\"]},{\"@type\":\"Person\",\"@id\":\"https:\\\/\\\/lasentinelle.dz\\\/#\\\/schema\\\/person\\\/d865044e22e70a75174ce8bcad3acfb3\",\"name\":\"La Sentinelle\",\"image\":{\"@type\":\"ImageObject\",\"inLanguage\":\"fr-FR\",\"@id\":\"https:\\\/\\\/secure.gravatar.com\\\/avatar\\\/57de8e5d4b15d43fb361a71fbb36338450fe67865b528a43dd10ef7c51a20392?s=96&d=mm&r=g\",\"url\":\"https:\\\/\\\/secure.gravatar.com\\\/avatar\\\/57de8e5d4b15d43fb361a71fbb36338450fe67865b528a43dd10ef7c51a20392?s=96&d=mm&r=g\",\"contentUrl\":\"https:\\\/\\\/secure.gravatar.com\\\/avatar\\\/57de8e5d4b15d43fb361a71fbb36338450fe67865b528a43dd10ef7c51a20392?s=96&d=mm&r=g\",\"caption\":\"La Sentinelle\"},\"sameAs\":[\"http:\\\/\\\/www.lasentinelle.dz\"],\"url\":\"https:\\\/\\\/lasentinelle.dz\\\/author\\\/redaction\\\/\"}]}<\/script>\n<!-- \/ Yoast SEO plugin. -->","yoast_head_json":{"title":"Coop\u00e9ration alg\u00e9ro-nig\u00e9riane\u00a0: Une d\u00e9l\u00e9gation du NIPSS en visite en Alg\u00e9rie - La Sentinelle","robots":{"index":"index","follow":"follow","max-snippet":"max-snippet:-1","max-image-preview":"max-image-preview:large","max-video-preview":"max-video-preview:-1"},"canonical":"https:\/\/lasentinelle.dz\/index.php\/2023\/05\/13\/cooperation-algero-nigeriane-une-delegation-du-nipss-en-visite-en-algerie\/","og_locale":"fr_FR","og_type":"article","og_title":"Coop\u00e9ration alg\u00e9ro-nig\u00e9riane\u00a0: Une d\u00e9l\u00e9gation du NIPSS en visite en Alg\u00e9rie - La Sentinelle","og_description":"Une importante d\u00e9l\u00e9gation de l&rsquo;Institut national des \u00e9tudes politiques et strat\u00e9giques (NIPSS) du Nigeria effectuera \u00e0 partir d\u2019aujourd\u2019hui et jusqu&rsquo;au","og_url":"https:\/\/lasentinelle.dz\/index.php\/2023\/05\/13\/cooperation-algero-nigeriane-une-delegation-du-nipss-en-visite-en-algerie\/","og_site_name":"La Sentinelle","article_publisher":"https:\/\/www.facebook.com\/La-Sentinelle-104059864394773","article_published_time":"2023-05-13T21:05:00+00:00","og_image":[{"width":640,"height":427,"url":"https:\/\/lasentinelle.dz\/wp-content\/uploads\/2023\/05\/image_2023-05-13_162254342.png","type":"image\/png"}],"author":"La Sentinelle","twitter_card":"summary_large_image","twitter_misc":{"\u00c9crit par":"La Sentinelle","Dur\u00e9e de lecture estim\u00e9e":"2 minutes"},"schema":{"@context":"https:\/\/schema.org","@graph":[{"@type":"Article","@id":"https:\/\/lasentinelle.dz\/index.php\/2023\/05\/13\/cooperation-algero-nigeriane-une-delegation-du-nipss-en-visite-en-algerie\/#article","isPartOf":{"@id":"https:\/\/lasentinelle.dz\/index.php\/2023\/05\/13\/cooperation-algero-nigeriane-une-delegation-du-nipss-en-visite-en-algerie\/"},"author":{"name":"La Sentinelle","@id":"https:\/\/lasentinelle.dz\/#\/schema\/person\/d865044e22e70a75174ce8bcad3acfb3"},"headline":"Coop\u00e9ration alg\u00e9ro-nig\u00e9riane\u00a0: Une d\u00e9l\u00e9gation du NIPSS en visite en Alg\u00e9rie","datePublished":"2023-05-13T21:05:00+00:00","mainEntityOfPage":{"@id":"https:\/\/lasentinelle.dz\/index.php\/2023\/05\/13\/cooperation-algero-nigeriane-une-delegation-du-nipss-en-visite-en-algerie\/"},"wordCount":392,"commentCount":0,"publisher":{"@id":"https:\/\/lasentinelle.dz\/#organization"},"image":{"@id":"https:\/\/lasentinelle.dz\/index.php\/2023\/05\/13\/cooperation-algero-nigeriane-une-delegation-du-nipss-en-visite-en-algerie\/#primaryimage"},"thumbnailUrl":"https:\/\/lasentinelle.dz\/wp-content\/uploads\/2023\/05\/image_2023-05-13_162254342.png","articleSection":["Actualit\u00e9"],"inLanguage":"fr-FR","potentialAction":[{"@type":"CommentAction","name":"Comment","target":["https:\/\/lasentinelle.dz\/index.php\/2023\/05\/13\/cooperation-algero-nigeriane-une-delegation-du-nipss-en-visite-en-algerie\/#respond"]}]},{"@type":"WebPage","@id":"https:\/\/lasentinelle.dz\/index.php\/2023\/05\/13\/cooperation-algero-nigeriane-une-delegation-du-nipss-en-visite-en-algerie\/","url":"https:\/\/lasentinelle.dz\/index.php\/2023\/05\/13\/cooperation-algero-nigeriane-une-delegation-du-nipss-en-visite-en-algerie\/","name":"Coop\u00e9ration alg\u00e9ro-nig\u00e9riane\u00a0: Une d\u00e9l\u00e9gation du NIPSS en visite en Alg\u00e9rie - La Sentinelle","isPartOf":{"@id":"https:\/\/lasentinelle.dz\/#website"},"primaryImageOfPage":{"@id":"https:\/\/lasentinelle.dz\/index.php\/2023\/05\/13\/cooperation-algero-nigeriane-une-delegation-du-nipss-en-visite-en-algerie\/#primaryimage"},"image":{"@id":"https:\/\/lasentinelle.dz\/index.php\/2023\/05\/13\/cooperation-algero-nigeriane-une-delegation-du-nipss-en-visite-en-algerie\/#primaryimage"},"thumbnailUrl":"https:\/\/lasentinelle.dz\/wp-content\/uploads\/2023\/05\/image_2023-05-13_162254342.png","datePublished":"2023-05-13T21:05:00+00:00","breadcrumb":{"@id":"https:\/\/lasentinelle.dz\/index.php\/2023\/05\/13\/cooperation-algero-nigeriane-une-delegation-du-nipss-en-visite-en-algerie\/#breadcrumb"},"inLanguage":"fr-FR","potentialAction":[{"@type":"ReadAction","target":["https:\/\/lasentinelle.dz\/index.php\/2023\/05\/13\/cooperation-algero-nigeriane-une-delegation-du-nipss-en-visite-en-algerie\/"]}]},{"@type":"ImageObject","inLanguage":"fr-FR","@id":"https:\/\/lasentinelle.dz\/index.php\/2023\/05\/13\/cooperation-algero-nigeriane-une-delegation-du-nipss-en-visite-en-algerie\/#primaryimage","url":"https:\/\/lasentinelle.dz\/wp-content\/uploads\/2023\/05\/image_2023-05-13_162254342.png","contentUrl":"https:\/\/lasentinelle.dz\/wp-content\/uploads\/2023\/05\/image_2023-05-13_162254342.png","width":640,"height":427},{"@type":"BreadcrumbList","@id":"https:\/\/lasentinelle.dz\/index.php\/2023\/05\/13\/cooperation-algero-nigeriane-une-delegation-du-nipss-en-visite-en-algerie\/#breadcrumb","itemListElement":[{"@type":"ListItem","position":1,"name":"Accueil","item":"https:\/\/lasentinelle.dz\/"},{"@type":"ListItem","position":2,"name":"Coop\u00e9ration alg\u00e9ro-nig\u00e9riane\u00a0: Une d\u00e9l\u00e9gation du NIPSS en visite en Alg\u00e9rie"}]},{"@type":"WebSite","@id":"https:\/\/lasentinelle.dz\/#website","url":"https:\/\/lasentinelle.dz\/","name":"La Sentinelle","description":"Quotidien national d&#039;information","publisher":{"@id":"https:\/\/lasentinelle.dz\/#organization"},"potentialAction":[{"@type":"SearchAction","target":{"@type":"EntryPoint","urlTemplate":"https:\/\/lasentinelle.dz\/?s={search_term_string}"},"query-input":{"@type":"PropertyValueSpecification","valueRequired":true,"valueName":"search_term_string"}}],"inLanguage":"fr-FR"},{"@type":"Organization","@id":"https:\/\/lasentinelle.dz\/#organization","name":"Quotidien La Sentinelle","url":"https:\/\/lasentinelle.dz\/","logo":{"@type":"ImageObject","inLanguage":"fr-FR","@id":"https:\/\/lasentinelle.dz\/#\/schema\/logo\/image\/","url":"https:\/\/lasentinelle.dz\/wp-content\/uploads\/2021\/09\/logo-sentinelleSLOGAN-1.png","contentUrl":"https:\/\/lasentinelle.dz\/wp-content\/uploads\/2021\/09\/logo-sentinelleSLOGAN-1.png","width":615,"height":142,"caption":"Quotidien La Sentinelle"},"image":{"@id":"https:\/\/lasentinelle.dz\/#\/schema\/logo\/image\/"},"sameAs":["https:\/\/www.facebook.com\/La-Sentinelle-104059864394773"]},{"@type":"Person","@id":"https:\/\/lasentinelle.dz\/#\/schema\/person\/d865044e22e70a75174ce8bcad3acfb3","name":"La Sentinelle","image":{"@type":"ImageObject","inLanguage":"fr-FR","@id":"https:\/\/secure.gravatar.com\/avatar\/57de8e5d4b15d43fb361a71fbb36338450fe67865b528a43dd10ef7c51a20392?s=96&d=mm&r=g","url":"https:\/\/secure.gravatar.com\/avatar\/57de8e5d4b15d43fb361a71fbb36338450fe67865b528a43dd10ef7c51a20392?s=96&d=mm&r=g","contentUrl":"https:\/\/secure.gravatar.com\/avatar\/57de8e5d4b15d43fb361a71fbb36338450fe67865b528a43dd10ef7c51a20392?s=96&d=mm&r=g","caption":"La Sentinelle"},"sameAs":["http:\/\/www.lasentinelle.dz"],"url":"https:\/\/lasentinelle.dz\/author\/redaction\/"}]}},"_links":{"self":[{"href":"https:\/\/lasentinelle.dz\/index.php\/wp-json\/wp\/v2\/posts\/40899","targetHints":{"allow":["GET"]}}],"collection":[{"href":"https:\/\/lasentinelle.dz\/index.php\/wp-json\/wp\/v2\/posts"}],"about":[{"href":"https:\/\/lasentinelle.dz\/index.php\/wp-json\/wp\/v2\/types\/post"}],"author":[{"embeddable":true,"href":"https:\/\/lasentinelle.dz\/index.php\/wp-json\/wp\/v2\/users\/3"}],"replies":[{"embeddable":true,"href":"https:\/\/lasentinelle.dz\/index.php\/wp-json\/wp\/v2\/comments?post=40899"}],"version-history":[{"count":1,"href":"https:\/\/lasentinelle.dz\/index.php\/wp-json\/wp\/v2\/posts\/40899\/revisions"}],"predecessor-version":[{"id":40909,"href":"https:\/\/lasentinelle.dz\/index.php\/wp-json\/wp\/v2\/posts\/40899\/revisions\/40909"}],"wp:featuredmedia":[{"embeddable":true,"href":"https:\/\/lasentinelle.dz\/index.php\/wp-json\/wp\/v2\/media\/40907"}],"wp:attachment":[{"href":"https:\/\/lasentinelle.dz\/index.php\/wp-json\/wp\/v2\/media?parent=40899"}],"wp:term":[{"taxonomy":"category","embeddable":true,"href":"https:\/\/lasentinelle.dz\/index.php\/wp-json\/wp\/v2\/categories?post=40899"},{"taxonomy":"post_tag","embeddable":true,"href":"https:\/\/lasentinelle.dz\/index.php\/wp-json\/wp\/v2\/tags?post=40899"}],"curies":[{"name":"wp","href":"https:\/\/api.w.org\/{rel}","templated":true}]}}