{"id":41012,"date":"2023-05-14T22:05:00","date_gmt":"2023-05-14T21:05:00","guid":{"rendered":"https:\/\/lasentinelle.dz\/?p=41012"},"modified":"2023-05-14T19:42:37","modified_gmt":"2023-05-14T18:42:37","slug":"salon-de-la-synergie-industrielle-une-vingtaine-de-startups-au-concours-westinnov-price","status":"publish","type":"post","link":"https:\/\/lasentinelle.dz\/index.php\/2023\/05\/14\/salon-de-la-synergie-industrielle-une-vingtaine-de-startups-au-concours-westinnov-price\/","title":{"rendered":"Salon de la synergie industrielle\u00a0: Une vingtaine de startups au concours \u00ab Westinnov Price \u00bb"},"content":{"rendered":"\n<p>Une vingtaine de startupers prennent part au concours \u00ab\u00a0Westinnov Price\u00a0\u00bb de la meilleure startup, organis\u00e9 dans le cadre de la premi\u00e8re \u00e9dition du Salon international de la synergie industrielle \u00ab\u00a0SISIO 2023\u00a0\u00bb. Selon Ali Maameri, directeur de Westinnov, il s\u2019agit d\u2019un concours organis\u00e9 par l\u2019incubateur \u00ab\u00a0Westinnov\u00a0\u00bb, implant\u00e9 \u00e0 Oran, ouvert notamment aux startupers qui participent au \u00ab\u00a0village des startups\u00a0\u00bb, un espace qui leur ait r\u00e9serv\u00e9, que le SISIO accueille jusqu\u2019au 16 mai en cours. \u00ab\u00a0Les startups qui ne participent pas \u00e0 ce village peuvent \u00e9galement concourir\u00a0\u00bb, a expliqu\u00e9&nbsp; Maameri, pr\u00e9cisant qu'\u00a0\u00bbune premi\u00e8re s\u00e9lection sera op\u00e9r\u00e9e dimanche apr\u00e8s-midi, les startupers devant pr\u00e9senter leur projet devant un jury\u00a0\u00bb. Les cinq startups gagnantes participeront une nouvelle fois \u00e0 une pr\u00e9sentation qui aura lieu mardi, suite \u00e0 laquelle le prix de \u00ab\u00a0la meilleure startup\u00a0\u00bb et \u00ab\u00a0le prix espoir\u00a0\u00bb seront d\u00e9cern\u00e9s aux deux premi\u00e8res gagnantes, a-t-il fait savoir. Il s\u2019agit d\u2019un espace visant \u00e0 cr\u00e9er une synergie entre les sta rtups et les industriels pr\u00e9sents \u00e0 cette manifestation, a indiqu\u00e9 la m\u00eame source, ajoutant que les startups sont en mesure de proposer des solutions \u00e0 de nombreux probl\u00e8mes et r\u00e9pondre aux besoins exprim\u00e9s par les industriels.<\/p>\n\n\n\n<p>Notons que 92 exposants prennent part \u00e0 la premi\u00e8re \u00e9dition du Salon international de la synergie industrielle \u00ab\u00a0SISIO 2023\u00a0\u00bb, consacr\u00e9 \u00e0 l\u2019industrie et \u00e0 la sous-traitance industrielle ouvert, samedi au centre des conventions d\u2019Oran.<\/p>\n\n\n\n<p>Selon le Pr\u00e9sident de la bourse de sous-traitance et de partenariat de l\u2019Ouest, Rachid Bekhechi, ce salon regroupe des entreprises, des industriels de diff\u00e9rents secteurs, notamment les industries m\u00e9caniques, m\u00e9talliques, m\u00e9tallurgiques, \u00e9lectriques, \u00e9lectrotechniques et plastiques. Le salon est organis\u00e9 dans une logique d\u2019interactivit\u00e9, d\u2019\u00e9changes et de cr\u00e9ations d\u2019opportunit\u00e9s, a indiqu\u00e9 le m\u00eame responsable, soulignant que cette d\u00e9marche permettra aux acteurs de la sph\u00e8re industrielle de b\u00e9n\u00e9ficier, par ailleurs, d\u2019une immersion dans un environnement dynamique, propice \u00e0 une croissance qui seraient conformes aux strat\u00e9gies \u00e9conomiques d\u00e9velopp\u00e9es par les pouvoirs publics. Un riche programme de conf\u00e9rences, en mode pr\u00e9sentiel et par visioconf\u00e9rence, est pr\u00e9vu, ainsi que des ateliers en marge de l\u2019exposition, avec diff\u00e9rentes th\u00e9matiques, comme \u00ab\u00a0l\u2019\u00e9cosyst\u00e8me des startups\u00a0\u00bb, \u00ab\u00a0veille strat\u00e9gique et int\u00e9gration de la chaine de valeur mondiale\u00a0\u00bb, et \u00ab\u00a0normalisation et mise en conformit\u00e9\u00a0\u00bb.<\/p>\n\n\n\n<p>R.E.<\/p>\n","protected":false},"excerpt":{"rendered":"<p>Une vingtaine de startupers prennent part au concours \u00ab\u00a0Westinnov Price\u00a0\u00bb de la meilleure startup, organis\u00e9 dans le cadre de la<\/p>\n","protected":false},"author":3,"featured_media":41022,"comment_status":"open","ping_status":"closed","sticky":false,"template":"","format":"standard","meta":{"colormag_page_container_layout":"default_layout","colormag_page_sidebar_layout":"default_layout","om_disable_all_campaigns":false,"_monsterinsights_skip_tracking":false,"_monsterinsights_sitenote_active":false,"_monsterinsights_sitenote_note":"","_monsterinsights_sitenote_category":0,"footnotes":"","_wpscppro_dont_share_socialmedia":false,"_wpscppro_custom_social_share_image":0,"_facebook_share_type":"","_twitter_share_type":"","_linkedin_share_type":"","_pinterest_share_type":"","_linkedin_share_type_page":"","_instagram_share_type":"","_medium_share_type":"","_threads_share_type":"","_google_business_share_type":"","_selected_social_profile":[],"_wpsp_enable_custom_social_template":false,"_wpsp_social_scheduling":{"enabled":false,"datetime":null,"platforms":[],"status":"template_only","dateOption":"today","timeOption":"now","customDays":"","customHours":"","customDate":"","customTime":"","schedulingType":"absolute"},"_wpsp_active_default_template":true},"categories":[29],"tags":[],"class_list":["post-41012","post","type-post","status-publish","format-standard","has-post-thumbnail","hentry","category-economie"],"aioseo_notices":[],"yoast_head":"<!-- This site is optimized with the Yoast SEO plugin v27.5 - https:\/\/yoast.com\/product\/yoast-seo-wordpress\/ -->\n<title>Salon de la synergie industrielle\u00a0: Une vingtaine de startups au concours \u00ab Westinnov Price \u00bb - La Sentinelle<\/title>\n<meta name=\"robots\" content=\"index, follow, max-snippet:-1, max-image-preview:large, max-video-preview:-1\" \/>\n<link rel=\"canonical\" href=\"https:\/\/lasentinelle.dz\/index.php\/2023\/05\/14\/salon-de-la-synergie-industrielle-une-vingtaine-de-startups-au-concours-westinnov-price\/\" \/>\n<meta property=\"og:locale\" content=\"fr_FR\" \/>\n<meta property=\"og:type\" content=\"article\" \/>\n<meta property=\"og:title\" content=\"Salon de la synergie industrielle\u00a0: Une vingtaine de startups au concours \u00ab Westinnov Price \u00bb - La Sentinelle\" \/>\n<meta property=\"og:description\" content=\"Une vingtaine de startupers prennent part au concours \u00ab\u00a0Westinnov Price\u00a0\u00bb de la meilleure startup, organis\u00e9 dans le cadre de la\" \/>\n<meta property=\"og:url\" content=\"https:\/\/lasentinelle.dz\/index.php\/2023\/05\/14\/salon-de-la-synergie-industrielle-une-vingtaine-de-startups-au-concours-westinnov-price\/\" \/>\n<meta property=\"og:site_name\" content=\"La Sentinelle\" \/>\n<meta property=\"article:publisher\" content=\"https:\/\/www.facebook.com\/La-Sentinelle-104059864394773\" \/>\n<meta property=\"article:published_time\" content=\"2023-05-14T21:05:00+00:00\" \/>\n<meta property=\"og:image\" content=\"https:\/\/lasentinelle.dz\/wp-content\/uploads\/2023\/05\/image_2023-05-14_194207631.png\" \/>\n\t<meta property=\"og:image:width\" content=\"400\" \/>\n\t<meta property=\"og:image:height\" content=\"230\" \/>\n\t<meta property=\"og:image:type\" content=\"image\/png\" \/>\n<meta name=\"author\" content=\"La Sentinelle\" \/>\n<meta name=\"twitter:card\" content=\"summary_large_image\" \/>\n<meta name=\"twitter:label1\" content=\"\u00c9crit par\" \/>\n\t<meta name=\"twitter:data1\" content=\"La Sentinelle\" \/>\n\t<meta name=\"twitter:label2\" content=\"Dur\u00e9e de lecture estim\u00e9e\" \/>\n\t<meta name=\"twitter:data2\" content=\"2 minutes\" \/>\n<script type=\"application\/ld+json\" class=\"yoast-schema-graph\">{\"@context\":\"https:\\\/\\\/schema.org\",\"@graph\":[{\"@type\":\"Article\",\"@id\":\"https:\\\/\\\/lasentinelle.dz\\\/index.php\\\/2023\\\/05\\\/14\\\/salon-de-la-synergie-industrielle-une-vingtaine-de-startups-au-concours-westinnov-price\\\/#article\",\"isPartOf\":{\"@id\":\"https:\\\/\\\/lasentinelle.dz\\\/index.php\\\/2023\\\/05\\\/14\\\/salon-de-la-synergie-industrielle-une-vingtaine-de-startups-au-concours-westinnov-price\\\/\"},\"author\":{\"name\":\"La Sentinelle\",\"@id\":\"https:\\\/\\\/lasentinelle.dz\\\/#\\\/schema\\\/person\\\/d865044e22e70a75174ce8bcad3acfb3\"},\"headline\":\"Salon de la synergie industrielle\u00a0: Une vingtaine de startups au concours \u00ab Westinnov Price \u00bb\",\"datePublished\":\"2023-05-14T21:05:00+00:00\",\"mainEntityOfPage\":{\"@id\":\"https:\\\/\\\/lasentinelle.dz\\\/index.php\\\/2023\\\/05\\\/14\\\/salon-de-la-synergie-industrielle-une-vingtaine-de-startups-au-concours-westinnov-price\\\/\"},\"wordCount\":418,\"commentCount\":0,\"publisher\":{\"@id\":\"https:\\\/\\\/lasentinelle.dz\\\/#organization\"},\"image\":{\"@id\":\"https:\\\/\\\/lasentinelle.dz\\\/index.php\\\/2023\\\/05\\\/14\\\/salon-de-la-synergie-industrielle-une-vingtaine-de-startups-au-concours-westinnov-price\\\/#primaryimage\"},\"thumbnailUrl\":\"https:\\\/\\\/lasentinelle.dz\\\/wp-content\\\/uploads\\\/2023\\\/05\\\/image_2023-05-14_194207631.png\",\"articleSection\":[\"\u00c9conomie\"],\"inLanguage\":\"fr-FR\",\"potentialAction\":[{\"@type\":\"CommentAction\",\"name\":\"Comment\",\"target\":[\"https:\\\/\\\/lasentinelle.dz\\\/index.php\\\/2023\\\/05\\\/14\\\/salon-de-la-synergie-industrielle-une-vingtaine-de-startups-au-concours-westinnov-price\\\/#respond\"]}]},{\"@type\":\"WebPage\",\"@id\":\"https:\\\/\\\/lasentinelle.dz\\\/index.php\\\/2023\\\/05\\\/14\\\/salon-de-la-synergie-industrielle-une-vingtaine-de-startups-au-concours-westinnov-price\\\/\",\"url\":\"https:\\\/\\\/lasentinelle.dz\\\/index.php\\\/2023\\\/05\\\/14\\\/salon-de-la-synergie-industrielle-une-vingtaine-de-startups-au-concours-westinnov-price\\\/\",\"name\":\"Salon de la synergie industrielle\u00a0: Une vingtaine de startups au concours \u00ab Westinnov Price \u00bb - La Sentinelle\",\"isPartOf\":{\"@id\":\"https:\\\/\\\/lasentinelle.dz\\\/#website\"},\"primaryImageOfPage\":{\"@id\":\"https:\\\/\\\/lasentinelle.dz\\\/index.php\\\/2023\\\/05\\\/14\\\/salon-de-la-synergie-industrielle-une-vingtaine-de-startups-au-concours-westinnov-price\\\/#primaryimage\"},\"image\":{\"@id\":\"https:\\\/\\\/lasentinelle.dz\\\/index.php\\\/2023\\\/05\\\/14\\\/salon-de-la-synergie-industrielle-une-vingtaine-de-startups-au-concours-westinnov-price\\\/#primaryimage\"},\"thumbnailUrl\":\"https:\\\/\\\/lasentinelle.dz\\\/wp-content\\\/uploads\\\/2023\\\/05\\\/image_2023-05-14_194207631.png\",\"datePublished\":\"2023-05-14T21:05:00+00:00\",\"breadcrumb\":{\"@id\":\"https:\\\/\\\/lasentinelle.dz\\\/index.php\\\/2023\\\/05\\\/14\\\/salon-de-la-synergie-industrielle-une-vingtaine-de-startups-au-concours-westinnov-price\\\/#breadcrumb\"},\"inLanguage\":\"fr-FR\",\"potentialAction\":[{\"@type\":\"ReadAction\",\"target\":[\"https:\\\/\\\/lasentinelle.dz\\\/index.php\\\/2023\\\/05\\\/14\\\/salon-de-la-synergie-industrielle-une-vingtaine-de-startups-au-concours-westinnov-price\\\/\"]}]},{\"@type\":\"ImageObject\",\"inLanguage\":\"fr-FR\",\"@id\":\"https:\\\/\\\/lasentinelle.dz\\\/index.php\\\/2023\\\/05\\\/14\\\/salon-de-la-synergie-industrielle-une-vingtaine-de-startups-au-concours-westinnov-price\\\/#primaryimage\",\"url\":\"https:\\\/\\\/lasentinelle.dz\\\/wp-content\\\/uploads\\\/2023\\\/05\\\/image_2023-05-14_194207631.png\",\"contentUrl\":\"https:\\\/\\\/lasentinelle.dz\\\/wp-content\\\/uploads\\\/2023\\\/05\\\/image_2023-05-14_194207631.png\",\"width\":400,\"height\":230},{\"@type\":\"BreadcrumbList\",\"@id\":\"https:\\\/\\\/lasentinelle.dz\\\/index.php\\\/2023\\\/05\\\/14\\\/salon-de-la-synergie-industrielle-une-vingtaine-de-startups-au-concours-westinnov-price\\\/#breadcrumb\",\"itemListElement\":[{\"@type\":\"ListItem\",\"position\":1,\"name\":\"Accueil\",\"item\":\"https:\\\/\\\/lasentinelle.dz\\\/\"},{\"@type\":\"ListItem\",\"position\":2,\"name\":\"Salon de la synergie industrielle\u00a0: Une vingtaine de startups au concours \u00ab Westinnov Price \u00bb\"}]},{\"@type\":\"WebSite\",\"@id\":\"https:\\\/\\\/lasentinelle.dz\\\/#website\",\"url\":\"https:\\\/\\\/lasentinelle.dz\\\/\",\"name\":\"La Sentinelle\",\"description\":\"Quotidien national d&#039;information\",\"publisher\":{\"@id\":\"https:\\\/\\\/lasentinelle.dz\\\/#organization\"},\"potentialAction\":[{\"@type\":\"SearchAction\",\"target\":{\"@type\":\"EntryPoint\",\"urlTemplate\":\"https:\\\/\\\/lasentinelle.dz\\\/?s={search_term_string}\"},\"query-input\":{\"@type\":\"PropertyValueSpecification\",\"valueRequired\":true,\"valueName\":\"search_term_string\"}}],\"inLanguage\":\"fr-FR\"},{\"@type\":\"Organization\",\"@id\":\"https:\\\/\\\/lasentinelle.dz\\\/#organization\",\"name\":\"Quotidien La Sentinelle\",\"url\":\"https:\\\/\\\/lasentinelle.dz\\\/\",\"logo\":{\"@type\":\"ImageObject\",\"inLanguage\":\"fr-FR\",\"@id\":\"https:\\\/\\\/lasentinelle.dz\\\/#\\\/schema\\\/logo\\\/image\\\/\",\"url\":\"https:\\\/\\\/lasentinelle.dz\\\/wp-content\\\/uploads\\\/2021\\\/09\\\/logo-sentinelleSLOGAN-1.png\",\"contentUrl\":\"https:\\\/\\\/lasentinelle.dz\\\/wp-content\\\/uploads\\\/2021\\\/09\\\/logo-sentinelleSLOGAN-1.png\",\"width\":615,\"height\":142,\"caption\":\"Quotidien La Sentinelle\"},\"image\":{\"@id\":\"https:\\\/\\\/lasentinelle.dz\\\/#\\\/schema\\\/logo\\\/image\\\/\"},\"sameAs\":[\"https:\\\/\\\/www.facebook.com\\\/La-Sentinelle-104059864394773\"]},{\"@type\":\"Person\",\"@id\":\"https:\\\/\\\/lasentinelle.dz\\\/#\\\/schema\\\/person\\\/d865044e22e70a75174ce8bcad3acfb3\",\"name\":\"La Sentinelle\",\"image\":{\"@type\":\"ImageObject\",\"inLanguage\":\"fr-FR\",\"@id\":\"https:\\\/\\\/secure.gravatar.com\\\/avatar\\\/57de8e5d4b15d43fb361a71fbb36338450fe67865b528a43dd10ef7c51a20392?s=96&d=mm&r=g\",\"url\":\"https:\\\/\\\/secure.gravatar.com\\\/avatar\\\/57de8e5d4b15d43fb361a71fbb36338450fe67865b528a43dd10ef7c51a20392?s=96&d=mm&r=g\",\"contentUrl\":\"https:\\\/\\\/secure.gravatar.com\\\/avatar\\\/57de8e5d4b15d43fb361a71fbb36338450fe67865b528a43dd10ef7c51a20392?s=96&d=mm&r=g\",\"caption\":\"La Sentinelle\"},\"sameAs\":[\"http:\\\/\\\/www.lasentinelle.dz\"],\"url\":\"https:\\\/\\\/lasentinelle.dz\\\/author\\\/redaction\\\/\"}]}<\/script>\n<!-- \/ Yoast SEO plugin. -->","yoast_head_json":{"title":"Salon de la synergie industrielle\u00a0: Une vingtaine de startups au concours \u00ab Westinnov Price \u00bb - La Sentinelle","robots":{"index":"index","follow":"follow","max-snippet":"max-snippet:-1","max-image-preview":"max-image-preview:large","max-video-preview":"max-video-preview:-1"},"canonical":"https:\/\/lasentinelle.dz\/index.php\/2023\/05\/14\/salon-de-la-synergie-industrielle-une-vingtaine-de-startups-au-concours-westinnov-price\/","og_locale":"fr_FR","og_type":"article","og_title":"Salon de la synergie industrielle\u00a0: Une vingtaine de startups au concours \u00ab Westinnov Price \u00bb - La Sentinelle","og_description":"Une vingtaine de startupers prennent part au concours \u00ab\u00a0Westinnov Price\u00a0\u00bb de la meilleure startup, organis\u00e9 dans le cadre de la","og_url":"https:\/\/lasentinelle.dz\/index.php\/2023\/05\/14\/salon-de-la-synergie-industrielle-une-vingtaine-de-startups-au-concours-westinnov-price\/","og_site_name":"La Sentinelle","article_publisher":"https:\/\/www.facebook.com\/La-Sentinelle-104059864394773","article_published_time":"2023-05-14T21:05:00+00:00","og_image":[{"width":400,"height":230,"url":"https:\/\/lasentinelle.dz\/wp-content\/uploads\/2023\/05\/image_2023-05-14_194207631.png","type":"image\/png"}],"author":"La Sentinelle","twitter_card":"summary_large_image","twitter_misc":{"\u00c9crit par":"La Sentinelle","Dur\u00e9e de lecture estim\u00e9e":"2 minutes"},"schema":{"@context":"https:\/\/schema.org","@graph":[{"@type":"Article","@id":"https:\/\/lasentinelle.dz\/index.php\/2023\/05\/14\/salon-de-la-synergie-industrielle-une-vingtaine-de-startups-au-concours-westinnov-price\/#article","isPartOf":{"@id":"https:\/\/lasentinelle.dz\/index.php\/2023\/05\/14\/salon-de-la-synergie-industrielle-une-vingtaine-de-startups-au-concours-westinnov-price\/"},"author":{"name":"La Sentinelle","@id":"https:\/\/lasentinelle.dz\/#\/schema\/person\/d865044e22e70a75174ce8bcad3acfb3"},"headline":"Salon de la synergie industrielle\u00a0: Une vingtaine de startups au concours \u00ab Westinnov Price \u00bb","datePublished":"2023-05-14T21:05:00+00:00","mainEntityOfPage":{"@id":"https:\/\/lasentinelle.dz\/index.php\/2023\/05\/14\/salon-de-la-synergie-industrielle-une-vingtaine-de-startups-au-concours-westinnov-price\/"},"wordCount":418,"commentCount":0,"publisher":{"@id":"https:\/\/lasentinelle.dz\/#organization"},"image":{"@id":"https:\/\/lasentinelle.dz\/index.php\/2023\/05\/14\/salon-de-la-synergie-industrielle-une-vingtaine-de-startups-au-concours-westinnov-price\/#primaryimage"},"thumbnailUrl":"https:\/\/lasentinelle.dz\/wp-content\/uploads\/2023\/05\/image_2023-05-14_194207631.png","articleSection":["\u00c9conomie"],"inLanguage":"fr-FR","potentialAction":[{"@type":"CommentAction","name":"Comment","target":["https:\/\/lasentinelle.dz\/index.php\/2023\/05\/14\/salon-de-la-synergie-industrielle-une-vingtaine-de-startups-au-concours-westinnov-price\/#respond"]}]},{"@type":"WebPage","@id":"https:\/\/lasentinelle.dz\/index.php\/2023\/05\/14\/salon-de-la-synergie-industrielle-une-vingtaine-de-startups-au-concours-westinnov-price\/","url":"https:\/\/lasentinelle.dz\/index.php\/2023\/05\/14\/salon-de-la-synergie-industrielle-une-vingtaine-de-startups-au-concours-westinnov-price\/","name":"Salon de la synergie industrielle\u00a0: Une vingtaine de startups au concours \u00ab Westinnov Price \u00bb - La Sentinelle","isPartOf":{"@id":"https:\/\/lasentinelle.dz\/#website"},"primaryImageOfPage":{"@id":"https:\/\/lasentinelle.dz\/index.php\/2023\/05\/14\/salon-de-la-synergie-industrielle-une-vingtaine-de-startups-au-concours-westinnov-price\/#primaryimage"},"image":{"@id":"https:\/\/lasentinelle.dz\/index.php\/2023\/05\/14\/salon-de-la-synergie-industrielle-une-vingtaine-de-startups-au-concours-westinnov-price\/#primaryimage"},"thumbnailUrl":"https:\/\/lasentinelle.dz\/wp-content\/uploads\/2023\/05\/image_2023-05-14_194207631.png","datePublished":"2023-05-14T21:05:00+00:00","breadcrumb":{"@id":"https:\/\/lasentinelle.dz\/index.php\/2023\/05\/14\/salon-de-la-synergie-industrielle-une-vingtaine-de-startups-au-concours-westinnov-price\/#breadcrumb"},"inLanguage":"fr-FR","potentialAction":[{"@type":"ReadAction","target":["https:\/\/lasentinelle.dz\/index.php\/2023\/05\/14\/salon-de-la-synergie-industrielle-une-vingtaine-de-startups-au-concours-westinnov-price\/"]}]},{"@type":"ImageObject","inLanguage":"fr-FR","@id":"https:\/\/lasentinelle.dz\/index.php\/2023\/05\/14\/salon-de-la-synergie-industrielle-une-vingtaine-de-startups-au-concours-westinnov-price\/#primaryimage","url":"https:\/\/lasentinelle.dz\/wp-content\/uploads\/2023\/05\/image_2023-05-14_194207631.png","contentUrl":"https:\/\/lasentinelle.dz\/wp-content\/uploads\/2023\/05\/image_2023-05-14_194207631.png","width":400,"height":230},{"@type":"BreadcrumbList","@id":"https:\/\/lasentinelle.dz\/index.php\/2023\/05\/14\/salon-de-la-synergie-industrielle-une-vingtaine-de-startups-au-concours-westinnov-price\/#breadcrumb","itemListElement":[{"@type":"ListItem","position":1,"name":"Accueil","item":"https:\/\/lasentinelle.dz\/"},{"@type":"ListItem","position":2,"name":"Salon de la synergie industrielle\u00a0: Une vingtaine de startups au concours \u00ab Westinnov Price \u00bb"}]},{"@type":"WebSite","@id":"https:\/\/lasentinelle.dz\/#website","url":"https:\/\/lasentinelle.dz\/","name":"La Sentinelle","description":"Quotidien national d&#039;information","publisher":{"@id":"https:\/\/lasentinelle.dz\/#organization"},"potentialAction":[{"@type":"SearchAction","target":{"@type":"EntryPoint","urlTemplate":"https:\/\/lasentinelle.dz\/?s={search_term_string}"},"query-input":{"@type":"PropertyValueSpecification","valueRequired":true,"valueName":"search_term_string"}}],"inLanguage":"fr-FR"},{"@type":"Organization","@id":"https:\/\/lasentinelle.dz\/#organization","name":"Quotidien La Sentinelle","url":"https:\/\/lasentinelle.dz\/","logo":{"@type":"ImageObject","inLanguage":"fr-FR","@id":"https:\/\/lasentinelle.dz\/#\/schema\/logo\/image\/","url":"https:\/\/lasentinelle.dz\/wp-content\/uploads\/2021\/09\/logo-sentinelleSLOGAN-1.png","contentUrl":"https:\/\/lasentinelle.dz\/wp-content\/uploads\/2021\/09\/logo-sentinelleSLOGAN-1.png","width":615,"height":142,"caption":"Quotidien La Sentinelle"},"image":{"@id":"https:\/\/lasentinelle.dz\/#\/schema\/logo\/image\/"},"sameAs":["https:\/\/www.facebook.com\/La-Sentinelle-104059864394773"]},{"@type":"Person","@id":"https:\/\/lasentinelle.dz\/#\/schema\/person\/d865044e22e70a75174ce8bcad3acfb3","name":"La Sentinelle","image":{"@type":"ImageObject","inLanguage":"fr-FR","@id":"https:\/\/secure.gravatar.com\/avatar\/57de8e5d4b15d43fb361a71fbb36338450fe67865b528a43dd10ef7c51a20392?s=96&d=mm&r=g","url":"https:\/\/secure.gravatar.com\/avatar\/57de8e5d4b15d43fb361a71fbb36338450fe67865b528a43dd10ef7c51a20392?s=96&d=mm&r=g","contentUrl":"https:\/\/secure.gravatar.com\/avatar\/57de8e5d4b15d43fb361a71fbb36338450fe67865b528a43dd10ef7c51a20392?s=96&d=mm&r=g","caption":"La Sentinelle"},"sameAs":["http:\/\/www.lasentinelle.dz"],"url":"https:\/\/lasentinelle.dz\/author\/redaction\/"}]}},"_links":{"self":[{"href":"https:\/\/lasentinelle.dz\/index.php\/wp-json\/wp\/v2\/posts\/41012","targetHints":{"allow":["GET"]}}],"collection":[{"href":"https:\/\/lasentinelle.dz\/index.php\/wp-json\/wp\/v2\/posts"}],"about":[{"href":"https:\/\/lasentinelle.dz\/index.php\/wp-json\/wp\/v2\/types\/post"}],"author":[{"embeddable":true,"href":"https:\/\/lasentinelle.dz\/index.php\/wp-json\/wp\/v2\/users\/3"}],"replies":[{"embeddable":true,"href":"https:\/\/lasentinelle.dz\/index.php\/wp-json\/wp\/v2\/comments?post=41012"}],"version-history":[{"count":1,"href":"https:\/\/lasentinelle.dz\/index.php\/wp-json\/wp\/v2\/posts\/41012\/revisions"}],"predecessor-version":[{"id":41024,"href":"https:\/\/lasentinelle.dz\/index.php\/wp-json\/wp\/v2\/posts\/41012\/revisions\/41024"}],"wp:featuredmedia":[{"embeddable":true,"href":"https:\/\/lasentinelle.dz\/index.php\/wp-json\/wp\/v2\/media\/41022"}],"wp:attachment":[{"href":"https:\/\/lasentinelle.dz\/index.php\/wp-json\/wp\/v2\/media?parent=41012"}],"wp:term":[{"taxonomy":"category","embeddable":true,"href":"https:\/\/lasentinelle.dz\/index.php\/wp-json\/wp\/v2\/categories?post=41012"},{"taxonomy":"post_tag","embeddable":true,"href":"https:\/\/lasentinelle.dz\/index.php\/wp-json\/wp\/v2\/tags?post=41012"}],"curies":[{"name":"wp","href":"https:\/\/api.w.org\/{rel}","templated":true}]}}