{"id":41013,"date":"2023-05-14T22:05:00","date_gmt":"2023-05-14T21:05:00","guid":{"rendered":"https:\/\/lasentinelle.dz\/?p=41013"},"modified":"2023-05-14T19:42:30","modified_gmt":"2023-05-14T18:42:30","slug":"une-importante-delegation-economique-argentine-en-visite-en-algerie-consolider-la-cooperation-bilaterale","status":"publish","type":"post","link":"https:\/\/lasentinelle.dz\/index.php\/2023\/05\/14\/une-importante-delegation-economique-argentine-en-visite-en-algerie-consolider-la-cooperation-bilaterale\/","title":{"rendered":"Une importante d\u00e9l\u00e9gation \u00e9conomique argentine en visite en Alg\u00e9rie\u00a0: Consolider la coop\u00e9ration bilat\u00e9rale"},"content":{"rendered":"\n<p>L\u2019Alg\u00e9rie et l\u2019Argentine comptent renforcer leurs relations bilat\u00e9rales. L&rsquo;Argentine constitue \u00ab\u00a0l&rsquo;un des principaux partenaires de l&rsquo;Alg\u00e9rie dans la r\u00e9gion Am\u00e9rique Latine et Cara\u00efbes, avec laquelle notre pays \u0153uvre \u00e0 approfondir davantage et diversifier ses relations bilat\u00e9rales\u00a0\u00bb, affirme, dans ce sens, un communiqu\u00e9 le minist\u00e8re des Affaires \u00e9trang\u00e8res et de la Communaut\u00e9 nationale \u00e0 l\u2019\u00e9tranger. Et c\u2019est dans l\u2019objectif de renforcer ces relations qu\u2019une importante d\u00e9l\u00e9gation \u00e9conomique argentine s\u00e9journe depuis samedi et jusqu&rsquo;\u00e0 mercredi \u00e0 Alger.&nbsp; Selon le m\u00eame communiqu\u00e9, cette visite de travail en Alg\u00e9rie s&rsquo;inscrit dans le cadre de \u00ab\u00a0la consolidation des relations d&rsquo;amiti\u00e9 et de coop\u00e9ration entre l&rsquo;Alg\u00e9rie et l&rsquo;Argentine, et dans le prolongement de la tenue, en novembre 2022, de la 7\u00e8me session des consultations politiques bilat\u00e9rales\u00a0\u00bb.<\/p>\n\n\n\n<p>La mission compte plus de quarante membres repr\u00e9sentant les sph\u00e8res institutionnelle et \u00e9conomique argentine. Les membres de la d\u00e9l\u00e9gation argentine rencontreront durant leur s\u00e9jour en Alg\u00e9rie leurs interlocuteurs, repr\u00e9sentant les organismes et op\u00e9rateurs \u00e9conomiques nationaux.<\/p>\n\n\n\n<p>La d\u00e9l\u00e9gation argentine prendra part aujourd\u2019hui au forum \u00e9conomique organis\u00e9 par le minist\u00e8re du Commerce et de la Promotion des exportations avec la Chambre alg\u00e9rienne de Commerce et d&rsquo;Industrie (CACI), en collaboration avec le minist\u00e8re des Affaires Etrang\u00e8res et de la Communaut\u00e9 nationale \u00e0 l&rsquo;\u00e9tranger. Cette manifestation pr\u00e9voit la participation de repr\u00e9sentants des institutions, organismes et op\u00e9rateurs \u00e9conomiques des deux pays. Les opportunit\u00e9s de coop\u00e9ration et de partenariat dans diff\u00e9rents secteurs, particuli\u00e8rement l\u2019agriculture et l\u2019industrie seront examin\u00e9es lors des travaux dudit Forum o\u00f9 des communications seront pr\u00e9sent\u00e9es. Elles concernent le dispositif de promotion des exportations hors hydrocarbures et le climat des affaires en Alg\u00e9rie \u00e0 la lumi\u00e8re du nouveau cadre juridique r\u00e9gissant l&rsquo;investissement. \u00ab Cette mission traduit la volont\u00e9 des hautes autorit\u00e9s des deux pays \u00e0 insuffler une nouvelle dynamique \u00e0 la coop\u00e9ration bilat\u00e9rale et au renforcement des \u00e9changes \u00e9conomiques et de partenariat, de mani\u00e8re \u00e0 les hisser au niveau des potentialit\u00e9s dont disposent les deux \u00e9conomies \u00bb ajoute le m\u00eame communiqu\u00e9.<\/p>\n\n\n\n<p><strong>Chokri Hafed<\/strong><\/p>\n","protected":false},"excerpt":{"rendered":"<p>L\u2019Alg\u00e9rie et l\u2019Argentine comptent renforcer leurs relations bilat\u00e9rales. L&rsquo;Argentine constitue \u00ab\u00a0l&rsquo;un des principaux partenaires de l&rsquo;Alg\u00e9rie dans la r\u00e9gion Am\u00e9rique<\/p>\n","protected":false},"author":3,"featured_media":41019,"comment_status":"open","ping_status":"closed","sticky":false,"template":"","format":"standard","meta":{"colormag_page_container_layout":"default_layout","colormag_page_sidebar_layout":"default_layout","om_disable_all_campaigns":false,"_monsterinsights_skip_tracking":false,"_monsterinsights_sitenote_active":false,"_monsterinsights_sitenote_note":"","_monsterinsights_sitenote_category":0,"footnotes":"","_wpscppro_dont_share_socialmedia":false,"_wpscppro_custom_social_share_image":0,"_facebook_share_type":"","_twitter_share_type":"","_linkedin_share_type":"","_pinterest_share_type":"","_linkedin_share_type_page":"","_instagram_share_type":"","_medium_share_type":"","_threads_share_type":"","_google_business_share_type":"","_selected_social_profile":[],"_wpsp_enable_custom_social_template":false,"_wpsp_social_scheduling":{"enabled":false,"datetime":null,"platforms":[],"status":"template_only","dateOption":"today","timeOption":"now","customDays":"","customHours":"","customDate":"","customTime":"","schedulingType":"absolute"},"_wpsp_active_default_template":true},"categories":[29],"tags":[],"class_list":["post-41013","post","type-post","status-publish","format-standard","has-post-thumbnail","hentry","category-economie"],"aioseo_notices":[],"yoast_head":"<!-- This site is optimized with the Yoast SEO plugin v27.5 - https:\/\/yoast.com\/product\/yoast-seo-wordpress\/ -->\n<title>Une importante d\u00e9l\u00e9gation \u00e9conomique argentine en visite en Alg\u00e9rie\u00a0: Consolider la coop\u00e9ration bilat\u00e9rale - La Sentinelle<\/title>\n<meta name=\"robots\" content=\"index, follow, max-snippet:-1, max-image-preview:large, max-video-preview:-1\" \/>\n<link rel=\"canonical\" href=\"https:\/\/lasentinelle.dz\/index.php\/2023\/05\/14\/une-importante-delegation-economique-argentine-en-visite-en-algerie-consolider-la-cooperation-bilaterale\/\" \/>\n<meta property=\"og:locale\" content=\"fr_FR\" \/>\n<meta property=\"og:type\" content=\"article\" \/>\n<meta property=\"og:title\" content=\"Une importante d\u00e9l\u00e9gation \u00e9conomique argentine en visite en Alg\u00e9rie\u00a0: Consolider la coop\u00e9ration bilat\u00e9rale - La Sentinelle\" \/>\n<meta property=\"og:description\" content=\"L\u2019Alg\u00e9rie et l\u2019Argentine comptent renforcer leurs relations bilat\u00e9rales. L&rsquo;Argentine constitue \u00ab\u00a0l&rsquo;un des principaux partenaires de l&rsquo;Alg\u00e9rie dans la r\u00e9gion Am\u00e9rique\" \/>\n<meta property=\"og:url\" content=\"https:\/\/lasentinelle.dz\/index.php\/2023\/05\/14\/une-importante-delegation-economique-argentine-en-visite-en-algerie-consolider-la-cooperation-bilaterale\/\" \/>\n<meta property=\"og:site_name\" content=\"La Sentinelle\" \/>\n<meta property=\"article:publisher\" content=\"https:\/\/www.facebook.com\/La-Sentinelle-104059864394773\" \/>\n<meta property=\"article:published_time\" content=\"2023-05-14T21:05:00+00:00\" \/>\n<meta property=\"og:image\" content=\"https:\/\/lasentinelle.dz\/wp-content\/uploads\/2023\/05\/argentine-algerie.png\" \/>\n\t<meta property=\"og:image:width\" content=\"1196\" \/>\n\t<meta property=\"og:image:height\" content=\"900\" \/>\n\t<meta property=\"og:image:type\" content=\"image\/png\" \/>\n<meta name=\"author\" content=\"La Sentinelle\" \/>\n<meta name=\"twitter:card\" content=\"summary_large_image\" \/>\n<meta name=\"twitter:label1\" content=\"\u00c9crit par\" \/>\n\t<meta name=\"twitter:data1\" content=\"La Sentinelle\" \/>\n\t<meta name=\"twitter:label2\" content=\"Dur\u00e9e de lecture estim\u00e9e\" \/>\n\t<meta name=\"twitter:data2\" content=\"2 minutes\" \/>\n<script type=\"application\/ld+json\" class=\"yoast-schema-graph\">{\"@context\":\"https:\\\/\\\/schema.org\",\"@graph\":[{\"@type\":\"Article\",\"@id\":\"https:\\\/\\\/lasentinelle.dz\\\/index.php\\\/2023\\\/05\\\/14\\\/une-importante-delegation-economique-argentine-en-visite-en-algerie-consolider-la-cooperation-bilaterale\\\/#article\",\"isPartOf\":{\"@id\":\"https:\\\/\\\/lasentinelle.dz\\\/index.php\\\/2023\\\/05\\\/14\\\/une-importante-delegation-economique-argentine-en-visite-en-algerie-consolider-la-cooperation-bilaterale\\\/\"},\"author\":{\"name\":\"La Sentinelle\",\"@id\":\"https:\\\/\\\/lasentinelle.dz\\\/#\\\/schema\\\/person\\\/d865044e22e70a75174ce8bcad3acfb3\"},\"headline\":\"Une importante d\u00e9l\u00e9gation \u00e9conomique argentine en visite en Alg\u00e9rie\u00a0: Consolider la coop\u00e9ration bilat\u00e9rale\",\"datePublished\":\"2023-05-14T21:05:00+00:00\",\"mainEntityOfPage\":{\"@id\":\"https:\\\/\\\/lasentinelle.dz\\\/index.php\\\/2023\\\/05\\\/14\\\/une-importante-delegation-economique-argentine-en-visite-en-algerie-consolider-la-cooperation-bilaterale\\\/\"},\"wordCount\":396,\"commentCount\":0,\"publisher\":{\"@id\":\"https:\\\/\\\/lasentinelle.dz\\\/#organization\"},\"image\":{\"@id\":\"https:\\\/\\\/lasentinelle.dz\\\/index.php\\\/2023\\\/05\\\/14\\\/une-importante-delegation-economique-argentine-en-visite-en-algerie-consolider-la-cooperation-bilaterale\\\/#primaryimage\"},\"thumbnailUrl\":\"https:\\\/\\\/lasentinelle.dz\\\/wp-content\\\/uploads\\\/2023\\\/05\\\/argentine-algerie.png\",\"articleSection\":[\"\u00c9conomie\"],\"inLanguage\":\"fr-FR\",\"potentialAction\":[{\"@type\":\"CommentAction\",\"name\":\"Comment\",\"target\":[\"https:\\\/\\\/lasentinelle.dz\\\/index.php\\\/2023\\\/05\\\/14\\\/une-importante-delegation-economique-argentine-en-visite-en-algerie-consolider-la-cooperation-bilaterale\\\/#respond\"]}]},{\"@type\":\"WebPage\",\"@id\":\"https:\\\/\\\/lasentinelle.dz\\\/index.php\\\/2023\\\/05\\\/14\\\/une-importante-delegation-economique-argentine-en-visite-en-algerie-consolider-la-cooperation-bilaterale\\\/\",\"url\":\"https:\\\/\\\/lasentinelle.dz\\\/index.php\\\/2023\\\/05\\\/14\\\/une-importante-delegation-economique-argentine-en-visite-en-algerie-consolider-la-cooperation-bilaterale\\\/\",\"name\":\"Une importante d\u00e9l\u00e9gation \u00e9conomique argentine en visite en Alg\u00e9rie\u00a0: Consolider la coop\u00e9ration bilat\u00e9rale - La Sentinelle\",\"isPartOf\":{\"@id\":\"https:\\\/\\\/lasentinelle.dz\\\/#website\"},\"primaryImageOfPage\":{\"@id\":\"https:\\\/\\\/lasentinelle.dz\\\/index.php\\\/2023\\\/05\\\/14\\\/une-importante-delegation-economique-argentine-en-visite-en-algerie-consolider-la-cooperation-bilaterale\\\/#primaryimage\"},\"image\":{\"@id\":\"https:\\\/\\\/lasentinelle.dz\\\/index.php\\\/2023\\\/05\\\/14\\\/une-importante-delegation-economique-argentine-en-visite-en-algerie-consolider-la-cooperation-bilaterale\\\/#primaryimage\"},\"thumbnailUrl\":\"https:\\\/\\\/lasentinelle.dz\\\/wp-content\\\/uploads\\\/2023\\\/05\\\/argentine-algerie.png\",\"datePublished\":\"2023-05-14T21:05:00+00:00\",\"breadcrumb\":{\"@id\":\"https:\\\/\\\/lasentinelle.dz\\\/index.php\\\/2023\\\/05\\\/14\\\/une-importante-delegation-economique-argentine-en-visite-en-algerie-consolider-la-cooperation-bilaterale\\\/#breadcrumb\"},\"inLanguage\":\"fr-FR\",\"potentialAction\":[{\"@type\":\"ReadAction\",\"target\":[\"https:\\\/\\\/lasentinelle.dz\\\/index.php\\\/2023\\\/05\\\/14\\\/une-importante-delegation-economique-argentine-en-visite-en-algerie-consolider-la-cooperation-bilaterale\\\/\"]}]},{\"@type\":\"ImageObject\",\"inLanguage\":\"fr-FR\",\"@id\":\"https:\\\/\\\/lasentinelle.dz\\\/index.php\\\/2023\\\/05\\\/14\\\/une-importante-delegation-economique-argentine-en-visite-en-algerie-consolider-la-cooperation-bilaterale\\\/#primaryimage\",\"url\":\"https:\\\/\\\/lasentinelle.dz\\\/wp-content\\\/uploads\\\/2023\\\/05\\\/argentine-algerie.png\",\"contentUrl\":\"https:\\\/\\\/lasentinelle.dz\\\/wp-content\\\/uploads\\\/2023\\\/05\\\/argentine-algerie.png\",\"width\":1196,\"height\":900},{\"@type\":\"BreadcrumbList\",\"@id\":\"https:\\\/\\\/lasentinelle.dz\\\/index.php\\\/2023\\\/05\\\/14\\\/une-importante-delegation-economique-argentine-en-visite-en-algerie-consolider-la-cooperation-bilaterale\\\/#breadcrumb\",\"itemListElement\":[{\"@type\":\"ListItem\",\"position\":1,\"name\":\"Accueil\",\"item\":\"https:\\\/\\\/lasentinelle.dz\\\/\"},{\"@type\":\"ListItem\",\"position\":2,\"name\":\"Une importante d\u00e9l\u00e9gation \u00e9conomique argentine en visite en Alg\u00e9rie\u00a0: Consolider la coop\u00e9ration bilat\u00e9rale\"}]},{\"@type\":\"WebSite\",\"@id\":\"https:\\\/\\\/lasentinelle.dz\\\/#website\",\"url\":\"https:\\\/\\\/lasentinelle.dz\\\/\",\"name\":\"La Sentinelle\",\"description\":\"Quotidien national d&#039;information\",\"publisher\":{\"@id\":\"https:\\\/\\\/lasentinelle.dz\\\/#organization\"},\"potentialAction\":[{\"@type\":\"SearchAction\",\"target\":{\"@type\":\"EntryPoint\",\"urlTemplate\":\"https:\\\/\\\/lasentinelle.dz\\\/?s={search_term_string}\"},\"query-input\":{\"@type\":\"PropertyValueSpecification\",\"valueRequired\":true,\"valueName\":\"search_term_string\"}}],\"inLanguage\":\"fr-FR\"},{\"@type\":\"Organization\",\"@id\":\"https:\\\/\\\/lasentinelle.dz\\\/#organization\",\"name\":\"Quotidien La Sentinelle\",\"url\":\"https:\\\/\\\/lasentinelle.dz\\\/\",\"logo\":{\"@type\":\"ImageObject\",\"inLanguage\":\"fr-FR\",\"@id\":\"https:\\\/\\\/lasentinelle.dz\\\/#\\\/schema\\\/logo\\\/image\\\/\",\"url\":\"https:\\\/\\\/lasentinelle.dz\\\/wp-content\\\/uploads\\\/2021\\\/09\\\/logo-sentinelleSLOGAN-1.png\",\"contentUrl\":\"https:\\\/\\\/lasentinelle.dz\\\/wp-content\\\/uploads\\\/2021\\\/09\\\/logo-sentinelleSLOGAN-1.png\",\"width\":615,\"height\":142,\"caption\":\"Quotidien La Sentinelle\"},\"image\":{\"@id\":\"https:\\\/\\\/lasentinelle.dz\\\/#\\\/schema\\\/logo\\\/image\\\/\"},\"sameAs\":[\"https:\\\/\\\/www.facebook.com\\\/La-Sentinelle-104059864394773\"]},{\"@type\":\"Person\",\"@id\":\"https:\\\/\\\/lasentinelle.dz\\\/#\\\/schema\\\/person\\\/d865044e22e70a75174ce8bcad3acfb3\",\"name\":\"La Sentinelle\",\"image\":{\"@type\":\"ImageObject\",\"inLanguage\":\"fr-FR\",\"@id\":\"https:\\\/\\\/secure.gravatar.com\\\/avatar\\\/57de8e5d4b15d43fb361a71fbb36338450fe67865b528a43dd10ef7c51a20392?s=96&d=mm&r=g\",\"url\":\"https:\\\/\\\/secure.gravatar.com\\\/avatar\\\/57de8e5d4b15d43fb361a71fbb36338450fe67865b528a43dd10ef7c51a20392?s=96&d=mm&r=g\",\"contentUrl\":\"https:\\\/\\\/secure.gravatar.com\\\/avatar\\\/57de8e5d4b15d43fb361a71fbb36338450fe67865b528a43dd10ef7c51a20392?s=96&d=mm&r=g\",\"caption\":\"La Sentinelle\"},\"sameAs\":[\"http:\\\/\\\/www.lasentinelle.dz\"],\"url\":\"https:\\\/\\\/lasentinelle.dz\\\/author\\\/redaction\\\/\"}]}<\/script>\n<!-- \/ Yoast SEO plugin. -->","yoast_head_json":{"title":"Une importante d\u00e9l\u00e9gation \u00e9conomique argentine en visite en Alg\u00e9rie\u00a0: Consolider la coop\u00e9ration bilat\u00e9rale - La Sentinelle","robots":{"index":"index","follow":"follow","max-snippet":"max-snippet:-1","max-image-preview":"max-image-preview:large","max-video-preview":"max-video-preview:-1"},"canonical":"https:\/\/lasentinelle.dz\/index.php\/2023\/05\/14\/une-importante-delegation-economique-argentine-en-visite-en-algerie-consolider-la-cooperation-bilaterale\/","og_locale":"fr_FR","og_type":"article","og_title":"Une importante d\u00e9l\u00e9gation \u00e9conomique argentine en visite en Alg\u00e9rie\u00a0: Consolider la coop\u00e9ration bilat\u00e9rale - La Sentinelle","og_description":"L\u2019Alg\u00e9rie et l\u2019Argentine comptent renforcer leurs relations bilat\u00e9rales. L&rsquo;Argentine constitue \u00ab\u00a0l&rsquo;un des principaux partenaires de l&rsquo;Alg\u00e9rie dans la r\u00e9gion Am\u00e9rique","og_url":"https:\/\/lasentinelle.dz\/index.php\/2023\/05\/14\/une-importante-delegation-economique-argentine-en-visite-en-algerie-consolider-la-cooperation-bilaterale\/","og_site_name":"La Sentinelle","article_publisher":"https:\/\/www.facebook.com\/La-Sentinelle-104059864394773","article_published_time":"2023-05-14T21:05:00+00:00","og_image":[{"width":1196,"height":900,"url":"https:\/\/lasentinelle.dz\/wp-content\/uploads\/2023\/05\/argentine-algerie.png","type":"image\/png"}],"author":"La Sentinelle","twitter_card":"summary_large_image","twitter_misc":{"\u00c9crit par":"La Sentinelle","Dur\u00e9e de lecture estim\u00e9e":"2 minutes"},"schema":{"@context":"https:\/\/schema.org","@graph":[{"@type":"Article","@id":"https:\/\/lasentinelle.dz\/index.php\/2023\/05\/14\/une-importante-delegation-economique-argentine-en-visite-en-algerie-consolider-la-cooperation-bilaterale\/#article","isPartOf":{"@id":"https:\/\/lasentinelle.dz\/index.php\/2023\/05\/14\/une-importante-delegation-economique-argentine-en-visite-en-algerie-consolider-la-cooperation-bilaterale\/"},"author":{"name":"La Sentinelle","@id":"https:\/\/lasentinelle.dz\/#\/schema\/person\/d865044e22e70a75174ce8bcad3acfb3"},"headline":"Une importante d\u00e9l\u00e9gation \u00e9conomique argentine en visite en Alg\u00e9rie\u00a0: Consolider la coop\u00e9ration bilat\u00e9rale","datePublished":"2023-05-14T21:05:00+00:00","mainEntityOfPage":{"@id":"https:\/\/lasentinelle.dz\/index.php\/2023\/05\/14\/une-importante-delegation-economique-argentine-en-visite-en-algerie-consolider-la-cooperation-bilaterale\/"},"wordCount":396,"commentCount":0,"publisher":{"@id":"https:\/\/lasentinelle.dz\/#organization"},"image":{"@id":"https:\/\/lasentinelle.dz\/index.php\/2023\/05\/14\/une-importante-delegation-economique-argentine-en-visite-en-algerie-consolider-la-cooperation-bilaterale\/#primaryimage"},"thumbnailUrl":"https:\/\/lasentinelle.dz\/wp-content\/uploads\/2023\/05\/argentine-algerie.png","articleSection":["\u00c9conomie"],"inLanguage":"fr-FR","potentialAction":[{"@type":"CommentAction","name":"Comment","target":["https:\/\/lasentinelle.dz\/index.php\/2023\/05\/14\/une-importante-delegation-economique-argentine-en-visite-en-algerie-consolider-la-cooperation-bilaterale\/#respond"]}]},{"@type":"WebPage","@id":"https:\/\/lasentinelle.dz\/index.php\/2023\/05\/14\/une-importante-delegation-economique-argentine-en-visite-en-algerie-consolider-la-cooperation-bilaterale\/","url":"https:\/\/lasentinelle.dz\/index.php\/2023\/05\/14\/une-importante-delegation-economique-argentine-en-visite-en-algerie-consolider-la-cooperation-bilaterale\/","name":"Une importante d\u00e9l\u00e9gation \u00e9conomique argentine en visite en Alg\u00e9rie\u00a0: Consolider la coop\u00e9ration bilat\u00e9rale - La Sentinelle","isPartOf":{"@id":"https:\/\/lasentinelle.dz\/#website"},"primaryImageOfPage":{"@id":"https:\/\/lasentinelle.dz\/index.php\/2023\/05\/14\/une-importante-delegation-economique-argentine-en-visite-en-algerie-consolider-la-cooperation-bilaterale\/#primaryimage"},"image":{"@id":"https:\/\/lasentinelle.dz\/index.php\/2023\/05\/14\/une-importante-delegation-economique-argentine-en-visite-en-algerie-consolider-la-cooperation-bilaterale\/#primaryimage"},"thumbnailUrl":"https:\/\/lasentinelle.dz\/wp-content\/uploads\/2023\/05\/argentine-algerie.png","datePublished":"2023-05-14T21:05:00+00:00","breadcrumb":{"@id":"https:\/\/lasentinelle.dz\/index.php\/2023\/05\/14\/une-importante-delegation-economique-argentine-en-visite-en-algerie-consolider-la-cooperation-bilaterale\/#breadcrumb"},"inLanguage":"fr-FR","potentialAction":[{"@type":"ReadAction","target":["https:\/\/lasentinelle.dz\/index.php\/2023\/05\/14\/une-importante-delegation-economique-argentine-en-visite-en-algerie-consolider-la-cooperation-bilaterale\/"]}]},{"@type":"ImageObject","inLanguage":"fr-FR","@id":"https:\/\/lasentinelle.dz\/index.php\/2023\/05\/14\/une-importante-delegation-economique-argentine-en-visite-en-algerie-consolider-la-cooperation-bilaterale\/#primaryimage","url":"https:\/\/lasentinelle.dz\/wp-content\/uploads\/2023\/05\/argentine-algerie.png","contentUrl":"https:\/\/lasentinelle.dz\/wp-content\/uploads\/2023\/05\/argentine-algerie.png","width":1196,"height":900},{"@type":"BreadcrumbList","@id":"https:\/\/lasentinelle.dz\/index.php\/2023\/05\/14\/une-importante-delegation-economique-argentine-en-visite-en-algerie-consolider-la-cooperation-bilaterale\/#breadcrumb","itemListElement":[{"@type":"ListItem","position":1,"name":"Accueil","item":"https:\/\/lasentinelle.dz\/"},{"@type":"ListItem","position":2,"name":"Une importante d\u00e9l\u00e9gation \u00e9conomique argentine en visite en Alg\u00e9rie\u00a0: Consolider la coop\u00e9ration bilat\u00e9rale"}]},{"@type":"WebSite","@id":"https:\/\/lasentinelle.dz\/#website","url":"https:\/\/lasentinelle.dz\/","name":"La Sentinelle","description":"Quotidien national d&#039;information","publisher":{"@id":"https:\/\/lasentinelle.dz\/#organization"},"potentialAction":[{"@type":"SearchAction","target":{"@type":"EntryPoint","urlTemplate":"https:\/\/lasentinelle.dz\/?s={search_term_string}"},"query-input":{"@type":"PropertyValueSpecification","valueRequired":true,"valueName":"search_term_string"}}],"inLanguage":"fr-FR"},{"@type":"Organization","@id":"https:\/\/lasentinelle.dz\/#organization","name":"Quotidien La Sentinelle","url":"https:\/\/lasentinelle.dz\/","logo":{"@type":"ImageObject","inLanguage":"fr-FR","@id":"https:\/\/lasentinelle.dz\/#\/schema\/logo\/image\/","url":"https:\/\/lasentinelle.dz\/wp-content\/uploads\/2021\/09\/logo-sentinelleSLOGAN-1.png","contentUrl":"https:\/\/lasentinelle.dz\/wp-content\/uploads\/2021\/09\/logo-sentinelleSLOGAN-1.png","width":615,"height":142,"caption":"Quotidien La Sentinelle"},"image":{"@id":"https:\/\/lasentinelle.dz\/#\/schema\/logo\/image\/"},"sameAs":["https:\/\/www.facebook.com\/La-Sentinelle-104059864394773"]},{"@type":"Person","@id":"https:\/\/lasentinelle.dz\/#\/schema\/person\/d865044e22e70a75174ce8bcad3acfb3","name":"La Sentinelle","image":{"@type":"ImageObject","inLanguage":"fr-FR","@id":"https:\/\/secure.gravatar.com\/avatar\/57de8e5d4b15d43fb361a71fbb36338450fe67865b528a43dd10ef7c51a20392?s=96&d=mm&r=g","url":"https:\/\/secure.gravatar.com\/avatar\/57de8e5d4b15d43fb361a71fbb36338450fe67865b528a43dd10ef7c51a20392?s=96&d=mm&r=g","contentUrl":"https:\/\/secure.gravatar.com\/avatar\/57de8e5d4b15d43fb361a71fbb36338450fe67865b528a43dd10ef7c51a20392?s=96&d=mm&r=g","caption":"La Sentinelle"},"sameAs":["http:\/\/www.lasentinelle.dz"],"url":"https:\/\/lasentinelle.dz\/author\/redaction\/"}]}},"_links":{"self":[{"href":"https:\/\/lasentinelle.dz\/index.php\/wp-json\/wp\/v2\/posts\/41013","targetHints":{"allow":["GET"]}}],"collection":[{"href":"https:\/\/lasentinelle.dz\/index.php\/wp-json\/wp\/v2\/posts"}],"about":[{"href":"https:\/\/lasentinelle.dz\/index.php\/wp-json\/wp\/v2\/types\/post"}],"author":[{"embeddable":true,"href":"https:\/\/lasentinelle.dz\/index.php\/wp-json\/wp\/v2\/users\/3"}],"replies":[{"embeddable":true,"href":"https:\/\/lasentinelle.dz\/index.php\/wp-json\/wp\/v2\/comments?post=41013"}],"version-history":[{"count":1,"href":"https:\/\/lasentinelle.dz\/index.php\/wp-json\/wp\/v2\/posts\/41013\/revisions"}],"predecessor-version":[{"id":41023,"href":"https:\/\/lasentinelle.dz\/index.php\/wp-json\/wp\/v2\/posts\/41013\/revisions\/41023"}],"wp:featuredmedia":[{"embeddable":true,"href":"https:\/\/lasentinelle.dz\/index.php\/wp-json\/wp\/v2\/media\/41019"}],"wp:attachment":[{"href":"https:\/\/lasentinelle.dz\/index.php\/wp-json\/wp\/v2\/media?parent=41013"}],"wp:term":[{"taxonomy":"category","embeddable":true,"href":"https:\/\/lasentinelle.dz\/index.php\/wp-json\/wp\/v2\/categories?post=41013"},{"taxonomy":"post_tag","embeddable":true,"href":"https:\/\/lasentinelle.dz\/index.php\/wp-json\/wp\/v2\/tags?post=41013"}],"curies":[{"name":"wp","href":"https:\/\/api.w.org\/{rel}","templated":true}]}}