{"id":41025,"date":"2023-05-14T22:17:00","date_gmt":"2023-05-14T21:17:00","guid":{"rendered":"https:\/\/lasentinelle.dz\/?p=41025"},"modified":"2023-05-14T20:52:24","modified_gmt":"2023-05-14T19:52:24","slug":"enseignants-et-chercheurs-universitaires-vers-une-revision-des-salaires","status":"publish","type":"post","link":"https:\/\/lasentinelle.dz\/index.php\/2023\/05\/14\/enseignants-et-chercheurs-universitaires-vers-une-revision-des-salaires\/","title":{"rendered":"Enseignants et chercheurs universitaires\u00a0: Vers une r\u00e9vision des salaires"},"content":{"rendered":"\n<p>Pr\u00e9sident de la R\u00e9publique, Abdelmadjid Tebboune, a annonc\u00e9 hier de nouvelles mesures susceptibles d\u2019am\u00e9liorer les conditions socio-professionnelles des enseignants et chercheurs universitaires. De la hausse des salaires, \u00e0 la r\u00e9vision du statut des enseignants du Sup\u00e9rieur, en passant par le recrutement des d\u00e9tenteurs de dipl\u00f4mes de magister et de doctorat dans des postes universitaires, les dispositions ont pour objectif de valoriser les universitaires et comp\u00e9tences nationales, explique-t-on.<\/p>\n\n\n\n<p>En effet, le Pr\u00e9sident Tebboune a ordonn\u00e9, lors de la r\u00e9union p\u00e9riodique du Conseil des ministres tenue hier, la r\u00e9vision des salaires des enseignants du Sup\u00e9rieur et des chercheurs universitaires. Selon le communiqu\u00e9 des services de la pr\u00e9sidence de la R\u00e9publique qui a sanctionn\u00e9 les travaux de la r\u00e9union, le pr\u00e9sident de la R\u00e9publique \u00ab&nbsp;a ordonn\u00e9, dans le cadre de son engagement aupr\u00e8s des enseignants universitaires, la r\u00e9vision des salaires des enseignants du Sup\u00e9rieur et des chercheurs universitaires, tous grades scientifiques confondus, enjoignant de lui soumettre des propositions dans les meilleurs d\u00e9lais, car l&rsquo;Etat doit accorder un int\u00e9r\u00eat particulier \u00e0 cette cat\u00e9gorie, qui constitue la mati\u00e8re grise et la soupape de s\u00e9curit\u00e9 de l&rsquo;Alg\u00e9rie dans tous les secteurs&nbsp;\u00bb. Le Chef de l\u2019\u00c9tat a \u00e9galement enjoint l\u2019Ex\u00e9cutif de \u00ab&nbsp;pr\u00e9parer une r\u00e9vision globale du statut des enseignants du Sup\u00e9rieur en accord avec la dynamique et la nouvelle strat\u00e9gie du secteur de l&rsquo;Enseignement sup\u00e9rieur et de la Recherche scientifique&nbsp;\u00bb. Par ailleurs et lors de cette r\u00e9union, le Pr\u00e9sident Tebbounea approuv\u00e9 les propositions du ministre de l&rsquo;Enseignement sup\u00e9rieur et de la Recherche scientifique, pr\u00e9voyant le recrutement des titulaires des dipl\u00f4mes de magister et de doctorat dans les postes universitaires. Il a \u00e9galement soulign\u00e9 la n\u00e9cessit\u00e9 de \u00ab&nbsp;redoubler d&rsquo;efforts pour attirer davantage d&rsquo;\u00e9tudiants dans les sp\u00e9cialit\u00e9s et fili\u00e8res scientifiques, qui repr\u00e9sentent le r\u00e9servoir de la nation pour les diff\u00e9rentes institutions de l&rsquo;Etat&nbsp;\u00bb. Il a \u00e9galement insist\u00e9 sur la n\u00e9cessit\u00e9 d\u2019\u00abadopter une vision scientifique proactive bas\u00e9e sur l&rsquo;approche de l&rsquo;Alg\u00e9rie nouvelle qui pr\u00e9voit de d\u00e9laisser les m\u00e9thodes classiques dans l&rsquo;enseignement sup\u00e9rieur au profit de la diversification des sp\u00e9cialit\u00e9s au diapason des tendances mondiales&nbsp;\u00bb.<\/p>\n\n\n\n<p><strong>Mines, agriculture et for\u00eats<\/strong><\/p>\n\n\n\n<p>Plusieurs dossiers \u00e9conomiques ont \u00e9galement \u00e9t\u00e9 \u00e0 l\u2019ordre du jour du Conseil des ministre. C\u2019est ainsi qu\u2019il s\u2019est pench\u00e9 en premier lieu sur le projet d&rsquo;exploitation du gisement de zinc et de plomb \u00e0 Oued Amizour dans la wilaya de Bejaia. Un projet dont la feuille de route a \u00e9t\u00e9 valid\u00e9e mercredi dernier en r\u00e9union du gouvernement, rappelle-t-on. Dans ce contexte, le pr\u00e9sident de la R\u00e9publique a rappel\u00e9 hier l&rsquo;importance \u00e9conomique majeure dudit projet. Il a ainsi a ordonn\u00e9 de r\u00e9duire tous les d\u00e9lais li\u00e9s aux chantiers techniques secondaires pour acc\u00e9l\u00e9rer l&rsquo;entr\u00e9e en exploitation de ce projet, d&rsquo;autant que l&rsquo;\u00e9tape des r\u00e9gularisations administratives est d\u00e9pass\u00e9e. Il a \u00e9galement ordonn\u00e9 d\u2019adopter le syst\u00e8me de travail en \u00e9quipes 24h sur 24, pour faire avancer les travaux, au vu de l&rsquo;impact positif du projet au niveau national.<\/p>\n\n\n\n<p>L\u2019autre dossier majeur examin\u00e9 est celui relatif aux fermes pilotes. Dans ce contexte et consid\u00e9rant que l\u2019approche adopt\u00e9e jusque-l\u00e0 &nbsp;n\u2019a pas donn\u00e9 de r\u00e9sultats \u00e0 la hauteur des attentes de l&rsquo;Etat, le Chef de l\u2019\u00c9tat a ordonn\u00e9 d&rsquo;\u00e9laborer \u00ab&nbsp;une nouvelle vision approfondie, \u00e0 soumettre au plus tard dans un mois, qui d\u00e9gagerait une approche globale \u00e0 m\u00eame de mettre en avant le nouveau r\u00f4le de ces fermes et le cadre juridique devant les r\u00e9gir et en pr\u00e9server la p\u00e9rennit\u00e9 \u00e0 travers toutes les r\u00e9gions du pays, en fonction de la vocation agricole de chaque r\u00e9gion&nbsp;\u00bb. Le pr\u00e9sident de la R\u00e9publique a \u00e9galement ordonn\u00e9 &nbsp;de transformer les fermes pilotes en p\u00e9pini\u00e8res pour les ressources animales et v\u00e9g\u00e9tales, soit une locomotive pour la recherche et le d\u00e9veloppement du secteur agricole, dans le cadre du processus de d\u00e9veloppement de l&rsquo;\u00e9conomie nationale.<\/p>\n\n\n\n<p>Enfin, le Conseil des ministres s\u2019est pench\u00e9 sur le projet de loi relatif aux for\u00eats et au patrimoine forestier. Un texte qui a d\u2019ailleurs \u00e9t\u00e9 approuv\u00e9. Dans ce contexte, le Pr\u00e9sident Tebboune a soulign\u00e9 l&rsquo;imp\u00e9ratif de fixer et d\u00e9terminer l&rsquo;objectif de sa r\u00e9vision dans le contexte de l&rsquo;actualisation et l&rsquo;adaptation du r\u00f4le des for\u00eats et du patrimoine forestier dans le d\u00e9veloppement et la promotion de l&rsquo;\u00e9conomie nationale. Le pr\u00e9sident de la R\u00e9publique a \u00e9galement instruit le Gouvernement \u00e0 l&rsquo;effet \u00ab&nbsp;d&rsquo;accorder davantage de facilitations aux familles alg\u00e9riennes qui \u0153uvrent \u00e0 hisser le rendement du secteur agricole, \u00e0 travers l&rsquo;exploitation des espaces forestiers, et ce pour doubler les revenus de ces familles de mani\u00e8re optimale et non nuisible au couvert forestier, ni \u00e0 l&rsquo;environnement&nbsp;\u00bb.<\/p>\n\n\n\n<p><strong>Chokri Hafed<\/strong><\/p>\n","protected":false},"excerpt":{"rendered":"<p>Pr\u00e9sident de la R\u00e9publique, Abdelmadjid Tebboune, a annonc\u00e9 hier de nouvelles mesures susceptibles d\u2019am\u00e9liorer les conditions socio-professionnelles des enseignants et<\/p>\n","protected":false},"author":3,"featured_media":41037,"comment_status":"open","ping_status":"closed","sticky":false,"template":"","format":"standard","meta":{"colormag_page_container_layout":"default_layout","colormag_page_sidebar_layout":"default_layout","om_disable_all_campaigns":false,"_monsterinsights_skip_tracking":false,"_monsterinsights_sitenote_active":false,"_monsterinsights_sitenote_note":"","_monsterinsights_sitenote_category":0,"footnotes":"","_wpscppro_dont_share_socialmedia":false,"_wpscppro_custom_social_share_image":0,"_facebook_share_type":"","_twitter_share_type":"","_linkedin_share_type":"","_pinterest_share_type":"","_linkedin_share_type_page":"","_instagram_share_type":"","_medium_share_type":"","_threads_share_type":"","_google_business_share_type":"","_selected_social_profile":[],"_wpsp_enable_custom_social_template":false,"_wpsp_social_scheduling":{"enabled":false,"datetime":null,"platforms":[],"status":"template_only","dateOption":"today","timeOption":"now","customDays":"","customHours":"","customDate":"","customTime":"","schedulingType":"absolute"},"_wpsp_active_default_template":true},"categories":[52,27],"tags":[],"class_list":["post-41025","post","type-post","status-publish","format-standard","has-post-thumbnail","hentry","category-a-la-une","category-actualite"],"aioseo_notices":[],"yoast_head":"<!-- This site is optimized with the Yoast SEO plugin v27.5 - https:\/\/yoast.com\/product\/yoast-seo-wordpress\/ -->\n<title>Enseignants et chercheurs universitaires\u00a0: Vers une r\u00e9vision des salaires - La Sentinelle<\/title>\n<meta name=\"robots\" content=\"index, follow, max-snippet:-1, max-image-preview:large, max-video-preview:-1\" \/>\n<link rel=\"canonical\" href=\"https:\/\/lasentinelle.dz\/index.php\/2023\/05\/14\/enseignants-et-chercheurs-universitaires-vers-une-revision-des-salaires\/\" \/>\n<meta property=\"og:locale\" content=\"fr_FR\" \/>\n<meta property=\"og:type\" content=\"article\" \/>\n<meta property=\"og:title\" content=\"Enseignants et chercheurs universitaires\u00a0: Vers une r\u00e9vision des salaires - La Sentinelle\" \/>\n<meta property=\"og:description\" content=\"Pr\u00e9sident de la R\u00e9publique, Abdelmadjid Tebboune, a annonc\u00e9 hier de nouvelles mesures susceptibles d\u2019am\u00e9liorer les conditions socio-professionnelles des enseignants et\" \/>\n<meta property=\"og:url\" content=\"https:\/\/lasentinelle.dz\/index.php\/2023\/05\/14\/enseignants-et-chercheurs-universitaires-vers-une-revision-des-salaires\/\" \/>\n<meta property=\"og:site_name\" content=\"La Sentinelle\" \/>\n<meta property=\"article:publisher\" content=\"https:\/\/www.facebook.com\/La-Sentinelle-104059864394773\" \/>\n<meta property=\"article:published_time\" content=\"2023-05-14T21:17:00+00:00\" \/>\n<meta property=\"og:image\" content=\"https:\/\/lasentinelle.dz\/wp-content\/uploads\/2023\/05\/tebboune-3.png\" \/>\n\t<meta property=\"og:image:width\" content=\"1351\" \/>\n\t<meta property=\"og:image:height\" content=\"900\" \/>\n\t<meta property=\"og:image:type\" content=\"image\/png\" \/>\n<meta name=\"author\" content=\"La Sentinelle\" \/>\n<meta name=\"twitter:card\" content=\"summary_large_image\" \/>\n<meta name=\"twitter:label1\" content=\"\u00c9crit par\" \/>\n\t<meta name=\"twitter:data1\" content=\"La Sentinelle\" \/>\n\t<meta name=\"twitter:label2\" content=\"Dur\u00e9e de lecture estim\u00e9e\" \/>\n\t<meta name=\"twitter:data2\" content=\"4 minutes\" \/>\n<script type=\"application\/ld+json\" class=\"yoast-schema-graph\">{\"@context\":\"https:\\\/\\\/schema.org\",\"@graph\":[{\"@type\":\"Article\",\"@id\":\"https:\\\/\\\/lasentinelle.dz\\\/index.php\\\/2023\\\/05\\\/14\\\/enseignants-et-chercheurs-universitaires-vers-une-revision-des-salaires\\\/#article\",\"isPartOf\":{\"@id\":\"https:\\\/\\\/lasentinelle.dz\\\/index.php\\\/2023\\\/05\\\/14\\\/enseignants-et-chercheurs-universitaires-vers-une-revision-des-salaires\\\/\"},\"author\":{\"name\":\"La Sentinelle\",\"@id\":\"https:\\\/\\\/lasentinelle.dz\\\/#\\\/schema\\\/person\\\/d865044e22e70a75174ce8bcad3acfb3\"},\"headline\":\"Enseignants et chercheurs universitaires\u00a0: Vers une r\u00e9vision des salaires\",\"datePublished\":\"2023-05-14T21:17:00+00:00\",\"mainEntityOfPage\":{\"@id\":\"https:\\\/\\\/lasentinelle.dz\\\/index.php\\\/2023\\\/05\\\/14\\\/enseignants-et-chercheurs-universitaires-vers-une-revision-des-salaires\\\/\"},\"wordCount\":888,\"commentCount\":0,\"publisher\":{\"@id\":\"https:\\\/\\\/lasentinelle.dz\\\/#organization\"},\"image\":{\"@id\":\"https:\\\/\\\/lasentinelle.dz\\\/index.php\\\/2023\\\/05\\\/14\\\/enseignants-et-chercheurs-universitaires-vers-une-revision-des-salaires\\\/#primaryimage\"},\"thumbnailUrl\":\"https:\\\/\\\/lasentinelle.dz\\\/wp-content\\\/uploads\\\/2023\\\/05\\\/tebboune-3.png\",\"articleSection\":[\"\u00c0 la Une\",\"Actualit\u00e9\"],\"inLanguage\":\"fr-FR\",\"potentialAction\":[{\"@type\":\"CommentAction\",\"name\":\"Comment\",\"target\":[\"https:\\\/\\\/lasentinelle.dz\\\/index.php\\\/2023\\\/05\\\/14\\\/enseignants-et-chercheurs-universitaires-vers-une-revision-des-salaires\\\/#respond\"]}]},{\"@type\":\"WebPage\",\"@id\":\"https:\\\/\\\/lasentinelle.dz\\\/index.php\\\/2023\\\/05\\\/14\\\/enseignants-et-chercheurs-universitaires-vers-une-revision-des-salaires\\\/\",\"url\":\"https:\\\/\\\/lasentinelle.dz\\\/index.php\\\/2023\\\/05\\\/14\\\/enseignants-et-chercheurs-universitaires-vers-une-revision-des-salaires\\\/\",\"name\":\"Enseignants et chercheurs universitaires\u00a0: Vers une r\u00e9vision des salaires - La Sentinelle\",\"isPartOf\":{\"@id\":\"https:\\\/\\\/lasentinelle.dz\\\/#website\"},\"primaryImageOfPage\":{\"@id\":\"https:\\\/\\\/lasentinelle.dz\\\/index.php\\\/2023\\\/05\\\/14\\\/enseignants-et-chercheurs-universitaires-vers-une-revision-des-salaires\\\/#primaryimage\"},\"image\":{\"@id\":\"https:\\\/\\\/lasentinelle.dz\\\/index.php\\\/2023\\\/05\\\/14\\\/enseignants-et-chercheurs-universitaires-vers-une-revision-des-salaires\\\/#primaryimage\"},\"thumbnailUrl\":\"https:\\\/\\\/lasentinelle.dz\\\/wp-content\\\/uploads\\\/2023\\\/05\\\/tebboune-3.png\",\"datePublished\":\"2023-05-14T21:17:00+00:00\",\"breadcrumb\":{\"@id\":\"https:\\\/\\\/lasentinelle.dz\\\/index.php\\\/2023\\\/05\\\/14\\\/enseignants-et-chercheurs-universitaires-vers-une-revision-des-salaires\\\/#breadcrumb\"},\"inLanguage\":\"fr-FR\",\"potentialAction\":[{\"@type\":\"ReadAction\",\"target\":[\"https:\\\/\\\/lasentinelle.dz\\\/index.php\\\/2023\\\/05\\\/14\\\/enseignants-et-chercheurs-universitaires-vers-une-revision-des-salaires\\\/\"]}]},{\"@type\":\"ImageObject\",\"inLanguage\":\"fr-FR\",\"@id\":\"https:\\\/\\\/lasentinelle.dz\\\/index.php\\\/2023\\\/05\\\/14\\\/enseignants-et-chercheurs-universitaires-vers-une-revision-des-salaires\\\/#primaryimage\",\"url\":\"https:\\\/\\\/lasentinelle.dz\\\/wp-content\\\/uploads\\\/2023\\\/05\\\/tebboune-3.png\",\"contentUrl\":\"https:\\\/\\\/lasentinelle.dz\\\/wp-content\\\/uploads\\\/2023\\\/05\\\/tebboune-3.png\",\"width\":1351,\"height\":900},{\"@type\":\"BreadcrumbList\",\"@id\":\"https:\\\/\\\/lasentinelle.dz\\\/index.php\\\/2023\\\/05\\\/14\\\/enseignants-et-chercheurs-universitaires-vers-une-revision-des-salaires\\\/#breadcrumb\",\"itemListElement\":[{\"@type\":\"ListItem\",\"position\":1,\"name\":\"Accueil\",\"item\":\"https:\\\/\\\/lasentinelle.dz\\\/\"},{\"@type\":\"ListItem\",\"position\":2,\"name\":\"Enseignants et chercheurs universitaires\u00a0: Vers une r\u00e9vision des salaires\"}]},{\"@type\":\"WebSite\",\"@id\":\"https:\\\/\\\/lasentinelle.dz\\\/#website\",\"url\":\"https:\\\/\\\/lasentinelle.dz\\\/\",\"name\":\"La Sentinelle\",\"description\":\"Quotidien national d&#039;information\",\"publisher\":{\"@id\":\"https:\\\/\\\/lasentinelle.dz\\\/#organization\"},\"potentialAction\":[{\"@type\":\"SearchAction\",\"target\":{\"@type\":\"EntryPoint\",\"urlTemplate\":\"https:\\\/\\\/lasentinelle.dz\\\/?s={search_term_string}\"},\"query-input\":{\"@type\":\"PropertyValueSpecification\",\"valueRequired\":true,\"valueName\":\"search_term_string\"}}],\"inLanguage\":\"fr-FR\"},{\"@type\":\"Organization\",\"@id\":\"https:\\\/\\\/lasentinelle.dz\\\/#organization\",\"name\":\"Quotidien La Sentinelle\",\"url\":\"https:\\\/\\\/lasentinelle.dz\\\/\",\"logo\":{\"@type\":\"ImageObject\",\"inLanguage\":\"fr-FR\",\"@id\":\"https:\\\/\\\/lasentinelle.dz\\\/#\\\/schema\\\/logo\\\/image\\\/\",\"url\":\"https:\\\/\\\/lasentinelle.dz\\\/wp-content\\\/uploads\\\/2021\\\/09\\\/logo-sentinelleSLOGAN-1.png\",\"contentUrl\":\"https:\\\/\\\/lasentinelle.dz\\\/wp-content\\\/uploads\\\/2021\\\/09\\\/logo-sentinelleSLOGAN-1.png\",\"width\":615,\"height\":142,\"caption\":\"Quotidien La Sentinelle\"},\"image\":{\"@id\":\"https:\\\/\\\/lasentinelle.dz\\\/#\\\/schema\\\/logo\\\/image\\\/\"},\"sameAs\":[\"https:\\\/\\\/www.facebook.com\\\/La-Sentinelle-104059864394773\"]},{\"@type\":\"Person\",\"@id\":\"https:\\\/\\\/lasentinelle.dz\\\/#\\\/schema\\\/person\\\/d865044e22e70a75174ce8bcad3acfb3\",\"name\":\"La Sentinelle\",\"image\":{\"@type\":\"ImageObject\",\"inLanguage\":\"fr-FR\",\"@id\":\"https:\\\/\\\/secure.gravatar.com\\\/avatar\\\/57de8e5d4b15d43fb361a71fbb36338450fe67865b528a43dd10ef7c51a20392?s=96&d=mm&r=g\",\"url\":\"https:\\\/\\\/secure.gravatar.com\\\/avatar\\\/57de8e5d4b15d43fb361a71fbb36338450fe67865b528a43dd10ef7c51a20392?s=96&d=mm&r=g\",\"contentUrl\":\"https:\\\/\\\/secure.gravatar.com\\\/avatar\\\/57de8e5d4b15d43fb361a71fbb36338450fe67865b528a43dd10ef7c51a20392?s=96&d=mm&r=g\",\"caption\":\"La Sentinelle\"},\"sameAs\":[\"http:\\\/\\\/www.lasentinelle.dz\"],\"url\":\"https:\\\/\\\/lasentinelle.dz\\\/author\\\/redaction\\\/\"}]}<\/script>\n<!-- \/ Yoast SEO plugin. -->","yoast_head_json":{"title":"Enseignants et chercheurs universitaires\u00a0: Vers une r\u00e9vision des salaires - La Sentinelle","robots":{"index":"index","follow":"follow","max-snippet":"max-snippet:-1","max-image-preview":"max-image-preview:large","max-video-preview":"max-video-preview:-1"},"canonical":"https:\/\/lasentinelle.dz\/index.php\/2023\/05\/14\/enseignants-et-chercheurs-universitaires-vers-une-revision-des-salaires\/","og_locale":"fr_FR","og_type":"article","og_title":"Enseignants et chercheurs universitaires\u00a0: Vers une r\u00e9vision des salaires - La Sentinelle","og_description":"Pr\u00e9sident de la R\u00e9publique, Abdelmadjid Tebboune, a annonc\u00e9 hier de nouvelles mesures susceptibles d\u2019am\u00e9liorer les conditions socio-professionnelles des enseignants et","og_url":"https:\/\/lasentinelle.dz\/index.php\/2023\/05\/14\/enseignants-et-chercheurs-universitaires-vers-une-revision-des-salaires\/","og_site_name":"La Sentinelle","article_publisher":"https:\/\/www.facebook.com\/La-Sentinelle-104059864394773","article_published_time":"2023-05-14T21:17:00+00:00","og_image":[{"width":1351,"height":900,"url":"https:\/\/lasentinelle.dz\/wp-content\/uploads\/2023\/05\/tebboune-3.png","type":"image\/png"}],"author":"La Sentinelle","twitter_card":"summary_large_image","twitter_misc":{"\u00c9crit par":"La Sentinelle","Dur\u00e9e de lecture estim\u00e9e":"4 minutes"},"schema":{"@context":"https:\/\/schema.org","@graph":[{"@type":"Article","@id":"https:\/\/lasentinelle.dz\/index.php\/2023\/05\/14\/enseignants-et-chercheurs-universitaires-vers-une-revision-des-salaires\/#article","isPartOf":{"@id":"https:\/\/lasentinelle.dz\/index.php\/2023\/05\/14\/enseignants-et-chercheurs-universitaires-vers-une-revision-des-salaires\/"},"author":{"name":"La Sentinelle","@id":"https:\/\/lasentinelle.dz\/#\/schema\/person\/d865044e22e70a75174ce8bcad3acfb3"},"headline":"Enseignants et chercheurs universitaires\u00a0: Vers une r\u00e9vision des salaires","datePublished":"2023-05-14T21:17:00+00:00","mainEntityOfPage":{"@id":"https:\/\/lasentinelle.dz\/index.php\/2023\/05\/14\/enseignants-et-chercheurs-universitaires-vers-une-revision-des-salaires\/"},"wordCount":888,"commentCount":0,"publisher":{"@id":"https:\/\/lasentinelle.dz\/#organization"},"image":{"@id":"https:\/\/lasentinelle.dz\/index.php\/2023\/05\/14\/enseignants-et-chercheurs-universitaires-vers-une-revision-des-salaires\/#primaryimage"},"thumbnailUrl":"https:\/\/lasentinelle.dz\/wp-content\/uploads\/2023\/05\/tebboune-3.png","articleSection":["\u00c0 la Une","Actualit\u00e9"],"inLanguage":"fr-FR","potentialAction":[{"@type":"CommentAction","name":"Comment","target":["https:\/\/lasentinelle.dz\/index.php\/2023\/05\/14\/enseignants-et-chercheurs-universitaires-vers-une-revision-des-salaires\/#respond"]}]},{"@type":"WebPage","@id":"https:\/\/lasentinelle.dz\/index.php\/2023\/05\/14\/enseignants-et-chercheurs-universitaires-vers-une-revision-des-salaires\/","url":"https:\/\/lasentinelle.dz\/index.php\/2023\/05\/14\/enseignants-et-chercheurs-universitaires-vers-une-revision-des-salaires\/","name":"Enseignants et chercheurs universitaires\u00a0: Vers une r\u00e9vision des salaires - La Sentinelle","isPartOf":{"@id":"https:\/\/lasentinelle.dz\/#website"},"primaryImageOfPage":{"@id":"https:\/\/lasentinelle.dz\/index.php\/2023\/05\/14\/enseignants-et-chercheurs-universitaires-vers-une-revision-des-salaires\/#primaryimage"},"image":{"@id":"https:\/\/lasentinelle.dz\/index.php\/2023\/05\/14\/enseignants-et-chercheurs-universitaires-vers-une-revision-des-salaires\/#primaryimage"},"thumbnailUrl":"https:\/\/lasentinelle.dz\/wp-content\/uploads\/2023\/05\/tebboune-3.png","datePublished":"2023-05-14T21:17:00+00:00","breadcrumb":{"@id":"https:\/\/lasentinelle.dz\/index.php\/2023\/05\/14\/enseignants-et-chercheurs-universitaires-vers-une-revision-des-salaires\/#breadcrumb"},"inLanguage":"fr-FR","potentialAction":[{"@type":"ReadAction","target":["https:\/\/lasentinelle.dz\/index.php\/2023\/05\/14\/enseignants-et-chercheurs-universitaires-vers-une-revision-des-salaires\/"]}]},{"@type":"ImageObject","inLanguage":"fr-FR","@id":"https:\/\/lasentinelle.dz\/index.php\/2023\/05\/14\/enseignants-et-chercheurs-universitaires-vers-une-revision-des-salaires\/#primaryimage","url":"https:\/\/lasentinelle.dz\/wp-content\/uploads\/2023\/05\/tebboune-3.png","contentUrl":"https:\/\/lasentinelle.dz\/wp-content\/uploads\/2023\/05\/tebboune-3.png","width":1351,"height":900},{"@type":"BreadcrumbList","@id":"https:\/\/lasentinelle.dz\/index.php\/2023\/05\/14\/enseignants-et-chercheurs-universitaires-vers-une-revision-des-salaires\/#breadcrumb","itemListElement":[{"@type":"ListItem","position":1,"name":"Accueil","item":"https:\/\/lasentinelle.dz\/"},{"@type":"ListItem","position":2,"name":"Enseignants et chercheurs universitaires\u00a0: Vers une r\u00e9vision des salaires"}]},{"@type":"WebSite","@id":"https:\/\/lasentinelle.dz\/#website","url":"https:\/\/lasentinelle.dz\/","name":"La Sentinelle","description":"Quotidien national d&#039;information","publisher":{"@id":"https:\/\/lasentinelle.dz\/#organization"},"potentialAction":[{"@type":"SearchAction","target":{"@type":"EntryPoint","urlTemplate":"https:\/\/lasentinelle.dz\/?s={search_term_string}"},"query-input":{"@type":"PropertyValueSpecification","valueRequired":true,"valueName":"search_term_string"}}],"inLanguage":"fr-FR"},{"@type":"Organization","@id":"https:\/\/lasentinelle.dz\/#organization","name":"Quotidien La Sentinelle","url":"https:\/\/lasentinelle.dz\/","logo":{"@type":"ImageObject","inLanguage":"fr-FR","@id":"https:\/\/lasentinelle.dz\/#\/schema\/logo\/image\/","url":"https:\/\/lasentinelle.dz\/wp-content\/uploads\/2021\/09\/logo-sentinelleSLOGAN-1.png","contentUrl":"https:\/\/lasentinelle.dz\/wp-content\/uploads\/2021\/09\/logo-sentinelleSLOGAN-1.png","width":615,"height":142,"caption":"Quotidien La Sentinelle"},"image":{"@id":"https:\/\/lasentinelle.dz\/#\/schema\/logo\/image\/"},"sameAs":["https:\/\/www.facebook.com\/La-Sentinelle-104059864394773"]},{"@type":"Person","@id":"https:\/\/lasentinelle.dz\/#\/schema\/person\/d865044e22e70a75174ce8bcad3acfb3","name":"La Sentinelle","image":{"@type":"ImageObject","inLanguage":"fr-FR","@id":"https:\/\/secure.gravatar.com\/avatar\/57de8e5d4b15d43fb361a71fbb36338450fe67865b528a43dd10ef7c51a20392?s=96&d=mm&r=g","url":"https:\/\/secure.gravatar.com\/avatar\/57de8e5d4b15d43fb361a71fbb36338450fe67865b528a43dd10ef7c51a20392?s=96&d=mm&r=g","contentUrl":"https:\/\/secure.gravatar.com\/avatar\/57de8e5d4b15d43fb361a71fbb36338450fe67865b528a43dd10ef7c51a20392?s=96&d=mm&r=g","caption":"La Sentinelle"},"sameAs":["http:\/\/www.lasentinelle.dz"],"url":"https:\/\/lasentinelle.dz\/author\/redaction\/"}]}},"_links":{"self":[{"href":"https:\/\/lasentinelle.dz\/index.php\/wp-json\/wp\/v2\/posts\/41025","targetHints":{"allow":["GET"]}}],"collection":[{"href":"https:\/\/lasentinelle.dz\/index.php\/wp-json\/wp\/v2\/posts"}],"about":[{"href":"https:\/\/lasentinelle.dz\/index.php\/wp-json\/wp\/v2\/types\/post"}],"author":[{"embeddable":true,"href":"https:\/\/lasentinelle.dz\/index.php\/wp-json\/wp\/v2\/users\/3"}],"replies":[{"embeddable":true,"href":"https:\/\/lasentinelle.dz\/index.php\/wp-json\/wp\/v2\/comments?post=41025"}],"version-history":[{"count":2,"href":"https:\/\/lasentinelle.dz\/index.php\/wp-json\/wp\/v2\/posts\/41025\/revisions"}],"predecessor-version":[{"id":41038,"href":"https:\/\/lasentinelle.dz\/index.php\/wp-json\/wp\/v2\/posts\/41025\/revisions\/41038"}],"wp:featuredmedia":[{"embeddable":true,"href":"https:\/\/lasentinelle.dz\/index.php\/wp-json\/wp\/v2\/media\/41037"}],"wp:attachment":[{"href":"https:\/\/lasentinelle.dz\/index.php\/wp-json\/wp\/v2\/media?parent=41025"}],"wp:term":[{"taxonomy":"category","embeddable":true,"href":"https:\/\/lasentinelle.dz\/index.php\/wp-json\/wp\/v2\/categories?post=41025"},{"taxonomy":"post_tag","embeddable":true,"href":"https:\/\/lasentinelle.dz\/index.php\/wp-json\/wp\/v2\/tags?post=41025"}],"curies":[{"name":"wp","href":"https:\/\/api.w.org\/{rel}","templated":true}]}}