{"id":41042,"date":"2023-05-14T22:05:00","date_gmt":"2023-05-14T21:05:00","guid":{"rendered":"https:\/\/lasentinelle.dz\/?p=41042"},"modified":"2023-05-14T21:31:51","modified_gmt":"2023-05-14T20:31:51","slug":"resolution-du-parlement-europeen-concernant-lalgerie-une-tentative-de-chantage-politique","status":"publish","type":"post","link":"https:\/\/lasentinelle.dz\/index.php\/2023\/05\/14\/resolution-du-parlement-europeen-concernant-lalgerie-une-tentative-de-chantage-politique\/","title":{"rendered":"R\u00e9solution du Parlement europ\u00e9en concernant l&rsquo;Alg\u00e9rie\u00a0: \u00ab\u00a0Une tentative de chantage politique\u00a0\u00bb"},"content":{"rendered":"\n<p>La vague d\u2019indignation et de condamnations qu\u2019a suscit\u00e9 la r\u00e9solution du Parlement europ\u00e9en ne s\u2019arr\u00eate pas. Plusieurs organismes internationaux continuent de d\u00e9noncer la volont\u00e9 du PE d\u2019imposer \u00ab&nbsp;un chantage politique&nbsp;\u00bb \u00e0 l\u2019Alg\u00e9rie, de saper ses r\u00e9alisations et de la \u00ab&nbsp;punir&nbsp;\u00bb pour les positions de principe constante qu\u2019elle affiche au niveau international.<\/p>\n\n\n\n<p>C\u2019est ainsi que l&rsquo;Union interparlementaire arabe (UIPA) a exprim\u00e9 son indignation et son rejet de la r\u00e9solution du Parlement europ\u00e9en (PE) sur la libert\u00e9 d&rsquo;expression et de la presse en Alg\u00e9rie, et les informations fallacieuses qu&rsquo;elle contient et qui visent \u00e0 saper les r\u00e9alisations de l&rsquo;Alg\u00e9rie dans les fora r\u00e9gionaux et internationaux, mettant en garde contre les cons\u00e9quences de ce chantage politique et de ces tentatives d&rsquo;alt\u00e9ration des faits. L&rsquo;Union interparlementaire arabe met ainsi en garde \u00ab&nbsp;contre les cons\u00e9quences de ce chantage politique et ces tentatives flagrantes et honteuses d&rsquo;alt\u00e9ration des faits men\u00e9es par l&rsquo;Union europ\u00e9enne (UE) au vu et au su de tous les pays du monde&nbsp;\u00bb, souligne-t-elle dans un communiqu\u00e9 Elle a soulign\u00e9 son rejet cat\u00e9gorique de l&rsquo;immixtion du PE dans les affaires internes des pays ind\u00e9pendants et souverains, et de la politique de deux poids deux mesures, en pr\u00e9textant un int\u00e9r\u00eat pour les droits de l&rsquo;homme dans certains pays arabes, alors qu&rsquo;il ferme les yeux sur les agressions sionistes barbares contre les citoyens et leurs droits l\u00e9gitimes en Palestine et dans d&rsquo;autres pays vuln\u00e9rables. \u00ab\u00a0A la lumi\u00e8re des communiqu\u00e9s politiques erron\u00e9s publi\u00e9s par le PE contre les pays arabes qui rejettent le principe de tutelle et les diktats, relavant d&rsquo;une ing\u00e9rence flagrante dans leurs affaires internes, notamment son dernier communiqu\u00e9 sur la libert\u00e9 de la presse et d&rsquo;expression en Alg\u00e9rie, l&rsquo;UIPA exprime son indignation et son rejet cat\u00e9gorique de la r\u00e9solution du PE et des informations fallacieuses qu&rsquo;elle contient, visant \u00e0 ternir l&rsquo;image de l&rsquo;Alg\u00e9rie et \u00e0 saper les r\u00e9alisations de ses institutions constitutionnelles et des droits de l&rsquo;Homme\u00a0\u00bb, lit-on dans le communiqu\u00e9.<\/p>\n\n\n\n<p>&nbsp;L&rsquo;UIPA a appel\u00e9 dans son communiqu\u00e9 le Parlement europ\u00e9en \u00ab\u00a0\u00e0 revenir sur la voie de la raison et de la cr\u00e9dibilit\u00e9 et ne pas se laisser entrainer par certains de ses membres qui ont vendu leur conscience contre des int\u00e9r\u00eats personnels\u00a0\u00bb, relevant que \u00ab\u00a0l&rsquo;Alg\u00e9rie, pays fr\u00e8re, a franchi des pas importants pour l&rsquo;instauration d&rsquo;un Etat de droit et de justice\u00a0\u00bb. L&rsquo;UIPA a exprim\u00e9 sa \u00ab\u00a0solidarit\u00e9 et son soutien \u00e0 l&rsquo;Alg\u00e9rie, pays fr\u00e8re, ainsi que son appui \u00e0 son plan d&rsquo;action arabe et national et \u00e0 toutes les strat\u00e9gies et initiatives lanc\u00e9es dans divers domaines pour la promotion des droits de l&rsquo;homme dans tous les volets politique, \u00e9conomique et social\u00a0\u00bb, souhaitant au peuple alg\u00e9rien \u00ab\u00a0davantage de prosp\u00e9rit\u00e9 et de progr\u00e8s dans tous les domaines dont la libert\u00e9 de la presse et la libert\u00e9 d&rsquo;expression loin des surench\u00e8res et informations fallacieuses du PE et de sa politique flagrante et r\u00e9pr\u00e9hensible visant \u00e0 saper les r\u00e9alisations de l&rsquo;Alg\u00e9rie dans les diff\u00e9rents fora r\u00e9gionaux et internationaux\u00a0\u00bb. De son c\u00f4t\u00e9, l\u2019ambassadeur de la R\u00e9publique arabe saharaouie d\u00e9mocratique, Abdelkader Omar Taleb, a d\u00e9nonc\u00e9 hier la r\u00e9solution du Parlement europ\u00e9en. \u00ab&nbsp;L&rsquo;Alg\u00e9rie est la Mecque des r\u00e9volutionnaires. C\u2019est un pays qui d\u00e9fend les causes justes et d\u00e9fend la souverainet\u00e9 des pays&nbsp;\u00bb, a-t-il rappel\u00e9. Il a estim\u00e9 dans ce sens que les positions justes de l\u2019Alg\u00e9rie \u00ab&nbsp;d\u00e9rangent les puissances h\u00e9g\u00e9moniques qui promeuvent le colonialisme et le sionisme&nbsp;\u00bb, avant d\u2019ajouter que ces puissances \u00ab&nbsp;n\u2019accepteront pas qu\u2019un pays la t\u00eate et affiche son attachement \u00e0 son ind\u00e9pendante et \u00e0 souveraine&nbsp;\u00bb, cherchant par touts moyens \u00e0 faire pression sur lui. Il a \u00e9galement d\u00e9nonc\u00e9 la politique du deux poids deux mesures qui pr\u00e9vaut depuis longtemps au sein de ces instances au m\u00e9pris de la l\u00e9gitimit\u00e9 internationale.<\/p>\n\n\n\n<p><strong>Hocine Fadheli<\/strong><\/p>\n","protected":false},"excerpt":{"rendered":"<p>La vague d\u2019indignation et de condamnations qu\u2019a suscit\u00e9 la r\u00e9solution du Parlement europ\u00e9en ne s\u2019arr\u00eate pas. Plusieurs organismes internationaux continuent<\/p>\n","protected":false},"author":3,"featured_media":0,"comment_status":"open","ping_status":"closed","sticky":false,"template":"","format":"standard","meta":{"colormag_page_container_layout":"default_layout","colormag_page_sidebar_layout":"default_layout","om_disable_all_campaigns":false,"_monsterinsights_skip_tracking":false,"_monsterinsights_sitenote_active":false,"_monsterinsights_sitenote_note":"","_monsterinsights_sitenote_category":0,"footnotes":"","_wpscppro_dont_share_socialmedia":false,"_wpscppro_custom_social_share_image":0,"_facebook_share_type":"","_twitter_share_type":"","_linkedin_share_type":"","_pinterest_share_type":"","_linkedin_share_type_page":"","_instagram_share_type":"","_medium_share_type":"","_threads_share_type":"","_google_business_share_type":"","_selected_social_profile":[],"_wpsp_enable_custom_social_template":false,"_wpsp_social_scheduling":{"enabled":false,"datetime":null,"platforms":[],"status":"template_only","dateOption":"today","timeOption":"now","customDays":"","customHours":"","customDate":"","customTime":"","schedulingType":"absolute"},"_wpsp_active_default_template":true},"categories":[27],"tags":[],"class_list":["post-41042","post","type-post","status-publish","format-standard","hentry","category-actualite"],"aioseo_notices":[],"yoast_head":"<!-- This site is optimized with the Yoast SEO plugin v27.5 - https:\/\/yoast.com\/product\/yoast-seo-wordpress\/ -->\n<title>R\u00e9solution du Parlement europ\u00e9en concernant l&rsquo;Alg\u00e9rie\u00a0: \u00ab\u00a0Une tentative de chantage politique\u00a0\u00bb - La Sentinelle<\/title>\n<meta name=\"robots\" content=\"index, follow, max-snippet:-1, max-image-preview:large, max-video-preview:-1\" \/>\n<link rel=\"canonical\" href=\"https:\/\/lasentinelle.dz\/index.php\/2023\/05\/14\/resolution-du-parlement-europeen-concernant-lalgerie-une-tentative-de-chantage-politique\/\" \/>\n<meta property=\"og:locale\" content=\"fr_FR\" \/>\n<meta property=\"og:type\" content=\"article\" \/>\n<meta property=\"og:title\" content=\"R\u00e9solution du Parlement europ\u00e9en concernant l&rsquo;Alg\u00e9rie\u00a0: \u00ab\u00a0Une tentative de chantage politique\u00a0\u00bb - La Sentinelle\" \/>\n<meta property=\"og:description\" content=\"La vague d\u2019indignation et de condamnations qu\u2019a suscit\u00e9 la r\u00e9solution du Parlement europ\u00e9en ne s\u2019arr\u00eate pas. Plusieurs organismes internationaux continuent\" \/>\n<meta property=\"og:url\" content=\"https:\/\/lasentinelle.dz\/index.php\/2023\/05\/14\/resolution-du-parlement-europeen-concernant-lalgerie-une-tentative-de-chantage-politique\/\" \/>\n<meta property=\"og:site_name\" content=\"La Sentinelle\" \/>\n<meta property=\"article:publisher\" content=\"https:\/\/www.facebook.com\/La-Sentinelle-104059864394773\" \/>\n<meta property=\"article:published_time\" content=\"2023-05-14T21:05:00+00:00\" \/>\n<meta name=\"author\" content=\"La Sentinelle\" \/>\n<meta name=\"twitter:card\" content=\"summary_large_image\" \/>\n<meta name=\"twitter:label1\" content=\"\u00c9crit par\" \/>\n\t<meta name=\"twitter:data1\" content=\"La Sentinelle\" \/>\n\t<meta name=\"twitter:label2\" content=\"Dur\u00e9e de lecture estim\u00e9e\" \/>\n\t<meta name=\"twitter:data2\" content=\"4 minutes\" \/>\n<script type=\"application\/ld+json\" class=\"yoast-schema-graph\">{\"@context\":\"https:\\\/\\\/schema.org\",\"@graph\":[{\"@type\":\"Article\",\"@id\":\"https:\\\/\\\/lasentinelle.dz\\\/index.php\\\/2023\\\/05\\\/14\\\/resolution-du-parlement-europeen-concernant-lalgerie-une-tentative-de-chantage-politique\\\/#article\",\"isPartOf\":{\"@id\":\"https:\\\/\\\/lasentinelle.dz\\\/index.php\\\/2023\\\/05\\\/14\\\/resolution-du-parlement-europeen-concernant-lalgerie-une-tentative-de-chantage-politique\\\/\"},\"author\":{\"name\":\"La Sentinelle\",\"@id\":\"https:\\\/\\\/lasentinelle.dz\\\/#\\\/schema\\\/person\\\/d865044e22e70a75174ce8bcad3acfb3\"},\"headline\":\"R\u00e9solution du Parlement europ\u00e9en concernant l&rsquo;Alg\u00e9rie\u00a0: \u00ab\u00a0Une tentative de chantage politique\u00a0\u00bb\",\"datePublished\":\"2023-05-14T21:05:00+00:00\",\"mainEntityOfPage\":{\"@id\":\"https:\\\/\\\/lasentinelle.dz\\\/index.php\\\/2023\\\/05\\\/14\\\/resolution-du-parlement-europeen-concernant-lalgerie-une-tentative-de-chantage-politique\\\/\"},\"wordCount\":738,\"commentCount\":0,\"publisher\":{\"@id\":\"https:\\\/\\\/lasentinelle.dz\\\/#organization\"},\"articleSection\":[\"Actualit\u00e9\"],\"inLanguage\":\"fr-FR\",\"potentialAction\":[{\"@type\":\"CommentAction\",\"name\":\"Comment\",\"target\":[\"https:\\\/\\\/lasentinelle.dz\\\/index.php\\\/2023\\\/05\\\/14\\\/resolution-du-parlement-europeen-concernant-lalgerie-une-tentative-de-chantage-politique\\\/#respond\"]}]},{\"@type\":\"WebPage\",\"@id\":\"https:\\\/\\\/lasentinelle.dz\\\/index.php\\\/2023\\\/05\\\/14\\\/resolution-du-parlement-europeen-concernant-lalgerie-une-tentative-de-chantage-politique\\\/\",\"url\":\"https:\\\/\\\/lasentinelle.dz\\\/index.php\\\/2023\\\/05\\\/14\\\/resolution-du-parlement-europeen-concernant-lalgerie-une-tentative-de-chantage-politique\\\/\",\"name\":\"R\u00e9solution du Parlement europ\u00e9en concernant l&rsquo;Alg\u00e9rie\u00a0: \u00ab\u00a0Une tentative de chantage politique\u00a0\u00bb - La Sentinelle\",\"isPartOf\":{\"@id\":\"https:\\\/\\\/lasentinelle.dz\\\/#website\"},\"datePublished\":\"2023-05-14T21:05:00+00:00\",\"breadcrumb\":{\"@id\":\"https:\\\/\\\/lasentinelle.dz\\\/index.php\\\/2023\\\/05\\\/14\\\/resolution-du-parlement-europeen-concernant-lalgerie-une-tentative-de-chantage-politique\\\/#breadcrumb\"},\"inLanguage\":\"fr-FR\",\"potentialAction\":[{\"@type\":\"ReadAction\",\"target\":[\"https:\\\/\\\/lasentinelle.dz\\\/index.php\\\/2023\\\/05\\\/14\\\/resolution-du-parlement-europeen-concernant-lalgerie-une-tentative-de-chantage-politique\\\/\"]}]},{\"@type\":\"BreadcrumbList\",\"@id\":\"https:\\\/\\\/lasentinelle.dz\\\/index.php\\\/2023\\\/05\\\/14\\\/resolution-du-parlement-europeen-concernant-lalgerie-une-tentative-de-chantage-politique\\\/#breadcrumb\",\"itemListElement\":[{\"@type\":\"ListItem\",\"position\":1,\"name\":\"Accueil\",\"item\":\"https:\\\/\\\/lasentinelle.dz\\\/\"},{\"@type\":\"ListItem\",\"position\":2,\"name\":\"R\u00e9solution du Parlement europ\u00e9en concernant l&rsquo;Alg\u00e9rie\u00a0: \u00ab\u00a0Une tentative de chantage politique\u00a0\u00bb\"}]},{\"@type\":\"WebSite\",\"@id\":\"https:\\\/\\\/lasentinelle.dz\\\/#website\",\"url\":\"https:\\\/\\\/lasentinelle.dz\\\/\",\"name\":\"La Sentinelle\",\"description\":\"Quotidien national d&#039;information\",\"publisher\":{\"@id\":\"https:\\\/\\\/lasentinelle.dz\\\/#organization\"},\"potentialAction\":[{\"@type\":\"SearchAction\",\"target\":{\"@type\":\"EntryPoint\",\"urlTemplate\":\"https:\\\/\\\/lasentinelle.dz\\\/?s={search_term_string}\"},\"query-input\":{\"@type\":\"PropertyValueSpecification\",\"valueRequired\":true,\"valueName\":\"search_term_string\"}}],\"inLanguage\":\"fr-FR\"},{\"@type\":\"Organization\",\"@id\":\"https:\\\/\\\/lasentinelle.dz\\\/#organization\",\"name\":\"Quotidien La Sentinelle\",\"url\":\"https:\\\/\\\/lasentinelle.dz\\\/\",\"logo\":{\"@type\":\"ImageObject\",\"inLanguage\":\"fr-FR\",\"@id\":\"https:\\\/\\\/lasentinelle.dz\\\/#\\\/schema\\\/logo\\\/image\\\/\",\"url\":\"https:\\\/\\\/lasentinelle.dz\\\/wp-content\\\/uploads\\\/2021\\\/09\\\/logo-sentinelleSLOGAN-1.png\",\"contentUrl\":\"https:\\\/\\\/lasentinelle.dz\\\/wp-content\\\/uploads\\\/2021\\\/09\\\/logo-sentinelleSLOGAN-1.png\",\"width\":615,\"height\":142,\"caption\":\"Quotidien La Sentinelle\"},\"image\":{\"@id\":\"https:\\\/\\\/lasentinelle.dz\\\/#\\\/schema\\\/logo\\\/image\\\/\"},\"sameAs\":[\"https:\\\/\\\/www.facebook.com\\\/La-Sentinelle-104059864394773\"]},{\"@type\":\"Person\",\"@id\":\"https:\\\/\\\/lasentinelle.dz\\\/#\\\/schema\\\/person\\\/d865044e22e70a75174ce8bcad3acfb3\",\"name\":\"La Sentinelle\",\"image\":{\"@type\":\"ImageObject\",\"inLanguage\":\"fr-FR\",\"@id\":\"https:\\\/\\\/secure.gravatar.com\\\/avatar\\\/57de8e5d4b15d43fb361a71fbb36338450fe67865b528a43dd10ef7c51a20392?s=96&d=mm&r=g\",\"url\":\"https:\\\/\\\/secure.gravatar.com\\\/avatar\\\/57de8e5d4b15d43fb361a71fbb36338450fe67865b528a43dd10ef7c51a20392?s=96&d=mm&r=g\",\"contentUrl\":\"https:\\\/\\\/secure.gravatar.com\\\/avatar\\\/57de8e5d4b15d43fb361a71fbb36338450fe67865b528a43dd10ef7c51a20392?s=96&d=mm&r=g\",\"caption\":\"La Sentinelle\"},\"sameAs\":[\"http:\\\/\\\/www.lasentinelle.dz\"],\"url\":\"https:\\\/\\\/lasentinelle.dz\\\/author\\\/redaction\\\/\"}]}<\/script>\n<!-- \/ Yoast SEO plugin. -->","yoast_head_json":{"title":"R\u00e9solution du Parlement europ\u00e9en concernant l&rsquo;Alg\u00e9rie\u00a0: \u00ab\u00a0Une tentative de chantage politique\u00a0\u00bb - La Sentinelle","robots":{"index":"index","follow":"follow","max-snippet":"max-snippet:-1","max-image-preview":"max-image-preview:large","max-video-preview":"max-video-preview:-1"},"canonical":"https:\/\/lasentinelle.dz\/index.php\/2023\/05\/14\/resolution-du-parlement-europeen-concernant-lalgerie-une-tentative-de-chantage-politique\/","og_locale":"fr_FR","og_type":"article","og_title":"R\u00e9solution du Parlement europ\u00e9en concernant l&rsquo;Alg\u00e9rie\u00a0: \u00ab\u00a0Une tentative de chantage politique\u00a0\u00bb - La Sentinelle","og_description":"La vague d\u2019indignation et de condamnations qu\u2019a suscit\u00e9 la r\u00e9solution du Parlement europ\u00e9en ne s\u2019arr\u00eate pas. Plusieurs organismes internationaux continuent","og_url":"https:\/\/lasentinelle.dz\/index.php\/2023\/05\/14\/resolution-du-parlement-europeen-concernant-lalgerie-une-tentative-de-chantage-politique\/","og_site_name":"La Sentinelle","article_publisher":"https:\/\/www.facebook.com\/La-Sentinelle-104059864394773","article_published_time":"2023-05-14T21:05:00+00:00","author":"La Sentinelle","twitter_card":"summary_large_image","twitter_misc":{"\u00c9crit par":"La Sentinelle","Dur\u00e9e de lecture estim\u00e9e":"4 minutes"},"schema":{"@context":"https:\/\/schema.org","@graph":[{"@type":"Article","@id":"https:\/\/lasentinelle.dz\/index.php\/2023\/05\/14\/resolution-du-parlement-europeen-concernant-lalgerie-une-tentative-de-chantage-politique\/#article","isPartOf":{"@id":"https:\/\/lasentinelle.dz\/index.php\/2023\/05\/14\/resolution-du-parlement-europeen-concernant-lalgerie-une-tentative-de-chantage-politique\/"},"author":{"name":"La Sentinelle","@id":"https:\/\/lasentinelle.dz\/#\/schema\/person\/d865044e22e70a75174ce8bcad3acfb3"},"headline":"R\u00e9solution du Parlement europ\u00e9en concernant l&rsquo;Alg\u00e9rie\u00a0: \u00ab\u00a0Une tentative de chantage politique\u00a0\u00bb","datePublished":"2023-05-14T21:05:00+00:00","mainEntityOfPage":{"@id":"https:\/\/lasentinelle.dz\/index.php\/2023\/05\/14\/resolution-du-parlement-europeen-concernant-lalgerie-une-tentative-de-chantage-politique\/"},"wordCount":738,"commentCount":0,"publisher":{"@id":"https:\/\/lasentinelle.dz\/#organization"},"articleSection":["Actualit\u00e9"],"inLanguage":"fr-FR","potentialAction":[{"@type":"CommentAction","name":"Comment","target":["https:\/\/lasentinelle.dz\/index.php\/2023\/05\/14\/resolution-du-parlement-europeen-concernant-lalgerie-une-tentative-de-chantage-politique\/#respond"]}]},{"@type":"WebPage","@id":"https:\/\/lasentinelle.dz\/index.php\/2023\/05\/14\/resolution-du-parlement-europeen-concernant-lalgerie-une-tentative-de-chantage-politique\/","url":"https:\/\/lasentinelle.dz\/index.php\/2023\/05\/14\/resolution-du-parlement-europeen-concernant-lalgerie-une-tentative-de-chantage-politique\/","name":"R\u00e9solution du Parlement europ\u00e9en concernant l&rsquo;Alg\u00e9rie\u00a0: \u00ab\u00a0Une tentative de chantage politique\u00a0\u00bb - La Sentinelle","isPartOf":{"@id":"https:\/\/lasentinelle.dz\/#website"},"datePublished":"2023-05-14T21:05:00+00:00","breadcrumb":{"@id":"https:\/\/lasentinelle.dz\/index.php\/2023\/05\/14\/resolution-du-parlement-europeen-concernant-lalgerie-une-tentative-de-chantage-politique\/#breadcrumb"},"inLanguage":"fr-FR","potentialAction":[{"@type":"ReadAction","target":["https:\/\/lasentinelle.dz\/index.php\/2023\/05\/14\/resolution-du-parlement-europeen-concernant-lalgerie-une-tentative-de-chantage-politique\/"]}]},{"@type":"BreadcrumbList","@id":"https:\/\/lasentinelle.dz\/index.php\/2023\/05\/14\/resolution-du-parlement-europeen-concernant-lalgerie-une-tentative-de-chantage-politique\/#breadcrumb","itemListElement":[{"@type":"ListItem","position":1,"name":"Accueil","item":"https:\/\/lasentinelle.dz\/"},{"@type":"ListItem","position":2,"name":"R\u00e9solution du Parlement europ\u00e9en concernant l&rsquo;Alg\u00e9rie\u00a0: \u00ab\u00a0Une tentative de chantage politique\u00a0\u00bb"}]},{"@type":"WebSite","@id":"https:\/\/lasentinelle.dz\/#website","url":"https:\/\/lasentinelle.dz\/","name":"La Sentinelle","description":"Quotidien national d&#039;information","publisher":{"@id":"https:\/\/lasentinelle.dz\/#organization"},"potentialAction":[{"@type":"SearchAction","target":{"@type":"EntryPoint","urlTemplate":"https:\/\/lasentinelle.dz\/?s={search_term_string}"},"query-input":{"@type":"PropertyValueSpecification","valueRequired":true,"valueName":"search_term_string"}}],"inLanguage":"fr-FR"},{"@type":"Organization","@id":"https:\/\/lasentinelle.dz\/#organization","name":"Quotidien La Sentinelle","url":"https:\/\/lasentinelle.dz\/","logo":{"@type":"ImageObject","inLanguage":"fr-FR","@id":"https:\/\/lasentinelle.dz\/#\/schema\/logo\/image\/","url":"https:\/\/lasentinelle.dz\/wp-content\/uploads\/2021\/09\/logo-sentinelleSLOGAN-1.png","contentUrl":"https:\/\/lasentinelle.dz\/wp-content\/uploads\/2021\/09\/logo-sentinelleSLOGAN-1.png","width":615,"height":142,"caption":"Quotidien La Sentinelle"},"image":{"@id":"https:\/\/lasentinelle.dz\/#\/schema\/logo\/image\/"},"sameAs":["https:\/\/www.facebook.com\/La-Sentinelle-104059864394773"]},{"@type":"Person","@id":"https:\/\/lasentinelle.dz\/#\/schema\/person\/d865044e22e70a75174ce8bcad3acfb3","name":"La Sentinelle","image":{"@type":"ImageObject","inLanguage":"fr-FR","@id":"https:\/\/secure.gravatar.com\/avatar\/57de8e5d4b15d43fb361a71fbb36338450fe67865b528a43dd10ef7c51a20392?s=96&d=mm&r=g","url":"https:\/\/secure.gravatar.com\/avatar\/57de8e5d4b15d43fb361a71fbb36338450fe67865b528a43dd10ef7c51a20392?s=96&d=mm&r=g","contentUrl":"https:\/\/secure.gravatar.com\/avatar\/57de8e5d4b15d43fb361a71fbb36338450fe67865b528a43dd10ef7c51a20392?s=96&d=mm&r=g","caption":"La Sentinelle"},"sameAs":["http:\/\/www.lasentinelle.dz"],"url":"https:\/\/lasentinelle.dz\/author\/redaction\/"}]}},"_links":{"self":[{"href":"https:\/\/lasentinelle.dz\/index.php\/wp-json\/wp\/v2\/posts\/41042","targetHints":{"allow":["GET"]}}],"collection":[{"href":"https:\/\/lasentinelle.dz\/index.php\/wp-json\/wp\/v2\/posts"}],"about":[{"href":"https:\/\/lasentinelle.dz\/index.php\/wp-json\/wp\/v2\/types\/post"}],"author":[{"embeddable":true,"href":"https:\/\/lasentinelle.dz\/index.php\/wp-json\/wp\/v2\/users\/3"}],"replies":[{"embeddable":true,"href":"https:\/\/lasentinelle.dz\/index.php\/wp-json\/wp\/v2\/comments?post=41042"}],"version-history":[{"count":2,"href":"https:\/\/lasentinelle.dz\/index.php\/wp-json\/wp\/v2\/posts\/41042\/revisions"}],"predecessor-version":[{"id":41045,"href":"https:\/\/lasentinelle.dz\/index.php\/wp-json\/wp\/v2\/posts\/41042\/revisions\/41045"}],"wp:attachment":[{"href":"https:\/\/lasentinelle.dz\/index.php\/wp-json\/wp\/v2\/media?parent=41042"}],"wp:term":[{"taxonomy":"category","embeddable":true,"href":"https:\/\/lasentinelle.dz\/index.php\/wp-json\/wp\/v2\/categories?post=41042"},{"taxonomy":"post_tag","embeddable":true,"href":"https:\/\/lasentinelle.dz\/index.php\/wp-json\/wp\/v2\/tags?post=41042"}],"curies":[{"name":"wp","href":"https:\/\/api.w.org\/{rel}","templated":true}]}}