{"id":41072,"date":"2023-05-15T22:05:00","date_gmt":"2023-05-15T21:05:00","guid":{"rendered":"https:\/\/lasentinelle.dz\/?p=41072"},"modified":"2023-05-15T17:50:59","modified_gmt":"2023-05-15T16:50:59","slug":"annaba-lancien-directeur-des-impots-condamne-de-5-ans-de-prison","status":"publish","type":"post","link":"https:\/\/lasentinelle.dz\/index.php\/2023\/05\/15\/annaba-lancien-directeur-des-impots-condamne-de-5-ans-de-prison\/","title":{"rendered":"Annaba\u00a0: L&rsquo;ancien directeur des imp\u00f4ts condamn\u00e9 de 5 ans de prison"},"content":{"rendered":"\n<p>Le tribunal correctionnel d\u2019Annaba a condamn\u00e9, hier, l\u2019ancien directeur r\u00e9gional des imp\u00f4ts et plusieurs anciens cadres, dont le directeur adjoint charg\u00e9 du contentieux, le chef du service contentieux, et un agent au m\u00eame service ainsi qu\u2019un op\u00e9rateur \u00e9conomique, \u00e0 5 ans de prison ferme assortie d\u2019une amende de 100 millions de centimes pour chacun des pr\u00e9venus, apprend-on de source judiciaire. Les pr\u00e9venus sont accus\u00e9s dans cette affaire d\u2019\u00e9vasion fiscale, d\u2019abus de fonctions, octroi d\u2019indus privil\u00e8ges aux op\u00e9rateurs \u00e9conomiques, occasionnant au Tr\u00e9sor public, un pr\u00e9judice financier de 14 milliards de centimes. \u00c0 souligner que le repr\u00e9sentant du minist\u00e8re public a requis 10 de prison ferme \u00e0 l\u2019encontre de tous les accus\u00e9s. Pour rappel, l\u2019affaire a atterri devant le tribunal, suite \u00e0 un d\u00e9p\u00f4t de plainte introduit par la Direction g\u00e9n\u00e9rale des imp\u00f4ts , suite \u00e0 la d\u00e9couverte d\u2019un trou financier et des dossiers contenant des soup\u00e7ons d&rsquo;\u00e9vasion fiscale, selon les explications apport\u00e9es une source proche du dossier. Des faits d\u00e9couverts par l\u2019enqu\u00eate diligent\u00e9e par la Direction g\u00e9n\u00e9rale des imp\u00f4ts, aboutissant \u00e0 r\u00e9v\u00e9ler &nbsp;l\u2019implication des pr\u00e9venus cette l&rsquo;affaire d&rsquo;\u00e9vasion fiscale, des infractions et le non-recouvrement des imp\u00f4ts dus, en engageant des proc\u00e9dures ill\u00e9gales pour exempter certaines personnes et institutions du paiement des imp\u00f4ts dus et la r\u00e9duction de leur valeur pour d&rsquo;autres. Le dossier a \u00e9t\u00e9 par la suite pris en charge par les enqu\u00eateurs de la brigade financi\u00e8re et \u00e9conomique relevant de la S\u00fbret\u00e9 de wilaya d\u2019Annaba. La v\u00e9rification des dossiers et des d\u00e9clarations fiscales a permis de conclure qu\u2019il y avait des falsification des dossiers fiscaux. Il s\u2019agit en premier lieu d\u2019une man\u0153uvre qui a permis de dispenser un op\u00e9rateur \u00e9conomique de payer la somme due de 14 milliards de centimes en la r\u00e9duisant ill\u00e9galement \u00e0 2 milliards de centim\u00e8tres. Les services de s\u00e9curit\u00e9 ont, \u00e9galement d\u00e9couvert, dans leurs enqu\u00eates sur les biens immobiliers, mobiliers et comptes bancaires des accus\u00e9s \u00e0 l&rsquo;int\u00e9rieur et \u00e0 l&rsquo;ext\u00e9rieur du pays, que certains pr\u00e9venus faisaient des allers-retours \u00e0 l\u2019\u00e9tranger, comme en t\u00e9moignent les billets d&rsquo;avion d\u2019aller-retour d vers des pays europ\u00e9ens. Sur cette base et bien d\u2019autres les accus\u00e9s ont \u00e9t\u00e9 arr\u00eat\u00e9s et d\u00e9f\u00e9r\u00e9s par-devant le juge d\u2019instruction, pr\u00e8s le tribunal d\u2019Annaba qui, rappelons-le, avait ordonn\u00e9 le placement des pr\u00e9venus en d\u00e9tention pr\u00e9ventive.<\/p>\n\n\n\n<p><strong>Sofia Chahine<\/strong><strong><\/strong><\/p>\n","protected":false},"excerpt":{"rendered":"<p>Le tribunal correctionnel d\u2019Annaba a condamn\u00e9, hier, l\u2019ancien directeur r\u00e9gional des imp\u00f4ts et plusieurs anciens cadres, dont le directeur adjoint<\/p>\n","protected":false},"author":3,"featured_media":21204,"comment_status":"open","ping_status":"closed","sticky":false,"template":"","format":"standard","meta":{"colormag_page_container_layout":"default_layout","colormag_page_sidebar_layout":"default_layout","om_disable_all_campaigns":false,"_monsterinsights_skip_tracking":false,"_monsterinsights_sitenote_active":false,"_monsterinsights_sitenote_note":"","_monsterinsights_sitenote_category":0,"footnotes":"","_wpscppro_dont_share_socialmedia":false,"_wpscppro_custom_social_share_image":0,"_facebook_share_type":"","_twitter_share_type":"","_linkedin_share_type":"","_pinterest_share_type":"","_linkedin_share_type_page":"","_instagram_share_type":"","_medium_share_type":"","_threads_share_type":"","_google_business_share_type":"","_selected_social_profile":[],"_wpsp_enable_custom_social_template":false,"_wpsp_social_scheduling":{"enabled":false,"datetime":null,"platforms":[],"status":"template_only","dateOption":"today","timeOption":"now","customDays":"","customHours":"","customDate":"","customTime":"","schedulingType":"absolute"},"_wpsp_active_default_template":true},"categories":[31],"tags":[],"class_list":["post-41072","post","type-post","status-publish","format-standard","has-post-thumbnail","hentry","category-regions"],"aioseo_notices":[],"yoast_head":"<!-- This site is optimized with the Yoast SEO plugin v27.5 - https:\/\/yoast.com\/product\/yoast-seo-wordpress\/ -->\n<title>Annaba\u00a0: L&rsquo;ancien directeur des imp\u00f4ts condamn\u00e9 de 5 ans de prison - La Sentinelle<\/title>\n<meta name=\"robots\" content=\"index, follow, max-snippet:-1, max-image-preview:large, max-video-preview:-1\" \/>\n<link rel=\"canonical\" href=\"https:\/\/lasentinelle.dz\/index.php\/2023\/05\/15\/annaba-lancien-directeur-des-impots-condamne-de-5-ans-de-prison\/\" \/>\n<meta property=\"og:locale\" content=\"fr_FR\" \/>\n<meta property=\"og:type\" content=\"article\" \/>\n<meta property=\"og:title\" content=\"Annaba\u00a0: L&rsquo;ancien directeur des imp\u00f4ts condamn\u00e9 de 5 ans de prison - La Sentinelle\" \/>\n<meta property=\"og:description\" content=\"Le tribunal correctionnel d\u2019Annaba a condamn\u00e9, hier, l\u2019ancien directeur r\u00e9gional des imp\u00f4ts et plusieurs anciens cadres, dont le directeur adjoint\" \/>\n<meta property=\"og:url\" content=\"https:\/\/lasentinelle.dz\/index.php\/2023\/05\/15\/annaba-lancien-directeur-des-impots-condamne-de-5-ans-de-prison\/\" \/>\n<meta property=\"og:site_name\" content=\"La Sentinelle\" \/>\n<meta property=\"article:publisher\" content=\"https:\/\/www.facebook.com\/La-Sentinelle-104059864394773\" \/>\n<meta property=\"article:published_time\" content=\"2023-05-15T21:05:00+00:00\" \/>\n<meta property=\"og:image\" content=\"https:\/\/lasentinelle.dz\/wp-content\/uploads\/2022\/05\/prison.png\" \/>\n\t<meta property=\"og:image:width\" content=\"1491\" \/>\n\t<meta property=\"og:image:height\" content=\"900\" \/>\n\t<meta property=\"og:image:type\" content=\"image\/png\" \/>\n<meta name=\"author\" content=\"La Sentinelle\" \/>\n<meta name=\"twitter:card\" content=\"summary_large_image\" \/>\n<meta name=\"twitter:label1\" content=\"\u00c9crit par\" \/>\n\t<meta name=\"twitter:data1\" content=\"La Sentinelle\" \/>\n\t<meta name=\"twitter:label2\" content=\"Dur\u00e9e de lecture estim\u00e9e\" \/>\n\t<meta name=\"twitter:data2\" content=\"2 minutes\" \/>\n<script type=\"application\/ld+json\" class=\"yoast-schema-graph\">{\"@context\":\"https:\\\/\\\/schema.org\",\"@graph\":[{\"@type\":\"Article\",\"@id\":\"https:\\\/\\\/lasentinelle.dz\\\/index.php\\\/2023\\\/05\\\/15\\\/annaba-lancien-directeur-des-impots-condamne-de-5-ans-de-prison\\\/#article\",\"isPartOf\":{\"@id\":\"https:\\\/\\\/lasentinelle.dz\\\/index.php\\\/2023\\\/05\\\/15\\\/annaba-lancien-directeur-des-impots-condamne-de-5-ans-de-prison\\\/\"},\"author\":{\"name\":\"La Sentinelle\",\"@id\":\"https:\\\/\\\/lasentinelle.dz\\\/#\\\/schema\\\/person\\\/d865044e22e70a75174ce8bcad3acfb3\"},\"headline\":\"Annaba\u00a0: L&rsquo;ancien directeur des imp\u00f4ts condamn\u00e9 de 5 ans de prison\",\"datePublished\":\"2023-05-15T21:05:00+00:00\",\"mainEntityOfPage\":{\"@id\":\"https:\\\/\\\/lasentinelle.dz\\\/index.php\\\/2023\\\/05\\\/15\\\/annaba-lancien-directeur-des-impots-condamne-de-5-ans-de-prison\\\/\"},\"wordCount\":461,\"commentCount\":0,\"publisher\":{\"@id\":\"https:\\\/\\\/lasentinelle.dz\\\/#organization\"},\"image\":{\"@id\":\"https:\\\/\\\/lasentinelle.dz\\\/index.php\\\/2023\\\/05\\\/15\\\/annaba-lancien-directeur-des-impots-condamne-de-5-ans-de-prison\\\/#primaryimage\"},\"thumbnailUrl\":\"https:\\\/\\\/lasentinelle.dz\\\/wp-content\\\/uploads\\\/2022\\\/05\\\/prison.png\",\"articleSection\":[\"R\u00e9gions\"],\"inLanguage\":\"fr-FR\",\"potentialAction\":[{\"@type\":\"CommentAction\",\"name\":\"Comment\",\"target\":[\"https:\\\/\\\/lasentinelle.dz\\\/index.php\\\/2023\\\/05\\\/15\\\/annaba-lancien-directeur-des-impots-condamne-de-5-ans-de-prison\\\/#respond\"]}]},{\"@type\":\"WebPage\",\"@id\":\"https:\\\/\\\/lasentinelle.dz\\\/index.php\\\/2023\\\/05\\\/15\\\/annaba-lancien-directeur-des-impots-condamne-de-5-ans-de-prison\\\/\",\"url\":\"https:\\\/\\\/lasentinelle.dz\\\/index.php\\\/2023\\\/05\\\/15\\\/annaba-lancien-directeur-des-impots-condamne-de-5-ans-de-prison\\\/\",\"name\":\"Annaba\u00a0: L&rsquo;ancien directeur des imp\u00f4ts condamn\u00e9 de 5 ans de prison - La Sentinelle\",\"isPartOf\":{\"@id\":\"https:\\\/\\\/lasentinelle.dz\\\/#website\"},\"primaryImageOfPage\":{\"@id\":\"https:\\\/\\\/lasentinelle.dz\\\/index.php\\\/2023\\\/05\\\/15\\\/annaba-lancien-directeur-des-impots-condamne-de-5-ans-de-prison\\\/#primaryimage\"},\"image\":{\"@id\":\"https:\\\/\\\/lasentinelle.dz\\\/index.php\\\/2023\\\/05\\\/15\\\/annaba-lancien-directeur-des-impots-condamne-de-5-ans-de-prison\\\/#primaryimage\"},\"thumbnailUrl\":\"https:\\\/\\\/lasentinelle.dz\\\/wp-content\\\/uploads\\\/2022\\\/05\\\/prison.png\",\"datePublished\":\"2023-05-15T21:05:00+00:00\",\"breadcrumb\":{\"@id\":\"https:\\\/\\\/lasentinelle.dz\\\/index.php\\\/2023\\\/05\\\/15\\\/annaba-lancien-directeur-des-impots-condamne-de-5-ans-de-prison\\\/#breadcrumb\"},\"inLanguage\":\"fr-FR\",\"potentialAction\":[{\"@type\":\"ReadAction\",\"target\":[\"https:\\\/\\\/lasentinelle.dz\\\/index.php\\\/2023\\\/05\\\/15\\\/annaba-lancien-directeur-des-impots-condamne-de-5-ans-de-prison\\\/\"]}]},{\"@type\":\"ImageObject\",\"inLanguage\":\"fr-FR\",\"@id\":\"https:\\\/\\\/lasentinelle.dz\\\/index.php\\\/2023\\\/05\\\/15\\\/annaba-lancien-directeur-des-impots-condamne-de-5-ans-de-prison\\\/#primaryimage\",\"url\":\"https:\\\/\\\/lasentinelle.dz\\\/wp-content\\\/uploads\\\/2022\\\/05\\\/prison.png\",\"contentUrl\":\"https:\\\/\\\/lasentinelle.dz\\\/wp-content\\\/uploads\\\/2022\\\/05\\\/prison.png\",\"width\":1491,\"height\":900},{\"@type\":\"BreadcrumbList\",\"@id\":\"https:\\\/\\\/lasentinelle.dz\\\/index.php\\\/2023\\\/05\\\/15\\\/annaba-lancien-directeur-des-impots-condamne-de-5-ans-de-prison\\\/#breadcrumb\",\"itemListElement\":[{\"@type\":\"ListItem\",\"position\":1,\"name\":\"Accueil\",\"item\":\"https:\\\/\\\/lasentinelle.dz\\\/\"},{\"@type\":\"ListItem\",\"position\":2,\"name\":\"Annaba\u00a0: L&rsquo;ancien directeur des imp\u00f4ts condamn\u00e9 de 5 ans de prison\"}]},{\"@type\":\"WebSite\",\"@id\":\"https:\\\/\\\/lasentinelle.dz\\\/#website\",\"url\":\"https:\\\/\\\/lasentinelle.dz\\\/\",\"name\":\"La Sentinelle\",\"description\":\"Quotidien national d&#039;information\",\"publisher\":{\"@id\":\"https:\\\/\\\/lasentinelle.dz\\\/#organization\"},\"potentialAction\":[{\"@type\":\"SearchAction\",\"target\":{\"@type\":\"EntryPoint\",\"urlTemplate\":\"https:\\\/\\\/lasentinelle.dz\\\/?s={search_term_string}\"},\"query-input\":{\"@type\":\"PropertyValueSpecification\",\"valueRequired\":true,\"valueName\":\"search_term_string\"}}],\"inLanguage\":\"fr-FR\"},{\"@type\":\"Organization\",\"@id\":\"https:\\\/\\\/lasentinelle.dz\\\/#organization\",\"name\":\"Quotidien La Sentinelle\",\"url\":\"https:\\\/\\\/lasentinelle.dz\\\/\",\"logo\":{\"@type\":\"ImageObject\",\"inLanguage\":\"fr-FR\",\"@id\":\"https:\\\/\\\/lasentinelle.dz\\\/#\\\/schema\\\/logo\\\/image\\\/\",\"url\":\"https:\\\/\\\/lasentinelle.dz\\\/wp-content\\\/uploads\\\/2021\\\/09\\\/logo-sentinelleSLOGAN-1.png\",\"contentUrl\":\"https:\\\/\\\/lasentinelle.dz\\\/wp-content\\\/uploads\\\/2021\\\/09\\\/logo-sentinelleSLOGAN-1.png\",\"width\":615,\"height\":142,\"caption\":\"Quotidien La Sentinelle\"},\"image\":{\"@id\":\"https:\\\/\\\/lasentinelle.dz\\\/#\\\/schema\\\/logo\\\/image\\\/\"},\"sameAs\":[\"https:\\\/\\\/www.facebook.com\\\/La-Sentinelle-104059864394773\"]},{\"@type\":\"Person\",\"@id\":\"https:\\\/\\\/lasentinelle.dz\\\/#\\\/schema\\\/person\\\/d865044e22e70a75174ce8bcad3acfb3\",\"name\":\"La Sentinelle\",\"image\":{\"@type\":\"ImageObject\",\"inLanguage\":\"fr-FR\",\"@id\":\"https:\\\/\\\/secure.gravatar.com\\\/avatar\\\/57de8e5d4b15d43fb361a71fbb36338450fe67865b528a43dd10ef7c51a20392?s=96&d=mm&r=g\",\"url\":\"https:\\\/\\\/secure.gravatar.com\\\/avatar\\\/57de8e5d4b15d43fb361a71fbb36338450fe67865b528a43dd10ef7c51a20392?s=96&d=mm&r=g\",\"contentUrl\":\"https:\\\/\\\/secure.gravatar.com\\\/avatar\\\/57de8e5d4b15d43fb361a71fbb36338450fe67865b528a43dd10ef7c51a20392?s=96&d=mm&r=g\",\"caption\":\"La Sentinelle\"},\"sameAs\":[\"http:\\\/\\\/www.lasentinelle.dz\"],\"url\":\"https:\\\/\\\/lasentinelle.dz\\\/author\\\/redaction\\\/\"}]}<\/script>\n<!-- \/ Yoast SEO plugin. -->","yoast_head_json":{"title":"Annaba\u00a0: L&rsquo;ancien directeur des imp\u00f4ts condamn\u00e9 de 5 ans de prison - La Sentinelle","robots":{"index":"index","follow":"follow","max-snippet":"max-snippet:-1","max-image-preview":"max-image-preview:large","max-video-preview":"max-video-preview:-1"},"canonical":"https:\/\/lasentinelle.dz\/index.php\/2023\/05\/15\/annaba-lancien-directeur-des-impots-condamne-de-5-ans-de-prison\/","og_locale":"fr_FR","og_type":"article","og_title":"Annaba\u00a0: L&rsquo;ancien directeur des imp\u00f4ts condamn\u00e9 de 5 ans de prison - La Sentinelle","og_description":"Le tribunal correctionnel d\u2019Annaba a condamn\u00e9, hier, l\u2019ancien directeur r\u00e9gional des imp\u00f4ts et plusieurs anciens cadres, dont le directeur adjoint","og_url":"https:\/\/lasentinelle.dz\/index.php\/2023\/05\/15\/annaba-lancien-directeur-des-impots-condamne-de-5-ans-de-prison\/","og_site_name":"La Sentinelle","article_publisher":"https:\/\/www.facebook.com\/La-Sentinelle-104059864394773","article_published_time":"2023-05-15T21:05:00+00:00","og_image":[{"width":1491,"height":900,"url":"https:\/\/lasentinelle.dz\/wp-content\/uploads\/2022\/05\/prison.png","type":"image\/png"}],"author":"La Sentinelle","twitter_card":"summary_large_image","twitter_misc":{"\u00c9crit par":"La Sentinelle","Dur\u00e9e de lecture estim\u00e9e":"2 minutes"},"schema":{"@context":"https:\/\/schema.org","@graph":[{"@type":"Article","@id":"https:\/\/lasentinelle.dz\/index.php\/2023\/05\/15\/annaba-lancien-directeur-des-impots-condamne-de-5-ans-de-prison\/#article","isPartOf":{"@id":"https:\/\/lasentinelle.dz\/index.php\/2023\/05\/15\/annaba-lancien-directeur-des-impots-condamne-de-5-ans-de-prison\/"},"author":{"name":"La Sentinelle","@id":"https:\/\/lasentinelle.dz\/#\/schema\/person\/d865044e22e70a75174ce8bcad3acfb3"},"headline":"Annaba\u00a0: L&rsquo;ancien directeur des imp\u00f4ts condamn\u00e9 de 5 ans de prison","datePublished":"2023-05-15T21:05:00+00:00","mainEntityOfPage":{"@id":"https:\/\/lasentinelle.dz\/index.php\/2023\/05\/15\/annaba-lancien-directeur-des-impots-condamne-de-5-ans-de-prison\/"},"wordCount":461,"commentCount":0,"publisher":{"@id":"https:\/\/lasentinelle.dz\/#organization"},"image":{"@id":"https:\/\/lasentinelle.dz\/index.php\/2023\/05\/15\/annaba-lancien-directeur-des-impots-condamne-de-5-ans-de-prison\/#primaryimage"},"thumbnailUrl":"https:\/\/lasentinelle.dz\/wp-content\/uploads\/2022\/05\/prison.png","articleSection":["R\u00e9gions"],"inLanguage":"fr-FR","potentialAction":[{"@type":"CommentAction","name":"Comment","target":["https:\/\/lasentinelle.dz\/index.php\/2023\/05\/15\/annaba-lancien-directeur-des-impots-condamne-de-5-ans-de-prison\/#respond"]}]},{"@type":"WebPage","@id":"https:\/\/lasentinelle.dz\/index.php\/2023\/05\/15\/annaba-lancien-directeur-des-impots-condamne-de-5-ans-de-prison\/","url":"https:\/\/lasentinelle.dz\/index.php\/2023\/05\/15\/annaba-lancien-directeur-des-impots-condamne-de-5-ans-de-prison\/","name":"Annaba\u00a0: L&rsquo;ancien directeur des imp\u00f4ts condamn\u00e9 de 5 ans de prison - La Sentinelle","isPartOf":{"@id":"https:\/\/lasentinelle.dz\/#website"},"primaryImageOfPage":{"@id":"https:\/\/lasentinelle.dz\/index.php\/2023\/05\/15\/annaba-lancien-directeur-des-impots-condamne-de-5-ans-de-prison\/#primaryimage"},"image":{"@id":"https:\/\/lasentinelle.dz\/index.php\/2023\/05\/15\/annaba-lancien-directeur-des-impots-condamne-de-5-ans-de-prison\/#primaryimage"},"thumbnailUrl":"https:\/\/lasentinelle.dz\/wp-content\/uploads\/2022\/05\/prison.png","datePublished":"2023-05-15T21:05:00+00:00","breadcrumb":{"@id":"https:\/\/lasentinelle.dz\/index.php\/2023\/05\/15\/annaba-lancien-directeur-des-impots-condamne-de-5-ans-de-prison\/#breadcrumb"},"inLanguage":"fr-FR","potentialAction":[{"@type":"ReadAction","target":["https:\/\/lasentinelle.dz\/index.php\/2023\/05\/15\/annaba-lancien-directeur-des-impots-condamne-de-5-ans-de-prison\/"]}]},{"@type":"ImageObject","inLanguage":"fr-FR","@id":"https:\/\/lasentinelle.dz\/index.php\/2023\/05\/15\/annaba-lancien-directeur-des-impots-condamne-de-5-ans-de-prison\/#primaryimage","url":"https:\/\/lasentinelle.dz\/wp-content\/uploads\/2022\/05\/prison.png","contentUrl":"https:\/\/lasentinelle.dz\/wp-content\/uploads\/2022\/05\/prison.png","width":1491,"height":900},{"@type":"BreadcrumbList","@id":"https:\/\/lasentinelle.dz\/index.php\/2023\/05\/15\/annaba-lancien-directeur-des-impots-condamne-de-5-ans-de-prison\/#breadcrumb","itemListElement":[{"@type":"ListItem","position":1,"name":"Accueil","item":"https:\/\/lasentinelle.dz\/"},{"@type":"ListItem","position":2,"name":"Annaba\u00a0: L&rsquo;ancien directeur des imp\u00f4ts condamn\u00e9 de 5 ans de prison"}]},{"@type":"WebSite","@id":"https:\/\/lasentinelle.dz\/#website","url":"https:\/\/lasentinelle.dz\/","name":"La Sentinelle","description":"Quotidien national d&#039;information","publisher":{"@id":"https:\/\/lasentinelle.dz\/#organization"},"potentialAction":[{"@type":"SearchAction","target":{"@type":"EntryPoint","urlTemplate":"https:\/\/lasentinelle.dz\/?s={search_term_string}"},"query-input":{"@type":"PropertyValueSpecification","valueRequired":true,"valueName":"search_term_string"}}],"inLanguage":"fr-FR"},{"@type":"Organization","@id":"https:\/\/lasentinelle.dz\/#organization","name":"Quotidien La Sentinelle","url":"https:\/\/lasentinelle.dz\/","logo":{"@type":"ImageObject","inLanguage":"fr-FR","@id":"https:\/\/lasentinelle.dz\/#\/schema\/logo\/image\/","url":"https:\/\/lasentinelle.dz\/wp-content\/uploads\/2021\/09\/logo-sentinelleSLOGAN-1.png","contentUrl":"https:\/\/lasentinelle.dz\/wp-content\/uploads\/2021\/09\/logo-sentinelleSLOGAN-1.png","width":615,"height":142,"caption":"Quotidien La Sentinelle"},"image":{"@id":"https:\/\/lasentinelle.dz\/#\/schema\/logo\/image\/"},"sameAs":["https:\/\/www.facebook.com\/La-Sentinelle-104059864394773"]},{"@type":"Person","@id":"https:\/\/lasentinelle.dz\/#\/schema\/person\/d865044e22e70a75174ce8bcad3acfb3","name":"La Sentinelle","image":{"@type":"ImageObject","inLanguage":"fr-FR","@id":"https:\/\/secure.gravatar.com\/avatar\/57de8e5d4b15d43fb361a71fbb36338450fe67865b528a43dd10ef7c51a20392?s=96&d=mm&r=g","url":"https:\/\/secure.gravatar.com\/avatar\/57de8e5d4b15d43fb361a71fbb36338450fe67865b528a43dd10ef7c51a20392?s=96&d=mm&r=g","contentUrl":"https:\/\/secure.gravatar.com\/avatar\/57de8e5d4b15d43fb361a71fbb36338450fe67865b528a43dd10ef7c51a20392?s=96&d=mm&r=g","caption":"La Sentinelle"},"sameAs":["http:\/\/www.lasentinelle.dz"],"url":"https:\/\/lasentinelle.dz\/author\/redaction\/"}]}},"_links":{"self":[{"href":"https:\/\/lasentinelle.dz\/index.php\/wp-json\/wp\/v2\/posts\/41072","targetHints":{"allow":["GET"]}}],"collection":[{"href":"https:\/\/lasentinelle.dz\/index.php\/wp-json\/wp\/v2\/posts"}],"about":[{"href":"https:\/\/lasentinelle.dz\/index.php\/wp-json\/wp\/v2\/types\/post"}],"author":[{"embeddable":true,"href":"https:\/\/lasentinelle.dz\/index.php\/wp-json\/wp\/v2\/users\/3"}],"replies":[{"embeddable":true,"href":"https:\/\/lasentinelle.dz\/index.php\/wp-json\/wp\/v2\/comments?post=41072"}],"version-history":[{"count":1,"href":"https:\/\/lasentinelle.dz\/index.php\/wp-json\/wp\/v2\/posts\/41072\/revisions"}],"predecessor-version":[{"id":41075,"href":"https:\/\/lasentinelle.dz\/index.php\/wp-json\/wp\/v2\/posts\/41072\/revisions\/41075"}],"wp:featuredmedia":[{"embeddable":true,"href":"https:\/\/lasentinelle.dz\/index.php\/wp-json\/wp\/v2\/media\/21204"}],"wp:attachment":[{"href":"https:\/\/lasentinelle.dz\/index.php\/wp-json\/wp\/v2\/media?parent=41072"}],"wp:term":[{"taxonomy":"category","embeddable":true,"href":"https:\/\/lasentinelle.dz\/index.php\/wp-json\/wp\/v2\/categories?post=41072"},{"taxonomy":"post_tag","embeddable":true,"href":"https:\/\/lasentinelle.dz\/index.php\/wp-json\/wp\/v2\/tags?post=41072"}],"curies":[{"name":"wp","href":"https:\/\/api.w.org\/{rel}","templated":true}]}}