{"id":41084,"date":"2023-05-15T22:08:00","date_gmt":"2023-05-15T21:08:00","guid":{"rendered":"https:\/\/lasentinelle.dz\/?p=41084"},"modified":"2023-05-15T18:42:51","modified_gmt":"2023-05-15T17:42:51","slug":"eliminatoires-de-la-can-2023-les-verts-retrouvent-stade-de-japoma","status":"publish","type":"post","link":"https:\/\/lasentinelle.dz\/index.php\/2023\/05\/15\/eliminatoires-de-la-can-2023-les-verts-retrouvent-stade-de-japoma\/","title":{"rendered":"Eliminatoires de la CAN 2023\u00a0: Les Verts retrouvent le Stade de Japoma"},"content":{"rendered":"\n<p>D\u00e9j\u00e0 qualifi\u00e9s pour la phase finale de la Coupe d\u2019Afrique des Nations 2023, report\u00e9e \u00e0 2024 en C\u00f4te d\u2019Ivoire, les Verts disputeront leur avant-dernier match des \u00e9liminatoires face \u00e0 l\u2019Ouganda le 18 juin prochain.<\/p>\n\n\n\n<p>En effet, la F\u00e9d\u00e9ration alg\u00e9rienne de football a annonc\u00e9 dans un communiqu\u00e9 publi\u00e9 hier sur son site officiel que \u00ab&nbsp;le match Ouganda \u2013 Alg\u00e9rie, comptant pour la cinqui\u00e8me journ\u00e9e du groupe F des \u00e9liminatoires de la CAN TotalEnergies \u2013 C\u00f4te d\u2019Ivoire 2023 aura lieu le dimanche 18 juin 2023 \u00e0 16h00 au stade de Japoma, \u00e0 Douala, au Cameroun&nbsp;\u00bb. La FAF pr\u00e9cise que cette rencontre sera offici\u00e9e par l\u2019arbitre gabonais Pierre Ghislain Atcho (Gabon), qui sera assist\u00e9 de l\u2019Angolais Jerson Emiliano Dos Santos et de son compatriote Boris Martaise Ditsoga. Le quatri\u00e8me arbitre est lui aussi gabonais Tanguy Patrice Mebiame.<\/p>\n\n\n\n<p>Japoma, th\u00e9\u00e2tre de la victoire historique de l&rsquo;Alg\u00e9rie contre le Cameroun (0-1), ouvrira grands ses portes pour recevoir une nouvelle fois les Verts. Le stade de Douala a \u00e9t\u00e9 choisi par l&rsquo;Ouganda pour recevoir l&rsquo;Alg\u00e9rie faute de stade respectant le cahier des charges de la Conf\u00e9d\u00e9ration Africaine de Football. Cependant, la programmation du match contre l\u2019Ouganda pourrait pousser \u00e0 revoir les plans de Djamel Belmadi concernant la rencontre amicale pr\u00e9vue contre la Tunisie le 20 juin prochain.&nbsp; En effet, les co\u00e9quipiers de Riyad Mahrez n\u2019auront m\u00eame pas 48 heures pour r\u00e9cup\u00e9rer et jouer le match amical fix\u00e9 pour le mardi 20 juin 2023 au stade du 19 mai 1956 d\u2019Annaba (20h00). La seule alternative est d\u2019avancer la rencontre au 14 ou bien au 15 juin, sachant que la fen\u00eatre FIFA commencera le 12 juin et prendra fin le 20 du m\u00eame mois et que les Aigles de Carthage vont affronter la Guin\u00e9e Equatoriale \u00e0 Malabo, pour le compte de la m\u00eame journ\u00e9e.<\/p>\n\n\n\n<p>Pour rappel, apr\u00e8s 4 victoires en 4 matchs dans un groupe qu&rsquo;ils ont domin\u00e9 de fond en comble: 12 points en autant de match, devant la Tanzanie (4 pts) qui re\u00e7oit demain mardi, l&rsquo;Ouganda (bon dernier avec 1 point, alors que le Niger occupe la 3e position avec (2 pts seulement), les Verts ont d\u00e9j\u00e0 compost\u00e9 leur billet pour la Phase finale de la CAN-2023 report\u00e9e \u00e0 2024. Notons que l\u2019Alg\u00e9rie bouclera ce tour qualificatif par un match contre la Tanzanie pr\u00e9vu au mois de septembre prochain.<\/p>\n\n\n\n<p><strong>Chokri Hafed<\/strong><\/p>\n","protected":false},"excerpt":{"rendered":"<p>D\u00e9j\u00e0 qualifi\u00e9s pour la phase finale de la Coupe d\u2019Afrique des Nations 2023, report\u00e9e \u00e0 2024 en C\u00f4te d\u2019Ivoire, les<\/p>\n","protected":false},"author":3,"featured_media":41085,"comment_status":"open","ping_status":"closed","sticky":false,"template":"","format":"standard","meta":{"colormag_page_container_layout":"default_layout","colormag_page_sidebar_layout":"default_layout","om_disable_all_campaigns":false,"_monsterinsights_skip_tracking":false,"_monsterinsights_sitenote_active":false,"_monsterinsights_sitenote_note":"","_monsterinsights_sitenote_category":0,"footnotes":"","_wpscppro_dont_share_socialmedia":false,"_wpscppro_custom_social_share_image":0,"_facebook_share_type":"","_twitter_share_type":"","_linkedin_share_type":"","_pinterest_share_type":"","_linkedin_share_type_page":"","_instagram_share_type":"","_medium_share_type":"","_threads_share_type":"","_google_business_share_type":"","_selected_social_profile":[],"_wpsp_enable_custom_social_template":false,"_wpsp_social_scheduling":{"enabled":false,"datetime":null,"platforms":[],"status":"template_only","dateOption":"today","timeOption":"now","customDays":"","customHours":"","customDate":"","customTime":"","schedulingType":"absolute"},"_wpsp_active_default_template":true},"categories":[52,33],"tags":[],"class_list":["post-41084","post","type-post","status-publish","format-standard","has-post-thumbnail","hentry","category-a-la-une","category-sports"],"aioseo_notices":[],"yoast_head":"<!-- This site is optimized with the Yoast SEO plugin v27.5 - https:\/\/yoast.com\/product\/yoast-seo-wordpress\/ -->\n<title>Eliminatoires de la CAN 2023\u00a0: Les Verts retrouvent le Stade de Japoma - La Sentinelle<\/title>\n<meta name=\"robots\" content=\"index, follow, max-snippet:-1, max-image-preview:large, max-video-preview:-1\" \/>\n<link rel=\"canonical\" href=\"https:\/\/lasentinelle.dz\/index.php\/2023\/05\/15\/eliminatoires-de-la-can-2023-les-verts-retrouvent-stade-de-japoma\/\" \/>\n<meta property=\"og:locale\" content=\"fr_FR\" \/>\n<meta property=\"og:type\" content=\"article\" \/>\n<meta property=\"og:title\" content=\"Eliminatoires de la CAN 2023\u00a0: Les Verts retrouvent le Stade de Japoma - La Sentinelle\" \/>\n<meta property=\"og:description\" content=\"D\u00e9j\u00e0 qualifi\u00e9s pour la phase finale de la Coupe d\u2019Afrique des Nations 2023, report\u00e9e \u00e0 2024 en C\u00f4te d\u2019Ivoire, les\" \/>\n<meta property=\"og:url\" content=\"https:\/\/lasentinelle.dz\/index.php\/2023\/05\/15\/eliminatoires-de-la-can-2023-les-verts-retrouvent-stade-de-japoma\/\" \/>\n<meta property=\"og:site_name\" content=\"La Sentinelle\" \/>\n<meta property=\"article:publisher\" content=\"https:\/\/www.facebook.com\/La-Sentinelle-104059864394773\" \/>\n<meta property=\"article:published_time\" content=\"2023-05-15T21:08:00+00:00\" \/>\n<meta property=\"og:image\" content=\"https:\/\/lasentinelle.dz\/wp-content\/uploads\/2023\/05\/EN.png\" \/>\n\t<meta property=\"og:image:width\" content=\"1332\" \/>\n\t<meta property=\"og:image:height\" content=\"900\" \/>\n\t<meta property=\"og:image:type\" content=\"image\/png\" \/>\n<meta name=\"author\" content=\"La Sentinelle\" \/>\n<meta name=\"twitter:card\" content=\"summary_large_image\" \/>\n<meta name=\"twitter:label1\" content=\"\u00c9crit par\" \/>\n\t<meta name=\"twitter:data1\" content=\"La Sentinelle\" \/>\n\t<meta name=\"twitter:label2\" content=\"Dur\u00e9e de lecture estim\u00e9e\" \/>\n\t<meta name=\"twitter:data2\" content=\"2 minutes\" \/>\n<script type=\"application\/ld+json\" class=\"yoast-schema-graph\">{\"@context\":\"https:\\\/\\\/schema.org\",\"@graph\":[{\"@type\":\"Article\",\"@id\":\"https:\\\/\\\/lasentinelle.dz\\\/index.php\\\/2023\\\/05\\\/15\\\/eliminatoires-de-la-can-2023-les-verts-retrouvent-stade-de-japoma\\\/#article\",\"isPartOf\":{\"@id\":\"https:\\\/\\\/lasentinelle.dz\\\/index.php\\\/2023\\\/05\\\/15\\\/eliminatoires-de-la-can-2023-les-verts-retrouvent-stade-de-japoma\\\/\"},\"author\":{\"name\":\"La Sentinelle\",\"@id\":\"https:\\\/\\\/lasentinelle.dz\\\/#\\\/schema\\\/person\\\/d865044e22e70a75174ce8bcad3acfb3\"},\"headline\":\"Eliminatoires de la CAN 2023\u00a0: Les Verts retrouvent le Stade de Japoma\",\"datePublished\":\"2023-05-15T21:08:00+00:00\",\"mainEntityOfPage\":{\"@id\":\"https:\\\/\\\/lasentinelle.dz\\\/index.php\\\/2023\\\/05\\\/15\\\/eliminatoires-de-la-can-2023-les-verts-retrouvent-stade-de-japoma\\\/\"},\"wordCount\":418,\"commentCount\":0,\"publisher\":{\"@id\":\"https:\\\/\\\/lasentinelle.dz\\\/#organization\"},\"image\":{\"@id\":\"https:\\\/\\\/lasentinelle.dz\\\/index.php\\\/2023\\\/05\\\/15\\\/eliminatoires-de-la-can-2023-les-verts-retrouvent-stade-de-japoma\\\/#primaryimage\"},\"thumbnailUrl\":\"https:\\\/\\\/lasentinelle.dz\\\/wp-content\\\/uploads\\\/2023\\\/05\\\/EN.png\",\"articleSection\":[\"\u00c0 la Une\",\"Sports\"],\"inLanguage\":\"fr-FR\",\"potentialAction\":[{\"@type\":\"CommentAction\",\"name\":\"Comment\",\"target\":[\"https:\\\/\\\/lasentinelle.dz\\\/index.php\\\/2023\\\/05\\\/15\\\/eliminatoires-de-la-can-2023-les-verts-retrouvent-stade-de-japoma\\\/#respond\"]}]},{\"@type\":\"WebPage\",\"@id\":\"https:\\\/\\\/lasentinelle.dz\\\/index.php\\\/2023\\\/05\\\/15\\\/eliminatoires-de-la-can-2023-les-verts-retrouvent-stade-de-japoma\\\/\",\"url\":\"https:\\\/\\\/lasentinelle.dz\\\/index.php\\\/2023\\\/05\\\/15\\\/eliminatoires-de-la-can-2023-les-verts-retrouvent-stade-de-japoma\\\/\",\"name\":\"Eliminatoires de la CAN 2023\u00a0: Les Verts retrouvent le Stade de Japoma - La Sentinelle\",\"isPartOf\":{\"@id\":\"https:\\\/\\\/lasentinelle.dz\\\/#website\"},\"primaryImageOfPage\":{\"@id\":\"https:\\\/\\\/lasentinelle.dz\\\/index.php\\\/2023\\\/05\\\/15\\\/eliminatoires-de-la-can-2023-les-verts-retrouvent-stade-de-japoma\\\/#primaryimage\"},\"image\":{\"@id\":\"https:\\\/\\\/lasentinelle.dz\\\/index.php\\\/2023\\\/05\\\/15\\\/eliminatoires-de-la-can-2023-les-verts-retrouvent-stade-de-japoma\\\/#primaryimage\"},\"thumbnailUrl\":\"https:\\\/\\\/lasentinelle.dz\\\/wp-content\\\/uploads\\\/2023\\\/05\\\/EN.png\",\"datePublished\":\"2023-05-15T21:08:00+00:00\",\"breadcrumb\":{\"@id\":\"https:\\\/\\\/lasentinelle.dz\\\/index.php\\\/2023\\\/05\\\/15\\\/eliminatoires-de-la-can-2023-les-verts-retrouvent-stade-de-japoma\\\/#breadcrumb\"},\"inLanguage\":\"fr-FR\",\"potentialAction\":[{\"@type\":\"ReadAction\",\"target\":[\"https:\\\/\\\/lasentinelle.dz\\\/index.php\\\/2023\\\/05\\\/15\\\/eliminatoires-de-la-can-2023-les-verts-retrouvent-stade-de-japoma\\\/\"]}]},{\"@type\":\"ImageObject\",\"inLanguage\":\"fr-FR\",\"@id\":\"https:\\\/\\\/lasentinelle.dz\\\/index.php\\\/2023\\\/05\\\/15\\\/eliminatoires-de-la-can-2023-les-verts-retrouvent-stade-de-japoma\\\/#primaryimage\",\"url\":\"https:\\\/\\\/lasentinelle.dz\\\/wp-content\\\/uploads\\\/2023\\\/05\\\/EN.png\",\"contentUrl\":\"https:\\\/\\\/lasentinelle.dz\\\/wp-content\\\/uploads\\\/2023\\\/05\\\/EN.png\",\"width\":1332,\"height\":900},{\"@type\":\"BreadcrumbList\",\"@id\":\"https:\\\/\\\/lasentinelle.dz\\\/index.php\\\/2023\\\/05\\\/15\\\/eliminatoires-de-la-can-2023-les-verts-retrouvent-stade-de-japoma\\\/#breadcrumb\",\"itemListElement\":[{\"@type\":\"ListItem\",\"position\":1,\"name\":\"Accueil\",\"item\":\"https:\\\/\\\/lasentinelle.dz\\\/\"},{\"@type\":\"ListItem\",\"position\":2,\"name\":\"Eliminatoires de la CAN 2023\u00a0: Les Verts retrouvent le Stade de Japoma\"}]},{\"@type\":\"WebSite\",\"@id\":\"https:\\\/\\\/lasentinelle.dz\\\/#website\",\"url\":\"https:\\\/\\\/lasentinelle.dz\\\/\",\"name\":\"La Sentinelle\",\"description\":\"Quotidien national d&#039;information\",\"publisher\":{\"@id\":\"https:\\\/\\\/lasentinelle.dz\\\/#organization\"},\"potentialAction\":[{\"@type\":\"SearchAction\",\"target\":{\"@type\":\"EntryPoint\",\"urlTemplate\":\"https:\\\/\\\/lasentinelle.dz\\\/?s={search_term_string}\"},\"query-input\":{\"@type\":\"PropertyValueSpecification\",\"valueRequired\":true,\"valueName\":\"search_term_string\"}}],\"inLanguage\":\"fr-FR\"},{\"@type\":\"Organization\",\"@id\":\"https:\\\/\\\/lasentinelle.dz\\\/#organization\",\"name\":\"Quotidien La Sentinelle\",\"url\":\"https:\\\/\\\/lasentinelle.dz\\\/\",\"logo\":{\"@type\":\"ImageObject\",\"inLanguage\":\"fr-FR\",\"@id\":\"https:\\\/\\\/lasentinelle.dz\\\/#\\\/schema\\\/logo\\\/image\\\/\",\"url\":\"https:\\\/\\\/lasentinelle.dz\\\/wp-content\\\/uploads\\\/2021\\\/09\\\/logo-sentinelleSLOGAN-1.png\",\"contentUrl\":\"https:\\\/\\\/lasentinelle.dz\\\/wp-content\\\/uploads\\\/2021\\\/09\\\/logo-sentinelleSLOGAN-1.png\",\"width\":615,\"height\":142,\"caption\":\"Quotidien La Sentinelle\"},\"image\":{\"@id\":\"https:\\\/\\\/lasentinelle.dz\\\/#\\\/schema\\\/logo\\\/image\\\/\"},\"sameAs\":[\"https:\\\/\\\/www.facebook.com\\\/La-Sentinelle-104059864394773\"]},{\"@type\":\"Person\",\"@id\":\"https:\\\/\\\/lasentinelle.dz\\\/#\\\/schema\\\/person\\\/d865044e22e70a75174ce8bcad3acfb3\",\"name\":\"La Sentinelle\",\"image\":{\"@type\":\"ImageObject\",\"inLanguage\":\"fr-FR\",\"@id\":\"https:\\\/\\\/secure.gravatar.com\\\/avatar\\\/57de8e5d4b15d43fb361a71fbb36338450fe67865b528a43dd10ef7c51a20392?s=96&d=mm&r=g\",\"url\":\"https:\\\/\\\/secure.gravatar.com\\\/avatar\\\/57de8e5d4b15d43fb361a71fbb36338450fe67865b528a43dd10ef7c51a20392?s=96&d=mm&r=g\",\"contentUrl\":\"https:\\\/\\\/secure.gravatar.com\\\/avatar\\\/57de8e5d4b15d43fb361a71fbb36338450fe67865b528a43dd10ef7c51a20392?s=96&d=mm&r=g\",\"caption\":\"La Sentinelle\"},\"sameAs\":[\"http:\\\/\\\/www.lasentinelle.dz\"],\"url\":\"https:\\\/\\\/lasentinelle.dz\\\/author\\\/redaction\\\/\"}]}<\/script>\n<!-- \/ Yoast SEO plugin. -->","yoast_head_json":{"title":"Eliminatoires de la CAN 2023\u00a0: Les Verts retrouvent le Stade de Japoma - La Sentinelle","robots":{"index":"index","follow":"follow","max-snippet":"max-snippet:-1","max-image-preview":"max-image-preview:large","max-video-preview":"max-video-preview:-1"},"canonical":"https:\/\/lasentinelle.dz\/index.php\/2023\/05\/15\/eliminatoires-de-la-can-2023-les-verts-retrouvent-stade-de-japoma\/","og_locale":"fr_FR","og_type":"article","og_title":"Eliminatoires de la CAN 2023\u00a0: Les Verts retrouvent le Stade de Japoma - La Sentinelle","og_description":"D\u00e9j\u00e0 qualifi\u00e9s pour la phase finale de la Coupe d\u2019Afrique des Nations 2023, report\u00e9e \u00e0 2024 en C\u00f4te d\u2019Ivoire, les","og_url":"https:\/\/lasentinelle.dz\/index.php\/2023\/05\/15\/eliminatoires-de-la-can-2023-les-verts-retrouvent-stade-de-japoma\/","og_site_name":"La Sentinelle","article_publisher":"https:\/\/www.facebook.com\/La-Sentinelle-104059864394773","article_published_time":"2023-05-15T21:08:00+00:00","og_image":[{"width":1332,"height":900,"url":"https:\/\/lasentinelle.dz\/wp-content\/uploads\/2023\/05\/EN.png","type":"image\/png"}],"author":"La Sentinelle","twitter_card":"summary_large_image","twitter_misc":{"\u00c9crit par":"La Sentinelle","Dur\u00e9e de lecture estim\u00e9e":"2 minutes"},"schema":{"@context":"https:\/\/schema.org","@graph":[{"@type":"Article","@id":"https:\/\/lasentinelle.dz\/index.php\/2023\/05\/15\/eliminatoires-de-la-can-2023-les-verts-retrouvent-stade-de-japoma\/#article","isPartOf":{"@id":"https:\/\/lasentinelle.dz\/index.php\/2023\/05\/15\/eliminatoires-de-la-can-2023-les-verts-retrouvent-stade-de-japoma\/"},"author":{"name":"La Sentinelle","@id":"https:\/\/lasentinelle.dz\/#\/schema\/person\/d865044e22e70a75174ce8bcad3acfb3"},"headline":"Eliminatoires de la CAN 2023\u00a0: Les Verts retrouvent le Stade de Japoma","datePublished":"2023-05-15T21:08:00+00:00","mainEntityOfPage":{"@id":"https:\/\/lasentinelle.dz\/index.php\/2023\/05\/15\/eliminatoires-de-la-can-2023-les-verts-retrouvent-stade-de-japoma\/"},"wordCount":418,"commentCount":0,"publisher":{"@id":"https:\/\/lasentinelle.dz\/#organization"},"image":{"@id":"https:\/\/lasentinelle.dz\/index.php\/2023\/05\/15\/eliminatoires-de-la-can-2023-les-verts-retrouvent-stade-de-japoma\/#primaryimage"},"thumbnailUrl":"https:\/\/lasentinelle.dz\/wp-content\/uploads\/2023\/05\/EN.png","articleSection":["\u00c0 la Une","Sports"],"inLanguage":"fr-FR","potentialAction":[{"@type":"CommentAction","name":"Comment","target":["https:\/\/lasentinelle.dz\/index.php\/2023\/05\/15\/eliminatoires-de-la-can-2023-les-verts-retrouvent-stade-de-japoma\/#respond"]}]},{"@type":"WebPage","@id":"https:\/\/lasentinelle.dz\/index.php\/2023\/05\/15\/eliminatoires-de-la-can-2023-les-verts-retrouvent-stade-de-japoma\/","url":"https:\/\/lasentinelle.dz\/index.php\/2023\/05\/15\/eliminatoires-de-la-can-2023-les-verts-retrouvent-stade-de-japoma\/","name":"Eliminatoires de la CAN 2023\u00a0: Les Verts retrouvent le Stade de Japoma - La Sentinelle","isPartOf":{"@id":"https:\/\/lasentinelle.dz\/#website"},"primaryImageOfPage":{"@id":"https:\/\/lasentinelle.dz\/index.php\/2023\/05\/15\/eliminatoires-de-la-can-2023-les-verts-retrouvent-stade-de-japoma\/#primaryimage"},"image":{"@id":"https:\/\/lasentinelle.dz\/index.php\/2023\/05\/15\/eliminatoires-de-la-can-2023-les-verts-retrouvent-stade-de-japoma\/#primaryimage"},"thumbnailUrl":"https:\/\/lasentinelle.dz\/wp-content\/uploads\/2023\/05\/EN.png","datePublished":"2023-05-15T21:08:00+00:00","breadcrumb":{"@id":"https:\/\/lasentinelle.dz\/index.php\/2023\/05\/15\/eliminatoires-de-la-can-2023-les-verts-retrouvent-stade-de-japoma\/#breadcrumb"},"inLanguage":"fr-FR","potentialAction":[{"@type":"ReadAction","target":["https:\/\/lasentinelle.dz\/index.php\/2023\/05\/15\/eliminatoires-de-la-can-2023-les-verts-retrouvent-stade-de-japoma\/"]}]},{"@type":"ImageObject","inLanguage":"fr-FR","@id":"https:\/\/lasentinelle.dz\/index.php\/2023\/05\/15\/eliminatoires-de-la-can-2023-les-verts-retrouvent-stade-de-japoma\/#primaryimage","url":"https:\/\/lasentinelle.dz\/wp-content\/uploads\/2023\/05\/EN.png","contentUrl":"https:\/\/lasentinelle.dz\/wp-content\/uploads\/2023\/05\/EN.png","width":1332,"height":900},{"@type":"BreadcrumbList","@id":"https:\/\/lasentinelle.dz\/index.php\/2023\/05\/15\/eliminatoires-de-la-can-2023-les-verts-retrouvent-stade-de-japoma\/#breadcrumb","itemListElement":[{"@type":"ListItem","position":1,"name":"Accueil","item":"https:\/\/lasentinelle.dz\/"},{"@type":"ListItem","position":2,"name":"Eliminatoires de la CAN 2023\u00a0: Les Verts retrouvent le Stade de Japoma"}]},{"@type":"WebSite","@id":"https:\/\/lasentinelle.dz\/#website","url":"https:\/\/lasentinelle.dz\/","name":"La Sentinelle","description":"Quotidien national d&#039;information","publisher":{"@id":"https:\/\/lasentinelle.dz\/#organization"},"potentialAction":[{"@type":"SearchAction","target":{"@type":"EntryPoint","urlTemplate":"https:\/\/lasentinelle.dz\/?s={search_term_string}"},"query-input":{"@type":"PropertyValueSpecification","valueRequired":true,"valueName":"search_term_string"}}],"inLanguage":"fr-FR"},{"@type":"Organization","@id":"https:\/\/lasentinelle.dz\/#organization","name":"Quotidien La Sentinelle","url":"https:\/\/lasentinelle.dz\/","logo":{"@type":"ImageObject","inLanguage":"fr-FR","@id":"https:\/\/lasentinelle.dz\/#\/schema\/logo\/image\/","url":"https:\/\/lasentinelle.dz\/wp-content\/uploads\/2021\/09\/logo-sentinelleSLOGAN-1.png","contentUrl":"https:\/\/lasentinelle.dz\/wp-content\/uploads\/2021\/09\/logo-sentinelleSLOGAN-1.png","width":615,"height":142,"caption":"Quotidien La Sentinelle"},"image":{"@id":"https:\/\/lasentinelle.dz\/#\/schema\/logo\/image\/"},"sameAs":["https:\/\/www.facebook.com\/La-Sentinelle-104059864394773"]},{"@type":"Person","@id":"https:\/\/lasentinelle.dz\/#\/schema\/person\/d865044e22e70a75174ce8bcad3acfb3","name":"La Sentinelle","image":{"@type":"ImageObject","inLanguage":"fr-FR","@id":"https:\/\/secure.gravatar.com\/avatar\/57de8e5d4b15d43fb361a71fbb36338450fe67865b528a43dd10ef7c51a20392?s=96&d=mm&r=g","url":"https:\/\/secure.gravatar.com\/avatar\/57de8e5d4b15d43fb361a71fbb36338450fe67865b528a43dd10ef7c51a20392?s=96&d=mm&r=g","contentUrl":"https:\/\/secure.gravatar.com\/avatar\/57de8e5d4b15d43fb361a71fbb36338450fe67865b528a43dd10ef7c51a20392?s=96&d=mm&r=g","caption":"La Sentinelle"},"sameAs":["http:\/\/www.lasentinelle.dz"],"url":"https:\/\/lasentinelle.dz\/author\/redaction\/"}]}},"_links":{"self":[{"href":"https:\/\/lasentinelle.dz\/index.php\/wp-json\/wp\/v2\/posts\/41084","targetHints":{"allow":["GET"]}}],"collection":[{"href":"https:\/\/lasentinelle.dz\/index.php\/wp-json\/wp\/v2\/posts"}],"about":[{"href":"https:\/\/lasentinelle.dz\/index.php\/wp-json\/wp\/v2\/types\/post"}],"author":[{"embeddable":true,"href":"https:\/\/lasentinelle.dz\/index.php\/wp-json\/wp\/v2\/users\/3"}],"replies":[{"embeddable":true,"href":"https:\/\/lasentinelle.dz\/index.php\/wp-json\/wp\/v2\/comments?post=41084"}],"version-history":[{"count":2,"href":"https:\/\/lasentinelle.dz\/index.php\/wp-json\/wp\/v2\/posts\/41084\/revisions"}],"predecessor-version":[{"id":41088,"href":"https:\/\/lasentinelle.dz\/index.php\/wp-json\/wp\/v2\/posts\/41084\/revisions\/41088"}],"wp:featuredmedia":[{"embeddable":true,"href":"https:\/\/lasentinelle.dz\/index.php\/wp-json\/wp\/v2\/media\/41085"}],"wp:attachment":[{"href":"https:\/\/lasentinelle.dz\/index.php\/wp-json\/wp\/v2\/media?parent=41084"}],"wp:term":[{"taxonomy":"category","embeddable":true,"href":"https:\/\/lasentinelle.dz\/index.php\/wp-json\/wp\/v2\/categories?post=41084"},{"taxonomy":"post_tag","embeddable":true,"href":"https:\/\/lasentinelle.dz\/index.php\/wp-json\/wp\/v2\/tags?post=41084"}],"curies":[{"name":"wp","href":"https:\/\/api.w.org\/{rel}","templated":true}]}}