{"id":41090,"date":"2023-05-15T22:10:00","date_gmt":"2023-05-15T21:10:00","guid":{"rendered":"https:\/\/lasentinelle.dz\/?p=41090"},"modified":"2023-05-15T21:53:25","modified_gmt":"2023-05-15T20:53:25","slug":"plus-de-200-000-hectares-proposes-aux-investisseurs-dans-le-sud-le-developpement-des-cultures-strategiques-saccelere","status":"publish","type":"post","link":"https:\/\/lasentinelle.dz\/index.php\/2023\/05\/15\/plus-de-200-000-hectares-proposes-aux-investisseurs-dans-le-sud-le-developpement-des-cultures-strategiques-saccelere\/","title":{"rendered":"Plus de 200.000 hectares propos\u00e9s aux investisseurs dans le Sud\u00a0: Le d\u00e9veloppement des cultures strat\u00e9giques s\u2019acc\u00e9l\u00e8re"},"content":{"rendered":"\n<p>La plateforme num\u00e9rique pour l\u2019investissement dans les cultures strat\u00e9giques dans le Sud a \u00e9t\u00e9 ouverte hier. Plus de 200.000 hectares sont propos\u00e9s aux op\u00e9rateurs qui souhaitent investir dans l\u2019agriculture industrielle.<\/p>\n\n\n\n<p>Le minist\u00e8re de l\u2019Agriculture et du D\u00e9veloppement rural a annonc\u00e9, hier dans un communiqu\u00e9, l\u2019ouverture de la plateforme num\u00e9rique de l\u2019Office de d\u00e9veloppement de l\u2019agriculture industrielle en terres saharienne (ODAS) et a invit\u00e9 les op\u00e9rateurs int\u00e9ress\u00e9s par les investissements agricoles strat\u00e9giques dans les wilayas du Sud \u00e0 s\u2019inscrire via cette plateforme. Une op\u00e9ration qui devrait durer trois semaines, sois jusqu\u2019au 4 juin prochain. Une op\u00e9ration qui s\u2019inscrit dans le cadre de la d\u00e9marche dont l\u2019objectif est de consolider la s\u00e9curit\u00e9 alimentaire et d\u00e9velopper les cultures strat\u00e9giques, notamment la c\u00e9r\u00e9aliculture.<\/p>\n\n\n\n<p>D\u2019ailleurs le ministre de l\u2019Agriculture et du d\u00e9veloppement rural, Mohamed Abdelhafid Henni a indiqu\u00e9 il y a quelques jours que son d\u00e9partement entend porter les surfaces agricoles sahariennes destin\u00e9es \u00e0 la c\u00e9r\u00e9aliculture \u00e0 un million de dinars d\u2019ici \u00e0 la fin de l\u2019ann\u00e9e.&nbsp; Le 7 mai, le minist\u00e8re de l\u2019Agriculture avait annonc\u00e9 l\u2019affectation d\u2019une troisi\u00e8me assiette fonci\u00e8re destin\u00e9e aux investisseurs int\u00e9ress\u00e9s par les cultures strat\u00e9giques \u00e0 travers les wilayas du Sud, d\u2019une superficie globale de 227.483 hectares. Ces assiettes fonci\u00e8res sont r\u00e9parties sur 40 p\u00e9rim\u00e8tres dans 8 wilayas. Il s\u2019agit des wilayas d\u2019Adrar (29.622 hectares r\u00e9partis sur 7 p\u00e9rim\u00e8tres), d\u2019Ouargla (33.114 hectares r\u00e9partis sur 4 p\u00e9rim\u00e8tres, de Timimoun (20.273 hectares r\u00e9partis sur 4 p\u00e9rim\u00e8tres) et de Touggourt avec 19.507 hectares r\u00e9partis sur 5 p\u00e9rim\u00e8tres. Une superficie de 14.546 hectares r\u00e9partis sur 3 p\u00e9rim\u00e8tres a \u00e9galement \u00e9t\u00e9 affect\u00e9e au profit des investisseurs dans la wilaya d\u2019El Menia, 20.964 hectares r\u00e9partis sur trois r\u00e9partis sur trois zones dans la wilaya de Djanet, 71.911 \u00e0 Illizi r\u00e9partis sur 11 p\u00e9rim\u00e8tres, ainsi que 17.466 hectares r\u00e9partis sur 3 p\u00e9rim\u00e8tres dans la wilaya de Laghouat. Intervenant \u00e0 ce propos sur les ondes de la Radio alg\u00e9rienne, le Directeur g\u00e9n\u00e9ral de la r\u00e9gulation fonci\u00e8re agricole au minist\u00e8re de l&rsquo;Agriculture et du D\u00e9veloppement rural, Wahid Tifani, a indiqu\u00e9 que \u00a0\u00bb l\u2019ouverture de la plateforme num\u00e9rique s&rsquo;inscrit dans le cadre de la num\u00e9risation du secteur et de la simplification des proc\u00e9dures et de l&rsquo;enregistrement, ce qui contribuera \u00e0 l&rsquo;examen des dossiers des investisseurs en toute transparence\u00a0\u00bb.<\/p>\n\n\n\n<p>Le m\u00eame responsable a \u00e9galement rappel\u00e9 que \u00ab\u00a0deux portefeuilles fonciers ont \u00e9t\u00e9 attribu\u00e9s, le premier d&rsquo;une superficie de 134 000 hectares et le deuxi\u00e8me d&rsquo;une superficie de 97 000 hectares\u00a0\u00bb, soulignant que \u00ab\u00a0plusieurs investisseurs ont re\u00e7u des concessions. Ainsi, 140 investisseurs ont re\u00e7u des concessions dans le cadre de l\u2019attribution de la premi\u00e8re op\u00e9ration etalors que 77 autres ont en b\u00e9n\u00e9fici\u00e9 dans le cadre de l\u2019op\u00e9ration qui a suivi. Le m\u00eame responsable a \u00e9galement \u00e9voqu\u00e9 le dossier des&nbsp; fermes pilotes, au lendemain de la d\u00e9cision du pr\u00e9sident de la R\u00e9publique qui a ordonn\u00e9 une nouvelle feuille de route pour la gestion de ces fermes.&nbsp; Tifani a expliqu\u00e9 qu&rsquo;il y avait \u00ab\u00a0174 fermes pilotes recens\u00e9es \u00e0 travers le territoire national, relevant de plusieurs complexes industriels plac\u00e9s sous tutelle\u00a0\u00bb.<\/p>\n\n\n\n<p>Il a soulign\u00e9 que \u00ab\u00a0ces complexes industriels poss\u00e8dent des fermes pilotes, certaines destin\u00e9es \u00e0 la production v\u00e9g\u00e9tale et fourrag\u00e8re, et d&rsquo;autres \u00e0 la production animale\u00a0\u00bb.<\/p>\n\n\n\n<p>Il a \u00e9galement ajout\u00e9 que \u00ab\u00a0ces fermes pilotes ont pour fonction de r\u00e9pondre aux besoins du march\u00e9 et de garantir la stabilit\u00e9 et l&rsquo;abondance des produits alimentaires\u00a0\u00bb. Pour rappel, lors du Conseil ds ministres tenu dimanche, le Pr\u00e9sident Abdelmadjid Tebboune a ordonn\u00e9 d&rsquo;\u00e9laborer une nouvelle vision approfondie, \u00e0 soumettre au plus tard dans un mois, qui \u00ab&nbsp;d\u00e9gagerait une approche globale \u00e0 m\u00eame de mettre en avant le nouveau r\u00f4le de ces fermes et le cadre juridique devant les r\u00e9gir et en pr\u00e9server la p\u00e9rennit\u00e9 \u00e0 travers toutes les r\u00e9gions du pays, en fonction de la vocation agricole de chaque r\u00e9gion&nbsp;\u00bb.<\/p>\n\n\n\n<p>Il a \u00e9galement ordonn\u00e9 de \u00ab&nbsp;transformer les fermes pilotes en p\u00e9pini\u00e8res pour les ressources animales et v\u00e9g\u00e9tales, soit une locomotive pour la recherche et le d\u00e9veloppement du secteur agricole, dans le cadre du processus de d\u00e9veloppement de l&rsquo;\u00e9conomie nationale&nbsp;\u00bb.&nbsp;<\/p>\n\n\n\n<p><strong>Lyes Saidi<\/strong><\/p>\n","protected":false},"excerpt":{"rendered":"<p>La plateforme num\u00e9rique pour l\u2019investissement dans les cultures strat\u00e9giques dans le Sud a \u00e9t\u00e9 ouverte hier. Plus de 200.000 hectares<\/p>\n","protected":false},"author":3,"featured_media":41091,"comment_status":"open","ping_status":"closed","sticky":false,"template":"","format":"standard","meta":{"colormag_page_container_layout":"default_layout","colormag_page_sidebar_layout":"default_layout","om_disable_all_campaigns":false,"_monsterinsights_skip_tracking":false,"_monsterinsights_sitenote_active":false,"_monsterinsights_sitenote_note":"","_monsterinsights_sitenote_category":0,"footnotes":"","_wpscppro_dont_share_socialmedia":false,"_wpscppro_custom_social_share_image":0,"_facebook_share_type":"","_twitter_share_type":"","_linkedin_share_type":"","_pinterest_share_type":"","_linkedin_share_type_page":"","_instagram_share_type":"","_medium_share_type":"","_threads_share_type":"","_google_business_share_type":"","_selected_social_profile":[],"_wpsp_enable_custom_social_template":false,"_wpsp_social_scheduling":{"enabled":false,"datetime":null,"platforms":[],"status":"template_only","dateOption":"today","timeOption":"now","customDays":"","customHours":"","customDate":"","customTime":"","schedulingType":"absolute"},"_wpsp_active_default_template":true},"categories":[52,29],"tags":[],"class_list":["post-41090","post","type-post","status-publish","format-standard","has-post-thumbnail","hentry","category-a-la-une","category-economie"],"aioseo_notices":[],"yoast_head":"<!-- This site is optimized with the Yoast SEO plugin v27.5 - https:\/\/yoast.com\/product\/yoast-seo-wordpress\/ -->\n<title>Plus de 200.000 hectares propos\u00e9s aux investisseurs dans le Sud\u00a0: Le d\u00e9veloppement des cultures strat\u00e9giques s\u2019acc\u00e9l\u00e8re - La Sentinelle<\/title>\n<meta name=\"robots\" content=\"index, follow, max-snippet:-1, max-image-preview:large, max-video-preview:-1\" \/>\n<link rel=\"canonical\" href=\"https:\/\/lasentinelle.dz\/index.php\/2023\/05\/15\/plus-de-200-000-hectares-proposes-aux-investisseurs-dans-le-sud-le-developpement-des-cultures-strategiques-saccelere\/\" \/>\n<meta property=\"og:locale\" content=\"fr_FR\" \/>\n<meta property=\"og:type\" content=\"article\" \/>\n<meta property=\"og:title\" content=\"Plus de 200.000 hectares propos\u00e9s aux investisseurs dans le Sud\u00a0: Le d\u00e9veloppement des cultures strat\u00e9giques s\u2019acc\u00e9l\u00e8re - La Sentinelle\" \/>\n<meta property=\"og:description\" content=\"La plateforme num\u00e9rique pour l\u2019investissement dans les cultures strat\u00e9giques dans le Sud a \u00e9t\u00e9 ouverte hier. Plus de 200.000 hectares\" \/>\n<meta property=\"og:url\" content=\"https:\/\/lasentinelle.dz\/index.php\/2023\/05\/15\/plus-de-200-000-hectares-proposes-aux-investisseurs-dans-le-sud-le-developpement-des-cultures-strategiques-saccelere\/\" \/>\n<meta property=\"og:site_name\" content=\"La Sentinelle\" \/>\n<meta property=\"article:publisher\" content=\"https:\/\/www.facebook.com\/La-Sentinelle-104059864394773\" \/>\n<meta property=\"article:published_time\" content=\"2023-05-15T21:10:00+00:00\" \/>\n<meta property=\"og:image\" content=\"https:\/\/lasentinelle.dz\/wp-content\/uploads\/2023\/05\/agri.png\" \/>\n\t<meta property=\"og:image:width\" content=\"1494\" \/>\n\t<meta property=\"og:image:height\" content=\"900\" \/>\n\t<meta property=\"og:image:type\" content=\"image\/png\" \/>\n<meta name=\"author\" content=\"La Sentinelle\" \/>\n<meta name=\"twitter:card\" content=\"summary_large_image\" \/>\n<meta name=\"twitter:label1\" content=\"\u00c9crit par\" \/>\n\t<meta name=\"twitter:data1\" content=\"La Sentinelle\" \/>\n\t<meta name=\"twitter:label2\" content=\"Dur\u00e9e de lecture estim\u00e9e\" \/>\n\t<meta name=\"twitter:data2\" content=\"4 minutes\" \/>\n<script type=\"application\/ld+json\" class=\"yoast-schema-graph\">{\"@context\":\"https:\\\/\\\/schema.org\",\"@graph\":[{\"@type\":\"Article\",\"@id\":\"https:\\\/\\\/lasentinelle.dz\\\/index.php\\\/2023\\\/05\\\/15\\\/plus-de-200-000-hectares-proposes-aux-investisseurs-dans-le-sud-le-developpement-des-cultures-strategiques-saccelere\\\/#article\",\"isPartOf\":{\"@id\":\"https:\\\/\\\/lasentinelle.dz\\\/index.php\\\/2023\\\/05\\\/15\\\/plus-de-200-000-hectares-proposes-aux-investisseurs-dans-le-sud-le-developpement-des-cultures-strategiques-saccelere\\\/\"},\"author\":{\"name\":\"La Sentinelle\",\"@id\":\"https:\\\/\\\/lasentinelle.dz\\\/#\\\/schema\\\/person\\\/d865044e22e70a75174ce8bcad3acfb3\"},\"headline\":\"Plus de 200.000 hectares propos\u00e9s aux investisseurs dans le Sud\u00a0: Le d\u00e9veloppement des cultures strat\u00e9giques s\u2019acc\u00e9l\u00e8re\",\"datePublished\":\"2023-05-15T21:10:00+00:00\",\"mainEntityOfPage\":{\"@id\":\"https:\\\/\\\/lasentinelle.dz\\\/index.php\\\/2023\\\/05\\\/15\\\/plus-de-200-000-hectares-proposes-aux-investisseurs-dans-le-sud-le-developpement-des-cultures-strategiques-saccelere\\\/\"},\"wordCount\":790,\"commentCount\":0,\"publisher\":{\"@id\":\"https:\\\/\\\/lasentinelle.dz\\\/#organization\"},\"image\":{\"@id\":\"https:\\\/\\\/lasentinelle.dz\\\/index.php\\\/2023\\\/05\\\/15\\\/plus-de-200-000-hectares-proposes-aux-investisseurs-dans-le-sud-le-developpement-des-cultures-strategiques-saccelere\\\/#primaryimage\"},\"thumbnailUrl\":\"https:\\\/\\\/lasentinelle.dz\\\/wp-content\\\/uploads\\\/2023\\\/05\\\/agri.png\",\"articleSection\":[\"\u00c0 la Une\",\"\u00c9conomie\"],\"inLanguage\":\"fr-FR\",\"potentialAction\":[{\"@type\":\"CommentAction\",\"name\":\"Comment\",\"target\":[\"https:\\\/\\\/lasentinelle.dz\\\/index.php\\\/2023\\\/05\\\/15\\\/plus-de-200-000-hectares-proposes-aux-investisseurs-dans-le-sud-le-developpement-des-cultures-strategiques-saccelere\\\/#respond\"]}]},{\"@type\":\"WebPage\",\"@id\":\"https:\\\/\\\/lasentinelle.dz\\\/index.php\\\/2023\\\/05\\\/15\\\/plus-de-200-000-hectares-proposes-aux-investisseurs-dans-le-sud-le-developpement-des-cultures-strategiques-saccelere\\\/\",\"url\":\"https:\\\/\\\/lasentinelle.dz\\\/index.php\\\/2023\\\/05\\\/15\\\/plus-de-200-000-hectares-proposes-aux-investisseurs-dans-le-sud-le-developpement-des-cultures-strategiques-saccelere\\\/\",\"name\":\"Plus de 200.000 hectares propos\u00e9s aux investisseurs dans le Sud\u00a0: Le d\u00e9veloppement des cultures strat\u00e9giques s\u2019acc\u00e9l\u00e8re - La Sentinelle\",\"isPartOf\":{\"@id\":\"https:\\\/\\\/lasentinelle.dz\\\/#website\"},\"primaryImageOfPage\":{\"@id\":\"https:\\\/\\\/lasentinelle.dz\\\/index.php\\\/2023\\\/05\\\/15\\\/plus-de-200-000-hectares-proposes-aux-investisseurs-dans-le-sud-le-developpement-des-cultures-strategiques-saccelere\\\/#primaryimage\"},\"image\":{\"@id\":\"https:\\\/\\\/lasentinelle.dz\\\/index.php\\\/2023\\\/05\\\/15\\\/plus-de-200-000-hectares-proposes-aux-investisseurs-dans-le-sud-le-developpement-des-cultures-strategiques-saccelere\\\/#primaryimage\"},\"thumbnailUrl\":\"https:\\\/\\\/lasentinelle.dz\\\/wp-content\\\/uploads\\\/2023\\\/05\\\/agri.png\",\"datePublished\":\"2023-05-15T21:10:00+00:00\",\"breadcrumb\":{\"@id\":\"https:\\\/\\\/lasentinelle.dz\\\/index.php\\\/2023\\\/05\\\/15\\\/plus-de-200-000-hectares-proposes-aux-investisseurs-dans-le-sud-le-developpement-des-cultures-strategiques-saccelere\\\/#breadcrumb\"},\"inLanguage\":\"fr-FR\",\"potentialAction\":[{\"@type\":\"ReadAction\",\"target\":[\"https:\\\/\\\/lasentinelle.dz\\\/index.php\\\/2023\\\/05\\\/15\\\/plus-de-200-000-hectares-proposes-aux-investisseurs-dans-le-sud-le-developpement-des-cultures-strategiques-saccelere\\\/\"]}]},{\"@type\":\"ImageObject\",\"inLanguage\":\"fr-FR\",\"@id\":\"https:\\\/\\\/lasentinelle.dz\\\/index.php\\\/2023\\\/05\\\/15\\\/plus-de-200-000-hectares-proposes-aux-investisseurs-dans-le-sud-le-developpement-des-cultures-strategiques-saccelere\\\/#primaryimage\",\"url\":\"https:\\\/\\\/lasentinelle.dz\\\/wp-content\\\/uploads\\\/2023\\\/05\\\/agri.png\",\"contentUrl\":\"https:\\\/\\\/lasentinelle.dz\\\/wp-content\\\/uploads\\\/2023\\\/05\\\/agri.png\",\"width\":1494,\"height\":900},{\"@type\":\"BreadcrumbList\",\"@id\":\"https:\\\/\\\/lasentinelle.dz\\\/index.php\\\/2023\\\/05\\\/15\\\/plus-de-200-000-hectares-proposes-aux-investisseurs-dans-le-sud-le-developpement-des-cultures-strategiques-saccelere\\\/#breadcrumb\",\"itemListElement\":[{\"@type\":\"ListItem\",\"position\":1,\"name\":\"Accueil\",\"item\":\"https:\\\/\\\/lasentinelle.dz\\\/\"},{\"@type\":\"ListItem\",\"position\":2,\"name\":\"Plus de 200.000 hectares propos\u00e9s aux investisseurs dans le Sud\u00a0: Le d\u00e9veloppement des cultures strat\u00e9giques s\u2019acc\u00e9l\u00e8re\"}]},{\"@type\":\"WebSite\",\"@id\":\"https:\\\/\\\/lasentinelle.dz\\\/#website\",\"url\":\"https:\\\/\\\/lasentinelle.dz\\\/\",\"name\":\"La Sentinelle\",\"description\":\"Quotidien national d&#039;information\",\"publisher\":{\"@id\":\"https:\\\/\\\/lasentinelle.dz\\\/#organization\"},\"potentialAction\":[{\"@type\":\"SearchAction\",\"target\":{\"@type\":\"EntryPoint\",\"urlTemplate\":\"https:\\\/\\\/lasentinelle.dz\\\/?s={search_term_string}\"},\"query-input\":{\"@type\":\"PropertyValueSpecification\",\"valueRequired\":true,\"valueName\":\"search_term_string\"}}],\"inLanguage\":\"fr-FR\"},{\"@type\":\"Organization\",\"@id\":\"https:\\\/\\\/lasentinelle.dz\\\/#organization\",\"name\":\"Quotidien La Sentinelle\",\"url\":\"https:\\\/\\\/lasentinelle.dz\\\/\",\"logo\":{\"@type\":\"ImageObject\",\"inLanguage\":\"fr-FR\",\"@id\":\"https:\\\/\\\/lasentinelle.dz\\\/#\\\/schema\\\/logo\\\/image\\\/\",\"url\":\"https:\\\/\\\/lasentinelle.dz\\\/wp-content\\\/uploads\\\/2021\\\/09\\\/logo-sentinelleSLOGAN-1.png\",\"contentUrl\":\"https:\\\/\\\/lasentinelle.dz\\\/wp-content\\\/uploads\\\/2021\\\/09\\\/logo-sentinelleSLOGAN-1.png\",\"width\":615,\"height\":142,\"caption\":\"Quotidien La Sentinelle\"},\"image\":{\"@id\":\"https:\\\/\\\/lasentinelle.dz\\\/#\\\/schema\\\/logo\\\/image\\\/\"},\"sameAs\":[\"https:\\\/\\\/www.facebook.com\\\/La-Sentinelle-104059864394773\"]},{\"@type\":\"Person\",\"@id\":\"https:\\\/\\\/lasentinelle.dz\\\/#\\\/schema\\\/person\\\/d865044e22e70a75174ce8bcad3acfb3\",\"name\":\"La Sentinelle\",\"image\":{\"@type\":\"ImageObject\",\"inLanguage\":\"fr-FR\",\"@id\":\"https:\\\/\\\/secure.gravatar.com\\\/avatar\\\/57de8e5d4b15d43fb361a71fbb36338450fe67865b528a43dd10ef7c51a20392?s=96&d=mm&r=g\",\"url\":\"https:\\\/\\\/secure.gravatar.com\\\/avatar\\\/57de8e5d4b15d43fb361a71fbb36338450fe67865b528a43dd10ef7c51a20392?s=96&d=mm&r=g\",\"contentUrl\":\"https:\\\/\\\/secure.gravatar.com\\\/avatar\\\/57de8e5d4b15d43fb361a71fbb36338450fe67865b528a43dd10ef7c51a20392?s=96&d=mm&r=g\",\"caption\":\"La Sentinelle\"},\"sameAs\":[\"http:\\\/\\\/www.lasentinelle.dz\"],\"url\":\"https:\\\/\\\/lasentinelle.dz\\\/author\\\/redaction\\\/\"}]}<\/script>\n<!-- \/ Yoast SEO plugin. -->","yoast_head_json":{"title":"Plus de 200.000 hectares propos\u00e9s aux investisseurs dans le Sud\u00a0: Le d\u00e9veloppement des cultures strat\u00e9giques s\u2019acc\u00e9l\u00e8re - La Sentinelle","robots":{"index":"index","follow":"follow","max-snippet":"max-snippet:-1","max-image-preview":"max-image-preview:large","max-video-preview":"max-video-preview:-1"},"canonical":"https:\/\/lasentinelle.dz\/index.php\/2023\/05\/15\/plus-de-200-000-hectares-proposes-aux-investisseurs-dans-le-sud-le-developpement-des-cultures-strategiques-saccelere\/","og_locale":"fr_FR","og_type":"article","og_title":"Plus de 200.000 hectares propos\u00e9s aux investisseurs dans le Sud\u00a0: Le d\u00e9veloppement des cultures strat\u00e9giques s\u2019acc\u00e9l\u00e8re - La Sentinelle","og_description":"La plateforme num\u00e9rique pour l\u2019investissement dans les cultures strat\u00e9giques dans le Sud a \u00e9t\u00e9 ouverte hier. Plus de 200.000 hectares","og_url":"https:\/\/lasentinelle.dz\/index.php\/2023\/05\/15\/plus-de-200-000-hectares-proposes-aux-investisseurs-dans-le-sud-le-developpement-des-cultures-strategiques-saccelere\/","og_site_name":"La Sentinelle","article_publisher":"https:\/\/www.facebook.com\/La-Sentinelle-104059864394773","article_published_time":"2023-05-15T21:10:00+00:00","og_image":[{"width":1494,"height":900,"url":"https:\/\/lasentinelle.dz\/wp-content\/uploads\/2023\/05\/agri.png","type":"image\/png"}],"author":"La Sentinelle","twitter_card":"summary_large_image","twitter_misc":{"\u00c9crit par":"La Sentinelle","Dur\u00e9e de lecture estim\u00e9e":"4 minutes"},"schema":{"@context":"https:\/\/schema.org","@graph":[{"@type":"Article","@id":"https:\/\/lasentinelle.dz\/index.php\/2023\/05\/15\/plus-de-200-000-hectares-proposes-aux-investisseurs-dans-le-sud-le-developpement-des-cultures-strategiques-saccelere\/#article","isPartOf":{"@id":"https:\/\/lasentinelle.dz\/index.php\/2023\/05\/15\/plus-de-200-000-hectares-proposes-aux-investisseurs-dans-le-sud-le-developpement-des-cultures-strategiques-saccelere\/"},"author":{"name":"La Sentinelle","@id":"https:\/\/lasentinelle.dz\/#\/schema\/person\/d865044e22e70a75174ce8bcad3acfb3"},"headline":"Plus de 200.000 hectares propos\u00e9s aux investisseurs dans le Sud\u00a0: Le d\u00e9veloppement des cultures strat\u00e9giques s\u2019acc\u00e9l\u00e8re","datePublished":"2023-05-15T21:10:00+00:00","mainEntityOfPage":{"@id":"https:\/\/lasentinelle.dz\/index.php\/2023\/05\/15\/plus-de-200-000-hectares-proposes-aux-investisseurs-dans-le-sud-le-developpement-des-cultures-strategiques-saccelere\/"},"wordCount":790,"commentCount":0,"publisher":{"@id":"https:\/\/lasentinelle.dz\/#organization"},"image":{"@id":"https:\/\/lasentinelle.dz\/index.php\/2023\/05\/15\/plus-de-200-000-hectares-proposes-aux-investisseurs-dans-le-sud-le-developpement-des-cultures-strategiques-saccelere\/#primaryimage"},"thumbnailUrl":"https:\/\/lasentinelle.dz\/wp-content\/uploads\/2023\/05\/agri.png","articleSection":["\u00c0 la Une","\u00c9conomie"],"inLanguage":"fr-FR","potentialAction":[{"@type":"CommentAction","name":"Comment","target":["https:\/\/lasentinelle.dz\/index.php\/2023\/05\/15\/plus-de-200-000-hectares-proposes-aux-investisseurs-dans-le-sud-le-developpement-des-cultures-strategiques-saccelere\/#respond"]}]},{"@type":"WebPage","@id":"https:\/\/lasentinelle.dz\/index.php\/2023\/05\/15\/plus-de-200-000-hectares-proposes-aux-investisseurs-dans-le-sud-le-developpement-des-cultures-strategiques-saccelere\/","url":"https:\/\/lasentinelle.dz\/index.php\/2023\/05\/15\/plus-de-200-000-hectares-proposes-aux-investisseurs-dans-le-sud-le-developpement-des-cultures-strategiques-saccelere\/","name":"Plus de 200.000 hectares propos\u00e9s aux investisseurs dans le Sud\u00a0: Le d\u00e9veloppement des cultures strat\u00e9giques s\u2019acc\u00e9l\u00e8re - La Sentinelle","isPartOf":{"@id":"https:\/\/lasentinelle.dz\/#website"},"primaryImageOfPage":{"@id":"https:\/\/lasentinelle.dz\/index.php\/2023\/05\/15\/plus-de-200-000-hectares-proposes-aux-investisseurs-dans-le-sud-le-developpement-des-cultures-strategiques-saccelere\/#primaryimage"},"image":{"@id":"https:\/\/lasentinelle.dz\/index.php\/2023\/05\/15\/plus-de-200-000-hectares-proposes-aux-investisseurs-dans-le-sud-le-developpement-des-cultures-strategiques-saccelere\/#primaryimage"},"thumbnailUrl":"https:\/\/lasentinelle.dz\/wp-content\/uploads\/2023\/05\/agri.png","datePublished":"2023-05-15T21:10:00+00:00","breadcrumb":{"@id":"https:\/\/lasentinelle.dz\/index.php\/2023\/05\/15\/plus-de-200-000-hectares-proposes-aux-investisseurs-dans-le-sud-le-developpement-des-cultures-strategiques-saccelere\/#breadcrumb"},"inLanguage":"fr-FR","potentialAction":[{"@type":"ReadAction","target":["https:\/\/lasentinelle.dz\/index.php\/2023\/05\/15\/plus-de-200-000-hectares-proposes-aux-investisseurs-dans-le-sud-le-developpement-des-cultures-strategiques-saccelere\/"]}]},{"@type":"ImageObject","inLanguage":"fr-FR","@id":"https:\/\/lasentinelle.dz\/index.php\/2023\/05\/15\/plus-de-200-000-hectares-proposes-aux-investisseurs-dans-le-sud-le-developpement-des-cultures-strategiques-saccelere\/#primaryimage","url":"https:\/\/lasentinelle.dz\/wp-content\/uploads\/2023\/05\/agri.png","contentUrl":"https:\/\/lasentinelle.dz\/wp-content\/uploads\/2023\/05\/agri.png","width":1494,"height":900},{"@type":"BreadcrumbList","@id":"https:\/\/lasentinelle.dz\/index.php\/2023\/05\/15\/plus-de-200-000-hectares-proposes-aux-investisseurs-dans-le-sud-le-developpement-des-cultures-strategiques-saccelere\/#breadcrumb","itemListElement":[{"@type":"ListItem","position":1,"name":"Accueil","item":"https:\/\/lasentinelle.dz\/"},{"@type":"ListItem","position":2,"name":"Plus de 200.000 hectares propos\u00e9s aux investisseurs dans le Sud\u00a0: Le d\u00e9veloppement des cultures strat\u00e9giques s\u2019acc\u00e9l\u00e8re"}]},{"@type":"WebSite","@id":"https:\/\/lasentinelle.dz\/#website","url":"https:\/\/lasentinelle.dz\/","name":"La Sentinelle","description":"Quotidien national d&#039;information","publisher":{"@id":"https:\/\/lasentinelle.dz\/#organization"},"potentialAction":[{"@type":"SearchAction","target":{"@type":"EntryPoint","urlTemplate":"https:\/\/lasentinelle.dz\/?s={search_term_string}"},"query-input":{"@type":"PropertyValueSpecification","valueRequired":true,"valueName":"search_term_string"}}],"inLanguage":"fr-FR"},{"@type":"Organization","@id":"https:\/\/lasentinelle.dz\/#organization","name":"Quotidien La Sentinelle","url":"https:\/\/lasentinelle.dz\/","logo":{"@type":"ImageObject","inLanguage":"fr-FR","@id":"https:\/\/lasentinelle.dz\/#\/schema\/logo\/image\/","url":"https:\/\/lasentinelle.dz\/wp-content\/uploads\/2021\/09\/logo-sentinelleSLOGAN-1.png","contentUrl":"https:\/\/lasentinelle.dz\/wp-content\/uploads\/2021\/09\/logo-sentinelleSLOGAN-1.png","width":615,"height":142,"caption":"Quotidien La Sentinelle"},"image":{"@id":"https:\/\/lasentinelle.dz\/#\/schema\/logo\/image\/"},"sameAs":["https:\/\/www.facebook.com\/La-Sentinelle-104059864394773"]},{"@type":"Person","@id":"https:\/\/lasentinelle.dz\/#\/schema\/person\/d865044e22e70a75174ce8bcad3acfb3","name":"La Sentinelle","image":{"@type":"ImageObject","inLanguage":"fr-FR","@id":"https:\/\/secure.gravatar.com\/avatar\/57de8e5d4b15d43fb361a71fbb36338450fe67865b528a43dd10ef7c51a20392?s=96&d=mm&r=g","url":"https:\/\/secure.gravatar.com\/avatar\/57de8e5d4b15d43fb361a71fbb36338450fe67865b528a43dd10ef7c51a20392?s=96&d=mm&r=g","contentUrl":"https:\/\/secure.gravatar.com\/avatar\/57de8e5d4b15d43fb361a71fbb36338450fe67865b528a43dd10ef7c51a20392?s=96&d=mm&r=g","caption":"La Sentinelle"},"sameAs":["http:\/\/www.lasentinelle.dz"],"url":"https:\/\/lasentinelle.dz\/author\/redaction\/"}]}},"_links":{"self":[{"href":"https:\/\/lasentinelle.dz\/index.php\/wp-json\/wp\/v2\/posts\/41090","targetHints":{"allow":["GET"]}}],"collection":[{"href":"https:\/\/lasentinelle.dz\/index.php\/wp-json\/wp\/v2\/posts"}],"about":[{"href":"https:\/\/lasentinelle.dz\/index.php\/wp-json\/wp\/v2\/types\/post"}],"author":[{"embeddable":true,"href":"https:\/\/lasentinelle.dz\/index.php\/wp-json\/wp\/v2\/users\/3"}],"replies":[{"embeddable":true,"href":"https:\/\/lasentinelle.dz\/index.php\/wp-json\/wp\/v2\/comments?post=41090"}],"version-history":[{"count":2,"href":"https:\/\/lasentinelle.dz\/index.php\/wp-json\/wp\/v2\/posts\/41090\/revisions"}],"predecessor-version":[{"id":41114,"href":"https:\/\/lasentinelle.dz\/index.php\/wp-json\/wp\/v2\/posts\/41090\/revisions\/41114"}],"wp:featuredmedia":[{"embeddable":true,"href":"https:\/\/lasentinelle.dz\/index.php\/wp-json\/wp\/v2\/media\/41091"}],"wp:attachment":[{"href":"https:\/\/lasentinelle.dz\/index.php\/wp-json\/wp\/v2\/media?parent=41090"}],"wp:term":[{"taxonomy":"category","embeddable":true,"href":"https:\/\/lasentinelle.dz\/index.php\/wp-json\/wp\/v2\/categories?post=41090"},{"taxonomy":"post_tag","embeddable":true,"href":"https:\/\/lasentinelle.dz\/index.php\/wp-json\/wp\/v2\/tags?post=41090"}],"curies":[{"name":"wp","href":"https:\/\/api.w.org\/{rel}","templated":true}]}}