{"id":41118,"date":"2023-05-15T22:05:00","date_gmt":"2023-05-15T21:05:00","guid":{"rendered":"https:\/\/lasentinelle.dz\/?p=41118"},"modified":"2023-05-15T22:08:16","modified_gmt":"2023-05-15T21:08:16","slug":"le-ministre-portugais-de-leconomie-a-alger-lalgerie-un-partenaire-cle-credible","status":"publish","type":"post","link":"https:\/\/lasentinelle.dz\/index.php\/2023\/05\/15\/le-ministre-portugais-de-leconomie-a-alger-lalgerie-un-partenaire-cle-credible\/","title":{"rendered":"Le ministre portugais de l&rsquo;Economie \u00e0 Alger\u00a0: L&rsquo;Alg\u00e9rie, \u00ab\u00a0un partenaire cl\u00e9 cr\u00e9dible\u00a0\u00bb"},"content":{"rendered":"\n<p>Le ministre de l&rsquo;Industrie et de la Production pharmaceutique, Ali Aoun et le ministre portugais de l&rsquo;Economie et des Affaires maritimes, Antonio Costa Silva, ont copr\u00e9sid\u00e9, hier \u00e0 Alger, la 6e session du groupe de travail mixte de coop\u00e9ration \u00e9conomique alg\u00e9ro-portugais. La session a \u00e9t\u00e9 sanctionn\u00e9e par la signature d&rsquo;un proc\u00e8s-verbal comprenant l&rsquo;\u00e9valuation de la coop\u00e9ration bilat\u00e9rale et les axes de son renforcement et durant laquelle les participants ont relev\u00e9 l&rsquo;int\u00e9r\u00eat de d\u00e9velopper et de renforcer la coop\u00e9ration \u00e9conomique entre l&rsquo;Alg\u00e9rie et le Portugal dans plusieurs secteurs. Cette 6e session du groupe de travail mixte a \u00e9t\u00e9 marqu\u00e9e notamment par la participation de repr\u00e9sentants des secteurs des TIC, des travaux publics, des finances, de l&rsquo;industrie et de la production pharmaceutique, de l&rsquo;hydraulique, de l&rsquo;agriculture, du commerce, de l&rsquo;\u00e9nergie, des transports, de l&rsquo;habitat, des startups. Aoun affirmera \u00e0 cette occasion l&rsquo;engagement de l&rsquo;Alg\u00e9rie \u00e0 donner \u00ab\u00a0un nouveau souffle\u00a0\u00bb \u00e0 la coop\u00e9ration existante entre l&rsquo;Alg\u00e9rie et le Portugal, dans un cadre mutuellement b\u00e9n\u00e9fique. Le ministre plaidera en faveur de l&rsquo;identification des axes pouvant mener vers la concr\u00e9tisation d&rsquo;actions de coop\u00e9ration \u00ab\u00a0fructueuses\u00a0\u00bb. Le ministre portugais a, pour sa part, soulign\u00e9 la pertinence des \u00e9changes lors de cette r\u00e9union, notamment en amont du forum d&rsquo;affaires alg\u00e9ro-portugais qui sera organis\u00e9, prochainement, \u00e0 Lisbonne. Selon Costa Silva, il s\u2019agit, \u00e0 travers le dialogue de haut niveau entre les deux parties, d&rsquo;affirmer la volont\u00e9 commune d&rsquo;\u00e9largir les bases de la coop\u00e9ration \u00e9conomique et commerciale entre les deux pays. Le ministre portugais qui consid\u00e8re l&rsquo;Alg\u00e9rie comme \u00ab\u00a0un partenaire cl\u00e9 cr\u00e9dible dans un monde de plus en plus incertain au niveau \u00e9conomique et g\u00e9opolitique\u00a0\u00bb, affirmera la volont\u00e9 de son pays de renforcer les investissements en Alg\u00e9rie, jusqu&rsquo;\u00e0 les quintupler durant les cinq prochaines ann\u00e9es.&nbsp; Plusieurs responsables de diff\u00e9rents d\u00e9partements minist\u00e9riels \u00e9taient pr\u00e9sents lors de cette r\u00e9union pour explorer avec leurs homologues portugais les possibilit\u00e9s de partenariats et les opportunit\u00e9s de coop\u00e9ration offertes aux deux parties.<\/p>\n\n\n\n<p>R.N.<\/p>\n","protected":false},"excerpt":{"rendered":"<p>Le ministre de l&rsquo;Industrie et de la Production pharmaceutique, Ali Aoun et le ministre portugais de l&rsquo;Economie et des Affaires<\/p>\n","protected":false},"author":3,"featured_media":41124,"comment_status":"open","ping_status":"closed","sticky":false,"template":"","format":"standard","meta":{"colormag_page_container_layout":"default_layout","colormag_page_sidebar_layout":"default_layout","om_disable_all_campaigns":false,"_monsterinsights_skip_tracking":false,"_monsterinsights_sitenote_active":false,"_monsterinsights_sitenote_note":"","_monsterinsights_sitenote_category":0,"footnotes":"","_wpscppro_dont_share_socialmedia":false,"_wpscppro_custom_social_share_image":0,"_facebook_share_type":"","_twitter_share_type":"","_linkedin_share_type":"","_pinterest_share_type":"","_linkedin_share_type_page":"","_instagram_share_type":"","_medium_share_type":"","_threads_share_type":"","_google_business_share_type":"","_selected_social_profile":[],"_wpsp_enable_custom_social_template":false,"_wpsp_social_scheduling":{"enabled":false,"datetime":null,"platforms":[],"status":"template_only","dateOption":"today","timeOption":"now","customDays":"","customHours":"","customDate":"","customTime":"","schedulingType":"absolute"},"_wpsp_active_default_template":true},"categories":[27],"tags":[],"class_list":["post-41118","post","type-post","status-publish","format-standard","has-post-thumbnail","hentry","category-actualite"],"aioseo_notices":[],"yoast_head":"<!-- This site is optimized with the Yoast SEO plugin v27.5 - https:\/\/yoast.com\/product\/yoast-seo-wordpress\/ -->\n<title>Le ministre portugais de l&rsquo;Economie \u00e0 Alger\u00a0: L&rsquo;Alg\u00e9rie, \u00ab\u00a0un partenaire cl\u00e9 cr\u00e9dible\u00a0\u00bb - La Sentinelle<\/title>\n<meta name=\"robots\" content=\"index, follow, max-snippet:-1, max-image-preview:large, max-video-preview:-1\" \/>\n<link rel=\"canonical\" href=\"https:\/\/lasentinelle.dz\/index.php\/2023\/05\/15\/le-ministre-portugais-de-leconomie-a-alger-lalgerie-un-partenaire-cle-credible\/\" \/>\n<meta property=\"og:locale\" content=\"fr_FR\" \/>\n<meta property=\"og:type\" content=\"article\" \/>\n<meta property=\"og:title\" content=\"Le ministre portugais de l&rsquo;Economie \u00e0 Alger\u00a0: L&rsquo;Alg\u00e9rie, \u00ab\u00a0un partenaire cl\u00e9 cr\u00e9dible\u00a0\u00bb - La Sentinelle\" \/>\n<meta property=\"og:description\" content=\"Le ministre de l&rsquo;Industrie et de la Production pharmaceutique, Ali Aoun et le ministre portugais de l&rsquo;Economie et des Affaires\" \/>\n<meta property=\"og:url\" content=\"https:\/\/lasentinelle.dz\/index.php\/2023\/05\/15\/le-ministre-portugais-de-leconomie-a-alger-lalgerie-un-partenaire-cle-credible\/\" \/>\n<meta property=\"og:site_name\" content=\"La Sentinelle\" \/>\n<meta property=\"article:publisher\" content=\"https:\/\/www.facebook.com\/La-Sentinelle-104059864394773\" \/>\n<meta property=\"article:published_time\" content=\"2023-05-15T21:05:00+00:00\" \/>\n<meta property=\"article:modified_time\" content=\"2023-05-15T21:08:16+00:00\" \/>\n<meta property=\"og:image\" content=\"https:\/\/lasentinelle.dz\/wp-content\/uploads\/2023\/05\/image_2023-05-15_220730638-1024x701.png\" \/>\n\t<meta property=\"og:image:width\" content=\"1024\" \/>\n\t<meta property=\"og:image:height\" content=\"701\" \/>\n\t<meta property=\"og:image:type\" content=\"image\/png\" \/>\n<meta name=\"author\" content=\"La Sentinelle\" \/>\n<meta name=\"twitter:card\" content=\"summary_large_image\" \/>\n<meta name=\"twitter:label1\" content=\"\u00c9crit par\" \/>\n\t<meta name=\"twitter:data1\" content=\"La Sentinelle\" \/>\n\t<meta name=\"twitter:label2\" content=\"Dur\u00e9e de lecture estim\u00e9e\" \/>\n\t<meta name=\"twitter:data2\" content=\"2 minutes\" \/>\n<script type=\"application\/ld+json\" class=\"yoast-schema-graph\">{\"@context\":\"https:\\\/\\\/schema.org\",\"@graph\":[{\"@type\":\"Article\",\"@id\":\"https:\\\/\\\/lasentinelle.dz\\\/index.php\\\/2023\\\/05\\\/15\\\/le-ministre-portugais-de-leconomie-a-alger-lalgerie-un-partenaire-cle-credible\\\/#article\",\"isPartOf\":{\"@id\":\"https:\\\/\\\/lasentinelle.dz\\\/index.php\\\/2023\\\/05\\\/15\\\/le-ministre-portugais-de-leconomie-a-alger-lalgerie-un-partenaire-cle-credible\\\/\"},\"author\":{\"name\":\"La Sentinelle\",\"@id\":\"https:\\\/\\\/lasentinelle.dz\\\/#\\\/schema\\\/person\\\/d865044e22e70a75174ce8bcad3acfb3\"},\"headline\":\"Le ministre portugais de l&rsquo;Economie \u00e0 Alger\u00a0: L&rsquo;Alg\u00e9rie, \u00ab\u00a0un partenaire cl\u00e9 cr\u00e9dible\u00a0\u00bb\",\"datePublished\":\"2023-05-15T21:05:00+00:00\",\"dateModified\":\"2023-05-15T21:08:16+00:00\",\"mainEntityOfPage\":{\"@id\":\"https:\\\/\\\/lasentinelle.dz\\\/index.php\\\/2023\\\/05\\\/15\\\/le-ministre-portugais-de-leconomie-a-alger-lalgerie-un-partenaire-cle-credible\\\/\"},\"wordCount\":389,\"commentCount\":0,\"publisher\":{\"@id\":\"https:\\\/\\\/lasentinelle.dz\\\/#organization\"},\"image\":{\"@id\":\"https:\\\/\\\/lasentinelle.dz\\\/index.php\\\/2023\\\/05\\\/15\\\/le-ministre-portugais-de-leconomie-a-alger-lalgerie-un-partenaire-cle-credible\\\/#primaryimage\"},\"thumbnailUrl\":\"https:\\\/\\\/lasentinelle.dz\\\/wp-content\\\/uploads\\\/2023\\\/05\\\/image_2023-05-15_220730638.png\",\"articleSection\":[\"Actualit\u00e9\"],\"inLanguage\":\"fr-FR\",\"potentialAction\":[{\"@type\":\"CommentAction\",\"name\":\"Comment\",\"target\":[\"https:\\\/\\\/lasentinelle.dz\\\/index.php\\\/2023\\\/05\\\/15\\\/le-ministre-portugais-de-leconomie-a-alger-lalgerie-un-partenaire-cle-credible\\\/#respond\"]}]},{\"@type\":\"WebPage\",\"@id\":\"https:\\\/\\\/lasentinelle.dz\\\/index.php\\\/2023\\\/05\\\/15\\\/le-ministre-portugais-de-leconomie-a-alger-lalgerie-un-partenaire-cle-credible\\\/\",\"url\":\"https:\\\/\\\/lasentinelle.dz\\\/index.php\\\/2023\\\/05\\\/15\\\/le-ministre-portugais-de-leconomie-a-alger-lalgerie-un-partenaire-cle-credible\\\/\",\"name\":\"Le ministre portugais de l&rsquo;Economie \u00e0 Alger\u00a0: L&rsquo;Alg\u00e9rie, \u00ab\u00a0un partenaire cl\u00e9 cr\u00e9dible\u00a0\u00bb - La Sentinelle\",\"isPartOf\":{\"@id\":\"https:\\\/\\\/lasentinelle.dz\\\/#website\"},\"primaryImageOfPage\":{\"@id\":\"https:\\\/\\\/lasentinelle.dz\\\/index.php\\\/2023\\\/05\\\/15\\\/le-ministre-portugais-de-leconomie-a-alger-lalgerie-un-partenaire-cle-credible\\\/#primaryimage\"},\"image\":{\"@id\":\"https:\\\/\\\/lasentinelle.dz\\\/index.php\\\/2023\\\/05\\\/15\\\/le-ministre-portugais-de-leconomie-a-alger-lalgerie-un-partenaire-cle-credible\\\/#primaryimage\"},\"thumbnailUrl\":\"https:\\\/\\\/lasentinelle.dz\\\/wp-content\\\/uploads\\\/2023\\\/05\\\/image_2023-05-15_220730638.png\",\"datePublished\":\"2023-05-15T21:05:00+00:00\",\"dateModified\":\"2023-05-15T21:08:16+00:00\",\"breadcrumb\":{\"@id\":\"https:\\\/\\\/lasentinelle.dz\\\/index.php\\\/2023\\\/05\\\/15\\\/le-ministre-portugais-de-leconomie-a-alger-lalgerie-un-partenaire-cle-credible\\\/#breadcrumb\"},\"inLanguage\":\"fr-FR\",\"potentialAction\":[{\"@type\":\"ReadAction\",\"target\":[\"https:\\\/\\\/lasentinelle.dz\\\/index.php\\\/2023\\\/05\\\/15\\\/le-ministre-portugais-de-leconomie-a-alger-lalgerie-un-partenaire-cle-credible\\\/\"]}]},{\"@type\":\"ImageObject\",\"inLanguage\":\"fr-FR\",\"@id\":\"https:\\\/\\\/lasentinelle.dz\\\/index.php\\\/2023\\\/05\\\/15\\\/le-ministre-portugais-de-leconomie-a-alger-lalgerie-un-partenaire-cle-credible\\\/#primaryimage\",\"url\":\"https:\\\/\\\/lasentinelle.dz\\\/wp-content\\\/uploads\\\/2023\\\/05\\\/image_2023-05-15_220730638.png\",\"contentUrl\":\"https:\\\/\\\/lasentinelle.dz\\\/wp-content\\\/uploads\\\/2023\\\/05\\\/image_2023-05-15_220730638.png\",\"width\":2048,\"height\":1402},{\"@type\":\"BreadcrumbList\",\"@id\":\"https:\\\/\\\/lasentinelle.dz\\\/index.php\\\/2023\\\/05\\\/15\\\/le-ministre-portugais-de-leconomie-a-alger-lalgerie-un-partenaire-cle-credible\\\/#breadcrumb\",\"itemListElement\":[{\"@type\":\"ListItem\",\"position\":1,\"name\":\"Accueil\",\"item\":\"https:\\\/\\\/lasentinelle.dz\\\/\"},{\"@type\":\"ListItem\",\"position\":2,\"name\":\"Le ministre portugais de l&rsquo;Economie \u00e0 Alger\u00a0: L&rsquo;Alg\u00e9rie, \u00ab\u00a0un partenaire cl\u00e9 cr\u00e9dible\u00a0\u00bb\"}]},{\"@type\":\"WebSite\",\"@id\":\"https:\\\/\\\/lasentinelle.dz\\\/#website\",\"url\":\"https:\\\/\\\/lasentinelle.dz\\\/\",\"name\":\"La Sentinelle\",\"description\":\"Quotidien national d&#039;information\",\"publisher\":{\"@id\":\"https:\\\/\\\/lasentinelle.dz\\\/#organization\"},\"potentialAction\":[{\"@type\":\"SearchAction\",\"target\":{\"@type\":\"EntryPoint\",\"urlTemplate\":\"https:\\\/\\\/lasentinelle.dz\\\/?s={search_term_string}\"},\"query-input\":{\"@type\":\"PropertyValueSpecification\",\"valueRequired\":true,\"valueName\":\"search_term_string\"}}],\"inLanguage\":\"fr-FR\"},{\"@type\":\"Organization\",\"@id\":\"https:\\\/\\\/lasentinelle.dz\\\/#organization\",\"name\":\"Quotidien La Sentinelle\",\"url\":\"https:\\\/\\\/lasentinelle.dz\\\/\",\"logo\":{\"@type\":\"ImageObject\",\"inLanguage\":\"fr-FR\",\"@id\":\"https:\\\/\\\/lasentinelle.dz\\\/#\\\/schema\\\/logo\\\/image\\\/\",\"url\":\"https:\\\/\\\/lasentinelle.dz\\\/wp-content\\\/uploads\\\/2021\\\/09\\\/logo-sentinelleSLOGAN-1.png\",\"contentUrl\":\"https:\\\/\\\/lasentinelle.dz\\\/wp-content\\\/uploads\\\/2021\\\/09\\\/logo-sentinelleSLOGAN-1.png\",\"width\":615,\"height\":142,\"caption\":\"Quotidien La Sentinelle\"},\"image\":{\"@id\":\"https:\\\/\\\/lasentinelle.dz\\\/#\\\/schema\\\/logo\\\/image\\\/\"},\"sameAs\":[\"https:\\\/\\\/www.facebook.com\\\/La-Sentinelle-104059864394773\"]},{\"@type\":\"Person\",\"@id\":\"https:\\\/\\\/lasentinelle.dz\\\/#\\\/schema\\\/person\\\/d865044e22e70a75174ce8bcad3acfb3\",\"name\":\"La Sentinelle\",\"image\":{\"@type\":\"ImageObject\",\"inLanguage\":\"fr-FR\",\"@id\":\"https:\\\/\\\/secure.gravatar.com\\\/avatar\\\/57de8e5d4b15d43fb361a71fbb36338450fe67865b528a43dd10ef7c51a20392?s=96&d=mm&r=g\",\"url\":\"https:\\\/\\\/secure.gravatar.com\\\/avatar\\\/57de8e5d4b15d43fb361a71fbb36338450fe67865b528a43dd10ef7c51a20392?s=96&d=mm&r=g\",\"contentUrl\":\"https:\\\/\\\/secure.gravatar.com\\\/avatar\\\/57de8e5d4b15d43fb361a71fbb36338450fe67865b528a43dd10ef7c51a20392?s=96&d=mm&r=g\",\"caption\":\"La Sentinelle\"},\"sameAs\":[\"http:\\\/\\\/www.lasentinelle.dz\"],\"url\":\"https:\\\/\\\/lasentinelle.dz\\\/author\\\/redaction\\\/\"}]}<\/script>\n<!-- \/ Yoast SEO plugin. -->","yoast_head_json":{"title":"Le ministre portugais de l&rsquo;Economie \u00e0 Alger\u00a0: L&rsquo;Alg\u00e9rie, \u00ab\u00a0un partenaire cl\u00e9 cr\u00e9dible\u00a0\u00bb - La Sentinelle","robots":{"index":"index","follow":"follow","max-snippet":"max-snippet:-1","max-image-preview":"max-image-preview:large","max-video-preview":"max-video-preview:-1"},"canonical":"https:\/\/lasentinelle.dz\/index.php\/2023\/05\/15\/le-ministre-portugais-de-leconomie-a-alger-lalgerie-un-partenaire-cle-credible\/","og_locale":"fr_FR","og_type":"article","og_title":"Le ministre portugais de l&rsquo;Economie \u00e0 Alger\u00a0: L&rsquo;Alg\u00e9rie, \u00ab\u00a0un partenaire cl\u00e9 cr\u00e9dible\u00a0\u00bb - La Sentinelle","og_description":"Le ministre de l&rsquo;Industrie et de la Production pharmaceutique, Ali Aoun et le ministre portugais de l&rsquo;Economie et des Affaires","og_url":"https:\/\/lasentinelle.dz\/index.php\/2023\/05\/15\/le-ministre-portugais-de-leconomie-a-alger-lalgerie-un-partenaire-cle-credible\/","og_site_name":"La Sentinelle","article_publisher":"https:\/\/www.facebook.com\/La-Sentinelle-104059864394773","article_published_time":"2023-05-15T21:05:00+00:00","article_modified_time":"2023-05-15T21:08:16+00:00","og_image":[{"width":1024,"height":701,"url":"https:\/\/lasentinelle.dz\/wp-content\/uploads\/2023\/05\/image_2023-05-15_220730638-1024x701.png","type":"image\/png"}],"author":"La Sentinelle","twitter_card":"summary_large_image","twitter_misc":{"\u00c9crit par":"La Sentinelle","Dur\u00e9e de lecture estim\u00e9e":"2 minutes"},"schema":{"@context":"https:\/\/schema.org","@graph":[{"@type":"Article","@id":"https:\/\/lasentinelle.dz\/index.php\/2023\/05\/15\/le-ministre-portugais-de-leconomie-a-alger-lalgerie-un-partenaire-cle-credible\/#article","isPartOf":{"@id":"https:\/\/lasentinelle.dz\/index.php\/2023\/05\/15\/le-ministre-portugais-de-leconomie-a-alger-lalgerie-un-partenaire-cle-credible\/"},"author":{"name":"La Sentinelle","@id":"https:\/\/lasentinelle.dz\/#\/schema\/person\/d865044e22e70a75174ce8bcad3acfb3"},"headline":"Le ministre portugais de l&rsquo;Economie \u00e0 Alger\u00a0: L&rsquo;Alg\u00e9rie, \u00ab\u00a0un partenaire cl\u00e9 cr\u00e9dible\u00a0\u00bb","datePublished":"2023-05-15T21:05:00+00:00","dateModified":"2023-05-15T21:08:16+00:00","mainEntityOfPage":{"@id":"https:\/\/lasentinelle.dz\/index.php\/2023\/05\/15\/le-ministre-portugais-de-leconomie-a-alger-lalgerie-un-partenaire-cle-credible\/"},"wordCount":389,"commentCount":0,"publisher":{"@id":"https:\/\/lasentinelle.dz\/#organization"},"image":{"@id":"https:\/\/lasentinelle.dz\/index.php\/2023\/05\/15\/le-ministre-portugais-de-leconomie-a-alger-lalgerie-un-partenaire-cle-credible\/#primaryimage"},"thumbnailUrl":"https:\/\/lasentinelle.dz\/wp-content\/uploads\/2023\/05\/image_2023-05-15_220730638.png","articleSection":["Actualit\u00e9"],"inLanguage":"fr-FR","potentialAction":[{"@type":"CommentAction","name":"Comment","target":["https:\/\/lasentinelle.dz\/index.php\/2023\/05\/15\/le-ministre-portugais-de-leconomie-a-alger-lalgerie-un-partenaire-cle-credible\/#respond"]}]},{"@type":"WebPage","@id":"https:\/\/lasentinelle.dz\/index.php\/2023\/05\/15\/le-ministre-portugais-de-leconomie-a-alger-lalgerie-un-partenaire-cle-credible\/","url":"https:\/\/lasentinelle.dz\/index.php\/2023\/05\/15\/le-ministre-portugais-de-leconomie-a-alger-lalgerie-un-partenaire-cle-credible\/","name":"Le ministre portugais de l&rsquo;Economie \u00e0 Alger\u00a0: L&rsquo;Alg\u00e9rie, \u00ab\u00a0un partenaire cl\u00e9 cr\u00e9dible\u00a0\u00bb - La Sentinelle","isPartOf":{"@id":"https:\/\/lasentinelle.dz\/#website"},"primaryImageOfPage":{"@id":"https:\/\/lasentinelle.dz\/index.php\/2023\/05\/15\/le-ministre-portugais-de-leconomie-a-alger-lalgerie-un-partenaire-cle-credible\/#primaryimage"},"image":{"@id":"https:\/\/lasentinelle.dz\/index.php\/2023\/05\/15\/le-ministre-portugais-de-leconomie-a-alger-lalgerie-un-partenaire-cle-credible\/#primaryimage"},"thumbnailUrl":"https:\/\/lasentinelle.dz\/wp-content\/uploads\/2023\/05\/image_2023-05-15_220730638.png","datePublished":"2023-05-15T21:05:00+00:00","dateModified":"2023-05-15T21:08:16+00:00","breadcrumb":{"@id":"https:\/\/lasentinelle.dz\/index.php\/2023\/05\/15\/le-ministre-portugais-de-leconomie-a-alger-lalgerie-un-partenaire-cle-credible\/#breadcrumb"},"inLanguage":"fr-FR","potentialAction":[{"@type":"ReadAction","target":["https:\/\/lasentinelle.dz\/index.php\/2023\/05\/15\/le-ministre-portugais-de-leconomie-a-alger-lalgerie-un-partenaire-cle-credible\/"]}]},{"@type":"ImageObject","inLanguage":"fr-FR","@id":"https:\/\/lasentinelle.dz\/index.php\/2023\/05\/15\/le-ministre-portugais-de-leconomie-a-alger-lalgerie-un-partenaire-cle-credible\/#primaryimage","url":"https:\/\/lasentinelle.dz\/wp-content\/uploads\/2023\/05\/image_2023-05-15_220730638.png","contentUrl":"https:\/\/lasentinelle.dz\/wp-content\/uploads\/2023\/05\/image_2023-05-15_220730638.png","width":2048,"height":1402},{"@type":"BreadcrumbList","@id":"https:\/\/lasentinelle.dz\/index.php\/2023\/05\/15\/le-ministre-portugais-de-leconomie-a-alger-lalgerie-un-partenaire-cle-credible\/#breadcrumb","itemListElement":[{"@type":"ListItem","position":1,"name":"Accueil","item":"https:\/\/lasentinelle.dz\/"},{"@type":"ListItem","position":2,"name":"Le ministre portugais de l&rsquo;Economie \u00e0 Alger\u00a0: L&rsquo;Alg\u00e9rie, \u00ab\u00a0un partenaire cl\u00e9 cr\u00e9dible\u00a0\u00bb"}]},{"@type":"WebSite","@id":"https:\/\/lasentinelle.dz\/#website","url":"https:\/\/lasentinelle.dz\/","name":"La Sentinelle","description":"Quotidien national d&#039;information","publisher":{"@id":"https:\/\/lasentinelle.dz\/#organization"},"potentialAction":[{"@type":"SearchAction","target":{"@type":"EntryPoint","urlTemplate":"https:\/\/lasentinelle.dz\/?s={search_term_string}"},"query-input":{"@type":"PropertyValueSpecification","valueRequired":true,"valueName":"search_term_string"}}],"inLanguage":"fr-FR"},{"@type":"Organization","@id":"https:\/\/lasentinelle.dz\/#organization","name":"Quotidien La Sentinelle","url":"https:\/\/lasentinelle.dz\/","logo":{"@type":"ImageObject","inLanguage":"fr-FR","@id":"https:\/\/lasentinelle.dz\/#\/schema\/logo\/image\/","url":"https:\/\/lasentinelle.dz\/wp-content\/uploads\/2021\/09\/logo-sentinelleSLOGAN-1.png","contentUrl":"https:\/\/lasentinelle.dz\/wp-content\/uploads\/2021\/09\/logo-sentinelleSLOGAN-1.png","width":615,"height":142,"caption":"Quotidien La Sentinelle"},"image":{"@id":"https:\/\/lasentinelle.dz\/#\/schema\/logo\/image\/"},"sameAs":["https:\/\/www.facebook.com\/La-Sentinelle-104059864394773"]},{"@type":"Person","@id":"https:\/\/lasentinelle.dz\/#\/schema\/person\/d865044e22e70a75174ce8bcad3acfb3","name":"La Sentinelle","image":{"@type":"ImageObject","inLanguage":"fr-FR","@id":"https:\/\/secure.gravatar.com\/avatar\/57de8e5d4b15d43fb361a71fbb36338450fe67865b528a43dd10ef7c51a20392?s=96&d=mm&r=g","url":"https:\/\/secure.gravatar.com\/avatar\/57de8e5d4b15d43fb361a71fbb36338450fe67865b528a43dd10ef7c51a20392?s=96&d=mm&r=g","contentUrl":"https:\/\/secure.gravatar.com\/avatar\/57de8e5d4b15d43fb361a71fbb36338450fe67865b528a43dd10ef7c51a20392?s=96&d=mm&r=g","caption":"La Sentinelle"},"sameAs":["http:\/\/www.lasentinelle.dz"],"url":"https:\/\/lasentinelle.dz\/author\/redaction\/"}]}},"_links":{"self":[{"href":"https:\/\/lasentinelle.dz\/index.php\/wp-json\/wp\/v2\/posts\/41118","targetHints":{"allow":["GET"]}}],"collection":[{"href":"https:\/\/lasentinelle.dz\/index.php\/wp-json\/wp\/v2\/posts"}],"about":[{"href":"https:\/\/lasentinelle.dz\/index.php\/wp-json\/wp\/v2\/types\/post"}],"author":[{"embeddable":true,"href":"https:\/\/lasentinelle.dz\/index.php\/wp-json\/wp\/v2\/users\/3"}],"replies":[{"embeddable":true,"href":"https:\/\/lasentinelle.dz\/index.php\/wp-json\/wp\/v2\/comments?post=41118"}],"version-history":[{"count":1,"href":"https:\/\/lasentinelle.dz\/index.php\/wp-json\/wp\/v2\/posts\/41118\/revisions"}],"predecessor-version":[{"id":41125,"href":"https:\/\/lasentinelle.dz\/index.php\/wp-json\/wp\/v2\/posts\/41118\/revisions\/41125"}],"wp:featuredmedia":[{"embeddable":true,"href":"https:\/\/lasentinelle.dz\/index.php\/wp-json\/wp\/v2\/media\/41124"}],"wp:attachment":[{"href":"https:\/\/lasentinelle.dz\/index.php\/wp-json\/wp\/v2\/media?parent=41118"}],"wp:term":[{"taxonomy":"category","embeddable":true,"href":"https:\/\/lasentinelle.dz\/index.php\/wp-json\/wp\/v2\/categories?post=41118"},{"taxonomy":"post_tag","embeddable":true,"href":"https:\/\/lasentinelle.dz\/index.php\/wp-json\/wp\/v2\/tags?post=41118"}],"curies":[{"name":"wp","href":"https:\/\/api.w.org\/{rel}","templated":true}]}}