{"id":41119,"date":"2023-05-15T22:05:00","date_gmt":"2023-05-15T21:05:00","guid":{"rendered":"https:\/\/lasentinelle.dz\/?p=41119"},"modified":"2023-05-15T22:07:24","modified_gmt":"2023-05-15T21:07:24","slug":"cooperation-algero-argentine-les-opportunites-pour-elever-le-niveau-des-echanges-examinees","status":"publish","type":"post","link":"https:\/\/lasentinelle.dz\/index.php\/2023\/05\/15\/cooperation-algero-argentine-les-opportunites-pour-elever-le-niveau-des-echanges-examinees\/","title":{"rendered":"Coop\u00e9ration algero-argentine\u00a0: Les opportunit\u00e9s pour \u00e9lever le niveau des \u00e9changes examin\u00e9es"},"content":{"rendered":"\n<p>Hocine Zaoui, le&nbsp; directeur g\u00e9n\u00e9ral de la Chambre alg\u00e9rienne de commerce et d&rsquo;industrie, , a appel\u00e9, hier, lors d&rsquo;un forum \u00e9conomique alg\u00e9ro-argentin organis\u00e9 \u00e0 Alger, \u00e0 exploiter les opportunit\u00e9s offertes par l&rsquo;Alg\u00e9rie pour donner une impulsion nouvelle et forte au partenariat \u00e9tranger et \u00e0 la cr\u00e9ation de richesse. Zaoui insistera sur l&rsquo;importance de donner un nouvel \u00e9lan aux relations commerciales et \u00e9conomiques entre l&rsquo;Alg\u00e9rie et l&rsquo;Argentine ainsi que l&rsquo;exploitation de toutes les opportunit\u00e9s et ressources disponibles dans les deux pays pour augmenter la valeur des \u00e9changes commerciaux. Il est utile de noter que des repr\u00e9sentants des secteurs minist\u00e9riels et d&rsquo;op\u00e9rateurs \u00e9conomiques des deux pays ont pris part \u00e0 ce forum. Zaoui a \u00e9galement soulign\u00e9 la n\u00e9cessit\u00e9 de surveiller les perspectives de coop\u00e9ration et d&rsquo;investissement commercial entre l&rsquo;Alg\u00e9rie et l&rsquo;Argentine, ainsi que de renforcer les contacts entre les op\u00e9rateurs \u00e9conomiques des deux pays pour cr\u00e9er des ponts de coop\u00e9ration durables, compte tenu des relations fraternelles qui unissent les deux pays. Kamel Hamani, pr\u00e9sident de la Chambre alg\u00e9rienne de commerce et d&rsquo;industrie, a, quant \u00e0 lui, mis en avant le climat des affaires stable en Alg\u00e9rie, notamment gr\u00e2ce \u00e0 la promulgation de la nouvelle loi sur l&rsquo;investissement et aux incitations multiples visant \u00e0 renforcer le partenariat et la coop\u00e9ration commerciale. La nouvelle loi sur l&rsquo;investissement vise \u00e0 donner une impulsion forte \u00e0 l&rsquo;investissement, \u00e0 la cr\u00e9ation de richesse et \u00e0 la diversification des sources de l&rsquo;\u00e9conomie nationale, avait soulign\u00e9 Hamani. Il a \u00e9galement invit\u00e9 les op\u00e9rateurs et les investisseurs alg\u00e9riens et argentins \u00e0 renforcer leurs liens et \u00e0 exploiter les diff\u00e9rentes opportunit\u00e9s offertes par les nombreux domaines de coop\u00e9ration entre les deux pays. Samir Derradji, directeur g\u00e9n\u00e9ral du commerce ext\u00e9rieur au minist\u00e8re du Commerce et de la Promotion des Exportations, a, quant \u00e0 lui, appel\u00e9 au d\u00e9veloppement du niveau des \u00e9changes commerciaux entre les deux pays et \u00e0 acc\u00e9l\u00e9rer la cr\u00e9ation d&rsquo;un conseil d&rsquo;affaires alg\u00e9ro-argentin qui contribuera, selon lui, de mani\u00e8re significative et efficace \u00e0 renforcer le partenariat et la coop\u00e9ration. Il soulignera \u00e0 cet effet l&rsquo;importance des contacts entre les op\u00e9rateurs \u00e9conomiques des deux pays et de l&rsquo;\u00e9tablissement de passerelles de coop\u00e9ration dans de nombreux domaines pour renforcer la dynamique \u00e9conomique et donner un nouvel \u00e9lan aux relations commerciales entre l&rsquo;Alg\u00e9rie et l&rsquo;Argentine. Pour sa part, le directeur de la promotion et du soutien des \u00e9changes \u00e9conomiques au minist\u00e8re des Affaires \u00e9trang\u00e8res et de la Communaut\u00e9 nationale \u00e0 l&rsquo;\u00e9tranger, Rabah Fassihi, citera les nombreuses potentialit\u00e9s dont regorge l&rsquo;Alg\u00e9rie ainsi que les possibilit\u00e9s qui lui permettent d&rsquo;acc\u00e9der aux march\u00e9s \u00e9trangers. Il abordera, \u00e0 cette occasion, la diplomatie \u00e9conomique visant \u00e0 d\u00e9velopper et renforcer la coop\u00e9ration et le partenariat avec de nombreux pays \u00e9trangers, et qui suit de pr\u00e8s tous les d\u00e9veloppements et changements survenant dans les domaines \u00e9conomiques, \u00e9nerg\u00e9tiques, et autres. Il mentionnera les incitations favorables aux investisseurs locaux et \u00e9trangers pr\u00e9vues par la nouvelle loi sur l&rsquo;investissement, soulignant la prochaine cr\u00e9ation d&rsquo;un Conseil d&rsquo;affaires alg\u00e9ro-argentin qui donnera \u00ab\u00a0un nouvel \u00e9lan fort \u00e0 la dynamique \u00e9conomique entre les deux pays\u00a0\u00bb. De son c\u00f4t\u00e9, le Secr\u00e9taire G\u00e9n\u00e9ral du Conseil F\u00e9d\u00e9ral Argentin pour l&rsquo;Investissement, Ignacio Lamothe, a salu\u00e9 les relations fraternelles entre les deux pays, soulignant que l&rsquo;organisation de ce forum repr\u00e9sente une \u00ab\u00a0opportunit\u00e9 favorable\u00a0\u00bb pour promouvoir l&rsquo;investissement et la coop\u00e9ration. Il a \u00e9galement exprim\u00e9 sa volont\u00e9 de renforcer les liens \u00e9conomiques pour cr\u00e9er de la richesse dans le cadre d&rsquo;un principe gagnant-gagnant, ainsi que de donner une nouvelle impulsion aux relations commerciales entre les deux pays. Quant au gouverneur de la province d&rsquo;Entre R\u00edos, Gustavo Bordet, il a soulign\u00e9 l&rsquo;importance de ce forum visant principalement \u00e0 donner une forte impulsion aux relations bilat\u00e9rales, en particulier dans les secteurs de l&rsquo;industrie pharmaceutique, de l&rsquo;automobile et de l&rsquo;industrie agroalimentaire. En marge de la r\u00e9union, l&rsquo;ambassadeur d&rsquo;Argentine en Alg\u00e9rie, Mariano Sim\u00f3n Padros, a soulign\u00e9 dans des d\u00e9clarations \u00e0 la presse l&rsquo;importance de renforcer les relations \u00e9conomiques entre l&rsquo;Alg\u00e9rie et l&rsquo;Argentine et d&rsquo;accro\u00eetre la valeur des \u00e9changes commerciaux.<\/p>\n\n\n\n<p><strong>Chokri Hafed<\/strong><\/p>\n","protected":false},"excerpt":{"rendered":"<p>Hocine Zaoui, le&nbsp; directeur g\u00e9n\u00e9ral de la Chambre alg\u00e9rienne de commerce et d&rsquo;industrie, , a appel\u00e9, hier, lors d&rsquo;un forum<\/p>\n","protected":false},"author":3,"featured_media":41122,"comment_status":"open","ping_status":"closed","sticky":false,"template":"","format":"standard","meta":{"colormag_page_container_layout":"default_layout","colormag_page_sidebar_layout":"default_layout","om_disable_all_campaigns":false,"_monsterinsights_skip_tracking":false,"_monsterinsights_sitenote_active":false,"_monsterinsights_sitenote_note":"","_monsterinsights_sitenote_category":0,"footnotes":"","_wpscppro_dont_share_socialmedia":false,"_wpscppro_custom_social_share_image":0,"_facebook_share_type":"","_twitter_share_type":"","_linkedin_share_type":"","_pinterest_share_type":"","_linkedin_share_type_page":"","_instagram_share_type":"","_medium_share_type":"","_threads_share_type":"","_google_business_share_type":"","_selected_social_profile":[],"_wpsp_enable_custom_social_template":false,"_wpsp_social_scheduling":{"enabled":false,"datetime":null,"platforms":[],"status":"template_only","dateOption":"today","timeOption":"now","customDays":"","customHours":"","customDate":"","customTime":"","schedulingType":"absolute"},"_wpsp_active_default_template":true},"categories":[27],"tags":[],"class_list":["post-41119","post","type-post","status-publish","format-standard","has-post-thumbnail","hentry","category-actualite"],"aioseo_notices":[],"yoast_head":"<!-- This site is optimized with the Yoast SEO plugin v27.5 - https:\/\/yoast.com\/product\/yoast-seo-wordpress\/ -->\n<title>Coop\u00e9ration algero-argentine\u00a0: Les opportunit\u00e9s pour \u00e9lever le niveau des \u00e9changes examin\u00e9es - La Sentinelle<\/title>\n<meta name=\"robots\" content=\"index, follow, max-snippet:-1, max-image-preview:large, max-video-preview:-1\" \/>\n<link rel=\"canonical\" href=\"https:\/\/lasentinelle.dz\/index.php\/2023\/05\/15\/cooperation-algero-argentine-les-opportunites-pour-elever-le-niveau-des-echanges-examinees\/\" \/>\n<meta property=\"og:locale\" content=\"fr_FR\" \/>\n<meta property=\"og:type\" content=\"article\" \/>\n<meta property=\"og:title\" content=\"Coop\u00e9ration algero-argentine\u00a0: Les opportunit\u00e9s pour \u00e9lever le niveau des \u00e9changes examin\u00e9es - La Sentinelle\" \/>\n<meta property=\"og:description\" content=\"Hocine Zaoui, le&nbsp; directeur g\u00e9n\u00e9ral de la Chambre alg\u00e9rienne de commerce et d&rsquo;industrie, , a appel\u00e9, hier, lors d&rsquo;un forum\" \/>\n<meta property=\"og:url\" content=\"https:\/\/lasentinelle.dz\/index.php\/2023\/05\/15\/cooperation-algero-argentine-les-opportunites-pour-elever-le-niveau-des-echanges-examinees\/\" \/>\n<meta property=\"og:site_name\" content=\"La Sentinelle\" \/>\n<meta property=\"article:publisher\" content=\"https:\/\/www.facebook.com\/La-Sentinelle-104059864394773\" \/>\n<meta property=\"article:published_time\" content=\"2023-05-15T21:05:00+00:00\" \/>\n<meta property=\"article:modified_time\" content=\"2023-05-15T21:07:24+00:00\" \/>\n<meta property=\"og:image\" content=\"https:\/\/lasentinelle.dz\/wp-content\/uploads\/2023\/05\/image_2023-05-15_220645308.png\" \/>\n\t<meta property=\"og:image:width\" content=\"300\" \/>\n\t<meta property=\"og:image:height\" content=\"168\" \/>\n\t<meta property=\"og:image:type\" content=\"image\/png\" \/>\n<meta name=\"author\" content=\"La Sentinelle\" \/>\n<meta name=\"twitter:card\" content=\"summary_large_image\" \/>\n<meta name=\"twitter:label1\" content=\"\u00c9crit par\" \/>\n\t<meta name=\"twitter:data1\" content=\"La Sentinelle\" \/>\n\t<meta name=\"twitter:label2\" content=\"Dur\u00e9e de lecture estim\u00e9e\" \/>\n\t<meta name=\"twitter:data2\" content=\"4 minutes\" \/>\n<script type=\"application\/ld+json\" class=\"yoast-schema-graph\">{\"@context\":\"https:\\\/\\\/schema.org\",\"@graph\":[{\"@type\":\"Article\",\"@id\":\"https:\\\/\\\/lasentinelle.dz\\\/index.php\\\/2023\\\/05\\\/15\\\/cooperation-algero-argentine-les-opportunites-pour-elever-le-niveau-des-echanges-examinees\\\/#article\",\"isPartOf\":{\"@id\":\"https:\\\/\\\/lasentinelle.dz\\\/index.php\\\/2023\\\/05\\\/15\\\/cooperation-algero-argentine-les-opportunites-pour-elever-le-niveau-des-echanges-examinees\\\/\"},\"author\":{\"name\":\"La Sentinelle\",\"@id\":\"https:\\\/\\\/lasentinelle.dz\\\/#\\\/schema\\\/person\\\/d865044e22e70a75174ce8bcad3acfb3\"},\"headline\":\"Coop\u00e9ration algero-argentine\u00a0: Les opportunit\u00e9s pour \u00e9lever le niveau des \u00e9changes examin\u00e9es\",\"datePublished\":\"2023-05-15T21:05:00+00:00\",\"dateModified\":\"2023-05-15T21:07:24+00:00\",\"mainEntityOfPage\":{\"@id\":\"https:\\\/\\\/lasentinelle.dz\\\/index.php\\\/2023\\\/05\\\/15\\\/cooperation-algero-argentine-les-opportunites-pour-elever-le-niveau-des-echanges-examinees\\\/\"},\"wordCount\":762,\"commentCount\":0,\"publisher\":{\"@id\":\"https:\\\/\\\/lasentinelle.dz\\\/#organization\"},\"image\":{\"@id\":\"https:\\\/\\\/lasentinelle.dz\\\/index.php\\\/2023\\\/05\\\/15\\\/cooperation-algero-argentine-les-opportunites-pour-elever-le-niveau-des-echanges-examinees\\\/#primaryimage\"},\"thumbnailUrl\":\"https:\\\/\\\/lasentinelle.dz\\\/wp-content\\\/uploads\\\/2023\\\/05\\\/image_2023-05-15_220645308.png\",\"articleSection\":[\"Actualit\u00e9\"],\"inLanguage\":\"fr-FR\",\"potentialAction\":[{\"@type\":\"CommentAction\",\"name\":\"Comment\",\"target\":[\"https:\\\/\\\/lasentinelle.dz\\\/index.php\\\/2023\\\/05\\\/15\\\/cooperation-algero-argentine-les-opportunites-pour-elever-le-niveau-des-echanges-examinees\\\/#respond\"]}]},{\"@type\":\"WebPage\",\"@id\":\"https:\\\/\\\/lasentinelle.dz\\\/index.php\\\/2023\\\/05\\\/15\\\/cooperation-algero-argentine-les-opportunites-pour-elever-le-niveau-des-echanges-examinees\\\/\",\"url\":\"https:\\\/\\\/lasentinelle.dz\\\/index.php\\\/2023\\\/05\\\/15\\\/cooperation-algero-argentine-les-opportunites-pour-elever-le-niveau-des-echanges-examinees\\\/\",\"name\":\"Coop\u00e9ration algero-argentine\u00a0: Les opportunit\u00e9s pour \u00e9lever le niveau des \u00e9changes examin\u00e9es - La Sentinelle\",\"isPartOf\":{\"@id\":\"https:\\\/\\\/lasentinelle.dz\\\/#website\"},\"primaryImageOfPage\":{\"@id\":\"https:\\\/\\\/lasentinelle.dz\\\/index.php\\\/2023\\\/05\\\/15\\\/cooperation-algero-argentine-les-opportunites-pour-elever-le-niveau-des-echanges-examinees\\\/#primaryimage\"},\"image\":{\"@id\":\"https:\\\/\\\/lasentinelle.dz\\\/index.php\\\/2023\\\/05\\\/15\\\/cooperation-algero-argentine-les-opportunites-pour-elever-le-niveau-des-echanges-examinees\\\/#primaryimage\"},\"thumbnailUrl\":\"https:\\\/\\\/lasentinelle.dz\\\/wp-content\\\/uploads\\\/2023\\\/05\\\/image_2023-05-15_220645308.png\",\"datePublished\":\"2023-05-15T21:05:00+00:00\",\"dateModified\":\"2023-05-15T21:07:24+00:00\",\"breadcrumb\":{\"@id\":\"https:\\\/\\\/lasentinelle.dz\\\/index.php\\\/2023\\\/05\\\/15\\\/cooperation-algero-argentine-les-opportunites-pour-elever-le-niveau-des-echanges-examinees\\\/#breadcrumb\"},\"inLanguage\":\"fr-FR\",\"potentialAction\":[{\"@type\":\"ReadAction\",\"target\":[\"https:\\\/\\\/lasentinelle.dz\\\/index.php\\\/2023\\\/05\\\/15\\\/cooperation-algero-argentine-les-opportunites-pour-elever-le-niveau-des-echanges-examinees\\\/\"]}]},{\"@type\":\"ImageObject\",\"inLanguage\":\"fr-FR\",\"@id\":\"https:\\\/\\\/lasentinelle.dz\\\/index.php\\\/2023\\\/05\\\/15\\\/cooperation-algero-argentine-les-opportunites-pour-elever-le-niveau-des-echanges-examinees\\\/#primaryimage\",\"url\":\"https:\\\/\\\/lasentinelle.dz\\\/wp-content\\\/uploads\\\/2023\\\/05\\\/image_2023-05-15_220645308.png\",\"contentUrl\":\"https:\\\/\\\/lasentinelle.dz\\\/wp-content\\\/uploads\\\/2023\\\/05\\\/image_2023-05-15_220645308.png\",\"width\":300,\"height\":168},{\"@type\":\"BreadcrumbList\",\"@id\":\"https:\\\/\\\/lasentinelle.dz\\\/index.php\\\/2023\\\/05\\\/15\\\/cooperation-algero-argentine-les-opportunites-pour-elever-le-niveau-des-echanges-examinees\\\/#breadcrumb\",\"itemListElement\":[{\"@type\":\"ListItem\",\"position\":1,\"name\":\"Accueil\",\"item\":\"https:\\\/\\\/lasentinelle.dz\\\/\"},{\"@type\":\"ListItem\",\"position\":2,\"name\":\"Coop\u00e9ration algero-argentine\u00a0: Les opportunit\u00e9s pour \u00e9lever le niveau des \u00e9changes examin\u00e9es\"}]},{\"@type\":\"WebSite\",\"@id\":\"https:\\\/\\\/lasentinelle.dz\\\/#website\",\"url\":\"https:\\\/\\\/lasentinelle.dz\\\/\",\"name\":\"La Sentinelle\",\"description\":\"Quotidien national d&#039;information\",\"publisher\":{\"@id\":\"https:\\\/\\\/lasentinelle.dz\\\/#organization\"},\"potentialAction\":[{\"@type\":\"SearchAction\",\"target\":{\"@type\":\"EntryPoint\",\"urlTemplate\":\"https:\\\/\\\/lasentinelle.dz\\\/?s={search_term_string}\"},\"query-input\":{\"@type\":\"PropertyValueSpecification\",\"valueRequired\":true,\"valueName\":\"search_term_string\"}}],\"inLanguage\":\"fr-FR\"},{\"@type\":\"Organization\",\"@id\":\"https:\\\/\\\/lasentinelle.dz\\\/#organization\",\"name\":\"Quotidien La Sentinelle\",\"url\":\"https:\\\/\\\/lasentinelle.dz\\\/\",\"logo\":{\"@type\":\"ImageObject\",\"inLanguage\":\"fr-FR\",\"@id\":\"https:\\\/\\\/lasentinelle.dz\\\/#\\\/schema\\\/logo\\\/image\\\/\",\"url\":\"https:\\\/\\\/lasentinelle.dz\\\/wp-content\\\/uploads\\\/2021\\\/09\\\/logo-sentinelleSLOGAN-1.png\",\"contentUrl\":\"https:\\\/\\\/lasentinelle.dz\\\/wp-content\\\/uploads\\\/2021\\\/09\\\/logo-sentinelleSLOGAN-1.png\",\"width\":615,\"height\":142,\"caption\":\"Quotidien La Sentinelle\"},\"image\":{\"@id\":\"https:\\\/\\\/lasentinelle.dz\\\/#\\\/schema\\\/logo\\\/image\\\/\"},\"sameAs\":[\"https:\\\/\\\/www.facebook.com\\\/La-Sentinelle-104059864394773\"]},{\"@type\":\"Person\",\"@id\":\"https:\\\/\\\/lasentinelle.dz\\\/#\\\/schema\\\/person\\\/d865044e22e70a75174ce8bcad3acfb3\",\"name\":\"La Sentinelle\",\"image\":{\"@type\":\"ImageObject\",\"inLanguage\":\"fr-FR\",\"@id\":\"https:\\\/\\\/secure.gravatar.com\\\/avatar\\\/57de8e5d4b15d43fb361a71fbb36338450fe67865b528a43dd10ef7c51a20392?s=96&d=mm&r=g\",\"url\":\"https:\\\/\\\/secure.gravatar.com\\\/avatar\\\/57de8e5d4b15d43fb361a71fbb36338450fe67865b528a43dd10ef7c51a20392?s=96&d=mm&r=g\",\"contentUrl\":\"https:\\\/\\\/secure.gravatar.com\\\/avatar\\\/57de8e5d4b15d43fb361a71fbb36338450fe67865b528a43dd10ef7c51a20392?s=96&d=mm&r=g\",\"caption\":\"La Sentinelle\"},\"sameAs\":[\"http:\\\/\\\/www.lasentinelle.dz\"],\"url\":\"https:\\\/\\\/lasentinelle.dz\\\/author\\\/redaction\\\/\"}]}<\/script>\n<!-- \/ Yoast SEO plugin. -->","yoast_head_json":{"title":"Coop\u00e9ration algero-argentine\u00a0: Les opportunit\u00e9s pour \u00e9lever le niveau des \u00e9changes examin\u00e9es - La Sentinelle","robots":{"index":"index","follow":"follow","max-snippet":"max-snippet:-1","max-image-preview":"max-image-preview:large","max-video-preview":"max-video-preview:-1"},"canonical":"https:\/\/lasentinelle.dz\/index.php\/2023\/05\/15\/cooperation-algero-argentine-les-opportunites-pour-elever-le-niveau-des-echanges-examinees\/","og_locale":"fr_FR","og_type":"article","og_title":"Coop\u00e9ration algero-argentine\u00a0: Les opportunit\u00e9s pour \u00e9lever le niveau des \u00e9changes examin\u00e9es - La Sentinelle","og_description":"Hocine Zaoui, le&nbsp; directeur g\u00e9n\u00e9ral de la Chambre alg\u00e9rienne de commerce et d&rsquo;industrie, , a appel\u00e9, hier, lors d&rsquo;un forum","og_url":"https:\/\/lasentinelle.dz\/index.php\/2023\/05\/15\/cooperation-algero-argentine-les-opportunites-pour-elever-le-niveau-des-echanges-examinees\/","og_site_name":"La Sentinelle","article_publisher":"https:\/\/www.facebook.com\/La-Sentinelle-104059864394773","article_published_time":"2023-05-15T21:05:00+00:00","article_modified_time":"2023-05-15T21:07:24+00:00","og_image":[{"width":300,"height":168,"url":"https:\/\/lasentinelle.dz\/wp-content\/uploads\/2023\/05\/image_2023-05-15_220645308.png","type":"image\/png"}],"author":"La Sentinelle","twitter_card":"summary_large_image","twitter_misc":{"\u00c9crit par":"La Sentinelle","Dur\u00e9e de lecture estim\u00e9e":"4 minutes"},"schema":{"@context":"https:\/\/schema.org","@graph":[{"@type":"Article","@id":"https:\/\/lasentinelle.dz\/index.php\/2023\/05\/15\/cooperation-algero-argentine-les-opportunites-pour-elever-le-niveau-des-echanges-examinees\/#article","isPartOf":{"@id":"https:\/\/lasentinelle.dz\/index.php\/2023\/05\/15\/cooperation-algero-argentine-les-opportunites-pour-elever-le-niveau-des-echanges-examinees\/"},"author":{"name":"La Sentinelle","@id":"https:\/\/lasentinelle.dz\/#\/schema\/person\/d865044e22e70a75174ce8bcad3acfb3"},"headline":"Coop\u00e9ration algero-argentine\u00a0: Les opportunit\u00e9s pour \u00e9lever le niveau des \u00e9changes examin\u00e9es","datePublished":"2023-05-15T21:05:00+00:00","dateModified":"2023-05-15T21:07:24+00:00","mainEntityOfPage":{"@id":"https:\/\/lasentinelle.dz\/index.php\/2023\/05\/15\/cooperation-algero-argentine-les-opportunites-pour-elever-le-niveau-des-echanges-examinees\/"},"wordCount":762,"commentCount":0,"publisher":{"@id":"https:\/\/lasentinelle.dz\/#organization"},"image":{"@id":"https:\/\/lasentinelle.dz\/index.php\/2023\/05\/15\/cooperation-algero-argentine-les-opportunites-pour-elever-le-niveau-des-echanges-examinees\/#primaryimage"},"thumbnailUrl":"https:\/\/lasentinelle.dz\/wp-content\/uploads\/2023\/05\/image_2023-05-15_220645308.png","articleSection":["Actualit\u00e9"],"inLanguage":"fr-FR","potentialAction":[{"@type":"CommentAction","name":"Comment","target":["https:\/\/lasentinelle.dz\/index.php\/2023\/05\/15\/cooperation-algero-argentine-les-opportunites-pour-elever-le-niveau-des-echanges-examinees\/#respond"]}]},{"@type":"WebPage","@id":"https:\/\/lasentinelle.dz\/index.php\/2023\/05\/15\/cooperation-algero-argentine-les-opportunites-pour-elever-le-niveau-des-echanges-examinees\/","url":"https:\/\/lasentinelle.dz\/index.php\/2023\/05\/15\/cooperation-algero-argentine-les-opportunites-pour-elever-le-niveau-des-echanges-examinees\/","name":"Coop\u00e9ration algero-argentine\u00a0: Les opportunit\u00e9s pour \u00e9lever le niveau des \u00e9changes examin\u00e9es - La Sentinelle","isPartOf":{"@id":"https:\/\/lasentinelle.dz\/#website"},"primaryImageOfPage":{"@id":"https:\/\/lasentinelle.dz\/index.php\/2023\/05\/15\/cooperation-algero-argentine-les-opportunites-pour-elever-le-niveau-des-echanges-examinees\/#primaryimage"},"image":{"@id":"https:\/\/lasentinelle.dz\/index.php\/2023\/05\/15\/cooperation-algero-argentine-les-opportunites-pour-elever-le-niveau-des-echanges-examinees\/#primaryimage"},"thumbnailUrl":"https:\/\/lasentinelle.dz\/wp-content\/uploads\/2023\/05\/image_2023-05-15_220645308.png","datePublished":"2023-05-15T21:05:00+00:00","dateModified":"2023-05-15T21:07:24+00:00","breadcrumb":{"@id":"https:\/\/lasentinelle.dz\/index.php\/2023\/05\/15\/cooperation-algero-argentine-les-opportunites-pour-elever-le-niveau-des-echanges-examinees\/#breadcrumb"},"inLanguage":"fr-FR","potentialAction":[{"@type":"ReadAction","target":["https:\/\/lasentinelle.dz\/index.php\/2023\/05\/15\/cooperation-algero-argentine-les-opportunites-pour-elever-le-niveau-des-echanges-examinees\/"]}]},{"@type":"ImageObject","inLanguage":"fr-FR","@id":"https:\/\/lasentinelle.dz\/index.php\/2023\/05\/15\/cooperation-algero-argentine-les-opportunites-pour-elever-le-niveau-des-echanges-examinees\/#primaryimage","url":"https:\/\/lasentinelle.dz\/wp-content\/uploads\/2023\/05\/image_2023-05-15_220645308.png","contentUrl":"https:\/\/lasentinelle.dz\/wp-content\/uploads\/2023\/05\/image_2023-05-15_220645308.png","width":300,"height":168},{"@type":"BreadcrumbList","@id":"https:\/\/lasentinelle.dz\/index.php\/2023\/05\/15\/cooperation-algero-argentine-les-opportunites-pour-elever-le-niveau-des-echanges-examinees\/#breadcrumb","itemListElement":[{"@type":"ListItem","position":1,"name":"Accueil","item":"https:\/\/lasentinelle.dz\/"},{"@type":"ListItem","position":2,"name":"Coop\u00e9ration algero-argentine\u00a0: Les opportunit\u00e9s pour \u00e9lever le niveau des \u00e9changes examin\u00e9es"}]},{"@type":"WebSite","@id":"https:\/\/lasentinelle.dz\/#website","url":"https:\/\/lasentinelle.dz\/","name":"La Sentinelle","description":"Quotidien national d&#039;information","publisher":{"@id":"https:\/\/lasentinelle.dz\/#organization"},"potentialAction":[{"@type":"SearchAction","target":{"@type":"EntryPoint","urlTemplate":"https:\/\/lasentinelle.dz\/?s={search_term_string}"},"query-input":{"@type":"PropertyValueSpecification","valueRequired":true,"valueName":"search_term_string"}}],"inLanguage":"fr-FR"},{"@type":"Organization","@id":"https:\/\/lasentinelle.dz\/#organization","name":"Quotidien La Sentinelle","url":"https:\/\/lasentinelle.dz\/","logo":{"@type":"ImageObject","inLanguage":"fr-FR","@id":"https:\/\/lasentinelle.dz\/#\/schema\/logo\/image\/","url":"https:\/\/lasentinelle.dz\/wp-content\/uploads\/2021\/09\/logo-sentinelleSLOGAN-1.png","contentUrl":"https:\/\/lasentinelle.dz\/wp-content\/uploads\/2021\/09\/logo-sentinelleSLOGAN-1.png","width":615,"height":142,"caption":"Quotidien La Sentinelle"},"image":{"@id":"https:\/\/lasentinelle.dz\/#\/schema\/logo\/image\/"},"sameAs":["https:\/\/www.facebook.com\/La-Sentinelle-104059864394773"]},{"@type":"Person","@id":"https:\/\/lasentinelle.dz\/#\/schema\/person\/d865044e22e70a75174ce8bcad3acfb3","name":"La Sentinelle","image":{"@type":"ImageObject","inLanguage":"fr-FR","@id":"https:\/\/secure.gravatar.com\/avatar\/57de8e5d4b15d43fb361a71fbb36338450fe67865b528a43dd10ef7c51a20392?s=96&d=mm&r=g","url":"https:\/\/secure.gravatar.com\/avatar\/57de8e5d4b15d43fb361a71fbb36338450fe67865b528a43dd10ef7c51a20392?s=96&d=mm&r=g","contentUrl":"https:\/\/secure.gravatar.com\/avatar\/57de8e5d4b15d43fb361a71fbb36338450fe67865b528a43dd10ef7c51a20392?s=96&d=mm&r=g","caption":"La Sentinelle"},"sameAs":["http:\/\/www.lasentinelle.dz"],"url":"https:\/\/lasentinelle.dz\/author\/redaction\/"}]}},"_links":{"self":[{"href":"https:\/\/lasentinelle.dz\/index.php\/wp-json\/wp\/v2\/posts\/41119","targetHints":{"allow":["GET"]}}],"collection":[{"href":"https:\/\/lasentinelle.dz\/index.php\/wp-json\/wp\/v2\/posts"}],"about":[{"href":"https:\/\/lasentinelle.dz\/index.php\/wp-json\/wp\/v2\/types\/post"}],"author":[{"embeddable":true,"href":"https:\/\/lasentinelle.dz\/index.php\/wp-json\/wp\/v2\/users\/3"}],"replies":[{"embeddable":true,"href":"https:\/\/lasentinelle.dz\/index.php\/wp-json\/wp\/v2\/comments?post=41119"}],"version-history":[{"count":1,"href":"https:\/\/lasentinelle.dz\/index.php\/wp-json\/wp\/v2\/posts\/41119\/revisions"}],"predecessor-version":[{"id":41123,"href":"https:\/\/lasentinelle.dz\/index.php\/wp-json\/wp\/v2\/posts\/41119\/revisions\/41123"}],"wp:featuredmedia":[{"embeddable":true,"href":"https:\/\/lasentinelle.dz\/index.php\/wp-json\/wp\/v2\/media\/41122"}],"wp:attachment":[{"href":"https:\/\/lasentinelle.dz\/index.php\/wp-json\/wp\/v2\/media?parent=41119"}],"wp:term":[{"taxonomy":"category","embeddable":true,"href":"https:\/\/lasentinelle.dz\/index.php\/wp-json\/wp\/v2\/categories?post=41119"},{"taxonomy":"post_tag","embeddable":true,"href":"https:\/\/lasentinelle.dz\/index.php\/wp-json\/wp\/v2\/tags?post=41119"}],"curies":[{"name":"wp","href":"https:\/\/api.w.org\/{rel}","templated":true}]}}