{"id":41127,"date":"2023-05-16T22:00:00","date_gmt":"2023-05-16T21:00:00","guid":{"rendered":"https:\/\/lasentinelle.dz\/?p=41127"},"modified":"2023-05-16T15:57:46","modified_gmt":"2023-05-16T14:57:46","slug":"guerre-en-ukraine-kyiv-et-moscou-prets-a-rencontrer-une-delegation-africaine-pour-discuter-dun-plan-de-paix","status":"publish","type":"post","link":"https:\/\/lasentinelle.dz\/index.php\/2023\/05\/16\/guerre-en-ukraine-kyiv-et-moscou-prets-a-rencontrer-une-delegation-africaine-pour-discuter-dun-plan-de-paix\/","title":{"rendered":"Guerre en Ukraine\u00a0: Kyiv et Moscou pr\u00eats \u00e0 rencontrer une d\u00e9l\u00e9gation africaine pour discuter d&rsquo;un plan de paix"},"content":{"rendered":"\n<p class=\"wp-block-paragraph\">Le pr\u00e9sident sud-africain, Cyril Ramaphosa, a affirm\u00e9 mardi que le pr\u00e9sident russe, Vladimir Poutine, et son homologue ukrainien, Volodimir Zelensky, avaient accept\u00e9 de rencontrer une d\u00e9l\u00e9gation de dirigeants africains en vue de discuter d&rsquo;un plan de paix potentiel pour mettre fin au conflit. \u00ab\u00a0Mes discussions avec les deux dirigeants ont montr\u00e9 qu&rsquo;ils \u00e9taient pr\u00eats \u00e0 recevoir des dirigeants africains et \u00e0 avoir une conversation sur les mani\u00e8res de mettre fin au conflit\u00a0\u00bb, a affirm\u00e9 Cyril Ramaphosa lors d&rsquo;un point presse au Cap. Vladimir Poutine et Volodimir Zelensky ont accept\u00e9 de recevoir la d\u00e9l\u00e9gation dans leur capitale respective, a indiqu\u00e9 un communiqu\u00e9 de la pr\u00e9sidence sud-africaine. Le plan de paix est \u00e9galement soutenu par des dirigeants africains du S\u00e9n\u00e9gal, de l&rsquo;Ouganda, de l&rsquo;Egypte, de la R\u00e9publique du Congo et de la Zambie. Cyril Ramaphosa a indiqu\u00e9 que les Etats-Unis et le Royaume-Uni avaient exprim\u00e9 leur soutien \u00ab\u00a0prudent\u00a0\u00bb au plan de paix; et que le secr\u00e9taire g\u00e9n\u00e9ral de l&rsquo;Onu avait \u00e9galement \u00e9t\u00e9 mis au courant de l&rsquo;initiative.<\/p>\n\n\n\n<p class=\"wp-block-paragraph\">R.I. avec agences<\/p>\n","protected":false},"excerpt":{"rendered":"<p>Le pr\u00e9sident sud-africain, Cyril Ramaphosa, a affirm\u00e9 mardi que le pr\u00e9sident russe, Vladimir Poutine, et son homologue ukrainien, Volodimir Zelensky,<\/p>\n","protected":false},"author":3,"featured_media":41135,"comment_status":"open","ping_status":"closed","sticky":false,"template":"","format":"standard","meta":{"colormag_page_container_layout":"default_layout","colormag_page_sidebar_layout":"default_layout","om_disable_all_campaigns":false,"_monsterinsights_skip_tracking":false,"footnotes":"","_wpscppro_dont_share_socialmedia":false,"_wpscppro_custom_social_share_image":0,"_facebook_share_type":"","_twitter_share_type":"","_linkedin_share_type":"","_pinterest_share_type":"","_linkedin_share_type_page":"","_instagram_share_type":"","_medium_share_type":"","_threads_share_type":"","_google_business_share_type":"","_bluesky_share_type":"","_mastodon_share_type":"","_selected_social_profile":[],"_wpsp_enable_custom_social_template":false,"_wpsp_social_scheduling":{"enabled":false,"datetime":null,"platforms":[],"status":"template_only","dateOption":"today","timeOption":"now","customDays":"","customHours":"","customDate":"","customTime":"","schedulingType":"absolute"},"_wpsp_active_default_template":true},"categories":[37],"tags":[],"class_list":["post-41127","post","type-post","status-publish","format-standard","has-post-thumbnail","hentry","category-monde"],"aioseo_notices":[],"aioseo_head":"\n\t\t<!-- All in One SEO 5.0.0.1 - aioseo.com -->\n\t<meta name=\"description\" content=\"Le pr\u00e9sident sud-africain, Cyril Ramaphosa, a affirm\u00e9 mardi que le pr\u00e9sident russe, Vladimir Poutine, et son homologue ukrainien, Volodimir Zelensky, avaient accept\u00e9 de rencontrer une d\u00e9l\u00e9gation de dirigeants africains en vue de discuter d&#039;un plan de paix potentiel pour mettre fin au conflit. &quot;Mes discussions avec les deux dirigeants ont montr\u00e9 qu&#039;ils \u00e9taient pr\u00eats \u00e0\" \/>\n\t<meta name=\"robots\" content=\"max-image-preview:large\" \/>\n\t<meta name=\"author\" content=\"La Sentinelle\"\/>\n\t<link rel=\"canonical\" href=\"https:\/\/lasentinelle.dz\/index.php\/2023\/05\/16\/guerre-en-ukraine-kyiv-et-moscou-prets-a-rencontrer-une-delegation-africaine-pour-discuter-dun-plan-de-paix\/\" \/>\n\t<meta name=\"generator\" content=\"All in One SEO (AIOSEO) 5.0.0.1\" \/>\n\t\t<meta property=\"og:locale\" content=\"fr_FR\" \/>\n\t\t<meta property=\"og:site_name\" content=\"La Sentinelle - Quotidien national d&#039;information\" \/>\n\t\t<meta property=\"og:type\" content=\"article\" \/>\n\t\t<meta property=\"og:title\" content=\"Guerre en Ukraine : Kyiv et Moscou pr\u00eats \u00e0 rencontrer une d\u00e9l\u00e9gation africaine pour discuter d\u2019un plan de paix - La Sentinelle\" \/>\n\t\t<meta property=\"og:description\" content=\"Le pr\u00e9sident sud-africain, Cyril Ramaphosa, a affirm\u00e9 mardi que le pr\u00e9sident russe, Vladimir Poutine, et son homologue ukrainien, Volodimir Zelensky, avaient accept\u00e9 de rencontrer une d\u00e9l\u00e9gation de dirigeants africains en vue de discuter d&#039;un plan de paix potentiel pour mettre fin au conflit. &quot;Mes discussions avec les deux dirigeants ont montr\u00e9 qu&#039;ils \u00e9taient pr\u00eats \u00e0\" \/>\n\t\t<meta property=\"og:url\" content=\"https:\/\/lasentinelle.dz\/index.php\/2023\/05\/16\/guerre-en-ukraine-kyiv-et-moscou-prets-a-rencontrer-une-delegation-africaine-pour-discuter-dun-plan-de-paix\/\" \/>\n\t\t<meta property=\"og:image\" content=\"https:\/\/lasentinelle.dz\/wp-content\/uploads\/2021\/09\/cropped-la-sentinelle-earth-golden-anima-5.gif\" \/>\n\t\t<meta property=\"og:image:secure_url\" content=\"https:\/\/lasentinelle.dz\/wp-content\/uploads\/2021\/09\/cropped-la-sentinelle-earth-golden-anima-5.gif\" \/>\n\t\t<meta property=\"og:image:width\" content=\"450\" \/>\n\t\t<meta property=\"og:image:height\" content=\"213\" \/>\n\t\t<meta property=\"article:published_time\" content=\"2023-05-16T21:00:00+00:00\" \/>\n\t\t<meta property=\"article:modified_time\" content=\"2023-05-16T14:57:46+00:00\" \/>\n\t\t<meta property=\"article:publisher\" content=\"https:\/\/www.facebook.com\/azzedine.lasentinelle.1\" \/>\n\t\t<meta name=\"twitter:card\" content=\"summary_large_image\" \/>\n\t\t<meta name=\"twitter:title\" content=\"Guerre en Ukraine : Kyiv et Moscou pr\u00eats \u00e0 rencontrer une d\u00e9l\u00e9gation africaine pour discuter d\u2019un plan de paix - La Sentinelle\" \/>\n\t\t<meta name=\"twitter:description\" content=\"Le pr\u00e9sident sud-africain, Cyril Ramaphosa, a affirm\u00e9 mardi que le pr\u00e9sident russe, Vladimir Poutine, et son homologue ukrainien, Volodimir Zelensky, avaient accept\u00e9 de rencontrer une d\u00e9l\u00e9gation de dirigeants africains en vue de discuter d&#039;un plan de paix potentiel pour mettre fin au conflit. &quot;Mes discussions avec les deux dirigeants ont montr\u00e9 qu&#039;ils \u00e9taient pr\u00eats \u00e0\" \/>\n\t\t<meta name=\"twitter:image\" content=\"https:\/\/lasentinelle.dz\/wp-content\/uploads\/2021\/09\/cropped-la-sentinelle-earth-golden-anima-5.gif\" \/>\n\t\t<script type=\"application\/ld+json\" class=\"aioseo-schema\">\n\t\t\t{\"@context\":\"https:\\\/\\\/schema.org\",\"@graph\":[{\"@type\":\"BlogPosting\",\"@id\":\"https:\\\/\\\/lasentinelle.dz\\\/index.php\\\/2023\\\/05\\\/16\\\/guerre-en-ukraine-kyiv-et-moscou-prets-a-rencontrer-une-delegation-africaine-pour-discuter-dun-plan-de-paix\\\/#blogposting\",\"name\":\"Guerre en Ukraine : Kyiv et Moscou pr\\u00eats \\u00e0 rencontrer une d\\u00e9l\\u00e9gation africaine pour discuter d\\u2019un plan de paix - La Sentinelle\",\"headline\":\"Guerre en Ukraine\\u00a0: Kyiv et Moscou pr\\u00eats \\u00e0 rencontrer une d\\u00e9l\\u00e9gation africaine pour discuter d&rsquo;un plan de paix\",\"author\":{\"@id\":\"https:\\\/\\\/lasentinelle.dz\\\/author\\\/redaction\\\/#author\"},\"publisher\":{\"@id\":\"https:\\\/\\\/lasentinelle.dz\\\/#organization\"},\"image\":{\"@type\":\"ImageObject\",\"url\":\"https:\\\/\\\/lasentinelle.dz\\\/wp-content\\\/uploads\\\/2023\\\/05\\\/image_2023-05-16_155651140.png\",\"width\":885,\"height\":500},\"datePublished\":\"2023-05-16T22:00:00+01:00\",\"dateModified\":\"2023-05-16T15:57:46+01:00\",\"inLanguage\":\"fr-FR\",\"mainEntityOfPage\":{\"@id\":\"https:\\\/\\\/lasentinelle.dz\\\/index.php\\\/2023\\\/05\\\/16\\\/guerre-en-ukraine-kyiv-et-moscou-prets-a-rencontrer-une-delegation-africaine-pour-discuter-dun-plan-de-paix\\\/#webpage\"},\"isPartOf\":{\"@id\":\"https:\\\/\\\/lasentinelle.dz\\\/index.php\\\/2023\\\/05\\\/16\\\/guerre-en-ukraine-kyiv-et-moscou-prets-a-rencontrer-une-delegation-africaine-pour-discuter-dun-plan-de-paix\\\/#webpage\"},\"articleSection\":\"Monde\"},{\"@type\":\"BreadcrumbList\",\"@id\":\"https:\\\/\\\/lasentinelle.dz\\\/index.php\\\/2023\\\/05\\\/16\\\/guerre-en-ukraine-kyiv-et-moscou-prets-a-rencontrer-une-delegation-africaine-pour-discuter-dun-plan-de-paix\\\/#breadcrumblist\",\"itemListElement\":[{\"@type\":\"ListItem\",\"@id\":\"https:\\\/\\\/lasentinelle.dz#listItem\",\"position\":1,\"name\":\"Home\",\"item\":\"https:\\\/\\\/lasentinelle.dz\",\"nextItem\":{\"@type\":\"ListItem\",\"@id\":\"https:\\\/\\\/lasentinelle.dz\\\/index.php\\\/category\\\/monde\\\/#listItem\",\"name\":\"Monde\"}},{\"@type\":\"ListItem\",\"@id\":\"https:\\\/\\\/lasentinelle.dz\\\/index.php\\\/category\\\/monde\\\/#listItem\",\"position\":2,\"name\":\"Monde\",\"item\":\"https:\\\/\\\/lasentinelle.dz\\\/index.php\\\/category\\\/monde\\\/\",\"nextItem\":{\"@type\":\"ListItem\",\"@id\":\"https:\\\/\\\/lasentinelle.dz\\\/index.php\\\/2023\\\/05\\\/16\\\/guerre-en-ukraine-kyiv-et-moscou-prets-a-rencontrer-une-delegation-africaine-pour-discuter-dun-plan-de-paix\\\/#listItem\",\"name\":\"Guerre en Ukraine\\u00a0: Kyiv et Moscou pr\\u00eats \\u00e0 rencontrer une d\\u00e9l\\u00e9gation africaine pour discuter d&rsquo;un plan de paix\"},\"previousItem\":{\"@type\":\"ListItem\",\"@id\":\"https:\\\/\\\/lasentinelle.dz#listItem\",\"name\":\"Home\"}},{\"@type\":\"ListItem\",\"@id\":\"https:\\\/\\\/lasentinelle.dz\\\/index.php\\\/2023\\\/05\\\/16\\\/guerre-en-ukraine-kyiv-et-moscou-prets-a-rencontrer-une-delegation-africaine-pour-discuter-dun-plan-de-paix\\\/#listItem\",\"position\":3,\"name\":\"Guerre en Ukraine\\u00a0: Kyiv et Moscou pr\\u00eats \\u00e0 rencontrer une d\\u00e9l\\u00e9gation africaine pour discuter d&rsquo;un plan de paix\",\"previousItem\":{\"@type\":\"ListItem\",\"@id\":\"https:\\\/\\\/lasentinelle.dz\\\/index.php\\\/category\\\/monde\\\/#listItem\",\"name\":\"Monde\"}}]},{\"@type\":\"Organization\",\"@id\":\"https:\\\/\\\/lasentinelle.dz\\\/#organization\",\"name\":\"La Sentinelle La Sentinelle\",\"description\":\"Quotidien national d'information\",\"url\":\"https:\\\/\\\/lasentinelle.dz\\\/\",\"logo\":{\"@type\":\"ImageObject\",\"url\":\"https:\\\/\\\/lasentinelle.dz\\\/wp-content\\\/uploads\\\/2021\\\/09\\\/cropped-la-sentinelle-earth-golden-anima-5.gif\",\"@id\":\"https:\\\/\\\/lasentinelle.dz\\\/index.php\\\/2023\\\/05\\\/16\\\/guerre-en-ukraine-kyiv-et-moscou-prets-a-rencontrer-une-delegation-africaine-pour-discuter-dun-plan-de-paix\\\/#organizationLogo\",\"width\":450,\"height\":213},\"image\":{\"@id\":\"https:\\\/\\\/lasentinelle.dz\\\/index.php\\\/2023\\\/05\\\/16\\\/guerre-en-ukraine-kyiv-et-moscou-prets-a-rencontrer-une-delegation-africaine-pour-discuter-dun-plan-de-paix\\\/#organizationLogo\"},\"sameAs\":[\"https:\\\/\\\/www.facebook.com\\\/azzedine.lasentinelle.1\"]},{\"@type\":\"Person\",\"@id\":\"https:\\\/\\\/lasentinelle.dz\\\/author\\\/redaction\\\/#author\",\"url\":\"https:\\\/\\\/lasentinelle.dz\\\/author\\\/redaction\\\/\",\"name\":\"La Sentinelle\",\"image\":{\"@type\":\"ImageObject\",\"@id\":\"https:\\\/\\\/lasentinelle.dz\\\/index.php\\\/2023\\\/05\\\/16\\\/guerre-en-ukraine-kyiv-et-moscou-prets-a-rencontrer-une-delegation-africaine-pour-discuter-dun-plan-de-paix\\\/#authorImage\",\"url\":\"https:\\\/\\\/secure.gravatar.com\\\/avatar\\\/57de8e5d4b15d43fb361a71fbb36338450fe67865b528a43dd10ef7c51a20392?s=96&d=mm&r=g\",\"width\":96,\"height\":96,\"caption\":\"La Sentinelle\"}},{\"@type\":\"WebPage\",\"@id\":\"https:\\\/\\\/lasentinelle.dz\\\/index.php\\\/2023\\\/05\\\/16\\\/guerre-en-ukraine-kyiv-et-moscou-prets-a-rencontrer-une-delegation-africaine-pour-discuter-dun-plan-de-paix\\\/#webpage\",\"url\":\"https:\\\/\\\/lasentinelle.dz\\\/index.php\\\/2023\\\/05\\\/16\\\/guerre-en-ukraine-kyiv-et-moscou-prets-a-rencontrer-une-delegation-africaine-pour-discuter-dun-plan-de-paix\\\/\",\"name\":\"Guerre en Ukraine : Kyiv et Moscou pr\\u00eats \\u00e0 rencontrer une d\\u00e9l\\u00e9gation africaine pour discuter d\\u2019un plan de paix - La Sentinelle\",\"description\":\"Le pr\\u00e9sident sud-africain, Cyril Ramaphosa, a affirm\\u00e9 mardi que le pr\\u00e9sident russe, Vladimir Poutine, et son homologue ukrainien, Volodimir Zelensky, avaient accept\\u00e9 de rencontrer une d\\u00e9l\\u00e9gation de dirigeants africains en vue de discuter d'un plan de paix potentiel pour mettre fin au conflit. \\\"Mes discussions avec les deux dirigeants ont montr\\u00e9 qu'ils \\u00e9taient pr\\u00eats \\u00e0\",\"inLanguage\":\"fr-FR\",\"isPartOf\":{\"@id\":\"https:\\\/\\\/lasentinelle.dz\\\/#website\"},\"breadcrumb\":{\"@id\":\"https:\\\/\\\/lasentinelle.dz\\\/index.php\\\/2023\\\/05\\\/16\\\/guerre-en-ukraine-kyiv-et-moscou-prets-a-rencontrer-une-delegation-africaine-pour-discuter-dun-plan-de-paix\\\/#breadcrumblist\"},\"author\":{\"@id\":\"https:\\\/\\\/lasentinelle.dz\\\/author\\\/redaction\\\/#author\"},\"creator\":{\"@id\":\"https:\\\/\\\/lasentinelle.dz\\\/author\\\/redaction\\\/#author\"},\"image\":{\"@type\":\"ImageObject\",\"url\":\"https:\\\/\\\/lasentinelle.dz\\\/wp-content\\\/uploads\\\/2023\\\/05\\\/image_2023-05-16_155651140.png\",\"@id\":\"https:\\\/\\\/lasentinelle.dz\\\/index.php\\\/2023\\\/05\\\/16\\\/guerre-en-ukraine-kyiv-et-moscou-prets-a-rencontrer-une-delegation-africaine-pour-discuter-dun-plan-de-paix\\\/#mainImage\",\"width\":885,\"height\":500},\"primaryImageOfPage\":{\"@id\":\"https:\\\/\\\/lasentinelle.dz\\\/index.php\\\/2023\\\/05\\\/16\\\/guerre-en-ukraine-kyiv-et-moscou-prets-a-rencontrer-une-delegation-africaine-pour-discuter-dun-plan-de-paix\\\/#mainImage\"},\"datePublished\":\"2023-05-16T22:00:00+01:00\",\"dateModified\":\"2023-05-16T15:57:46+01:00\"},{\"@type\":\"WebSite\",\"@id\":\"https:\\\/\\\/lasentinelle.dz\\\/#website\",\"url\":\"https:\\\/\\\/lasentinelle.dz\\\/\",\"name\":\"La Sentinelle\",\"description\":\"Quotidien national d'information\",\"inLanguage\":\"fr-FR\",\"publisher\":{\"@id\":\"https:\\\/\\\/lasentinelle.dz\\\/#organization\"}}]}\n\t\t<\/script>\n\t\t<!-- All in One SEO -->\n\n","aioseo_head_json":{"title":"Guerre en Ukraine : Kyiv et Moscou pr\u00eats \u00e0 rencontrer une d\u00e9l\u00e9gation africaine pour discuter d\u2019un plan de paix - La Sentinelle","description":"Le pr\u00e9sident sud-africain, Cyril Ramaphosa, a affirm\u00e9 mardi que le pr\u00e9sident russe, Vladimir Poutine, et son homologue ukrainien, Volodimir Zelensky, avaient accept\u00e9 de rencontrer une d\u00e9l\u00e9gation de dirigeants africains en vue de discuter d'un plan de paix potentiel pour mettre fin au conflit. \"Mes discussions avec les deux dirigeants ont montr\u00e9 qu'ils \u00e9taient pr\u00eats \u00e0","canonical_url":"https:\/\/lasentinelle.dz\/index.php\/2023\/05\/16\/guerre-en-ukraine-kyiv-et-moscou-prets-a-rencontrer-une-delegation-africaine-pour-discuter-dun-plan-de-paix\/","robots":"max-image-preview:large","keywords":"","webmasterTools":{"miscellaneous":""},"schema":{"@context":"https:\/\/schema.org","@graph":[{"@type":"BlogPosting","@id":"https:\/\/lasentinelle.dz\/index.php\/2023\/05\/16\/guerre-en-ukraine-kyiv-et-moscou-prets-a-rencontrer-une-delegation-africaine-pour-discuter-dun-plan-de-paix\/#blogposting","name":"Guerre en Ukraine : Kyiv et Moscou pr\u00eats \u00e0 rencontrer une d\u00e9l\u00e9gation africaine pour discuter d\u2019un plan de paix - La Sentinelle","headline":"Guerre en Ukraine\u00a0: Kyiv et Moscou pr\u00eats \u00e0 rencontrer une d\u00e9l\u00e9gation africaine pour discuter d&rsquo;un plan de paix","author":{"@id":"https:\/\/lasentinelle.dz\/author\/redaction\/#author"},"publisher":{"@id":"https:\/\/lasentinelle.dz\/#organization"},"image":{"@type":"ImageObject","url":"https:\/\/lasentinelle.dz\/wp-content\/uploads\/2023\/05\/image_2023-05-16_155651140.png","width":885,"height":500},"datePublished":"2023-05-16T22:00:00+01:00","dateModified":"2023-05-16T15:57:46+01:00","inLanguage":"fr-FR","mainEntityOfPage":{"@id":"https:\/\/lasentinelle.dz\/index.php\/2023\/05\/16\/guerre-en-ukraine-kyiv-et-moscou-prets-a-rencontrer-une-delegation-africaine-pour-discuter-dun-plan-de-paix\/#webpage"},"isPartOf":{"@id":"https:\/\/lasentinelle.dz\/index.php\/2023\/05\/16\/guerre-en-ukraine-kyiv-et-moscou-prets-a-rencontrer-une-delegation-africaine-pour-discuter-dun-plan-de-paix\/#webpage"},"articleSection":"Monde"},{"@type":"BreadcrumbList","@id":"https:\/\/lasentinelle.dz\/index.php\/2023\/05\/16\/guerre-en-ukraine-kyiv-et-moscou-prets-a-rencontrer-une-delegation-africaine-pour-discuter-dun-plan-de-paix\/#breadcrumblist","itemListElement":[{"@type":"ListItem","@id":"https:\/\/lasentinelle.dz#listItem","position":1,"name":"Home","item":"https:\/\/lasentinelle.dz","nextItem":{"@type":"ListItem","@id":"https:\/\/lasentinelle.dz\/index.php\/category\/monde\/#listItem","name":"Monde"}},{"@type":"ListItem","@id":"https:\/\/lasentinelle.dz\/index.php\/category\/monde\/#listItem","position":2,"name":"Monde","item":"https:\/\/lasentinelle.dz\/index.php\/category\/monde\/","nextItem":{"@type":"ListItem","@id":"https:\/\/lasentinelle.dz\/index.php\/2023\/05\/16\/guerre-en-ukraine-kyiv-et-moscou-prets-a-rencontrer-une-delegation-africaine-pour-discuter-dun-plan-de-paix\/#listItem","name":"Guerre en Ukraine\u00a0: Kyiv et Moscou pr\u00eats \u00e0 rencontrer une d\u00e9l\u00e9gation africaine pour discuter d&rsquo;un plan de paix"},"previousItem":{"@type":"ListItem","@id":"https:\/\/lasentinelle.dz#listItem","name":"Home"}},{"@type":"ListItem","@id":"https:\/\/lasentinelle.dz\/index.php\/2023\/05\/16\/guerre-en-ukraine-kyiv-et-moscou-prets-a-rencontrer-une-delegation-africaine-pour-discuter-dun-plan-de-paix\/#listItem","position":3,"name":"Guerre en Ukraine\u00a0: Kyiv et Moscou pr\u00eats \u00e0 rencontrer une d\u00e9l\u00e9gation africaine pour discuter d&rsquo;un plan de paix","previousItem":{"@type":"ListItem","@id":"https:\/\/lasentinelle.dz\/index.php\/category\/monde\/#listItem","name":"Monde"}}]},{"@type":"Organization","@id":"https:\/\/lasentinelle.dz\/#organization","name":"La Sentinelle La Sentinelle","description":"Quotidien national d'information","url":"https:\/\/lasentinelle.dz\/","logo":{"@type":"ImageObject","url":"https:\/\/lasentinelle.dz\/wp-content\/uploads\/2021\/09\/cropped-la-sentinelle-earth-golden-anima-5.gif","@id":"https:\/\/lasentinelle.dz\/index.php\/2023\/05\/16\/guerre-en-ukraine-kyiv-et-moscou-prets-a-rencontrer-une-delegation-africaine-pour-discuter-dun-plan-de-paix\/#organizationLogo","width":450,"height":213},"image":{"@id":"https:\/\/lasentinelle.dz\/index.php\/2023\/05\/16\/guerre-en-ukraine-kyiv-et-moscou-prets-a-rencontrer-une-delegation-africaine-pour-discuter-dun-plan-de-paix\/#organizationLogo"},"sameAs":["https:\/\/www.facebook.com\/azzedine.lasentinelle.1"]},{"@type":"Person","@id":"https:\/\/lasentinelle.dz\/author\/redaction\/#author","url":"https:\/\/lasentinelle.dz\/author\/redaction\/","name":"La Sentinelle","image":{"@type":"ImageObject","@id":"https:\/\/lasentinelle.dz\/index.php\/2023\/05\/16\/guerre-en-ukraine-kyiv-et-moscou-prets-a-rencontrer-une-delegation-africaine-pour-discuter-dun-plan-de-paix\/#authorImage","url":"https:\/\/secure.gravatar.com\/avatar\/57de8e5d4b15d43fb361a71fbb36338450fe67865b528a43dd10ef7c51a20392?s=96&d=mm&r=g","width":96,"height":96,"caption":"La Sentinelle"}},{"@type":"WebPage","@id":"https:\/\/lasentinelle.dz\/index.php\/2023\/05\/16\/guerre-en-ukraine-kyiv-et-moscou-prets-a-rencontrer-une-delegation-africaine-pour-discuter-dun-plan-de-paix\/#webpage","url":"https:\/\/lasentinelle.dz\/index.php\/2023\/05\/16\/guerre-en-ukraine-kyiv-et-moscou-prets-a-rencontrer-une-delegation-africaine-pour-discuter-dun-plan-de-paix\/","name":"Guerre en Ukraine : Kyiv et Moscou pr\u00eats \u00e0 rencontrer une d\u00e9l\u00e9gation africaine pour discuter d\u2019un plan de paix - La Sentinelle","description":"Le pr\u00e9sident sud-africain, Cyril Ramaphosa, a affirm\u00e9 mardi que le pr\u00e9sident russe, Vladimir Poutine, et son homologue ukrainien, Volodimir Zelensky, avaient accept\u00e9 de rencontrer une d\u00e9l\u00e9gation de dirigeants africains en vue de discuter d'un plan de paix potentiel pour mettre fin au conflit. \"Mes discussions avec les deux dirigeants ont montr\u00e9 qu'ils \u00e9taient pr\u00eats \u00e0","inLanguage":"fr-FR","isPartOf":{"@id":"https:\/\/lasentinelle.dz\/#website"},"breadcrumb":{"@id":"https:\/\/lasentinelle.dz\/index.php\/2023\/05\/16\/guerre-en-ukraine-kyiv-et-moscou-prets-a-rencontrer-une-delegation-africaine-pour-discuter-dun-plan-de-paix\/#breadcrumblist"},"author":{"@id":"https:\/\/lasentinelle.dz\/author\/redaction\/#author"},"creator":{"@id":"https:\/\/lasentinelle.dz\/author\/redaction\/#author"},"image":{"@type":"ImageObject","url":"https:\/\/lasentinelle.dz\/wp-content\/uploads\/2023\/05\/image_2023-05-16_155651140.png","@id":"https:\/\/lasentinelle.dz\/index.php\/2023\/05\/16\/guerre-en-ukraine-kyiv-et-moscou-prets-a-rencontrer-une-delegation-africaine-pour-discuter-dun-plan-de-paix\/#mainImage","width":885,"height":500},"primaryImageOfPage":{"@id":"https:\/\/lasentinelle.dz\/index.php\/2023\/05\/16\/guerre-en-ukraine-kyiv-et-moscou-prets-a-rencontrer-une-delegation-africaine-pour-discuter-dun-plan-de-paix\/#mainImage"},"datePublished":"2023-05-16T22:00:00+01:00","dateModified":"2023-05-16T15:57:46+01:00"},{"@type":"WebSite","@id":"https:\/\/lasentinelle.dz\/#website","url":"https:\/\/lasentinelle.dz\/","name":"La Sentinelle","description":"Quotidien national d'information","inLanguage":"fr-FR","publisher":{"@id":"https:\/\/lasentinelle.dz\/#organization"}}]},"og:locale":"fr_FR","og:site_name":"La Sentinelle - Quotidien national d'information","og:type":"article","og:title":"Guerre en Ukraine : Kyiv et Moscou pr\u00eats \u00e0 rencontrer une d\u00e9l\u00e9gation africaine pour discuter d\u2019un plan de paix - La Sentinelle","og:description":"Le pr\u00e9sident sud-africain, Cyril Ramaphosa, a affirm\u00e9 mardi que le pr\u00e9sident russe, Vladimir Poutine, et son homologue ukrainien, Volodimir Zelensky, avaient accept\u00e9 de rencontrer une d\u00e9l\u00e9gation de dirigeants africains en vue de discuter d'un plan de paix potentiel pour mettre fin au conflit. &quot;Mes discussions avec les deux dirigeants ont montr\u00e9 qu'ils \u00e9taient pr\u00eats \u00e0","og:url":"https:\/\/lasentinelle.dz\/index.php\/2023\/05\/16\/guerre-en-ukraine-kyiv-et-moscou-prets-a-rencontrer-une-delegation-africaine-pour-discuter-dun-plan-de-paix\/","og:image":"https:\/\/lasentinelle.dz\/wp-content\/uploads\/2021\/09\/cropped-la-sentinelle-earth-golden-anima-5.gif","og:image:secure_url":"https:\/\/lasentinelle.dz\/wp-content\/uploads\/2021\/09\/cropped-la-sentinelle-earth-golden-anima-5.gif","og:image:width":450,"og:image:height":213,"article:published_time":"2023-05-16T21:00:00+00:00","article:modified_time":"2023-05-16T14:57:46+00:00","article:publisher":"https:\/\/www.facebook.com\/azzedine.lasentinelle.1","twitter:card":"summary_large_image","twitter:title":"Guerre en Ukraine : Kyiv et Moscou pr\u00eats \u00e0 rencontrer une d\u00e9l\u00e9gation africaine pour discuter d\u2019un plan de paix - La Sentinelle","twitter:description":"Le pr\u00e9sident sud-africain, Cyril Ramaphosa, a affirm\u00e9 mardi que le pr\u00e9sident russe, Vladimir Poutine, et son homologue ukrainien, Volodimir Zelensky, avaient accept\u00e9 de rencontrer une d\u00e9l\u00e9gation de dirigeants africains en vue de discuter d'un plan de paix potentiel pour mettre fin au conflit. &quot;Mes discussions avec les deux dirigeants ont montr\u00e9 qu'ils \u00e9taient pr\u00eats \u00e0","twitter:image":"https:\/\/lasentinelle.dz\/wp-content\/uploads\/2021\/09\/cropped-la-sentinelle-earth-golden-anima-5.gif"},"aioseo_meta_data":{"post_id":"41127","title":null,"description":null,"keywords":null,"keyphrases":null,"primary_term":null,"canonical_url":null,"og_title":null,"og_description":null,"og_object_type":"default","og_image_type":"default","og_image_url":null,"og_image_width":null,"og_image_height":null,"og_image_custom_url":null,"og_image_custom_fields":null,"og_video":null,"og_custom_url":null,"og_article_section":null,"og_article_tags":null,"twitter_use_og":false,"twitter_card":"default","twitter_image_type":"default","twitter_image_url":null,"twitter_image_custom_url":null,"twitter_image_custom_fields":null,"twitter_title":null,"twitter_description":null,"schema":{"blockGraphs":[],"customGraphs":[],"default":{"data":{"Article":[],"Course":[],"Dataset":[],"FAQPage":[],"Movie":[],"Person":[],"Product":[],"ProductReview":[],"Car":[],"Recipe":[],"Service":[],"SoftwareApplication":[],"WebPage":[]},"graphName":"","isEnabled":true},"graphs":[]},"schema_type":"default","schema_type_options":null,"pillar_content":false,"robots_default":true,"robots_noindex":false,"robots_noarchive":false,"robots_nosnippet":false,"robots_nofollow":false,"robots_noimageindex":false,"robots_noodp":false,"robots_notranslate":false,"robots_max_snippet":null,"robots_max_videopreview":null,"robots_max_imagepreview":"large","priority":null,"frequency":null,"local_seo":null,"breadcrumb_settings":null,"limit_modified_date":false,"ai":null,"created":"2026-05-02 04:10:05","updated":"2026-05-02 04:10:05","focus_keyword":null,"additional_keywords":null,"truseo_locale":null,"seo_analyzer_scan_date":null},"aioseo_breadcrumb":"<div class=\"aioseo-breadcrumbs\"><span class=\"aioseo-breadcrumb\">\n\t\t\t<a href=\"https:\/\/lasentinelle.dz\" title=\"Home\">Home<\/a>\n\t\t<\/span><span class=\"aioseo-breadcrumb-separator\">&raquo;<\/span><span class=\"aioseo-breadcrumb\">\n\t\t\t<a href=\"https:\/\/lasentinelle.dz\/index.php\/category\/monde\/\" title=\"Monde\">Monde<\/a>\n\t\t<\/span><span class=\"aioseo-breadcrumb-separator\">&raquo;<\/span><span class=\"aioseo-breadcrumb\">\n\t\t\tGuerre en Ukraine : Kyiv et Moscou pr\u00eats \u00e0 rencontrer une d\u00e9l\u00e9gation africaine pour discuter d\u2019un plan de paix\n\t\t<\/span><\/div>","aioseo_breadcrumb_json":[{"label":"Home","link":"https:\/\/lasentinelle.dz"},{"label":"Monde","link":"https:\/\/lasentinelle.dz\/index.php\/category\/monde\/"},{"label":"Guerre en Ukraine\u00a0: Kyiv et Moscou pr\u00eats \u00e0 rencontrer une d\u00e9l\u00e9gation africaine pour discuter d&rsquo;un plan de paix","link":"https:\/\/lasentinelle.dz\/index.php\/2023\/05\/16\/guerre-en-ukraine-kyiv-et-moscou-prets-a-rencontrer-une-delegation-africaine-pour-discuter-dun-plan-de-paix\/"}],"yoast_head":"<!-- This site is optimized with the Yoast SEO plugin v28.4 - https:\/\/yoast.com\/product\/yoast-seo-wordpress\/ -->\n<title>Guerre en Ukraine\u00a0: Kyiv et Moscou pr\u00eats \u00e0 rencontrer une d\u00e9l\u00e9gation africaine pour discuter d&rsquo;un plan de paix - La Sentinelle<\/title>\n<meta name=\"robots\" content=\"index, follow, max-snippet:-1, max-image-preview:large, max-video-preview:-1\" \/>\n<link rel=\"canonical\" href=\"https:\/\/lasentinelle.dz\/index.php\/2023\/05\/16\/guerre-en-ukraine-kyiv-et-moscou-prets-a-rencontrer-une-delegation-africaine-pour-discuter-dun-plan-de-paix\/\" \/>\n<meta property=\"og:locale\" content=\"fr_FR\" \/>\n<meta property=\"og:type\" content=\"article\" \/>\n<meta property=\"og:title\" content=\"Guerre en Ukraine\u00a0: Kyiv et Moscou pr\u00eats \u00e0 rencontrer une d\u00e9l\u00e9gation africaine pour discuter d&rsquo;un plan de paix - La Sentinelle\" \/>\n<meta property=\"og:description\" content=\"Le pr\u00e9sident sud-africain, Cyril Ramaphosa, a affirm\u00e9 mardi que le pr\u00e9sident russe, Vladimir Poutine, et son homologue ukrainien, Volodimir Zelensky,\" \/>\n<meta property=\"og:url\" content=\"https:\/\/lasentinelle.dz\/index.php\/2023\/05\/16\/guerre-en-ukraine-kyiv-et-moscou-prets-a-rencontrer-une-delegation-africaine-pour-discuter-dun-plan-de-paix\/\" \/>\n<meta property=\"og:site_name\" content=\"La Sentinelle\" \/>\n<meta property=\"article:publisher\" content=\"https:\/\/www.facebook.com\/La-Sentinelle-104059864394773\" \/>\n<meta property=\"article:published_time\" content=\"2023-05-16T21:00:00+00:00\" \/>\n<meta property=\"og:image\" content=\"https:\/\/lasentinelle.dz\/wp-content\/uploads\/2023\/05\/image_2023-05-16_155651140.png\" \/>\n\t<meta property=\"og:image:width\" content=\"885\" \/>\n\t<meta property=\"og:image:height\" content=\"500\" \/>\n\t<meta property=\"og:image:type\" content=\"image\/png\" \/>\n<meta name=\"author\" content=\"La Sentinelle\" \/>\n<meta name=\"twitter:card\" content=\"summary_large_image\" \/>\n<meta name=\"twitter:label1\" content=\"\u00c9crit par\" \/>\n\t<meta name=\"twitter:data1\" content=\"La Sentinelle\" \/>\n\t<meta name=\"twitter:label2\" content=\"Dur\u00e9e de lecture estim\u00e9e\" \/>\n\t<meta name=\"twitter:data2\" content=\"1 minute\" \/>\n<script type=\"application\/ld+json\" class=\"yoast-schema-graph\">{\"@context\":\"https:\\\/\\\/schema.org\",\"@graph\":[{\"@type\":\"Article\",\"@id\":\"https:\\\/\\\/lasentinelle.dz\\\/index.php\\\/2023\\\/05\\\/16\\\/guerre-en-ukraine-kyiv-et-moscou-prets-a-rencontrer-une-delegation-africaine-pour-discuter-dun-plan-de-paix\\\/#article\",\"isPartOf\":{\"@id\":\"https:\\\/\\\/lasentinelle.dz\\\/index.php\\\/2023\\\/05\\\/16\\\/guerre-en-ukraine-kyiv-et-moscou-prets-a-rencontrer-une-delegation-africaine-pour-discuter-dun-plan-de-paix\\\/\"},\"author\":{\"name\":\"La Sentinelle\",\"@id\":\"https:\\\/\\\/lasentinelle.dz\\\/#\\\/schema\\\/person\\\/d865044e22e70a75174ce8bcad3acfb3\"},\"headline\":\"Guerre en Ukraine\u00a0: Kyiv et Moscou pr\u00eats \u00e0 rencontrer une d\u00e9l\u00e9gation africaine pour discuter d&rsquo;un plan de paix\",\"datePublished\":\"2023-05-16T21:00:00+00:00\",\"mainEntityOfPage\":{\"@id\":\"https:\\\/\\\/lasentinelle.dz\\\/index.php\\\/2023\\\/05\\\/16\\\/guerre-en-ukraine-kyiv-et-moscou-prets-a-rencontrer-une-delegation-africaine-pour-discuter-dun-plan-de-paix\\\/\"},\"wordCount\":211,\"commentCount\":0,\"publisher\":{\"@id\":\"https:\\\/\\\/lasentinelle.dz\\\/#organization\"},\"image\":{\"@id\":\"https:\\\/\\\/lasentinelle.dz\\\/index.php\\\/2023\\\/05\\\/16\\\/guerre-en-ukraine-kyiv-et-moscou-prets-a-rencontrer-une-delegation-africaine-pour-discuter-dun-plan-de-paix\\\/#primaryimage\"},\"thumbnailUrl\":\"https:\\\/\\\/lasentinelle.dz\\\/wp-content\\\/uploads\\\/2023\\\/05\\\/image_2023-05-16_155651140.png\",\"articleSection\":[\"Monde\"],\"inLanguage\":\"fr-FR\",\"potentialAction\":[{\"@type\":\"CommentAction\",\"name\":\"Comment\",\"target\":[\"https:\\\/\\\/lasentinelle.dz\\\/index.php\\\/2023\\\/05\\\/16\\\/guerre-en-ukraine-kyiv-et-moscou-prets-a-rencontrer-une-delegation-africaine-pour-discuter-dun-plan-de-paix\\\/#respond\"]}]},{\"@type\":\"WebPage\",\"@id\":\"https:\\\/\\\/lasentinelle.dz\\\/index.php\\\/2023\\\/05\\\/16\\\/guerre-en-ukraine-kyiv-et-moscou-prets-a-rencontrer-une-delegation-africaine-pour-discuter-dun-plan-de-paix\\\/\",\"url\":\"https:\\\/\\\/lasentinelle.dz\\\/index.php\\\/2023\\\/05\\\/16\\\/guerre-en-ukraine-kyiv-et-moscou-prets-a-rencontrer-une-delegation-africaine-pour-discuter-dun-plan-de-paix\\\/\",\"name\":\"Guerre en Ukraine\u00a0: Kyiv et Moscou pr\u00eats \u00e0 rencontrer une d\u00e9l\u00e9gation africaine pour discuter d&rsquo;un plan de paix - La Sentinelle\",\"isPartOf\":{\"@id\":\"https:\\\/\\\/lasentinelle.dz\\\/#website\"},\"primaryImageOfPage\":{\"@id\":\"https:\\\/\\\/lasentinelle.dz\\\/index.php\\\/2023\\\/05\\\/16\\\/guerre-en-ukraine-kyiv-et-moscou-prets-a-rencontrer-une-delegation-africaine-pour-discuter-dun-plan-de-paix\\\/#primaryimage\"},\"image\":{\"@id\":\"https:\\\/\\\/lasentinelle.dz\\\/index.php\\\/2023\\\/05\\\/16\\\/guerre-en-ukraine-kyiv-et-moscou-prets-a-rencontrer-une-delegation-africaine-pour-discuter-dun-plan-de-paix\\\/#primaryimage\"},\"thumbnailUrl\":\"https:\\\/\\\/lasentinelle.dz\\\/wp-content\\\/uploads\\\/2023\\\/05\\\/image_2023-05-16_155651140.png\",\"datePublished\":\"2023-05-16T21:00:00+00:00\",\"breadcrumb\":{\"@id\":\"https:\\\/\\\/lasentinelle.dz\\\/index.php\\\/2023\\\/05\\\/16\\\/guerre-en-ukraine-kyiv-et-moscou-prets-a-rencontrer-une-delegation-africaine-pour-discuter-dun-plan-de-paix\\\/#breadcrumb\"},\"inLanguage\":\"fr-FR\",\"potentialAction\":[{\"@type\":\"ReadAction\",\"target\":[\"https:\\\/\\\/lasentinelle.dz\\\/index.php\\\/2023\\\/05\\\/16\\\/guerre-en-ukraine-kyiv-et-moscou-prets-a-rencontrer-une-delegation-africaine-pour-discuter-dun-plan-de-paix\\\/\"]}]},{\"@type\":\"ImageObject\",\"inLanguage\":\"fr-FR\",\"@id\":\"https:\\\/\\\/lasentinelle.dz\\\/index.php\\\/2023\\\/05\\\/16\\\/guerre-en-ukraine-kyiv-et-moscou-prets-a-rencontrer-une-delegation-africaine-pour-discuter-dun-plan-de-paix\\\/#primaryimage\",\"url\":\"https:\\\/\\\/lasentinelle.dz\\\/wp-content\\\/uploads\\\/2023\\\/05\\\/image_2023-05-16_155651140.png\",\"contentUrl\":\"https:\\\/\\\/lasentinelle.dz\\\/wp-content\\\/uploads\\\/2023\\\/05\\\/image_2023-05-16_155651140.png\",\"width\":885,\"height\":500},{\"@type\":\"BreadcrumbList\",\"@id\":\"https:\\\/\\\/lasentinelle.dz\\\/index.php\\\/2023\\\/05\\\/16\\\/guerre-en-ukraine-kyiv-et-moscou-prets-a-rencontrer-une-delegation-africaine-pour-discuter-dun-plan-de-paix\\\/#breadcrumb\",\"itemListElement\":[{\"@type\":\"ListItem\",\"position\":1,\"name\":\"Accueil\",\"item\":\"https:\\\/\\\/lasentinelle.dz\\\/\"},{\"@type\":\"ListItem\",\"position\":2,\"name\":\"Guerre en Ukraine\u00a0: Kyiv et Moscou pr\u00eats \u00e0 rencontrer une d\u00e9l\u00e9gation africaine pour discuter d&rsquo;un plan de paix\"}]},{\"@type\":\"WebSite\",\"@id\":\"https:\\\/\\\/lasentinelle.dz\\\/#website\",\"url\":\"https:\\\/\\\/lasentinelle.dz\\\/\",\"name\":\"La Sentinelle\",\"description\":\"Quotidien national d&#039;information\",\"publisher\":{\"@id\":\"https:\\\/\\\/lasentinelle.dz\\\/#organization\"},\"potentialAction\":[{\"@type\":\"SearchAction\",\"target\":{\"@type\":\"EntryPoint\",\"urlTemplate\":\"https:\\\/\\\/lasentinelle.dz\\\/?s={search_term_string}\"},\"query-input\":{\"@type\":\"PropertyValueSpecification\",\"valueRequired\":true,\"valueName\":\"search_term_string\"}}],\"inLanguage\":\"fr-FR\"},{\"@type\":\"Organization\",\"@id\":\"https:\\\/\\\/lasentinelle.dz\\\/#organization\",\"name\":\"Quotidien La Sentinelle\",\"url\":\"https:\\\/\\\/lasentinelle.dz\\\/\",\"logo\":{\"@type\":\"ImageObject\",\"inLanguage\":\"fr-FR\",\"@id\":\"https:\\\/\\\/lasentinelle.dz\\\/#\\\/schema\\\/logo\\\/image\\\/\",\"url\":\"https:\\\/\\\/lasentinelle.dz\\\/wp-content\\\/uploads\\\/2021\\\/09\\\/logo-sentinelleSLOGAN-1.png\",\"contentUrl\":\"https:\\\/\\\/lasentinelle.dz\\\/wp-content\\\/uploads\\\/2021\\\/09\\\/logo-sentinelleSLOGAN-1.png\",\"width\":615,\"height\":142,\"caption\":\"Quotidien La Sentinelle\"},\"image\":{\"@id\":\"https:\\\/\\\/lasentinelle.dz\\\/#\\\/schema\\\/logo\\\/image\\\/\"},\"sameAs\":[\"https:\\\/\\\/www.facebook.com\\\/La-Sentinelle-104059864394773\"]},{\"@type\":\"Person\",\"@id\":\"https:\\\/\\\/lasentinelle.dz\\\/#\\\/schema\\\/person\\\/d865044e22e70a75174ce8bcad3acfb3\",\"name\":\"La Sentinelle\",\"image\":{\"@type\":\"ImageObject\",\"inLanguage\":\"fr-FR\",\"@id\":\"https:\\\/\\\/secure.gravatar.com\\\/avatar\\\/57de8e5d4b15d43fb361a71fbb36338450fe67865b528a43dd10ef7c51a20392?s=96&d=mm&r=g\",\"url\":\"https:\\\/\\\/secure.gravatar.com\\\/avatar\\\/57de8e5d4b15d43fb361a71fbb36338450fe67865b528a43dd10ef7c51a20392?s=96&d=mm&r=g\",\"contentUrl\":\"https:\\\/\\\/secure.gravatar.com\\\/avatar\\\/57de8e5d4b15d43fb361a71fbb36338450fe67865b528a43dd10ef7c51a20392?s=96&d=mm&r=g\",\"caption\":\"La Sentinelle\"},\"sameAs\":[\"http:\\\/\\\/www.lasentinelle.dz\"],\"url\":\"https:\\\/\\\/lasentinelle.dz\\\/author\\\/redaction\\\/\"}]}<\/script>\n<!-- \/ Yoast SEO plugin. -->","yoast_head_json":{"title":"Guerre en Ukraine\u00a0: Kyiv et Moscou pr\u00eats \u00e0 rencontrer une d\u00e9l\u00e9gation africaine pour discuter d&rsquo;un plan de paix - La Sentinelle","robots":{"index":"index","follow":"follow","max-snippet":"max-snippet:-1","max-image-preview":"max-image-preview:large","max-video-preview":"max-video-preview:-1"},"canonical":"https:\/\/lasentinelle.dz\/index.php\/2023\/05\/16\/guerre-en-ukraine-kyiv-et-moscou-prets-a-rencontrer-une-delegation-africaine-pour-discuter-dun-plan-de-paix\/","og_locale":"fr_FR","og_type":"article","og_title":"Guerre en Ukraine\u00a0: Kyiv et Moscou pr\u00eats \u00e0 rencontrer une d\u00e9l\u00e9gation africaine pour discuter d&rsquo;un plan de paix - La Sentinelle","og_description":"Le pr\u00e9sident sud-africain, Cyril Ramaphosa, a affirm\u00e9 mardi que le pr\u00e9sident russe, Vladimir Poutine, et son homologue ukrainien, Volodimir Zelensky,","og_url":"https:\/\/lasentinelle.dz\/index.php\/2023\/05\/16\/guerre-en-ukraine-kyiv-et-moscou-prets-a-rencontrer-une-delegation-africaine-pour-discuter-dun-plan-de-paix\/","og_site_name":"La Sentinelle","article_publisher":"https:\/\/www.facebook.com\/La-Sentinelle-104059864394773","article_published_time":"2023-05-16T21:00:00+00:00","og_image":[{"width":885,"height":500,"url":"https:\/\/lasentinelle.dz\/wp-content\/uploads\/2023\/05\/image_2023-05-16_155651140.png","type":"image\/png"}],"author":"La Sentinelle","twitter_card":"summary_large_image","twitter_misc":{"\u00c9crit par":"La Sentinelle","Dur\u00e9e de lecture estim\u00e9e":"1 minute"},"schema":{"@context":"https:\/\/schema.org","@graph":[{"@type":"Article","@id":"https:\/\/lasentinelle.dz\/index.php\/2023\/05\/16\/guerre-en-ukraine-kyiv-et-moscou-prets-a-rencontrer-une-delegation-africaine-pour-discuter-dun-plan-de-paix\/#article","isPartOf":{"@id":"https:\/\/lasentinelle.dz\/index.php\/2023\/05\/16\/guerre-en-ukraine-kyiv-et-moscou-prets-a-rencontrer-une-delegation-africaine-pour-discuter-dun-plan-de-paix\/"},"author":{"name":"La Sentinelle","@id":"https:\/\/lasentinelle.dz\/#\/schema\/person\/d865044e22e70a75174ce8bcad3acfb3"},"headline":"Guerre en Ukraine\u00a0: Kyiv et Moscou pr\u00eats \u00e0 rencontrer une d\u00e9l\u00e9gation africaine pour discuter d&rsquo;un plan de paix","datePublished":"2023-05-16T21:00:00+00:00","mainEntityOfPage":{"@id":"https:\/\/lasentinelle.dz\/index.php\/2023\/05\/16\/guerre-en-ukraine-kyiv-et-moscou-prets-a-rencontrer-une-delegation-africaine-pour-discuter-dun-plan-de-paix\/"},"wordCount":211,"commentCount":0,"publisher":{"@id":"https:\/\/lasentinelle.dz\/#organization"},"image":{"@id":"https:\/\/lasentinelle.dz\/index.php\/2023\/05\/16\/guerre-en-ukraine-kyiv-et-moscou-prets-a-rencontrer-une-delegation-africaine-pour-discuter-dun-plan-de-paix\/#primaryimage"},"thumbnailUrl":"https:\/\/lasentinelle.dz\/wp-content\/uploads\/2023\/05\/image_2023-05-16_155651140.png","articleSection":["Monde"],"inLanguage":"fr-FR","potentialAction":[{"@type":"CommentAction","name":"Comment","target":["https:\/\/lasentinelle.dz\/index.php\/2023\/05\/16\/guerre-en-ukraine-kyiv-et-moscou-prets-a-rencontrer-une-delegation-africaine-pour-discuter-dun-plan-de-paix\/#respond"]}]},{"@type":"WebPage","@id":"https:\/\/lasentinelle.dz\/index.php\/2023\/05\/16\/guerre-en-ukraine-kyiv-et-moscou-prets-a-rencontrer-une-delegation-africaine-pour-discuter-dun-plan-de-paix\/","url":"https:\/\/lasentinelle.dz\/index.php\/2023\/05\/16\/guerre-en-ukraine-kyiv-et-moscou-prets-a-rencontrer-une-delegation-africaine-pour-discuter-dun-plan-de-paix\/","name":"Guerre en Ukraine\u00a0: Kyiv et Moscou pr\u00eats \u00e0 rencontrer une d\u00e9l\u00e9gation africaine pour discuter d&rsquo;un plan de paix - La Sentinelle","isPartOf":{"@id":"https:\/\/lasentinelle.dz\/#website"},"primaryImageOfPage":{"@id":"https:\/\/lasentinelle.dz\/index.php\/2023\/05\/16\/guerre-en-ukraine-kyiv-et-moscou-prets-a-rencontrer-une-delegation-africaine-pour-discuter-dun-plan-de-paix\/#primaryimage"},"image":{"@id":"https:\/\/lasentinelle.dz\/index.php\/2023\/05\/16\/guerre-en-ukraine-kyiv-et-moscou-prets-a-rencontrer-une-delegation-africaine-pour-discuter-dun-plan-de-paix\/#primaryimage"},"thumbnailUrl":"https:\/\/lasentinelle.dz\/wp-content\/uploads\/2023\/05\/image_2023-05-16_155651140.png","datePublished":"2023-05-16T21:00:00+00:00","breadcrumb":{"@id":"https:\/\/lasentinelle.dz\/index.php\/2023\/05\/16\/guerre-en-ukraine-kyiv-et-moscou-prets-a-rencontrer-une-delegation-africaine-pour-discuter-dun-plan-de-paix\/#breadcrumb"},"inLanguage":"fr-FR","potentialAction":[{"@type":"ReadAction","target":["https:\/\/lasentinelle.dz\/index.php\/2023\/05\/16\/guerre-en-ukraine-kyiv-et-moscou-prets-a-rencontrer-une-delegation-africaine-pour-discuter-dun-plan-de-paix\/"]}]},{"@type":"ImageObject","inLanguage":"fr-FR","@id":"https:\/\/lasentinelle.dz\/index.php\/2023\/05\/16\/guerre-en-ukraine-kyiv-et-moscou-prets-a-rencontrer-une-delegation-africaine-pour-discuter-dun-plan-de-paix\/#primaryimage","url":"https:\/\/lasentinelle.dz\/wp-content\/uploads\/2023\/05\/image_2023-05-16_155651140.png","contentUrl":"https:\/\/lasentinelle.dz\/wp-content\/uploads\/2023\/05\/image_2023-05-16_155651140.png","width":885,"height":500},{"@type":"BreadcrumbList","@id":"https:\/\/lasentinelle.dz\/index.php\/2023\/05\/16\/guerre-en-ukraine-kyiv-et-moscou-prets-a-rencontrer-une-delegation-africaine-pour-discuter-dun-plan-de-paix\/#breadcrumb","itemListElement":[{"@type":"ListItem","position":1,"name":"Accueil","item":"https:\/\/lasentinelle.dz\/"},{"@type":"ListItem","position":2,"name":"Guerre en Ukraine\u00a0: Kyiv et Moscou pr\u00eats \u00e0 rencontrer une d\u00e9l\u00e9gation africaine pour discuter d&rsquo;un plan de paix"}]},{"@type":"WebSite","@id":"https:\/\/lasentinelle.dz\/#website","url":"https:\/\/lasentinelle.dz\/","name":"La Sentinelle","description":"Quotidien national d&#039;information","publisher":{"@id":"https:\/\/lasentinelle.dz\/#organization"},"potentialAction":[{"@type":"SearchAction","target":{"@type":"EntryPoint","urlTemplate":"https:\/\/lasentinelle.dz\/?s={search_term_string}"},"query-input":{"@type":"PropertyValueSpecification","valueRequired":true,"valueName":"search_term_string"}}],"inLanguage":"fr-FR"},{"@type":"Organization","@id":"https:\/\/lasentinelle.dz\/#organization","name":"Quotidien La Sentinelle","url":"https:\/\/lasentinelle.dz\/","logo":{"@type":"ImageObject","inLanguage":"fr-FR","@id":"https:\/\/lasentinelle.dz\/#\/schema\/logo\/image\/","url":"https:\/\/lasentinelle.dz\/wp-content\/uploads\/2021\/09\/logo-sentinelleSLOGAN-1.png","contentUrl":"https:\/\/lasentinelle.dz\/wp-content\/uploads\/2021\/09\/logo-sentinelleSLOGAN-1.png","width":615,"height":142,"caption":"Quotidien La Sentinelle"},"image":{"@id":"https:\/\/lasentinelle.dz\/#\/schema\/logo\/image\/"},"sameAs":["https:\/\/www.facebook.com\/La-Sentinelle-104059864394773"]},{"@type":"Person","@id":"https:\/\/lasentinelle.dz\/#\/schema\/person\/d865044e22e70a75174ce8bcad3acfb3","name":"La Sentinelle","image":{"@type":"ImageObject","inLanguage":"fr-FR","@id":"https:\/\/secure.gravatar.com\/avatar\/57de8e5d4b15d43fb361a71fbb36338450fe67865b528a43dd10ef7c51a20392?s=96&d=mm&r=g","url":"https:\/\/secure.gravatar.com\/avatar\/57de8e5d4b15d43fb361a71fbb36338450fe67865b528a43dd10ef7c51a20392?s=96&d=mm&r=g","contentUrl":"https:\/\/secure.gravatar.com\/avatar\/57de8e5d4b15d43fb361a71fbb36338450fe67865b528a43dd10ef7c51a20392?s=96&d=mm&r=g","caption":"La Sentinelle"},"sameAs":["http:\/\/www.lasentinelle.dz"],"url":"https:\/\/lasentinelle.dz\/author\/redaction\/"}]}},"_links":{"self":[{"href":"https:\/\/lasentinelle.dz\/index.php\/wp-json\/wp\/v2\/posts\/41127","targetHints":{"allow":["GET"]}}],"collection":[{"href":"https:\/\/lasentinelle.dz\/index.php\/wp-json\/wp\/v2\/posts"}],"about":[{"href":"https:\/\/lasentinelle.dz\/index.php\/wp-json\/wp\/v2\/types\/post"}],"author":[{"embeddable":true,"href":"https:\/\/lasentinelle.dz\/index.php\/wp-json\/wp\/v2\/users\/3"}],"replies":[{"embeddable":true,"href":"https:\/\/lasentinelle.dz\/index.php\/wp-json\/wp\/v2\/comments?post=41127"}],"version-history":[{"count":1,"href":"https:\/\/lasentinelle.dz\/index.php\/wp-json\/wp\/v2\/posts\/41127\/revisions"}],"predecessor-version":[{"id":41136,"href":"https:\/\/lasentinelle.dz\/index.php\/wp-json\/wp\/v2\/posts\/41127\/revisions\/41136"}],"wp:featuredmedia":[{"embeddable":true,"href":"https:\/\/lasentinelle.dz\/index.php\/wp-json\/wp\/v2\/media\/41135"}],"wp:attachment":[{"href":"https:\/\/lasentinelle.dz\/index.php\/wp-json\/wp\/v2\/media?parent=41127"}],"wp:term":[{"taxonomy":"category","embeddable":true,"href":"https:\/\/lasentinelle.dz\/index.php\/wp-json\/wp\/v2\/categories?post=41127"},{"taxonomy":"post_tag","embeddable":true,"href":"https:\/\/lasentinelle.dz\/index.php\/wp-json\/wp\/v2\/tags?post=41127"}],"curies":[{"name":"wp","href":"https:\/\/api.w.org\/{rel}","templated":true}]}}