{"id":41140,"date":"2023-05-16T22:05:00","date_gmt":"2023-05-16T21:05:00","guid":{"rendered":"https:\/\/lasentinelle.dz\/?p=41140"},"modified":"2023-05-16T16:32:40","modified_gmt":"2023-05-16T15:32:40","slug":"journees-de-la-musique-diwane-a-bechar-la-troupe-gnawa-de-ksar-bakhti-decroche-le-premier-prix","status":"publish","type":"post","link":"https:\/\/lasentinelle.dz\/index.php\/2023\/05\/16\/journees-de-la-musique-diwane-a-bechar-la-troupe-gnawa-de-ksar-bakhti-decroche-le-premier-prix\/","title":{"rendered":"Journ\u00e9es de la musique Diwane \u00e0 Bechar\u00a0: La troupe \u00ab\u00a0Gnawa\u00a0\u00bb de ksar \u00a0\u00bbBakhti\u00a0\u00bb d\u00e9croche le Premier prix"},"content":{"rendered":"\n<p>La troupe \u00ab\u00a0Gnawa\u00a0\u00bb de ksar \u00a0\u00bbBakhti\u00a0\u00bb a remport\u00e9 le Premier prix des Journ\u00e9es de musique et danses Diwane cl\u00f4tur\u00e9es dimanche soir \u00e0 la maison de la culture Kadi-Mohamed de Bechar apr\u00e8s deux jours de spectacles et de comp\u00e9titions.<\/p>\n\n\n\n<p>La troupe \u00ab\u00a0Diwane Ahl Tarh\u00a0\u00bb de Bechar s&rsquo;est hiss\u00e9e \u00e0 la seconde marche du podium, tandis que les troupes \u00ab\u00a0Diwane Saharien\u00a0\u00bb et \u00ab\u00a0Sidi Billal\u00a0\u00bb \u00e9galement de Bechar, ont remport\u00e9 le troisi\u00e8me prix ex-aequo de ces journ\u00e9es artistiques d\u00e9di\u00e9es \u00e0 la musique Diwane dans le cadre de la c\u00e9l\u00e9bration du mois du patrimoine (18 avril -18 mai). Pour les membres du jury de ce rendez-vous culturel, parmi les six troupes participantes en comp\u00e9tition, le choix s\u2019est port\u00e9 sur ces troupes qui ont montr\u00e9 avec dext\u00e9rit\u00e9 leur savoir faire en musique, notamment le jeu de Goumbri, et en chor\u00e9graphies qui refl\u00e8tent les traditions et les rites du Diwane. La c\u00e9r\u00e9monie de cl\u00f4ture de cet \u00e9v\u00e9nement qui s&rsquo;est d\u00e9roul\u00e9 \u00e0 la salle de spectacle de la maison de la culture, a \u00e9t\u00e9 marqu\u00e9e par un hommage rendu \u00e0 de nombreuses vedettes du Diwane de la r\u00e9gion.<\/p>\n\n\n\n<p>Six troupes locales ont particip\u00e9 \u00e0 cette manifestation artistique visant \u00e0 encourager les jeunes musiciens, mais aussi \u00e0 p\u00e9renniser cette expression artistique traditionnelle populaire, ont indiqu\u00e9 les organisateurs. Il s\u2019agit de \u00ab\u00a0Diwane Ahl Tarh\u00a0\u00bb, \u00ab\u00a0Sidi Bilal\u00a0\u00bb, \u00ab\u00a0Diwane de l\u2019association culturelle saharienne\u00a0\u00bb, \u00ab\u00a0Jil El Waha\u00a0\u00bb, \u00ab\u00a0Ahl Diwane\u00a0\u00bb et \u00ab\u00a0Gnawa de Ksar Bakhti\u00a0\u00bb, en comp\u00e9tition pour d\u00e9crocher les trois premiers prix de ces journ\u00e9es d\u00e9di\u00e9es \u00e0 la musique Diwane. Cette manifestation culturelle qui s&rsquo;inscrit dans le cadre de la c\u00e9l\u00e9bration du mois du patrimoine (18 avril-18 mai), et avait pour objectif de permettre au public de renouer avec cet art traditionnel dont la r\u00e9gion de Bechar est l\u2019un des fiefs nationaux, car abritant durant une d\u00e9cennie le festival culturel national de musique Diwane, ont-ils soulign\u00e9. Cette manifestation de deux jours (13 -14 mai) a \u00e9t\u00e9 aussi l\u2019occasion du passage sur sc\u00e8ne en hors comp\u00e9tition du M\u00e2alem Hakem qui a pr\u00e9sent\u00e9 au public l\u2019une des derni\u00e8res cr\u00e9ations de la troupe de la \u00ab\u00a0tar\u00eeqa A\u00efssaouia\u00a0\u00bb et la troupe du \u00ab\u00a0Diwane Sara\u00a0\u00bb qui ont gratifi\u00e9 les spectateurs de leurs musiques et danses sp\u00e9cifiques chacune dans son propre style.<\/p>\n\n\n\n<p>R.C.<\/p>\n","protected":false},"excerpt":{"rendered":"<p>La troupe \u00ab\u00a0Gnawa\u00a0\u00bb de ksar \u00a0\u00bbBakhti\u00a0\u00bb a remport\u00e9 le Premier prix des Journ\u00e9es de musique et danses Diwane cl\u00f4tur\u00e9es dimanche<\/p>\n","protected":false},"author":3,"featured_media":41146,"comment_status":"open","ping_status":"closed","sticky":false,"template":"","format":"standard","meta":{"colormag_page_container_layout":"default_layout","colormag_page_sidebar_layout":"default_layout","om_disable_all_campaigns":false,"_monsterinsights_skip_tracking":false,"_monsterinsights_sitenote_active":false,"_monsterinsights_sitenote_note":"","_monsterinsights_sitenote_category":0,"footnotes":"","_wpscppro_dont_share_socialmedia":false,"_wpscppro_custom_social_share_image":0,"_facebook_share_type":"","_twitter_share_type":"","_linkedin_share_type":"","_pinterest_share_type":"","_linkedin_share_type_page":"","_instagram_share_type":"","_medium_share_type":"","_threads_share_type":"","_google_business_share_type":"","_selected_social_profile":[],"_wpsp_enable_custom_social_template":false,"_wpsp_social_scheduling":{"enabled":false,"datetime":null,"platforms":[],"status":"template_only","dateOption":"today","timeOption":"now","customDays":"","customHours":"","customDate":"","customTime":"","schedulingType":"absolute"},"_wpsp_active_default_template":true},"categories":[36],"tags":[],"class_list":["post-41140","post","type-post","status-publish","format-standard","has-post-thumbnail","hentry","category-culture"],"aioseo_notices":[],"yoast_head":"<!-- This site is optimized with the Yoast SEO plugin v27.5 - https:\/\/yoast.com\/product\/yoast-seo-wordpress\/ -->\n<title>Journ\u00e9es de la musique Diwane \u00e0 Bechar\u00a0: La troupe \u00ab\u00a0Gnawa\u00a0\u00bb de ksar \u00a0\u00bbBakhti\u00a0\u00bb d\u00e9croche le Premier prix - La Sentinelle<\/title>\n<meta name=\"robots\" content=\"index, follow, max-snippet:-1, max-image-preview:large, max-video-preview:-1\" \/>\n<link rel=\"canonical\" href=\"https:\/\/lasentinelle.dz\/index.php\/2023\/05\/16\/journees-de-la-musique-diwane-a-bechar-la-troupe-gnawa-de-ksar-bakhti-decroche-le-premier-prix\/\" \/>\n<meta property=\"og:locale\" content=\"fr_FR\" \/>\n<meta property=\"og:type\" content=\"article\" \/>\n<meta property=\"og:title\" content=\"Journ\u00e9es de la musique Diwane \u00e0 Bechar\u00a0: La troupe \u00ab\u00a0Gnawa\u00a0\u00bb de ksar \u00a0\u00bbBakhti\u00a0\u00bb d\u00e9croche le Premier prix - La Sentinelle\" \/>\n<meta property=\"og:description\" content=\"La troupe \u00ab\u00a0Gnawa\u00a0\u00bb de ksar \u00a0\u00bbBakhti\u00a0\u00bb a remport\u00e9 le Premier prix des Journ\u00e9es de musique et danses Diwane cl\u00f4tur\u00e9es dimanche\" \/>\n<meta property=\"og:url\" content=\"https:\/\/lasentinelle.dz\/index.php\/2023\/05\/16\/journees-de-la-musique-diwane-a-bechar-la-troupe-gnawa-de-ksar-bakhti-decroche-le-premier-prix\/\" \/>\n<meta property=\"og:site_name\" content=\"La Sentinelle\" \/>\n<meta property=\"article:publisher\" content=\"https:\/\/www.facebook.com\/La-Sentinelle-104059864394773\" \/>\n<meta property=\"article:published_time\" content=\"2023-05-16T21:05:00+00:00\" \/>\n<meta property=\"og:image\" content=\"https:\/\/lasentinelle.dz\/wp-content\/uploads\/2023\/05\/image_2023-05-16_163217948.png\" \/>\n\t<meta property=\"og:image:width\" content=\"900\" \/>\n\t<meta property=\"og:image:height\" content=\"675\" \/>\n\t<meta property=\"og:image:type\" content=\"image\/png\" \/>\n<meta name=\"author\" content=\"La Sentinelle\" \/>\n<meta name=\"twitter:card\" content=\"summary_large_image\" \/>\n<meta name=\"twitter:label1\" content=\"\u00c9crit par\" \/>\n\t<meta name=\"twitter:data1\" content=\"La Sentinelle\" \/>\n\t<meta name=\"twitter:label2\" content=\"Dur\u00e9e de lecture estim\u00e9e\" \/>\n\t<meta name=\"twitter:data2\" content=\"2 minutes\" \/>\n<script type=\"application\/ld+json\" class=\"yoast-schema-graph\">{\"@context\":\"https:\\\/\\\/schema.org\",\"@graph\":[{\"@type\":\"Article\",\"@id\":\"https:\\\/\\\/lasentinelle.dz\\\/index.php\\\/2023\\\/05\\\/16\\\/journees-de-la-musique-diwane-a-bechar-la-troupe-gnawa-de-ksar-bakhti-decroche-le-premier-prix\\\/#article\",\"isPartOf\":{\"@id\":\"https:\\\/\\\/lasentinelle.dz\\\/index.php\\\/2023\\\/05\\\/16\\\/journees-de-la-musique-diwane-a-bechar-la-troupe-gnawa-de-ksar-bakhti-decroche-le-premier-prix\\\/\"},\"author\":{\"name\":\"La Sentinelle\",\"@id\":\"https:\\\/\\\/lasentinelle.dz\\\/#\\\/schema\\\/person\\\/d865044e22e70a75174ce8bcad3acfb3\"},\"headline\":\"Journ\u00e9es de la musique Diwane \u00e0 Bechar\u00a0: La troupe \u00ab\u00a0Gnawa\u00a0\u00bb de ksar \u00a0\u00bbBakhti\u00a0\u00bb d\u00e9croche le Premier prix\",\"datePublished\":\"2023-05-16T21:05:00+00:00\",\"mainEntityOfPage\":{\"@id\":\"https:\\\/\\\/lasentinelle.dz\\\/index.php\\\/2023\\\/05\\\/16\\\/journees-de-la-musique-diwane-a-bechar-la-troupe-gnawa-de-ksar-bakhti-decroche-le-premier-prix\\\/\"},\"wordCount\":423,\"commentCount\":0,\"publisher\":{\"@id\":\"https:\\\/\\\/lasentinelle.dz\\\/#organization\"},\"image\":{\"@id\":\"https:\\\/\\\/lasentinelle.dz\\\/index.php\\\/2023\\\/05\\\/16\\\/journees-de-la-musique-diwane-a-bechar-la-troupe-gnawa-de-ksar-bakhti-decroche-le-premier-prix\\\/#primaryimage\"},\"thumbnailUrl\":\"https:\\\/\\\/lasentinelle.dz\\\/wp-content\\\/uploads\\\/2023\\\/05\\\/image_2023-05-16_163217948.png\",\"articleSection\":[\"Culture\"],\"inLanguage\":\"fr-FR\",\"potentialAction\":[{\"@type\":\"CommentAction\",\"name\":\"Comment\",\"target\":[\"https:\\\/\\\/lasentinelle.dz\\\/index.php\\\/2023\\\/05\\\/16\\\/journees-de-la-musique-diwane-a-bechar-la-troupe-gnawa-de-ksar-bakhti-decroche-le-premier-prix\\\/#respond\"]}]},{\"@type\":\"WebPage\",\"@id\":\"https:\\\/\\\/lasentinelle.dz\\\/index.php\\\/2023\\\/05\\\/16\\\/journees-de-la-musique-diwane-a-bechar-la-troupe-gnawa-de-ksar-bakhti-decroche-le-premier-prix\\\/\",\"url\":\"https:\\\/\\\/lasentinelle.dz\\\/index.php\\\/2023\\\/05\\\/16\\\/journees-de-la-musique-diwane-a-bechar-la-troupe-gnawa-de-ksar-bakhti-decroche-le-premier-prix\\\/\",\"name\":\"Journ\u00e9es de la musique Diwane \u00e0 Bechar\u00a0: La troupe \u00ab\u00a0Gnawa\u00a0\u00bb de ksar \u00a0\u00bbBakhti\u00a0\u00bb d\u00e9croche le Premier prix - La Sentinelle\",\"isPartOf\":{\"@id\":\"https:\\\/\\\/lasentinelle.dz\\\/#website\"},\"primaryImageOfPage\":{\"@id\":\"https:\\\/\\\/lasentinelle.dz\\\/index.php\\\/2023\\\/05\\\/16\\\/journees-de-la-musique-diwane-a-bechar-la-troupe-gnawa-de-ksar-bakhti-decroche-le-premier-prix\\\/#primaryimage\"},\"image\":{\"@id\":\"https:\\\/\\\/lasentinelle.dz\\\/index.php\\\/2023\\\/05\\\/16\\\/journees-de-la-musique-diwane-a-bechar-la-troupe-gnawa-de-ksar-bakhti-decroche-le-premier-prix\\\/#primaryimage\"},\"thumbnailUrl\":\"https:\\\/\\\/lasentinelle.dz\\\/wp-content\\\/uploads\\\/2023\\\/05\\\/image_2023-05-16_163217948.png\",\"datePublished\":\"2023-05-16T21:05:00+00:00\",\"breadcrumb\":{\"@id\":\"https:\\\/\\\/lasentinelle.dz\\\/index.php\\\/2023\\\/05\\\/16\\\/journees-de-la-musique-diwane-a-bechar-la-troupe-gnawa-de-ksar-bakhti-decroche-le-premier-prix\\\/#breadcrumb\"},\"inLanguage\":\"fr-FR\",\"potentialAction\":[{\"@type\":\"ReadAction\",\"target\":[\"https:\\\/\\\/lasentinelle.dz\\\/index.php\\\/2023\\\/05\\\/16\\\/journees-de-la-musique-diwane-a-bechar-la-troupe-gnawa-de-ksar-bakhti-decroche-le-premier-prix\\\/\"]}]},{\"@type\":\"ImageObject\",\"inLanguage\":\"fr-FR\",\"@id\":\"https:\\\/\\\/lasentinelle.dz\\\/index.php\\\/2023\\\/05\\\/16\\\/journees-de-la-musique-diwane-a-bechar-la-troupe-gnawa-de-ksar-bakhti-decroche-le-premier-prix\\\/#primaryimage\",\"url\":\"https:\\\/\\\/lasentinelle.dz\\\/wp-content\\\/uploads\\\/2023\\\/05\\\/image_2023-05-16_163217948.png\",\"contentUrl\":\"https:\\\/\\\/lasentinelle.dz\\\/wp-content\\\/uploads\\\/2023\\\/05\\\/image_2023-05-16_163217948.png\",\"width\":900,\"height\":675},{\"@type\":\"BreadcrumbList\",\"@id\":\"https:\\\/\\\/lasentinelle.dz\\\/index.php\\\/2023\\\/05\\\/16\\\/journees-de-la-musique-diwane-a-bechar-la-troupe-gnawa-de-ksar-bakhti-decroche-le-premier-prix\\\/#breadcrumb\",\"itemListElement\":[{\"@type\":\"ListItem\",\"position\":1,\"name\":\"Accueil\",\"item\":\"https:\\\/\\\/lasentinelle.dz\\\/\"},{\"@type\":\"ListItem\",\"position\":2,\"name\":\"Journ\u00e9es de la musique Diwane \u00e0 Bechar\u00a0: La troupe \u00ab\u00a0Gnawa\u00a0\u00bb de ksar \u00a0\u00bbBakhti\u00a0\u00bb d\u00e9croche le Premier prix\"}]},{\"@type\":\"WebSite\",\"@id\":\"https:\\\/\\\/lasentinelle.dz\\\/#website\",\"url\":\"https:\\\/\\\/lasentinelle.dz\\\/\",\"name\":\"La Sentinelle\",\"description\":\"Quotidien national d&#039;information\",\"publisher\":{\"@id\":\"https:\\\/\\\/lasentinelle.dz\\\/#organization\"},\"potentialAction\":[{\"@type\":\"SearchAction\",\"target\":{\"@type\":\"EntryPoint\",\"urlTemplate\":\"https:\\\/\\\/lasentinelle.dz\\\/?s={search_term_string}\"},\"query-input\":{\"@type\":\"PropertyValueSpecification\",\"valueRequired\":true,\"valueName\":\"search_term_string\"}}],\"inLanguage\":\"fr-FR\"},{\"@type\":\"Organization\",\"@id\":\"https:\\\/\\\/lasentinelle.dz\\\/#organization\",\"name\":\"Quotidien La Sentinelle\",\"url\":\"https:\\\/\\\/lasentinelle.dz\\\/\",\"logo\":{\"@type\":\"ImageObject\",\"inLanguage\":\"fr-FR\",\"@id\":\"https:\\\/\\\/lasentinelle.dz\\\/#\\\/schema\\\/logo\\\/image\\\/\",\"url\":\"https:\\\/\\\/lasentinelle.dz\\\/wp-content\\\/uploads\\\/2021\\\/09\\\/logo-sentinelleSLOGAN-1.png\",\"contentUrl\":\"https:\\\/\\\/lasentinelle.dz\\\/wp-content\\\/uploads\\\/2021\\\/09\\\/logo-sentinelleSLOGAN-1.png\",\"width\":615,\"height\":142,\"caption\":\"Quotidien La Sentinelle\"},\"image\":{\"@id\":\"https:\\\/\\\/lasentinelle.dz\\\/#\\\/schema\\\/logo\\\/image\\\/\"},\"sameAs\":[\"https:\\\/\\\/www.facebook.com\\\/La-Sentinelle-104059864394773\"]},{\"@type\":\"Person\",\"@id\":\"https:\\\/\\\/lasentinelle.dz\\\/#\\\/schema\\\/person\\\/d865044e22e70a75174ce8bcad3acfb3\",\"name\":\"La Sentinelle\",\"image\":{\"@type\":\"ImageObject\",\"inLanguage\":\"fr-FR\",\"@id\":\"https:\\\/\\\/secure.gravatar.com\\\/avatar\\\/57de8e5d4b15d43fb361a71fbb36338450fe67865b528a43dd10ef7c51a20392?s=96&d=mm&r=g\",\"url\":\"https:\\\/\\\/secure.gravatar.com\\\/avatar\\\/57de8e5d4b15d43fb361a71fbb36338450fe67865b528a43dd10ef7c51a20392?s=96&d=mm&r=g\",\"contentUrl\":\"https:\\\/\\\/secure.gravatar.com\\\/avatar\\\/57de8e5d4b15d43fb361a71fbb36338450fe67865b528a43dd10ef7c51a20392?s=96&d=mm&r=g\",\"caption\":\"La Sentinelle\"},\"sameAs\":[\"http:\\\/\\\/www.lasentinelle.dz\"],\"url\":\"https:\\\/\\\/lasentinelle.dz\\\/author\\\/redaction\\\/\"}]}<\/script>\n<!-- \/ Yoast SEO plugin. -->","yoast_head_json":{"title":"Journ\u00e9es de la musique Diwane \u00e0 Bechar\u00a0: La troupe \u00ab\u00a0Gnawa\u00a0\u00bb de ksar \u00a0\u00bbBakhti\u00a0\u00bb d\u00e9croche le Premier prix - La Sentinelle","robots":{"index":"index","follow":"follow","max-snippet":"max-snippet:-1","max-image-preview":"max-image-preview:large","max-video-preview":"max-video-preview:-1"},"canonical":"https:\/\/lasentinelle.dz\/index.php\/2023\/05\/16\/journees-de-la-musique-diwane-a-bechar-la-troupe-gnawa-de-ksar-bakhti-decroche-le-premier-prix\/","og_locale":"fr_FR","og_type":"article","og_title":"Journ\u00e9es de la musique Diwane \u00e0 Bechar\u00a0: La troupe \u00ab\u00a0Gnawa\u00a0\u00bb de ksar \u00a0\u00bbBakhti\u00a0\u00bb d\u00e9croche le Premier prix - La Sentinelle","og_description":"La troupe \u00ab\u00a0Gnawa\u00a0\u00bb de ksar \u00a0\u00bbBakhti\u00a0\u00bb a remport\u00e9 le Premier prix des Journ\u00e9es de musique et danses Diwane cl\u00f4tur\u00e9es dimanche","og_url":"https:\/\/lasentinelle.dz\/index.php\/2023\/05\/16\/journees-de-la-musique-diwane-a-bechar-la-troupe-gnawa-de-ksar-bakhti-decroche-le-premier-prix\/","og_site_name":"La Sentinelle","article_publisher":"https:\/\/www.facebook.com\/La-Sentinelle-104059864394773","article_published_time":"2023-05-16T21:05:00+00:00","og_image":[{"width":900,"height":675,"url":"https:\/\/lasentinelle.dz\/wp-content\/uploads\/2023\/05\/image_2023-05-16_163217948.png","type":"image\/png"}],"author":"La Sentinelle","twitter_card":"summary_large_image","twitter_misc":{"\u00c9crit par":"La Sentinelle","Dur\u00e9e de lecture estim\u00e9e":"2 minutes"},"schema":{"@context":"https:\/\/schema.org","@graph":[{"@type":"Article","@id":"https:\/\/lasentinelle.dz\/index.php\/2023\/05\/16\/journees-de-la-musique-diwane-a-bechar-la-troupe-gnawa-de-ksar-bakhti-decroche-le-premier-prix\/#article","isPartOf":{"@id":"https:\/\/lasentinelle.dz\/index.php\/2023\/05\/16\/journees-de-la-musique-diwane-a-bechar-la-troupe-gnawa-de-ksar-bakhti-decroche-le-premier-prix\/"},"author":{"name":"La Sentinelle","@id":"https:\/\/lasentinelle.dz\/#\/schema\/person\/d865044e22e70a75174ce8bcad3acfb3"},"headline":"Journ\u00e9es de la musique Diwane \u00e0 Bechar\u00a0: La troupe \u00ab\u00a0Gnawa\u00a0\u00bb de ksar \u00a0\u00bbBakhti\u00a0\u00bb d\u00e9croche le Premier prix","datePublished":"2023-05-16T21:05:00+00:00","mainEntityOfPage":{"@id":"https:\/\/lasentinelle.dz\/index.php\/2023\/05\/16\/journees-de-la-musique-diwane-a-bechar-la-troupe-gnawa-de-ksar-bakhti-decroche-le-premier-prix\/"},"wordCount":423,"commentCount":0,"publisher":{"@id":"https:\/\/lasentinelle.dz\/#organization"},"image":{"@id":"https:\/\/lasentinelle.dz\/index.php\/2023\/05\/16\/journees-de-la-musique-diwane-a-bechar-la-troupe-gnawa-de-ksar-bakhti-decroche-le-premier-prix\/#primaryimage"},"thumbnailUrl":"https:\/\/lasentinelle.dz\/wp-content\/uploads\/2023\/05\/image_2023-05-16_163217948.png","articleSection":["Culture"],"inLanguage":"fr-FR","potentialAction":[{"@type":"CommentAction","name":"Comment","target":["https:\/\/lasentinelle.dz\/index.php\/2023\/05\/16\/journees-de-la-musique-diwane-a-bechar-la-troupe-gnawa-de-ksar-bakhti-decroche-le-premier-prix\/#respond"]}]},{"@type":"WebPage","@id":"https:\/\/lasentinelle.dz\/index.php\/2023\/05\/16\/journees-de-la-musique-diwane-a-bechar-la-troupe-gnawa-de-ksar-bakhti-decroche-le-premier-prix\/","url":"https:\/\/lasentinelle.dz\/index.php\/2023\/05\/16\/journees-de-la-musique-diwane-a-bechar-la-troupe-gnawa-de-ksar-bakhti-decroche-le-premier-prix\/","name":"Journ\u00e9es de la musique Diwane \u00e0 Bechar\u00a0: La troupe \u00ab\u00a0Gnawa\u00a0\u00bb de ksar \u00a0\u00bbBakhti\u00a0\u00bb d\u00e9croche le Premier prix - La Sentinelle","isPartOf":{"@id":"https:\/\/lasentinelle.dz\/#website"},"primaryImageOfPage":{"@id":"https:\/\/lasentinelle.dz\/index.php\/2023\/05\/16\/journees-de-la-musique-diwane-a-bechar-la-troupe-gnawa-de-ksar-bakhti-decroche-le-premier-prix\/#primaryimage"},"image":{"@id":"https:\/\/lasentinelle.dz\/index.php\/2023\/05\/16\/journees-de-la-musique-diwane-a-bechar-la-troupe-gnawa-de-ksar-bakhti-decroche-le-premier-prix\/#primaryimage"},"thumbnailUrl":"https:\/\/lasentinelle.dz\/wp-content\/uploads\/2023\/05\/image_2023-05-16_163217948.png","datePublished":"2023-05-16T21:05:00+00:00","breadcrumb":{"@id":"https:\/\/lasentinelle.dz\/index.php\/2023\/05\/16\/journees-de-la-musique-diwane-a-bechar-la-troupe-gnawa-de-ksar-bakhti-decroche-le-premier-prix\/#breadcrumb"},"inLanguage":"fr-FR","potentialAction":[{"@type":"ReadAction","target":["https:\/\/lasentinelle.dz\/index.php\/2023\/05\/16\/journees-de-la-musique-diwane-a-bechar-la-troupe-gnawa-de-ksar-bakhti-decroche-le-premier-prix\/"]}]},{"@type":"ImageObject","inLanguage":"fr-FR","@id":"https:\/\/lasentinelle.dz\/index.php\/2023\/05\/16\/journees-de-la-musique-diwane-a-bechar-la-troupe-gnawa-de-ksar-bakhti-decroche-le-premier-prix\/#primaryimage","url":"https:\/\/lasentinelle.dz\/wp-content\/uploads\/2023\/05\/image_2023-05-16_163217948.png","contentUrl":"https:\/\/lasentinelle.dz\/wp-content\/uploads\/2023\/05\/image_2023-05-16_163217948.png","width":900,"height":675},{"@type":"BreadcrumbList","@id":"https:\/\/lasentinelle.dz\/index.php\/2023\/05\/16\/journees-de-la-musique-diwane-a-bechar-la-troupe-gnawa-de-ksar-bakhti-decroche-le-premier-prix\/#breadcrumb","itemListElement":[{"@type":"ListItem","position":1,"name":"Accueil","item":"https:\/\/lasentinelle.dz\/"},{"@type":"ListItem","position":2,"name":"Journ\u00e9es de la musique Diwane \u00e0 Bechar\u00a0: La troupe \u00ab\u00a0Gnawa\u00a0\u00bb de ksar \u00a0\u00bbBakhti\u00a0\u00bb d\u00e9croche le Premier prix"}]},{"@type":"WebSite","@id":"https:\/\/lasentinelle.dz\/#website","url":"https:\/\/lasentinelle.dz\/","name":"La Sentinelle","description":"Quotidien national d&#039;information","publisher":{"@id":"https:\/\/lasentinelle.dz\/#organization"},"potentialAction":[{"@type":"SearchAction","target":{"@type":"EntryPoint","urlTemplate":"https:\/\/lasentinelle.dz\/?s={search_term_string}"},"query-input":{"@type":"PropertyValueSpecification","valueRequired":true,"valueName":"search_term_string"}}],"inLanguage":"fr-FR"},{"@type":"Organization","@id":"https:\/\/lasentinelle.dz\/#organization","name":"Quotidien La Sentinelle","url":"https:\/\/lasentinelle.dz\/","logo":{"@type":"ImageObject","inLanguage":"fr-FR","@id":"https:\/\/lasentinelle.dz\/#\/schema\/logo\/image\/","url":"https:\/\/lasentinelle.dz\/wp-content\/uploads\/2021\/09\/logo-sentinelleSLOGAN-1.png","contentUrl":"https:\/\/lasentinelle.dz\/wp-content\/uploads\/2021\/09\/logo-sentinelleSLOGAN-1.png","width":615,"height":142,"caption":"Quotidien La Sentinelle"},"image":{"@id":"https:\/\/lasentinelle.dz\/#\/schema\/logo\/image\/"},"sameAs":["https:\/\/www.facebook.com\/La-Sentinelle-104059864394773"]},{"@type":"Person","@id":"https:\/\/lasentinelle.dz\/#\/schema\/person\/d865044e22e70a75174ce8bcad3acfb3","name":"La Sentinelle","image":{"@type":"ImageObject","inLanguage":"fr-FR","@id":"https:\/\/secure.gravatar.com\/avatar\/57de8e5d4b15d43fb361a71fbb36338450fe67865b528a43dd10ef7c51a20392?s=96&d=mm&r=g","url":"https:\/\/secure.gravatar.com\/avatar\/57de8e5d4b15d43fb361a71fbb36338450fe67865b528a43dd10ef7c51a20392?s=96&d=mm&r=g","contentUrl":"https:\/\/secure.gravatar.com\/avatar\/57de8e5d4b15d43fb361a71fbb36338450fe67865b528a43dd10ef7c51a20392?s=96&d=mm&r=g","caption":"La Sentinelle"},"sameAs":["http:\/\/www.lasentinelle.dz"],"url":"https:\/\/lasentinelle.dz\/author\/redaction\/"}]}},"_links":{"self":[{"href":"https:\/\/lasentinelle.dz\/index.php\/wp-json\/wp\/v2\/posts\/41140","targetHints":{"allow":["GET"]}}],"collection":[{"href":"https:\/\/lasentinelle.dz\/index.php\/wp-json\/wp\/v2\/posts"}],"about":[{"href":"https:\/\/lasentinelle.dz\/index.php\/wp-json\/wp\/v2\/types\/post"}],"author":[{"embeddable":true,"href":"https:\/\/lasentinelle.dz\/index.php\/wp-json\/wp\/v2\/users\/3"}],"replies":[{"embeddable":true,"href":"https:\/\/lasentinelle.dz\/index.php\/wp-json\/wp\/v2\/comments?post=41140"}],"version-history":[{"count":1,"href":"https:\/\/lasentinelle.dz\/index.php\/wp-json\/wp\/v2\/posts\/41140\/revisions"}],"predecessor-version":[{"id":41147,"href":"https:\/\/lasentinelle.dz\/index.php\/wp-json\/wp\/v2\/posts\/41140\/revisions\/41147"}],"wp:featuredmedia":[{"embeddable":true,"href":"https:\/\/lasentinelle.dz\/index.php\/wp-json\/wp\/v2\/media\/41146"}],"wp:attachment":[{"href":"https:\/\/lasentinelle.dz\/index.php\/wp-json\/wp\/v2\/media?parent=41140"}],"wp:term":[{"taxonomy":"category","embeddable":true,"href":"https:\/\/lasentinelle.dz\/index.php\/wp-json\/wp\/v2\/categories?post=41140"},{"taxonomy":"post_tag","embeddable":true,"href":"https:\/\/lasentinelle.dz\/index.php\/wp-json\/wp\/v2\/tags?post=41140"}],"curies":[{"name":"wp","href":"https:\/\/api.w.org\/{rel}","templated":true}]}}