{"id":41142,"date":"2023-05-16T22:05:00","date_gmt":"2023-05-16T21:05:00","guid":{"rendered":"https:\/\/lasentinelle.dz\/?p=41142"},"modified":"2023-05-16T20:13:20","modified_gmt":"2023-05-16T19:13:20","slug":"une-premiere-usine-de-fabrication-de-lait-infantile-en-algerie-signature-dun-protocole-daccord-algero-belge","status":"publish","type":"post","link":"https:\/\/lasentinelle.dz\/index.php\/2023\/05\/16\/une-premiere-usine-de-fabrication-de-lait-infantile-en-algerie-signature-dun-protocole-daccord-algero-belge\/","title":{"rendered":"Une premi\u00e8re usine de fabrication de lait infantile en Alg\u00e9rie\u00a0: Signature d&rsquo;un protocole d&rsquo;accord alg\u00e9ro-belge"},"content":{"rendered":"\n<p>Un protocole d&rsquo;accord a \u00e9t\u00e9 sign\u00e9, lundi \u00e0 Alger, entre la soci\u00e9t\u00e9 alg\u00e9rienne \u00ab\u00a0Achir\u00a0\u00bb sp\u00e9cialis\u00e9e dans la fabrication de lait et d\u00e9riv\u00e9s et la soci\u00e9t\u00e9 belge \u00ab\u00a0Ninolac international SA\u00a0\u00bb, avec pour objet, la r\u00e9alisation de la premi\u00e8re usine de fabrication de lait pour nourrissons et de farine infantile en Alg\u00e9rie. Le document a \u00e9t\u00e9 sign\u00e9 par le Directeur g\u00e9n\u00e9ral de la soci\u00e9t\u00e9 alg\u00e9rienne \u00ab\u00a0Achir\u00a0\u00bb, Mohamed Cherfaoui et le directeur des ventes de la soci\u00e9t\u00e9 belge \u00ab\u00a0Ninolac international\u00a0\u00bb, Gilles Crahay en pr\u00e9sence du ministre de l&rsquo;Industrie et de la production pharmaceutique, Ali Aoun et du pr\u00e9sident du Conseil du renouveau \u00e9conomique alg\u00e9rien (CREA), Kamel Moula. En vertu du pr\u00e9sent accord, il sera proc\u00e9d\u00e9 \u00e0 la cr\u00e9ation d&rsquo;une unit\u00e9 industrielle dans la commune d&rsquo;Ain Boucif (M\u00e9d\u00e9a), \u00e9quip\u00e9e en mat\u00e9riels logistiques \u00ab\u00a0de pointe\u00a0\u00bb, en collaboration avec des partenaires europ\u00e9ens, en vue de conditionner le lait pour nourrissons et la farine infantile, selon les explications fournies lors de la c\u00e9r\u00e9monie de la signature. Ce projet permettra d&rsquo;assurer un \u00ab\u00a0bon\u00a0\u00bb taux d&rsquo;int\u00e9gration de ce produit vital et un transfert technologique dans cette sp\u00e9cialit\u00e9 dans la majeure partie des cha\u00eenes de production, selon les responsables du projet qui se veut, selon eux, \u00ab\u00a0un saut qualitatif \u00a0\u00bb dans le domaine de l&rsquo;industrie agroalimentaire, en ce sens qu&rsquo;il apporter un b\u00e9n\u00e9fice et des effets positifs sur l&rsquo;approvisionnement du march\u00e9 national. Notons que ce projet s\u2019inscrit dans le cadre de la d\u00e9marche visant \u00e0 garantir la s\u00e9curit\u00e9 de l\u2019approvisionnement en produits alimentaires sensibles. Rappelons dans ce contexte que le pr\u00e9sident de la R\u00e9publique avait instruit le Gouvernement lors d\u2019une r\u00e9union du Conseil des ministre tenue au mois de juillet dernier d&rsquo; \u00ab&nbsp;\u0153uvrer en priorit\u00e9 \u00e0 consolider les moyens de fabrication de lait et \u00e0 recourir \u00e0 l&rsquo;expertise \u00e9trang\u00e8re sp\u00e9cialis\u00e9e, sous forme de partenariats, pour lancer la fabrication de lait infantile, \u00e9tant une mati\u00e8re vitale qui n\u00e9cessite un environnement garantissant des proc\u00e9d\u00e9s en laboratoires et industriels tr\u00e8s pointilleux&nbsp;\u00bb.<\/p>\n\n\n\n<p>R.E.<\/p>\n","protected":false},"excerpt":{"rendered":"<p>Un protocole d&rsquo;accord a \u00e9t\u00e9 sign\u00e9, lundi \u00e0 Alger, entre la soci\u00e9t\u00e9 alg\u00e9rienne \u00ab\u00a0Achir\u00a0\u00bb sp\u00e9cialis\u00e9e dans la fabrication de lait<\/p>\n","protected":false},"author":2,"featured_media":41170,"comment_status":"open","ping_status":"closed","sticky":false,"template":"","format":"standard","meta":{"colormag_page_container_layout":"default_layout","colormag_page_sidebar_layout":"default_layout","om_disable_all_campaigns":false,"_monsterinsights_skip_tracking":false,"_monsterinsights_sitenote_active":false,"_monsterinsights_sitenote_note":"","_monsterinsights_sitenote_category":0,"footnotes":"","_wpscppro_dont_share_socialmedia":false,"_wpscppro_custom_social_share_image":0,"_facebook_share_type":"","_twitter_share_type":"","_linkedin_share_type":"","_pinterest_share_type":"","_linkedin_share_type_page":"","_instagram_share_type":"","_medium_share_type":"","_threads_share_type":"","_google_business_share_type":"","_selected_social_profile":[],"_wpsp_enable_custom_social_template":false,"_wpsp_social_scheduling":{"enabled":false,"datetime":null,"platforms":[],"status":"template_only","dateOption":"today","timeOption":"now","customDays":"","customHours":"","customDate":"","customTime":"","schedulingType":"absolute"},"_wpsp_active_default_template":true},"categories":[29],"tags":[],"class_list":["post-41142","post","type-post","status-publish","format-standard","has-post-thumbnail","hentry","category-economie"],"aioseo_notices":[],"yoast_head":"<!-- This site is optimized with the Yoast SEO plugin v27.5 - https:\/\/yoast.com\/product\/yoast-seo-wordpress\/ -->\n<title>Une premi\u00e8re usine de fabrication de lait infantile en Alg\u00e9rie\u00a0: Signature d&rsquo;un protocole d&rsquo;accord alg\u00e9ro-belge - La Sentinelle<\/title>\n<meta name=\"robots\" content=\"index, follow, max-snippet:-1, max-image-preview:large, max-video-preview:-1\" \/>\n<link rel=\"canonical\" href=\"https:\/\/lasentinelle.dz\/index.php\/2023\/05\/16\/une-premiere-usine-de-fabrication-de-lait-infantile-en-algerie-signature-dun-protocole-daccord-algero-belge\/\" \/>\n<meta property=\"og:locale\" content=\"fr_FR\" \/>\n<meta property=\"og:type\" content=\"article\" \/>\n<meta property=\"og:title\" content=\"Une premi\u00e8re usine de fabrication de lait infantile en Alg\u00e9rie\u00a0: Signature d&rsquo;un protocole d&rsquo;accord alg\u00e9ro-belge - La Sentinelle\" \/>\n<meta property=\"og:description\" content=\"Un protocole d&rsquo;accord a \u00e9t\u00e9 sign\u00e9, lundi \u00e0 Alger, entre la soci\u00e9t\u00e9 alg\u00e9rienne \u00ab\u00a0Achir\u00a0\u00bb sp\u00e9cialis\u00e9e dans la fabrication de lait\" \/>\n<meta property=\"og:url\" content=\"https:\/\/lasentinelle.dz\/index.php\/2023\/05\/16\/une-premiere-usine-de-fabrication-de-lait-infantile-en-algerie-signature-dun-protocole-daccord-algero-belge\/\" \/>\n<meta property=\"og:site_name\" content=\"La Sentinelle\" \/>\n<meta property=\"article:publisher\" content=\"https:\/\/www.facebook.com\/La-Sentinelle-104059864394773\" \/>\n<meta property=\"article:published_time\" content=\"2023-05-16T21:05:00+00:00\" \/>\n<meta property=\"og:image\" content=\"https:\/\/lasentinelle.dz\/wp-content\/uploads\/2023\/05\/sss-4.png\" \/>\n\t<meta property=\"og:image:width\" content=\"1603\" \/>\n\t<meta property=\"og:image:height\" content=\"900\" \/>\n\t<meta property=\"og:image:type\" content=\"image\/png\" \/>\n<meta name=\"author\" content=\"Azzedine Belferag\" \/>\n<meta name=\"twitter:card\" content=\"summary_large_image\" \/>\n<meta name=\"twitter:label1\" content=\"\u00c9crit par\" \/>\n\t<meta name=\"twitter:data1\" content=\"Azzedine Belferag\" \/>\n\t<meta name=\"twitter:label2\" content=\"Dur\u00e9e de lecture estim\u00e9e\" \/>\n\t<meta name=\"twitter:data2\" content=\"2 minutes\" \/>\n<script type=\"application\/ld+json\" class=\"yoast-schema-graph\">{\"@context\":\"https:\\\/\\\/schema.org\",\"@graph\":[{\"@type\":\"Article\",\"@id\":\"https:\\\/\\\/lasentinelle.dz\\\/index.php\\\/2023\\\/05\\\/16\\\/une-premiere-usine-de-fabrication-de-lait-infantile-en-algerie-signature-dun-protocole-daccord-algero-belge\\\/#article\",\"isPartOf\":{\"@id\":\"https:\\\/\\\/lasentinelle.dz\\\/index.php\\\/2023\\\/05\\\/16\\\/une-premiere-usine-de-fabrication-de-lait-infantile-en-algerie-signature-dun-protocole-daccord-algero-belge\\\/\"},\"author\":{\"name\":\"Azzedine Belferag\",\"@id\":\"https:\\\/\\\/lasentinelle.dz\\\/#\\\/schema\\\/person\\\/e22c868643946ece5f328ac9d185b29f\"},\"headline\":\"Une premi\u00e8re usine de fabrication de lait infantile en Alg\u00e9rie\u00a0: Signature d&rsquo;un protocole d&rsquo;accord alg\u00e9ro-belge\",\"datePublished\":\"2023-05-16T21:05:00+00:00\",\"mainEntityOfPage\":{\"@id\":\"https:\\\/\\\/lasentinelle.dz\\\/index.php\\\/2023\\\/05\\\/16\\\/une-premiere-usine-de-fabrication-de-lait-infantile-en-algerie-signature-dun-protocole-daccord-algero-belge\\\/\"},\"wordCount\":396,\"commentCount\":0,\"publisher\":{\"@id\":\"https:\\\/\\\/lasentinelle.dz\\\/#organization\"},\"image\":{\"@id\":\"https:\\\/\\\/lasentinelle.dz\\\/index.php\\\/2023\\\/05\\\/16\\\/une-premiere-usine-de-fabrication-de-lait-infantile-en-algerie-signature-dun-protocole-daccord-algero-belge\\\/#primaryimage\"},\"thumbnailUrl\":\"https:\\\/\\\/lasentinelle.dz\\\/wp-content\\\/uploads\\\/2023\\\/05\\\/sss-4.png\",\"articleSection\":[\"\u00c9conomie\"],\"inLanguage\":\"fr-FR\",\"potentialAction\":[{\"@type\":\"CommentAction\",\"name\":\"Comment\",\"target\":[\"https:\\\/\\\/lasentinelle.dz\\\/index.php\\\/2023\\\/05\\\/16\\\/une-premiere-usine-de-fabrication-de-lait-infantile-en-algerie-signature-dun-protocole-daccord-algero-belge\\\/#respond\"]}]},{\"@type\":\"WebPage\",\"@id\":\"https:\\\/\\\/lasentinelle.dz\\\/index.php\\\/2023\\\/05\\\/16\\\/une-premiere-usine-de-fabrication-de-lait-infantile-en-algerie-signature-dun-protocole-daccord-algero-belge\\\/\",\"url\":\"https:\\\/\\\/lasentinelle.dz\\\/index.php\\\/2023\\\/05\\\/16\\\/une-premiere-usine-de-fabrication-de-lait-infantile-en-algerie-signature-dun-protocole-daccord-algero-belge\\\/\",\"name\":\"Une premi\u00e8re usine de fabrication de lait infantile en Alg\u00e9rie\u00a0: Signature d&rsquo;un protocole d&rsquo;accord alg\u00e9ro-belge - La Sentinelle\",\"isPartOf\":{\"@id\":\"https:\\\/\\\/lasentinelle.dz\\\/#website\"},\"primaryImageOfPage\":{\"@id\":\"https:\\\/\\\/lasentinelle.dz\\\/index.php\\\/2023\\\/05\\\/16\\\/une-premiere-usine-de-fabrication-de-lait-infantile-en-algerie-signature-dun-protocole-daccord-algero-belge\\\/#primaryimage\"},\"image\":{\"@id\":\"https:\\\/\\\/lasentinelle.dz\\\/index.php\\\/2023\\\/05\\\/16\\\/une-premiere-usine-de-fabrication-de-lait-infantile-en-algerie-signature-dun-protocole-daccord-algero-belge\\\/#primaryimage\"},\"thumbnailUrl\":\"https:\\\/\\\/lasentinelle.dz\\\/wp-content\\\/uploads\\\/2023\\\/05\\\/sss-4.png\",\"datePublished\":\"2023-05-16T21:05:00+00:00\",\"breadcrumb\":{\"@id\":\"https:\\\/\\\/lasentinelle.dz\\\/index.php\\\/2023\\\/05\\\/16\\\/une-premiere-usine-de-fabrication-de-lait-infantile-en-algerie-signature-dun-protocole-daccord-algero-belge\\\/#breadcrumb\"},\"inLanguage\":\"fr-FR\",\"potentialAction\":[{\"@type\":\"ReadAction\",\"target\":[\"https:\\\/\\\/lasentinelle.dz\\\/index.php\\\/2023\\\/05\\\/16\\\/une-premiere-usine-de-fabrication-de-lait-infantile-en-algerie-signature-dun-protocole-daccord-algero-belge\\\/\"]}]},{\"@type\":\"ImageObject\",\"inLanguage\":\"fr-FR\",\"@id\":\"https:\\\/\\\/lasentinelle.dz\\\/index.php\\\/2023\\\/05\\\/16\\\/une-premiere-usine-de-fabrication-de-lait-infantile-en-algerie-signature-dun-protocole-daccord-algero-belge\\\/#primaryimage\",\"url\":\"https:\\\/\\\/lasentinelle.dz\\\/wp-content\\\/uploads\\\/2023\\\/05\\\/sss-4.png\",\"contentUrl\":\"https:\\\/\\\/lasentinelle.dz\\\/wp-content\\\/uploads\\\/2023\\\/05\\\/sss-4.png\",\"width\":1603,\"height\":900},{\"@type\":\"BreadcrumbList\",\"@id\":\"https:\\\/\\\/lasentinelle.dz\\\/index.php\\\/2023\\\/05\\\/16\\\/une-premiere-usine-de-fabrication-de-lait-infantile-en-algerie-signature-dun-protocole-daccord-algero-belge\\\/#breadcrumb\",\"itemListElement\":[{\"@type\":\"ListItem\",\"position\":1,\"name\":\"Accueil\",\"item\":\"https:\\\/\\\/lasentinelle.dz\\\/\"},{\"@type\":\"ListItem\",\"position\":2,\"name\":\"Une premi\u00e8re usine de fabrication de lait infantile en Alg\u00e9rie\u00a0: Signature d&rsquo;un protocole d&rsquo;accord alg\u00e9ro-belge\"}]},{\"@type\":\"WebSite\",\"@id\":\"https:\\\/\\\/lasentinelle.dz\\\/#website\",\"url\":\"https:\\\/\\\/lasentinelle.dz\\\/\",\"name\":\"La Sentinelle\",\"description\":\"Quotidien national d&#039;information\",\"publisher\":{\"@id\":\"https:\\\/\\\/lasentinelle.dz\\\/#organization\"},\"potentialAction\":[{\"@type\":\"SearchAction\",\"target\":{\"@type\":\"EntryPoint\",\"urlTemplate\":\"https:\\\/\\\/lasentinelle.dz\\\/?s={search_term_string}\"},\"query-input\":{\"@type\":\"PropertyValueSpecification\",\"valueRequired\":true,\"valueName\":\"search_term_string\"}}],\"inLanguage\":\"fr-FR\"},{\"@type\":\"Organization\",\"@id\":\"https:\\\/\\\/lasentinelle.dz\\\/#organization\",\"name\":\"Quotidien La Sentinelle\",\"url\":\"https:\\\/\\\/lasentinelle.dz\\\/\",\"logo\":{\"@type\":\"ImageObject\",\"inLanguage\":\"fr-FR\",\"@id\":\"https:\\\/\\\/lasentinelle.dz\\\/#\\\/schema\\\/logo\\\/image\\\/\",\"url\":\"https:\\\/\\\/lasentinelle.dz\\\/wp-content\\\/uploads\\\/2021\\\/09\\\/logo-sentinelleSLOGAN-1.png\",\"contentUrl\":\"https:\\\/\\\/lasentinelle.dz\\\/wp-content\\\/uploads\\\/2021\\\/09\\\/logo-sentinelleSLOGAN-1.png\",\"width\":615,\"height\":142,\"caption\":\"Quotidien La Sentinelle\"},\"image\":{\"@id\":\"https:\\\/\\\/lasentinelle.dz\\\/#\\\/schema\\\/logo\\\/image\\\/\"},\"sameAs\":[\"https:\\\/\\\/www.facebook.com\\\/La-Sentinelle-104059864394773\"]},{\"@type\":\"Person\",\"@id\":\"https:\\\/\\\/lasentinelle.dz\\\/#\\\/schema\\\/person\\\/e22c868643946ece5f328ac9d185b29f\",\"name\":\"Azzedine Belferag\",\"image\":{\"@type\":\"ImageObject\",\"inLanguage\":\"fr-FR\",\"@id\":\"https:\\\/\\\/secure.gravatar.com\\\/avatar\\\/767ecc3bfcf23cd6d0dae1705f124feb13a88fded1daa56498e4fb3aa3fc36a1?s=96&d=mm&r=g\",\"url\":\"https:\\\/\\\/secure.gravatar.com\\\/avatar\\\/767ecc3bfcf23cd6d0dae1705f124feb13a88fded1daa56498e4fb3aa3fc36a1?s=96&d=mm&r=g\",\"contentUrl\":\"https:\\\/\\\/secure.gravatar.com\\\/avatar\\\/767ecc3bfcf23cd6d0dae1705f124feb13a88fded1daa56498e4fb3aa3fc36a1?s=96&d=mm&r=g\",\"caption\":\"Azzedine Belferag\"},\"sameAs\":[\"http:\\\/\\\/www.lasentinelle.dz\"],\"url\":\"https:\\\/\\\/lasentinelle.dz\\\/author\\\/belferag\\\/\"}]}<\/script>\n<!-- \/ Yoast SEO plugin. -->","yoast_head_json":{"title":"Une premi\u00e8re usine de fabrication de lait infantile en Alg\u00e9rie\u00a0: Signature d&rsquo;un protocole d&rsquo;accord alg\u00e9ro-belge - La Sentinelle","robots":{"index":"index","follow":"follow","max-snippet":"max-snippet:-1","max-image-preview":"max-image-preview:large","max-video-preview":"max-video-preview:-1"},"canonical":"https:\/\/lasentinelle.dz\/index.php\/2023\/05\/16\/une-premiere-usine-de-fabrication-de-lait-infantile-en-algerie-signature-dun-protocole-daccord-algero-belge\/","og_locale":"fr_FR","og_type":"article","og_title":"Une premi\u00e8re usine de fabrication de lait infantile en Alg\u00e9rie\u00a0: Signature d&rsquo;un protocole d&rsquo;accord alg\u00e9ro-belge - La Sentinelle","og_description":"Un protocole d&rsquo;accord a \u00e9t\u00e9 sign\u00e9, lundi \u00e0 Alger, entre la soci\u00e9t\u00e9 alg\u00e9rienne \u00ab\u00a0Achir\u00a0\u00bb sp\u00e9cialis\u00e9e dans la fabrication de lait","og_url":"https:\/\/lasentinelle.dz\/index.php\/2023\/05\/16\/une-premiere-usine-de-fabrication-de-lait-infantile-en-algerie-signature-dun-protocole-daccord-algero-belge\/","og_site_name":"La Sentinelle","article_publisher":"https:\/\/www.facebook.com\/La-Sentinelle-104059864394773","article_published_time":"2023-05-16T21:05:00+00:00","og_image":[{"width":1603,"height":900,"url":"https:\/\/lasentinelle.dz\/wp-content\/uploads\/2023\/05\/sss-4.png","type":"image\/png"}],"author":"Azzedine Belferag","twitter_card":"summary_large_image","twitter_misc":{"\u00c9crit par":"Azzedine Belferag","Dur\u00e9e de lecture estim\u00e9e":"2 minutes"},"schema":{"@context":"https:\/\/schema.org","@graph":[{"@type":"Article","@id":"https:\/\/lasentinelle.dz\/index.php\/2023\/05\/16\/une-premiere-usine-de-fabrication-de-lait-infantile-en-algerie-signature-dun-protocole-daccord-algero-belge\/#article","isPartOf":{"@id":"https:\/\/lasentinelle.dz\/index.php\/2023\/05\/16\/une-premiere-usine-de-fabrication-de-lait-infantile-en-algerie-signature-dun-protocole-daccord-algero-belge\/"},"author":{"name":"Azzedine Belferag","@id":"https:\/\/lasentinelle.dz\/#\/schema\/person\/e22c868643946ece5f328ac9d185b29f"},"headline":"Une premi\u00e8re usine de fabrication de lait infantile en Alg\u00e9rie\u00a0: Signature d&rsquo;un protocole d&rsquo;accord alg\u00e9ro-belge","datePublished":"2023-05-16T21:05:00+00:00","mainEntityOfPage":{"@id":"https:\/\/lasentinelle.dz\/index.php\/2023\/05\/16\/une-premiere-usine-de-fabrication-de-lait-infantile-en-algerie-signature-dun-protocole-daccord-algero-belge\/"},"wordCount":396,"commentCount":0,"publisher":{"@id":"https:\/\/lasentinelle.dz\/#organization"},"image":{"@id":"https:\/\/lasentinelle.dz\/index.php\/2023\/05\/16\/une-premiere-usine-de-fabrication-de-lait-infantile-en-algerie-signature-dun-protocole-daccord-algero-belge\/#primaryimage"},"thumbnailUrl":"https:\/\/lasentinelle.dz\/wp-content\/uploads\/2023\/05\/sss-4.png","articleSection":["\u00c9conomie"],"inLanguage":"fr-FR","potentialAction":[{"@type":"CommentAction","name":"Comment","target":["https:\/\/lasentinelle.dz\/index.php\/2023\/05\/16\/une-premiere-usine-de-fabrication-de-lait-infantile-en-algerie-signature-dun-protocole-daccord-algero-belge\/#respond"]}]},{"@type":"WebPage","@id":"https:\/\/lasentinelle.dz\/index.php\/2023\/05\/16\/une-premiere-usine-de-fabrication-de-lait-infantile-en-algerie-signature-dun-protocole-daccord-algero-belge\/","url":"https:\/\/lasentinelle.dz\/index.php\/2023\/05\/16\/une-premiere-usine-de-fabrication-de-lait-infantile-en-algerie-signature-dun-protocole-daccord-algero-belge\/","name":"Une premi\u00e8re usine de fabrication de lait infantile en Alg\u00e9rie\u00a0: Signature d&rsquo;un protocole d&rsquo;accord alg\u00e9ro-belge - La Sentinelle","isPartOf":{"@id":"https:\/\/lasentinelle.dz\/#website"},"primaryImageOfPage":{"@id":"https:\/\/lasentinelle.dz\/index.php\/2023\/05\/16\/une-premiere-usine-de-fabrication-de-lait-infantile-en-algerie-signature-dun-protocole-daccord-algero-belge\/#primaryimage"},"image":{"@id":"https:\/\/lasentinelle.dz\/index.php\/2023\/05\/16\/une-premiere-usine-de-fabrication-de-lait-infantile-en-algerie-signature-dun-protocole-daccord-algero-belge\/#primaryimage"},"thumbnailUrl":"https:\/\/lasentinelle.dz\/wp-content\/uploads\/2023\/05\/sss-4.png","datePublished":"2023-05-16T21:05:00+00:00","breadcrumb":{"@id":"https:\/\/lasentinelle.dz\/index.php\/2023\/05\/16\/une-premiere-usine-de-fabrication-de-lait-infantile-en-algerie-signature-dun-protocole-daccord-algero-belge\/#breadcrumb"},"inLanguage":"fr-FR","potentialAction":[{"@type":"ReadAction","target":["https:\/\/lasentinelle.dz\/index.php\/2023\/05\/16\/une-premiere-usine-de-fabrication-de-lait-infantile-en-algerie-signature-dun-protocole-daccord-algero-belge\/"]}]},{"@type":"ImageObject","inLanguage":"fr-FR","@id":"https:\/\/lasentinelle.dz\/index.php\/2023\/05\/16\/une-premiere-usine-de-fabrication-de-lait-infantile-en-algerie-signature-dun-protocole-daccord-algero-belge\/#primaryimage","url":"https:\/\/lasentinelle.dz\/wp-content\/uploads\/2023\/05\/sss-4.png","contentUrl":"https:\/\/lasentinelle.dz\/wp-content\/uploads\/2023\/05\/sss-4.png","width":1603,"height":900},{"@type":"BreadcrumbList","@id":"https:\/\/lasentinelle.dz\/index.php\/2023\/05\/16\/une-premiere-usine-de-fabrication-de-lait-infantile-en-algerie-signature-dun-protocole-daccord-algero-belge\/#breadcrumb","itemListElement":[{"@type":"ListItem","position":1,"name":"Accueil","item":"https:\/\/lasentinelle.dz\/"},{"@type":"ListItem","position":2,"name":"Une premi\u00e8re usine de fabrication de lait infantile en Alg\u00e9rie\u00a0: Signature d&rsquo;un protocole d&rsquo;accord alg\u00e9ro-belge"}]},{"@type":"WebSite","@id":"https:\/\/lasentinelle.dz\/#website","url":"https:\/\/lasentinelle.dz\/","name":"La Sentinelle","description":"Quotidien national d&#039;information","publisher":{"@id":"https:\/\/lasentinelle.dz\/#organization"},"potentialAction":[{"@type":"SearchAction","target":{"@type":"EntryPoint","urlTemplate":"https:\/\/lasentinelle.dz\/?s={search_term_string}"},"query-input":{"@type":"PropertyValueSpecification","valueRequired":true,"valueName":"search_term_string"}}],"inLanguage":"fr-FR"},{"@type":"Organization","@id":"https:\/\/lasentinelle.dz\/#organization","name":"Quotidien La Sentinelle","url":"https:\/\/lasentinelle.dz\/","logo":{"@type":"ImageObject","inLanguage":"fr-FR","@id":"https:\/\/lasentinelle.dz\/#\/schema\/logo\/image\/","url":"https:\/\/lasentinelle.dz\/wp-content\/uploads\/2021\/09\/logo-sentinelleSLOGAN-1.png","contentUrl":"https:\/\/lasentinelle.dz\/wp-content\/uploads\/2021\/09\/logo-sentinelleSLOGAN-1.png","width":615,"height":142,"caption":"Quotidien La Sentinelle"},"image":{"@id":"https:\/\/lasentinelle.dz\/#\/schema\/logo\/image\/"},"sameAs":["https:\/\/www.facebook.com\/La-Sentinelle-104059864394773"]},{"@type":"Person","@id":"https:\/\/lasentinelle.dz\/#\/schema\/person\/e22c868643946ece5f328ac9d185b29f","name":"Azzedine Belferag","image":{"@type":"ImageObject","inLanguage":"fr-FR","@id":"https:\/\/secure.gravatar.com\/avatar\/767ecc3bfcf23cd6d0dae1705f124feb13a88fded1daa56498e4fb3aa3fc36a1?s=96&d=mm&r=g","url":"https:\/\/secure.gravatar.com\/avatar\/767ecc3bfcf23cd6d0dae1705f124feb13a88fded1daa56498e4fb3aa3fc36a1?s=96&d=mm&r=g","contentUrl":"https:\/\/secure.gravatar.com\/avatar\/767ecc3bfcf23cd6d0dae1705f124feb13a88fded1daa56498e4fb3aa3fc36a1?s=96&d=mm&r=g","caption":"Azzedine Belferag"},"sameAs":["http:\/\/www.lasentinelle.dz"],"url":"https:\/\/lasentinelle.dz\/author\/belferag\/"}]}},"_links":{"self":[{"href":"https:\/\/lasentinelle.dz\/index.php\/wp-json\/wp\/v2\/posts\/41142","targetHints":{"allow":["GET"]}}],"collection":[{"href":"https:\/\/lasentinelle.dz\/index.php\/wp-json\/wp\/v2\/posts"}],"about":[{"href":"https:\/\/lasentinelle.dz\/index.php\/wp-json\/wp\/v2\/types\/post"}],"author":[{"embeddable":true,"href":"https:\/\/lasentinelle.dz\/index.php\/wp-json\/wp\/v2\/users\/2"}],"replies":[{"embeddable":true,"href":"https:\/\/lasentinelle.dz\/index.php\/wp-json\/wp\/v2\/comments?post=41142"}],"version-history":[{"count":1,"href":"https:\/\/lasentinelle.dz\/index.php\/wp-json\/wp\/v2\/posts\/41142\/revisions"}],"predecessor-version":[{"id":41173,"href":"https:\/\/lasentinelle.dz\/index.php\/wp-json\/wp\/v2\/posts\/41142\/revisions\/41173"}],"wp:featuredmedia":[{"embeddable":true,"href":"https:\/\/lasentinelle.dz\/index.php\/wp-json\/wp\/v2\/media\/41170"}],"wp:attachment":[{"href":"https:\/\/lasentinelle.dz\/index.php\/wp-json\/wp\/v2\/media?parent=41142"}],"wp:term":[{"taxonomy":"category","embeddable":true,"href":"https:\/\/lasentinelle.dz\/index.php\/wp-json\/wp\/v2\/categories?post=41142"},{"taxonomy":"post_tag","embeddable":true,"href":"https:\/\/lasentinelle.dz\/index.php\/wp-json\/wp\/v2\/tags?post=41142"}],"curies":[{"name":"wp","href":"https:\/\/api.w.org\/{rel}","templated":true}]}}