{"id":41143,"date":"2023-05-16T22:05:00","date_gmt":"2023-05-16T21:05:00","guid":{"rendered":"https:\/\/lasentinelle.dz\/?p=41143"},"modified":"2023-05-16T20:13:35","modified_gmt":"2023-05-16T19:13:35","slug":"ouverture-a-alger-de-la-18e-edition-siee-pollutec-lamelioration-des-services-de-leau-au-coeur-du-salon","status":"publish","type":"post","link":"https:\/\/lasentinelle.dz\/index.php\/2023\/05\/16\/ouverture-a-alger-de-la-18e-edition-siee-pollutec-lamelioration-des-services-de-leau-au-coeur-du-salon\/","title":{"rendered":"Ouverture \u00e0 Alger de la 18e \u00e9dition SIEE-Pollutec\u00a0: L\u2019am\u00e9lioration des services de l\u2019eau au c\u0153ur du Salon"},"content":{"rendered":"\n<p>La 18\u00e8me \u00e9dition du Salon international des \u00e9quipements, des technologies et des services de l&rsquo;eau \u00abSIEE-Pollutec 2023\u00bb s&rsquo;est ouverte, hier\u00e0 la Safex (Soci\u00e9t\u00e9 alg\u00e9rienne des foires et exportations) des Pins maritimes \u00e0 Alger, avec la participation de plus de 140 entreprises nationales et \u00e9trang\u00e8res venues de 14 pays. L&rsquo;ouverture de cette manifestation s&rsquo;est tenue en pr\u00e9sence du ministre de l&rsquo;Hydraulique, Taha Derbal, accompagn\u00e9 du ministre de l&rsquo;Industrie et de la Production pharmaceutique, Ali Aoun, de la ministre de l&rsquo;Environnement et des Energies renouvelables, Fazia Dahleb et du ministre de l&rsquo;Agriculture et du D\u00e9veloppement rural, Mohamed Abdelhafid Henni. A cette occasion, M. Derbal a soulign\u00e9 l&rsquo;importance de ce salon qui constitue \u00abun lieu id\u00e9al d&rsquo;\u00e9changes\u00bb entre les professionnels du secteur, permettant \u00e9galement de d\u00e9couvrir les nouveaut\u00e9s et les derni\u00e8res innovations dans le domaine de la gestion et des \u00e9quipements d&rsquo;eau. Le ministre a estim\u00e9 que ce type de manifestation \u00e9conomique devrait contribuer \u00e0 l&rsquo;am\u00e9lioration du service public en mati\u00e8re d&rsquo;approvisionnement en eau potable, l&rsquo;assainissement et l\u00a0\u00bbirrigation agricole. De son c\u00f4t\u00e9, M. Aoun a appel\u00e9 les op\u00e9rateurs, lors de sa tourn\u00e9e dans les stands du salon, \u00e0 redoubler leurs efforts pour asseoir une v\u00e9ritable dynamique industrielle. Un riche programme comprenant des conf\u00e9rences sur les th\u00e8mes phares du march\u00e9 de l&rsquo;eau avec de nombreux sujets seront abord\u00e9s \u00e0 cette occasion, notamment en ce qui concerne le dessalement de l&rsquo;eau de mer, l&rsquo;\u00e9puration des eaux us\u00e9es et leur r\u00e9utilisation ou encore la qualit\u00e9 des produits. Ce salon qui a attir\u00e9 l&rsquo;ann\u00e9e pass\u00e9e plus de 7 000 visiteurs professionnels, constitue \u00e9galement une occasion de d\u00e9couvrir les grandes r\u00e9alisations du secteur et ses perspectives. Diff\u00e9rentes agences, sous tutelle du minist\u00e8re de l&rsquo;Hydraulique, ont pris part \u00e0 ce salon \u00e0 l&rsquo;instar de l&rsquo;Agence de gestion int\u00e9gr\u00e9e des ressources en eau (AGIRE), l&rsquo;Office national d&rsquo;irrigation et de drainage (ONID), l&rsquo;Alg\u00e9rienne des eaux (ADE), l&rsquo;Office national d&rsquo;assainissement (ONA), l&rsquo;Agence nationale des barrages et transferts (ANBT) et l&rsquo;Agence nationale des ressources hydrauliques (ANRH). Cet \u00e9v\u00e9nement qui, se tiendra jusqu&rsquo;au 18 mai courant, mettra en relation les acteurs cl\u00e9s, alg\u00e9riens et internationaux, du secteur de l&rsquo;Eau.<\/p>\n\n\n\n<p>APS<\/p>\n","protected":false},"excerpt":{"rendered":"<p>La 18\u00e8me \u00e9dition du Salon international des \u00e9quipements, des technologies et des services de l&rsquo;eau \u00abSIEE-Pollutec 2023\u00bb s&rsquo;est ouverte, hier\u00e0<\/p>\n","protected":false},"author":3,"featured_media":41174,"comment_status":"open","ping_status":"closed","sticky":false,"template":"","format":"standard","meta":{"colormag_page_container_layout":"default_layout","colormag_page_sidebar_layout":"default_layout","om_disable_all_campaigns":false,"_monsterinsights_skip_tracking":false,"_monsterinsights_sitenote_active":false,"_monsterinsights_sitenote_note":"","_monsterinsights_sitenote_category":0,"footnotes":"","_wpscppro_dont_share_socialmedia":false,"_wpscppro_custom_social_share_image":0,"_facebook_share_type":"","_twitter_share_type":"","_linkedin_share_type":"","_pinterest_share_type":"","_linkedin_share_type_page":"","_instagram_share_type":"","_medium_share_type":"","_threads_share_type":"","_google_business_share_type":"","_selected_social_profile":[],"_wpsp_enable_custom_social_template":false,"_wpsp_social_scheduling":{"enabled":false,"datetime":null,"platforms":[],"status":"template_only","dateOption":"today","timeOption":"now","customDays":"","customHours":"","customDate":"","customTime":"","schedulingType":"absolute"},"_wpsp_active_default_template":true},"categories":[29],"tags":[],"class_list":["post-41143","post","type-post","status-publish","format-standard","has-post-thumbnail","hentry","category-economie"],"aioseo_notices":[],"yoast_head":"<!-- This site is optimized with the Yoast SEO plugin v27.5 - https:\/\/yoast.com\/product\/yoast-seo-wordpress\/ -->\n<title>Ouverture \u00e0 Alger de la 18e \u00e9dition SIEE-Pollutec\u00a0: L\u2019am\u00e9lioration des services de l\u2019eau au c\u0153ur du Salon - La Sentinelle<\/title>\n<meta name=\"robots\" content=\"index, follow, max-snippet:-1, max-image-preview:large, max-video-preview:-1\" \/>\n<link rel=\"canonical\" href=\"https:\/\/lasentinelle.dz\/index.php\/2023\/05\/16\/ouverture-a-alger-de-la-18e-edition-siee-pollutec-lamelioration-des-services-de-leau-au-coeur-du-salon\/\" \/>\n<meta property=\"og:locale\" content=\"fr_FR\" \/>\n<meta property=\"og:type\" content=\"article\" \/>\n<meta property=\"og:title\" content=\"Ouverture \u00e0 Alger de la 18e \u00e9dition SIEE-Pollutec\u00a0: L\u2019am\u00e9lioration des services de l\u2019eau au c\u0153ur du Salon - La Sentinelle\" \/>\n<meta property=\"og:description\" content=\"La 18\u00e8me \u00e9dition du Salon international des \u00e9quipements, des technologies et des services de l&rsquo;eau \u00abSIEE-Pollutec 2023\u00bb s&rsquo;est ouverte, hier\u00e0\" \/>\n<meta property=\"og:url\" content=\"https:\/\/lasentinelle.dz\/index.php\/2023\/05\/16\/ouverture-a-alger-de-la-18e-edition-siee-pollutec-lamelioration-des-services-de-leau-au-coeur-du-salon\/\" \/>\n<meta property=\"og:site_name\" content=\"La Sentinelle\" \/>\n<meta property=\"article:publisher\" content=\"https:\/\/www.facebook.com\/La-Sentinelle-104059864394773\" \/>\n<meta property=\"article:published_time\" content=\"2023-05-16T21:05:00+00:00\" \/>\n<meta property=\"og:image\" content=\"https:\/\/lasentinelle.dz\/wp-content\/uploads\/2023\/05\/image_2023-05-16_201312993.png\" \/>\n\t<meta property=\"og:image:width\" content=\"1080\" \/>\n\t<meta property=\"og:image:height\" content=\"720\" \/>\n\t<meta property=\"og:image:type\" content=\"image\/png\" \/>\n<meta name=\"author\" content=\"La Sentinelle\" \/>\n<meta name=\"twitter:card\" content=\"summary_large_image\" \/>\n<meta name=\"twitter:label1\" content=\"\u00c9crit par\" \/>\n\t<meta name=\"twitter:data1\" content=\"La Sentinelle\" \/>\n\t<meta name=\"twitter:label2\" content=\"Dur\u00e9e de lecture estim\u00e9e\" \/>\n\t<meta name=\"twitter:data2\" content=\"2 minutes\" \/>\n<script type=\"application\/ld+json\" class=\"yoast-schema-graph\">{\"@context\":\"https:\\\/\\\/schema.org\",\"@graph\":[{\"@type\":\"Article\",\"@id\":\"https:\\\/\\\/lasentinelle.dz\\\/index.php\\\/2023\\\/05\\\/16\\\/ouverture-a-alger-de-la-18e-edition-siee-pollutec-lamelioration-des-services-de-leau-au-coeur-du-salon\\\/#article\",\"isPartOf\":{\"@id\":\"https:\\\/\\\/lasentinelle.dz\\\/index.php\\\/2023\\\/05\\\/16\\\/ouverture-a-alger-de-la-18e-edition-siee-pollutec-lamelioration-des-services-de-leau-au-coeur-du-salon\\\/\"},\"author\":{\"name\":\"La Sentinelle\",\"@id\":\"https:\\\/\\\/lasentinelle.dz\\\/#\\\/schema\\\/person\\\/d865044e22e70a75174ce8bcad3acfb3\"},\"headline\":\"Ouverture \u00e0 Alger de la 18e \u00e9dition SIEE-Pollutec\u00a0: L\u2019am\u00e9lioration des services de l\u2019eau au c\u0153ur du Salon\",\"datePublished\":\"2023-05-16T21:05:00+00:00\",\"mainEntityOfPage\":{\"@id\":\"https:\\\/\\\/lasentinelle.dz\\\/index.php\\\/2023\\\/05\\\/16\\\/ouverture-a-alger-de-la-18e-edition-siee-pollutec-lamelioration-des-services-de-leau-au-coeur-du-salon\\\/\"},\"wordCount\":417,\"commentCount\":0,\"publisher\":{\"@id\":\"https:\\\/\\\/lasentinelle.dz\\\/#organization\"},\"image\":{\"@id\":\"https:\\\/\\\/lasentinelle.dz\\\/index.php\\\/2023\\\/05\\\/16\\\/ouverture-a-alger-de-la-18e-edition-siee-pollutec-lamelioration-des-services-de-leau-au-coeur-du-salon\\\/#primaryimage\"},\"thumbnailUrl\":\"https:\\\/\\\/lasentinelle.dz\\\/wp-content\\\/uploads\\\/2023\\\/05\\\/image_2023-05-16_201312993.png\",\"articleSection\":[\"\u00c9conomie\"],\"inLanguage\":\"fr-FR\",\"potentialAction\":[{\"@type\":\"CommentAction\",\"name\":\"Comment\",\"target\":[\"https:\\\/\\\/lasentinelle.dz\\\/index.php\\\/2023\\\/05\\\/16\\\/ouverture-a-alger-de-la-18e-edition-siee-pollutec-lamelioration-des-services-de-leau-au-coeur-du-salon\\\/#respond\"]}]},{\"@type\":\"WebPage\",\"@id\":\"https:\\\/\\\/lasentinelle.dz\\\/index.php\\\/2023\\\/05\\\/16\\\/ouverture-a-alger-de-la-18e-edition-siee-pollutec-lamelioration-des-services-de-leau-au-coeur-du-salon\\\/\",\"url\":\"https:\\\/\\\/lasentinelle.dz\\\/index.php\\\/2023\\\/05\\\/16\\\/ouverture-a-alger-de-la-18e-edition-siee-pollutec-lamelioration-des-services-de-leau-au-coeur-du-salon\\\/\",\"name\":\"Ouverture \u00e0 Alger de la 18e \u00e9dition SIEE-Pollutec\u00a0: L\u2019am\u00e9lioration des services de l\u2019eau au c\u0153ur du Salon - La Sentinelle\",\"isPartOf\":{\"@id\":\"https:\\\/\\\/lasentinelle.dz\\\/#website\"},\"primaryImageOfPage\":{\"@id\":\"https:\\\/\\\/lasentinelle.dz\\\/index.php\\\/2023\\\/05\\\/16\\\/ouverture-a-alger-de-la-18e-edition-siee-pollutec-lamelioration-des-services-de-leau-au-coeur-du-salon\\\/#primaryimage\"},\"image\":{\"@id\":\"https:\\\/\\\/lasentinelle.dz\\\/index.php\\\/2023\\\/05\\\/16\\\/ouverture-a-alger-de-la-18e-edition-siee-pollutec-lamelioration-des-services-de-leau-au-coeur-du-salon\\\/#primaryimage\"},\"thumbnailUrl\":\"https:\\\/\\\/lasentinelle.dz\\\/wp-content\\\/uploads\\\/2023\\\/05\\\/image_2023-05-16_201312993.png\",\"datePublished\":\"2023-05-16T21:05:00+00:00\",\"breadcrumb\":{\"@id\":\"https:\\\/\\\/lasentinelle.dz\\\/index.php\\\/2023\\\/05\\\/16\\\/ouverture-a-alger-de-la-18e-edition-siee-pollutec-lamelioration-des-services-de-leau-au-coeur-du-salon\\\/#breadcrumb\"},\"inLanguage\":\"fr-FR\",\"potentialAction\":[{\"@type\":\"ReadAction\",\"target\":[\"https:\\\/\\\/lasentinelle.dz\\\/index.php\\\/2023\\\/05\\\/16\\\/ouverture-a-alger-de-la-18e-edition-siee-pollutec-lamelioration-des-services-de-leau-au-coeur-du-salon\\\/\"]}]},{\"@type\":\"ImageObject\",\"inLanguage\":\"fr-FR\",\"@id\":\"https:\\\/\\\/lasentinelle.dz\\\/index.php\\\/2023\\\/05\\\/16\\\/ouverture-a-alger-de-la-18e-edition-siee-pollutec-lamelioration-des-services-de-leau-au-coeur-du-salon\\\/#primaryimage\",\"url\":\"https:\\\/\\\/lasentinelle.dz\\\/wp-content\\\/uploads\\\/2023\\\/05\\\/image_2023-05-16_201312993.png\",\"contentUrl\":\"https:\\\/\\\/lasentinelle.dz\\\/wp-content\\\/uploads\\\/2023\\\/05\\\/image_2023-05-16_201312993.png\",\"width\":1080,\"height\":720},{\"@type\":\"BreadcrumbList\",\"@id\":\"https:\\\/\\\/lasentinelle.dz\\\/index.php\\\/2023\\\/05\\\/16\\\/ouverture-a-alger-de-la-18e-edition-siee-pollutec-lamelioration-des-services-de-leau-au-coeur-du-salon\\\/#breadcrumb\",\"itemListElement\":[{\"@type\":\"ListItem\",\"position\":1,\"name\":\"Accueil\",\"item\":\"https:\\\/\\\/lasentinelle.dz\\\/\"},{\"@type\":\"ListItem\",\"position\":2,\"name\":\"Ouverture \u00e0 Alger de la 18e \u00e9dition SIEE-Pollutec\u00a0: L\u2019am\u00e9lioration des services de l\u2019eau au c\u0153ur du Salon\"}]},{\"@type\":\"WebSite\",\"@id\":\"https:\\\/\\\/lasentinelle.dz\\\/#website\",\"url\":\"https:\\\/\\\/lasentinelle.dz\\\/\",\"name\":\"La Sentinelle\",\"description\":\"Quotidien national d&#039;information\",\"publisher\":{\"@id\":\"https:\\\/\\\/lasentinelle.dz\\\/#organization\"},\"potentialAction\":[{\"@type\":\"SearchAction\",\"target\":{\"@type\":\"EntryPoint\",\"urlTemplate\":\"https:\\\/\\\/lasentinelle.dz\\\/?s={search_term_string}\"},\"query-input\":{\"@type\":\"PropertyValueSpecification\",\"valueRequired\":true,\"valueName\":\"search_term_string\"}}],\"inLanguage\":\"fr-FR\"},{\"@type\":\"Organization\",\"@id\":\"https:\\\/\\\/lasentinelle.dz\\\/#organization\",\"name\":\"Quotidien La Sentinelle\",\"url\":\"https:\\\/\\\/lasentinelle.dz\\\/\",\"logo\":{\"@type\":\"ImageObject\",\"inLanguage\":\"fr-FR\",\"@id\":\"https:\\\/\\\/lasentinelle.dz\\\/#\\\/schema\\\/logo\\\/image\\\/\",\"url\":\"https:\\\/\\\/lasentinelle.dz\\\/wp-content\\\/uploads\\\/2021\\\/09\\\/logo-sentinelleSLOGAN-1.png\",\"contentUrl\":\"https:\\\/\\\/lasentinelle.dz\\\/wp-content\\\/uploads\\\/2021\\\/09\\\/logo-sentinelleSLOGAN-1.png\",\"width\":615,\"height\":142,\"caption\":\"Quotidien La Sentinelle\"},\"image\":{\"@id\":\"https:\\\/\\\/lasentinelle.dz\\\/#\\\/schema\\\/logo\\\/image\\\/\"},\"sameAs\":[\"https:\\\/\\\/www.facebook.com\\\/La-Sentinelle-104059864394773\"]},{\"@type\":\"Person\",\"@id\":\"https:\\\/\\\/lasentinelle.dz\\\/#\\\/schema\\\/person\\\/d865044e22e70a75174ce8bcad3acfb3\",\"name\":\"La Sentinelle\",\"image\":{\"@type\":\"ImageObject\",\"inLanguage\":\"fr-FR\",\"@id\":\"https:\\\/\\\/secure.gravatar.com\\\/avatar\\\/57de8e5d4b15d43fb361a71fbb36338450fe67865b528a43dd10ef7c51a20392?s=96&d=mm&r=g\",\"url\":\"https:\\\/\\\/secure.gravatar.com\\\/avatar\\\/57de8e5d4b15d43fb361a71fbb36338450fe67865b528a43dd10ef7c51a20392?s=96&d=mm&r=g\",\"contentUrl\":\"https:\\\/\\\/secure.gravatar.com\\\/avatar\\\/57de8e5d4b15d43fb361a71fbb36338450fe67865b528a43dd10ef7c51a20392?s=96&d=mm&r=g\",\"caption\":\"La Sentinelle\"},\"sameAs\":[\"http:\\\/\\\/www.lasentinelle.dz\"],\"url\":\"https:\\\/\\\/lasentinelle.dz\\\/author\\\/redaction\\\/\"}]}<\/script>\n<!-- \/ Yoast SEO plugin. -->","yoast_head_json":{"title":"Ouverture \u00e0 Alger de la 18e \u00e9dition SIEE-Pollutec\u00a0: L\u2019am\u00e9lioration des services de l\u2019eau au c\u0153ur du Salon - La Sentinelle","robots":{"index":"index","follow":"follow","max-snippet":"max-snippet:-1","max-image-preview":"max-image-preview:large","max-video-preview":"max-video-preview:-1"},"canonical":"https:\/\/lasentinelle.dz\/index.php\/2023\/05\/16\/ouverture-a-alger-de-la-18e-edition-siee-pollutec-lamelioration-des-services-de-leau-au-coeur-du-salon\/","og_locale":"fr_FR","og_type":"article","og_title":"Ouverture \u00e0 Alger de la 18e \u00e9dition SIEE-Pollutec\u00a0: L\u2019am\u00e9lioration des services de l\u2019eau au c\u0153ur du Salon - La Sentinelle","og_description":"La 18\u00e8me \u00e9dition du Salon international des \u00e9quipements, des technologies et des services de l&rsquo;eau \u00abSIEE-Pollutec 2023\u00bb s&rsquo;est ouverte, hier\u00e0","og_url":"https:\/\/lasentinelle.dz\/index.php\/2023\/05\/16\/ouverture-a-alger-de-la-18e-edition-siee-pollutec-lamelioration-des-services-de-leau-au-coeur-du-salon\/","og_site_name":"La Sentinelle","article_publisher":"https:\/\/www.facebook.com\/La-Sentinelle-104059864394773","article_published_time":"2023-05-16T21:05:00+00:00","og_image":[{"width":1080,"height":720,"url":"https:\/\/lasentinelle.dz\/wp-content\/uploads\/2023\/05\/image_2023-05-16_201312993.png","type":"image\/png"}],"author":"La Sentinelle","twitter_card":"summary_large_image","twitter_misc":{"\u00c9crit par":"La Sentinelle","Dur\u00e9e de lecture estim\u00e9e":"2 minutes"},"schema":{"@context":"https:\/\/schema.org","@graph":[{"@type":"Article","@id":"https:\/\/lasentinelle.dz\/index.php\/2023\/05\/16\/ouverture-a-alger-de-la-18e-edition-siee-pollutec-lamelioration-des-services-de-leau-au-coeur-du-salon\/#article","isPartOf":{"@id":"https:\/\/lasentinelle.dz\/index.php\/2023\/05\/16\/ouverture-a-alger-de-la-18e-edition-siee-pollutec-lamelioration-des-services-de-leau-au-coeur-du-salon\/"},"author":{"name":"La Sentinelle","@id":"https:\/\/lasentinelle.dz\/#\/schema\/person\/d865044e22e70a75174ce8bcad3acfb3"},"headline":"Ouverture \u00e0 Alger de la 18e \u00e9dition SIEE-Pollutec\u00a0: L\u2019am\u00e9lioration des services de l\u2019eau au c\u0153ur du Salon","datePublished":"2023-05-16T21:05:00+00:00","mainEntityOfPage":{"@id":"https:\/\/lasentinelle.dz\/index.php\/2023\/05\/16\/ouverture-a-alger-de-la-18e-edition-siee-pollutec-lamelioration-des-services-de-leau-au-coeur-du-salon\/"},"wordCount":417,"commentCount":0,"publisher":{"@id":"https:\/\/lasentinelle.dz\/#organization"},"image":{"@id":"https:\/\/lasentinelle.dz\/index.php\/2023\/05\/16\/ouverture-a-alger-de-la-18e-edition-siee-pollutec-lamelioration-des-services-de-leau-au-coeur-du-salon\/#primaryimage"},"thumbnailUrl":"https:\/\/lasentinelle.dz\/wp-content\/uploads\/2023\/05\/image_2023-05-16_201312993.png","articleSection":["\u00c9conomie"],"inLanguage":"fr-FR","potentialAction":[{"@type":"CommentAction","name":"Comment","target":["https:\/\/lasentinelle.dz\/index.php\/2023\/05\/16\/ouverture-a-alger-de-la-18e-edition-siee-pollutec-lamelioration-des-services-de-leau-au-coeur-du-salon\/#respond"]}]},{"@type":"WebPage","@id":"https:\/\/lasentinelle.dz\/index.php\/2023\/05\/16\/ouverture-a-alger-de-la-18e-edition-siee-pollutec-lamelioration-des-services-de-leau-au-coeur-du-salon\/","url":"https:\/\/lasentinelle.dz\/index.php\/2023\/05\/16\/ouverture-a-alger-de-la-18e-edition-siee-pollutec-lamelioration-des-services-de-leau-au-coeur-du-salon\/","name":"Ouverture \u00e0 Alger de la 18e \u00e9dition SIEE-Pollutec\u00a0: L\u2019am\u00e9lioration des services de l\u2019eau au c\u0153ur du Salon - La Sentinelle","isPartOf":{"@id":"https:\/\/lasentinelle.dz\/#website"},"primaryImageOfPage":{"@id":"https:\/\/lasentinelle.dz\/index.php\/2023\/05\/16\/ouverture-a-alger-de-la-18e-edition-siee-pollutec-lamelioration-des-services-de-leau-au-coeur-du-salon\/#primaryimage"},"image":{"@id":"https:\/\/lasentinelle.dz\/index.php\/2023\/05\/16\/ouverture-a-alger-de-la-18e-edition-siee-pollutec-lamelioration-des-services-de-leau-au-coeur-du-salon\/#primaryimage"},"thumbnailUrl":"https:\/\/lasentinelle.dz\/wp-content\/uploads\/2023\/05\/image_2023-05-16_201312993.png","datePublished":"2023-05-16T21:05:00+00:00","breadcrumb":{"@id":"https:\/\/lasentinelle.dz\/index.php\/2023\/05\/16\/ouverture-a-alger-de-la-18e-edition-siee-pollutec-lamelioration-des-services-de-leau-au-coeur-du-salon\/#breadcrumb"},"inLanguage":"fr-FR","potentialAction":[{"@type":"ReadAction","target":["https:\/\/lasentinelle.dz\/index.php\/2023\/05\/16\/ouverture-a-alger-de-la-18e-edition-siee-pollutec-lamelioration-des-services-de-leau-au-coeur-du-salon\/"]}]},{"@type":"ImageObject","inLanguage":"fr-FR","@id":"https:\/\/lasentinelle.dz\/index.php\/2023\/05\/16\/ouverture-a-alger-de-la-18e-edition-siee-pollutec-lamelioration-des-services-de-leau-au-coeur-du-salon\/#primaryimage","url":"https:\/\/lasentinelle.dz\/wp-content\/uploads\/2023\/05\/image_2023-05-16_201312993.png","contentUrl":"https:\/\/lasentinelle.dz\/wp-content\/uploads\/2023\/05\/image_2023-05-16_201312993.png","width":1080,"height":720},{"@type":"BreadcrumbList","@id":"https:\/\/lasentinelle.dz\/index.php\/2023\/05\/16\/ouverture-a-alger-de-la-18e-edition-siee-pollutec-lamelioration-des-services-de-leau-au-coeur-du-salon\/#breadcrumb","itemListElement":[{"@type":"ListItem","position":1,"name":"Accueil","item":"https:\/\/lasentinelle.dz\/"},{"@type":"ListItem","position":2,"name":"Ouverture \u00e0 Alger de la 18e \u00e9dition SIEE-Pollutec\u00a0: L\u2019am\u00e9lioration des services de l\u2019eau au c\u0153ur du Salon"}]},{"@type":"WebSite","@id":"https:\/\/lasentinelle.dz\/#website","url":"https:\/\/lasentinelle.dz\/","name":"La Sentinelle","description":"Quotidien national d&#039;information","publisher":{"@id":"https:\/\/lasentinelle.dz\/#organization"},"potentialAction":[{"@type":"SearchAction","target":{"@type":"EntryPoint","urlTemplate":"https:\/\/lasentinelle.dz\/?s={search_term_string}"},"query-input":{"@type":"PropertyValueSpecification","valueRequired":true,"valueName":"search_term_string"}}],"inLanguage":"fr-FR"},{"@type":"Organization","@id":"https:\/\/lasentinelle.dz\/#organization","name":"Quotidien La Sentinelle","url":"https:\/\/lasentinelle.dz\/","logo":{"@type":"ImageObject","inLanguage":"fr-FR","@id":"https:\/\/lasentinelle.dz\/#\/schema\/logo\/image\/","url":"https:\/\/lasentinelle.dz\/wp-content\/uploads\/2021\/09\/logo-sentinelleSLOGAN-1.png","contentUrl":"https:\/\/lasentinelle.dz\/wp-content\/uploads\/2021\/09\/logo-sentinelleSLOGAN-1.png","width":615,"height":142,"caption":"Quotidien La Sentinelle"},"image":{"@id":"https:\/\/lasentinelle.dz\/#\/schema\/logo\/image\/"},"sameAs":["https:\/\/www.facebook.com\/La-Sentinelle-104059864394773"]},{"@type":"Person","@id":"https:\/\/lasentinelle.dz\/#\/schema\/person\/d865044e22e70a75174ce8bcad3acfb3","name":"La Sentinelle","image":{"@type":"ImageObject","inLanguage":"fr-FR","@id":"https:\/\/secure.gravatar.com\/avatar\/57de8e5d4b15d43fb361a71fbb36338450fe67865b528a43dd10ef7c51a20392?s=96&d=mm&r=g","url":"https:\/\/secure.gravatar.com\/avatar\/57de8e5d4b15d43fb361a71fbb36338450fe67865b528a43dd10ef7c51a20392?s=96&d=mm&r=g","contentUrl":"https:\/\/secure.gravatar.com\/avatar\/57de8e5d4b15d43fb361a71fbb36338450fe67865b528a43dd10ef7c51a20392?s=96&d=mm&r=g","caption":"La Sentinelle"},"sameAs":["http:\/\/www.lasentinelle.dz"],"url":"https:\/\/lasentinelle.dz\/author\/redaction\/"}]}},"_links":{"self":[{"href":"https:\/\/lasentinelle.dz\/index.php\/wp-json\/wp\/v2\/posts\/41143","targetHints":{"allow":["GET"]}}],"collection":[{"href":"https:\/\/lasentinelle.dz\/index.php\/wp-json\/wp\/v2\/posts"}],"about":[{"href":"https:\/\/lasentinelle.dz\/index.php\/wp-json\/wp\/v2\/types\/post"}],"author":[{"embeddable":true,"href":"https:\/\/lasentinelle.dz\/index.php\/wp-json\/wp\/v2\/users\/3"}],"replies":[{"embeddable":true,"href":"https:\/\/lasentinelle.dz\/index.php\/wp-json\/wp\/v2\/comments?post=41143"}],"version-history":[{"count":1,"href":"https:\/\/lasentinelle.dz\/index.php\/wp-json\/wp\/v2\/posts\/41143\/revisions"}],"predecessor-version":[{"id":41176,"href":"https:\/\/lasentinelle.dz\/index.php\/wp-json\/wp\/v2\/posts\/41143\/revisions\/41176"}],"wp:featuredmedia":[{"embeddable":true,"href":"https:\/\/lasentinelle.dz\/index.php\/wp-json\/wp\/v2\/media\/41174"}],"wp:attachment":[{"href":"https:\/\/lasentinelle.dz\/index.php\/wp-json\/wp\/v2\/media?parent=41143"}],"wp:term":[{"taxonomy":"category","embeddable":true,"href":"https:\/\/lasentinelle.dz\/index.php\/wp-json\/wp\/v2\/categories?post=41143"},{"taxonomy":"post_tag","embeddable":true,"href":"https:\/\/lasentinelle.dz\/index.php\/wp-json\/wp\/v2\/tags?post=41143"}],"curies":[{"name":"wp","href":"https:\/\/api.w.org\/{rel}","templated":true}]}}