{"id":41163,"date":"2023-05-16T22:08:00","date_gmt":"2023-05-16T21:08:00","guid":{"rendered":"https:\/\/lasentinelle.dz\/?p=41163"},"modified":"2023-05-16T18:47:01","modified_gmt":"2023-05-16T17:47:01","slug":"coupe-de-la-caf-les-rouge-et-noir-ont-rendez-vous-avec-lhistoire","status":"publish","type":"post","link":"https:\/\/lasentinelle.dz\/index.php\/2023\/05\/16\/coupe-de-la-caf-les-rouge-et-noir-ont-rendez-vous-avec-lhistoire\/","title":{"rendered":"Coupe de la CAF\u00a0: Les \u00ab\u00a0Rouge et Noir\u00a0\u00bb ont rendez-vous avec l\u2019Histoire"},"content":{"rendered":"\n<p>L\u2019USM Alg\u00e9rie doit affronter ce soir dans le l\u2019antre olympique du 5-juillet l\u2019Asec Mimosa pour le compte de la demi-finale retour de la Coupe de la CAF. Une victoire lui permettra d\u2019atteindre la finale de la Coupe de la CAF, huit ann\u00e9es apr\u00e8s avoir atteint la finale de la Ligue des champions, perdue face aux Congolais du TP Mazembe et pourquoi pas tenter de d\u00e9crocher un troph\u00e9e continental historique pour le club de Soustara.<\/p>\n\n\n\n<p>C\u2019est en tout cas l\u2019objectif que s\u2019est fix\u00e9 le coach des \u00ab&nbsp;Rouge et Noir&nbsp;\u00bb, Abdelhak Benchikha. Le coach qui a gagn\u00e9 la Supercoupe de la CAF en 2022 avec le club marocain de l\u2019AS Berkane et a Coupe nord-africaine des clubs champions 2009 avec le Club africain tunisien, ne cache pas d\u2019ailleurs son souhait de remporter un troph\u00e9e continental pour l\u2019Alg\u00e9rie avec l\u2019USMA. Un souhait qu\u2019il a affich\u00e9 hier en conf\u00e9rence de presse d\u2019avant-match. \u00ab&nbsp;Je veux gagner dans mon pays. J&rsquo;ai gagn\u00e9 en dehors de celui-ci au Maroc la Supercoupe d&rsquo;Afrique et la Coupe du Tr\u00f4ne. J&rsquo;ai remport\u00e9 le championnat et le championnat d&rsquo;Afrique du Nord en Tunisie. C&rsquo;est une chose tr\u00e8s motivante pour moi, ma famille, mes amis et tous ceux qui me connaissent et je veux aussi y parvenir dans mon pays&nbsp;\u00bb, a-t-il indiqu\u00e9.<\/p>\n\n\n\n<p>Le coach des Rouge et Noir est aussi conscient de l\u2019enjeu du match de ce soir. Il a soulign\u00e9 que son \u00e9quipe et ses joueurs ont rendez-vous avec l\u2019Histoire.<\/p>\n\n\n\n<p>Les deux \u00e9quipes ont fait match nul et vierge lors du match aller qui s&rsquo;est d\u00e9roul\u00e9 dans la ville ivoirienne de Bouak\u00e9. Benchikha a a estim\u00e9 dans ce sens que le match de soir sera difficile. &nbsp;\u00ab&nbsp;Nous avons rendez-vous avec l&rsquo;histoire. Si Dieu le veut, nous serons au niveau. Ce n&rsquo;est pas la premi\u00e8re fois que nous avons une rencontre sensible comme celle-ci.&nbsp;Nous voulons gagner et nous allons nous battre pour \u00e7a&nbsp;\u00bb, a-t-il dit.<\/p>\n\n\n\n<p>\u00ab\u00a0L&rsquo;USMA a besoin d\u2019un titre continental, on croit dur comme fer en nos chances. Je ne suis pas un vendeur de r\u00eaves, mais croyez-moi, ce titre africain on le veut, il nous tient vraiment \u00e0 c\u0153ur. On va se battre pour r\u00e9aliser notre r\u00eave. On doit rester serein pour y arriver\u00a0\u00bb, a affirm\u00e9 l&rsquo;entra\u00eeneur du vieux club alg\u00e9rois Abdelhak Benchikha. Sur le plan de l&rsquo;effectif, l&rsquo;USMA devra se pr\u00e9senter au \u00a0\u00bbgrand complet\u00a0\u00bb, avec l&rsquo;ensemble de ses joueurs. L&rsquo;ailier gauche Abderrahmane Meziane, r\u00e9tabli de sa blessure, a repris l&rsquo;entra\u00eenement collectif, et sera d&rsquo;un pr\u00e9cieux apport pour la ligne offensive des \u00ab\u00a0Rouge et Noir\u00a0\u00bb. Les Ivoiriens, qualifi\u00e9s aux demi-finales aux d\u00e9pens des Tunisiens de l&rsquo;US Monastir (aller : 0-0, retour: 2-0), n&rsquo;ont pas dit leur dernier mot. Ayant domin\u00e9s le match aller disput\u00e9 au stade de la Paix de Bouak\u00e9, les co\u00e9quipiers de Karamoko Sankara tenteront de jouer leur va-tout jusqu&rsquo;au bout, d&rsquo;autant qu&rsquo;ils n&rsquo;auront rien \u00e0 perdre mais tout \u00e0 gagner. \u00ab\u00a0Nous devons rester concentr\u00e9s et mobilis\u00e9s, car rien n&rsquo;est encore acquis. Le r\u00e9sultat positif d\u00e9croch\u00e9 chez eux est un score pi\u00e8ge, chose qui doit nous pousser \u00e0 tout faire pour gagner devant nos supporters et valider notre qualification pour la grande finale\u00a0\u00bb, a affirm\u00e9 le milieu offensif Abdelkrim Zouari. Contrairement \u00e0 la premi\u00e8re rencontre, marqu\u00e9e par une rude bataille tactique et une vigilance de part et d&rsquo;autre, ce match retour s&rsquo;annonce ouvert, puisque les deux protagonistes vont se d\u00e9couvrir et oser en attaque.&nbsp;&nbsp;<\/p>\n\n\n\n<p>Rappelons que les Rouge et Noir sont entr\u00e9s lundi en stage bloqu\u00e9 au CTN de sidi Moussa pour se pr\u00e9parer au match de ce soir.<\/p>\n\n\n\n<p>Les prot\u00e9g\u00e9s d&rsquo;Abdelhak Benchikha se sont entra\u00een\u00e9s sur le terrain en gazon naturel du CTN de Sidi Moussa. Les joueurs \u00e9taient anim\u00e9s d&rsquo;une grande volont\u00e9 pour bien n\u00e9gocier cette manche retour face aux Ivoiriens de l&rsquo;ASEC Mimosas et se qualifier pour la finale de la Coupe de la conf\u00e9d\u00e9ration africaine, mercredi prochain au stade du 5- juillet 1962. Il est utile de rappeler que la F\u00e9d\u00e9ration alg\u00e9rienne de football a mis \u00e0 la disposition de l\u2019USMA le centre technique des \u00e9quipes nationales de Sidi Moussa pour mettre l&rsquo;\u00e9quipe dans d&rsquo;excellentes conditions de travail.<\/p>\n\n\n\n<p>Notons enfin que la Conf\u00e9d\u00e9ration Africaine de Football a d\u00e9sign\u00e9 l&rsquo;arbitre qui va diriger cette rencontre. &nbsp;Il s&rsquo;agit donc de l\u2019arbitre gabonais Pierre Ghislain Atcho. Il sera assist\u00e9 de l\u2019Angolais Jerson Emiliano Dos et du Gabonais Boris Martaise Ditsoga. Le quatri\u00e8me arbitre sera le Gabonais Tanguy Patrice Mebiame. De son c\u00f4t\u00e9, le Tunisien Haythem Guirat a \u00e9t\u00e9 charg\u00e9 de l\u2019assistance vid\u00e9o \u00e0 l\u2019arbitrage (VAR).<\/p>\n\n\n\n<p><strong>Chokri Hafed<\/strong><\/p>\n","protected":false},"excerpt":{"rendered":"<p>L\u2019USM Alg\u00e9rie doit affronter ce soir dans le l\u2019antre olympique du 5-juillet l\u2019Asec Mimosa pour le compte de la demi-finale<\/p>\n","protected":false},"author":3,"featured_media":41164,"comment_status":"open","ping_status":"closed","sticky":false,"template":"","format":"standard","meta":{"colormag_page_container_layout":"default_layout","colormag_page_sidebar_layout":"default_layout","om_disable_all_campaigns":false,"_monsterinsights_skip_tracking":false,"_monsterinsights_sitenote_active":false,"_monsterinsights_sitenote_note":"","_monsterinsights_sitenote_category":0,"footnotes":"","_wpscppro_dont_share_socialmedia":false,"_wpscppro_custom_social_share_image":0,"_facebook_share_type":"","_twitter_share_type":"","_linkedin_share_type":"","_pinterest_share_type":"","_linkedin_share_type_page":"","_instagram_share_type":"","_medium_share_type":"","_threads_share_type":"","_google_business_share_type":"","_selected_social_profile":[],"_wpsp_enable_custom_social_template":false,"_wpsp_social_scheduling":{"enabled":false,"datetime":null,"platforms":[],"status":"template_only","dateOption":"today","timeOption":"now","customDays":"","customHours":"","customDate":"","customTime":"","schedulingType":"absolute"},"_wpsp_active_default_template":true},"categories":[52,33],"tags":[],"class_list":["post-41163","post","type-post","status-publish","format-standard","has-post-thumbnail","hentry","category-a-la-une","category-sports"],"aioseo_notices":[],"yoast_head":"<!-- This site is optimized with the Yoast SEO plugin v27.5 - https:\/\/yoast.com\/product\/yoast-seo-wordpress\/ -->\n<title>Coupe de la CAF\u00a0: Les \u00ab\u00a0Rouge et Noir\u00a0\u00bb ont rendez-vous avec l\u2019Histoire - La Sentinelle<\/title>\n<meta name=\"robots\" content=\"index, follow, max-snippet:-1, max-image-preview:large, max-video-preview:-1\" \/>\n<link rel=\"canonical\" href=\"https:\/\/lasentinelle.dz\/index.php\/2023\/05\/16\/coupe-de-la-caf-les-rouge-et-noir-ont-rendez-vous-avec-lhistoire\/\" \/>\n<meta property=\"og:locale\" content=\"fr_FR\" \/>\n<meta property=\"og:type\" content=\"article\" \/>\n<meta property=\"og:title\" content=\"Coupe de la CAF\u00a0: Les \u00ab\u00a0Rouge et Noir\u00a0\u00bb ont rendez-vous avec l\u2019Histoire - La Sentinelle\" \/>\n<meta property=\"og:description\" content=\"L\u2019USM Alg\u00e9rie doit affronter ce soir dans le l\u2019antre olympique du 5-juillet l\u2019Asec Mimosa pour le compte de la demi-finale\" \/>\n<meta property=\"og:url\" content=\"https:\/\/lasentinelle.dz\/index.php\/2023\/05\/16\/coupe-de-la-caf-les-rouge-et-noir-ont-rendez-vous-avec-lhistoire\/\" \/>\n<meta property=\"og:site_name\" content=\"La Sentinelle\" \/>\n<meta property=\"article:publisher\" content=\"https:\/\/www.facebook.com\/La-Sentinelle-104059864394773\" \/>\n<meta property=\"article:published_time\" content=\"2023-05-16T21:08:00+00:00\" \/>\n<meta property=\"og:image\" content=\"https:\/\/lasentinelle.dz\/wp-content\/uploads\/2023\/05\/USMA-1.png\" \/>\n\t<meta property=\"og:image:width\" content=\"1325\" \/>\n\t<meta property=\"og:image:height\" content=\"900\" \/>\n\t<meta property=\"og:image:type\" content=\"image\/png\" \/>\n<meta name=\"author\" content=\"La Sentinelle\" \/>\n<meta name=\"twitter:card\" content=\"summary_large_image\" \/>\n<meta name=\"twitter:label1\" content=\"\u00c9crit par\" \/>\n\t<meta name=\"twitter:data1\" content=\"La Sentinelle\" \/>\n\t<meta name=\"twitter:label2\" content=\"Dur\u00e9e de lecture estim\u00e9e\" \/>\n\t<meta name=\"twitter:data2\" content=\"4 minutes\" \/>\n<script type=\"application\/ld+json\" class=\"yoast-schema-graph\">{\"@context\":\"https:\\\/\\\/schema.org\",\"@graph\":[{\"@type\":\"Article\",\"@id\":\"https:\\\/\\\/lasentinelle.dz\\\/index.php\\\/2023\\\/05\\\/16\\\/coupe-de-la-caf-les-rouge-et-noir-ont-rendez-vous-avec-lhistoire\\\/#article\",\"isPartOf\":{\"@id\":\"https:\\\/\\\/lasentinelle.dz\\\/index.php\\\/2023\\\/05\\\/16\\\/coupe-de-la-caf-les-rouge-et-noir-ont-rendez-vous-avec-lhistoire\\\/\"},\"author\":{\"name\":\"La Sentinelle\",\"@id\":\"https:\\\/\\\/lasentinelle.dz\\\/#\\\/schema\\\/person\\\/d865044e22e70a75174ce8bcad3acfb3\"},\"headline\":\"Coupe de la CAF\u00a0: Les \u00ab\u00a0Rouge et Noir\u00a0\u00bb ont rendez-vous avec l\u2019Histoire\",\"datePublished\":\"2023-05-16T21:08:00+00:00\",\"mainEntityOfPage\":{\"@id\":\"https:\\\/\\\/lasentinelle.dz\\\/index.php\\\/2023\\\/05\\\/16\\\/coupe-de-la-caf-les-rouge-et-noir-ont-rendez-vous-avec-lhistoire\\\/\"},\"wordCount\":860,\"commentCount\":0,\"publisher\":{\"@id\":\"https:\\\/\\\/lasentinelle.dz\\\/#organization\"},\"image\":{\"@id\":\"https:\\\/\\\/lasentinelle.dz\\\/index.php\\\/2023\\\/05\\\/16\\\/coupe-de-la-caf-les-rouge-et-noir-ont-rendez-vous-avec-lhistoire\\\/#primaryimage\"},\"thumbnailUrl\":\"https:\\\/\\\/lasentinelle.dz\\\/wp-content\\\/uploads\\\/2023\\\/05\\\/USMA-1.png\",\"articleSection\":[\"\u00c0 la Une\",\"Sports\"],\"inLanguage\":\"fr-FR\",\"potentialAction\":[{\"@type\":\"CommentAction\",\"name\":\"Comment\",\"target\":[\"https:\\\/\\\/lasentinelle.dz\\\/index.php\\\/2023\\\/05\\\/16\\\/coupe-de-la-caf-les-rouge-et-noir-ont-rendez-vous-avec-lhistoire\\\/#respond\"]}]},{\"@type\":\"WebPage\",\"@id\":\"https:\\\/\\\/lasentinelle.dz\\\/index.php\\\/2023\\\/05\\\/16\\\/coupe-de-la-caf-les-rouge-et-noir-ont-rendez-vous-avec-lhistoire\\\/\",\"url\":\"https:\\\/\\\/lasentinelle.dz\\\/index.php\\\/2023\\\/05\\\/16\\\/coupe-de-la-caf-les-rouge-et-noir-ont-rendez-vous-avec-lhistoire\\\/\",\"name\":\"Coupe de la CAF\u00a0: Les \u00ab\u00a0Rouge et Noir\u00a0\u00bb ont rendez-vous avec l\u2019Histoire - La Sentinelle\",\"isPartOf\":{\"@id\":\"https:\\\/\\\/lasentinelle.dz\\\/#website\"},\"primaryImageOfPage\":{\"@id\":\"https:\\\/\\\/lasentinelle.dz\\\/index.php\\\/2023\\\/05\\\/16\\\/coupe-de-la-caf-les-rouge-et-noir-ont-rendez-vous-avec-lhistoire\\\/#primaryimage\"},\"image\":{\"@id\":\"https:\\\/\\\/lasentinelle.dz\\\/index.php\\\/2023\\\/05\\\/16\\\/coupe-de-la-caf-les-rouge-et-noir-ont-rendez-vous-avec-lhistoire\\\/#primaryimage\"},\"thumbnailUrl\":\"https:\\\/\\\/lasentinelle.dz\\\/wp-content\\\/uploads\\\/2023\\\/05\\\/USMA-1.png\",\"datePublished\":\"2023-05-16T21:08:00+00:00\",\"breadcrumb\":{\"@id\":\"https:\\\/\\\/lasentinelle.dz\\\/index.php\\\/2023\\\/05\\\/16\\\/coupe-de-la-caf-les-rouge-et-noir-ont-rendez-vous-avec-lhistoire\\\/#breadcrumb\"},\"inLanguage\":\"fr-FR\",\"potentialAction\":[{\"@type\":\"ReadAction\",\"target\":[\"https:\\\/\\\/lasentinelle.dz\\\/index.php\\\/2023\\\/05\\\/16\\\/coupe-de-la-caf-les-rouge-et-noir-ont-rendez-vous-avec-lhistoire\\\/\"]}]},{\"@type\":\"ImageObject\",\"inLanguage\":\"fr-FR\",\"@id\":\"https:\\\/\\\/lasentinelle.dz\\\/index.php\\\/2023\\\/05\\\/16\\\/coupe-de-la-caf-les-rouge-et-noir-ont-rendez-vous-avec-lhistoire\\\/#primaryimage\",\"url\":\"https:\\\/\\\/lasentinelle.dz\\\/wp-content\\\/uploads\\\/2023\\\/05\\\/USMA-1.png\",\"contentUrl\":\"https:\\\/\\\/lasentinelle.dz\\\/wp-content\\\/uploads\\\/2023\\\/05\\\/USMA-1.png\",\"width\":1325,\"height\":900},{\"@type\":\"BreadcrumbList\",\"@id\":\"https:\\\/\\\/lasentinelle.dz\\\/index.php\\\/2023\\\/05\\\/16\\\/coupe-de-la-caf-les-rouge-et-noir-ont-rendez-vous-avec-lhistoire\\\/#breadcrumb\",\"itemListElement\":[{\"@type\":\"ListItem\",\"position\":1,\"name\":\"Accueil\",\"item\":\"https:\\\/\\\/lasentinelle.dz\\\/\"},{\"@type\":\"ListItem\",\"position\":2,\"name\":\"Coupe de la CAF\u00a0: Les \u00ab\u00a0Rouge et Noir\u00a0\u00bb ont rendez-vous avec l\u2019Histoire\"}]},{\"@type\":\"WebSite\",\"@id\":\"https:\\\/\\\/lasentinelle.dz\\\/#website\",\"url\":\"https:\\\/\\\/lasentinelle.dz\\\/\",\"name\":\"La Sentinelle\",\"description\":\"Quotidien national d&#039;information\",\"publisher\":{\"@id\":\"https:\\\/\\\/lasentinelle.dz\\\/#organization\"},\"potentialAction\":[{\"@type\":\"SearchAction\",\"target\":{\"@type\":\"EntryPoint\",\"urlTemplate\":\"https:\\\/\\\/lasentinelle.dz\\\/?s={search_term_string}\"},\"query-input\":{\"@type\":\"PropertyValueSpecification\",\"valueRequired\":true,\"valueName\":\"search_term_string\"}}],\"inLanguage\":\"fr-FR\"},{\"@type\":\"Organization\",\"@id\":\"https:\\\/\\\/lasentinelle.dz\\\/#organization\",\"name\":\"Quotidien La Sentinelle\",\"url\":\"https:\\\/\\\/lasentinelle.dz\\\/\",\"logo\":{\"@type\":\"ImageObject\",\"inLanguage\":\"fr-FR\",\"@id\":\"https:\\\/\\\/lasentinelle.dz\\\/#\\\/schema\\\/logo\\\/image\\\/\",\"url\":\"https:\\\/\\\/lasentinelle.dz\\\/wp-content\\\/uploads\\\/2021\\\/09\\\/logo-sentinelleSLOGAN-1.png\",\"contentUrl\":\"https:\\\/\\\/lasentinelle.dz\\\/wp-content\\\/uploads\\\/2021\\\/09\\\/logo-sentinelleSLOGAN-1.png\",\"width\":615,\"height\":142,\"caption\":\"Quotidien La Sentinelle\"},\"image\":{\"@id\":\"https:\\\/\\\/lasentinelle.dz\\\/#\\\/schema\\\/logo\\\/image\\\/\"},\"sameAs\":[\"https:\\\/\\\/www.facebook.com\\\/La-Sentinelle-104059864394773\"]},{\"@type\":\"Person\",\"@id\":\"https:\\\/\\\/lasentinelle.dz\\\/#\\\/schema\\\/person\\\/d865044e22e70a75174ce8bcad3acfb3\",\"name\":\"La Sentinelle\",\"image\":{\"@type\":\"ImageObject\",\"inLanguage\":\"fr-FR\",\"@id\":\"https:\\\/\\\/secure.gravatar.com\\\/avatar\\\/57de8e5d4b15d43fb361a71fbb36338450fe67865b528a43dd10ef7c51a20392?s=96&d=mm&r=g\",\"url\":\"https:\\\/\\\/secure.gravatar.com\\\/avatar\\\/57de8e5d4b15d43fb361a71fbb36338450fe67865b528a43dd10ef7c51a20392?s=96&d=mm&r=g\",\"contentUrl\":\"https:\\\/\\\/secure.gravatar.com\\\/avatar\\\/57de8e5d4b15d43fb361a71fbb36338450fe67865b528a43dd10ef7c51a20392?s=96&d=mm&r=g\",\"caption\":\"La Sentinelle\"},\"sameAs\":[\"http:\\\/\\\/www.lasentinelle.dz\"],\"url\":\"https:\\\/\\\/lasentinelle.dz\\\/author\\\/redaction\\\/\"}]}<\/script>\n<!-- \/ Yoast SEO plugin. -->","yoast_head_json":{"title":"Coupe de la CAF\u00a0: Les \u00ab\u00a0Rouge et Noir\u00a0\u00bb ont rendez-vous avec l\u2019Histoire - La Sentinelle","robots":{"index":"index","follow":"follow","max-snippet":"max-snippet:-1","max-image-preview":"max-image-preview:large","max-video-preview":"max-video-preview:-1"},"canonical":"https:\/\/lasentinelle.dz\/index.php\/2023\/05\/16\/coupe-de-la-caf-les-rouge-et-noir-ont-rendez-vous-avec-lhistoire\/","og_locale":"fr_FR","og_type":"article","og_title":"Coupe de la CAF\u00a0: Les \u00ab\u00a0Rouge et Noir\u00a0\u00bb ont rendez-vous avec l\u2019Histoire - La Sentinelle","og_description":"L\u2019USM Alg\u00e9rie doit affronter ce soir dans le l\u2019antre olympique du 5-juillet l\u2019Asec Mimosa pour le compte de la demi-finale","og_url":"https:\/\/lasentinelle.dz\/index.php\/2023\/05\/16\/coupe-de-la-caf-les-rouge-et-noir-ont-rendez-vous-avec-lhistoire\/","og_site_name":"La Sentinelle","article_publisher":"https:\/\/www.facebook.com\/La-Sentinelle-104059864394773","article_published_time":"2023-05-16T21:08:00+00:00","og_image":[{"width":1325,"height":900,"url":"https:\/\/lasentinelle.dz\/wp-content\/uploads\/2023\/05\/USMA-1.png","type":"image\/png"}],"author":"La Sentinelle","twitter_card":"summary_large_image","twitter_misc":{"\u00c9crit par":"La Sentinelle","Dur\u00e9e de lecture estim\u00e9e":"4 minutes"},"schema":{"@context":"https:\/\/schema.org","@graph":[{"@type":"Article","@id":"https:\/\/lasentinelle.dz\/index.php\/2023\/05\/16\/coupe-de-la-caf-les-rouge-et-noir-ont-rendez-vous-avec-lhistoire\/#article","isPartOf":{"@id":"https:\/\/lasentinelle.dz\/index.php\/2023\/05\/16\/coupe-de-la-caf-les-rouge-et-noir-ont-rendez-vous-avec-lhistoire\/"},"author":{"name":"La Sentinelle","@id":"https:\/\/lasentinelle.dz\/#\/schema\/person\/d865044e22e70a75174ce8bcad3acfb3"},"headline":"Coupe de la CAF\u00a0: Les \u00ab\u00a0Rouge et Noir\u00a0\u00bb ont rendez-vous avec l\u2019Histoire","datePublished":"2023-05-16T21:08:00+00:00","mainEntityOfPage":{"@id":"https:\/\/lasentinelle.dz\/index.php\/2023\/05\/16\/coupe-de-la-caf-les-rouge-et-noir-ont-rendez-vous-avec-lhistoire\/"},"wordCount":860,"commentCount":0,"publisher":{"@id":"https:\/\/lasentinelle.dz\/#organization"},"image":{"@id":"https:\/\/lasentinelle.dz\/index.php\/2023\/05\/16\/coupe-de-la-caf-les-rouge-et-noir-ont-rendez-vous-avec-lhistoire\/#primaryimage"},"thumbnailUrl":"https:\/\/lasentinelle.dz\/wp-content\/uploads\/2023\/05\/USMA-1.png","articleSection":["\u00c0 la Une","Sports"],"inLanguage":"fr-FR","potentialAction":[{"@type":"CommentAction","name":"Comment","target":["https:\/\/lasentinelle.dz\/index.php\/2023\/05\/16\/coupe-de-la-caf-les-rouge-et-noir-ont-rendez-vous-avec-lhistoire\/#respond"]}]},{"@type":"WebPage","@id":"https:\/\/lasentinelle.dz\/index.php\/2023\/05\/16\/coupe-de-la-caf-les-rouge-et-noir-ont-rendez-vous-avec-lhistoire\/","url":"https:\/\/lasentinelle.dz\/index.php\/2023\/05\/16\/coupe-de-la-caf-les-rouge-et-noir-ont-rendez-vous-avec-lhistoire\/","name":"Coupe de la CAF\u00a0: Les \u00ab\u00a0Rouge et Noir\u00a0\u00bb ont rendez-vous avec l\u2019Histoire - La Sentinelle","isPartOf":{"@id":"https:\/\/lasentinelle.dz\/#website"},"primaryImageOfPage":{"@id":"https:\/\/lasentinelle.dz\/index.php\/2023\/05\/16\/coupe-de-la-caf-les-rouge-et-noir-ont-rendez-vous-avec-lhistoire\/#primaryimage"},"image":{"@id":"https:\/\/lasentinelle.dz\/index.php\/2023\/05\/16\/coupe-de-la-caf-les-rouge-et-noir-ont-rendez-vous-avec-lhistoire\/#primaryimage"},"thumbnailUrl":"https:\/\/lasentinelle.dz\/wp-content\/uploads\/2023\/05\/USMA-1.png","datePublished":"2023-05-16T21:08:00+00:00","breadcrumb":{"@id":"https:\/\/lasentinelle.dz\/index.php\/2023\/05\/16\/coupe-de-la-caf-les-rouge-et-noir-ont-rendez-vous-avec-lhistoire\/#breadcrumb"},"inLanguage":"fr-FR","potentialAction":[{"@type":"ReadAction","target":["https:\/\/lasentinelle.dz\/index.php\/2023\/05\/16\/coupe-de-la-caf-les-rouge-et-noir-ont-rendez-vous-avec-lhistoire\/"]}]},{"@type":"ImageObject","inLanguage":"fr-FR","@id":"https:\/\/lasentinelle.dz\/index.php\/2023\/05\/16\/coupe-de-la-caf-les-rouge-et-noir-ont-rendez-vous-avec-lhistoire\/#primaryimage","url":"https:\/\/lasentinelle.dz\/wp-content\/uploads\/2023\/05\/USMA-1.png","contentUrl":"https:\/\/lasentinelle.dz\/wp-content\/uploads\/2023\/05\/USMA-1.png","width":1325,"height":900},{"@type":"BreadcrumbList","@id":"https:\/\/lasentinelle.dz\/index.php\/2023\/05\/16\/coupe-de-la-caf-les-rouge-et-noir-ont-rendez-vous-avec-lhistoire\/#breadcrumb","itemListElement":[{"@type":"ListItem","position":1,"name":"Accueil","item":"https:\/\/lasentinelle.dz\/"},{"@type":"ListItem","position":2,"name":"Coupe de la CAF\u00a0: Les \u00ab\u00a0Rouge et Noir\u00a0\u00bb ont rendez-vous avec l\u2019Histoire"}]},{"@type":"WebSite","@id":"https:\/\/lasentinelle.dz\/#website","url":"https:\/\/lasentinelle.dz\/","name":"La Sentinelle","description":"Quotidien national d&#039;information","publisher":{"@id":"https:\/\/lasentinelle.dz\/#organization"},"potentialAction":[{"@type":"SearchAction","target":{"@type":"EntryPoint","urlTemplate":"https:\/\/lasentinelle.dz\/?s={search_term_string}"},"query-input":{"@type":"PropertyValueSpecification","valueRequired":true,"valueName":"search_term_string"}}],"inLanguage":"fr-FR"},{"@type":"Organization","@id":"https:\/\/lasentinelle.dz\/#organization","name":"Quotidien La Sentinelle","url":"https:\/\/lasentinelle.dz\/","logo":{"@type":"ImageObject","inLanguage":"fr-FR","@id":"https:\/\/lasentinelle.dz\/#\/schema\/logo\/image\/","url":"https:\/\/lasentinelle.dz\/wp-content\/uploads\/2021\/09\/logo-sentinelleSLOGAN-1.png","contentUrl":"https:\/\/lasentinelle.dz\/wp-content\/uploads\/2021\/09\/logo-sentinelleSLOGAN-1.png","width":615,"height":142,"caption":"Quotidien La Sentinelle"},"image":{"@id":"https:\/\/lasentinelle.dz\/#\/schema\/logo\/image\/"},"sameAs":["https:\/\/www.facebook.com\/La-Sentinelle-104059864394773"]},{"@type":"Person","@id":"https:\/\/lasentinelle.dz\/#\/schema\/person\/d865044e22e70a75174ce8bcad3acfb3","name":"La Sentinelle","image":{"@type":"ImageObject","inLanguage":"fr-FR","@id":"https:\/\/secure.gravatar.com\/avatar\/57de8e5d4b15d43fb361a71fbb36338450fe67865b528a43dd10ef7c51a20392?s=96&d=mm&r=g","url":"https:\/\/secure.gravatar.com\/avatar\/57de8e5d4b15d43fb361a71fbb36338450fe67865b528a43dd10ef7c51a20392?s=96&d=mm&r=g","contentUrl":"https:\/\/secure.gravatar.com\/avatar\/57de8e5d4b15d43fb361a71fbb36338450fe67865b528a43dd10ef7c51a20392?s=96&d=mm&r=g","caption":"La Sentinelle"},"sameAs":["http:\/\/www.lasentinelle.dz"],"url":"https:\/\/lasentinelle.dz\/author\/redaction\/"}]}},"_links":{"self":[{"href":"https:\/\/lasentinelle.dz\/index.php\/wp-json\/wp\/v2\/posts\/41163","targetHints":{"allow":["GET"]}}],"collection":[{"href":"https:\/\/lasentinelle.dz\/index.php\/wp-json\/wp\/v2\/posts"}],"about":[{"href":"https:\/\/lasentinelle.dz\/index.php\/wp-json\/wp\/v2\/types\/post"}],"author":[{"embeddable":true,"href":"https:\/\/lasentinelle.dz\/index.php\/wp-json\/wp\/v2\/users\/3"}],"replies":[{"embeddable":true,"href":"https:\/\/lasentinelle.dz\/index.php\/wp-json\/wp\/v2\/comments?post=41163"}],"version-history":[{"count":1,"href":"https:\/\/lasentinelle.dz\/index.php\/wp-json\/wp\/v2\/posts\/41163\/revisions"}],"predecessor-version":[{"id":41165,"href":"https:\/\/lasentinelle.dz\/index.php\/wp-json\/wp\/v2\/posts\/41163\/revisions\/41165"}],"wp:featuredmedia":[{"embeddable":true,"href":"https:\/\/lasentinelle.dz\/index.php\/wp-json\/wp\/v2\/media\/41164"}],"wp:attachment":[{"href":"https:\/\/lasentinelle.dz\/index.php\/wp-json\/wp\/v2\/media?parent=41163"}],"wp:term":[{"taxonomy":"category","embeddable":true,"href":"https:\/\/lasentinelle.dz\/index.php\/wp-json\/wp\/v2\/categories?post=41163"},{"taxonomy":"post_tag","embeddable":true,"href":"https:\/\/lasentinelle.dz\/index.php\/wp-json\/wp\/v2\/tags?post=41163"}],"curies":[{"name":"wp","href":"https:\/\/api.w.org\/{rel}","templated":true}]}}