{"id":4122,"date":"2021-08-15T11:43:13","date_gmt":"2021-08-15T10:43:13","guid":{"rendered":"https:\/\/lasentinelle.dz\/?p=4122"},"modified":"2021-08-15T11:43:14","modified_gmt":"2021-08-15T10:43:14","slug":"feux-de-forets-a-bejaia-cap-sur-levaluation-des-degats","status":"publish","type":"post","link":"https:\/\/lasentinelle.dz\/index.php\/2021\/08\/15\/feux-de-forets-a-bejaia-cap-sur-levaluation-des-degats\/","title":{"rendered":"Feux de for\u00eats \u00e0 B\u00e9ja\u00efa : Cap sur l\u2019\u00e9valuation des d\u00e9g\u00e2ts"},"content":{"rendered":"\n<p>Dans la nuit du vendredi \u00e0 samedi, il y a eu quinze nouveaux d\u00e9parts de feux \u00e0 travers \u00a0la wilaya de B\u00e9ja\u00efa, notamment \u00e0 Toudja et Kendira. Hier matin, les services de la Protection civile ont fait \u00e9tat de cinq feux encore en activit\u00e9. La m\u00eame source indique que les \u00e9l\u00e9ments de la Protection civile, de l\u2019ANP et des citoyens volontaires, \u00e9taient \u00e0 pied d\u2019\u0153uvre pour arriver \u00e0 bout de cet enfer qui dure depuis le lundi\u00a0 dernier, transformant toute la r\u00e9gion en une v\u00e9ritable fournaise. Dans tous les cas, plus de six ans hectares de v\u00e9g\u00e9tation sont parties en fum\u00e9e, selon un bilan provisoire, en plus de pertes en vies humaines, estim\u00e9e selon les \u00e9lus de l\u2019Assembl\u00e9e populaire de wilaya \u00e0 onze, dont quatre issus d\u2019une m\u00eame famille dans la localit\u00e9 d\u2019Ait Sidi Ali dans la commune de Barbacha.<\/p>\n\n\n\n<p>Les d\u00e9g\u00e2ts mat\u00e9riels sont \u00e9galement \u00e9normes et il faudra attendre plusieurs jours, peut \u00eatre m\u00eame plusieurs semaines pour \u00e9valuer avec exactitude, l\u2019ampleur des d\u00e9g\u00e2ts caus\u00e9s par cinq journ\u00e9es d\u2019incendies. Des maisons, des \u00e9tables, des poulaillers, des v\u00e9hicules et des champs entiers ainsi que des centaines de ruches et arbres fruitiers, comme les oliviers dont certains sont centenaires, sont r\u00e9duits en cendres.<\/p>\n\n\n\n<p>A premi\u00e8re vue, ces zones ravag\u00e9es par les feux qui ont touch\u00e9 pratiquement tout le territoire de la wilaya, ne risquent pas de se relever de si t\u00f4t, il leur faudra \u00e0 coup s\u00fbr des ann\u00e9es pour pouvoir voir toute la faune et la flore reprendre ses droits dans un espace naturel saccag\u00e9 d\u2019une mani\u00e8re ou d\u2019une autre, par la main de l\u2019homme.<\/p>\n\n\n\n<p>Le seul r\u00e9confort pour le moment, c\u2019est l\u2019annonce faite par les autorit\u00e9s du pays, promettant une indemnisation des sinistr\u00e9s qui se comptent par centaines au niveau national.<strong>Boubekeur Amrani<\/strong><\/p>\n","protected":false},"excerpt":{"rendered":"<p>Dans la nuit du vendredi \u00e0 samedi, il y a eu quinze nouveaux d\u00e9parts de feux \u00e0 travers \u00a0la wilaya<\/p>\n","protected":false},"author":2,"featured_media":3995,"comment_status":"open","ping_status":"closed","sticky":false,"template":"","format":"standard","meta":{"colormag_page_container_layout":"default_layout","colormag_page_sidebar_layout":"default_layout","om_disable_all_campaigns":false,"_monsterinsights_skip_tracking":false,"_monsterinsights_sitenote_active":false,"_monsterinsights_sitenote_note":"","_monsterinsights_sitenote_category":0,"footnotes":"","_wpscppro_dont_share_socialmedia":false,"_wpscppro_custom_social_share_image":0,"_facebook_share_type":"","_twitter_share_type":"","_linkedin_share_type":"","_pinterest_share_type":"","_linkedin_share_type_page":"","_instagram_share_type":"","_medium_share_type":"","_threads_share_type":"","_google_business_share_type":"","_selected_social_profile":[],"_wpsp_enable_custom_social_template":false,"_wpsp_social_scheduling":{"enabled":false,"datetime":null,"platforms":[],"status":"template_only","dateOption":"today","timeOption":"now","customDays":"","customHours":"","customDate":"","customTime":"","schedulingType":"absolute"},"_wpsp_active_default_template":true},"categories":[27],"tags":[],"class_list":["post-4122","post","type-post","status-publish","format-standard","has-post-thumbnail","hentry","category-actualite"],"aioseo_notices":[],"yoast_head":"<!-- This site is optimized with the Yoast SEO plugin v27.5 - https:\/\/yoast.com\/product\/yoast-seo-wordpress\/ -->\n<title>Feux de for\u00eats \u00e0 B\u00e9ja\u00efa : Cap sur l\u2019\u00e9valuation des d\u00e9g\u00e2ts - La Sentinelle<\/title>\n<meta name=\"robots\" content=\"index, follow, max-snippet:-1, max-image-preview:large, max-video-preview:-1\" \/>\n<link rel=\"canonical\" href=\"https:\/\/lasentinelle.dz\/index.php\/2021\/08\/15\/feux-de-forets-a-bejaia-cap-sur-levaluation-des-degats\/\" \/>\n<meta property=\"og:locale\" content=\"fr_FR\" \/>\n<meta property=\"og:type\" content=\"article\" \/>\n<meta property=\"og:title\" content=\"Feux de for\u00eats \u00e0 B\u00e9ja\u00efa : Cap sur l\u2019\u00e9valuation des d\u00e9g\u00e2ts - La Sentinelle\" \/>\n<meta property=\"og:description\" content=\"Dans la nuit du vendredi \u00e0 samedi, il y a eu quinze nouveaux d\u00e9parts de feux \u00e0 travers \u00a0la wilaya\" \/>\n<meta property=\"og:url\" content=\"https:\/\/lasentinelle.dz\/index.php\/2021\/08\/15\/feux-de-forets-a-bejaia-cap-sur-levaluation-des-degats\/\" \/>\n<meta property=\"og:site_name\" content=\"La Sentinelle\" \/>\n<meta property=\"article:publisher\" content=\"https:\/\/www.facebook.com\/La-Sentinelle-104059864394773\" \/>\n<meta property=\"article:published_time\" content=\"2021-08-15T10:43:13+00:00\" \/>\n<meta property=\"article:modified_time\" content=\"2021-08-15T10:43:14+00:00\" \/>\n<meta property=\"og:image\" content=\"https:\/\/lasentinelle.dz\/wp-content\/uploads\/2021\/08\/feut-tizi-ouzou.png\" \/>\n\t<meta property=\"og:image:width\" content=\"1200\" \/>\n\t<meta property=\"og:image:height\" content=\"900\" \/>\n\t<meta property=\"og:image:type\" content=\"image\/png\" \/>\n<meta name=\"author\" content=\"Azzedine Belferag\" \/>\n<meta name=\"twitter:card\" content=\"summary_large_image\" \/>\n<meta name=\"twitter:label1\" content=\"\u00c9crit par\" \/>\n\t<meta name=\"twitter:data1\" content=\"Azzedine Belferag\" \/>\n\t<meta name=\"twitter:label2\" content=\"Dur\u00e9e de lecture estim\u00e9e\" \/>\n\t<meta name=\"twitter:data2\" content=\"2 minutes\" \/>\n<script type=\"application\/ld+json\" class=\"yoast-schema-graph\">{\"@context\":\"https:\\\/\\\/schema.org\",\"@graph\":[{\"@type\":\"Article\",\"@id\":\"https:\\\/\\\/lasentinelle.dz\\\/index.php\\\/2021\\\/08\\\/15\\\/feux-de-forets-a-bejaia-cap-sur-levaluation-des-degats\\\/#article\",\"isPartOf\":{\"@id\":\"https:\\\/\\\/lasentinelle.dz\\\/index.php\\\/2021\\\/08\\\/15\\\/feux-de-forets-a-bejaia-cap-sur-levaluation-des-degats\\\/\"},\"author\":{\"name\":\"Azzedine Belferag\",\"@id\":\"https:\\\/\\\/lasentinelle.dz\\\/#\\\/schema\\\/person\\\/e22c868643946ece5f328ac9d185b29f\"},\"headline\":\"Feux de for\u00eats \u00e0 B\u00e9ja\u00efa : Cap sur l\u2019\u00e9valuation des d\u00e9g\u00e2ts\",\"datePublished\":\"2021-08-15T10:43:13+00:00\",\"dateModified\":\"2021-08-15T10:43:14+00:00\",\"mainEntityOfPage\":{\"@id\":\"https:\\\/\\\/lasentinelle.dz\\\/index.php\\\/2021\\\/08\\\/15\\\/feux-de-forets-a-bejaia-cap-sur-levaluation-des-degats\\\/\"},\"wordCount\":345,\"commentCount\":0,\"publisher\":{\"@id\":\"https:\\\/\\\/lasentinelle.dz\\\/#organization\"},\"image\":{\"@id\":\"https:\\\/\\\/lasentinelle.dz\\\/index.php\\\/2021\\\/08\\\/15\\\/feux-de-forets-a-bejaia-cap-sur-levaluation-des-degats\\\/#primaryimage\"},\"thumbnailUrl\":\"https:\\\/\\\/lasentinelle.dz\\\/wp-content\\\/uploads\\\/2021\\\/08\\\/feut-tizi-ouzou.png\",\"articleSection\":[\"Actualit\u00e9\"],\"inLanguage\":\"fr-FR\",\"potentialAction\":[{\"@type\":\"CommentAction\",\"name\":\"Comment\",\"target\":[\"https:\\\/\\\/lasentinelle.dz\\\/index.php\\\/2021\\\/08\\\/15\\\/feux-de-forets-a-bejaia-cap-sur-levaluation-des-degats\\\/#respond\"]}]},{\"@type\":\"WebPage\",\"@id\":\"https:\\\/\\\/lasentinelle.dz\\\/index.php\\\/2021\\\/08\\\/15\\\/feux-de-forets-a-bejaia-cap-sur-levaluation-des-degats\\\/\",\"url\":\"https:\\\/\\\/lasentinelle.dz\\\/index.php\\\/2021\\\/08\\\/15\\\/feux-de-forets-a-bejaia-cap-sur-levaluation-des-degats\\\/\",\"name\":\"Feux de for\u00eats \u00e0 B\u00e9ja\u00efa : Cap sur l\u2019\u00e9valuation des d\u00e9g\u00e2ts - La Sentinelle\",\"isPartOf\":{\"@id\":\"https:\\\/\\\/lasentinelle.dz\\\/#website\"},\"primaryImageOfPage\":{\"@id\":\"https:\\\/\\\/lasentinelle.dz\\\/index.php\\\/2021\\\/08\\\/15\\\/feux-de-forets-a-bejaia-cap-sur-levaluation-des-degats\\\/#primaryimage\"},\"image\":{\"@id\":\"https:\\\/\\\/lasentinelle.dz\\\/index.php\\\/2021\\\/08\\\/15\\\/feux-de-forets-a-bejaia-cap-sur-levaluation-des-degats\\\/#primaryimage\"},\"thumbnailUrl\":\"https:\\\/\\\/lasentinelle.dz\\\/wp-content\\\/uploads\\\/2021\\\/08\\\/feut-tizi-ouzou.png\",\"datePublished\":\"2021-08-15T10:43:13+00:00\",\"dateModified\":\"2021-08-15T10:43:14+00:00\",\"breadcrumb\":{\"@id\":\"https:\\\/\\\/lasentinelle.dz\\\/index.php\\\/2021\\\/08\\\/15\\\/feux-de-forets-a-bejaia-cap-sur-levaluation-des-degats\\\/#breadcrumb\"},\"inLanguage\":\"fr-FR\",\"potentialAction\":[{\"@type\":\"ReadAction\",\"target\":[\"https:\\\/\\\/lasentinelle.dz\\\/index.php\\\/2021\\\/08\\\/15\\\/feux-de-forets-a-bejaia-cap-sur-levaluation-des-degats\\\/\"]}]},{\"@type\":\"ImageObject\",\"inLanguage\":\"fr-FR\",\"@id\":\"https:\\\/\\\/lasentinelle.dz\\\/index.php\\\/2021\\\/08\\\/15\\\/feux-de-forets-a-bejaia-cap-sur-levaluation-des-degats\\\/#primaryimage\",\"url\":\"https:\\\/\\\/lasentinelle.dz\\\/wp-content\\\/uploads\\\/2021\\\/08\\\/feut-tizi-ouzou.png\",\"contentUrl\":\"https:\\\/\\\/lasentinelle.dz\\\/wp-content\\\/uploads\\\/2021\\\/08\\\/feut-tizi-ouzou.png\",\"width\":1200,\"height\":900},{\"@type\":\"BreadcrumbList\",\"@id\":\"https:\\\/\\\/lasentinelle.dz\\\/index.php\\\/2021\\\/08\\\/15\\\/feux-de-forets-a-bejaia-cap-sur-levaluation-des-degats\\\/#breadcrumb\",\"itemListElement\":[{\"@type\":\"ListItem\",\"position\":1,\"name\":\"Accueil\",\"item\":\"https:\\\/\\\/lasentinelle.dz\\\/\"},{\"@type\":\"ListItem\",\"position\":2,\"name\":\"Feux de for\u00eats \u00e0 B\u00e9ja\u00efa : Cap sur l\u2019\u00e9valuation des d\u00e9g\u00e2ts\"}]},{\"@type\":\"WebSite\",\"@id\":\"https:\\\/\\\/lasentinelle.dz\\\/#website\",\"url\":\"https:\\\/\\\/lasentinelle.dz\\\/\",\"name\":\"La Sentinelle\",\"description\":\"Quotidien national d&#039;information\",\"publisher\":{\"@id\":\"https:\\\/\\\/lasentinelle.dz\\\/#organization\"},\"potentialAction\":[{\"@type\":\"SearchAction\",\"target\":{\"@type\":\"EntryPoint\",\"urlTemplate\":\"https:\\\/\\\/lasentinelle.dz\\\/?s={search_term_string}\"},\"query-input\":{\"@type\":\"PropertyValueSpecification\",\"valueRequired\":true,\"valueName\":\"search_term_string\"}}],\"inLanguage\":\"fr-FR\"},{\"@type\":\"Organization\",\"@id\":\"https:\\\/\\\/lasentinelle.dz\\\/#organization\",\"name\":\"Quotidien La Sentinelle\",\"url\":\"https:\\\/\\\/lasentinelle.dz\\\/\",\"logo\":{\"@type\":\"ImageObject\",\"inLanguage\":\"fr-FR\",\"@id\":\"https:\\\/\\\/lasentinelle.dz\\\/#\\\/schema\\\/logo\\\/image\\\/\",\"url\":\"https:\\\/\\\/lasentinelle.dz\\\/wp-content\\\/uploads\\\/2021\\\/09\\\/logo-sentinelleSLOGAN-1.png\",\"contentUrl\":\"https:\\\/\\\/lasentinelle.dz\\\/wp-content\\\/uploads\\\/2021\\\/09\\\/logo-sentinelleSLOGAN-1.png\",\"width\":615,\"height\":142,\"caption\":\"Quotidien La Sentinelle\"},\"image\":{\"@id\":\"https:\\\/\\\/lasentinelle.dz\\\/#\\\/schema\\\/logo\\\/image\\\/\"},\"sameAs\":[\"https:\\\/\\\/www.facebook.com\\\/La-Sentinelle-104059864394773\"]},{\"@type\":\"Person\",\"@id\":\"https:\\\/\\\/lasentinelle.dz\\\/#\\\/schema\\\/person\\\/e22c868643946ece5f328ac9d185b29f\",\"name\":\"Azzedine Belferag\",\"image\":{\"@type\":\"ImageObject\",\"inLanguage\":\"fr-FR\",\"@id\":\"https:\\\/\\\/secure.gravatar.com\\\/avatar\\\/767ecc3bfcf23cd6d0dae1705f124feb13a88fded1daa56498e4fb3aa3fc36a1?s=96&d=mm&r=g\",\"url\":\"https:\\\/\\\/secure.gravatar.com\\\/avatar\\\/767ecc3bfcf23cd6d0dae1705f124feb13a88fded1daa56498e4fb3aa3fc36a1?s=96&d=mm&r=g\",\"contentUrl\":\"https:\\\/\\\/secure.gravatar.com\\\/avatar\\\/767ecc3bfcf23cd6d0dae1705f124feb13a88fded1daa56498e4fb3aa3fc36a1?s=96&d=mm&r=g\",\"caption\":\"Azzedine Belferag\"},\"sameAs\":[\"http:\\\/\\\/www.lasentinelle.dz\"],\"url\":\"https:\\\/\\\/lasentinelle.dz\\\/author\\\/belferag\\\/\"}]}<\/script>\n<!-- \/ Yoast SEO plugin. -->","yoast_head_json":{"title":"Feux de for\u00eats \u00e0 B\u00e9ja\u00efa : Cap sur l\u2019\u00e9valuation des d\u00e9g\u00e2ts - La Sentinelle","robots":{"index":"index","follow":"follow","max-snippet":"max-snippet:-1","max-image-preview":"max-image-preview:large","max-video-preview":"max-video-preview:-1"},"canonical":"https:\/\/lasentinelle.dz\/index.php\/2021\/08\/15\/feux-de-forets-a-bejaia-cap-sur-levaluation-des-degats\/","og_locale":"fr_FR","og_type":"article","og_title":"Feux de for\u00eats \u00e0 B\u00e9ja\u00efa : Cap sur l\u2019\u00e9valuation des d\u00e9g\u00e2ts - La Sentinelle","og_description":"Dans la nuit du vendredi \u00e0 samedi, il y a eu quinze nouveaux d\u00e9parts de feux \u00e0 travers \u00a0la wilaya","og_url":"https:\/\/lasentinelle.dz\/index.php\/2021\/08\/15\/feux-de-forets-a-bejaia-cap-sur-levaluation-des-degats\/","og_site_name":"La Sentinelle","article_publisher":"https:\/\/www.facebook.com\/La-Sentinelle-104059864394773","article_published_time":"2021-08-15T10:43:13+00:00","article_modified_time":"2021-08-15T10:43:14+00:00","og_image":[{"width":1200,"height":900,"url":"https:\/\/lasentinelle.dz\/wp-content\/uploads\/2021\/08\/feut-tizi-ouzou.png","type":"image\/png"}],"author":"Azzedine Belferag","twitter_card":"summary_large_image","twitter_misc":{"\u00c9crit par":"Azzedine Belferag","Dur\u00e9e de lecture estim\u00e9e":"2 minutes"},"schema":{"@context":"https:\/\/schema.org","@graph":[{"@type":"Article","@id":"https:\/\/lasentinelle.dz\/index.php\/2021\/08\/15\/feux-de-forets-a-bejaia-cap-sur-levaluation-des-degats\/#article","isPartOf":{"@id":"https:\/\/lasentinelle.dz\/index.php\/2021\/08\/15\/feux-de-forets-a-bejaia-cap-sur-levaluation-des-degats\/"},"author":{"name":"Azzedine Belferag","@id":"https:\/\/lasentinelle.dz\/#\/schema\/person\/e22c868643946ece5f328ac9d185b29f"},"headline":"Feux de for\u00eats \u00e0 B\u00e9ja\u00efa : Cap sur l\u2019\u00e9valuation des d\u00e9g\u00e2ts","datePublished":"2021-08-15T10:43:13+00:00","dateModified":"2021-08-15T10:43:14+00:00","mainEntityOfPage":{"@id":"https:\/\/lasentinelle.dz\/index.php\/2021\/08\/15\/feux-de-forets-a-bejaia-cap-sur-levaluation-des-degats\/"},"wordCount":345,"commentCount":0,"publisher":{"@id":"https:\/\/lasentinelle.dz\/#organization"},"image":{"@id":"https:\/\/lasentinelle.dz\/index.php\/2021\/08\/15\/feux-de-forets-a-bejaia-cap-sur-levaluation-des-degats\/#primaryimage"},"thumbnailUrl":"https:\/\/lasentinelle.dz\/wp-content\/uploads\/2021\/08\/feut-tizi-ouzou.png","articleSection":["Actualit\u00e9"],"inLanguage":"fr-FR","potentialAction":[{"@type":"CommentAction","name":"Comment","target":["https:\/\/lasentinelle.dz\/index.php\/2021\/08\/15\/feux-de-forets-a-bejaia-cap-sur-levaluation-des-degats\/#respond"]}]},{"@type":"WebPage","@id":"https:\/\/lasentinelle.dz\/index.php\/2021\/08\/15\/feux-de-forets-a-bejaia-cap-sur-levaluation-des-degats\/","url":"https:\/\/lasentinelle.dz\/index.php\/2021\/08\/15\/feux-de-forets-a-bejaia-cap-sur-levaluation-des-degats\/","name":"Feux de for\u00eats \u00e0 B\u00e9ja\u00efa : Cap sur l\u2019\u00e9valuation des d\u00e9g\u00e2ts - La Sentinelle","isPartOf":{"@id":"https:\/\/lasentinelle.dz\/#website"},"primaryImageOfPage":{"@id":"https:\/\/lasentinelle.dz\/index.php\/2021\/08\/15\/feux-de-forets-a-bejaia-cap-sur-levaluation-des-degats\/#primaryimage"},"image":{"@id":"https:\/\/lasentinelle.dz\/index.php\/2021\/08\/15\/feux-de-forets-a-bejaia-cap-sur-levaluation-des-degats\/#primaryimage"},"thumbnailUrl":"https:\/\/lasentinelle.dz\/wp-content\/uploads\/2021\/08\/feut-tizi-ouzou.png","datePublished":"2021-08-15T10:43:13+00:00","dateModified":"2021-08-15T10:43:14+00:00","breadcrumb":{"@id":"https:\/\/lasentinelle.dz\/index.php\/2021\/08\/15\/feux-de-forets-a-bejaia-cap-sur-levaluation-des-degats\/#breadcrumb"},"inLanguage":"fr-FR","potentialAction":[{"@type":"ReadAction","target":["https:\/\/lasentinelle.dz\/index.php\/2021\/08\/15\/feux-de-forets-a-bejaia-cap-sur-levaluation-des-degats\/"]}]},{"@type":"ImageObject","inLanguage":"fr-FR","@id":"https:\/\/lasentinelle.dz\/index.php\/2021\/08\/15\/feux-de-forets-a-bejaia-cap-sur-levaluation-des-degats\/#primaryimage","url":"https:\/\/lasentinelle.dz\/wp-content\/uploads\/2021\/08\/feut-tizi-ouzou.png","contentUrl":"https:\/\/lasentinelle.dz\/wp-content\/uploads\/2021\/08\/feut-tizi-ouzou.png","width":1200,"height":900},{"@type":"BreadcrumbList","@id":"https:\/\/lasentinelle.dz\/index.php\/2021\/08\/15\/feux-de-forets-a-bejaia-cap-sur-levaluation-des-degats\/#breadcrumb","itemListElement":[{"@type":"ListItem","position":1,"name":"Accueil","item":"https:\/\/lasentinelle.dz\/"},{"@type":"ListItem","position":2,"name":"Feux de for\u00eats \u00e0 B\u00e9ja\u00efa : Cap sur l\u2019\u00e9valuation des d\u00e9g\u00e2ts"}]},{"@type":"WebSite","@id":"https:\/\/lasentinelle.dz\/#website","url":"https:\/\/lasentinelle.dz\/","name":"La Sentinelle","description":"Quotidien national d&#039;information","publisher":{"@id":"https:\/\/lasentinelle.dz\/#organization"},"potentialAction":[{"@type":"SearchAction","target":{"@type":"EntryPoint","urlTemplate":"https:\/\/lasentinelle.dz\/?s={search_term_string}"},"query-input":{"@type":"PropertyValueSpecification","valueRequired":true,"valueName":"search_term_string"}}],"inLanguage":"fr-FR"},{"@type":"Organization","@id":"https:\/\/lasentinelle.dz\/#organization","name":"Quotidien La Sentinelle","url":"https:\/\/lasentinelle.dz\/","logo":{"@type":"ImageObject","inLanguage":"fr-FR","@id":"https:\/\/lasentinelle.dz\/#\/schema\/logo\/image\/","url":"https:\/\/lasentinelle.dz\/wp-content\/uploads\/2021\/09\/logo-sentinelleSLOGAN-1.png","contentUrl":"https:\/\/lasentinelle.dz\/wp-content\/uploads\/2021\/09\/logo-sentinelleSLOGAN-1.png","width":615,"height":142,"caption":"Quotidien La Sentinelle"},"image":{"@id":"https:\/\/lasentinelle.dz\/#\/schema\/logo\/image\/"},"sameAs":["https:\/\/www.facebook.com\/La-Sentinelle-104059864394773"]},{"@type":"Person","@id":"https:\/\/lasentinelle.dz\/#\/schema\/person\/e22c868643946ece5f328ac9d185b29f","name":"Azzedine Belferag","image":{"@type":"ImageObject","inLanguage":"fr-FR","@id":"https:\/\/secure.gravatar.com\/avatar\/767ecc3bfcf23cd6d0dae1705f124feb13a88fded1daa56498e4fb3aa3fc36a1?s=96&d=mm&r=g","url":"https:\/\/secure.gravatar.com\/avatar\/767ecc3bfcf23cd6d0dae1705f124feb13a88fded1daa56498e4fb3aa3fc36a1?s=96&d=mm&r=g","contentUrl":"https:\/\/secure.gravatar.com\/avatar\/767ecc3bfcf23cd6d0dae1705f124feb13a88fded1daa56498e4fb3aa3fc36a1?s=96&d=mm&r=g","caption":"Azzedine Belferag"},"sameAs":["http:\/\/www.lasentinelle.dz"],"url":"https:\/\/lasentinelle.dz\/author\/belferag\/"}]}},"_links":{"self":[{"href":"https:\/\/lasentinelle.dz\/index.php\/wp-json\/wp\/v2\/posts\/4122","targetHints":{"allow":["GET"]}}],"collection":[{"href":"https:\/\/lasentinelle.dz\/index.php\/wp-json\/wp\/v2\/posts"}],"about":[{"href":"https:\/\/lasentinelle.dz\/index.php\/wp-json\/wp\/v2\/types\/post"}],"author":[{"embeddable":true,"href":"https:\/\/lasentinelle.dz\/index.php\/wp-json\/wp\/v2\/users\/2"}],"replies":[{"embeddable":true,"href":"https:\/\/lasentinelle.dz\/index.php\/wp-json\/wp\/v2\/comments?post=4122"}],"version-history":[{"count":1,"href":"https:\/\/lasentinelle.dz\/index.php\/wp-json\/wp\/v2\/posts\/4122\/revisions"}],"predecessor-version":[{"id":4126,"href":"https:\/\/lasentinelle.dz\/index.php\/wp-json\/wp\/v2\/posts\/4122\/revisions\/4126"}],"wp:featuredmedia":[{"embeddable":true,"href":"https:\/\/lasentinelle.dz\/index.php\/wp-json\/wp\/v2\/media\/3995"}],"wp:attachment":[{"href":"https:\/\/lasentinelle.dz\/index.php\/wp-json\/wp\/v2\/media?parent=4122"}],"wp:term":[{"taxonomy":"category","embeddable":true,"href":"https:\/\/lasentinelle.dz\/index.php\/wp-json\/wp\/v2\/categories?post=4122"},{"taxonomy":"post_tag","embeddable":true,"href":"https:\/\/lasentinelle.dz\/index.php\/wp-json\/wp\/v2\/tags?post=4122"}],"curies":[{"name":"wp","href":"https:\/\/api.w.org\/{rel}","templated":true}]}}