{"id":41258,"date":"2023-05-17T22:08:00","date_gmt":"2023-05-17T21:08:00","guid":{"rendered":"https:\/\/lasentinelle.dz\/?p=41258"},"modified":"2023-05-17T21:30:37","modified_gmt":"2023-05-17T20:30:37","slug":"mine-de-zinc-et-de-plomb-doued-amizour-le-projet-lance-lete-prochain","status":"publish","type":"post","link":"https:\/\/lasentinelle.dz\/index.php\/2023\/05\/17\/mine-de-zinc-et-de-plomb-doued-amizour-le-projet-lance-lete-prochain\/","title":{"rendered":"Mine de zinc et de plomb d\u2019Oued Amizour\u00a0: Le projet lanc\u00e9 l\u2019\u00e9t\u00e9 prochain"},"content":{"rendered":"\n<p>Le lancement du projet de d\u00e9veloppement de la mine de zinc et de plomb d\u2019Oued Amizour dans la wilaya de B\u00e9ja\u00efa a \u00e9t\u00e9 acc\u00e9l\u00e9r\u00e9. Le ministre de l\u2019\u00c9nergie et des Mines l\u2019annonce pour le mois de juillet prochain, au lieu de 2026 comme initialement pr\u00e9vue.<\/p>\n\n\n\n<p>Le programme de d\u00e9veloppement minier est au c\u0153ur du plan de diversification de l\u2019\u00e9conomie nationale annonc\u00e9 par les plus hautes autorit\u00e9s du pays. La r\u00e9duction des plans de d\u00e9veloppement des grands projets d\u2019exploitation et de valorisation des ressources mini\u00e8res est aujourd\u2019hui un objectif prioritaire pour l\u2019Ex\u00e9cutif et \u00e0 sa t\u00eate le pr\u00e9sident de la R\u00e9publique, Abdelmadjid Tebboune. C\u2019est dans ce contexte que le projet de d\u00e9veloppement des mines de zinc et de plomb de Tala Hamza \u00e0 Oued Amizour dans la wilaya de B\u00e9ja\u00efa a \u00e9t\u00e9 \u00e0 l\u2019ordre du jour de la derni\u00e8re r\u00e9union du Conseil des ministres. Un projet qui devrait \u00eatre lanc\u00e9 d\u00e8s l\u2019\u00e9t\u00e9 prochain pr\u00e9cise dans ce sens le minist\u00e8re de l\u2019\u00c9nergie et des Mines. Le d\u00e9partement de Mohamed Arkab a indiqu\u00e9 hier dans un communiqu\u00e9 que \u00ab\u00a0toutes les conditions\u00a0\u00bb n\u00e9cessaires ont \u00e9t\u00e9 mises en place pour lancer la r\u00e9alisation du projet d&rsquo;exploitation de la mine de zinc et de plomb de Tala Hamza \u00e0 en \u00ab\u00a0juillet prochain\u00a0\u00bb. Un lancement qui permettra l\u2019entr\u00e9e effective en exploitation de la mine d\u00e8s la fin de l\u2019ann\u00e9e 2025, pr\u00e9cise la m\u00eame source.<\/p>\n\n\n\n<p>Et de pr\u00e9ciser que \u00ab\u00a0toutes les proc\u00e9dures administratives li\u00e9es au projet ont \u00e9t\u00e9 finalis\u00e9es&nbsp;\u00bb.<\/p>\n\n\n\n<p><strong>Priorit\u00e9 \u00e0 l\u2019emploi des jeunes de la r\u00e9gion<\/strong><\/p>\n\n\n\n<p>Le minist\u00e8re de l\u2019\u00c9nergie et des Mines explique aussi que les travaux sont en cours pour mettre en place les structures logistiques n\u00e9cessaires au lancement du projet que ce soit en mati\u00e8re de transport, d&rsquo;approvisionnement en eau, en sus de l&rsquo;am\u00e9nagement d\u2019un quai d\u00e9di\u00e9 au port de B\u00e9ja\u00efa. Le D\u00e9partement de Mohamed Arkab a \u00e9galement tenu \u00e0 rassurer quant \u00e0 l\u2019empreinte environnementale du projet. Il a ainsi r\u00e9affirm\u00e9 que le d\u00e9marrage de l&rsquo;exploitation mini\u00e8re se fera \u00ab\u00a0conform\u00e9ment \u00e0 l&rsquo;\u00e9tude de faisabilit\u00e9 du projet, approuv\u00e9e selon les r\u00e8gles pr\u00e9vues dans les exigences li\u00e9es \u00e0 la protection de l&rsquo;environnement, en accord avec les exigences environnementales et la sp\u00e9cificit\u00e9 de la mine\u00a0\u00bb.<\/p>\n\n\n\n<p>De plus, il sera r\u00e9alis\u00e9 \u00ab\u00a0sans n\u00e9gliger l&rsquo;impact positif de l&rsquo;exploitation de ce projet structur\u00e9 et strat\u00e9gique pour le pays, ainsi que sur le d\u00e9veloppement \u00e9conomique de la r\u00e9gion en particulier, en cr\u00e9ant environ 780 emplois directs et 4000 emplois indirects, et en offrant aux dipl\u00f4m\u00e9s des universit\u00e9s et des centres de formation professionnelle de la r\u00e9gion des opportunit\u00e9s de formation dans ce domaine et leur int\u00e9gration ult\u00e9rieure dans le projet\u00a0\u00bb.<\/p>\n\n\n\n<p>Le minist\u00e8re a ajout\u00e9 que la \u00ab\u00a0priorit\u00e9\u00a0\u00bb sera accord\u00e9e \u00e0 l&#8217;emploi des jeunes de la r\u00e9gion. Il pr\u00e9cisera dans ce contexte que des rencontres et des s\u00e9minaires anim\u00e9s par les cadres du secteur minier et par la soci\u00e9t\u00e9 mixte alg\u00e9ro-australienne Western Mediterranean Zinc WMZ charg\u00e9e de la r\u00e9alisation et de l&rsquo;exploitation du projet, sont pr\u00e9vus et devront r\u00e9unir les repr\u00e9sentants de la soci\u00e9t\u00e9 civile, les enseignants universitaires, les chercheurs et les \u00e9conomistes.<\/p>\n\n\n\n<p>Rappelons que lors du dernier Conseil des ministre, le Pr\u00e9sident Abdelmadjid Tebboune a soulign\u00e9 \u00ab l\u2019importance \u00e9conomique majeure&nbsp;\u00bb de ce projet minier et a ordonn\u00e9 \u00ab de r\u00e9duire tous les d\u00e9lais li\u00e9s aux chantiers techniques secondaires pour acc\u00e9l\u00e9rer l\u2019entr\u00e9e en exploitation de ce projet, d\u2019autant que l\u2019\u00e9tape des r\u00e9gularisations administratives est d\u00e9pass\u00e9e. \u00bb<\/p>\n\n\n\n<p>Notons que la mine s&rsquo;\u00e9tend sur une superficie de 234 hectares, avec une r\u00e9serve exploitable estim\u00e9e \u00e0 34 millions de tonnes de minerai.<\/p>\n\n\n\n<p><strong>Samira Ghrib<\/strong><\/p>\n","protected":false},"excerpt":{"rendered":"<p>Le lancement du projet de d\u00e9veloppement de la mine de zinc et de plomb d\u2019Oued Amizour dans la wilaya de<\/p>\n","protected":false},"author":3,"featured_media":41259,"comment_status":"open","ping_status":"closed","sticky":false,"template":"","format":"standard","meta":{"colormag_page_container_layout":"default_layout","colormag_page_sidebar_layout":"default_layout","om_disable_all_campaigns":false,"_monsterinsights_skip_tracking":false,"_monsterinsights_sitenote_active":false,"_monsterinsights_sitenote_note":"","_monsterinsights_sitenote_category":0,"footnotes":"","_wpscppro_dont_share_socialmedia":false,"_wpscppro_custom_social_share_image":0,"_facebook_share_type":"","_twitter_share_type":"","_linkedin_share_type":"","_pinterest_share_type":"","_linkedin_share_type_page":"","_instagram_share_type":"","_medium_share_type":"","_threads_share_type":"","_google_business_share_type":"","_selected_social_profile":[],"_wpsp_enable_custom_social_template":false,"_wpsp_social_scheduling":{"enabled":false,"datetime":null,"platforms":[],"status":"template_only","dateOption":"today","timeOption":"now","customDays":"","customHours":"","customDate":"","customTime":"","schedulingType":"absolute"},"_wpsp_active_default_template":true},"categories":[52,29],"tags":[],"class_list":["post-41258","post","type-post","status-publish","format-standard","has-post-thumbnail","hentry","category-a-la-une","category-economie"],"aioseo_notices":[],"yoast_head":"<!-- This site is optimized with the Yoast SEO plugin v27.5 - https:\/\/yoast.com\/product\/yoast-seo-wordpress\/ -->\n<title>Mine de zinc et de plomb d\u2019Oued Amizour\u00a0: Le projet lanc\u00e9 l\u2019\u00e9t\u00e9 prochain - La Sentinelle<\/title>\n<meta name=\"robots\" content=\"index, follow, max-snippet:-1, max-image-preview:large, max-video-preview:-1\" \/>\n<link rel=\"canonical\" href=\"https:\/\/lasentinelle.dz\/index.php\/2023\/05\/17\/mine-de-zinc-et-de-plomb-doued-amizour-le-projet-lance-lete-prochain\/\" \/>\n<meta property=\"og:locale\" content=\"fr_FR\" \/>\n<meta property=\"og:type\" content=\"article\" \/>\n<meta property=\"og:title\" content=\"Mine de zinc et de plomb d\u2019Oued Amizour\u00a0: Le projet lanc\u00e9 l\u2019\u00e9t\u00e9 prochain - La Sentinelle\" \/>\n<meta property=\"og:description\" content=\"Le lancement du projet de d\u00e9veloppement de la mine de zinc et de plomb d\u2019Oued Amizour dans la wilaya de\" \/>\n<meta property=\"og:url\" content=\"https:\/\/lasentinelle.dz\/index.php\/2023\/05\/17\/mine-de-zinc-et-de-plomb-doued-amizour-le-projet-lance-lete-prochain\/\" \/>\n<meta property=\"og:site_name\" content=\"La Sentinelle\" \/>\n<meta property=\"article:publisher\" content=\"https:\/\/www.facebook.com\/La-Sentinelle-104059864394773\" \/>\n<meta property=\"article:published_time\" content=\"2023-05-17T21:08:00+00:00\" \/>\n<meta property=\"og:image\" content=\"https:\/\/lasentinelle.dz\/wp-content\/uploads\/2023\/05\/Ministere-de-lenergie-1024x682.png\" \/>\n\t<meta property=\"og:image:width\" content=\"1024\" \/>\n\t<meta property=\"og:image:height\" content=\"682\" \/>\n\t<meta property=\"og:image:type\" content=\"image\/png\" \/>\n<meta name=\"author\" content=\"La Sentinelle\" \/>\n<meta name=\"twitter:card\" content=\"summary_large_image\" \/>\n<meta name=\"twitter:label1\" content=\"\u00c9crit par\" \/>\n\t<meta name=\"twitter:data1\" content=\"La Sentinelle\" \/>\n\t<meta name=\"twitter:label2\" content=\"Dur\u00e9e de lecture estim\u00e9e\" \/>\n\t<meta name=\"twitter:data2\" content=\"3 minutes\" \/>\n<script type=\"application\/ld+json\" class=\"yoast-schema-graph\">{\"@context\":\"https:\\\/\\\/schema.org\",\"@graph\":[{\"@type\":\"Article\",\"@id\":\"https:\\\/\\\/lasentinelle.dz\\\/index.php\\\/2023\\\/05\\\/17\\\/mine-de-zinc-et-de-plomb-doued-amizour-le-projet-lance-lete-prochain\\\/#article\",\"isPartOf\":{\"@id\":\"https:\\\/\\\/lasentinelle.dz\\\/index.php\\\/2023\\\/05\\\/17\\\/mine-de-zinc-et-de-plomb-doued-amizour-le-projet-lance-lete-prochain\\\/\"},\"author\":{\"name\":\"La Sentinelle\",\"@id\":\"https:\\\/\\\/lasentinelle.dz\\\/#\\\/schema\\\/person\\\/d865044e22e70a75174ce8bcad3acfb3\"},\"headline\":\"Mine de zinc et de plomb d\u2019Oued Amizour\u00a0: Le projet lanc\u00e9 l\u2019\u00e9t\u00e9 prochain\",\"datePublished\":\"2023-05-17T21:08:00+00:00\",\"mainEntityOfPage\":{\"@id\":\"https:\\\/\\\/lasentinelle.dz\\\/index.php\\\/2023\\\/05\\\/17\\\/mine-de-zinc-et-de-plomb-doued-amizour-le-projet-lance-lete-prochain\\\/\"},\"wordCount\":701,\"commentCount\":0,\"publisher\":{\"@id\":\"https:\\\/\\\/lasentinelle.dz\\\/#organization\"},\"image\":{\"@id\":\"https:\\\/\\\/lasentinelle.dz\\\/index.php\\\/2023\\\/05\\\/17\\\/mine-de-zinc-et-de-plomb-doued-amizour-le-projet-lance-lete-prochain\\\/#primaryimage\"},\"thumbnailUrl\":\"https:\\\/\\\/lasentinelle.dz\\\/wp-content\\\/uploads\\\/2023\\\/05\\\/Ministere-de-lenergie.png\",\"articleSection\":[\"\u00c0 la Une\",\"\u00c9conomie\"],\"inLanguage\":\"fr-FR\",\"potentialAction\":[{\"@type\":\"CommentAction\",\"name\":\"Comment\",\"target\":[\"https:\\\/\\\/lasentinelle.dz\\\/index.php\\\/2023\\\/05\\\/17\\\/mine-de-zinc-et-de-plomb-doued-amizour-le-projet-lance-lete-prochain\\\/#respond\"]}]},{\"@type\":\"WebPage\",\"@id\":\"https:\\\/\\\/lasentinelle.dz\\\/index.php\\\/2023\\\/05\\\/17\\\/mine-de-zinc-et-de-plomb-doued-amizour-le-projet-lance-lete-prochain\\\/\",\"url\":\"https:\\\/\\\/lasentinelle.dz\\\/index.php\\\/2023\\\/05\\\/17\\\/mine-de-zinc-et-de-plomb-doued-amizour-le-projet-lance-lete-prochain\\\/\",\"name\":\"Mine de zinc et de plomb d\u2019Oued Amizour\u00a0: Le projet lanc\u00e9 l\u2019\u00e9t\u00e9 prochain - La Sentinelle\",\"isPartOf\":{\"@id\":\"https:\\\/\\\/lasentinelle.dz\\\/#website\"},\"primaryImageOfPage\":{\"@id\":\"https:\\\/\\\/lasentinelle.dz\\\/index.php\\\/2023\\\/05\\\/17\\\/mine-de-zinc-et-de-plomb-doued-amizour-le-projet-lance-lete-prochain\\\/#primaryimage\"},\"image\":{\"@id\":\"https:\\\/\\\/lasentinelle.dz\\\/index.php\\\/2023\\\/05\\\/17\\\/mine-de-zinc-et-de-plomb-doued-amizour-le-projet-lance-lete-prochain\\\/#primaryimage\"},\"thumbnailUrl\":\"https:\\\/\\\/lasentinelle.dz\\\/wp-content\\\/uploads\\\/2023\\\/05\\\/Ministere-de-lenergie.png\",\"datePublished\":\"2023-05-17T21:08:00+00:00\",\"breadcrumb\":{\"@id\":\"https:\\\/\\\/lasentinelle.dz\\\/index.php\\\/2023\\\/05\\\/17\\\/mine-de-zinc-et-de-plomb-doued-amizour-le-projet-lance-lete-prochain\\\/#breadcrumb\"},\"inLanguage\":\"fr-FR\",\"potentialAction\":[{\"@type\":\"ReadAction\",\"target\":[\"https:\\\/\\\/lasentinelle.dz\\\/index.php\\\/2023\\\/05\\\/17\\\/mine-de-zinc-et-de-plomb-doued-amizour-le-projet-lance-lete-prochain\\\/\"]}]},{\"@type\":\"ImageObject\",\"inLanguage\":\"fr-FR\",\"@id\":\"https:\\\/\\\/lasentinelle.dz\\\/index.php\\\/2023\\\/05\\\/17\\\/mine-de-zinc-et-de-plomb-doued-amizour-le-projet-lance-lete-prochain\\\/#primaryimage\",\"url\":\"https:\\\/\\\/lasentinelle.dz\\\/wp-content\\\/uploads\\\/2023\\\/05\\\/Ministere-de-lenergie.png\",\"contentUrl\":\"https:\\\/\\\/lasentinelle.dz\\\/wp-content\\\/uploads\\\/2023\\\/05\\\/Ministere-de-lenergie.png\",\"width\":1352,\"height\":900},{\"@type\":\"BreadcrumbList\",\"@id\":\"https:\\\/\\\/lasentinelle.dz\\\/index.php\\\/2023\\\/05\\\/17\\\/mine-de-zinc-et-de-plomb-doued-amizour-le-projet-lance-lete-prochain\\\/#breadcrumb\",\"itemListElement\":[{\"@type\":\"ListItem\",\"position\":1,\"name\":\"Accueil\",\"item\":\"https:\\\/\\\/lasentinelle.dz\\\/\"},{\"@type\":\"ListItem\",\"position\":2,\"name\":\"Mine de zinc et de plomb d\u2019Oued Amizour\u00a0: Le projet lanc\u00e9 l\u2019\u00e9t\u00e9 prochain\"}]},{\"@type\":\"WebSite\",\"@id\":\"https:\\\/\\\/lasentinelle.dz\\\/#website\",\"url\":\"https:\\\/\\\/lasentinelle.dz\\\/\",\"name\":\"La Sentinelle\",\"description\":\"Quotidien national d&#039;information\",\"publisher\":{\"@id\":\"https:\\\/\\\/lasentinelle.dz\\\/#organization\"},\"potentialAction\":[{\"@type\":\"SearchAction\",\"target\":{\"@type\":\"EntryPoint\",\"urlTemplate\":\"https:\\\/\\\/lasentinelle.dz\\\/?s={search_term_string}\"},\"query-input\":{\"@type\":\"PropertyValueSpecification\",\"valueRequired\":true,\"valueName\":\"search_term_string\"}}],\"inLanguage\":\"fr-FR\"},{\"@type\":\"Organization\",\"@id\":\"https:\\\/\\\/lasentinelle.dz\\\/#organization\",\"name\":\"Quotidien La Sentinelle\",\"url\":\"https:\\\/\\\/lasentinelle.dz\\\/\",\"logo\":{\"@type\":\"ImageObject\",\"inLanguage\":\"fr-FR\",\"@id\":\"https:\\\/\\\/lasentinelle.dz\\\/#\\\/schema\\\/logo\\\/image\\\/\",\"url\":\"https:\\\/\\\/lasentinelle.dz\\\/wp-content\\\/uploads\\\/2021\\\/09\\\/logo-sentinelleSLOGAN-1.png\",\"contentUrl\":\"https:\\\/\\\/lasentinelle.dz\\\/wp-content\\\/uploads\\\/2021\\\/09\\\/logo-sentinelleSLOGAN-1.png\",\"width\":615,\"height\":142,\"caption\":\"Quotidien La Sentinelle\"},\"image\":{\"@id\":\"https:\\\/\\\/lasentinelle.dz\\\/#\\\/schema\\\/logo\\\/image\\\/\"},\"sameAs\":[\"https:\\\/\\\/www.facebook.com\\\/La-Sentinelle-104059864394773\"]},{\"@type\":\"Person\",\"@id\":\"https:\\\/\\\/lasentinelle.dz\\\/#\\\/schema\\\/person\\\/d865044e22e70a75174ce8bcad3acfb3\",\"name\":\"La Sentinelle\",\"image\":{\"@type\":\"ImageObject\",\"inLanguage\":\"fr-FR\",\"@id\":\"https:\\\/\\\/secure.gravatar.com\\\/avatar\\\/57de8e5d4b15d43fb361a71fbb36338450fe67865b528a43dd10ef7c51a20392?s=96&d=mm&r=g\",\"url\":\"https:\\\/\\\/secure.gravatar.com\\\/avatar\\\/57de8e5d4b15d43fb361a71fbb36338450fe67865b528a43dd10ef7c51a20392?s=96&d=mm&r=g\",\"contentUrl\":\"https:\\\/\\\/secure.gravatar.com\\\/avatar\\\/57de8e5d4b15d43fb361a71fbb36338450fe67865b528a43dd10ef7c51a20392?s=96&d=mm&r=g\",\"caption\":\"La Sentinelle\"},\"sameAs\":[\"http:\\\/\\\/www.lasentinelle.dz\"],\"url\":\"https:\\\/\\\/lasentinelle.dz\\\/author\\\/redaction\\\/\"}]}<\/script>\n<!-- \/ Yoast SEO plugin. -->","yoast_head_json":{"title":"Mine de zinc et de plomb d\u2019Oued Amizour\u00a0: Le projet lanc\u00e9 l\u2019\u00e9t\u00e9 prochain - La Sentinelle","robots":{"index":"index","follow":"follow","max-snippet":"max-snippet:-1","max-image-preview":"max-image-preview:large","max-video-preview":"max-video-preview:-1"},"canonical":"https:\/\/lasentinelle.dz\/index.php\/2023\/05\/17\/mine-de-zinc-et-de-plomb-doued-amizour-le-projet-lance-lete-prochain\/","og_locale":"fr_FR","og_type":"article","og_title":"Mine de zinc et de plomb d\u2019Oued Amizour\u00a0: Le projet lanc\u00e9 l\u2019\u00e9t\u00e9 prochain - La Sentinelle","og_description":"Le lancement du projet de d\u00e9veloppement de la mine de zinc et de plomb d\u2019Oued Amizour dans la wilaya de","og_url":"https:\/\/lasentinelle.dz\/index.php\/2023\/05\/17\/mine-de-zinc-et-de-plomb-doued-amizour-le-projet-lance-lete-prochain\/","og_site_name":"La Sentinelle","article_publisher":"https:\/\/www.facebook.com\/La-Sentinelle-104059864394773","article_published_time":"2023-05-17T21:08:00+00:00","og_image":[{"width":1024,"height":682,"url":"https:\/\/lasentinelle.dz\/wp-content\/uploads\/2023\/05\/Ministere-de-lenergie-1024x682.png","type":"image\/png"}],"author":"La Sentinelle","twitter_card":"summary_large_image","twitter_misc":{"\u00c9crit par":"La Sentinelle","Dur\u00e9e de lecture estim\u00e9e":"3 minutes"},"schema":{"@context":"https:\/\/schema.org","@graph":[{"@type":"Article","@id":"https:\/\/lasentinelle.dz\/index.php\/2023\/05\/17\/mine-de-zinc-et-de-plomb-doued-amizour-le-projet-lance-lete-prochain\/#article","isPartOf":{"@id":"https:\/\/lasentinelle.dz\/index.php\/2023\/05\/17\/mine-de-zinc-et-de-plomb-doued-amizour-le-projet-lance-lete-prochain\/"},"author":{"name":"La Sentinelle","@id":"https:\/\/lasentinelle.dz\/#\/schema\/person\/d865044e22e70a75174ce8bcad3acfb3"},"headline":"Mine de zinc et de plomb d\u2019Oued Amizour\u00a0: Le projet lanc\u00e9 l\u2019\u00e9t\u00e9 prochain","datePublished":"2023-05-17T21:08:00+00:00","mainEntityOfPage":{"@id":"https:\/\/lasentinelle.dz\/index.php\/2023\/05\/17\/mine-de-zinc-et-de-plomb-doued-amizour-le-projet-lance-lete-prochain\/"},"wordCount":701,"commentCount":0,"publisher":{"@id":"https:\/\/lasentinelle.dz\/#organization"},"image":{"@id":"https:\/\/lasentinelle.dz\/index.php\/2023\/05\/17\/mine-de-zinc-et-de-plomb-doued-amizour-le-projet-lance-lete-prochain\/#primaryimage"},"thumbnailUrl":"https:\/\/lasentinelle.dz\/wp-content\/uploads\/2023\/05\/Ministere-de-lenergie.png","articleSection":["\u00c0 la Une","\u00c9conomie"],"inLanguage":"fr-FR","potentialAction":[{"@type":"CommentAction","name":"Comment","target":["https:\/\/lasentinelle.dz\/index.php\/2023\/05\/17\/mine-de-zinc-et-de-plomb-doued-amizour-le-projet-lance-lete-prochain\/#respond"]}]},{"@type":"WebPage","@id":"https:\/\/lasentinelle.dz\/index.php\/2023\/05\/17\/mine-de-zinc-et-de-plomb-doued-amizour-le-projet-lance-lete-prochain\/","url":"https:\/\/lasentinelle.dz\/index.php\/2023\/05\/17\/mine-de-zinc-et-de-plomb-doued-amizour-le-projet-lance-lete-prochain\/","name":"Mine de zinc et de plomb d\u2019Oued Amizour\u00a0: Le projet lanc\u00e9 l\u2019\u00e9t\u00e9 prochain - La Sentinelle","isPartOf":{"@id":"https:\/\/lasentinelle.dz\/#website"},"primaryImageOfPage":{"@id":"https:\/\/lasentinelle.dz\/index.php\/2023\/05\/17\/mine-de-zinc-et-de-plomb-doued-amizour-le-projet-lance-lete-prochain\/#primaryimage"},"image":{"@id":"https:\/\/lasentinelle.dz\/index.php\/2023\/05\/17\/mine-de-zinc-et-de-plomb-doued-amizour-le-projet-lance-lete-prochain\/#primaryimage"},"thumbnailUrl":"https:\/\/lasentinelle.dz\/wp-content\/uploads\/2023\/05\/Ministere-de-lenergie.png","datePublished":"2023-05-17T21:08:00+00:00","breadcrumb":{"@id":"https:\/\/lasentinelle.dz\/index.php\/2023\/05\/17\/mine-de-zinc-et-de-plomb-doued-amizour-le-projet-lance-lete-prochain\/#breadcrumb"},"inLanguage":"fr-FR","potentialAction":[{"@type":"ReadAction","target":["https:\/\/lasentinelle.dz\/index.php\/2023\/05\/17\/mine-de-zinc-et-de-plomb-doued-amizour-le-projet-lance-lete-prochain\/"]}]},{"@type":"ImageObject","inLanguage":"fr-FR","@id":"https:\/\/lasentinelle.dz\/index.php\/2023\/05\/17\/mine-de-zinc-et-de-plomb-doued-amizour-le-projet-lance-lete-prochain\/#primaryimage","url":"https:\/\/lasentinelle.dz\/wp-content\/uploads\/2023\/05\/Ministere-de-lenergie.png","contentUrl":"https:\/\/lasentinelle.dz\/wp-content\/uploads\/2023\/05\/Ministere-de-lenergie.png","width":1352,"height":900},{"@type":"BreadcrumbList","@id":"https:\/\/lasentinelle.dz\/index.php\/2023\/05\/17\/mine-de-zinc-et-de-plomb-doued-amizour-le-projet-lance-lete-prochain\/#breadcrumb","itemListElement":[{"@type":"ListItem","position":1,"name":"Accueil","item":"https:\/\/lasentinelle.dz\/"},{"@type":"ListItem","position":2,"name":"Mine de zinc et de plomb d\u2019Oued Amizour\u00a0: Le projet lanc\u00e9 l\u2019\u00e9t\u00e9 prochain"}]},{"@type":"WebSite","@id":"https:\/\/lasentinelle.dz\/#website","url":"https:\/\/lasentinelle.dz\/","name":"La Sentinelle","description":"Quotidien national d&#039;information","publisher":{"@id":"https:\/\/lasentinelle.dz\/#organization"},"potentialAction":[{"@type":"SearchAction","target":{"@type":"EntryPoint","urlTemplate":"https:\/\/lasentinelle.dz\/?s={search_term_string}"},"query-input":{"@type":"PropertyValueSpecification","valueRequired":true,"valueName":"search_term_string"}}],"inLanguage":"fr-FR"},{"@type":"Organization","@id":"https:\/\/lasentinelle.dz\/#organization","name":"Quotidien La Sentinelle","url":"https:\/\/lasentinelle.dz\/","logo":{"@type":"ImageObject","inLanguage":"fr-FR","@id":"https:\/\/lasentinelle.dz\/#\/schema\/logo\/image\/","url":"https:\/\/lasentinelle.dz\/wp-content\/uploads\/2021\/09\/logo-sentinelleSLOGAN-1.png","contentUrl":"https:\/\/lasentinelle.dz\/wp-content\/uploads\/2021\/09\/logo-sentinelleSLOGAN-1.png","width":615,"height":142,"caption":"Quotidien La Sentinelle"},"image":{"@id":"https:\/\/lasentinelle.dz\/#\/schema\/logo\/image\/"},"sameAs":["https:\/\/www.facebook.com\/La-Sentinelle-104059864394773"]},{"@type":"Person","@id":"https:\/\/lasentinelle.dz\/#\/schema\/person\/d865044e22e70a75174ce8bcad3acfb3","name":"La Sentinelle","image":{"@type":"ImageObject","inLanguage":"fr-FR","@id":"https:\/\/secure.gravatar.com\/avatar\/57de8e5d4b15d43fb361a71fbb36338450fe67865b528a43dd10ef7c51a20392?s=96&d=mm&r=g","url":"https:\/\/secure.gravatar.com\/avatar\/57de8e5d4b15d43fb361a71fbb36338450fe67865b528a43dd10ef7c51a20392?s=96&d=mm&r=g","contentUrl":"https:\/\/secure.gravatar.com\/avatar\/57de8e5d4b15d43fb361a71fbb36338450fe67865b528a43dd10ef7c51a20392?s=96&d=mm&r=g","caption":"La Sentinelle"},"sameAs":["http:\/\/www.lasentinelle.dz"],"url":"https:\/\/lasentinelle.dz\/author\/redaction\/"}]}},"_links":{"self":[{"href":"https:\/\/lasentinelle.dz\/index.php\/wp-json\/wp\/v2\/posts\/41258","targetHints":{"allow":["GET"]}}],"collection":[{"href":"https:\/\/lasentinelle.dz\/index.php\/wp-json\/wp\/v2\/posts"}],"about":[{"href":"https:\/\/lasentinelle.dz\/index.php\/wp-json\/wp\/v2\/types\/post"}],"author":[{"embeddable":true,"href":"https:\/\/lasentinelle.dz\/index.php\/wp-json\/wp\/v2\/users\/3"}],"replies":[{"embeddable":true,"href":"https:\/\/lasentinelle.dz\/index.php\/wp-json\/wp\/v2\/comments?post=41258"}],"version-history":[{"count":2,"href":"https:\/\/lasentinelle.dz\/index.php\/wp-json\/wp\/v2\/posts\/41258\/revisions"}],"predecessor-version":[{"id":41291,"href":"https:\/\/lasentinelle.dz\/index.php\/wp-json\/wp\/v2\/posts\/41258\/revisions\/41291"}],"wp:featuredmedia":[{"embeddable":true,"href":"https:\/\/lasentinelle.dz\/index.php\/wp-json\/wp\/v2\/media\/41259"}],"wp:attachment":[{"href":"https:\/\/lasentinelle.dz\/index.php\/wp-json\/wp\/v2\/media?parent=41258"}],"wp:term":[{"taxonomy":"category","embeddable":true,"href":"https:\/\/lasentinelle.dz\/index.php\/wp-json\/wp\/v2\/categories?post=41258"},{"taxonomy":"post_tag","embeddable":true,"href":"https:\/\/lasentinelle.dz\/index.php\/wp-json\/wp\/v2\/tags?post=41258"}],"curies":[{"name":"wp","href":"https:\/\/api.w.org\/{rel}","templated":true}]}}