{"id":413,"date":"2020-10-08T16:40:00","date_gmt":"2020-10-08T15:40:00","guid":{"rendered":"http:\/\/lasentinelle.dz\/?p=413"},"modified":"2020-10-08T17:44:28","modified_gmt":"2020-10-08T16:44:28","slug":"president-tebboune-personne-ne-pourra-toucher-a-la-constitution-pour-briguer-un-troisieme-mandat","status":"publish","type":"post","link":"https:\/\/lasentinelle.dz\/index.php\/2020\/10\/08\/president-tebboune-personne-ne-pourra-toucher-a-la-constitution-pour-briguer-un-troisieme-mandat\/","title":{"rendered":"Pr\u00e9sident Tebboune: personne ne pourra toucher \u00e0 la Constitution pour briguer un troisi\u00e8me mandat"},"content":{"rendered":"\n<p> Le pr\u00e9sident de la R\u00e9publique, M. Abdelmadjid Tebboune, a affirm\u00e9 que la Constitution est un \u00ab\u00a0document sacr\u00e9\u00a0\u00bb et que d\u00e9sormais plus personne ne pourra y toucher pour briguer un troisi\u00e8me mandat\u00a0\u00bb.<\/p>\n\n\n\n<p>\u00ab\u00a0La Constitution est un document sacr\u00e9. Si le peuple la respecte, les dirigeants doivent la respecter encore plus. C\u2019est peut-\u00eatre philosophique pour certains. En Alg\u00e9rie, plus personne ne pourra toucher \u00e0 la Constitution pour (r\u00e9aliser) un troisi\u00e8me mandat\u00a0\u00bb, a indiqu\u00e9 le pr\u00e9sident Tebboune dans une interview au journal fran\u00e7ais L\u2019Opinion.<\/p>\n\n\n\n<p>\u00ab\u00a0Je m\u2019interdis de juger mes pairs et ne jette la pierre \u00e0 personne. Mais on a vu les cons\u00e9quences de ces prolongements successifs. Le pr\u00e9sident Zeroual avait fix\u00e9 une limite \u00e0 deux mandats. Moi, j\u2019y tiens personnellement, aussi bien pour la pr\u00e9sidence que pour le Parlement\u00a0\u00bb, a-t-il soulign\u00e9, estimant que \u00ab\u00a0dix ans, c\u2019est suffisant pour exprimer ses id\u00e9es, d\u00e9velopper son sch\u00e9ma de d\u00e9veloppement politique\u00a0\u00bb.<\/p>\n\n\n\n<p>Interrog\u00e9 sur une pr\u00e9tendue r\u00e9pression \u00e0 l\u2019\u00e9gard de journalistes et des militants du hirak, le pr\u00e9sident Tebboune a assur\u00e9 qu'\u00a0\u00bbaucun journaliste n\u2019a \u00e9t\u00e9 arr\u00eat\u00e9 pour le fait d\u2019\u00eatre journaliste\u00a0\u00bb, rappelant que \u00ab\u00a0depuis le temps o\u00f9 j\u2019\u00e9tais ministre de la Communication et de la Culture, j\u2019ai toujours vou\u00e9 le plus grand respect \u00e0 la presse et je n\u2019ai pas fait de diff\u00e9rence entre la presse publique et priv\u00e9e\u00a0\u00bb.<\/p>\n\n\n\n<p>\u00ab\u00a0Seulement, le fait d\u2019\u00eatre journaliste ne donne aucune immunit\u00e9 concernant l\u2019atteinte \u00e0 l\u2019ordre public\u00a0\u00bb, a-t-il fait observer, affirmant que \u00ab\u00a0les arrestations ne sont pas faites sur la base des id\u00e9es, des slogans ou le fait d\u2019\u00eatre opposant\u00a0\u00bb.<\/p>\n\n\n\n<p>Pour le pr\u00e9sident de la R\u00e9publique, \u00ab\u00a0il y aura toujours des voix discordantes\u00a0\u00bb, car \u00ab\u00a0chacun voit les choses \u00e0 sa mani\u00e8re\u00a0\u00bb, relevant qu'\u00a0\u00bbune R\u00e9publique qui cherche \u00e0 entamer une vraie d\u00e9mocratisation de la vie publique, tient compte de l\u2019avis de la majorit\u00e9 tout en respectant les avis minoritaires\u00a0\u00bb.<\/p>\n\n\n\n<p>\u00ab\u00a0Il y a des ONG qui sont stigmatis\u00e9es pour leur accointance, leur mani\u00e8re de voir les choses, leur n\u00e9gativisme. D\u2019autres sont tr\u00e8s respectables et nous comptons sur leur avis. Il n\u2019y aura pas de r\u00e9pression, mais de la protection de l\u2019ordre public. Quand il y a violation du droit du citoyen \u00e0 la s\u00e9r\u00e9nit\u00e9 et \u00e0 la vie paisible, l\u2019Etat doit intervenir\u00a0\u00bb, a-t-il dit.<\/p>\n\n\n\n<p>Interrog\u00e9 sur les d\u00e9cisions prises pour restaurer l\u2019autorit\u00e9 de l\u2019Etat, le pr\u00e9sident Tebboune a indiqu\u00e9 que \u00ab\u00a0nous avons proc\u00e9d\u00e9 \u00e0 des changements dans tous les corps de l\u2019Etat et nous nous sommes attel\u00e9s \u00e0 fournir les efforts pour que le projet de Constitution soit le reflet r\u00e9el de la demande populaire de changement, comme je m\u2019y \u00e9tais engag\u00e9 durant la campagne\u00a0\u00bb.<\/p>\n\n\n\n<p>Il a rappel\u00e9 que le 22 f\u00e9vrier 2019, \u00ab\u00a0pratiquement, toute la population est sortie dans la rue pour exprimer son ras-le-bol par rapport \u00e0 tout ce qui s\u2019\u00e9tait pass\u00e9 les deux \u00e0 trois ann\u00e9es pr\u00e9c\u00e9dentes et s\u2019\u00e9tait achev\u00e9 par une com\u00e9die de pr\u00e9paration d\u2019une \u00e9lection pour un cinqui\u00e8me mandat, sachant que le pr\u00e9sident Bouteflika \u00e9tait devenu impotent. Le hirak b\u00e9ni a mis fin \u00e0 cette com\u00e9die\u00a0\u00bb.<\/p>\n\n\n\n<p>\u00ab\u00a0Prot\u00e9g\u00e9 par l\u2019arm\u00e9e et les services de s\u00e9curit\u00e9, ce mouvement populaire et civilis\u00e9 s\u2019est exprim\u00e9 de fa\u00e7on tr\u00e8s politique et tr\u00e8s pacifique. Ses repr\u00e9sentants avaient plusieurs dol\u00e9ances : l\u2019arr\u00eat du processus \u00e9lectoral, la fin du quatri\u00e8me mandat et un changement radical de la gouvernance\u00a0\u00bb, a soutenu le pr\u00e9sident de la R\u00e9publique.<\/p>\n\n\n\n<p>Pour lui, ce furent \u00ab\u00a0les premi\u00e8res \u00e9lections propres et transparentes. Le plus difficile fut de regagner la confiance de ce peuple d\u00e9sabus\u00e9 par des ann\u00e9es de gestion folklorique qui tenait de la r\u00e9publique banani\u00e8re.<\/p>\n\n\n\n<p>Il fallait montrer que le changement \u00e9tait radical au niveau de la gestion locale, r\u00e9gionale et nationale\u00a0\u00bb.<\/p>\n\n\n\n<p>S&rsquo;agissant de la \u00ab\u00a0promotion du renouvellement g\u00e9n\u00e9rationnel\u00a0\u00bb, M. Tebboune a indiqu\u00e9 que c&rsquo;\u00e9tait \u00ab\u00a0l\u2019un de mes engagements essentiels\u00a0\u00bb, ajoutant qu&rsquo;il a commenc\u00e9 samedi dernier \u00e0 \u00ab\u00a0concr\u00e9tiser ce changement afin de cr\u00e9er une nouvelle g\u00e9n\u00e9ration d\u2019entrepreneurs, de permettre aux jeunes de s\u2019\u00e9manciper \u00e9conomiquement, de ne pas \u00eatre oblig\u00e9 de montrer patte blanche \u00e0 tel ou tel oligarque\u00a0\u00bb.<\/p>\n\n\n\n<p>\u00ab\u00a0L&rsquo;Etat va les aider \u00e0 \u00e9merger en tant que force \u00e9conomique.<\/p>\n\n\n\n<p>Les start-up alg\u00e9riennes deviennent une r\u00e9alit\u00e9\u00a0\u00bb, a-t-il soulign\u00e9, relevant que sur le plan politique, il s&rsquo;est engag\u00e9 \u00e0 introduire \u00ab\u00a0le maximum de jeunes au niveau des instances \u00e9lus, y compris au sein de l\u2019Assembl\u00e9e populaire nationale\u00a0\u00bb.<\/p>\n\n\n\n<p>\u00ab\u00a0Ils seront l\u00e0 pour repr\u00e9senter le peuple de mani\u00e8re plus moderne. Les jeunes sont rest\u00e9s honn\u00eates, propres et n\u2019ont pas r\u00e9pondu aux sir\u00e8nes des oligarques. A ce titre, ils m\u00e9ritent de g\u00e9rer le pays avec l\u2019aide et les conseils de leurs a\u00een\u00e9s. J\u2019esp\u00e8re avoir une majorit\u00e9 de jeunes aux assembl\u00e9es nationale, r\u00e9gionales, au niveau des wilayas et des municipalit\u00e9s\u00a0\u00bb, a-t-il mentionn\u00e9.<\/p>\n\n\n\n<p><strong>Nous avions d\u00e9j\u00e0 eu notre propre printemps alg\u00e9rien<\/strong><\/p>\n\n\n\n<p>Interrog\u00e9 sur \u00ab\u00a0les nombreux bouleversements politiques qui ont eu lieu en Afrique depuis 2011\u00a0\u00bb, le pr\u00e9sident Tebboune a indiqu\u00e9 que l&rsquo;Alg\u00e9rie \u00ab\u00a0n\u2019a pas subi le Printemps arabe. Le 5 octobre 1988, nous avions d\u00e9j\u00e0 eu notre propre +printemps alg\u00e9rien+\u00a0\u00bb.<\/p>\n\n\n\n<p>Il a ajout\u00e9 que, dans ce sillage, \u00ab\u00a0la soci\u00e9t\u00e9 s\u2019est m\u00e9tamorphos\u00e9e, le pouvoir aussi\u00a0\u00bb, relevant que \u00ab\u00a0le multipartisme a aid\u00e9 \u00e0 l\u2019introduction de nouvelles id\u00e9es politiques et \u00e9conomiques. Le pays a commenc\u00e9 \u00e0 entrer dans le lib\u00e9ralisme pour sortir de l\u2019\u00e9conomie socialiste et administr\u00e9e.<\/p>\n\n\n\n<p>Malheureusement, il y a eu un d\u00e9rapage en 1992. Cette d\u00e9mocratie d\u00e9butante \u00e0 laquelle tout le monde aspirait, a \u00e9t\u00e9 squatt\u00e9e par un mouvement islamiste\u00a0\u00bb.<\/p>\n\n\n\n<p>\u00ab\u00a0Nous sommes entr\u00e9s dans les t\u00e9n\u00e8bres de la transition qui a dur\u00e9 une dizaine d\u2019ann\u00e9es avec un nombre de victimes incalculables, des pertes \u00e9conomiques estim\u00e9es \u00e0 plusieurs dizaines milliards de dollars\u2026 On a essay\u00e9, par la suite, de reprendre le cours normal de choses. A la fin des ann\u00e9es 2012-2014, on a rev\u00e9cu les m\u00eames d\u00e9viations avec un pouvoir personnel adoss\u00e9 \u00e0 la +kleptocratie+ qui s\u2019est empar\u00e9e des richesses du pays. Cela a donn\u00e9 le \u00ab hirak b\u00e9ni \u00bb du 22 f\u00e9vrier\u00a0\u00bb, a-t-il ajout\u00e9.<\/p>\n\n\n\n<p>S\u2019agissant des r\u00e9volutions r\u00e9centes, le pr\u00e9sident Tebboune a observ\u00e9 que les pays maghr\u00e9bins comme la Tunisie \u00ab\u00a0ont fait leur mue\u00a0\u00bb, ajoutant que \u00ab\u00a0nous avons fait la n\u00f4tre. Le reste de l\u2019Afrique est malheureusement rest\u00e9 sur l\u2019h\u00e9ritage colonial. La mis\u00e8re, la pauvret\u00e9, la non-structuration r\u00e9elle des Etats s\u2019est traduite par une certaine fragilit\u00e9 dans la gouvernance. Je souhaite personnellement que ce qui s\u2019est pass\u00e9 au Mali ne soit pas le d\u00e9but d\u2019un +Printemps africain+\u00a0\u00bb.<\/p>\n\n\n\n<p><strong>Crise malienne: la solution r\u00e9side dans les accords d&rsquo;Alger<\/strong><\/p>\n\n\n\n<p>Interrog\u00e9 sur la crise malienne, le pr\u00e9sident Tebboune a ssur\u00e9 que la solution est \u00e0 \u00ab\u00a090% alg\u00e9rienne\u00a0\u00bb, ajoutant que l&rsquo;Alg\u00e9rie, depuis son ind\u00e9pendance, s\u2019est pas occup\u00e9e \u00e0 r\u00e9gler les contentieux ethniques et g\u00e9ographiques des pays de la r\u00e9gion.<\/p>\n\n\n\n<p>Le pr\u00e9sident de la R\u00e9publique a rappel\u00e9 que tous \u00ab\u00a0les antagonistes se sont retrouv\u00e9s (par le pass\u00e9) \u00e0 Alger et ont accept\u00e9 un mode d\u2019emploi pour r\u00e9gler cette question et reprendre une int\u00e9gration r\u00e9elle du nord et du sud \u00e0 travers des actions sociales, politiques, \u00e9conomiques, organisationnelles\u00a0\u00bb, affirmant que \u00ab\u00a0la solution r\u00e9side dans les accords d\u2019Alger\u00a0\u00bb.<\/p>\n\n\n\n<p>A propos de la crise libyenne, M. Tebboune a indiqu\u00e9 que pour \u00ab\u00a0reconstruire la Libye, il faut commencer par b\u00e2tir la l\u00e9gitimit\u00e9 populaire\u00a0\u00bb, ajoutant qu&rsquo;il \u00ab\u00a0faut donc organiser des \u00e9lections, quitte \u00e0 le faire d\u2019abord r\u00e9gion par r\u00e9gion\u00a0\u00bb.<\/p>\n\n\n\n<p>La d\u00e9marche consistera, ensuite, \u00e0 \u00ab\u00a0reconstruire toutes les institutions :<\/p>\n\n\n\n<p>Assembl\u00e9e nationale, \u00e9lection d\u2019un Premier ministre, peut-\u00eatre m\u00eame d\u2019un pr\u00e9sident de la R\u00e9publique. Il faudra aussi revoir la base de la Constitution et l\u2019\u00e9quilibre des forces politiques pour asseoir de bonnes relations et le respect entre les institutions de l\u2019Etat\u00a0\u00bb, a-t-il pr\u00e9conis\u00e9.<\/p>\n\n\n\n<p>Interrog\u00e9 sur une possible collaboration avec le pr\u00e9sident Macron pour r\u00e9soudre ces crises, le pr\u00e9sident Tebboune a indiqu\u00e9 qu'\u00a0\u00bbon peut travailler ensemble sans que les actions des uns soient antonymiques \u00e0 celles des autres. En partenaires \u00e9gaux -et je maintiens \u00e9gaux-\u00ab\u00a0.<\/p>\n\n\n\n<p>Il a indiqu\u00e9 dans ce cadre que \u00ab\u00a0les visions sont assez proches\u00a0\u00bb, ajoutant que \u00ab\u00a0notre vision est purement fraternelle. Nous n\u2019avons aucune ambition g\u00e9opolitique ou \u00e9conomique, mais de sauvetage de nos pays fr\u00e8res. La vision, qui ne tient pas uniquement au pr\u00e9sident de la R\u00e9publique fran\u00e7aise, est peut-\u00eatre une vision de puissance, d\u2019ex-puissance coloniale\u00a0\u00bb. APS<\/p>\n","protected":false},"excerpt":{"rendered":"<p>Le pr\u00e9sident de la R\u00e9publique, M. Abdelmadjid Tebboune, a affirm\u00e9 que la Constitution est un \u00ab\u00a0document sacr\u00e9\u00a0\u00bb et que d\u00e9sormais<\/p>\n","protected":false},"author":3,"featured_media":0,"comment_status":"open","ping_status":"closed","sticky":false,"template":"","format":"standard","meta":{"colormag_page_container_layout":"default_layout","colormag_page_sidebar_layout":"default_layout","om_disable_all_campaigns":false,"_monsterinsights_skip_tracking":false,"_monsterinsights_sitenote_active":false,"_monsterinsights_sitenote_note":"","_monsterinsights_sitenote_category":0,"footnotes":"","_wpscppro_dont_share_socialmedia":false,"_wpscppro_custom_social_share_image":0,"_facebook_share_type":"","_twitter_share_type":"","_linkedin_share_type":"","_pinterest_share_type":"","_linkedin_share_type_page":"","_instagram_share_type":"","_medium_share_type":"","_threads_share_type":"","_google_business_share_type":"","_selected_social_profile":[],"_wpsp_enable_custom_social_template":false,"_wpsp_social_scheduling":{"enabled":false,"datetime":null,"platforms":[],"status":"template_only","dateOption":"today","timeOption":"now","customDays":"","customHours":"","customDate":"","customTime":"","schedulingType":"absolute"},"_wpsp_active_default_template":true},"categories":[52,28],"tags":[],"class_list":["post-413","post","type-post","status-publish","format-standard","hentry","category-a-la-une","category-politique"],"aioseo_notices":[],"yoast_head":"<!-- This site is optimized with the Yoast SEO plugin v27.5 - https:\/\/yoast.com\/product\/yoast-seo-wordpress\/ -->\n<title>Pr\u00e9sident Tebboune: personne ne pourra toucher \u00e0 la Constitution pour briguer un troisi\u00e8me mandat - La Sentinelle<\/title>\n<meta name=\"robots\" content=\"index, follow, max-snippet:-1, max-image-preview:large, max-video-preview:-1\" \/>\n<link rel=\"canonical\" href=\"https:\/\/lasentinelle.dz\/index.php\/2020\/10\/08\/president-tebboune-personne-ne-pourra-toucher-a-la-constitution-pour-briguer-un-troisieme-mandat\/\" \/>\n<meta property=\"og:locale\" content=\"fr_FR\" \/>\n<meta property=\"og:type\" content=\"article\" \/>\n<meta property=\"og:title\" content=\"Pr\u00e9sident Tebboune: personne ne pourra toucher \u00e0 la Constitution pour briguer un troisi\u00e8me mandat - La Sentinelle\" \/>\n<meta property=\"og:description\" content=\"Le pr\u00e9sident de la R\u00e9publique, M. Abdelmadjid Tebboune, a affirm\u00e9 que la Constitution est un \u00ab\u00a0document sacr\u00e9\u00a0\u00bb et que d\u00e9sormais\" \/>\n<meta property=\"og:url\" content=\"https:\/\/lasentinelle.dz\/index.php\/2020\/10\/08\/president-tebboune-personne-ne-pourra-toucher-a-la-constitution-pour-briguer-un-troisieme-mandat\/\" \/>\n<meta property=\"og:site_name\" content=\"La Sentinelle\" \/>\n<meta property=\"article:publisher\" content=\"https:\/\/www.facebook.com\/La-Sentinelle-104059864394773\" \/>\n<meta property=\"article:published_time\" content=\"2020-10-08T15:40:00+00:00\" \/>\n<meta property=\"article:modified_time\" content=\"2020-10-08T16:44:28+00:00\" \/>\n<meta property=\"og:image\" content=\"https:\/\/lasentinelle.dz\/wp-content\/uploads\/2020\/10\/tebboune.jpg\" \/>\n\t<meta property=\"og:image:width\" content=\"960\" \/>\n\t<meta property=\"og:image:height\" content=\"640\" \/>\n\t<meta property=\"og:image:type\" content=\"image\/jpeg\" \/>\n<meta name=\"author\" content=\"La Sentinelle\" \/>\n<meta name=\"twitter:card\" content=\"summary_large_image\" \/>\n<meta name=\"twitter:label1\" content=\"\u00c9crit par\" \/>\n\t<meta name=\"twitter:data1\" content=\"La Sentinelle\" \/>\n\t<meta name=\"twitter:label2\" content=\"Dur\u00e9e de lecture estim\u00e9e\" \/>\n\t<meta name=\"twitter:data2\" content=\"8 minutes\" \/>\n<script type=\"application\/ld+json\" class=\"yoast-schema-graph\">{\"@context\":\"https:\\\/\\\/schema.org\",\"@graph\":[{\"@type\":\"Article\",\"@id\":\"https:\\\/\\\/lasentinelle.dz\\\/index.php\\\/2020\\\/10\\\/08\\\/president-tebboune-personne-ne-pourra-toucher-a-la-constitution-pour-briguer-un-troisieme-mandat\\\/#article\",\"isPartOf\":{\"@id\":\"https:\\\/\\\/lasentinelle.dz\\\/index.php\\\/2020\\\/10\\\/08\\\/president-tebboune-personne-ne-pourra-toucher-a-la-constitution-pour-briguer-un-troisieme-mandat\\\/\"},\"author\":{\"name\":\"La Sentinelle\",\"@id\":\"https:\\\/\\\/lasentinelle.dz\\\/#\\\/schema\\\/person\\\/d865044e22e70a75174ce8bcad3acfb3\"},\"headline\":\"Pr\u00e9sident Tebboune: personne ne pourra toucher \u00e0 la Constitution pour briguer un troisi\u00e8me mandat\",\"datePublished\":\"2020-10-08T15:40:00+00:00\",\"dateModified\":\"2020-10-08T16:44:28+00:00\",\"mainEntityOfPage\":{\"@id\":\"https:\\\/\\\/lasentinelle.dz\\\/index.php\\\/2020\\\/10\\\/08\\\/president-tebboune-personne-ne-pourra-toucher-a-la-constitution-pour-briguer-un-troisieme-mandat\\\/\"},\"wordCount\":1524,\"commentCount\":0,\"publisher\":{\"@id\":\"https:\\\/\\\/lasentinelle.dz\\\/#organization\"},\"articleSection\":[\"\u00c0 la Une\",\"Politique\"],\"inLanguage\":\"fr-FR\",\"potentialAction\":[{\"@type\":\"CommentAction\",\"name\":\"Comment\",\"target\":[\"https:\\\/\\\/lasentinelle.dz\\\/index.php\\\/2020\\\/10\\\/08\\\/president-tebboune-personne-ne-pourra-toucher-a-la-constitution-pour-briguer-un-troisieme-mandat\\\/#respond\"]}]},{\"@type\":\"WebPage\",\"@id\":\"https:\\\/\\\/lasentinelle.dz\\\/index.php\\\/2020\\\/10\\\/08\\\/president-tebboune-personne-ne-pourra-toucher-a-la-constitution-pour-briguer-un-troisieme-mandat\\\/\",\"url\":\"https:\\\/\\\/lasentinelle.dz\\\/index.php\\\/2020\\\/10\\\/08\\\/president-tebboune-personne-ne-pourra-toucher-a-la-constitution-pour-briguer-un-troisieme-mandat\\\/\",\"name\":\"Pr\u00e9sident Tebboune: personne ne pourra toucher \u00e0 la Constitution pour briguer un troisi\u00e8me mandat - La Sentinelle\",\"isPartOf\":{\"@id\":\"https:\\\/\\\/lasentinelle.dz\\\/#website\"},\"datePublished\":\"2020-10-08T15:40:00+00:00\",\"dateModified\":\"2020-10-08T16:44:28+00:00\",\"breadcrumb\":{\"@id\":\"https:\\\/\\\/lasentinelle.dz\\\/index.php\\\/2020\\\/10\\\/08\\\/president-tebboune-personne-ne-pourra-toucher-a-la-constitution-pour-briguer-un-troisieme-mandat\\\/#breadcrumb\"},\"inLanguage\":\"fr-FR\",\"potentialAction\":[{\"@type\":\"ReadAction\",\"target\":[\"https:\\\/\\\/lasentinelle.dz\\\/index.php\\\/2020\\\/10\\\/08\\\/president-tebboune-personne-ne-pourra-toucher-a-la-constitution-pour-briguer-un-troisieme-mandat\\\/\"]}]},{\"@type\":\"BreadcrumbList\",\"@id\":\"https:\\\/\\\/lasentinelle.dz\\\/index.php\\\/2020\\\/10\\\/08\\\/president-tebboune-personne-ne-pourra-toucher-a-la-constitution-pour-briguer-un-troisieme-mandat\\\/#breadcrumb\",\"itemListElement\":[{\"@type\":\"ListItem\",\"position\":1,\"name\":\"Accueil\",\"item\":\"https:\\\/\\\/lasentinelle.dz\\\/\"},{\"@type\":\"ListItem\",\"position\":2,\"name\":\"Pr\u00e9sident Tebboune: personne ne pourra toucher \u00e0 la Constitution pour briguer un troisi\u00e8me mandat\"}]},{\"@type\":\"WebSite\",\"@id\":\"https:\\\/\\\/lasentinelle.dz\\\/#website\",\"url\":\"https:\\\/\\\/lasentinelle.dz\\\/\",\"name\":\"La Sentinelle\",\"description\":\"Quotidien national d&#039;information\",\"publisher\":{\"@id\":\"https:\\\/\\\/lasentinelle.dz\\\/#organization\"},\"potentialAction\":[{\"@type\":\"SearchAction\",\"target\":{\"@type\":\"EntryPoint\",\"urlTemplate\":\"https:\\\/\\\/lasentinelle.dz\\\/?s={search_term_string}\"},\"query-input\":{\"@type\":\"PropertyValueSpecification\",\"valueRequired\":true,\"valueName\":\"search_term_string\"}}],\"inLanguage\":\"fr-FR\"},{\"@type\":\"Organization\",\"@id\":\"https:\\\/\\\/lasentinelle.dz\\\/#organization\",\"name\":\"Quotidien La Sentinelle\",\"url\":\"https:\\\/\\\/lasentinelle.dz\\\/\",\"logo\":{\"@type\":\"ImageObject\",\"inLanguage\":\"fr-FR\",\"@id\":\"https:\\\/\\\/lasentinelle.dz\\\/#\\\/schema\\\/logo\\\/image\\\/\",\"url\":\"https:\\\/\\\/lasentinelle.dz\\\/wp-content\\\/uploads\\\/2021\\\/09\\\/logo-sentinelleSLOGAN-1.png\",\"contentUrl\":\"https:\\\/\\\/lasentinelle.dz\\\/wp-content\\\/uploads\\\/2021\\\/09\\\/logo-sentinelleSLOGAN-1.png\",\"width\":615,\"height\":142,\"caption\":\"Quotidien La Sentinelle\"},\"image\":{\"@id\":\"https:\\\/\\\/lasentinelle.dz\\\/#\\\/schema\\\/logo\\\/image\\\/\"},\"sameAs\":[\"https:\\\/\\\/www.facebook.com\\\/La-Sentinelle-104059864394773\"]},{\"@type\":\"Person\",\"@id\":\"https:\\\/\\\/lasentinelle.dz\\\/#\\\/schema\\\/person\\\/d865044e22e70a75174ce8bcad3acfb3\",\"name\":\"La Sentinelle\",\"image\":{\"@type\":\"ImageObject\",\"inLanguage\":\"fr-FR\",\"@id\":\"https:\\\/\\\/secure.gravatar.com\\\/avatar\\\/57de8e5d4b15d43fb361a71fbb36338450fe67865b528a43dd10ef7c51a20392?s=96&d=mm&r=g\",\"url\":\"https:\\\/\\\/secure.gravatar.com\\\/avatar\\\/57de8e5d4b15d43fb361a71fbb36338450fe67865b528a43dd10ef7c51a20392?s=96&d=mm&r=g\",\"contentUrl\":\"https:\\\/\\\/secure.gravatar.com\\\/avatar\\\/57de8e5d4b15d43fb361a71fbb36338450fe67865b528a43dd10ef7c51a20392?s=96&d=mm&r=g\",\"caption\":\"La Sentinelle\"},\"sameAs\":[\"http:\\\/\\\/www.lasentinelle.dz\"],\"url\":\"https:\\\/\\\/lasentinelle.dz\\\/author\\\/redaction\\\/\"}]}<\/script>\n<!-- \/ Yoast SEO plugin. -->","yoast_head_json":{"title":"Pr\u00e9sident Tebboune: personne ne pourra toucher \u00e0 la Constitution pour briguer un troisi\u00e8me mandat - La Sentinelle","robots":{"index":"index","follow":"follow","max-snippet":"max-snippet:-1","max-image-preview":"max-image-preview:large","max-video-preview":"max-video-preview:-1"},"canonical":"https:\/\/lasentinelle.dz\/index.php\/2020\/10\/08\/president-tebboune-personne-ne-pourra-toucher-a-la-constitution-pour-briguer-un-troisieme-mandat\/","og_locale":"fr_FR","og_type":"article","og_title":"Pr\u00e9sident Tebboune: personne ne pourra toucher \u00e0 la Constitution pour briguer un troisi\u00e8me mandat - La Sentinelle","og_description":"Le pr\u00e9sident de la R\u00e9publique, M. Abdelmadjid Tebboune, a affirm\u00e9 que la Constitution est un \u00ab\u00a0document sacr\u00e9\u00a0\u00bb et que d\u00e9sormais","og_url":"https:\/\/lasentinelle.dz\/index.php\/2020\/10\/08\/president-tebboune-personne-ne-pourra-toucher-a-la-constitution-pour-briguer-un-troisieme-mandat\/","og_site_name":"La Sentinelle","article_publisher":"https:\/\/www.facebook.com\/La-Sentinelle-104059864394773","article_published_time":"2020-10-08T15:40:00+00:00","article_modified_time":"2020-10-08T16:44:28+00:00","og_image":[{"width":960,"height":640,"url":"https:\/\/lasentinelle.dz\/wp-content\/uploads\/2020\/10\/tebboune.jpg","type":"image\/jpeg"}],"author":"La Sentinelle","twitter_card":"summary_large_image","twitter_misc":{"\u00c9crit par":"La Sentinelle","Dur\u00e9e de lecture estim\u00e9e":"8 minutes"},"schema":{"@context":"https:\/\/schema.org","@graph":[{"@type":"Article","@id":"https:\/\/lasentinelle.dz\/index.php\/2020\/10\/08\/president-tebboune-personne-ne-pourra-toucher-a-la-constitution-pour-briguer-un-troisieme-mandat\/#article","isPartOf":{"@id":"https:\/\/lasentinelle.dz\/index.php\/2020\/10\/08\/president-tebboune-personne-ne-pourra-toucher-a-la-constitution-pour-briguer-un-troisieme-mandat\/"},"author":{"name":"La Sentinelle","@id":"https:\/\/lasentinelle.dz\/#\/schema\/person\/d865044e22e70a75174ce8bcad3acfb3"},"headline":"Pr\u00e9sident Tebboune: personne ne pourra toucher \u00e0 la Constitution pour briguer un troisi\u00e8me mandat","datePublished":"2020-10-08T15:40:00+00:00","dateModified":"2020-10-08T16:44:28+00:00","mainEntityOfPage":{"@id":"https:\/\/lasentinelle.dz\/index.php\/2020\/10\/08\/president-tebboune-personne-ne-pourra-toucher-a-la-constitution-pour-briguer-un-troisieme-mandat\/"},"wordCount":1524,"commentCount":0,"publisher":{"@id":"https:\/\/lasentinelle.dz\/#organization"},"articleSection":["\u00c0 la Une","Politique"],"inLanguage":"fr-FR","potentialAction":[{"@type":"CommentAction","name":"Comment","target":["https:\/\/lasentinelle.dz\/index.php\/2020\/10\/08\/president-tebboune-personne-ne-pourra-toucher-a-la-constitution-pour-briguer-un-troisieme-mandat\/#respond"]}]},{"@type":"WebPage","@id":"https:\/\/lasentinelle.dz\/index.php\/2020\/10\/08\/president-tebboune-personne-ne-pourra-toucher-a-la-constitution-pour-briguer-un-troisieme-mandat\/","url":"https:\/\/lasentinelle.dz\/index.php\/2020\/10\/08\/president-tebboune-personne-ne-pourra-toucher-a-la-constitution-pour-briguer-un-troisieme-mandat\/","name":"Pr\u00e9sident Tebboune: personne ne pourra toucher \u00e0 la Constitution pour briguer un troisi\u00e8me mandat - La Sentinelle","isPartOf":{"@id":"https:\/\/lasentinelle.dz\/#website"},"datePublished":"2020-10-08T15:40:00+00:00","dateModified":"2020-10-08T16:44:28+00:00","breadcrumb":{"@id":"https:\/\/lasentinelle.dz\/index.php\/2020\/10\/08\/president-tebboune-personne-ne-pourra-toucher-a-la-constitution-pour-briguer-un-troisieme-mandat\/#breadcrumb"},"inLanguage":"fr-FR","potentialAction":[{"@type":"ReadAction","target":["https:\/\/lasentinelle.dz\/index.php\/2020\/10\/08\/president-tebboune-personne-ne-pourra-toucher-a-la-constitution-pour-briguer-un-troisieme-mandat\/"]}]},{"@type":"BreadcrumbList","@id":"https:\/\/lasentinelle.dz\/index.php\/2020\/10\/08\/president-tebboune-personne-ne-pourra-toucher-a-la-constitution-pour-briguer-un-troisieme-mandat\/#breadcrumb","itemListElement":[{"@type":"ListItem","position":1,"name":"Accueil","item":"https:\/\/lasentinelle.dz\/"},{"@type":"ListItem","position":2,"name":"Pr\u00e9sident Tebboune: personne ne pourra toucher \u00e0 la Constitution pour briguer un troisi\u00e8me mandat"}]},{"@type":"WebSite","@id":"https:\/\/lasentinelle.dz\/#website","url":"https:\/\/lasentinelle.dz\/","name":"La Sentinelle","description":"Quotidien national d&#039;information","publisher":{"@id":"https:\/\/lasentinelle.dz\/#organization"},"potentialAction":[{"@type":"SearchAction","target":{"@type":"EntryPoint","urlTemplate":"https:\/\/lasentinelle.dz\/?s={search_term_string}"},"query-input":{"@type":"PropertyValueSpecification","valueRequired":true,"valueName":"search_term_string"}}],"inLanguage":"fr-FR"},{"@type":"Organization","@id":"https:\/\/lasentinelle.dz\/#organization","name":"Quotidien La Sentinelle","url":"https:\/\/lasentinelle.dz\/","logo":{"@type":"ImageObject","inLanguage":"fr-FR","@id":"https:\/\/lasentinelle.dz\/#\/schema\/logo\/image\/","url":"https:\/\/lasentinelle.dz\/wp-content\/uploads\/2021\/09\/logo-sentinelleSLOGAN-1.png","contentUrl":"https:\/\/lasentinelle.dz\/wp-content\/uploads\/2021\/09\/logo-sentinelleSLOGAN-1.png","width":615,"height":142,"caption":"Quotidien La Sentinelle"},"image":{"@id":"https:\/\/lasentinelle.dz\/#\/schema\/logo\/image\/"},"sameAs":["https:\/\/www.facebook.com\/La-Sentinelle-104059864394773"]},{"@type":"Person","@id":"https:\/\/lasentinelle.dz\/#\/schema\/person\/d865044e22e70a75174ce8bcad3acfb3","name":"La Sentinelle","image":{"@type":"ImageObject","inLanguage":"fr-FR","@id":"https:\/\/secure.gravatar.com\/avatar\/57de8e5d4b15d43fb361a71fbb36338450fe67865b528a43dd10ef7c51a20392?s=96&d=mm&r=g","url":"https:\/\/secure.gravatar.com\/avatar\/57de8e5d4b15d43fb361a71fbb36338450fe67865b528a43dd10ef7c51a20392?s=96&d=mm&r=g","contentUrl":"https:\/\/secure.gravatar.com\/avatar\/57de8e5d4b15d43fb361a71fbb36338450fe67865b528a43dd10ef7c51a20392?s=96&d=mm&r=g","caption":"La Sentinelle"},"sameAs":["http:\/\/www.lasentinelle.dz"],"url":"https:\/\/lasentinelle.dz\/author\/redaction\/"}]}},"_links":{"self":[{"href":"https:\/\/lasentinelle.dz\/index.php\/wp-json\/wp\/v2\/posts\/413","targetHints":{"allow":["GET"]}}],"collection":[{"href":"https:\/\/lasentinelle.dz\/index.php\/wp-json\/wp\/v2\/posts"}],"about":[{"href":"https:\/\/lasentinelle.dz\/index.php\/wp-json\/wp\/v2\/types\/post"}],"author":[{"embeddable":true,"href":"https:\/\/lasentinelle.dz\/index.php\/wp-json\/wp\/v2\/users\/3"}],"replies":[{"embeddable":true,"href":"https:\/\/lasentinelle.dz\/index.php\/wp-json\/wp\/v2\/comments?post=413"}],"version-history":[{"count":0,"href":"https:\/\/lasentinelle.dz\/index.php\/wp-json\/wp\/v2\/posts\/413\/revisions"}],"wp:attachment":[{"href":"https:\/\/lasentinelle.dz\/index.php\/wp-json\/wp\/v2\/media?parent=413"}],"wp:term":[{"taxonomy":"category","embeddable":true,"href":"https:\/\/lasentinelle.dz\/index.php\/wp-json\/wp\/v2\/categories?post=413"},{"taxonomy":"post_tag","embeddable":true,"href":"https:\/\/lasentinelle.dz\/index.php\/wp-json\/wp\/v2\/tags?post=413"}],"curies":[{"name":"wp","href":"https:\/\/api.w.org\/{rel}","templated":true}]}}