{"id":41301,"date":"2023-05-20T22:00:00","date_gmt":"2023-05-20T21:00:00","guid":{"rendered":"https:\/\/lasentinelle.dz\/?p=41301"},"modified":"2023-05-20T17:17:24","modified_gmt":"2023-05-20T16:17:24","slug":"selon-lunicef-une-grande-partie-des-afghans-sont-au-bord-de-la-pauvrete","status":"publish","type":"post","link":"https:\/\/lasentinelle.dz\/index.php\/2023\/05\/20\/selon-lunicef-une-grande-partie-des-afghans-sont-au-bord-de-la-pauvrete\/","title":{"rendered":"Selon l&rsquo;UNICEF\u00a0: Une grande partie des Afghans sont au bord de la pauvret\u00e9"},"content":{"rendered":"\n<p>Environ 90 % des Afghans sont au bord de la pauvret\u00e9, et les enfants sont les premi\u00e8res victimes de cette situation difficile, a d\u00e9clar\u00e9 Fran Equiza, repr\u00e9sentante de l&rsquo;UNICEF en Afghanistan. Lors d&rsquo;une conf\u00e9rence de presse \u00e0 New York, le responsable de l&rsquo;ONU a averti samedi que \u00ab\u00a0beaucoup oublient que l&rsquo;Afghanistan &#8211; qui se d\u00e9bat sous le poids d&rsquo;une catastrophe humanitaire, de crises climatiques et de violations flagrantes des droits de l&rsquo;homme &#8211; repr\u00e9sente une crise pour les droits de l&rsquo;enfant et que cette crise s&rsquo;aggrave\u00a0\u00bb. Equiza a indiqu\u00e9 que 2,3 millions d&rsquo;enfants devraient faire face \u00e0 la malnutrition aigu\u00eb s\u00e9v\u00e8re cette ann\u00e9e, et 175 000 d&rsquo;entre eux n\u00e9cessiteront un traitement contre la malnutrition aigu\u00eb s\u00e9v\u00e8re potentiellement mortelle. En outre, quelque 140 000 femmes enceintes et allaitantes devraient souffrir de malnutrition aigu\u00eb cette ann\u00e9e seulement, mena\u00e7ant leur capacit\u00e9 \u00e0 donner \u00e0 leurs enfants le meilleur d\u00e9part dans la vie. Le responsable de l&rsquo;UNICEF, a r\u00e9affirm\u00e9 l&rsquo;engagement de l&rsquo;UNICEF \u00e0 rester en Afghanistan et \u00e0 travailler pour les femmes et les enfants comme il le fait depuis pr\u00e8s d e 75 ans. Il a d\u00e9clar\u00e9 aux journalistes que l&rsquo;UNICEF s&rsquo;adapte \u00e0 l&rsquo;\u00e9volution rapide de la r\u00e9alit\u00e9 sur le terrain et trouve des solutions pour atteindre les enfants ayant besoin d&rsquo;aide. Notant que les besoins augmentent chaque jour, Equiza a d\u00e9clar\u00e9 que l&rsquo;appel humanitaire pour les op\u00e9rations de l&rsquo;UNICEF n&rsquo;a re\u00e7u que 22% du montant demand\u00e9.<\/p>\n\n\n\n<p>APS<\/p>\n","protected":false},"excerpt":{"rendered":"<p>Environ 90 % des Afghans sont au bord de la pauvret\u00e9, et les enfants sont les premi\u00e8res victimes de cette<\/p>\n","protected":false},"author":3,"featured_media":41325,"comment_status":"open","ping_status":"closed","sticky":false,"template":"","format":"standard","meta":{"colormag_page_container_layout":"default_layout","colormag_page_sidebar_layout":"default_layout","om_disable_all_campaigns":false,"_monsterinsights_skip_tracking":false,"_monsterinsights_sitenote_active":false,"_monsterinsights_sitenote_note":"","_monsterinsights_sitenote_category":0,"footnotes":"","_wpscppro_dont_share_socialmedia":false,"_wpscppro_custom_social_share_image":0,"_facebook_share_type":"","_twitter_share_type":"","_linkedin_share_type":"","_pinterest_share_type":"","_linkedin_share_type_page":"","_instagram_share_type":"","_medium_share_type":"","_threads_share_type":"","_google_business_share_type":"","_selected_social_profile":[],"_wpsp_enable_custom_social_template":false,"_wpsp_social_scheduling":{"enabled":false,"datetime":null,"platforms":[],"status":"template_only","dateOption":"today","timeOption":"now","customDays":"","customHours":"","customDate":"","customTime":"","schedulingType":"absolute"},"_wpsp_active_default_template":true},"categories":[37],"tags":[],"class_list":["post-41301","post","type-post","status-publish","format-standard","has-post-thumbnail","hentry","category-monde"],"aioseo_notices":[],"yoast_head":"<!-- This site is optimized with the Yoast SEO plugin v27.5 - https:\/\/yoast.com\/product\/yoast-seo-wordpress\/ -->\n<title>Selon l&rsquo;UNICEF\u00a0: Une grande partie des Afghans sont au bord de la pauvret\u00e9 - La Sentinelle<\/title>\n<meta name=\"robots\" content=\"index, follow, max-snippet:-1, max-image-preview:large, max-video-preview:-1\" \/>\n<link rel=\"canonical\" href=\"https:\/\/lasentinelle.dz\/index.php\/2023\/05\/20\/selon-lunicef-une-grande-partie-des-afghans-sont-au-bord-de-la-pauvrete\/\" \/>\n<meta property=\"og:locale\" content=\"fr_FR\" \/>\n<meta property=\"og:type\" content=\"article\" \/>\n<meta property=\"og:title\" content=\"Selon l&rsquo;UNICEF\u00a0: Une grande partie des Afghans sont au bord de la pauvret\u00e9 - La Sentinelle\" \/>\n<meta property=\"og:description\" content=\"Environ 90 % des Afghans sont au bord de la pauvret\u00e9, et les enfants sont les premi\u00e8res victimes de cette\" \/>\n<meta property=\"og:url\" content=\"https:\/\/lasentinelle.dz\/index.php\/2023\/05\/20\/selon-lunicef-une-grande-partie-des-afghans-sont-au-bord-de-la-pauvrete\/\" \/>\n<meta property=\"og:site_name\" content=\"La Sentinelle\" \/>\n<meta property=\"article:publisher\" content=\"https:\/\/www.facebook.com\/La-Sentinelle-104059864394773\" \/>\n<meta property=\"article:published_time\" content=\"2023-05-20T21:00:00+00:00\" \/>\n<meta property=\"og:image\" content=\"https:\/\/lasentinelle.dz\/wp-content\/uploads\/2023\/05\/image_2023-05-20_171656653.png\" \/>\n\t<meta property=\"og:image:width\" content=\"720\" \/>\n\t<meta property=\"og:image:height\" content=\"720\" \/>\n\t<meta property=\"og:image:type\" content=\"image\/png\" \/>\n<meta name=\"author\" content=\"La Sentinelle\" \/>\n<meta name=\"twitter:card\" content=\"summary_large_image\" \/>\n<meta name=\"twitter:label1\" content=\"\u00c9crit par\" \/>\n\t<meta name=\"twitter:data1\" content=\"La Sentinelle\" \/>\n\t<meta name=\"twitter:label2\" content=\"Dur\u00e9e de lecture estim\u00e9e\" \/>\n\t<meta name=\"twitter:data2\" content=\"2 minutes\" \/>\n<script type=\"application\/ld+json\" class=\"yoast-schema-graph\">{\"@context\":\"https:\\\/\\\/schema.org\",\"@graph\":[{\"@type\":\"Article\",\"@id\":\"https:\\\/\\\/lasentinelle.dz\\\/index.php\\\/2023\\\/05\\\/20\\\/selon-lunicef-une-grande-partie-des-afghans-sont-au-bord-de-la-pauvrete\\\/#article\",\"isPartOf\":{\"@id\":\"https:\\\/\\\/lasentinelle.dz\\\/index.php\\\/2023\\\/05\\\/20\\\/selon-lunicef-une-grande-partie-des-afghans-sont-au-bord-de-la-pauvrete\\\/\"},\"author\":{\"name\":\"La Sentinelle\",\"@id\":\"https:\\\/\\\/lasentinelle.dz\\\/#\\\/schema\\\/person\\\/d865044e22e70a75174ce8bcad3acfb3\"},\"headline\":\"Selon l&rsquo;UNICEF\u00a0: Une grande partie des Afghans sont au bord de la pauvret\u00e9\",\"datePublished\":\"2023-05-20T21:00:00+00:00\",\"mainEntityOfPage\":{\"@id\":\"https:\\\/\\\/lasentinelle.dz\\\/index.php\\\/2023\\\/05\\\/20\\\/selon-lunicef-une-grande-partie-des-afghans-sont-au-bord-de-la-pauvrete\\\/\"},\"wordCount\":276,\"commentCount\":0,\"publisher\":{\"@id\":\"https:\\\/\\\/lasentinelle.dz\\\/#organization\"},\"image\":{\"@id\":\"https:\\\/\\\/lasentinelle.dz\\\/index.php\\\/2023\\\/05\\\/20\\\/selon-lunicef-une-grande-partie-des-afghans-sont-au-bord-de-la-pauvrete\\\/#primaryimage\"},\"thumbnailUrl\":\"https:\\\/\\\/lasentinelle.dz\\\/wp-content\\\/uploads\\\/2023\\\/05\\\/image_2023-05-20_171656653.png\",\"articleSection\":[\"Monde\"],\"inLanguage\":\"fr-FR\",\"potentialAction\":[{\"@type\":\"CommentAction\",\"name\":\"Comment\",\"target\":[\"https:\\\/\\\/lasentinelle.dz\\\/index.php\\\/2023\\\/05\\\/20\\\/selon-lunicef-une-grande-partie-des-afghans-sont-au-bord-de-la-pauvrete\\\/#respond\"]}]},{\"@type\":\"WebPage\",\"@id\":\"https:\\\/\\\/lasentinelle.dz\\\/index.php\\\/2023\\\/05\\\/20\\\/selon-lunicef-une-grande-partie-des-afghans-sont-au-bord-de-la-pauvrete\\\/\",\"url\":\"https:\\\/\\\/lasentinelle.dz\\\/index.php\\\/2023\\\/05\\\/20\\\/selon-lunicef-une-grande-partie-des-afghans-sont-au-bord-de-la-pauvrete\\\/\",\"name\":\"Selon l&rsquo;UNICEF\u00a0: Une grande partie des Afghans sont au bord de la pauvret\u00e9 - La Sentinelle\",\"isPartOf\":{\"@id\":\"https:\\\/\\\/lasentinelle.dz\\\/#website\"},\"primaryImageOfPage\":{\"@id\":\"https:\\\/\\\/lasentinelle.dz\\\/index.php\\\/2023\\\/05\\\/20\\\/selon-lunicef-une-grande-partie-des-afghans-sont-au-bord-de-la-pauvrete\\\/#primaryimage\"},\"image\":{\"@id\":\"https:\\\/\\\/lasentinelle.dz\\\/index.php\\\/2023\\\/05\\\/20\\\/selon-lunicef-une-grande-partie-des-afghans-sont-au-bord-de-la-pauvrete\\\/#primaryimage\"},\"thumbnailUrl\":\"https:\\\/\\\/lasentinelle.dz\\\/wp-content\\\/uploads\\\/2023\\\/05\\\/image_2023-05-20_171656653.png\",\"datePublished\":\"2023-05-20T21:00:00+00:00\",\"breadcrumb\":{\"@id\":\"https:\\\/\\\/lasentinelle.dz\\\/index.php\\\/2023\\\/05\\\/20\\\/selon-lunicef-une-grande-partie-des-afghans-sont-au-bord-de-la-pauvrete\\\/#breadcrumb\"},\"inLanguage\":\"fr-FR\",\"potentialAction\":[{\"@type\":\"ReadAction\",\"target\":[\"https:\\\/\\\/lasentinelle.dz\\\/index.php\\\/2023\\\/05\\\/20\\\/selon-lunicef-une-grande-partie-des-afghans-sont-au-bord-de-la-pauvrete\\\/\"]}]},{\"@type\":\"ImageObject\",\"inLanguage\":\"fr-FR\",\"@id\":\"https:\\\/\\\/lasentinelle.dz\\\/index.php\\\/2023\\\/05\\\/20\\\/selon-lunicef-une-grande-partie-des-afghans-sont-au-bord-de-la-pauvrete\\\/#primaryimage\",\"url\":\"https:\\\/\\\/lasentinelle.dz\\\/wp-content\\\/uploads\\\/2023\\\/05\\\/image_2023-05-20_171656653.png\",\"contentUrl\":\"https:\\\/\\\/lasentinelle.dz\\\/wp-content\\\/uploads\\\/2023\\\/05\\\/image_2023-05-20_171656653.png\",\"width\":720,\"height\":720},{\"@type\":\"BreadcrumbList\",\"@id\":\"https:\\\/\\\/lasentinelle.dz\\\/index.php\\\/2023\\\/05\\\/20\\\/selon-lunicef-une-grande-partie-des-afghans-sont-au-bord-de-la-pauvrete\\\/#breadcrumb\",\"itemListElement\":[{\"@type\":\"ListItem\",\"position\":1,\"name\":\"Accueil\",\"item\":\"https:\\\/\\\/lasentinelle.dz\\\/\"},{\"@type\":\"ListItem\",\"position\":2,\"name\":\"Selon l&rsquo;UNICEF\u00a0: Une grande partie des Afghans sont au bord de la pauvret\u00e9\"}]},{\"@type\":\"WebSite\",\"@id\":\"https:\\\/\\\/lasentinelle.dz\\\/#website\",\"url\":\"https:\\\/\\\/lasentinelle.dz\\\/\",\"name\":\"La Sentinelle\",\"description\":\"Quotidien national d&#039;information\",\"publisher\":{\"@id\":\"https:\\\/\\\/lasentinelle.dz\\\/#organization\"},\"potentialAction\":[{\"@type\":\"SearchAction\",\"target\":{\"@type\":\"EntryPoint\",\"urlTemplate\":\"https:\\\/\\\/lasentinelle.dz\\\/?s={search_term_string}\"},\"query-input\":{\"@type\":\"PropertyValueSpecification\",\"valueRequired\":true,\"valueName\":\"search_term_string\"}}],\"inLanguage\":\"fr-FR\"},{\"@type\":\"Organization\",\"@id\":\"https:\\\/\\\/lasentinelle.dz\\\/#organization\",\"name\":\"Quotidien La Sentinelle\",\"url\":\"https:\\\/\\\/lasentinelle.dz\\\/\",\"logo\":{\"@type\":\"ImageObject\",\"inLanguage\":\"fr-FR\",\"@id\":\"https:\\\/\\\/lasentinelle.dz\\\/#\\\/schema\\\/logo\\\/image\\\/\",\"url\":\"https:\\\/\\\/lasentinelle.dz\\\/wp-content\\\/uploads\\\/2021\\\/09\\\/logo-sentinelleSLOGAN-1.png\",\"contentUrl\":\"https:\\\/\\\/lasentinelle.dz\\\/wp-content\\\/uploads\\\/2021\\\/09\\\/logo-sentinelleSLOGAN-1.png\",\"width\":615,\"height\":142,\"caption\":\"Quotidien La Sentinelle\"},\"image\":{\"@id\":\"https:\\\/\\\/lasentinelle.dz\\\/#\\\/schema\\\/logo\\\/image\\\/\"},\"sameAs\":[\"https:\\\/\\\/www.facebook.com\\\/La-Sentinelle-104059864394773\"]},{\"@type\":\"Person\",\"@id\":\"https:\\\/\\\/lasentinelle.dz\\\/#\\\/schema\\\/person\\\/d865044e22e70a75174ce8bcad3acfb3\",\"name\":\"La Sentinelle\",\"image\":{\"@type\":\"ImageObject\",\"inLanguage\":\"fr-FR\",\"@id\":\"https:\\\/\\\/secure.gravatar.com\\\/avatar\\\/57de8e5d4b15d43fb361a71fbb36338450fe67865b528a43dd10ef7c51a20392?s=96&d=mm&r=g\",\"url\":\"https:\\\/\\\/secure.gravatar.com\\\/avatar\\\/57de8e5d4b15d43fb361a71fbb36338450fe67865b528a43dd10ef7c51a20392?s=96&d=mm&r=g\",\"contentUrl\":\"https:\\\/\\\/secure.gravatar.com\\\/avatar\\\/57de8e5d4b15d43fb361a71fbb36338450fe67865b528a43dd10ef7c51a20392?s=96&d=mm&r=g\",\"caption\":\"La Sentinelle\"},\"sameAs\":[\"http:\\\/\\\/www.lasentinelle.dz\"],\"url\":\"https:\\\/\\\/lasentinelle.dz\\\/author\\\/redaction\\\/\"}]}<\/script>\n<!-- \/ Yoast SEO plugin. -->","yoast_head_json":{"title":"Selon l&rsquo;UNICEF\u00a0: Une grande partie des Afghans sont au bord de la pauvret\u00e9 - La Sentinelle","robots":{"index":"index","follow":"follow","max-snippet":"max-snippet:-1","max-image-preview":"max-image-preview:large","max-video-preview":"max-video-preview:-1"},"canonical":"https:\/\/lasentinelle.dz\/index.php\/2023\/05\/20\/selon-lunicef-une-grande-partie-des-afghans-sont-au-bord-de-la-pauvrete\/","og_locale":"fr_FR","og_type":"article","og_title":"Selon l&rsquo;UNICEF\u00a0: Une grande partie des Afghans sont au bord de la pauvret\u00e9 - La Sentinelle","og_description":"Environ 90 % des Afghans sont au bord de la pauvret\u00e9, et les enfants sont les premi\u00e8res victimes de cette","og_url":"https:\/\/lasentinelle.dz\/index.php\/2023\/05\/20\/selon-lunicef-une-grande-partie-des-afghans-sont-au-bord-de-la-pauvrete\/","og_site_name":"La Sentinelle","article_publisher":"https:\/\/www.facebook.com\/La-Sentinelle-104059864394773","article_published_time":"2023-05-20T21:00:00+00:00","og_image":[{"width":720,"height":720,"url":"https:\/\/lasentinelle.dz\/wp-content\/uploads\/2023\/05\/image_2023-05-20_171656653.png","type":"image\/png"}],"author":"La Sentinelle","twitter_card":"summary_large_image","twitter_misc":{"\u00c9crit par":"La Sentinelle","Dur\u00e9e de lecture estim\u00e9e":"2 minutes"},"schema":{"@context":"https:\/\/schema.org","@graph":[{"@type":"Article","@id":"https:\/\/lasentinelle.dz\/index.php\/2023\/05\/20\/selon-lunicef-une-grande-partie-des-afghans-sont-au-bord-de-la-pauvrete\/#article","isPartOf":{"@id":"https:\/\/lasentinelle.dz\/index.php\/2023\/05\/20\/selon-lunicef-une-grande-partie-des-afghans-sont-au-bord-de-la-pauvrete\/"},"author":{"name":"La Sentinelle","@id":"https:\/\/lasentinelle.dz\/#\/schema\/person\/d865044e22e70a75174ce8bcad3acfb3"},"headline":"Selon l&rsquo;UNICEF\u00a0: Une grande partie des Afghans sont au bord de la pauvret\u00e9","datePublished":"2023-05-20T21:00:00+00:00","mainEntityOfPage":{"@id":"https:\/\/lasentinelle.dz\/index.php\/2023\/05\/20\/selon-lunicef-une-grande-partie-des-afghans-sont-au-bord-de-la-pauvrete\/"},"wordCount":276,"commentCount":0,"publisher":{"@id":"https:\/\/lasentinelle.dz\/#organization"},"image":{"@id":"https:\/\/lasentinelle.dz\/index.php\/2023\/05\/20\/selon-lunicef-une-grande-partie-des-afghans-sont-au-bord-de-la-pauvrete\/#primaryimage"},"thumbnailUrl":"https:\/\/lasentinelle.dz\/wp-content\/uploads\/2023\/05\/image_2023-05-20_171656653.png","articleSection":["Monde"],"inLanguage":"fr-FR","potentialAction":[{"@type":"CommentAction","name":"Comment","target":["https:\/\/lasentinelle.dz\/index.php\/2023\/05\/20\/selon-lunicef-une-grande-partie-des-afghans-sont-au-bord-de-la-pauvrete\/#respond"]}]},{"@type":"WebPage","@id":"https:\/\/lasentinelle.dz\/index.php\/2023\/05\/20\/selon-lunicef-une-grande-partie-des-afghans-sont-au-bord-de-la-pauvrete\/","url":"https:\/\/lasentinelle.dz\/index.php\/2023\/05\/20\/selon-lunicef-une-grande-partie-des-afghans-sont-au-bord-de-la-pauvrete\/","name":"Selon l&rsquo;UNICEF\u00a0: Une grande partie des Afghans sont au bord de la pauvret\u00e9 - La Sentinelle","isPartOf":{"@id":"https:\/\/lasentinelle.dz\/#website"},"primaryImageOfPage":{"@id":"https:\/\/lasentinelle.dz\/index.php\/2023\/05\/20\/selon-lunicef-une-grande-partie-des-afghans-sont-au-bord-de-la-pauvrete\/#primaryimage"},"image":{"@id":"https:\/\/lasentinelle.dz\/index.php\/2023\/05\/20\/selon-lunicef-une-grande-partie-des-afghans-sont-au-bord-de-la-pauvrete\/#primaryimage"},"thumbnailUrl":"https:\/\/lasentinelle.dz\/wp-content\/uploads\/2023\/05\/image_2023-05-20_171656653.png","datePublished":"2023-05-20T21:00:00+00:00","breadcrumb":{"@id":"https:\/\/lasentinelle.dz\/index.php\/2023\/05\/20\/selon-lunicef-une-grande-partie-des-afghans-sont-au-bord-de-la-pauvrete\/#breadcrumb"},"inLanguage":"fr-FR","potentialAction":[{"@type":"ReadAction","target":["https:\/\/lasentinelle.dz\/index.php\/2023\/05\/20\/selon-lunicef-une-grande-partie-des-afghans-sont-au-bord-de-la-pauvrete\/"]}]},{"@type":"ImageObject","inLanguage":"fr-FR","@id":"https:\/\/lasentinelle.dz\/index.php\/2023\/05\/20\/selon-lunicef-une-grande-partie-des-afghans-sont-au-bord-de-la-pauvrete\/#primaryimage","url":"https:\/\/lasentinelle.dz\/wp-content\/uploads\/2023\/05\/image_2023-05-20_171656653.png","contentUrl":"https:\/\/lasentinelle.dz\/wp-content\/uploads\/2023\/05\/image_2023-05-20_171656653.png","width":720,"height":720},{"@type":"BreadcrumbList","@id":"https:\/\/lasentinelle.dz\/index.php\/2023\/05\/20\/selon-lunicef-une-grande-partie-des-afghans-sont-au-bord-de-la-pauvrete\/#breadcrumb","itemListElement":[{"@type":"ListItem","position":1,"name":"Accueil","item":"https:\/\/lasentinelle.dz\/"},{"@type":"ListItem","position":2,"name":"Selon l&rsquo;UNICEF\u00a0: Une grande partie des Afghans sont au bord de la pauvret\u00e9"}]},{"@type":"WebSite","@id":"https:\/\/lasentinelle.dz\/#website","url":"https:\/\/lasentinelle.dz\/","name":"La Sentinelle","description":"Quotidien national d&#039;information","publisher":{"@id":"https:\/\/lasentinelle.dz\/#organization"},"potentialAction":[{"@type":"SearchAction","target":{"@type":"EntryPoint","urlTemplate":"https:\/\/lasentinelle.dz\/?s={search_term_string}"},"query-input":{"@type":"PropertyValueSpecification","valueRequired":true,"valueName":"search_term_string"}}],"inLanguage":"fr-FR"},{"@type":"Organization","@id":"https:\/\/lasentinelle.dz\/#organization","name":"Quotidien La Sentinelle","url":"https:\/\/lasentinelle.dz\/","logo":{"@type":"ImageObject","inLanguage":"fr-FR","@id":"https:\/\/lasentinelle.dz\/#\/schema\/logo\/image\/","url":"https:\/\/lasentinelle.dz\/wp-content\/uploads\/2021\/09\/logo-sentinelleSLOGAN-1.png","contentUrl":"https:\/\/lasentinelle.dz\/wp-content\/uploads\/2021\/09\/logo-sentinelleSLOGAN-1.png","width":615,"height":142,"caption":"Quotidien La Sentinelle"},"image":{"@id":"https:\/\/lasentinelle.dz\/#\/schema\/logo\/image\/"},"sameAs":["https:\/\/www.facebook.com\/La-Sentinelle-104059864394773"]},{"@type":"Person","@id":"https:\/\/lasentinelle.dz\/#\/schema\/person\/d865044e22e70a75174ce8bcad3acfb3","name":"La Sentinelle","image":{"@type":"ImageObject","inLanguage":"fr-FR","@id":"https:\/\/secure.gravatar.com\/avatar\/57de8e5d4b15d43fb361a71fbb36338450fe67865b528a43dd10ef7c51a20392?s=96&d=mm&r=g","url":"https:\/\/secure.gravatar.com\/avatar\/57de8e5d4b15d43fb361a71fbb36338450fe67865b528a43dd10ef7c51a20392?s=96&d=mm&r=g","contentUrl":"https:\/\/secure.gravatar.com\/avatar\/57de8e5d4b15d43fb361a71fbb36338450fe67865b528a43dd10ef7c51a20392?s=96&d=mm&r=g","caption":"La Sentinelle"},"sameAs":["http:\/\/www.lasentinelle.dz"],"url":"https:\/\/lasentinelle.dz\/author\/redaction\/"}]}},"_links":{"self":[{"href":"https:\/\/lasentinelle.dz\/index.php\/wp-json\/wp\/v2\/posts\/41301","targetHints":{"allow":["GET"]}}],"collection":[{"href":"https:\/\/lasentinelle.dz\/index.php\/wp-json\/wp\/v2\/posts"}],"about":[{"href":"https:\/\/lasentinelle.dz\/index.php\/wp-json\/wp\/v2\/types\/post"}],"author":[{"embeddable":true,"href":"https:\/\/lasentinelle.dz\/index.php\/wp-json\/wp\/v2\/users\/3"}],"replies":[{"embeddable":true,"href":"https:\/\/lasentinelle.dz\/index.php\/wp-json\/wp\/v2\/comments?post=41301"}],"version-history":[{"count":1,"href":"https:\/\/lasentinelle.dz\/index.php\/wp-json\/wp\/v2\/posts\/41301\/revisions"}],"predecessor-version":[{"id":41326,"href":"https:\/\/lasentinelle.dz\/index.php\/wp-json\/wp\/v2\/posts\/41301\/revisions\/41326"}],"wp:featuredmedia":[{"embeddable":true,"href":"https:\/\/lasentinelle.dz\/index.php\/wp-json\/wp\/v2\/media\/41325"}],"wp:attachment":[{"href":"https:\/\/lasentinelle.dz\/index.php\/wp-json\/wp\/v2\/media?parent=41301"}],"wp:term":[{"taxonomy":"category","embeddable":true,"href":"https:\/\/lasentinelle.dz\/index.php\/wp-json\/wp\/v2\/categories?post=41301"},{"taxonomy":"post_tag","embeddable":true,"href":"https:\/\/lasentinelle.dz\/index.php\/wp-json\/wp\/v2\/tags?post=41301"}],"curies":[{"name":"wp","href":"https:\/\/api.w.org\/{rel}","templated":true}]}}