{"id":4131,"date":"2021-08-15T11:51:11","date_gmt":"2021-08-15T10:51:11","guid":{"rendered":"https:\/\/lasentinelle.dz\/?p=4131"},"modified":"2021-08-15T11:51:11","modified_gmt":"2021-08-15T10:51:11","slug":"chanegriha-se-recueille-en-leur-memoire-les-honneurs-militaires-pour-les-chouhada-morts-lors-des-incendies","status":"publish","type":"post","link":"https:\/\/lasentinelle.dz\/index.php\/2021\/08\/15\/chanegriha-se-recueille-en-leur-memoire-les-honneurs-militaires-pour-les-chouhada-morts-lors-des-incendies\/","title":{"rendered":"Chanegriha se recueille en leur m\u00e9moire : Les honneurs militaires pour les chouhada morts lors des incendies"},"content":{"rendered":"\n<p>Le G\u00e9n\u00e9ral de Corps d&rsquo;Arm\u00e9e Sa\u00efd Chanegriha, chef d&rsquo;Etat-major de l&rsquo;Arm\u00e9e nationale populaire (ANP) a assist\u00e9 hiermat in \u00e0 l&rsquo;H\u00f4pital Central de l&rsquo;Arm\u00e9e \u00e0 A\u00efn Na\u00e2dja (Alger) \u00e0 la lev\u00e9e des corps des Chouhada, morts lors des op\u00e9rations d&rsquo;extinction des feux de for\u00eats dans les wilayas de Tizi-Ouzou et Beja\u00efa, et s&rsquo;est recueilli \u00e0 leur m\u00e9moire, indique un communiqu\u00e9 du minist\u00e8re de la D\u00e9fense nationale (MDN). Cette c\u00e9r\u00e9monie a pr\u00e9c\u00e9d\u00e9 \u00ab\u00a0le transfert des d\u00e9pouilles vers leurs r\u00e9gions d&rsquo;origine \u00e0 travers les diff\u00e9rentes wilayas o\u00f9 ils seront inhum\u00e9s avec les honneurs militaires\u00a0\u00bb, pr\u00e9cise la m\u00eame source. &nbsp;\u00ab\u00a0Suite \u00e0 cette triste \u00e9preuve qui a frapp\u00e9 notre Nation et qui a caus\u00e9 la perte d&rsquo;un nombre des meilleurs de ses fils durant la lutte contre ces incendies criminelles, Monsieur le G\u00e9n\u00e9ral de Corps d&rsquo;Arm\u00e9e a r\u00e9it\u00e9r\u00e9 sa profonde compassion et sa solidarit\u00e9 avec les familles des victimes et partage leurs peine et chagrin dans cette douloureuse \u00e9preuve, r\u00e9it\u00e9rant ses sinc\u00e8res condol\u00e9ances\u00a0\u00bb.<\/p>\n\n\n\n<p>Le G\u00e9n\u00e9ral de Corps d&rsquo;Arm\u00e9e a, en outre, \u00ab\u00a0pr\u00e9sent\u00e9 ses remerciements et a exprim\u00e9 toute sa consid\u00e9ration pour l&rsquo;\u00e9lan de solidarit\u00e9 et les sentiments de compassion montr\u00e9s par le peuple alg\u00e9rien\u00a0\u00bb. Dans son allocution, le directeur de la Communication de l&rsquo;Information et de l&rsquo;Orientation de l&rsquo;Etat-major de l&rsquo;ANP a indiqu\u00e9 que \u00ab\u00a0ces h\u00e9ros ont sacrifi\u00e9 leurs \u00e2mes pour la patrie et pour sauver leurs concitoyens des incendies criminelles survenues dans diff\u00e9rentes r\u00e9gions de notre pays\u00a0\u00bb, qualifiant ces incendies de \u00ab\u00a0crimes contre l&rsquo;humanit\u00e9 et contre la nature, o\u00f9 les ennemis de la nation qui ont essay\u00e9 d&rsquo;alimenter la haine, d\u00e9stabiliser et semer le chaos et le d\u00e9sespoir parmi la population, ont trouv\u00e9 face \u00e0 eux des hommes, soldats honorables, dignes, qui ont fait face aux incendies de tous bords, r\u00e9sist\u00e9 et combattu ces feux avec d\u00e9termination et bravoure, et ont r\u00e9ussi \u00e0 mettre en \u00e9chec tous les plans odieux qui visent l&rsquo;Alg\u00e9rie, terre et peuple, et donn\u00e9 une excellente image de solidarit\u00e9, de coh\u00e9sion, de loyaut\u00e9 et de sacrifice\u00a0\u00bb. \u00ab\u00a0La c\u00e9r\u00e9monie d&rsquo;adieu a concern\u00e9 26 martyrs au niveau de l&rsquo;H\u00f4pital Central de l&rsquo;Arm\u00e9e de A\u00efn Na\u00e2dja\u00a0\u00bb, indique le communiqu\u00e9, qui ajoute que \u00ab\u00a0les m\u00eames adieux ont \u00e9t\u00e9 r\u00e9serv\u00e9s \u00e0 autres 7 martyrs au niveau de l&rsquo;H\u00f4pital R\u00e9gional de l&rsquo;Arm\u00e9e de Constantine, en 5\u00e8me R\u00e9gion militaire\u00a0\u00bb.<\/p>\n\n\n\n<p>APS<\/p>\n","protected":false},"excerpt":{"rendered":"<p>Le G\u00e9n\u00e9ral de Corps d&rsquo;Arm\u00e9e Sa\u00efd Chanegriha, chef d&rsquo;Etat-major de l&rsquo;Arm\u00e9e nationale populaire (ANP) a assist\u00e9 hiermat in \u00e0 l&rsquo;H\u00f4pital<\/p>\n","protected":false},"author":3,"featured_media":0,"comment_status":"open","ping_status":"closed","sticky":false,"template":"","format":"standard","meta":{"colormag_page_container_layout":"default_layout","colormag_page_sidebar_layout":"default_layout","om_disable_all_campaigns":false,"_monsterinsights_skip_tracking":false,"_monsterinsights_sitenote_active":false,"_monsterinsights_sitenote_note":"","_monsterinsights_sitenote_category":0,"footnotes":"","_wpscppro_dont_share_socialmedia":false,"_wpscppro_custom_social_share_image":0,"_facebook_share_type":"","_twitter_share_type":"","_linkedin_share_type":"","_pinterest_share_type":"","_linkedin_share_type_page":"","_instagram_share_type":"","_medium_share_type":"","_threads_share_type":"","_google_business_share_type":"","_selected_social_profile":[],"_wpsp_enable_custom_social_template":false,"_wpsp_social_scheduling":{"enabled":false,"datetime":null,"platforms":[],"status":"template_only","dateOption":"today","timeOption":"now","customDays":"","customHours":"","customDate":"","customTime":"","schedulingType":"absolute"},"_wpsp_active_default_template":true},"categories":[27],"tags":[],"class_list":["post-4131","post","type-post","status-publish","format-standard","hentry","category-actualite"],"aioseo_notices":[],"yoast_head":"<!-- This site is optimized with the Yoast SEO plugin v27.5 - https:\/\/yoast.com\/product\/yoast-seo-wordpress\/ -->\n<title>Chanegriha se recueille en leur m\u00e9moire : Les honneurs militaires pour les chouhada morts lors des incendies - La Sentinelle<\/title>\n<meta name=\"robots\" content=\"index, follow, max-snippet:-1, max-image-preview:large, max-video-preview:-1\" \/>\n<link rel=\"canonical\" href=\"https:\/\/lasentinelle.dz\/index.php\/2021\/08\/15\/chanegriha-se-recueille-en-leur-memoire-les-honneurs-militaires-pour-les-chouhada-morts-lors-des-incendies\/\" \/>\n<meta property=\"og:locale\" content=\"fr_FR\" \/>\n<meta property=\"og:type\" content=\"article\" \/>\n<meta property=\"og:title\" content=\"Chanegriha se recueille en leur m\u00e9moire : Les honneurs militaires pour les chouhada morts lors des incendies - La Sentinelle\" \/>\n<meta property=\"og:description\" content=\"Le G\u00e9n\u00e9ral de Corps d&rsquo;Arm\u00e9e Sa\u00efd Chanegriha, chef d&rsquo;Etat-major de l&rsquo;Arm\u00e9e nationale populaire (ANP) a assist\u00e9 hiermat in \u00e0 l&rsquo;H\u00f4pital\" \/>\n<meta property=\"og:url\" content=\"https:\/\/lasentinelle.dz\/index.php\/2021\/08\/15\/chanegriha-se-recueille-en-leur-memoire-les-honneurs-militaires-pour-les-chouhada-morts-lors-des-incendies\/\" \/>\n<meta property=\"og:site_name\" content=\"La Sentinelle\" \/>\n<meta property=\"article:publisher\" content=\"https:\/\/www.facebook.com\/La-Sentinelle-104059864394773\" \/>\n<meta property=\"article:published_time\" content=\"2021-08-15T10:51:11+00:00\" \/>\n<meta name=\"author\" content=\"La Sentinelle\" \/>\n<meta name=\"twitter:card\" content=\"summary_large_image\" \/>\n<meta name=\"twitter:label1\" content=\"\u00c9crit par\" \/>\n\t<meta name=\"twitter:data1\" content=\"La Sentinelle\" \/>\n\t<meta name=\"twitter:label2\" content=\"Dur\u00e9e de lecture estim\u00e9e\" \/>\n\t<meta name=\"twitter:data2\" content=\"2 minutes\" \/>\n<script type=\"application\/ld+json\" class=\"yoast-schema-graph\">{\"@context\":\"https:\\\/\\\/schema.org\",\"@graph\":[{\"@type\":\"Article\",\"@id\":\"https:\\\/\\\/lasentinelle.dz\\\/index.php\\\/2021\\\/08\\\/15\\\/chanegriha-se-recueille-en-leur-memoire-les-honneurs-militaires-pour-les-chouhada-morts-lors-des-incendies\\\/#article\",\"isPartOf\":{\"@id\":\"https:\\\/\\\/lasentinelle.dz\\\/index.php\\\/2021\\\/08\\\/15\\\/chanegriha-se-recueille-en-leur-memoire-les-honneurs-militaires-pour-les-chouhada-morts-lors-des-incendies\\\/\"},\"author\":{\"name\":\"La Sentinelle\",\"@id\":\"https:\\\/\\\/lasentinelle.dz\\\/#\\\/schema\\\/person\\\/d865044e22e70a75174ce8bcad3acfb3\"},\"headline\":\"Chanegriha se recueille en leur m\u00e9moire : Les honneurs militaires pour les chouhada morts lors des incendies\",\"datePublished\":\"2021-08-15T10:51:11+00:00\",\"mainEntityOfPage\":{\"@id\":\"https:\\\/\\\/lasentinelle.dz\\\/index.php\\\/2021\\\/08\\\/15\\\/chanegriha-se-recueille-en-leur-memoire-les-honneurs-militaires-pour-les-chouhada-morts-lors-des-incendies\\\/\"},\"wordCount\":469,\"commentCount\":0,\"publisher\":{\"@id\":\"https:\\\/\\\/lasentinelle.dz\\\/#organization\"},\"articleSection\":[\"Actualit\u00e9\"],\"inLanguage\":\"fr-FR\",\"potentialAction\":[{\"@type\":\"CommentAction\",\"name\":\"Comment\",\"target\":[\"https:\\\/\\\/lasentinelle.dz\\\/index.php\\\/2021\\\/08\\\/15\\\/chanegriha-se-recueille-en-leur-memoire-les-honneurs-militaires-pour-les-chouhada-morts-lors-des-incendies\\\/#respond\"]}]},{\"@type\":\"WebPage\",\"@id\":\"https:\\\/\\\/lasentinelle.dz\\\/index.php\\\/2021\\\/08\\\/15\\\/chanegriha-se-recueille-en-leur-memoire-les-honneurs-militaires-pour-les-chouhada-morts-lors-des-incendies\\\/\",\"url\":\"https:\\\/\\\/lasentinelle.dz\\\/index.php\\\/2021\\\/08\\\/15\\\/chanegriha-se-recueille-en-leur-memoire-les-honneurs-militaires-pour-les-chouhada-morts-lors-des-incendies\\\/\",\"name\":\"Chanegriha se recueille en leur m\u00e9moire : Les honneurs militaires pour les chouhada morts lors des incendies - La Sentinelle\",\"isPartOf\":{\"@id\":\"https:\\\/\\\/lasentinelle.dz\\\/#website\"},\"datePublished\":\"2021-08-15T10:51:11+00:00\",\"breadcrumb\":{\"@id\":\"https:\\\/\\\/lasentinelle.dz\\\/index.php\\\/2021\\\/08\\\/15\\\/chanegriha-se-recueille-en-leur-memoire-les-honneurs-militaires-pour-les-chouhada-morts-lors-des-incendies\\\/#breadcrumb\"},\"inLanguage\":\"fr-FR\",\"potentialAction\":[{\"@type\":\"ReadAction\",\"target\":[\"https:\\\/\\\/lasentinelle.dz\\\/index.php\\\/2021\\\/08\\\/15\\\/chanegriha-se-recueille-en-leur-memoire-les-honneurs-militaires-pour-les-chouhada-morts-lors-des-incendies\\\/\"]}]},{\"@type\":\"BreadcrumbList\",\"@id\":\"https:\\\/\\\/lasentinelle.dz\\\/index.php\\\/2021\\\/08\\\/15\\\/chanegriha-se-recueille-en-leur-memoire-les-honneurs-militaires-pour-les-chouhada-morts-lors-des-incendies\\\/#breadcrumb\",\"itemListElement\":[{\"@type\":\"ListItem\",\"position\":1,\"name\":\"Accueil\",\"item\":\"https:\\\/\\\/lasentinelle.dz\\\/\"},{\"@type\":\"ListItem\",\"position\":2,\"name\":\"Chanegriha se recueille en leur m\u00e9moire : Les honneurs militaires pour les chouhada morts lors des incendies\"}]},{\"@type\":\"WebSite\",\"@id\":\"https:\\\/\\\/lasentinelle.dz\\\/#website\",\"url\":\"https:\\\/\\\/lasentinelle.dz\\\/\",\"name\":\"La Sentinelle\",\"description\":\"Quotidien national d&#039;information\",\"publisher\":{\"@id\":\"https:\\\/\\\/lasentinelle.dz\\\/#organization\"},\"potentialAction\":[{\"@type\":\"SearchAction\",\"target\":{\"@type\":\"EntryPoint\",\"urlTemplate\":\"https:\\\/\\\/lasentinelle.dz\\\/?s={search_term_string}\"},\"query-input\":{\"@type\":\"PropertyValueSpecification\",\"valueRequired\":true,\"valueName\":\"search_term_string\"}}],\"inLanguage\":\"fr-FR\"},{\"@type\":\"Organization\",\"@id\":\"https:\\\/\\\/lasentinelle.dz\\\/#organization\",\"name\":\"Quotidien La Sentinelle\",\"url\":\"https:\\\/\\\/lasentinelle.dz\\\/\",\"logo\":{\"@type\":\"ImageObject\",\"inLanguage\":\"fr-FR\",\"@id\":\"https:\\\/\\\/lasentinelle.dz\\\/#\\\/schema\\\/logo\\\/image\\\/\",\"url\":\"https:\\\/\\\/lasentinelle.dz\\\/wp-content\\\/uploads\\\/2021\\\/09\\\/logo-sentinelleSLOGAN-1.png\",\"contentUrl\":\"https:\\\/\\\/lasentinelle.dz\\\/wp-content\\\/uploads\\\/2021\\\/09\\\/logo-sentinelleSLOGAN-1.png\",\"width\":615,\"height\":142,\"caption\":\"Quotidien La Sentinelle\"},\"image\":{\"@id\":\"https:\\\/\\\/lasentinelle.dz\\\/#\\\/schema\\\/logo\\\/image\\\/\"},\"sameAs\":[\"https:\\\/\\\/www.facebook.com\\\/La-Sentinelle-104059864394773\"]},{\"@type\":\"Person\",\"@id\":\"https:\\\/\\\/lasentinelle.dz\\\/#\\\/schema\\\/person\\\/d865044e22e70a75174ce8bcad3acfb3\",\"name\":\"La Sentinelle\",\"image\":{\"@type\":\"ImageObject\",\"inLanguage\":\"fr-FR\",\"@id\":\"https:\\\/\\\/secure.gravatar.com\\\/avatar\\\/57de8e5d4b15d43fb361a71fbb36338450fe67865b528a43dd10ef7c51a20392?s=96&d=mm&r=g\",\"url\":\"https:\\\/\\\/secure.gravatar.com\\\/avatar\\\/57de8e5d4b15d43fb361a71fbb36338450fe67865b528a43dd10ef7c51a20392?s=96&d=mm&r=g\",\"contentUrl\":\"https:\\\/\\\/secure.gravatar.com\\\/avatar\\\/57de8e5d4b15d43fb361a71fbb36338450fe67865b528a43dd10ef7c51a20392?s=96&d=mm&r=g\",\"caption\":\"La Sentinelle\"},\"sameAs\":[\"http:\\\/\\\/www.lasentinelle.dz\"],\"url\":\"https:\\\/\\\/lasentinelle.dz\\\/author\\\/redaction\\\/\"}]}<\/script>\n<!-- \/ Yoast SEO plugin. -->","yoast_head_json":{"title":"Chanegriha se recueille en leur m\u00e9moire : Les honneurs militaires pour les chouhada morts lors des incendies - La Sentinelle","robots":{"index":"index","follow":"follow","max-snippet":"max-snippet:-1","max-image-preview":"max-image-preview:large","max-video-preview":"max-video-preview:-1"},"canonical":"https:\/\/lasentinelle.dz\/index.php\/2021\/08\/15\/chanegriha-se-recueille-en-leur-memoire-les-honneurs-militaires-pour-les-chouhada-morts-lors-des-incendies\/","og_locale":"fr_FR","og_type":"article","og_title":"Chanegriha se recueille en leur m\u00e9moire : Les honneurs militaires pour les chouhada morts lors des incendies - La Sentinelle","og_description":"Le G\u00e9n\u00e9ral de Corps d&rsquo;Arm\u00e9e Sa\u00efd Chanegriha, chef d&rsquo;Etat-major de l&rsquo;Arm\u00e9e nationale populaire (ANP) a assist\u00e9 hiermat in \u00e0 l&rsquo;H\u00f4pital","og_url":"https:\/\/lasentinelle.dz\/index.php\/2021\/08\/15\/chanegriha-se-recueille-en-leur-memoire-les-honneurs-militaires-pour-les-chouhada-morts-lors-des-incendies\/","og_site_name":"La Sentinelle","article_publisher":"https:\/\/www.facebook.com\/La-Sentinelle-104059864394773","article_published_time":"2021-08-15T10:51:11+00:00","author":"La Sentinelle","twitter_card":"summary_large_image","twitter_misc":{"\u00c9crit par":"La Sentinelle","Dur\u00e9e de lecture estim\u00e9e":"2 minutes"},"schema":{"@context":"https:\/\/schema.org","@graph":[{"@type":"Article","@id":"https:\/\/lasentinelle.dz\/index.php\/2021\/08\/15\/chanegriha-se-recueille-en-leur-memoire-les-honneurs-militaires-pour-les-chouhada-morts-lors-des-incendies\/#article","isPartOf":{"@id":"https:\/\/lasentinelle.dz\/index.php\/2021\/08\/15\/chanegriha-se-recueille-en-leur-memoire-les-honneurs-militaires-pour-les-chouhada-morts-lors-des-incendies\/"},"author":{"name":"La Sentinelle","@id":"https:\/\/lasentinelle.dz\/#\/schema\/person\/d865044e22e70a75174ce8bcad3acfb3"},"headline":"Chanegriha se recueille en leur m\u00e9moire : Les honneurs militaires pour les chouhada morts lors des incendies","datePublished":"2021-08-15T10:51:11+00:00","mainEntityOfPage":{"@id":"https:\/\/lasentinelle.dz\/index.php\/2021\/08\/15\/chanegriha-se-recueille-en-leur-memoire-les-honneurs-militaires-pour-les-chouhada-morts-lors-des-incendies\/"},"wordCount":469,"commentCount":0,"publisher":{"@id":"https:\/\/lasentinelle.dz\/#organization"},"articleSection":["Actualit\u00e9"],"inLanguage":"fr-FR","potentialAction":[{"@type":"CommentAction","name":"Comment","target":["https:\/\/lasentinelle.dz\/index.php\/2021\/08\/15\/chanegriha-se-recueille-en-leur-memoire-les-honneurs-militaires-pour-les-chouhada-morts-lors-des-incendies\/#respond"]}]},{"@type":"WebPage","@id":"https:\/\/lasentinelle.dz\/index.php\/2021\/08\/15\/chanegriha-se-recueille-en-leur-memoire-les-honneurs-militaires-pour-les-chouhada-morts-lors-des-incendies\/","url":"https:\/\/lasentinelle.dz\/index.php\/2021\/08\/15\/chanegriha-se-recueille-en-leur-memoire-les-honneurs-militaires-pour-les-chouhada-morts-lors-des-incendies\/","name":"Chanegriha se recueille en leur m\u00e9moire : Les honneurs militaires pour les chouhada morts lors des incendies - La Sentinelle","isPartOf":{"@id":"https:\/\/lasentinelle.dz\/#website"},"datePublished":"2021-08-15T10:51:11+00:00","breadcrumb":{"@id":"https:\/\/lasentinelle.dz\/index.php\/2021\/08\/15\/chanegriha-se-recueille-en-leur-memoire-les-honneurs-militaires-pour-les-chouhada-morts-lors-des-incendies\/#breadcrumb"},"inLanguage":"fr-FR","potentialAction":[{"@type":"ReadAction","target":["https:\/\/lasentinelle.dz\/index.php\/2021\/08\/15\/chanegriha-se-recueille-en-leur-memoire-les-honneurs-militaires-pour-les-chouhada-morts-lors-des-incendies\/"]}]},{"@type":"BreadcrumbList","@id":"https:\/\/lasentinelle.dz\/index.php\/2021\/08\/15\/chanegriha-se-recueille-en-leur-memoire-les-honneurs-militaires-pour-les-chouhada-morts-lors-des-incendies\/#breadcrumb","itemListElement":[{"@type":"ListItem","position":1,"name":"Accueil","item":"https:\/\/lasentinelle.dz\/"},{"@type":"ListItem","position":2,"name":"Chanegriha se recueille en leur m\u00e9moire : Les honneurs militaires pour les chouhada morts lors des incendies"}]},{"@type":"WebSite","@id":"https:\/\/lasentinelle.dz\/#website","url":"https:\/\/lasentinelle.dz\/","name":"La Sentinelle","description":"Quotidien national d&#039;information","publisher":{"@id":"https:\/\/lasentinelle.dz\/#organization"},"potentialAction":[{"@type":"SearchAction","target":{"@type":"EntryPoint","urlTemplate":"https:\/\/lasentinelle.dz\/?s={search_term_string}"},"query-input":{"@type":"PropertyValueSpecification","valueRequired":true,"valueName":"search_term_string"}}],"inLanguage":"fr-FR"},{"@type":"Organization","@id":"https:\/\/lasentinelle.dz\/#organization","name":"Quotidien La Sentinelle","url":"https:\/\/lasentinelle.dz\/","logo":{"@type":"ImageObject","inLanguage":"fr-FR","@id":"https:\/\/lasentinelle.dz\/#\/schema\/logo\/image\/","url":"https:\/\/lasentinelle.dz\/wp-content\/uploads\/2021\/09\/logo-sentinelleSLOGAN-1.png","contentUrl":"https:\/\/lasentinelle.dz\/wp-content\/uploads\/2021\/09\/logo-sentinelleSLOGAN-1.png","width":615,"height":142,"caption":"Quotidien La Sentinelle"},"image":{"@id":"https:\/\/lasentinelle.dz\/#\/schema\/logo\/image\/"},"sameAs":["https:\/\/www.facebook.com\/La-Sentinelle-104059864394773"]},{"@type":"Person","@id":"https:\/\/lasentinelle.dz\/#\/schema\/person\/d865044e22e70a75174ce8bcad3acfb3","name":"La Sentinelle","image":{"@type":"ImageObject","inLanguage":"fr-FR","@id":"https:\/\/secure.gravatar.com\/avatar\/57de8e5d4b15d43fb361a71fbb36338450fe67865b528a43dd10ef7c51a20392?s=96&d=mm&r=g","url":"https:\/\/secure.gravatar.com\/avatar\/57de8e5d4b15d43fb361a71fbb36338450fe67865b528a43dd10ef7c51a20392?s=96&d=mm&r=g","contentUrl":"https:\/\/secure.gravatar.com\/avatar\/57de8e5d4b15d43fb361a71fbb36338450fe67865b528a43dd10ef7c51a20392?s=96&d=mm&r=g","caption":"La Sentinelle"},"sameAs":["http:\/\/www.lasentinelle.dz"],"url":"https:\/\/lasentinelle.dz\/author\/redaction\/"}]}},"_links":{"self":[{"href":"https:\/\/lasentinelle.dz\/index.php\/wp-json\/wp\/v2\/posts\/4131","targetHints":{"allow":["GET"]}}],"collection":[{"href":"https:\/\/lasentinelle.dz\/index.php\/wp-json\/wp\/v2\/posts"}],"about":[{"href":"https:\/\/lasentinelle.dz\/index.php\/wp-json\/wp\/v2\/types\/post"}],"author":[{"embeddable":true,"href":"https:\/\/lasentinelle.dz\/index.php\/wp-json\/wp\/v2\/users\/3"}],"replies":[{"embeddable":true,"href":"https:\/\/lasentinelle.dz\/index.php\/wp-json\/wp\/v2\/comments?post=4131"}],"version-history":[{"count":1,"href":"https:\/\/lasentinelle.dz\/index.php\/wp-json\/wp\/v2\/posts\/4131\/revisions"}],"predecessor-version":[{"id":4135,"href":"https:\/\/lasentinelle.dz\/index.php\/wp-json\/wp\/v2\/posts\/4131\/revisions\/4135"}],"wp:attachment":[{"href":"https:\/\/lasentinelle.dz\/index.php\/wp-json\/wp\/v2\/media?parent=4131"}],"wp:term":[{"taxonomy":"category","embeddable":true,"href":"https:\/\/lasentinelle.dz\/index.php\/wp-json\/wp\/v2\/categories?post=4131"},{"taxonomy":"post_tag","embeddable":true,"href":"https:\/\/lasentinelle.dz\/index.php\/wp-json\/wp\/v2\/tags?post=4131"}],"curies":[{"name":"wp","href":"https:\/\/api.w.org\/{rel}","templated":true}]}}