{"id":41335,"date":"2023-05-20T22:00:00","date_gmt":"2023-05-20T21:00:00","guid":{"rendered":"https:\/\/lasentinelle.dz\/?p=41335"},"modified":"2023-05-20T17:45:45","modified_gmt":"2023-05-20T16:45:45","slug":"can-u17-le-senegal-de-nouveau-sur-le-toit-de-lafrique","status":"publish","type":"post","link":"https:\/\/lasentinelle.dz\/index.php\/2023\/05\/20\/can-u17-le-senegal-de-nouveau-sur-le-toit-de-lafrique\/","title":{"rendered":"CAN U17 : Le S\u00e9n\u00e9gal de nouveau sur le toit de l\u2019Afrique"},"content":{"rendered":"\n<p>C\u2019est d\u00e9cid\u00e9ment la s\u00e9rie gagnante pour le S\u00e9n\u00e9gal. Les Lions de la Teranga ont remport\u00e9 la CAN 2021, le CHAN 2022, la CAN U20 et le championnat d\u2019Afrique de Beach Soccer et voil\u00e0 que le S\u00e9n\u00e9gal remporte un 5<sup>e<\/sup> troph\u00e9e continental avec la CAN des U17. Vendredi, les Lionceaux de la Teranga se sont impos\u00e9s face aux Lionceaux de l\u2019Atlas, malgr\u00e9 un d\u00e9but de match difficile.&nbsp; Men\u00e9s 1-0, les S\u00e9n\u00e9galais ont attendu jusqu\u2019\u00e0 la 80e minute pour inscrire le but de l\u2019\u00e9galisation avant d\u2019arracher la victoire, trois minutes plus tard, lors de la finale de la Coupe d\u2019Afrique des Nations U-17 qui s\u2019est jou\u00e9e vendredi soir au Stade Nelson Mandela de Baraki. Mal embarqu\u00e9s, les poulains de Serigne Saliou encaissent un but \u00e0 la 14e minute de jeu, le corner d\u2019Abdel Hamid M\u00e2ali trouve parfaitement la t\u00eate du capitaine marocain, Adbdelhamid Ait Boudhal. Ce but a le m\u00e9rite d&rsquo;apaiser les nerfs des hommes de Said Chiba, car 10 minutes auparavant, les S\u00e9n\u00e9galais \u00e9taient \u00e0 deux doigts d\u2019ouvrir le score sur un coup franc du capitaine Amara Diouf. Un avantage que les Lionceaux de l\u2019Atlas ont su conserver jusqu\u2019\u00e0 la 80e minute et un penalty accord\u00e9 aux S\u00e9n\u00e9galais. Tireur d\u00e9sign\u00e9 des Lionceaux de la Teranga, Amara Diouf laisse Serign\u00e9 Falou Diouf le tirer. Le d\u00e9fenseur central remet les deux \u00e9quipes \u00e0 \u00e9galit\u00e9. Un but qui sonne la r\u00e9volte du c\u00f4t\u00e9 du S\u00e9n\u00e9gal, trois minutes plus tard, Sawane d\u2019une t\u00eate d\u00e9vastatrice offre la victoire \u00e0 son \u00e9quipe. La domination du S\u00e9n\u00e9gal sur le football africain a d\u00e9but\u00e9 l\u2019an dernier avec le sacre de la bande de Sadio Man\u00e9 lors de la Coupe d\u2019Afrique 2021 au Cameroun. Puis, la s\u00e9lection de Beach Soccer s\u2019est empar\u00e9 de la CAN de la discipline. \u00c0 noter qu\u2019il s\u2019agit du premier sacre des U-17 s\u00e9n\u00e9galais dans l\u2019histoire de cette comp\u00e9tition.<\/p>\n\n\n\n<p><strong>Une grande c\u00e9r\u00e9monie de cl\u00f4ture<\/strong><\/p>\n\n\n\n<p>Notons qu\u2019en pr\u00e9lude de la finale de la Coupe d\u2019Afrique U-17, TotalEnergies Alg\u00e9rie 2023, le public du stade Nelson Mandela d\u2019Alger a eu le droit un spectacle de haut vol.<\/p>\n\n\n\n<p>Comme cela est de coutume, c\u2019est la fanfare de la garde r\u00e9publicaine qui a donn\u00e9 le la aux festivit\u00e9 de cette douce soir\u00e9e. Au son de Kassaman, repris en ch\u0153ur par tout le public, une nouvelle histoire intitul\u00e9e \u201c le R\u00eave Africain\u201d est cont\u00e9e. Ce court-m\u00e9trage qui montre le parcours d&rsquo;un enfant passionn\u00e9 de football, et comment il s&rsquo;est form\u00e9 et entra\u00een\u00e9 pour r\u00e9aliser ses r\u00eaves. Mettant en avant ses efforts, sa pers\u00e9v\u00e9rance, et les \u00e9tapes de son d\u00e9veloppement afin d\u2019\u00eatre apte pour le haut niveau et d\u2019atteindre son objectif : int\u00e9grer l&rsquo;\u00e9quipe nationale de son pays et participer \u00e0 la finale de la Coupe d&rsquo;Afrique des Nations U-17.<\/p>\n\n\n\n<p>T\u00eate d\u2019affiche de cette c\u00e9r\u00e9monie de cl\u00f4ture, le chanteur \u00ab\u00a0Shamso Freiklan\u00a0\u00bb entre dans l&rsquo;ar\u00e8ne et interpr\u00e8te la chanson \u00ab\u00a0Africa\u00a0\u00bb, vint ensuite l\u2019un des chanteur les plus connus d\u2019Afrique du Nord : Cheb Bilal\u00a0\u00bb.<\/p>\n\n\n\n<p>R.S.<\/p>\n","protected":false},"excerpt":{"rendered":"<p>C\u2019est d\u00e9cid\u00e9ment la s\u00e9rie gagnante pour le S\u00e9n\u00e9gal. Les Lions de la Teranga ont remport\u00e9 la CAN 2021, le CHAN<\/p>\n","protected":false},"author":3,"featured_media":41338,"comment_status":"open","ping_status":"closed","sticky":false,"template":"","format":"standard","meta":{"colormag_page_container_layout":"default_layout","colormag_page_sidebar_layout":"default_layout","om_disable_all_campaigns":false,"_monsterinsights_skip_tracking":false,"_monsterinsights_sitenote_active":false,"_monsterinsights_sitenote_note":"","_monsterinsights_sitenote_category":0,"footnotes":"","_wpscppro_dont_share_socialmedia":false,"_wpscppro_custom_social_share_image":0,"_facebook_share_type":"","_twitter_share_type":"","_linkedin_share_type":"","_pinterest_share_type":"","_linkedin_share_type_page":"","_instagram_share_type":"","_medium_share_type":"","_threads_share_type":"","_google_business_share_type":"","_selected_social_profile":[],"_wpsp_enable_custom_social_template":false,"_wpsp_social_scheduling":{"enabled":false,"datetime":null,"platforms":[],"status":"template_only","dateOption":"today","timeOption":"now","customDays":"","customHours":"","customDate":"","customTime":"","schedulingType":"absolute"},"_wpsp_active_default_template":true},"categories":[33],"tags":[],"class_list":["post-41335","post","type-post","status-publish","format-standard","has-post-thumbnail","hentry","category-sports"],"aioseo_notices":[],"yoast_head":"<!-- This site is optimized with the Yoast SEO plugin v27.4 - https:\/\/yoast.com\/product\/yoast-seo-wordpress\/ -->\n<title>CAN U17 : Le S\u00e9n\u00e9gal de nouveau sur le toit de l\u2019Afrique - La Sentinelle<\/title>\n<meta name=\"robots\" content=\"index, follow, max-snippet:-1, max-image-preview:large, max-video-preview:-1\" \/>\n<link rel=\"canonical\" href=\"https:\/\/lasentinelle.dz\/index.php\/2023\/05\/20\/can-u17-le-senegal-de-nouveau-sur-le-toit-de-lafrique\/\" \/>\n<meta property=\"og:locale\" content=\"fr_FR\" \/>\n<meta property=\"og:type\" content=\"article\" \/>\n<meta property=\"og:title\" content=\"CAN U17 : Le S\u00e9n\u00e9gal de nouveau sur le toit de l\u2019Afrique - La Sentinelle\" \/>\n<meta property=\"og:description\" content=\"C\u2019est d\u00e9cid\u00e9ment la s\u00e9rie gagnante pour le S\u00e9n\u00e9gal. Les Lions de la Teranga ont remport\u00e9 la CAN 2021, le CHAN\" \/>\n<meta property=\"og:url\" content=\"https:\/\/lasentinelle.dz\/index.php\/2023\/05\/20\/can-u17-le-senegal-de-nouveau-sur-le-toit-de-lafrique\/\" \/>\n<meta property=\"og:site_name\" content=\"La Sentinelle\" \/>\n<meta property=\"article:publisher\" content=\"https:\/\/www.facebook.com\/La-Sentinelle-104059864394773\" \/>\n<meta property=\"article:published_time\" content=\"2023-05-20T21:00:00+00:00\" \/>\n<meta property=\"og:image\" content=\"https:\/\/lasentinelle.dz\/wp-content\/uploads\/2023\/05\/senegal-1-1024x576.png\" \/>\n\t<meta property=\"og:image:width\" content=\"1024\" \/>\n\t<meta property=\"og:image:height\" content=\"576\" \/>\n\t<meta property=\"og:image:type\" content=\"image\/png\" \/>\n<meta name=\"author\" content=\"La Sentinelle\" \/>\n<meta name=\"twitter:card\" content=\"summary_large_image\" \/>\n<meta name=\"twitter:label1\" content=\"\u00c9crit par\" \/>\n\t<meta name=\"twitter:data1\" content=\"La Sentinelle\" \/>\n\t<meta name=\"twitter:label2\" content=\"Dur\u00e9e de lecture estim\u00e9e\" \/>\n\t<meta name=\"twitter:data2\" content=\"3 minutes\" \/>\n<script type=\"application\/ld+json\" class=\"yoast-schema-graph\">{\"@context\":\"https:\\\/\\\/schema.org\",\"@graph\":[{\"@type\":\"Article\",\"@id\":\"https:\\\/\\\/lasentinelle.dz\\\/index.php\\\/2023\\\/05\\\/20\\\/can-u17-le-senegal-de-nouveau-sur-le-toit-de-lafrique\\\/#article\",\"isPartOf\":{\"@id\":\"https:\\\/\\\/lasentinelle.dz\\\/index.php\\\/2023\\\/05\\\/20\\\/can-u17-le-senegal-de-nouveau-sur-le-toit-de-lafrique\\\/\"},\"author\":{\"name\":\"La Sentinelle\",\"@id\":\"https:\\\/\\\/lasentinelle.dz\\\/#\\\/schema\\\/person\\\/d865044e22e70a75174ce8bcad3acfb3\"},\"headline\":\"CAN U17 : Le S\u00e9n\u00e9gal de nouveau sur le toit de l\u2019Afrique\",\"datePublished\":\"2023-05-20T21:00:00+00:00\",\"mainEntityOfPage\":{\"@id\":\"https:\\\/\\\/lasentinelle.dz\\\/index.php\\\/2023\\\/05\\\/20\\\/can-u17-le-senegal-de-nouveau-sur-le-toit-de-lafrique\\\/\"},\"wordCount\":577,\"commentCount\":0,\"publisher\":{\"@id\":\"https:\\\/\\\/lasentinelle.dz\\\/#organization\"},\"image\":{\"@id\":\"https:\\\/\\\/lasentinelle.dz\\\/index.php\\\/2023\\\/05\\\/20\\\/can-u17-le-senegal-de-nouveau-sur-le-toit-de-lafrique\\\/#primaryimage\"},\"thumbnailUrl\":\"https:\\\/\\\/lasentinelle.dz\\\/wp-content\\\/uploads\\\/2023\\\/05\\\/senegal-1.png\",\"articleSection\":[\"Sports\"],\"inLanguage\":\"fr-FR\",\"potentialAction\":[{\"@type\":\"CommentAction\",\"name\":\"Comment\",\"target\":[\"https:\\\/\\\/lasentinelle.dz\\\/index.php\\\/2023\\\/05\\\/20\\\/can-u17-le-senegal-de-nouveau-sur-le-toit-de-lafrique\\\/#respond\"]}]},{\"@type\":\"WebPage\",\"@id\":\"https:\\\/\\\/lasentinelle.dz\\\/index.php\\\/2023\\\/05\\\/20\\\/can-u17-le-senegal-de-nouveau-sur-le-toit-de-lafrique\\\/\",\"url\":\"https:\\\/\\\/lasentinelle.dz\\\/index.php\\\/2023\\\/05\\\/20\\\/can-u17-le-senegal-de-nouveau-sur-le-toit-de-lafrique\\\/\",\"name\":\"CAN U17 : Le S\u00e9n\u00e9gal de nouveau sur le toit de l\u2019Afrique - La Sentinelle\",\"isPartOf\":{\"@id\":\"https:\\\/\\\/lasentinelle.dz\\\/#website\"},\"primaryImageOfPage\":{\"@id\":\"https:\\\/\\\/lasentinelle.dz\\\/index.php\\\/2023\\\/05\\\/20\\\/can-u17-le-senegal-de-nouveau-sur-le-toit-de-lafrique\\\/#primaryimage\"},\"image\":{\"@id\":\"https:\\\/\\\/lasentinelle.dz\\\/index.php\\\/2023\\\/05\\\/20\\\/can-u17-le-senegal-de-nouveau-sur-le-toit-de-lafrique\\\/#primaryimage\"},\"thumbnailUrl\":\"https:\\\/\\\/lasentinelle.dz\\\/wp-content\\\/uploads\\\/2023\\\/05\\\/senegal-1.png\",\"datePublished\":\"2023-05-20T21:00:00+00:00\",\"breadcrumb\":{\"@id\":\"https:\\\/\\\/lasentinelle.dz\\\/index.php\\\/2023\\\/05\\\/20\\\/can-u17-le-senegal-de-nouveau-sur-le-toit-de-lafrique\\\/#breadcrumb\"},\"inLanguage\":\"fr-FR\",\"potentialAction\":[{\"@type\":\"ReadAction\",\"target\":[\"https:\\\/\\\/lasentinelle.dz\\\/index.php\\\/2023\\\/05\\\/20\\\/can-u17-le-senegal-de-nouveau-sur-le-toit-de-lafrique\\\/\"]}]},{\"@type\":\"ImageObject\",\"inLanguage\":\"fr-FR\",\"@id\":\"https:\\\/\\\/lasentinelle.dz\\\/index.php\\\/2023\\\/05\\\/20\\\/can-u17-le-senegal-de-nouveau-sur-le-toit-de-lafrique\\\/#primaryimage\",\"url\":\"https:\\\/\\\/lasentinelle.dz\\\/wp-content\\\/uploads\\\/2023\\\/05\\\/senegal-1.png\",\"contentUrl\":\"https:\\\/\\\/lasentinelle.dz\\\/wp-content\\\/uploads\\\/2023\\\/05\\\/senegal-1.png\",\"width\":1600,\"height\":900},{\"@type\":\"BreadcrumbList\",\"@id\":\"https:\\\/\\\/lasentinelle.dz\\\/index.php\\\/2023\\\/05\\\/20\\\/can-u17-le-senegal-de-nouveau-sur-le-toit-de-lafrique\\\/#breadcrumb\",\"itemListElement\":[{\"@type\":\"ListItem\",\"position\":1,\"name\":\"Accueil\",\"item\":\"https:\\\/\\\/lasentinelle.dz\\\/\"},{\"@type\":\"ListItem\",\"position\":2,\"name\":\"CAN U17 : Le S\u00e9n\u00e9gal de nouveau sur le toit de l\u2019Afrique\"}]},{\"@type\":\"WebSite\",\"@id\":\"https:\\\/\\\/lasentinelle.dz\\\/#website\",\"url\":\"https:\\\/\\\/lasentinelle.dz\\\/\",\"name\":\"La Sentinelle\",\"description\":\"Quotidien national d&#039;information\",\"publisher\":{\"@id\":\"https:\\\/\\\/lasentinelle.dz\\\/#organization\"},\"potentialAction\":[{\"@type\":\"SearchAction\",\"target\":{\"@type\":\"EntryPoint\",\"urlTemplate\":\"https:\\\/\\\/lasentinelle.dz\\\/?s={search_term_string}\"},\"query-input\":{\"@type\":\"PropertyValueSpecification\",\"valueRequired\":true,\"valueName\":\"search_term_string\"}}],\"inLanguage\":\"fr-FR\"},{\"@type\":\"Organization\",\"@id\":\"https:\\\/\\\/lasentinelle.dz\\\/#organization\",\"name\":\"Quotidien La Sentinelle\",\"url\":\"https:\\\/\\\/lasentinelle.dz\\\/\",\"logo\":{\"@type\":\"ImageObject\",\"inLanguage\":\"fr-FR\",\"@id\":\"https:\\\/\\\/lasentinelle.dz\\\/#\\\/schema\\\/logo\\\/image\\\/\",\"url\":\"https:\\\/\\\/lasentinelle.dz\\\/wp-content\\\/uploads\\\/2021\\\/09\\\/logo-sentinelleSLOGAN-1.png\",\"contentUrl\":\"https:\\\/\\\/lasentinelle.dz\\\/wp-content\\\/uploads\\\/2021\\\/09\\\/logo-sentinelleSLOGAN-1.png\",\"width\":615,\"height\":142,\"caption\":\"Quotidien La Sentinelle\"},\"image\":{\"@id\":\"https:\\\/\\\/lasentinelle.dz\\\/#\\\/schema\\\/logo\\\/image\\\/\"},\"sameAs\":[\"https:\\\/\\\/www.facebook.com\\\/La-Sentinelle-104059864394773\"]},{\"@type\":\"Person\",\"@id\":\"https:\\\/\\\/lasentinelle.dz\\\/#\\\/schema\\\/person\\\/d865044e22e70a75174ce8bcad3acfb3\",\"name\":\"La Sentinelle\",\"image\":{\"@type\":\"ImageObject\",\"inLanguage\":\"fr-FR\",\"@id\":\"https:\\\/\\\/secure.gravatar.com\\\/avatar\\\/57de8e5d4b15d43fb361a71fbb36338450fe67865b528a43dd10ef7c51a20392?s=96&d=mm&r=g\",\"url\":\"https:\\\/\\\/secure.gravatar.com\\\/avatar\\\/57de8e5d4b15d43fb361a71fbb36338450fe67865b528a43dd10ef7c51a20392?s=96&d=mm&r=g\",\"contentUrl\":\"https:\\\/\\\/secure.gravatar.com\\\/avatar\\\/57de8e5d4b15d43fb361a71fbb36338450fe67865b528a43dd10ef7c51a20392?s=96&d=mm&r=g\",\"caption\":\"La Sentinelle\"},\"sameAs\":[\"http:\\\/\\\/www.lasentinelle.dz\"],\"url\":\"https:\\\/\\\/lasentinelle.dz\\\/author\\\/redaction\\\/\"}]}<\/script>\n<!-- \/ Yoast SEO plugin. -->","yoast_head_json":{"title":"CAN U17 : Le S\u00e9n\u00e9gal de nouveau sur le toit de l\u2019Afrique - La Sentinelle","robots":{"index":"index","follow":"follow","max-snippet":"max-snippet:-1","max-image-preview":"max-image-preview:large","max-video-preview":"max-video-preview:-1"},"canonical":"https:\/\/lasentinelle.dz\/index.php\/2023\/05\/20\/can-u17-le-senegal-de-nouveau-sur-le-toit-de-lafrique\/","og_locale":"fr_FR","og_type":"article","og_title":"CAN U17 : Le S\u00e9n\u00e9gal de nouveau sur le toit de l\u2019Afrique - La Sentinelle","og_description":"C\u2019est d\u00e9cid\u00e9ment la s\u00e9rie gagnante pour le S\u00e9n\u00e9gal. Les Lions de la Teranga ont remport\u00e9 la CAN 2021, le CHAN","og_url":"https:\/\/lasentinelle.dz\/index.php\/2023\/05\/20\/can-u17-le-senegal-de-nouveau-sur-le-toit-de-lafrique\/","og_site_name":"La Sentinelle","article_publisher":"https:\/\/www.facebook.com\/La-Sentinelle-104059864394773","article_published_time":"2023-05-20T21:00:00+00:00","og_image":[{"width":1024,"height":576,"url":"https:\/\/lasentinelle.dz\/wp-content\/uploads\/2023\/05\/senegal-1-1024x576.png","type":"image\/png"}],"author":"La Sentinelle","twitter_card":"summary_large_image","twitter_misc":{"\u00c9crit par":"La Sentinelle","Dur\u00e9e de lecture estim\u00e9e":"3 minutes"},"schema":{"@context":"https:\/\/schema.org","@graph":[{"@type":"Article","@id":"https:\/\/lasentinelle.dz\/index.php\/2023\/05\/20\/can-u17-le-senegal-de-nouveau-sur-le-toit-de-lafrique\/#article","isPartOf":{"@id":"https:\/\/lasentinelle.dz\/index.php\/2023\/05\/20\/can-u17-le-senegal-de-nouveau-sur-le-toit-de-lafrique\/"},"author":{"name":"La Sentinelle","@id":"https:\/\/lasentinelle.dz\/#\/schema\/person\/d865044e22e70a75174ce8bcad3acfb3"},"headline":"CAN U17 : Le S\u00e9n\u00e9gal de nouveau sur le toit de l\u2019Afrique","datePublished":"2023-05-20T21:00:00+00:00","mainEntityOfPage":{"@id":"https:\/\/lasentinelle.dz\/index.php\/2023\/05\/20\/can-u17-le-senegal-de-nouveau-sur-le-toit-de-lafrique\/"},"wordCount":577,"commentCount":0,"publisher":{"@id":"https:\/\/lasentinelle.dz\/#organization"},"image":{"@id":"https:\/\/lasentinelle.dz\/index.php\/2023\/05\/20\/can-u17-le-senegal-de-nouveau-sur-le-toit-de-lafrique\/#primaryimage"},"thumbnailUrl":"https:\/\/lasentinelle.dz\/wp-content\/uploads\/2023\/05\/senegal-1.png","articleSection":["Sports"],"inLanguage":"fr-FR","potentialAction":[{"@type":"CommentAction","name":"Comment","target":["https:\/\/lasentinelle.dz\/index.php\/2023\/05\/20\/can-u17-le-senegal-de-nouveau-sur-le-toit-de-lafrique\/#respond"]}]},{"@type":"WebPage","@id":"https:\/\/lasentinelle.dz\/index.php\/2023\/05\/20\/can-u17-le-senegal-de-nouveau-sur-le-toit-de-lafrique\/","url":"https:\/\/lasentinelle.dz\/index.php\/2023\/05\/20\/can-u17-le-senegal-de-nouveau-sur-le-toit-de-lafrique\/","name":"CAN U17 : Le S\u00e9n\u00e9gal de nouveau sur le toit de l\u2019Afrique - La Sentinelle","isPartOf":{"@id":"https:\/\/lasentinelle.dz\/#website"},"primaryImageOfPage":{"@id":"https:\/\/lasentinelle.dz\/index.php\/2023\/05\/20\/can-u17-le-senegal-de-nouveau-sur-le-toit-de-lafrique\/#primaryimage"},"image":{"@id":"https:\/\/lasentinelle.dz\/index.php\/2023\/05\/20\/can-u17-le-senegal-de-nouveau-sur-le-toit-de-lafrique\/#primaryimage"},"thumbnailUrl":"https:\/\/lasentinelle.dz\/wp-content\/uploads\/2023\/05\/senegal-1.png","datePublished":"2023-05-20T21:00:00+00:00","breadcrumb":{"@id":"https:\/\/lasentinelle.dz\/index.php\/2023\/05\/20\/can-u17-le-senegal-de-nouveau-sur-le-toit-de-lafrique\/#breadcrumb"},"inLanguage":"fr-FR","potentialAction":[{"@type":"ReadAction","target":["https:\/\/lasentinelle.dz\/index.php\/2023\/05\/20\/can-u17-le-senegal-de-nouveau-sur-le-toit-de-lafrique\/"]}]},{"@type":"ImageObject","inLanguage":"fr-FR","@id":"https:\/\/lasentinelle.dz\/index.php\/2023\/05\/20\/can-u17-le-senegal-de-nouveau-sur-le-toit-de-lafrique\/#primaryimage","url":"https:\/\/lasentinelle.dz\/wp-content\/uploads\/2023\/05\/senegal-1.png","contentUrl":"https:\/\/lasentinelle.dz\/wp-content\/uploads\/2023\/05\/senegal-1.png","width":1600,"height":900},{"@type":"BreadcrumbList","@id":"https:\/\/lasentinelle.dz\/index.php\/2023\/05\/20\/can-u17-le-senegal-de-nouveau-sur-le-toit-de-lafrique\/#breadcrumb","itemListElement":[{"@type":"ListItem","position":1,"name":"Accueil","item":"https:\/\/lasentinelle.dz\/"},{"@type":"ListItem","position":2,"name":"CAN U17 : Le S\u00e9n\u00e9gal de nouveau sur le toit de l\u2019Afrique"}]},{"@type":"WebSite","@id":"https:\/\/lasentinelle.dz\/#website","url":"https:\/\/lasentinelle.dz\/","name":"La Sentinelle","description":"Quotidien national d&#039;information","publisher":{"@id":"https:\/\/lasentinelle.dz\/#organization"},"potentialAction":[{"@type":"SearchAction","target":{"@type":"EntryPoint","urlTemplate":"https:\/\/lasentinelle.dz\/?s={search_term_string}"},"query-input":{"@type":"PropertyValueSpecification","valueRequired":true,"valueName":"search_term_string"}}],"inLanguage":"fr-FR"},{"@type":"Organization","@id":"https:\/\/lasentinelle.dz\/#organization","name":"Quotidien La Sentinelle","url":"https:\/\/lasentinelle.dz\/","logo":{"@type":"ImageObject","inLanguage":"fr-FR","@id":"https:\/\/lasentinelle.dz\/#\/schema\/logo\/image\/","url":"https:\/\/lasentinelle.dz\/wp-content\/uploads\/2021\/09\/logo-sentinelleSLOGAN-1.png","contentUrl":"https:\/\/lasentinelle.dz\/wp-content\/uploads\/2021\/09\/logo-sentinelleSLOGAN-1.png","width":615,"height":142,"caption":"Quotidien La Sentinelle"},"image":{"@id":"https:\/\/lasentinelle.dz\/#\/schema\/logo\/image\/"},"sameAs":["https:\/\/www.facebook.com\/La-Sentinelle-104059864394773"]},{"@type":"Person","@id":"https:\/\/lasentinelle.dz\/#\/schema\/person\/d865044e22e70a75174ce8bcad3acfb3","name":"La Sentinelle","image":{"@type":"ImageObject","inLanguage":"fr-FR","@id":"https:\/\/secure.gravatar.com\/avatar\/57de8e5d4b15d43fb361a71fbb36338450fe67865b528a43dd10ef7c51a20392?s=96&d=mm&r=g","url":"https:\/\/secure.gravatar.com\/avatar\/57de8e5d4b15d43fb361a71fbb36338450fe67865b528a43dd10ef7c51a20392?s=96&d=mm&r=g","contentUrl":"https:\/\/secure.gravatar.com\/avatar\/57de8e5d4b15d43fb361a71fbb36338450fe67865b528a43dd10ef7c51a20392?s=96&d=mm&r=g","caption":"La Sentinelle"},"sameAs":["http:\/\/www.lasentinelle.dz"],"url":"https:\/\/lasentinelle.dz\/author\/redaction\/"}]}},"_links":{"self":[{"href":"https:\/\/lasentinelle.dz\/index.php\/wp-json\/wp\/v2\/posts\/41335","targetHints":{"allow":["GET"]}}],"collection":[{"href":"https:\/\/lasentinelle.dz\/index.php\/wp-json\/wp\/v2\/posts"}],"about":[{"href":"https:\/\/lasentinelle.dz\/index.php\/wp-json\/wp\/v2\/types\/post"}],"author":[{"embeddable":true,"href":"https:\/\/lasentinelle.dz\/index.php\/wp-json\/wp\/v2\/users\/3"}],"replies":[{"embeddable":true,"href":"https:\/\/lasentinelle.dz\/index.php\/wp-json\/wp\/v2\/comments?post=41335"}],"version-history":[{"count":1,"href":"https:\/\/lasentinelle.dz\/index.php\/wp-json\/wp\/v2\/posts\/41335\/revisions"}],"predecessor-version":[{"id":41339,"href":"https:\/\/lasentinelle.dz\/index.php\/wp-json\/wp\/v2\/posts\/41335\/revisions\/41339"}],"wp:featuredmedia":[{"embeddable":true,"href":"https:\/\/lasentinelle.dz\/index.php\/wp-json\/wp\/v2\/media\/41338"}],"wp:attachment":[{"href":"https:\/\/lasentinelle.dz\/index.php\/wp-json\/wp\/v2\/media?parent=41335"}],"wp:term":[{"taxonomy":"category","embeddable":true,"href":"https:\/\/lasentinelle.dz\/index.php\/wp-json\/wp\/v2\/categories?post=41335"},{"taxonomy":"post_tag","embeddable":true,"href":"https:\/\/lasentinelle.dz\/index.php\/wp-json\/wp\/v2\/tags?post=41335"}],"curies":[{"name":"wp","href":"https:\/\/api.w.org\/{rel}","templated":true}]}}