{"id":41363,"date":"2023-05-20T22:05:00","date_gmt":"2023-05-20T21:05:00","guid":{"rendered":"https:\/\/lasentinelle.dz\/?p=41363"},"modified":"2023-05-20T20:28:06","modified_gmt":"2023-05-20T19:28:06","slug":"assemblee-generale-de-lunion-africaine-de-radiodiffusion-bouslimani-reaffirme-les-positions-immuables-de-lalgerie","status":"publish","type":"post","link":"https:\/\/lasentinelle.dz\/index.php\/2023\/05\/20\/assemblee-generale-de-lunion-africaine-de-radiodiffusion-bouslimani-reaffirme-les-positions-immuables-de-lalgerie\/","title":{"rendered":"Assembl\u00e9e g\u00e9n\u00e9rale de l&rsquo;Union africaine de radiodiffusion\u00a0: Bouslimani r\u00e9affirme les positions immuables de l\u2019Alg\u00e9rie"},"content":{"rendered":"\n<p>Dans une allocution prononc\u00e9e \u00e0 l&rsquo;occasion de la 14e session de l&rsquo;Assembl\u00e9e g\u00e9n\u00e9rale de l&rsquo;Union africaine de radiodiffusion (UAR) qui se tient \u00e0 Abuja du 16 au 20 mai, le ministre de la Communication, Mohamed Bouslimani a r\u00e9affirm\u00e9 \u00ab les positions immuables de l&rsquo;Alg\u00e9rie pour d\u00e9fendre les questions et les int\u00e9r\u00eats de l&rsquo;Afrique et l&rsquo;action participative afin de r\u00e9aliser son d\u00e9veloppement dans tous les domaines notamment m\u00e9diatique et lui permettre ainsi de retrouver la place qui lui sied entre les nations \u00bb. Le ministre de la Communication soulignera que le th\u00e8me de cette session intitul\u00e9e \u00ab Impacts et d\u00e9fis de la radiodiffusion africaine dans la transformation digitale dans le monde \u00bb constituait \u00ab l&rsquo;un des centres d&rsquo;int\u00e9r\u00eat majeurs de l&rsquo;Alg\u00e9rie dans son approche m\u00e9diatique continentale \u00bb. Il rappellera \u00ab le r\u00f4le crucial des m\u00e9dias, notamment \u00e0 la faveur de la num\u00e9risation, en vue de renforcer la pr\u00e9sence africaine \u00e0 l&rsquo;\u00e9chelle internationale, \u00e0 travers la promotion des valeurs du continent et la mise en exergue des efforts d&rsquo;\u00e9dification et de d\u00e9veloppement pour faire face avec professionnalisme aux fausses informations et \u00e0 la cyberguerre qui tendent \u00e0 faire le blackout sur les r\u00e9alisations du continent, \u00e0 diviser ses rangs et \u00e0 freiner le processus de son d\u00e9veloppement \u00bb.&nbsp; Bouslimani rappellera le lancement, il y a deux semaines, en Alg\u00e9rie de la cha\u00eene \u00ab\u00a0Ifrikya FM\u00a0\u00bb. Celle-ci se veut \u00ab un apport qualitatif \u00bb. A propos de l&rsquo;Agence alg\u00e9rienne de coop\u00e9ration internationale pour la solidarit\u00e9 et le d\u00e9veloppement, le ministre affirmera que cette derni\u00e8re \u00ab lancera prochainement des projets de d\u00e9veloppement dans nombre de pays africains, principalement dans les domaines de la sant\u00e9, de l&rsquo;\u00e9ducation et de l&rsquo;eau \u00bb. Cette action d\u00e9note de \u00ab la conviction de l&rsquo;Alg\u00e9rie que la s\u00e9curit\u00e9 et la stabilit\u00e9 en Afrique sont \u00e9troitement li\u00e9es au d\u00e9veloppement \u00bb. Le ministre ajoutera que la politique de l&rsquo;Alg\u00e9rie en faveur de l&rsquo;Afrique \u00ab sans restriction, ni surench\u00e8res, ni calculs conjoncturels s&rsquo;est illustr\u00e9e sous plusieurs formes, notamment dans les domaines politique, \u00e9conomique et s\u00e9curitaire \u00bb. Il indiquera dans ce sens que \u00ab l&rsquo;int\u00e9r\u00eat de l&rsquo;Alg\u00e9rie pour d\u00e9fendre les int\u00e9r\u00eats de l&rsquo;Afrique s&rsquo;\u00e9tend aux domaines de l&rsquo;information et de la communication, en t\u00e9moigne ses contributions positives au sein des organismes continentaux y aff\u00e9rents, pour ne citer que l&rsquo;UAR \u00bb.&nbsp; Il a cit\u00e9 \u00e0 ce propos l&rsquo;initiative de l&rsquo;Alg\u00e9rie d&rsquo;abriter le si\u00e8ge du nouveau centre d&rsquo;\u00e9change d&rsquo;informations et de programmes de l&rsquo;UAR, situ\u00e9 dans la capitale.<\/p>\n\n\n\n<p><strong>Chokri Hafed<\/strong><\/p>\n","protected":false},"excerpt":{"rendered":"<p>Dans une allocution prononc\u00e9e \u00e0 l&rsquo;occasion de la 14e session de l&rsquo;Assembl\u00e9e g\u00e9n\u00e9rale de l&rsquo;Union africaine de radiodiffusion (UAR) qui<\/p>\n","protected":false},"author":3,"featured_media":41367,"comment_status":"open","ping_status":"closed","sticky":false,"template":"","format":"standard","meta":{"colormag_page_container_layout":"default_layout","colormag_page_sidebar_layout":"default_layout","om_disable_all_campaigns":false,"_monsterinsights_skip_tracking":false,"_monsterinsights_sitenote_active":false,"_monsterinsights_sitenote_note":"","_monsterinsights_sitenote_category":0,"footnotes":"","_wpscppro_dont_share_socialmedia":false,"_wpscppro_custom_social_share_image":0,"_facebook_share_type":"","_twitter_share_type":"","_linkedin_share_type":"","_pinterest_share_type":"","_linkedin_share_type_page":"","_instagram_share_type":"","_medium_share_type":"","_threads_share_type":"","_google_business_share_type":"","_selected_social_profile":[],"_wpsp_enable_custom_social_template":false,"_wpsp_social_scheduling":{"enabled":false,"datetime":null,"platforms":[],"status":"template_only","dateOption":"today","timeOption":"now","customDays":"","customHours":"","customDate":"","customTime":"","schedulingType":"absolute"},"_wpsp_active_default_template":true},"categories":[27],"tags":[],"class_list":["post-41363","post","type-post","status-publish","format-standard","has-post-thumbnail","hentry","category-actualite"],"aioseo_notices":[],"yoast_head":"<!-- This site is optimized with the Yoast SEO plugin v27.5 - https:\/\/yoast.com\/product\/yoast-seo-wordpress\/ -->\n<title>Assembl\u00e9e g\u00e9n\u00e9rale de l&rsquo;Union africaine de radiodiffusion\u00a0: Bouslimani r\u00e9affirme les positions immuables de l\u2019Alg\u00e9rie - La Sentinelle<\/title>\n<meta name=\"robots\" content=\"index, follow, max-snippet:-1, max-image-preview:large, max-video-preview:-1\" \/>\n<link rel=\"canonical\" href=\"https:\/\/lasentinelle.dz\/index.php\/2023\/05\/20\/assemblee-generale-de-lunion-africaine-de-radiodiffusion-bouslimani-reaffirme-les-positions-immuables-de-lalgerie\/\" \/>\n<meta property=\"og:locale\" content=\"fr_FR\" \/>\n<meta property=\"og:type\" content=\"article\" \/>\n<meta property=\"og:title\" content=\"Assembl\u00e9e g\u00e9n\u00e9rale de l&rsquo;Union africaine de radiodiffusion\u00a0: Bouslimani r\u00e9affirme les positions immuables de l\u2019Alg\u00e9rie - La Sentinelle\" \/>\n<meta property=\"og:description\" content=\"Dans une allocution prononc\u00e9e \u00e0 l&rsquo;occasion de la 14e session de l&rsquo;Assembl\u00e9e g\u00e9n\u00e9rale de l&rsquo;Union africaine de radiodiffusion (UAR) qui\" \/>\n<meta property=\"og:url\" content=\"https:\/\/lasentinelle.dz\/index.php\/2023\/05\/20\/assemblee-generale-de-lunion-africaine-de-radiodiffusion-bouslimani-reaffirme-les-positions-immuables-de-lalgerie\/\" \/>\n<meta property=\"og:site_name\" content=\"La Sentinelle\" \/>\n<meta property=\"article:publisher\" content=\"https:\/\/www.facebook.com\/La-Sentinelle-104059864394773\" \/>\n<meta property=\"article:published_time\" content=\"2023-05-20T21:05:00+00:00\" \/>\n<meta property=\"og:image\" content=\"https:\/\/lasentinelle.dz\/wp-content\/uploads\/2023\/05\/bee.png\" \/>\n\t<meta property=\"og:image:width\" content=\"1348\" \/>\n\t<meta property=\"og:image:height\" content=\"900\" \/>\n\t<meta property=\"og:image:type\" content=\"image\/png\" \/>\n<meta name=\"author\" content=\"La Sentinelle\" \/>\n<meta name=\"twitter:card\" content=\"summary_large_image\" \/>\n<meta name=\"twitter:label1\" content=\"\u00c9crit par\" \/>\n\t<meta name=\"twitter:data1\" content=\"La Sentinelle\" \/>\n\t<meta name=\"twitter:label2\" content=\"Dur\u00e9e de lecture estim\u00e9e\" \/>\n\t<meta name=\"twitter:data2\" content=\"2 minutes\" \/>\n<script type=\"application\/ld+json\" class=\"yoast-schema-graph\">{\"@context\":\"https:\\\/\\\/schema.org\",\"@graph\":[{\"@type\":\"Article\",\"@id\":\"https:\\\/\\\/lasentinelle.dz\\\/index.php\\\/2023\\\/05\\\/20\\\/assemblee-generale-de-lunion-africaine-de-radiodiffusion-bouslimani-reaffirme-les-positions-immuables-de-lalgerie\\\/#article\",\"isPartOf\":{\"@id\":\"https:\\\/\\\/lasentinelle.dz\\\/index.php\\\/2023\\\/05\\\/20\\\/assemblee-generale-de-lunion-africaine-de-radiodiffusion-bouslimani-reaffirme-les-positions-immuables-de-lalgerie\\\/\"},\"author\":{\"name\":\"La Sentinelle\",\"@id\":\"https:\\\/\\\/lasentinelle.dz\\\/#\\\/schema\\\/person\\\/d865044e22e70a75174ce8bcad3acfb3\"},\"headline\":\"Assembl\u00e9e g\u00e9n\u00e9rale de l&rsquo;Union africaine de radiodiffusion\u00a0: Bouslimani r\u00e9affirme les positions immuables de l\u2019Alg\u00e9rie\",\"datePublished\":\"2023-05-20T21:05:00+00:00\",\"mainEntityOfPage\":{\"@id\":\"https:\\\/\\\/lasentinelle.dz\\\/index.php\\\/2023\\\/05\\\/20\\\/assemblee-generale-de-lunion-africaine-de-radiodiffusion-bouslimani-reaffirme-les-positions-immuables-de-lalgerie\\\/\"},\"wordCount\":479,\"commentCount\":0,\"publisher\":{\"@id\":\"https:\\\/\\\/lasentinelle.dz\\\/#organization\"},\"image\":{\"@id\":\"https:\\\/\\\/lasentinelle.dz\\\/index.php\\\/2023\\\/05\\\/20\\\/assemblee-generale-de-lunion-africaine-de-radiodiffusion-bouslimani-reaffirme-les-positions-immuables-de-lalgerie\\\/#primaryimage\"},\"thumbnailUrl\":\"https:\\\/\\\/lasentinelle.dz\\\/wp-content\\\/uploads\\\/2023\\\/05\\\/bee.png\",\"articleSection\":[\"Actualit\u00e9\"],\"inLanguage\":\"fr-FR\",\"potentialAction\":[{\"@type\":\"CommentAction\",\"name\":\"Comment\",\"target\":[\"https:\\\/\\\/lasentinelle.dz\\\/index.php\\\/2023\\\/05\\\/20\\\/assemblee-generale-de-lunion-africaine-de-radiodiffusion-bouslimani-reaffirme-les-positions-immuables-de-lalgerie\\\/#respond\"]}]},{\"@type\":\"WebPage\",\"@id\":\"https:\\\/\\\/lasentinelle.dz\\\/index.php\\\/2023\\\/05\\\/20\\\/assemblee-generale-de-lunion-africaine-de-radiodiffusion-bouslimani-reaffirme-les-positions-immuables-de-lalgerie\\\/\",\"url\":\"https:\\\/\\\/lasentinelle.dz\\\/index.php\\\/2023\\\/05\\\/20\\\/assemblee-generale-de-lunion-africaine-de-radiodiffusion-bouslimani-reaffirme-les-positions-immuables-de-lalgerie\\\/\",\"name\":\"Assembl\u00e9e g\u00e9n\u00e9rale de l&rsquo;Union africaine de radiodiffusion\u00a0: Bouslimani r\u00e9affirme les positions immuables de l\u2019Alg\u00e9rie - La Sentinelle\",\"isPartOf\":{\"@id\":\"https:\\\/\\\/lasentinelle.dz\\\/#website\"},\"primaryImageOfPage\":{\"@id\":\"https:\\\/\\\/lasentinelle.dz\\\/index.php\\\/2023\\\/05\\\/20\\\/assemblee-generale-de-lunion-africaine-de-radiodiffusion-bouslimani-reaffirme-les-positions-immuables-de-lalgerie\\\/#primaryimage\"},\"image\":{\"@id\":\"https:\\\/\\\/lasentinelle.dz\\\/index.php\\\/2023\\\/05\\\/20\\\/assemblee-generale-de-lunion-africaine-de-radiodiffusion-bouslimani-reaffirme-les-positions-immuables-de-lalgerie\\\/#primaryimage\"},\"thumbnailUrl\":\"https:\\\/\\\/lasentinelle.dz\\\/wp-content\\\/uploads\\\/2023\\\/05\\\/bee.png\",\"datePublished\":\"2023-05-20T21:05:00+00:00\",\"breadcrumb\":{\"@id\":\"https:\\\/\\\/lasentinelle.dz\\\/index.php\\\/2023\\\/05\\\/20\\\/assemblee-generale-de-lunion-africaine-de-radiodiffusion-bouslimani-reaffirme-les-positions-immuables-de-lalgerie\\\/#breadcrumb\"},\"inLanguage\":\"fr-FR\",\"potentialAction\":[{\"@type\":\"ReadAction\",\"target\":[\"https:\\\/\\\/lasentinelle.dz\\\/index.php\\\/2023\\\/05\\\/20\\\/assemblee-generale-de-lunion-africaine-de-radiodiffusion-bouslimani-reaffirme-les-positions-immuables-de-lalgerie\\\/\"]}]},{\"@type\":\"ImageObject\",\"inLanguage\":\"fr-FR\",\"@id\":\"https:\\\/\\\/lasentinelle.dz\\\/index.php\\\/2023\\\/05\\\/20\\\/assemblee-generale-de-lunion-africaine-de-radiodiffusion-bouslimani-reaffirme-les-positions-immuables-de-lalgerie\\\/#primaryimage\",\"url\":\"https:\\\/\\\/lasentinelle.dz\\\/wp-content\\\/uploads\\\/2023\\\/05\\\/bee.png\",\"contentUrl\":\"https:\\\/\\\/lasentinelle.dz\\\/wp-content\\\/uploads\\\/2023\\\/05\\\/bee.png\",\"width\":1348,\"height\":900},{\"@type\":\"BreadcrumbList\",\"@id\":\"https:\\\/\\\/lasentinelle.dz\\\/index.php\\\/2023\\\/05\\\/20\\\/assemblee-generale-de-lunion-africaine-de-radiodiffusion-bouslimani-reaffirme-les-positions-immuables-de-lalgerie\\\/#breadcrumb\",\"itemListElement\":[{\"@type\":\"ListItem\",\"position\":1,\"name\":\"Accueil\",\"item\":\"https:\\\/\\\/lasentinelle.dz\\\/\"},{\"@type\":\"ListItem\",\"position\":2,\"name\":\"Assembl\u00e9e g\u00e9n\u00e9rale de l&rsquo;Union africaine de radiodiffusion\u00a0: Bouslimani r\u00e9affirme les positions immuables de l\u2019Alg\u00e9rie\"}]},{\"@type\":\"WebSite\",\"@id\":\"https:\\\/\\\/lasentinelle.dz\\\/#website\",\"url\":\"https:\\\/\\\/lasentinelle.dz\\\/\",\"name\":\"La Sentinelle\",\"description\":\"Quotidien national d&#039;information\",\"publisher\":{\"@id\":\"https:\\\/\\\/lasentinelle.dz\\\/#organization\"},\"potentialAction\":[{\"@type\":\"SearchAction\",\"target\":{\"@type\":\"EntryPoint\",\"urlTemplate\":\"https:\\\/\\\/lasentinelle.dz\\\/?s={search_term_string}\"},\"query-input\":{\"@type\":\"PropertyValueSpecification\",\"valueRequired\":true,\"valueName\":\"search_term_string\"}}],\"inLanguage\":\"fr-FR\"},{\"@type\":\"Organization\",\"@id\":\"https:\\\/\\\/lasentinelle.dz\\\/#organization\",\"name\":\"Quotidien La Sentinelle\",\"url\":\"https:\\\/\\\/lasentinelle.dz\\\/\",\"logo\":{\"@type\":\"ImageObject\",\"inLanguage\":\"fr-FR\",\"@id\":\"https:\\\/\\\/lasentinelle.dz\\\/#\\\/schema\\\/logo\\\/image\\\/\",\"url\":\"https:\\\/\\\/lasentinelle.dz\\\/wp-content\\\/uploads\\\/2021\\\/09\\\/logo-sentinelleSLOGAN-1.png\",\"contentUrl\":\"https:\\\/\\\/lasentinelle.dz\\\/wp-content\\\/uploads\\\/2021\\\/09\\\/logo-sentinelleSLOGAN-1.png\",\"width\":615,\"height\":142,\"caption\":\"Quotidien La Sentinelle\"},\"image\":{\"@id\":\"https:\\\/\\\/lasentinelle.dz\\\/#\\\/schema\\\/logo\\\/image\\\/\"},\"sameAs\":[\"https:\\\/\\\/www.facebook.com\\\/La-Sentinelle-104059864394773\"]},{\"@type\":\"Person\",\"@id\":\"https:\\\/\\\/lasentinelle.dz\\\/#\\\/schema\\\/person\\\/d865044e22e70a75174ce8bcad3acfb3\",\"name\":\"La Sentinelle\",\"image\":{\"@type\":\"ImageObject\",\"inLanguage\":\"fr-FR\",\"@id\":\"https:\\\/\\\/secure.gravatar.com\\\/avatar\\\/57de8e5d4b15d43fb361a71fbb36338450fe67865b528a43dd10ef7c51a20392?s=96&d=mm&r=g\",\"url\":\"https:\\\/\\\/secure.gravatar.com\\\/avatar\\\/57de8e5d4b15d43fb361a71fbb36338450fe67865b528a43dd10ef7c51a20392?s=96&d=mm&r=g\",\"contentUrl\":\"https:\\\/\\\/secure.gravatar.com\\\/avatar\\\/57de8e5d4b15d43fb361a71fbb36338450fe67865b528a43dd10ef7c51a20392?s=96&d=mm&r=g\",\"caption\":\"La Sentinelle\"},\"sameAs\":[\"http:\\\/\\\/www.lasentinelle.dz\"],\"url\":\"https:\\\/\\\/lasentinelle.dz\\\/author\\\/redaction\\\/\"}]}<\/script>\n<!-- \/ Yoast SEO plugin. -->","yoast_head_json":{"title":"Assembl\u00e9e g\u00e9n\u00e9rale de l&rsquo;Union africaine de radiodiffusion\u00a0: Bouslimani r\u00e9affirme les positions immuables de l\u2019Alg\u00e9rie - La Sentinelle","robots":{"index":"index","follow":"follow","max-snippet":"max-snippet:-1","max-image-preview":"max-image-preview:large","max-video-preview":"max-video-preview:-1"},"canonical":"https:\/\/lasentinelle.dz\/index.php\/2023\/05\/20\/assemblee-generale-de-lunion-africaine-de-radiodiffusion-bouslimani-reaffirme-les-positions-immuables-de-lalgerie\/","og_locale":"fr_FR","og_type":"article","og_title":"Assembl\u00e9e g\u00e9n\u00e9rale de l&rsquo;Union africaine de radiodiffusion\u00a0: Bouslimani r\u00e9affirme les positions immuables de l\u2019Alg\u00e9rie - La Sentinelle","og_description":"Dans une allocution prononc\u00e9e \u00e0 l&rsquo;occasion de la 14e session de l&rsquo;Assembl\u00e9e g\u00e9n\u00e9rale de l&rsquo;Union africaine de radiodiffusion (UAR) qui","og_url":"https:\/\/lasentinelle.dz\/index.php\/2023\/05\/20\/assemblee-generale-de-lunion-africaine-de-radiodiffusion-bouslimani-reaffirme-les-positions-immuables-de-lalgerie\/","og_site_name":"La Sentinelle","article_publisher":"https:\/\/www.facebook.com\/La-Sentinelle-104059864394773","article_published_time":"2023-05-20T21:05:00+00:00","og_image":[{"width":1348,"height":900,"url":"https:\/\/lasentinelle.dz\/wp-content\/uploads\/2023\/05\/bee.png","type":"image\/png"}],"author":"La Sentinelle","twitter_card":"summary_large_image","twitter_misc":{"\u00c9crit par":"La Sentinelle","Dur\u00e9e de lecture estim\u00e9e":"2 minutes"},"schema":{"@context":"https:\/\/schema.org","@graph":[{"@type":"Article","@id":"https:\/\/lasentinelle.dz\/index.php\/2023\/05\/20\/assemblee-generale-de-lunion-africaine-de-radiodiffusion-bouslimani-reaffirme-les-positions-immuables-de-lalgerie\/#article","isPartOf":{"@id":"https:\/\/lasentinelle.dz\/index.php\/2023\/05\/20\/assemblee-generale-de-lunion-africaine-de-radiodiffusion-bouslimani-reaffirme-les-positions-immuables-de-lalgerie\/"},"author":{"name":"La Sentinelle","@id":"https:\/\/lasentinelle.dz\/#\/schema\/person\/d865044e22e70a75174ce8bcad3acfb3"},"headline":"Assembl\u00e9e g\u00e9n\u00e9rale de l&rsquo;Union africaine de radiodiffusion\u00a0: Bouslimani r\u00e9affirme les positions immuables de l\u2019Alg\u00e9rie","datePublished":"2023-05-20T21:05:00+00:00","mainEntityOfPage":{"@id":"https:\/\/lasentinelle.dz\/index.php\/2023\/05\/20\/assemblee-generale-de-lunion-africaine-de-radiodiffusion-bouslimani-reaffirme-les-positions-immuables-de-lalgerie\/"},"wordCount":479,"commentCount":0,"publisher":{"@id":"https:\/\/lasentinelle.dz\/#organization"},"image":{"@id":"https:\/\/lasentinelle.dz\/index.php\/2023\/05\/20\/assemblee-generale-de-lunion-africaine-de-radiodiffusion-bouslimani-reaffirme-les-positions-immuables-de-lalgerie\/#primaryimage"},"thumbnailUrl":"https:\/\/lasentinelle.dz\/wp-content\/uploads\/2023\/05\/bee.png","articleSection":["Actualit\u00e9"],"inLanguage":"fr-FR","potentialAction":[{"@type":"CommentAction","name":"Comment","target":["https:\/\/lasentinelle.dz\/index.php\/2023\/05\/20\/assemblee-generale-de-lunion-africaine-de-radiodiffusion-bouslimani-reaffirme-les-positions-immuables-de-lalgerie\/#respond"]}]},{"@type":"WebPage","@id":"https:\/\/lasentinelle.dz\/index.php\/2023\/05\/20\/assemblee-generale-de-lunion-africaine-de-radiodiffusion-bouslimani-reaffirme-les-positions-immuables-de-lalgerie\/","url":"https:\/\/lasentinelle.dz\/index.php\/2023\/05\/20\/assemblee-generale-de-lunion-africaine-de-radiodiffusion-bouslimani-reaffirme-les-positions-immuables-de-lalgerie\/","name":"Assembl\u00e9e g\u00e9n\u00e9rale de l&rsquo;Union africaine de radiodiffusion\u00a0: Bouslimani r\u00e9affirme les positions immuables de l\u2019Alg\u00e9rie - La Sentinelle","isPartOf":{"@id":"https:\/\/lasentinelle.dz\/#website"},"primaryImageOfPage":{"@id":"https:\/\/lasentinelle.dz\/index.php\/2023\/05\/20\/assemblee-generale-de-lunion-africaine-de-radiodiffusion-bouslimani-reaffirme-les-positions-immuables-de-lalgerie\/#primaryimage"},"image":{"@id":"https:\/\/lasentinelle.dz\/index.php\/2023\/05\/20\/assemblee-generale-de-lunion-africaine-de-radiodiffusion-bouslimani-reaffirme-les-positions-immuables-de-lalgerie\/#primaryimage"},"thumbnailUrl":"https:\/\/lasentinelle.dz\/wp-content\/uploads\/2023\/05\/bee.png","datePublished":"2023-05-20T21:05:00+00:00","breadcrumb":{"@id":"https:\/\/lasentinelle.dz\/index.php\/2023\/05\/20\/assemblee-generale-de-lunion-africaine-de-radiodiffusion-bouslimani-reaffirme-les-positions-immuables-de-lalgerie\/#breadcrumb"},"inLanguage":"fr-FR","potentialAction":[{"@type":"ReadAction","target":["https:\/\/lasentinelle.dz\/index.php\/2023\/05\/20\/assemblee-generale-de-lunion-africaine-de-radiodiffusion-bouslimani-reaffirme-les-positions-immuables-de-lalgerie\/"]}]},{"@type":"ImageObject","inLanguage":"fr-FR","@id":"https:\/\/lasentinelle.dz\/index.php\/2023\/05\/20\/assemblee-generale-de-lunion-africaine-de-radiodiffusion-bouslimani-reaffirme-les-positions-immuables-de-lalgerie\/#primaryimage","url":"https:\/\/lasentinelle.dz\/wp-content\/uploads\/2023\/05\/bee.png","contentUrl":"https:\/\/lasentinelle.dz\/wp-content\/uploads\/2023\/05\/bee.png","width":1348,"height":900},{"@type":"BreadcrumbList","@id":"https:\/\/lasentinelle.dz\/index.php\/2023\/05\/20\/assemblee-generale-de-lunion-africaine-de-radiodiffusion-bouslimani-reaffirme-les-positions-immuables-de-lalgerie\/#breadcrumb","itemListElement":[{"@type":"ListItem","position":1,"name":"Accueil","item":"https:\/\/lasentinelle.dz\/"},{"@type":"ListItem","position":2,"name":"Assembl\u00e9e g\u00e9n\u00e9rale de l&rsquo;Union africaine de radiodiffusion\u00a0: Bouslimani r\u00e9affirme les positions immuables de l\u2019Alg\u00e9rie"}]},{"@type":"WebSite","@id":"https:\/\/lasentinelle.dz\/#website","url":"https:\/\/lasentinelle.dz\/","name":"La Sentinelle","description":"Quotidien national d&#039;information","publisher":{"@id":"https:\/\/lasentinelle.dz\/#organization"},"potentialAction":[{"@type":"SearchAction","target":{"@type":"EntryPoint","urlTemplate":"https:\/\/lasentinelle.dz\/?s={search_term_string}"},"query-input":{"@type":"PropertyValueSpecification","valueRequired":true,"valueName":"search_term_string"}}],"inLanguage":"fr-FR"},{"@type":"Organization","@id":"https:\/\/lasentinelle.dz\/#organization","name":"Quotidien La Sentinelle","url":"https:\/\/lasentinelle.dz\/","logo":{"@type":"ImageObject","inLanguage":"fr-FR","@id":"https:\/\/lasentinelle.dz\/#\/schema\/logo\/image\/","url":"https:\/\/lasentinelle.dz\/wp-content\/uploads\/2021\/09\/logo-sentinelleSLOGAN-1.png","contentUrl":"https:\/\/lasentinelle.dz\/wp-content\/uploads\/2021\/09\/logo-sentinelleSLOGAN-1.png","width":615,"height":142,"caption":"Quotidien La Sentinelle"},"image":{"@id":"https:\/\/lasentinelle.dz\/#\/schema\/logo\/image\/"},"sameAs":["https:\/\/www.facebook.com\/La-Sentinelle-104059864394773"]},{"@type":"Person","@id":"https:\/\/lasentinelle.dz\/#\/schema\/person\/d865044e22e70a75174ce8bcad3acfb3","name":"La Sentinelle","image":{"@type":"ImageObject","inLanguage":"fr-FR","@id":"https:\/\/secure.gravatar.com\/avatar\/57de8e5d4b15d43fb361a71fbb36338450fe67865b528a43dd10ef7c51a20392?s=96&d=mm&r=g","url":"https:\/\/secure.gravatar.com\/avatar\/57de8e5d4b15d43fb361a71fbb36338450fe67865b528a43dd10ef7c51a20392?s=96&d=mm&r=g","contentUrl":"https:\/\/secure.gravatar.com\/avatar\/57de8e5d4b15d43fb361a71fbb36338450fe67865b528a43dd10ef7c51a20392?s=96&d=mm&r=g","caption":"La Sentinelle"},"sameAs":["http:\/\/www.lasentinelle.dz"],"url":"https:\/\/lasentinelle.dz\/author\/redaction\/"}]}},"_links":{"self":[{"href":"https:\/\/lasentinelle.dz\/index.php\/wp-json\/wp\/v2\/posts\/41363","targetHints":{"allow":["GET"]}}],"collection":[{"href":"https:\/\/lasentinelle.dz\/index.php\/wp-json\/wp\/v2\/posts"}],"about":[{"href":"https:\/\/lasentinelle.dz\/index.php\/wp-json\/wp\/v2\/types\/post"}],"author":[{"embeddable":true,"href":"https:\/\/lasentinelle.dz\/index.php\/wp-json\/wp\/v2\/users\/3"}],"replies":[{"embeddable":true,"href":"https:\/\/lasentinelle.dz\/index.php\/wp-json\/wp\/v2\/comments?post=41363"}],"version-history":[{"count":1,"href":"https:\/\/lasentinelle.dz\/index.php\/wp-json\/wp\/v2\/posts\/41363\/revisions"}],"predecessor-version":[{"id":41368,"href":"https:\/\/lasentinelle.dz\/index.php\/wp-json\/wp\/v2\/posts\/41363\/revisions\/41368"}],"wp:featuredmedia":[{"embeddable":true,"href":"https:\/\/lasentinelle.dz\/index.php\/wp-json\/wp\/v2\/media\/41367"}],"wp:attachment":[{"href":"https:\/\/lasentinelle.dz\/index.php\/wp-json\/wp\/v2\/media?parent=41363"}],"wp:term":[{"taxonomy":"category","embeddable":true,"href":"https:\/\/lasentinelle.dz\/index.php\/wp-json\/wp\/v2\/categories?post=41363"},{"taxonomy":"post_tag","embeddable":true,"href":"https:\/\/lasentinelle.dz\/index.php\/wp-json\/wp\/v2\/tags?post=41363"}],"curies":[{"name":"wp","href":"https:\/\/api.w.org\/{rel}","templated":true}]}}