{"id":41385,"date":"2023-05-21T22:05:00","date_gmt":"2023-05-21T21:05:00","guid":{"rendered":"https:\/\/lasentinelle.dz\/?p=41385"},"modified":"2023-05-21T18:56:45","modified_gmt":"2023-05-21T17:56:45","slug":"algerie-senegal-les-opportunites-de-cooperation-dans-lenergie-examinees","status":"publish","type":"post","link":"https:\/\/lasentinelle.dz\/index.php\/2023\/05\/21\/algerie-senegal-les-opportunites-de-cooperation-dans-lenergie-examinees\/","title":{"rendered":"Alg\u00e9rie-S\u00e9n\u00e9gal\u00a0: Les opportunit\u00e9s de coop\u00e9ration dans l\u2019\u00e9nergie examin\u00e9es"},"content":{"rendered":"\n<p>Le ministre de l&rsquo;Energie et des Mines, Mohamed Arkab, a re\u00e7u hier \u00e0 Alger, le ministre s\u00e9n\u00e9galais de l&rsquo;Agriculture, de l&rsquo;Equipement rural et de la Souverainet\u00e9 alimentaire, Aly Ngouille Ndiaye, avec lequel il a examin\u00e9 les moyens de renforcer et de d\u00e9velopper la coop\u00e9ration \u00e9conomique bilat\u00e9rale dans les domaines de l&rsquo;\u00e9nergie et des mines, indique un communiqu\u00e9 du minist\u00e8re. Lors de la rencontre qui s&rsquo;est d\u00e9roul\u00e9e au si\u00e8ge du minist\u00e8re, les deux ministres ont pass\u00e9 en revue les opportunit\u00e9s de coop\u00e9ration et d&rsquo;investissement entre les entreprises des deux pays en mati\u00e8re de production et de distribution d&rsquo;\u00e9lectricit\u00e9, notamment la production de l&rsquo;\u00e9lectricit\u00e9 renouvelable en vue d&rsquo;alimenter les exploitations et les p\u00e9rim\u00e8tres agricoles, et de profiter de l&rsquo;exp\u00e9rience alg\u00e9rienne dans ce domaine. Les deux parties ont par ailleurs \u00e9voqu\u00e9 les opportunit\u00e9s de coop\u00e9ration et d&rsquo;investissement dans le domaine de l&rsquo;industrie des engrais agricoles et leur commercialisation, ajoute le communiqu\u00e9. Le ministre de l&rsquo;Energie et des Mines a mis en exergue l&rsquo;importance des \u00e9changes avec le S\u00e9n\u00e9gal, affirmant la n\u00e9cessit\u00e9 de concourir \u00e0 leur renforcement et d\u00e9veloppement via les groupes Sonelgaz et Sonatrach, notamment dans les domaines d&rsquo;int\u00e9r\u00eat commun, en axant sur l&rsquo;\u00e9change d&rsquo;expertises et la formation. Les deux ministres ont \u00e9galement exprim\u00e9 \u00ab\u00a0la volont\u00e9 commune des deux pays de renforcer la coop\u00e9ration dans plusieurs domaines\u00a0\u00bb, note le document. La rencontre intervient dans le cadre de la visite du ministre s\u00e9n\u00e9galais en Alg\u00e9rie pour participer au 21e Salon international de l&rsquo;agriculture, de l&rsquo;\u00e9levage et de l&rsquo;agro-industrie (SIPSA), pr\u00e9vu du 22 au 25 mai au Palais des expositions des Pins maritimes (Alger).<\/p>\n\n\n\n<p>APS<\/p>\n","protected":false},"excerpt":{"rendered":"<p>Le ministre de l&rsquo;Energie et des Mines, Mohamed Arkab, a re\u00e7u hier \u00e0 Alger, le ministre s\u00e9n\u00e9galais de l&rsquo;Agriculture, de<\/p>\n","protected":false},"author":3,"featured_media":41422,"comment_status":"open","ping_status":"closed","sticky":false,"template":"","format":"standard","meta":{"colormag_page_container_layout":"default_layout","colormag_page_sidebar_layout":"default_layout","om_disable_all_campaigns":false,"_monsterinsights_skip_tracking":false,"_monsterinsights_sitenote_active":false,"_monsterinsights_sitenote_note":"","_monsterinsights_sitenote_category":0,"footnotes":"","_wpscppro_dont_share_socialmedia":false,"_wpscppro_custom_social_share_image":0,"_facebook_share_type":"","_twitter_share_type":"","_linkedin_share_type":"","_pinterest_share_type":"","_linkedin_share_type_page":"","_instagram_share_type":"","_medium_share_type":"","_threads_share_type":"","_google_business_share_type":"","_selected_social_profile":[],"_wpsp_enable_custom_social_template":false,"_wpsp_social_scheduling":{"enabled":false,"datetime":null,"platforms":[],"status":"template_only","dateOption":"today","timeOption":"now","customDays":"","customHours":"","customDate":"","customTime":"","schedulingType":"absolute"},"_wpsp_active_default_template":true},"categories":[29],"tags":[],"class_list":["post-41385","post","type-post","status-publish","format-standard","has-post-thumbnail","hentry","category-economie"],"aioseo_notices":[],"yoast_head":"<!-- This site is optimized with the Yoast SEO plugin v27.5 - https:\/\/yoast.com\/product\/yoast-seo-wordpress\/ -->\n<title>Alg\u00e9rie-S\u00e9n\u00e9gal\u00a0: Les opportunit\u00e9s de coop\u00e9ration dans l\u2019\u00e9nergie examin\u00e9es - La Sentinelle<\/title>\n<meta name=\"robots\" content=\"index, follow, max-snippet:-1, max-image-preview:large, max-video-preview:-1\" \/>\n<link rel=\"canonical\" href=\"https:\/\/lasentinelle.dz\/index.php\/2023\/05\/21\/algerie-senegal-les-opportunites-de-cooperation-dans-lenergie-examinees\/\" \/>\n<meta property=\"og:locale\" content=\"fr_FR\" \/>\n<meta property=\"og:type\" content=\"article\" \/>\n<meta property=\"og:title\" content=\"Alg\u00e9rie-S\u00e9n\u00e9gal\u00a0: Les opportunit\u00e9s de coop\u00e9ration dans l\u2019\u00e9nergie examin\u00e9es - La Sentinelle\" \/>\n<meta property=\"og:description\" content=\"Le ministre de l&rsquo;Energie et des Mines, Mohamed Arkab, a re\u00e7u hier \u00e0 Alger, le ministre s\u00e9n\u00e9galais de l&rsquo;Agriculture, de\" \/>\n<meta property=\"og:url\" content=\"https:\/\/lasentinelle.dz\/index.php\/2023\/05\/21\/algerie-senegal-les-opportunites-de-cooperation-dans-lenergie-examinees\/\" \/>\n<meta property=\"og:site_name\" content=\"La Sentinelle\" \/>\n<meta property=\"article:publisher\" content=\"https:\/\/www.facebook.com\/La-Sentinelle-104059864394773\" \/>\n<meta property=\"article:published_time\" content=\"2023-05-21T21:05:00+00:00\" \/>\n<meta property=\"og:image\" content=\"https:\/\/lasentinelle.dz\/wp-content\/uploads\/2023\/05\/image_2023-05-21_185625275.png\" \/>\n\t<meta property=\"og:image:width\" content=\"960\" \/>\n\t<meta property=\"og:image:height\" content=\"640\" \/>\n\t<meta property=\"og:image:type\" content=\"image\/png\" \/>\n<meta name=\"author\" content=\"La Sentinelle\" \/>\n<meta name=\"twitter:card\" content=\"summary_large_image\" \/>\n<meta name=\"twitter:label1\" content=\"\u00c9crit par\" \/>\n\t<meta name=\"twitter:data1\" content=\"La Sentinelle\" \/>\n\t<meta name=\"twitter:label2\" content=\"Dur\u00e9e de lecture estim\u00e9e\" \/>\n\t<meta name=\"twitter:data2\" content=\"2 minutes\" \/>\n<script type=\"application\/ld+json\" class=\"yoast-schema-graph\">{\"@context\":\"https:\\\/\\\/schema.org\",\"@graph\":[{\"@type\":\"Article\",\"@id\":\"https:\\\/\\\/lasentinelle.dz\\\/index.php\\\/2023\\\/05\\\/21\\\/algerie-senegal-les-opportunites-de-cooperation-dans-lenergie-examinees\\\/#article\",\"isPartOf\":{\"@id\":\"https:\\\/\\\/lasentinelle.dz\\\/index.php\\\/2023\\\/05\\\/21\\\/algerie-senegal-les-opportunites-de-cooperation-dans-lenergie-examinees\\\/\"},\"author\":{\"name\":\"La Sentinelle\",\"@id\":\"https:\\\/\\\/lasentinelle.dz\\\/#\\\/schema\\\/person\\\/d865044e22e70a75174ce8bcad3acfb3\"},\"headline\":\"Alg\u00e9rie-S\u00e9n\u00e9gal\u00a0: Les opportunit\u00e9s de coop\u00e9ration dans l\u2019\u00e9nergie examin\u00e9es\",\"datePublished\":\"2023-05-21T21:05:00+00:00\",\"mainEntityOfPage\":{\"@id\":\"https:\\\/\\\/lasentinelle.dz\\\/index.php\\\/2023\\\/05\\\/21\\\/algerie-senegal-les-opportunites-de-cooperation-dans-lenergie-examinees\\\/\"},\"wordCount\":322,\"commentCount\":0,\"publisher\":{\"@id\":\"https:\\\/\\\/lasentinelle.dz\\\/#organization\"},\"image\":{\"@id\":\"https:\\\/\\\/lasentinelle.dz\\\/index.php\\\/2023\\\/05\\\/21\\\/algerie-senegal-les-opportunites-de-cooperation-dans-lenergie-examinees\\\/#primaryimage\"},\"thumbnailUrl\":\"https:\\\/\\\/lasentinelle.dz\\\/wp-content\\\/uploads\\\/2023\\\/05\\\/image_2023-05-21_185625275.png\",\"articleSection\":[\"\u00c9conomie\"],\"inLanguage\":\"fr-FR\",\"potentialAction\":[{\"@type\":\"CommentAction\",\"name\":\"Comment\",\"target\":[\"https:\\\/\\\/lasentinelle.dz\\\/index.php\\\/2023\\\/05\\\/21\\\/algerie-senegal-les-opportunites-de-cooperation-dans-lenergie-examinees\\\/#respond\"]}]},{\"@type\":\"WebPage\",\"@id\":\"https:\\\/\\\/lasentinelle.dz\\\/index.php\\\/2023\\\/05\\\/21\\\/algerie-senegal-les-opportunites-de-cooperation-dans-lenergie-examinees\\\/\",\"url\":\"https:\\\/\\\/lasentinelle.dz\\\/index.php\\\/2023\\\/05\\\/21\\\/algerie-senegal-les-opportunites-de-cooperation-dans-lenergie-examinees\\\/\",\"name\":\"Alg\u00e9rie-S\u00e9n\u00e9gal\u00a0: Les opportunit\u00e9s de coop\u00e9ration dans l\u2019\u00e9nergie examin\u00e9es - La Sentinelle\",\"isPartOf\":{\"@id\":\"https:\\\/\\\/lasentinelle.dz\\\/#website\"},\"primaryImageOfPage\":{\"@id\":\"https:\\\/\\\/lasentinelle.dz\\\/index.php\\\/2023\\\/05\\\/21\\\/algerie-senegal-les-opportunites-de-cooperation-dans-lenergie-examinees\\\/#primaryimage\"},\"image\":{\"@id\":\"https:\\\/\\\/lasentinelle.dz\\\/index.php\\\/2023\\\/05\\\/21\\\/algerie-senegal-les-opportunites-de-cooperation-dans-lenergie-examinees\\\/#primaryimage\"},\"thumbnailUrl\":\"https:\\\/\\\/lasentinelle.dz\\\/wp-content\\\/uploads\\\/2023\\\/05\\\/image_2023-05-21_185625275.png\",\"datePublished\":\"2023-05-21T21:05:00+00:00\",\"breadcrumb\":{\"@id\":\"https:\\\/\\\/lasentinelle.dz\\\/index.php\\\/2023\\\/05\\\/21\\\/algerie-senegal-les-opportunites-de-cooperation-dans-lenergie-examinees\\\/#breadcrumb\"},\"inLanguage\":\"fr-FR\",\"potentialAction\":[{\"@type\":\"ReadAction\",\"target\":[\"https:\\\/\\\/lasentinelle.dz\\\/index.php\\\/2023\\\/05\\\/21\\\/algerie-senegal-les-opportunites-de-cooperation-dans-lenergie-examinees\\\/\"]}]},{\"@type\":\"ImageObject\",\"inLanguage\":\"fr-FR\",\"@id\":\"https:\\\/\\\/lasentinelle.dz\\\/index.php\\\/2023\\\/05\\\/21\\\/algerie-senegal-les-opportunites-de-cooperation-dans-lenergie-examinees\\\/#primaryimage\",\"url\":\"https:\\\/\\\/lasentinelle.dz\\\/wp-content\\\/uploads\\\/2023\\\/05\\\/image_2023-05-21_185625275.png\",\"contentUrl\":\"https:\\\/\\\/lasentinelle.dz\\\/wp-content\\\/uploads\\\/2023\\\/05\\\/image_2023-05-21_185625275.png\",\"width\":960,\"height\":640},{\"@type\":\"BreadcrumbList\",\"@id\":\"https:\\\/\\\/lasentinelle.dz\\\/index.php\\\/2023\\\/05\\\/21\\\/algerie-senegal-les-opportunites-de-cooperation-dans-lenergie-examinees\\\/#breadcrumb\",\"itemListElement\":[{\"@type\":\"ListItem\",\"position\":1,\"name\":\"Accueil\",\"item\":\"https:\\\/\\\/lasentinelle.dz\\\/\"},{\"@type\":\"ListItem\",\"position\":2,\"name\":\"Alg\u00e9rie-S\u00e9n\u00e9gal\u00a0: Les opportunit\u00e9s de coop\u00e9ration dans l\u2019\u00e9nergie examin\u00e9es\"}]},{\"@type\":\"WebSite\",\"@id\":\"https:\\\/\\\/lasentinelle.dz\\\/#website\",\"url\":\"https:\\\/\\\/lasentinelle.dz\\\/\",\"name\":\"La Sentinelle\",\"description\":\"Quotidien national d&#039;information\",\"publisher\":{\"@id\":\"https:\\\/\\\/lasentinelle.dz\\\/#organization\"},\"potentialAction\":[{\"@type\":\"SearchAction\",\"target\":{\"@type\":\"EntryPoint\",\"urlTemplate\":\"https:\\\/\\\/lasentinelle.dz\\\/?s={search_term_string}\"},\"query-input\":{\"@type\":\"PropertyValueSpecification\",\"valueRequired\":true,\"valueName\":\"search_term_string\"}}],\"inLanguage\":\"fr-FR\"},{\"@type\":\"Organization\",\"@id\":\"https:\\\/\\\/lasentinelle.dz\\\/#organization\",\"name\":\"Quotidien La Sentinelle\",\"url\":\"https:\\\/\\\/lasentinelle.dz\\\/\",\"logo\":{\"@type\":\"ImageObject\",\"inLanguage\":\"fr-FR\",\"@id\":\"https:\\\/\\\/lasentinelle.dz\\\/#\\\/schema\\\/logo\\\/image\\\/\",\"url\":\"https:\\\/\\\/lasentinelle.dz\\\/wp-content\\\/uploads\\\/2021\\\/09\\\/logo-sentinelleSLOGAN-1.png\",\"contentUrl\":\"https:\\\/\\\/lasentinelle.dz\\\/wp-content\\\/uploads\\\/2021\\\/09\\\/logo-sentinelleSLOGAN-1.png\",\"width\":615,\"height\":142,\"caption\":\"Quotidien La Sentinelle\"},\"image\":{\"@id\":\"https:\\\/\\\/lasentinelle.dz\\\/#\\\/schema\\\/logo\\\/image\\\/\"},\"sameAs\":[\"https:\\\/\\\/www.facebook.com\\\/La-Sentinelle-104059864394773\"]},{\"@type\":\"Person\",\"@id\":\"https:\\\/\\\/lasentinelle.dz\\\/#\\\/schema\\\/person\\\/d865044e22e70a75174ce8bcad3acfb3\",\"name\":\"La Sentinelle\",\"image\":{\"@type\":\"ImageObject\",\"inLanguage\":\"fr-FR\",\"@id\":\"https:\\\/\\\/secure.gravatar.com\\\/avatar\\\/57de8e5d4b15d43fb361a71fbb36338450fe67865b528a43dd10ef7c51a20392?s=96&d=mm&r=g\",\"url\":\"https:\\\/\\\/secure.gravatar.com\\\/avatar\\\/57de8e5d4b15d43fb361a71fbb36338450fe67865b528a43dd10ef7c51a20392?s=96&d=mm&r=g\",\"contentUrl\":\"https:\\\/\\\/secure.gravatar.com\\\/avatar\\\/57de8e5d4b15d43fb361a71fbb36338450fe67865b528a43dd10ef7c51a20392?s=96&d=mm&r=g\",\"caption\":\"La Sentinelle\"},\"sameAs\":[\"http:\\\/\\\/www.lasentinelle.dz\"],\"url\":\"https:\\\/\\\/lasentinelle.dz\\\/author\\\/redaction\\\/\"}]}<\/script>\n<!-- \/ Yoast SEO plugin. -->","yoast_head_json":{"title":"Alg\u00e9rie-S\u00e9n\u00e9gal\u00a0: Les opportunit\u00e9s de coop\u00e9ration dans l\u2019\u00e9nergie examin\u00e9es - La Sentinelle","robots":{"index":"index","follow":"follow","max-snippet":"max-snippet:-1","max-image-preview":"max-image-preview:large","max-video-preview":"max-video-preview:-1"},"canonical":"https:\/\/lasentinelle.dz\/index.php\/2023\/05\/21\/algerie-senegal-les-opportunites-de-cooperation-dans-lenergie-examinees\/","og_locale":"fr_FR","og_type":"article","og_title":"Alg\u00e9rie-S\u00e9n\u00e9gal\u00a0: Les opportunit\u00e9s de coop\u00e9ration dans l\u2019\u00e9nergie examin\u00e9es - La Sentinelle","og_description":"Le ministre de l&rsquo;Energie et des Mines, Mohamed Arkab, a re\u00e7u hier \u00e0 Alger, le ministre s\u00e9n\u00e9galais de l&rsquo;Agriculture, de","og_url":"https:\/\/lasentinelle.dz\/index.php\/2023\/05\/21\/algerie-senegal-les-opportunites-de-cooperation-dans-lenergie-examinees\/","og_site_name":"La Sentinelle","article_publisher":"https:\/\/www.facebook.com\/La-Sentinelle-104059864394773","article_published_time":"2023-05-21T21:05:00+00:00","og_image":[{"width":960,"height":640,"url":"https:\/\/lasentinelle.dz\/wp-content\/uploads\/2023\/05\/image_2023-05-21_185625275.png","type":"image\/png"}],"author":"La Sentinelle","twitter_card":"summary_large_image","twitter_misc":{"\u00c9crit par":"La Sentinelle","Dur\u00e9e de lecture estim\u00e9e":"2 minutes"},"schema":{"@context":"https:\/\/schema.org","@graph":[{"@type":"Article","@id":"https:\/\/lasentinelle.dz\/index.php\/2023\/05\/21\/algerie-senegal-les-opportunites-de-cooperation-dans-lenergie-examinees\/#article","isPartOf":{"@id":"https:\/\/lasentinelle.dz\/index.php\/2023\/05\/21\/algerie-senegal-les-opportunites-de-cooperation-dans-lenergie-examinees\/"},"author":{"name":"La Sentinelle","@id":"https:\/\/lasentinelle.dz\/#\/schema\/person\/d865044e22e70a75174ce8bcad3acfb3"},"headline":"Alg\u00e9rie-S\u00e9n\u00e9gal\u00a0: Les opportunit\u00e9s de coop\u00e9ration dans l\u2019\u00e9nergie examin\u00e9es","datePublished":"2023-05-21T21:05:00+00:00","mainEntityOfPage":{"@id":"https:\/\/lasentinelle.dz\/index.php\/2023\/05\/21\/algerie-senegal-les-opportunites-de-cooperation-dans-lenergie-examinees\/"},"wordCount":322,"commentCount":0,"publisher":{"@id":"https:\/\/lasentinelle.dz\/#organization"},"image":{"@id":"https:\/\/lasentinelle.dz\/index.php\/2023\/05\/21\/algerie-senegal-les-opportunites-de-cooperation-dans-lenergie-examinees\/#primaryimage"},"thumbnailUrl":"https:\/\/lasentinelle.dz\/wp-content\/uploads\/2023\/05\/image_2023-05-21_185625275.png","articleSection":["\u00c9conomie"],"inLanguage":"fr-FR","potentialAction":[{"@type":"CommentAction","name":"Comment","target":["https:\/\/lasentinelle.dz\/index.php\/2023\/05\/21\/algerie-senegal-les-opportunites-de-cooperation-dans-lenergie-examinees\/#respond"]}]},{"@type":"WebPage","@id":"https:\/\/lasentinelle.dz\/index.php\/2023\/05\/21\/algerie-senegal-les-opportunites-de-cooperation-dans-lenergie-examinees\/","url":"https:\/\/lasentinelle.dz\/index.php\/2023\/05\/21\/algerie-senegal-les-opportunites-de-cooperation-dans-lenergie-examinees\/","name":"Alg\u00e9rie-S\u00e9n\u00e9gal\u00a0: Les opportunit\u00e9s de coop\u00e9ration dans l\u2019\u00e9nergie examin\u00e9es - La Sentinelle","isPartOf":{"@id":"https:\/\/lasentinelle.dz\/#website"},"primaryImageOfPage":{"@id":"https:\/\/lasentinelle.dz\/index.php\/2023\/05\/21\/algerie-senegal-les-opportunites-de-cooperation-dans-lenergie-examinees\/#primaryimage"},"image":{"@id":"https:\/\/lasentinelle.dz\/index.php\/2023\/05\/21\/algerie-senegal-les-opportunites-de-cooperation-dans-lenergie-examinees\/#primaryimage"},"thumbnailUrl":"https:\/\/lasentinelle.dz\/wp-content\/uploads\/2023\/05\/image_2023-05-21_185625275.png","datePublished":"2023-05-21T21:05:00+00:00","breadcrumb":{"@id":"https:\/\/lasentinelle.dz\/index.php\/2023\/05\/21\/algerie-senegal-les-opportunites-de-cooperation-dans-lenergie-examinees\/#breadcrumb"},"inLanguage":"fr-FR","potentialAction":[{"@type":"ReadAction","target":["https:\/\/lasentinelle.dz\/index.php\/2023\/05\/21\/algerie-senegal-les-opportunites-de-cooperation-dans-lenergie-examinees\/"]}]},{"@type":"ImageObject","inLanguage":"fr-FR","@id":"https:\/\/lasentinelle.dz\/index.php\/2023\/05\/21\/algerie-senegal-les-opportunites-de-cooperation-dans-lenergie-examinees\/#primaryimage","url":"https:\/\/lasentinelle.dz\/wp-content\/uploads\/2023\/05\/image_2023-05-21_185625275.png","contentUrl":"https:\/\/lasentinelle.dz\/wp-content\/uploads\/2023\/05\/image_2023-05-21_185625275.png","width":960,"height":640},{"@type":"BreadcrumbList","@id":"https:\/\/lasentinelle.dz\/index.php\/2023\/05\/21\/algerie-senegal-les-opportunites-de-cooperation-dans-lenergie-examinees\/#breadcrumb","itemListElement":[{"@type":"ListItem","position":1,"name":"Accueil","item":"https:\/\/lasentinelle.dz\/"},{"@type":"ListItem","position":2,"name":"Alg\u00e9rie-S\u00e9n\u00e9gal\u00a0: Les opportunit\u00e9s de coop\u00e9ration dans l\u2019\u00e9nergie examin\u00e9es"}]},{"@type":"WebSite","@id":"https:\/\/lasentinelle.dz\/#website","url":"https:\/\/lasentinelle.dz\/","name":"La Sentinelle","description":"Quotidien national d&#039;information","publisher":{"@id":"https:\/\/lasentinelle.dz\/#organization"},"potentialAction":[{"@type":"SearchAction","target":{"@type":"EntryPoint","urlTemplate":"https:\/\/lasentinelle.dz\/?s={search_term_string}"},"query-input":{"@type":"PropertyValueSpecification","valueRequired":true,"valueName":"search_term_string"}}],"inLanguage":"fr-FR"},{"@type":"Organization","@id":"https:\/\/lasentinelle.dz\/#organization","name":"Quotidien La Sentinelle","url":"https:\/\/lasentinelle.dz\/","logo":{"@type":"ImageObject","inLanguage":"fr-FR","@id":"https:\/\/lasentinelle.dz\/#\/schema\/logo\/image\/","url":"https:\/\/lasentinelle.dz\/wp-content\/uploads\/2021\/09\/logo-sentinelleSLOGAN-1.png","contentUrl":"https:\/\/lasentinelle.dz\/wp-content\/uploads\/2021\/09\/logo-sentinelleSLOGAN-1.png","width":615,"height":142,"caption":"Quotidien La Sentinelle"},"image":{"@id":"https:\/\/lasentinelle.dz\/#\/schema\/logo\/image\/"},"sameAs":["https:\/\/www.facebook.com\/La-Sentinelle-104059864394773"]},{"@type":"Person","@id":"https:\/\/lasentinelle.dz\/#\/schema\/person\/d865044e22e70a75174ce8bcad3acfb3","name":"La Sentinelle","image":{"@type":"ImageObject","inLanguage":"fr-FR","@id":"https:\/\/secure.gravatar.com\/avatar\/57de8e5d4b15d43fb361a71fbb36338450fe67865b528a43dd10ef7c51a20392?s=96&d=mm&r=g","url":"https:\/\/secure.gravatar.com\/avatar\/57de8e5d4b15d43fb361a71fbb36338450fe67865b528a43dd10ef7c51a20392?s=96&d=mm&r=g","contentUrl":"https:\/\/secure.gravatar.com\/avatar\/57de8e5d4b15d43fb361a71fbb36338450fe67865b528a43dd10ef7c51a20392?s=96&d=mm&r=g","caption":"La Sentinelle"},"sameAs":["http:\/\/www.lasentinelle.dz"],"url":"https:\/\/lasentinelle.dz\/author\/redaction\/"}]}},"_links":{"self":[{"href":"https:\/\/lasentinelle.dz\/index.php\/wp-json\/wp\/v2\/posts\/41385","targetHints":{"allow":["GET"]}}],"collection":[{"href":"https:\/\/lasentinelle.dz\/index.php\/wp-json\/wp\/v2\/posts"}],"about":[{"href":"https:\/\/lasentinelle.dz\/index.php\/wp-json\/wp\/v2\/types\/post"}],"author":[{"embeddable":true,"href":"https:\/\/lasentinelle.dz\/index.php\/wp-json\/wp\/v2\/users\/3"}],"replies":[{"embeddable":true,"href":"https:\/\/lasentinelle.dz\/index.php\/wp-json\/wp\/v2\/comments?post=41385"}],"version-history":[{"count":1,"href":"https:\/\/lasentinelle.dz\/index.php\/wp-json\/wp\/v2\/posts\/41385\/revisions"}],"predecessor-version":[{"id":41423,"href":"https:\/\/lasentinelle.dz\/index.php\/wp-json\/wp\/v2\/posts\/41385\/revisions\/41423"}],"wp:featuredmedia":[{"embeddable":true,"href":"https:\/\/lasentinelle.dz\/index.php\/wp-json\/wp\/v2\/media\/41422"}],"wp:attachment":[{"href":"https:\/\/lasentinelle.dz\/index.php\/wp-json\/wp\/v2\/media?parent=41385"}],"wp:term":[{"taxonomy":"category","embeddable":true,"href":"https:\/\/lasentinelle.dz\/index.php\/wp-json\/wp\/v2\/categories?post=41385"},{"taxonomy":"post_tag","embeddable":true,"href":"https:\/\/lasentinelle.dz\/index.php\/wp-json\/wp\/v2\/tags?post=41385"}],"curies":[{"name":"wp","href":"https:\/\/api.w.org\/{rel}","templated":true}]}}