{"id":41388,"date":"2023-05-21T22:05:00","date_gmt":"2023-05-21T21:05:00","guid":{"rendered":"https:\/\/lasentinelle.dz\/?p=41388"},"modified":"2023-05-21T15:33:19","modified_gmt":"2023-05-21T14:33:19","slug":"transfert-des-eaux-albiennes-du-champ-de-captage-de-guetrani-securiser-laep-a-bechar","status":"publish","type":"post","link":"https:\/\/lasentinelle.dz\/index.php\/2023\/05\/21\/transfert-des-eaux-albiennes-du-champ-de-captage-de-guetrani-securiser-laep-a-bechar\/","title":{"rendered":"Transfert des eaux albiennes du champ de captage de Guetrani\u00a0: S\u00e9curiser l\u2019AEP \u00e0 B\u00e9char"},"content":{"rendered":"\n<p>Le projet de captage des eaux albiennes du champs de captage de Guetrani dans la wilaya de B\u00e9char a mobilis\u00e9 un investissement de 32 milliards de DA pour la r\u00e9alisation de 26 forages, d\u2019un r\u00e9seau de collecte des eaux sur un lin\u00e9aire de 57 km, une canalisation de conduite vers B\u00e9char de 213 km, trois grandes stations de pompage et un ch\u00e2teau d\u2019eau d\u2019une capacit\u00e9 de 20.000 m\u00e8tres cubes m3.<\/p>\n\n\n\n<p>Le ministre de l\u2019Hydraulique, Taha Derbal, a affirm\u00e9 samedi a B\u00e9char que \u00ab\u00a0le projet d\u2019envergure de transfert des eaux albiennes du champ de captage de Guetrani (200 km au nord du chef lieu de wilaya), vers Bechar a pour unique objectif la s\u00e9curisation de l\u2019alimentation en eau potable (AEP) des habitants de cette r\u00e9gion du sud-ouest du pays\u00a0\u00bb. \u00ab&nbsp;Ce projet qui vient en appoint \u00e0 celui de Boussir, et qui permettra \u00e0 l\u2019avenir la mise en place d\u2019une nouvelle offre en eau estim\u00e9e a 80.000 M3 par jour, gr\u00e2ce \u00e0 26 forages de 550 m\u00e8tres de profondeur, va contribuer \u00e0 r\u00e9pondre aux besoins d\u2019Aep des habitants, mais \u00e9galement \u00e0 ceux des secteurs de l\u2019agriculture, de l\u2019industrie et du tourisme&nbsp;\u00bb, a-t-il pr\u00e9cis\u00e9 dans une d\u00e9claration \u00e0 la presse en marge de sa visite du site de ce projet. \u00ab\u00a0Ce projet qui a n\u00e9cessit\u00e9 un investissement sectoriel de 32 milliards de DA et dont la premi\u00e8re phase des travaux de forages-t\u00e9moins a donn\u00e9 des r\u00e9sultats positifs, porte sur la r\u00e9alisation d\u2019un total de 26 forages confi\u00e9s \u00e0 une entreprise publique sp\u00e9cialis\u00e9e, d\u2019un r\u00e9seau de collecte des eaux sur un lin\u00e9aire de 57 km, une canalisation de conduite vers B\u00e9char de 213 km, trois grandes stations de pompage, un ch\u00e2teau d\u2019eau d\u2019une capacit\u00e9 de 20.000 m\u00e8tres cubes \u00ab\u00a0, selon Messaoud Maatar, directeur-g\u00e9neral de l\u2019agence nationale des barrages et des transferts (ANBT). \u00ab\u00a0En marge de ces travaux, il est aussi pr\u00e9vu au titre de ce m\u00eame projet hydraulique d\u2019envergure, la mise en place d\u2019un vaste r\u00e9seau de t\u00e9l\u00e9gestion pour toute l\u2019infrastructure de captage et transfert sur un parcours de 270 km des eaux du champ de captage des eaux albiennes de Guetrani\u00a0\u00bb, a-t-il expliqu\u00e9. \u00ab\u00a0Ce projet, vise \u00e9galement la diversification des modes de production d\u2019eau pour assurer la s\u00e9curit\u00e9 hydrique dans la r\u00e9gion, en termes de besoins d\u2019AEP, qui \u00e9tait dans le pass\u00e9 aliment\u00e9e \u00e0 partir du barrage de \u00ab\u00a0Djorf Ettorba\u00a0\u00bb, dont le niveau des eaux a \u00e9norm\u00e9ment baiss\u00e9 \u00e0 cause de la s\u00e9cheresse qui s\u00e9vit dans la r\u00e9gion\u00a0\u00bb, a-t-il ajout\u00e9. \u00ab\u00a0L\u2019approvisionnement de la population de la r\u00e9gion est assur\u00e9, actuellement, par un champ de captage d\u2019une nappe similaire en l\u2019occurrence celui de Boussir (190 km au nord de B\u00e9char) avec une quantit\u00e9 transf\u00e9r\u00e9e quotidiennement vers cette collectivit\u00e9 de 28.000 M3, gr\u00e2ce \u00e0 une dizaine de forages\u00a0\u00bb, a-t-il signal\u00e9.<\/p>\n\n\n\n<p>APS<\/p>\n","protected":false},"excerpt":{"rendered":"<p>Le projet de captage des eaux albiennes du champs de captage de Guetrani dans la wilaya de B\u00e9char a mobilis\u00e9<\/p>\n","protected":false},"author":3,"featured_media":41389,"comment_status":"open","ping_status":"closed","sticky":false,"template":"","format":"standard","meta":{"colormag_page_container_layout":"default_layout","colormag_page_sidebar_layout":"default_layout","om_disable_all_campaigns":false,"_monsterinsights_skip_tracking":false,"_monsterinsights_sitenote_active":false,"_monsterinsights_sitenote_note":"","_monsterinsights_sitenote_category":0,"footnotes":"","_wpscppro_dont_share_socialmedia":false,"_wpscppro_custom_social_share_image":0,"_facebook_share_type":"","_twitter_share_type":"","_linkedin_share_type":"","_pinterest_share_type":"","_linkedin_share_type_page":"","_instagram_share_type":"","_medium_share_type":"","_threads_share_type":"","_google_business_share_type":"","_selected_social_profile":[],"_wpsp_enable_custom_social_template":false,"_wpsp_social_scheduling":{"enabled":false,"datetime":null,"platforms":[],"status":"template_only","dateOption":"today","timeOption":"now","customDays":"","customHours":"","customDate":"","customTime":"","schedulingType":"absolute"},"_wpsp_active_default_template":true},"categories":[31],"tags":[],"class_list":["post-41388","post","type-post","status-publish","format-standard","has-post-thumbnail","hentry","category-regions"],"aioseo_notices":[],"yoast_head":"<!-- This site is optimized with the Yoast SEO plugin v27.5 - https:\/\/yoast.com\/product\/yoast-seo-wordpress\/ -->\n<title>Transfert des eaux albiennes du champ de captage de Guetrani\u00a0: S\u00e9curiser l\u2019AEP \u00e0 B\u00e9char - La Sentinelle<\/title>\n<meta name=\"robots\" content=\"index, follow, max-snippet:-1, max-image-preview:large, max-video-preview:-1\" \/>\n<link rel=\"canonical\" href=\"https:\/\/lasentinelle.dz\/index.php\/2023\/05\/21\/transfert-des-eaux-albiennes-du-champ-de-captage-de-guetrani-securiser-laep-a-bechar\/\" \/>\n<meta property=\"og:locale\" content=\"fr_FR\" \/>\n<meta property=\"og:type\" content=\"article\" \/>\n<meta property=\"og:title\" content=\"Transfert des eaux albiennes du champ de captage de Guetrani\u00a0: S\u00e9curiser l\u2019AEP \u00e0 B\u00e9char - La Sentinelle\" \/>\n<meta property=\"og:description\" content=\"Le projet de captage des eaux albiennes du champs de captage de Guetrani dans la wilaya de B\u00e9char a mobilis\u00e9\" \/>\n<meta property=\"og:url\" content=\"https:\/\/lasentinelle.dz\/index.php\/2023\/05\/21\/transfert-des-eaux-albiennes-du-champ-de-captage-de-guetrani-securiser-laep-a-bechar\/\" \/>\n<meta property=\"og:site_name\" content=\"La Sentinelle\" \/>\n<meta property=\"article:publisher\" content=\"https:\/\/www.facebook.com\/La-Sentinelle-104059864394773\" \/>\n<meta property=\"article:published_time\" content=\"2023-05-21T21:05:00+00:00\" \/>\n<meta property=\"og:image\" content=\"https:\/\/lasentinelle.dz\/wp-content\/uploads\/2023\/05\/captage.png\" \/>\n\t<meta property=\"og:image:width\" content=\"1200\" \/>\n\t<meta property=\"og:image:height\" content=\"900\" \/>\n\t<meta property=\"og:image:type\" content=\"image\/png\" \/>\n<meta name=\"author\" content=\"La Sentinelle\" \/>\n<meta name=\"twitter:card\" content=\"summary_large_image\" \/>\n<meta name=\"twitter:label1\" content=\"\u00c9crit par\" \/>\n\t<meta name=\"twitter:data1\" content=\"La Sentinelle\" \/>\n\t<meta name=\"twitter:label2\" content=\"Dur\u00e9e de lecture estim\u00e9e\" \/>\n\t<meta name=\"twitter:data2\" content=\"3 minutes\" \/>\n<script type=\"application\/ld+json\" class=\"yoast-schema-graph\">{\"@context\":\"https:\\\/\\\/schema.org\",\"@graph\":[{\"@type\":\"Article\",\"@id\":\"https:\\\/\\\/lasentinelle.dz\\\/index.php\\\/2023\\\/05\\\/21\\\/transfert-des-eaux-albiennes-du-champ-de-captage-de-guetrani-securiser-laep-a-bechar\\\/#article\",\"isPartOf\":{\"@id\":\"https:\\\/\\\/lasentinelle.dz\\\/index.php\\\/2023\\\/05\\\/21\\\/transfert-des-eaux-albiennes-du-champ-de-captage-de-guetrani-securiser-laep-a-bechar\\\/\"},\"author\":{\"name\":\"La Sentinelle\",\"@id\":\"https:\\\/\\\/lasentinelle.dz\\\/#\\\/schema\\\/person\\\/d865044e22e70a75174ce8bcad3acfb3\"},\"headline\":\"Transfert des eaux albiennes du champ de captage de Guetrani\u00a0: S\u00e9curiser l\u2019AEP \u00e0 B\u00e9char\",\"datePublished\":\"2023-05-21T21:05:00+00:00\",\"mainEntityOfPage\":{\"@id\":\"https:\\\/\\\/lasentinelle.dz\\\/index.php\\\/2023\\\/05\\\/21\\\/transfert-des-eaux-albiennes-du-champ-de-captage-de-guetrani-securiser-laep-a-bechar\\\/\"},\"wordCount\":517,\"commentCount\":0,\"publisher\":{\"@id\":\"https:\\\/\\\/lasentinelle.dz\\\/#organization\"},\"image\":{\"@id\":\"https:\\\/\\\/lasentinelle.dz\\\/index.php\\\/2023\\\/05\\\/21\\\/transfert-des-eaux-albiennes-du-champ-de-captage-de-guetrani-securiser-laep-a-bechar\\\/#primaryimage\"},\"thumbnailUrl\":\"https:\\\/\\\/lasentinelle.dz\\\/wp-content\\\/uploads\\\/2023\\\/05\\\/captage.png\",\"articleSection\":[\"R\u00e9gions\"],\"inLanguage\":\"fr-FR\",\"potentialAction\":[{\"@type\":\"CommentAction\",\"name\":\"Comment\",\"target\":[\"https:\\\/\\\/lasentinelle.dz\\\/index.php\\\/2023\\\/05\\\/21\\\/transfert-des-eaux-albiennes-du-champ-de-captage-de-guetrani-securiser-laep-a-bechar\\\/#respond\"]}]},{\"@type\":\"WebPage\",\"@id\":\"https:\\\/\\\/lasentinelle.dz\\\/index.php\\\/2023\\\/05\\\/21\\\/transfert-des-eaux-albiennes-du-champ-de-captage-de-guetrani-securiser-laep-a-bechar\\\/\",\"url\":\"https:\\\/\\\/lasentinelle.dz\\\/index.php\\\/2023\\\/05\\\/21\\\/transfert-des-eaux-albiennes-du-champ-de-captage-de-guetrani-securiser-laep-a-bechar\\\/\",\"name\":\"Transfert des eaux albiennes du champ de captage de Guetrani\u00a0: S\u00e9curiser l\u2019AEP \u00e0 B\u00e9char - La Sentinelle\",\"isPartOf\":{\"@id\":\"https:\\\/\\\/lasentinelle.dz\\\/#website\"},\"primaryImageOfPage\":{\"@id\":\"https:\\\/\\\/lasentinelle.dz\\\/index.php\\\/2023\\\/05\\\/21\\\/transfert-des-eaux-albiennes-du-champ-de-captage-de-guetrani-securiser-laep-a-bechar\\\/#primaryimage\"},\"image\":{\"@id\":\"https:\\\/\\\/lasentinelle.dz\\\/index.php\\\/2023\\\/05\\\/21\\\/transfert-des-eaux-albiennes-du-champ-de-captage-de-guetrani-securiser-laep-a-bechar\\\/#primaryimage\"},\"thumbnailUrl\":\"https:\\\/\\\/lasentinelle.dz\\\/wp-content\\\/uploads\\\/2023\\\/05\\\/captage.png\",\"datePublished\":\"2023-05-21T21:05:00+00:00\",\"breadcrumb\":{\"@id\":\"https:\\\/\\\/lasentinelle.dz\\\/index.php\\\/2023\\\/05\\\/21\\\/transfert-des-eaux-albiennes-du-champ-de-captage-de-guetrani-securiser-laep-a-bechar\\\/#breadcrumb\"},\"inLanguage\":\"fr-FR\",\"potentialAction\":[{\"@type\":\"ReadAction\",\"target\":[\"https:\\\/\\\/lasentinelle.dz\\\/index.php\\\/2023\\\/05\\\/21\\\/transfert-des-eaux-albiennes-du-champ-de-captage-de-guetrani-securiser-laep-a-bechar\\\/\"]}]},{\"@type\":\"ImageObject\",\"inLanguage\":\"fr-FR\",\"@id\":\"https:\\\/\\\/lasentinelle.dz\\\/index.php\\\/2023\\\/05\\\/21\\\/transfert-des-eaux-albiennes-du-champ-de-captage-de-guetrani-securiser-laep-a-bechar\\\/#primaryimage\",\"url\":\"https:\\\/\\\/lasentinelle.dz\\\/wp-content\\\/uploads\\\/2023\\\/05\\\/captage.png\",\"contentUrl\":\"https:\\\/\\\/lasentinelle.dz\\\/wp-content\\\/uploads\\\/2023\\\/05\\\/captage.png\",\"width\":1200,\"height\":900},{\"@type\":\"BreadcrumbList\",\"@id\":\"https:\\\/\\\/lasentinelle.dz\\\/index.php\\\/2023\\\/05\\\/21\\\/transfert-des-eaux-albiennes-du-champ-de-captage-de-guetrani-securiser-laep-a-bechar\\\/#breadcrumb\",\"itemListElement\":[{\"@type\":\"ListItem\",\"position\":1,\"name\":\"Accueil\",\"item\":\"https:\\\/\\\/lasentinelle.dz\\\/\"},{\"@type\":\"ListItem\",\"position\":2,\"name\":\"Transfert des eaux albiennes du champ de captage de Guetrani\u00a0: S\u00e9curiser l\u2019AEP \u00e0 B\u00e9char\"}]},{\"@type\":\"WebSite\",\"@id\":\"https:\\\/\\\/lasentinelle.dz\\\/#website\",\"url\":\"https:\\\/\\\/lasentinelle.dz\\\/\",\"name\":\"La Sentinelle\",\"description\":\"Quotidien national d&#039;information\",\"publisher\":{\"@id\":\"https:\\\/\\\/lasentinelle.dz\\\/#organization\"},\"potentialAction\":[{\"@type\":\"SearchAction\",\"target\":{\"@type\":\"EntryPoint\",\"urlTemplate\":\"https:\\\/\\\/lasentinelle.dz\\\/?s={search_term_string}\"},\"query-input\":{\"@type\":\"PropertyValueSpecification\",\"valueRequired\":true,\"valueName\":\"search_term_string\"}}],\"inLanguage\":\"fr-FR\"},{\"@type\":\"Organization\",\"@id\":\"https:\\\/\\\/lasentinelle.dz\\\/#organization\",\"name\":\"Quotidien La Sentinelle\",\"url\":\"https:\\\/\\\/lasentinelle.dz\\\/\",\"logo\":{\"@type\":\"ImageObject\",\"inLanguage\":\"fr-FR\",\"@id\":\"https:\\\/\\\/lasentinelle.dz\\\/#\\\/schema\\\/logo\\\/image\\\/\",\"url\":\"https:\\\/\\\/lasentinelle.dz\\\/wp-content\\\/uploads\\\/2021\\\/09\\\/logo-sentinelleSLOGAN-1.png\",\"contentUrl\":\"https:\\\/\\\/lasentinelle.dz\\\/wp-content\\\/uploads\\\/2021\\\/09\\\/logo-sentinelleSLOGAN-1.png\",\"width\":615,\"height\":142,\"caption\":\"Quotidien La Sentinelle\"},\"image\":{\"@id\":\"https:\\\/\\\/lasentinelle.dz\\\/#\\\/schema\\\/logo\\\/image\\\/\"},\"sameAs\":[\"https:\\\/\\\/www.facebook.com\\\/La-Sentinelle-104059864394773\"]},{\"@type\":\"Person\",\"@id\":\"https:\\\/\\\/lasentinelle.dz\\\/#\\\/schema\\\/person\\\/d865044e22e70a75174ce8bcad3acfb3\",\"name\":\"La Sentinelle\",\"image\":{\"@type\":\"ImageObject\",\"inLanguage\":\"fr-FR\",\"@id\":\"https:\\\/\\\/secure.gravatar.com\\\/avatar\\\/57de8e5d4b15d43fb361a71fbb36338450fe67865b528a43dd10ef7c51a20392?s=96&d=mm&r=g\",\"url\":\"https:\\\/\\\/secure.gravatar.com\\\/avatar\\\/57de8e5d4b15d43fb361a71fbb36338450fe67865b528a43dd10ef7c51a20392?s=96&d=mm&r=g\",\"contentUrl\":\"https:\\\/\\\/secure.gravatar.com\\\/avatar\\\/57de8e5d4b15d43fb361a71fbb36338450fe67865b528a43dd10ef7c51a20392?s=96&d=mm&r=g\",\"caption\":\"La Sentinelle\"},\"sameAs\":[\"http:\\\/\\\/www.lasentinelle.dz\"],\"url\":\"https:\\\/\\\/lasentinelle.dz\\\/author\\\/redaction\\\/\"}]}<\/script>\n<!-- \/ Yoast SEO plugin. -->","yoast_head_json":{"title":"Transfert des eaux albiennes du champ de captage de Guetrani\u00a0: S\u00e9curiser l\u2019AEP \u00e0 B\u00e9char - La Sentinelle","robots":{"index":"index","follow":"follow","max-snippet":"max-snippet:-1","max-image-preview":"max-image-preview:large","max-video-preview":"max-video-preview:-1"},"canonical":"https:\/\/lasentinelle.dz\/index.php\/2023\/05\/21\/transfert-des-eaux-albiennes-du-champ-de-captage-de-guetrani-securiser-laep-a-bechar\/","og_locale":"fr_FR","og_type":"article","og_title":"Transfert des eaux albiennes du champ de captage de Guetrani\u00a0: S\u00e9curiser l\u2019AEP \u00e0 B\u00e9char - La Sentinelle","og_description":"Le projet de captage des eaux albiennes du champs de captage de Guetrani dans la wilaya de B\u00e9char a mobilis\u00e9","og_url":"https:\/\/lasentinelle.dz\/index.php\/2023\/05\/21\/transfert-des-eaux-albiennes-du-champ-de-captage-de-guetrani-securiser-laep-a-bechar\/","og_site_name":"La Sentinelle","article_publisher":"https:\/\/www.facebook.com\/La-Sentinelle-104059864394773","article_published_time":"2023-05-21T21:05:00+00:00","og_image":[{"width":1200,"height":900,"url":"https:\/\/lasentinelle.dz\/wp-content\/uploads\/2023\/05\/captage.png","type":"image\/png"}],"author":"La Sentinelle","twitter_card":"summary_large_image","twitter_misc":{"\u00c9crit par":"La Sentinelle","Dur\u00e9e de lecture estim\u00e9e":"3 minutes"},"schema":{"@context":"https:\/\/schema.org","@graph":[{"@type":"Article","@id":"https:\/\/lasentinelle.dz\/index.php\/2023\/05\/21\/transfert-des-eaux-albiennes-du-champ-de-captage-de-guetrani-securiser-laep-a-bechar\/#article","isPartOf":{"@id":"https:\/\/lasentinelle.dz\/index.php\/2023\/05\/21\/transfert-des-eaux-albiennes-du-champ-de-captage-de-guetrani-securiser-laep-a-bechar\/"},"author":{"name":"La Sentinelle","@id":"https:\/\/lasentinelle.dz\/#\/schema\/person\/d865044e22e70a75174ce8bcad3acfb3"},"headline":"Transfert des eaux albiennes du champ de captage de Guetrani\u00a0: S\u00e9curiser l\u2019AEP \u00e0 B\u00e9char","datePublished":"2023-05-21T21:05:00+00:00","mainEntityOfPage":{"@id":"https:\/\/lasentinelle.dz\/index.php\/2023\/05\/21\/transfert-des-eaux-albiennes-du-champ-de-captage-de-guetrani-securiser-laep-a-bechar\/"},"wordCount":517,"commentCount":0,"publisher":{"@id":"https:\/\/lasentinelle.dz\/#organization"},"image":{"@id":"https:\/\/lasentinelle.dz\/index.php\/2023\/05\/21\/transfert-des-eaux-albiennes-du-champ-de-captage-de-guetrani-securiser-laep-a-bechar\/#primaryimage"},"thumbnailUrl":"https:\/\/lasentinelle.dz\/wp-content\/uploads\/2023\/05\/captage.png","articleSection":["R\u00e9gions"],"inLanguage":"fr-FR","potentialAction":[{"@type":"CommentAction","name":"Comment","target":["https:\/\/lasentinelle.dz\/index.php\/2023\/05\/21\/transfert-des-eaux-albiennes-du-champ-de-captage-de-guetrani-securiser-laep-a-bechar\/#respond"]}]},{"@type":"WebPage","@id":"https:\/\/lasentinelle.dz\/index.php\/2023\/05\/21\/transfert-des-eaux-albiennes-du-champ-de-captage-de-guetrani-securiser-laep-a-bechar\/","url":"https:\/\/lasentinelle.dz\/index.php\/2023\/05\/21\/transfert-des-eaux-albiennes-du-champ-de-captage-de-guetrani-securiser-laep-a-bechar\/","name":"Transfert des eaux albiennes du champ de captage de Guetrani\u00a0: S\u00e9curiser l\u2019AEP \u00e0 B\u00e9char - La Sentinelle","isPartOf":{"@id":"https:\/\/lasentinelle.dz\/#website"},"primaryImageOfPage":{"@id":"https:\/\/lasentinelle.dz\/index.php\/2023\/05\/21\/transfert-des-eaux-albiennes-du-champ-de-captage-de-guetrani-securiser-laep-a-bechar\/#primaryimage"},"image":{"@id":"https:\/\/lasentinelle.dz\/index.php\/2023\/05\/21\/transfert-des-eaux-albiennes-du-champ-de-captage-de-guetrani-securiser-laep-a-bechar\/#primaryimage"},"thumbnailUrl":"https:\/\/lasentinelle.dz\/wp-content\/uploads\/2023\/05\/captage.png","datePublished":"2023-05-21T21:05:00+00:00","breadcrumb":{"@id":"https:\/\/lasentinelle.dz\/index.php\/2023\/05\/21\/transfert-des-eaux-albiennes-du-champ-de-captage-de-guetrani-securiser-laep-a-bechar\/#breadcrumb"},"inLanguage":"fr-FR","potentialAction":[{"@type":"ReadAction","target":["https:\/\/lasentinelle.dz\/index.php\/2023\/05\/21\/transfert-des-eaux-albiennes-du-champ-de-captage-de-guetrani-securiser-laep-a-bechar\/"]}]},{"@type":"ImageObject","inLanguage":"fr-FR","@id":"https:\/\/lasentinelle.dz\/index.php\/2023\/05\/21\/transfert-des-eaux-albiennes-du-champ-de-captage-de-guetrani-securiser-laep-a-bechar\/#primaryimage","url":"https:\/\/lasentinelle.dz\/wp-content\/uploads\/2023\/05\/captage.png","contentUrl":"https:\/\/lasentinelle.dz\/wp-content\/uploads\/2023\/05\/captage.png","width":1200,"height":900},{"@type":"BreadcrumbList","@id":"https:\/\/lasentinelle.dz\/index.php\/2023\/05\/21\/transfert-des-eaux-albiennes-du-champ-de-captage-de-guetrani-securiser-laep-a-bechar\/#breadcrumb","itemListElement":[{"@type":"ListItem","position":1,"name":"Accueil","item":"https:\/\/lasentinelle.dz\/"},{"@type":"ListItem","position":2,"name":"Transfert des eaux albiennes du champ de captage de Guetrani\u00a0: S\u00e9curiser l\u2019AEP \u00e0 B\u00e9char"}]},{"@type":"WebSite","@id":"https:\/\/lasentinelle.dz\/#website","url":"https:\/\/lasentinelle.dz\/","name":"La Sentinelle","description":"Quotidien national d&#039;information","publisher":{"@id":"https:\/\/lasentinelle.dz\/#organization"},"potentialAction":[{"@type":"SearchAction","target":{"@type":"EntryPoint","urlTemplate":"https:\/\/lasentinelle.dz\/?s={search_term_string}"},"query-input":{"@type":"PropertyValueSpecification","valueRequired":true,"valueName":"search_term_string"}}],"inLanguage":"fr-FR"},{"@type":"Organization","@id":"https:\/\/lasentinelle.dz\/#organization","name":"Quotidien La Sentinelle","url":"https:\/\/lasentinelle.dz\/","logo":{"@type":"ImageObject","inLanguage":"fr-FR","@id":"https:\/\/lasentinelle.dz\/#\/schema\/logo\/image\/","url":"https:\/\/lasentinelle.dz\/wp-content\/uploads\/2021\/09\/logo-sentinelleSLOGAN-1.png","contentUrl":"https:\/\/lasentinelle.dz\/wp-content\/uploads\/2021\/09\/logo-sentinelleSLOGAN-1.png","width":615,"height":142,"caption":"Quotidien La Sentinelle"},"image":{"@id":"https:\/\/lasentinelle.dz\/#\/schema\/logo\/image\/"},"sameAs":["https:\/\/www.facebook.com\/La-Sentinelle-104059864394773"]},{"@type":"Person","@id":"https:\/\/lasentinelle.dz\/#\/schema\/person\/d865044e22e70a75174ce8bcad3acfb3","name":"La Sentinelle","image":{"@type":"ImageObject","inLanguage":"fr-FR","@id":"https:\/\/secure.gravatar.com\/avatar\/57de8e5d4b15d43fb361a71fbb36338450fe67865b528a43dd10ef7c51a20392?s=96&d=mm&r=g","url":"https:\/\/secure.gravatar.com\/avatar\/57de8e5d4b15d43fb361a71fbb36338450fe67865b528a43dd10ef7c51a20392?s=96&d=mm&r=g","contentUrl":"https:\/\/secure.gravatar.com\/avatar\/57de8e5d4b15d43fb361a71fbb36338450fe67865b528a43dd10ef7c51a20392?s=96&d=mm&r=g","caption":"La Sentinelle"},"sameAs":["http:\/\/www.lasentinelle.dz"],"url":"https:\/\/lasentinelle.dz\/author\/redaction\/"}]}},"_links":{"self":[{"href":"https:\/\/lasentinelle.dz\/index.php\/wp-json\/wp\/v2\/posts\/41388","targetHints":{"allow":["GET"]}}],"collection":[{"href":"https:\/\/lasentinelle.dz\/index.php\/wp-json\/wp\/v2\/posts"}],"about":[{"href":"https:\/\/lasentinelle.dz\/index.php\/wp-json\/wp\/v2\/types\/post"}],"author":[{"embeddable":true,"href":"https:\/\/lasentinelle.dz\/index.php\/wp-json\/wp\/v2\/users\/3"}],"replies":[{"embeddable":true,"href":"https:\/\/lasentinelle.dz\/index.php\/wp-json\/wp\/v2\/comments?post=41388"}],"version-history":[{"count":1,"href":"https:\/\/lasentinelle.dz\/index.php\/wp-json\/wp\/v2\/posts\/41388\/revisions"}],"predecessor-version":[{"id":41390,"href":"https:\/\/lasentinelle.dz\/index.php\/wp-json\/wp\/v2\/posts\/41388\/revisions\/41390"}],"wp:featuredmedia":[{"embeddable":true,"href":"https:\/\/lasentinelle.dz\/index.php\/wp-json\/wp\/v2\/media\/41389"}],"wp:attachment":[{"href":"https:\/\/lasentinelle.dz\/index.php\/wp-json\/wp\/v2\/media?parent=41388"}],"wp:term":[{"taxonomy":"category","embeddable":true,"href":"https:\/\/lasentinelle.dz\/index.php\/wp-json\/wp\/v2\/categories?post=41388"},{"taxonomy":"post_tag","embeddable":true,"href":"https:\/\/lasentinelle.dz\/index.php\/wp-json\/wp\/v2\/tags?post=41388"}],"curies":[{"name":"wp","href":"https:\/\/api.w.org\/{rel}","templated":true}]}}