{"id":41408,"date":"2023-05-21T22:05:00","date_gmt":"2023-05-21T21:05:00","guid":{"rendered":"https:\/\/lasentinelle.dz\/?p=41408"},"modified":"2023-05-21T17:40:07","modified_gmt":"2023-05-21T16:40:07","slug":"mali-bamako-reaffirme-son-attachement-a-la-mise-en-oeuvre-de-laccord-dalger","status":"publish","type":"post","link":"https:\/\/lasentinelle.dz\/index.php\/2023\/05\/21\/mali-bamako-reaffirme-son-attachement-a-la-mise-en-oeuvre-de-laccord-dalger\/","title":{"rendered":"Mali\u00a0: Bamako r\u00e9affirme son attachement \u00e0 la mise en \u0153uvre de l\u2019Accord d&rsquo;Alger"},"content":{"rendered":"\n<p>Le ministre des Affaires \u00e9trang\u00e8res et de la Coop\u00e9ration internationale malien, Abdoulaye Diop, a r\u00e9affirm\u00e9 l'\u00a0\u00bbattachement\u00a0\u00bb de son gouvernement \u00e0 la mise en \u0153uvre de l&rsquo;Accord pour la paix et la r\u00e9conciliation, issu du processus d&rsquo;Alger. \u00ab\u00a0Malgr\u00e9 les difficult\u00e9s rencontr\u00e9es, le gouvernement reste attach\u00e9 \u00e0 la mise en \u0153uvre de l\u2019Accord pour la paix et la r\u00e9conciliation au Mali issu du processus d\u2019Alger\u00a0\u00bb, a pr\u00e9cise M. Diop vendredi \u00e0 l&rsquo;occasion d&rsquo;une rencontre avec les chefs de missions diplomatiques et consulaires ainsi que les responsables d\u2019organisations internationales accr\u00e9dit\u00e9es \u00e0 Bamako. Les \u00e9changes ont port\u00e9 sur les avanc\u00e9es r\u00e9alis\u00e9es dans le cadre du processus de Transition, la situation s\u00e9curitaire et son impact sur la situation des droits de l\u2019Homme et le processus de paix. Evoquant le processus de Transition, le ministre a assur\u00e9 que \u00ab\u00a0toutes les mesures relatives au processus politique sont con\u00e7ues et r\u00e9alis\u00e9es dans une d\u00e9marche consensuelle et inclusive\u00a0\u00bb. \u00ab\u00a0Conform\u00e9ment aux attentes largement exprim\u00e9es par la population malienne, lors des Assises nationales de refondation (ANR- en novembre 2022 NDLR), les autorit\u00e9s ont pris des mesures fortes et irr\u00e9versibles pour le retour \u00e0 un ordre constitutionnel s\u00e9curis\u00e9 et apais\u00e9\u00a0\u00bb, a-t-il dit, ajoutant que la convocation du coll\u00e8ge \u00e9lectoral pour le r\u00e9f\u00e9rendum constitutionnel, le 18 juin 2023, s\u2019inscrit dans cette dynamique. Le ministre malien a assur\u00e9 que \u00ab\u00a0le l\u00e9ger glissement de calendrier pour la tenue du scrutin r\u00e9f\u00e9rendaire n\u2019aura aucune incidence sur le respect du chronogramme de la Transition\u00a0\u00bb. S\u2019agissant de la situation s\u00e9curitaire, le chef de la diplomatie malienne a soutenu que les Forces arm\u00e9es maliennes (FAMa) poursuivent leurs offensives contre les organisations terroristes et remportent des succ\u00e8s tangibles sur le terrain. \u00ab\u00a0Les op\u00e9rations de lutte contre le terrorisme sont men\u00e9es dans le strict respect des droits de l\u2019Homme, d\u2019autant plus qu\u2019il s\u2019agit de nos propres populations\u00a0\u00bb, a-t-il poursuivi. S\u2019exprimant au nom de l\u2019ensemble des chefs de missions diplomatiques et consulaires accr\u00e9dit\u00e9s dans le pays, l\u2019ambassadeur de l\u2019Etat de la Palestine au Mali, Hadi Shebli, s\u2019est r\u00e9joui en disant que \u00ab\u00a0ces rencontres permettent d\u2019\u00e9viter des sp\u00e9culations sur les r\u00e9seaux sociaux\u00a0\u00bb. Il a salu\u00e9 les avanc\u00e9es dans le processus de Transition avant de d\u00e9clarer \u00eatre \u00ab\u00a0convaincu que l\u2019agenda des \u00e9lections sera respect\u00e9\u00a0\u00bb.<\/p>\n\n\n\n<p>APS<\/p>\n","protected":false},"excerpt":{"rendered":"<p>Le ministre des Affaires \u00e9trang\u00e8res et de la Coop\u00e9ration internationale malien, Abdoulaye Diop, a r\u00e9affirm\u00e9 l&rsquo;\u00a0\u00bbattachement\u00a0\u00bb de son gouvernement \u00e0<\/p>\n","protected":false},"author":3,"featured_media":41409,"comment_status":"open","ping_status":"closed","sticky":false,"template":"","format":"standard","meta":{"colormag_page_container_layout":"default_layout","colormag_page_sidebar_layout":"default_layout","om_disable_all_campaigns":false,"_monsterinsights_skip_tracking":false,"_monsterinsights_sitenote_active":false,"_monsterinsights_sitenote_note":"","_monsterinsights_sitenote_category":0,"footnotes":"","_wpscppro_dont_share_socialmedia":false,"_wpscppro_custom_social_share_image":0,"_facebook_share_type":"","_twitter_share_type":"","_linkedin_share_type":"","_pinterest_share_type":"","_linkedin_share_type_page":"","_instagram_share_type":"","_medium_share_type":"","_threads_share_type":"","_google_business_share_type":"","_selected_social_profile":[],"_wpsp_enable_custom_social_template":false,"_wpsp_social_scheduling":{"enabled":false,"datetime":null,"platforms":[],"status":"template_only","dateOption":"today","timeOption":"now","customDays":"","customHours":"","customDate":"","customTime":"","schedulingType":"absolute"},"_wpsp_active_default_template":true},"categories":[37],"tags":[],"class_list":["post-41408","post","type-post","status-publish","format-standard","has-post-thumbnail","hentry","category-monde"],"aioseo_notices":[],"yoast_head":"<!-- This site is optimized with the Yoast SEO plugin v27.5 - https:\/\/yoast.com\/product\/yoast-seo-wordpress\/ -->\n<title>Mali\u00a0: Bamako r\u00e9affirme son attachement \u00e0 la mise en \u0153uvre de l\u2019Accord d&rsquo;Alger - La Sentinelle<\/title>\n<meta name=\"robots\" content=\"index, follow, max-snippet:-1, max-image-preview:large, max-video-preview:-1\" \/>\n<link rel=\"canonical\" href=\"https:\/\/lasentinelle.dz\/index.php\/2023\/05\/21\/mali-bamako-reaffirme-son-attachement-a-la-mise-en-oeuvre-de-laccord-dalger\/\" \/>\n<meta property=\"og:locale\" content=\"fr_FR\" \/>\n<meta property=\"og:type\" content=\"article\" \/>\n<meta property=\"og:title\" content=\"Mali\u00a0: Bamako r\u00e9affirme son attachement \u00e0 la mise en \u0153uvre de l\u2019Accord d&rsquo;Alger - La Sentinelle\" \/>\n<meta property=\"og:description\" content=\"Le ministre des Affaires \u00e9trang\u00e8res et de la Coop\u00e9ration internationale malien, Abdoulaye Diop, a r\u00e9affirm\u00e9 l&#039;\u00a0\u00bbattachement\u00a0\u00bb de son gouvernement \u00e0\" \/>\n<meta property=\"og:url\" content=\"https:\/\/lasentinelle.dz\/index.php\/2023\/05\/21\/mali-bamako-reaffirme-son-attachement-a-la-mise-en-oeuvre-de-laccord-dalger\/\" \/>\n<meta property=\"og:site_name\" content=\"La Sentinelle\" \/>\n<meta property=\"article:publisher\" content=\"https:\/\/www.facebook.com\/La-Sentinelle-104059864394773\" \/>\n<meta property=\"article:published_time\" content=\"2023-05-21T21:05:00+00:00\" \/>\n<meta property=\"og:image\" content=\"https:\/\/lasentinelle.dz\/wp-content\/uploads\/2023\/05\/image_2023-05-21_173820846.png\" \/>\n\t<meta property=\"og:image:width\" content=\"1200\" \/>\n\t<meta property=\"og:image:height\" content=\"695\" \/>\n\t<meta property=\"og:image:type\" content=\"image\/png\" \/>\n<meta name=\"author\" content=\"La Sentinelle\" \/>\n<meta name=\"twitter:card\" content=\"summary_large_image\" \/>\n<meta name=\"twitter:label1\" content=\"\u00c9crit par\" \/>\n\t<meta name=\"twitter:data1\" content=\"La Sentinelle\" \/>\n\t<meta name=\"twitter:label2\" content=\"Dur\u00e9e de lecture estim\u00e9e\" \/>\n\t<meta name=\"twitter:data2\" content=\"2 minutes\" \/>\n<script type=\"application\/ld+json\" class=\"yoast-schema-graph\">{\"@context\":\"https:\\\/\\\/schema.org\",\"@graph\":[{\"@type\":\"Article\",\"@id\":\"https:\\\/\\\/lasentinelle.dz\\\/index.php\\\/2023\\\/05\\\/21\\\/mali-bamako-reaffirme-son-attachement-a-la-mise-en-oeuvre-de-laccord-dalger\\\/#article\",\"isPartOf\":{\"@id\":\"https:\\\/\\\/lasentinelle.dz\\\/index.php\\\/2023\\\/05\\\/21\\\/mali-bamako-reaffirme-son-attachement-a-la-mise-en-oeuvre-de-laccord-dalger\\\/\"},\"author\":{\"name\":\"La Sentinelle\",\"@id\":\"https:\\\/\\\/lasentinelle.dz\\\/#\\\/schema\\\/person\\\/d865044e22e70a75174ce8bcad3acfb3\"},\"headline\":\"Mali\u00a0: Bamako r\u00e9affirme son attachement \u00e0 la mise en \u0153uvre de l\u2019Accord d&rsquo;Alger\",\"datePublished\":\"2023-05-21T21:05:00+00:00\",\"mainEntityOfPage\":{\"@id\":\"https:\\\/\\\/lasentinelle.dz\\\/index.php\\\/2023\\\/05\\\/21\\\/mali-bamako-reaffirme-son-attachement-a-la-mise-en-oeuvre-de-laccord-dalger\\\/\"},\"wordCount\":433,\"commentCount\":0,\"publisher\":{\"@id\":\"https:\\\/\\\/lasentinelle.dz\\\/#organization\"},\"image\":{\"@id\":\"https:\\\/\\\/lasentinelle.dz\\\/index.php\\\/2023\\\/05\\\/21\\\/mali-bamako-reaffirme-son-attachement-a-la-mise-en-oeuvre-de-laccord-dalger\\\/#primaryimage\"},\"thumbnailUrl\":\"https:\\\/\\\/lasentinelle.dz\\\/wp-content\\\/uploads\\\/2023\\\/05\\\/image_2023-05-21_173820846.png\",\"articleSection\":[\"Monde\"],\"inLanguage\":\"fr-FR\",\"potentialAction\":[{\"@type\":\"CommentAction\",\"name\":\"Comment\",\"target\":[\"https:\\\/\\\/lasentinelle.dz\\\/index.php\\\/2023\\\/05\\\/21\\\/mali-bamako-reaffirme-son-attachement-a-la-mise-en-oeuvre-de-laccord-dalger\\\/#respond\"]}]},{\"@type\":\"WebPage\",\"@id\":\"https:\\\/\\\/lasentinelle.dz\\\/index.php\\\/2023\\\/05\\\/21\\\/mali-bamako-reaffirme-son-attachement-a-la-mise-en-oeuvre-de-laccord-dalger\\\/\",\"url\":\"https:\\\/\\\/lasentinelle.dz\\\/index.php\\\/2023\\\/05\\\/21\\\/mali-bamako-reaffirme-son-attachement-a-la-mise-en-oeuvre-de-laccord-dalger\\\/\",\"name\":\"Mali\u00a0: Bamako r\u00e9affirme son attachement \u00e0 la mise en \u0153uvre de l\u2019Accord d&rsquo;Alger - La Sentinelle\",\"isPartOf\":{\"@id\":\"https:\\\/\\\/lasentinelle.dz\\\/#website\"},\"primaryImageOfPage\":{\"@id\":\"https:\\\/\\\/lasentinelle.dz\\\/index.php\\\/2023\\\/05\\\/21\\\/mali-bamako-reaffirme-son-attachement-a-la-mise-en-oeuvre-de-laccord-dalger\\\/#primaryimage\"},\"image\":{\"@id\":\"https:\\\/\\\/lasentinelle.dz\\\/index.php\\\/2023\\\/05\\\/21\\\/mali-bamako-reaffirme-son-attachement-a-la-mise-en-oeuvre-de-laccord-dalger\\\/#primaryimage\"},\"thumbnailUrl\":\"https:\\\/\\\/lasentinelle.dz\\\/wp-content\\\/uploads\\\/2023\\\/05\\\/image_2023-05-21_173820846.png\",\"datePublished\":\"2023-05-21T21:05:00+00:00\",\"breadcrumb\":{\"@id\":\"https:\\\/\\\/lasentinelle.dz\\\/index.php\\\/2023\\\/05\\\/21\\\/mali-bamako-reaffirme-son-attachement-a-la-mise-en-oeuvre-de-laccord-dalger\\\/#breadcrumb\"},\"inLanguage\":\"fr-FR\",\"potentialAction\":[{\"@type\":\"ReadAction\",\"target\":[\"https:\\\/\\\/lasentinelle.dz\\\/index.php\\\/2023\\\/05\\\/21\\\/mali-bamako-reaffirme-son-attachement-a-la-mise-en-oeuvre-de-laccord-dalger\\\/\"]}]},{\"@type\":\"ImageObject\",\"inLanguage\":\"fr-FR\",\"@id\":\"https:\\\/\\\/lasentinelle.dz\\\/index.php\\\/2023\\\/05\\\/21\\\/mali-bamako-reaffirme-son-attachement-a-la-mise-en-oeuvre-de-laccord-dalger\\\/#primaryimage\",\"url\":\"https:\\\/\\\/lasentinelle.dz\\\/wp-content\\\/uploads\\\/2023\\\/05\\\/image_2023-05-21_173820846.png\",\"contentUrl\":\"https:\\\/\\\/lasentinelle.dz\\\/wp-content\\\/uploads\\\/2023\\\/05\\\/image_2023-05-21_173820846.png\",\"width\":1200,\"height\":695},{\"@type\":\"BreadcrumbList\",\"@id\":\"https:\\\/\\\/lasentinelle.dz\\\/index.php\\\/2023\\\/05\\\/21\\\/mali-bamako-reaffirme-son-attachement-a-la-mise-en-oeuvre-de-laccord-dalger\\\/#breadcrumb\",\"itemListElement\":[{\"@type\":\"ListItem\",\"position\":1,\"name\":\"Accueil\",\"item\":\"https:\\\/\\\/lasentinelle.dz\\\/\"},{\"@type\":\"ListItem\",\"position\":2,\"name\":\"Mali\u00a0: Bamako r\u00e9affirme son attachement \u00e0 la mise en \u0153uvre de l\u2019Accord d&rsquo;Alger\"}]},{\"@type\":\"WebSite\",\"@id\":\"https:\\\/\\\/lasentinelle.dz\\\/#website\",\"url\":\"https:\\\/\\\/lasentinelle.dz\\\/\",\"name\":\"La Sentinelle\",\"description\":\"Quotidien national d&#039;information\",\"publisher\":{\"@id\":\"https:\\\/\\\/lasentinelle.dz\\\/#organization\"},\"potentialAction\":[{\"@type\":\"SearchAction\",\"target\":{\"@type\":\"EntryPoint\",\"urlTemplate\":\"https:\\\/\\\/lasentinelle.dz\\\/?s={search_term_string}\"},\"query-input\":{\"@type\":\"PropertyValueSpecification\",\"valueRequired\":true,\"valueName\":\"search_term_string\"}}],\"inLanguage\":\"fr-FR\"},{\"@type\":\"Organization\",\"@id\":\"https:\\\/\\\/lasentinelle.dz\\\/#organization\",\"name\":\"Quotidien La Sentinelle\",\"url\":\"https:\\\/\\\/lasentinelle.dz\\\/\",\"logo\":{\"@type\":\"ImageObject\",\"inLanguage\":\"fr-FR\",\"@id\":\"https:\\\/\\\/lasentinelle.dz\\\/#\\\/schema\\\/logo\\\/image\\\/\",\"url\":\"https:\\\/\\\/lasentinelle.dz\\\/wp-content\\\/uploads\\\/2021\\\/09\\\/logo-sentinelleSLOGAN-1.png\",\"contentUrl\":\"https:\\\/\\\/lasentinelle.dz\\\/wp-content\\\/uploads\\\/2021\\\/09\\\/logo-sentinelleSLOGAN-1.png\",\"width\":615,\"height\":142,\"caption\":\"Quotidien La Sentinelle\"},\"image\":{\"@id\":\"https:\\\/\\\/lasentinelle.dz\\\/#\\\/schema\\\/logo\\\/image\\\/\"},\"sameAs\":[\"https:\\\/\\\/www.facebook.com\\\/La-Sentinelle-104059864394773\"]},{\"@type\":\"Person\",\"@id\":\"https:\\\/\\\/lasentinelle.dz\\\/#\\\/schema\\\/person\\\/d865044e22e70a75174ce8bcad3acfb3\",\"name\":\"La Sentinelle\",\"image\":{\"@type\":\"ImageObject\",\"inLanguage\":\"fr-FR\",\"@id\":\"https:\\\/\\\/secure.gravatar.com\\\/avatar\\\/57de8e5d4b15d43fb361a71fbb36338450fe67865b528a43dd10ef7c51a20392?s=96&d=mm&r=g\",\"url\":\"https:\\\/\\\/secure.gravatar.com\\\/avatar\\\/57de8e5d4b15d43fb361a71fbb36338450fe67865b528a43dd10ef7c51a20392?s=96&d=mm&r=g\",\"contentUrl\":\"https:\\\/\\\/secure.gravatar.com\\\/avatar\\\/57de8e5d4b15d43fb361a71fbb36338450fe67865b528a43dd10ef7c51a20392?s=96&d=mm&r=g\",\"caption\":\"La Sentinelle\"},\"sameAs\":[\"http:\\\/\\\/www.lasentinelle.dz\"],\"url\":\"https:\\\/\\\/lasentinelle.dz\\\/author\\\/redaction\\\/\"}]}<\/script>\n<!-- \/ Yoast SEO plugin. -->","yoast_head_json":{"title":"Mali\u00a0: Bamako r\u00e9affirme son attachement \u00e0 la mise en \u0153uvre de l\u2019Accord d&rsquo;Alger - La Sentinelle","robots":{"index":"index","follow":"follow","max-snippet":"max-snippet:-1","max-image-preview":"max-image-preview:large","max-video-preview":"max-video-preview:-1"},"canonical":"https:\/\/lasentinelle.dz\/index.php\/2023\/05\/21\/mali-bamako-reaffirme-son-attachement-a-la-mise-en-oeuvre-de-laccord-dalger\/","og_locale":"fr_FR","og_type":"article","og_title":"Mali\u00a0: Bamako r\u00e9affirme son attachement \u00e0 la mise en \u0153uvre de l\u2019Accord d&rsquo;Alger - La Sentinelle","og_description":"Le ministre des Affaires \u00e9trang\u00e8res et de la Coop\u00e9ration internationale malien, Abdoulaye Diop, a r\u00e9affirm\u00e9 l'\u00a0\u00bbattachement\u00a0\u00bb de son gouvernement \u00e0","og_url":"https:\/\/lasentinelle.dz\/index.php\/2023\/05\/21\/mali-bamako-reaffirme-son-attachement-a-la-mise-en-oeuvre-de-laccord-dalger\/","og_site_name":"La Sentinelle","article_publisher":"https:\/\/www.facebook.com\/La-Sentinelle-104059864394773","article_published_time":"2023-05-21T21:05:00+00:00","og_image":[{"width":1200,"height":695,"url":"https:\/\/lasentinelle.dz\/wp-content\/uploads\/2023\/05\/image_2023-05-21_173820846.png","type":"image\/png"}],"author":"La Sentinelle","twitter_card":"summary_large_image","twitter_misc":{"\u00c9crit par":"La Sentinelle","Dur\u00e9e de lecture estim\u00e9e":"2 minutes"},"schema":{"@context":"https:\/\/schema.org","@graph":[{"@type":"Article","@id":"https:\/\/lasentinelle.dz\/index.php\/2023\/05\/21\/mali-bamako-reaffirme-son-attachement-a-la-mise-en-oeuvre-de-laccord-dalger\/#article","isPartOf":{"@id":"https:\/\/lasentinelle.dz\/index.php\/2023\/05\/21\/mali-bamako-reaffirme-son-attachement-a-la-mise-en-oeuvre-de-laccord-dalger\/"},"author":{"name":"La Sentinelle","@id":"https:\/\/lasentinelle.dz\/#\/schema\/person\/d865044e22e70a75174ce8bcad3acfb3"},"headline":"Mali\u00a0: Bamako r\u00e9affirme son attachement \u00e0 la mise en \u0153uvre de l\u2019Accord d&rsquo;Alger","datePublished":"2023-05-21T21:05:00+00:00","mainEntityOfPage":{"@id":"https:\/\/lasentinelle.dz\/index.php\/2023\/05\/21\/mali-bamako-reaffirme-son-attachement-a-la-mise-en-oeuvre-de-laccord-dalger\/"},"wordCount":433,"commentCount":0,"publisher":{"@id":"https:\/\/lasentinelle.dz\/#organization"},"image":{"@id":"https:\/\/lasentinelle.dz\/index.php\/2023\/05\/21\/mali-bamako-reaffirme-son-attachement-a-la-mise-en-oeuvre-de-laccord-dalger\/#primaryimage"},"thumbnailUrl":"https:\/\/lasentinelle.dz\/wp-content\/uploads\/2023\/05\/image_2023-05-21_173820846.png","articleSection":["Monde"],"inLanguage":"fr-FR","potentialAction":[{"@type":"CommentAction","name":"Comment","target":["https:\/\/lasentinelle.dz\/index.php\/2023\/05\/21\/mali-bamako-reaffirme-son-attachement-a-la-mise-en-oeuvre-de-laccord-dalger\/#respond"]}]},{"@type":"WebPage","@id":"https:\/\/lasentinelle.dz\/index.php\/2023\/05\/21\/mali-bamako-reaffirme-son-attachement-a-la-mise-en-oeuvre-de-laccord-dalger\/","url":"https:\/\/lasentinelle.dz\/index.php\/2023\/05\/21\/mali-bamako-reaffirme-son-attachement-a-la-mise-en-oeuvre-de-laccord-dalger\/","name":"Mali\u00a0: Bamako r\u00e9affirme son attachement \u00e0 la mise en \u0153uvre de l\u2019Accord d&rsquo;Alger - La Sentinelle","isPartOf":{"@id":"https:\/\/lasentinelle.dz\/#website"},"primaryImageOfPage":{"@id":"https:\/\/lasentinelle.dz\/index.php\/2023\/05\/21\/mali-bamako-reaffirme-son-attachement-a-la-mise-en-oeuvre-de-laccord-dalger\/#primaryimage"},"image":{"@id":"https:\/\/lasentinelle.dz\/index.php\/2023\/05\/21\/mali-bamako-reaffirme-son-attachement-a-la-mise-en-oeuvre-de-laccord-dalger\/#primaryimage"},"thumbnailUrl":"https:\/\/lasentinelle.dz\/wp-content\/uploads\/2023\/05\/image_2023-05-21_173820846.png","datePublished":"2023-05-21T21:05:00+00:00","breadcrumb":{"@id":"https:\/\/lasentinelle.dz\/index.php\/2023\/05\/21\/mali-bamako-reaffirme-son-attachement-a-la-mise-en-oeuvre-de-laccord-dalger\/#breadcrumb"},"inLanguage":"fr-FR","potentialAction":[{"@type":"ReadAction","target":["https:\/\/lasentinelle.dz\/index.php\/2023\/05\/21\/mali-bamako-reaffirme-son-attachement-a-la-mise-en-oeuvre-de-laccord-dalger\/"]}]},{"@type":"ImageObject","inLanguage":"fr-FR","@id":"https:\/\/lasentinelle.dz\/index.php\/2023\/05\/21\/mali-bamako-reaffirme-son-attachement-a-la-mise-en-oeuvre-de-laccord-dalger\/#primaryimage","url":"https:\/\/lasentinelle.dz\/wp-content\/uploads\/2023\/05\/image_2023-05-21_173820846.png","contentUrl":"https:\/\/lasentinelle.dz\/wp-content\/uploads\/2023\/05\/image_2023-05-21_173820846.png","width":1200,"height":695},{"@type":"BreadcrumbList","@id":"https:\/\/lasentinelle.dz\/index.php\/2023\/05\/21\/mali-bamako-reaffirme-son-attachement-a-la-mise-en-oeuvre-de-laccord-dalger\/#breadcrumb","itemListElement":[{"@type":"ListItem","position":1,"name":"Accueil","item":"https:\/\/lasentinelle.dz\/"},{"@type":"ListItem","position":2,"name":"Mali\u00a0: Bamako r\u00e9affirme son attachement \u00e0 la mise en \u0153uvre de l\u2019Accord d&rsquo;Alger"}]},{"@type":"WebSite","@id":"https:\/\/lasentinelle.dz\/#website","url":"https:\/\/lasentinelle.dz\/","name":"La Sentinelle","description":"Quotidien national d&#039;information","publisher":{"@id":"https:\/\/lasentinelle.dz\/#organization"},"potentialAction":[{"@type":"SearchAction","target":{"@type":"EntryPoint","urlTemplate":"https:\/\/lasentinelle.dz\/?s={search_term_string}"},"query-input":{"@type":"PropertyValueSpecification","valueRequired":true,"valueName":"search_term_string"}}],"inLanguage":"fr-FR"},{"@type":"Organization","@id":"https:\/\/lasentinelle.dz\/#organization","name":"Quotidien La Sentinelle","url":"https:\/\/lasentinelle.dz\/","logo":{"@type":"ImageObject","inLanguage":"fr-FR","@id":"https:\/\/lasentinelle.dz\/#\/schema\/logo\/image\/","url":"https:\/\/lasentinelle.dz\/wp-content\/uploads\/2021\/09\/logo-sentinelleSLOGAN-1.png","contentUrl":"https:\/\/lasentinelle.dz\/wp-content\/uploads\/2021\/09\/logo-sentinelleSLOGAN-1.png","width":615,"height":142,"caption":"Quotidien La Sentinelle"},"image":{"@id":"https:\/\/lasentinelle.dz\/#\/schema\/logo\/image\/"},"sameAs":["https:\/\/www.facebook.com\/La-Sentinelle-104059864394773"]},{"@type":"Person","@id":"https:\/\/lasentinelle.dz\/#\/schema\/person\/d865044e22e70a75174ce8bcad3acfb3","name":"La Sentinelle","image":{"@type":"ImageObject","inLanguage":"fr-FR","@id":"https:\/\/secure.gravatar.com\/avatar\/57de8e5d4b15d43fb361a71fbb36338450fe67865b528a43dd10ef7c51a20392?s=96&d=mm&r=g","url":"https:\/\/secure.gravatar.com\/avatar\/57de8e5d4b15d43fb361a71fbb36338450fe67865b528a43dd10ef7c51a20392?s=96&d=mm&r=g","contentUrl":"https:\/\/secure.gravatar.com\/avatar\/57de8e5d4b15d43fb361a71fbb36338450fe67865b528a43dd10ef7c51a20392?s=96&d=mm&r=g","caption":"La Sentinelle"},"sameAs":["http:\/\/www.lasentinelle.dz"],"url":"https:\/\/lasentinelle.dz\/author\/redaction\/"}]}},"_links":{"self":[{"href":"https:\/\/lasentinelle.dz\/index.php\/wp-json\/wp\/v2\/posts\/41408","targetHints":{"allow":["GET"]}}],"collection":[{"href":"https:\/\/lasentinelle.dz\/index.php\/wp-json\/wp\/v2\/posts"}],"about":[{"href":"https:\/\/lasentinelle.dz\/index.php\/wp-json\/wp\/v2\/types\/post"}],"author":[{"embeddable":true,"href":"https:\/\/lasentinelle.dz\/index.php\/wp-json\/wp\/v2\/users\/3"}],"replies":[{"embeddable":true,"href":"https:\/\/lasentinelle.dz\/index.php\/wp-json\/wp\/v2\/comments?post=41408"}],"version-history":[{"count":1,"href":"https:\/\/lasentinelle.dz\/index.php\/wp-json\/wp\/v2\/posts\/41408\/revisions"}],"predecessor-version":[{"id":41411,"href":"https:\/\/lasentinelle.dz\/index.php\/wp-json\/wp\/v2\/posts\/41408\/revisions\/41411"}],"wp:featuredmedia":[{"embeddable":true,"href":"https:\/\/lasentinelle.dz\/index.php\/wp-json\/wp\/v2\/media\/41409"}],"wp:attachment":[{"href":"https:\/\/lasentinelle.dz\/index.php\/wp-json\/wp\/v2\/media?parent=41408"}],"wp:term":[{"taxonomy":"category","embeddable":true,"href":"https:\/\/lasentinelle.dz\/index.php\/wp-json\/wp\/v2\/categories?post=41408"},{"taxonomy":"post_tag","embeddable":true,"href":"https:\/\/lasentinelle.dz\/index.php\/wp-json\/wp\/v2\/tags?post=41408"}],"curies":[{"name":"wp","href":"https:\/\/api.w.org\/{rel}","templated":true}]}}