{"id":41524,"date":"2023-05-22T22:08:00","date_gmt":"2023-05-22T21:08:00","guid":{"rendered":"https:\/\/lasentinelle.dz\/?p=41524"},"modified":"2023-05-22T20:52:55","modified_gmt":"2023-05-22T19:52:55","slug":"corruption-le-makhzen-implique-dans-un-nouveau-scandale","status":"publish","type":"post","link":"https:\/\/lasentinelle.dz\/index.php\/2023\/05\/22\/corruption-le-makhzen-implique-dans-un-nouveau-scandale\/","title":{"rendered":"Corruption\u00a0: Le Makhzen impliqu\u00e9 dans un nouveau scandale"},"content":{"rendered":"\n<p>La corruption est profond\u00e9ment ancr\u00e9e au sein du r\u00e9gime marocain. Au-del\u00e0 des affaires de corruption et des conflits d\u2019int\u00e9r\u00eats qui caract\u00e9risent le Makhzen dans ses rapports avec les Marocains, le Maroc est impliqu\u00e9 dans plusieurs scandales \u00e0 l\u2019international. En sus du scandale du \u00ab&nbsp;Marocgate&nbsp;\u00bb qui a lev\u00e9 le voile sur l\u2019implication du Makhzen dans des r\u00e9seaux de corruption au Parlement europ\u00e9en, le voil\u00e0 qu\u2019il est cit\u00e9 dans une affaire de corruption li\u00e9e aux \u00e9lections dans l\u2019enclave espagnole de Mellila et dans laquelle il est soup\u00e7onn\u00e9 d&rsquo;\u00eatre impliqu\u00e9 dans l&rsquo;achat de votes par correspondance dans le pr\u00e9side espagnol de Melilla, pour tenter d&rsquo;accro\u00eetre l&rsquo;influence et la pr\u00e9sence d&rsquo;un parti dans le gouvernement de cette ville autonome. Selon le site espagnol El Confidencial, de hauts responsables des services d&rsquo;information de la police et de la garde civile espagnoles, ont \u00e9mis le soup\u00e7on que Rabat essaie d&rsquo;assurer la pr\u00e9sence de la Coalition musulmane pour Melilla (CPM) dans le gouvernement de la ville autonome pour augmenter son influence dans cette enclave strat\u00e9gique. Les agents du Centre national de renseignement (CNI) estiment que les services secrets marocains auraient fourni des fonds \u00e0 un r\u00e9seau clandestin pour acheter plus de 10.000 votes par correspondance, soit pr\u00e8s du tiers de tous ceux qui ont \u00e9t\u00e9 d\u00e9pos\u00e9s dans les urnes de Melilla lors des pr\u00e9c\u00e9dentes \u00e9lections de 2019 (34.393).&nbsp; &nbsp;Le site rapporte que pour chaque vote, entre 50 et 200 euros auraient \u00e9t\u00e9 vers\u00e9s, selon des sources proches des investigations. De l&rsquo;avis des sp\u00e9cialistes, l&rsquo;achat de voix a atteint des niveaux qu&rsquo;ils qualifient de \u00ab\u00a0trop grossiers\u00a0\u00bb. Pour sa part, le candidat de Vox \u00e0 la pr\u00e9sidence de Melilla, Jos\u00e9 Miguel Tasende, a assur\u00e9 \u00e0 El Confidencial qu&rsquo;il ne serait pas surpris que le Maroc soit \u00e0 l&rsquo;origine du scandale de l&rsquo;achat de votes par correspondance dans le pr\u00e9side. Il s&rsquo;\u00e9tait m\u00eame interrog\u00e9 d&rsquo;o\u00f9 le \u00ab\u00a0CPM avait eu cet d&rsquo;argent? On ne sait pas\u00a0\u00bb, a-t-il r\u00e9pondu. En revanche, le num\u00e9ro un de Vox pour les prochaines \u00e9lections r\u00e9gionales, a rappel\u00e9 \u00ab\u00a0qu&rsquo;acheter des voix est un crime, mais c&rsquo;est aussi un crime d&rsquo;en vendre\u00a0\u00bb. Selon des informations confirm\u00e9es \u00e0 ce journal par des sources proches des enqu\u00eates, les agents d\u00e9signent le chef du CPM, Mustafa Aberchan, derri\u00e8re cette histoire, cependant ils pr\u00e9viennent que ni lui ni les chefs de parti n&rsquo;ont suffisamment d&rsquo;actifs pour financer l&rsquo;achat de milliers de bulletins de vote. A ce stade, les soup\u00e7ons se tournent vers le Maroc qui tente de gagner de l&rsquo;influence en Espagne. \u00ab\u00a0Le souci du vote, c&rsquo;est qu&rsquo;il puisse \u00eatre dirig\u00e9 contre des partis actuels et avec une nette influence marocaine\u00a0\u00bb, tranchent les m\u00eames sources. Le pouvoir d\u00e9stabilisateur du Maroc sur les deux pr\u00e9sides de Ceuta et Melilla a \u00e9galement pu \u00eatre prouv\u00e9 \u00e0 l&rsquo;\u00e9t\u00e9 2021, lorsqu&rsquo;il a conduit \u00e0 une entr\u00e9e massive de quelque 12.000 migrants vers Ceuta, provoquant ainsi une crise diplomatique avec l&rsquo;Espagne.<\/p>\n\n\n\n<p><strong>Chokri Hafed<\/strong><\/p>\n","protected":false},"excerpt":{"rendered":"<p>La corruption est profond\u00e9ment ancr\u00e9e au sein du r\u00e9gime marocain. Au-del\u00e0 des affaires de corruption et des conflits d\u2019int\u00e9r\u00eats qui<\/p>\n","protected":false},"author":3,"featured_media":41532,"comment_status":"open","ping_status":"closed","sticky":false,"template":"","format":"standard","meta":{"colormag_page_container_layout":"default_layout","colormag_page_sidebar_layout":"default_layout","om_disable_all_campaigns":false,"_monsterinsights_skip_tracking":false,"_monsterinsights_sitenote_active":false,"_monsterinsights_sitenote_note":"","_monsterinsights_sitenote_category":0,"footnotes":"","_wpscppro_dont_share_socialmedia":false,"_wpscppro_custom_social_share_image":0,"_facebook_share_type":"","_twitter_share_type":"","_linkedin_share_type":"","_pinterest_share_type":"","_linkedin_share_type_page":"","_instagram_share_type":"","_medium_share_type":"","_threads_share_type":"","_google_business_share_type":"","_selected_social_profile":[],"_wpsp_enable_custom_social_template":false,"_wpsp_social_scheduling":{"enabled":false,"datetime":null,"platforms":[],"status":"template_only","dateOption":"today","timeOption":"now","customDays":"","customHours":"","customDate":"","customTime":"","schedulingType":"absolute"},"_wpsp_active_default_template":true},"categories":[52,27],"tags":[],"class_list":["post-41524","post","type-post","status-publish","format-standard","has-post-thumbnail","hentry","category-a-la-une","category-actualite"],"aioseo_notices":[],"yoast_head":"<!-- This site is optimized with the Yoast SEO plugin v27.5 - https:\/\/yoast.com\/product\/yoast-seo-wordpress\/ -->\n<title>Corruption\u00a0: Le Makhzen impliqu\u00e9 dans un nouveau scandale - La Sentinelle<\/title>\n<meta name=\"robots\" content=\"index, follow, max-snippet:-1, max-image-preview:large, max-video-preview:-1\" \/>\n<link rel=\"canonical\" href=\"https:\/\/lasentinelle.dz\/index.php\/2023\/05\/22\/corruption-le-makhzen-implique-dans-un-nouveau-scandale\/\" \/>\n<meta property=\"og:locale\" content=\"fr_FR\" \/>\n<meta property=\"og:type\" content=\"article\" \/>\n<meta property=\"og:title\" content=\"Corruption\u00a0: Le Makhzen impliqu\u00e9 dans un nouveau scandale - La Sentinelle\" \/>\n<meta property=\"og:description\" content=\"La corruption est profond\u00e9ment ancr\u00e9e au sein du r\u00e9gime marocain. Au-del\u00e0 des affaires de corruption et des conflits d\u2019int\u00e9r\u00eats qui\" \/>\n<meta property=\"og:url\" content=\"https:\/\/lasentinelle.dz\/index.php\/2023\/05\/22\/corruption-le-makhzen-implique-dans-un-nouveau-scandale\/\" \/>\n<meta property=\"og:site_name\" content=\"La Sentinelle\" \/>\n<meta property=\"article:publisher\" content=\"https:\/\/www.facebook.com\/La-Sentinelle-104059864394773\" \/>\n<meta property=\"article:published_time\" content=\"2023-05-22T21:08:00+00:00\" \/>\n<meta property=\"og:image\" content=\"https:\/\/lasentinelle.dz\/wp-content\/uploads\/2023\/05\/sssssssx-1024x616.png\" \/>\n\t<meta property=\"og:image:width\" content=\"1024\" \/>\n\t<meta property=\"og:image:height\" content=\"616\" \/>\n\t<meta property=\"og:image:type\" content=\"image\/png\" \/>\n<meta name=\"author\" content=\"La Sentinelle\" \/>\n<meta name=\"twitter:card\" content=\"summary_large_image\" \/>\n<meta name=\"twitter:label1\" content=\"\u00c9crit par\" \/>\n\t<meta name=\"twitter:data1\" content=\"La Sentinelle\" \/>\n\t<meta name=\"twitter:label2\" content=\"Dur\u00e9e de lecture estim\u00e9e\" \/>\n\t<meta name=\"twitter:data2\" content=\"3 minutes\" \/>\n<script type=\"application\/ld+json\" class=\"yoast-schema-graph\">{\"@context\":\"https:\\\/\\\/schema.org\",\"@graph\":[{\"@type\":\"Article\",\"@id\":\"https:\\\/\\\/lasentinelle.dz\\\/index.php\\\/2023\\\/05\\\/22\\\/corruption-le-makhzen-implique-dans-un-nouveau-scandale\\\/#article\",\"isPartOf\":{\"@id\":\"https:\\\/\\\/lasentinelle.dz\\\/index.php\\\/2023\\\/05\\\/22\\\/corruption-le-makhzen-implique-dans-un-nouveau-scandale\\\/\"},\"author\":{\"name\":\"La Sentinelle\",\"@id\":\"https:\\\/\\\/lasentinelle.dz\\\/#\\\/schema\\\/person\\\/d865044e22e70a75174ce8bcad3acfb3\"},\"headline\":\"Corruption\u00a0: Le Makhzen impliqu\u00e9 dans un nouveau scandale\",\"datePublished\":\"2023-05-22T21:08:00+00:00\",\"mainEntityOfPage\":{\"@id\":\"https:\\\/\\\/lasentinelle.dz\\\/index.php\\\/2023\\\/05\\\/22\\\/corruption-le-makhzen-implique-dans-un-nouveau-scandale\\\/\"},\"wordCount\":546,\"commentCount\":0,\"publisher\":{\"@id\":\"https:\\\/\\\/lasentinelle.dz\\\/#organization\"},\"image\":{\"@id\":\"https:\\\/\\\/lasentinelle.dz\\\/index.php\\\/2023\\\/05\\\/22\\\/corruption-le-makhzen-implique-dans-un-nouveau-scandale\\\/#primaryimage\"},\"thumbnailUrl\":\"https:\\\/\\\/lasentinelle.dz\\\/wp-content\\\/uploads\\\/2023\\\/05\\\/sssssssx.png\",\"articleSection\":[\"\u00c0 la Une\",\"Actualit\u00e9\"],\"inLanguage\":\"fr-FR\",\"potentialAction\":[{\"@type\":\"CommentAction\",\"name\":\"Comment\",\"target\":[\"https:\\\/\\\/lasentinelle.dz\\\/index.php\\\/2023\\\/05\\\/22\\\/corruption-le-makhzen-implique-dans-un-nouveau-scandale\\\/#respond\"]}]},{\"@type\":\"WebPage\",\"@id\":\"https:\\\/\\\/lasentinelle.dz\\\/index.php\\\/2023\\\/05\\\/22\\\/corruption-le-makhzen-implique-dans-un-nouveau-scandale\\\/\",\"url\":\"https:\\\/\\\/lasentinelle.dz\\\/index.php\\\/2023\\\/05\\\/22\\\/corruption-le-makhzen-implique-dans-un-nouveau-scandale\\\/\",\"name\":\"Corruption\u00a0: Le Makhzen impliqu\u00e9 dans un nouveau scandale - La Sentinelle\",\"isPartOf\":{\"@id\":\"https:\\\/\\\/lasentinelle.dz\\\/#website\"},\"primaryImageOfPage\":{\"@id\":\"https:\\\/\\\/lasentinelle.dz\\\/index.php\\\/2023\\\/05\\\/22\\\/corruption-le-makhzen-implique-dans-un-nouveau-scandale\\\/#primaryimage\"},\"image\":{\"@id\":\"https:\\\/\\\/lasentinelle.dz\\\/index.php\\\/2023\\\/05\\\/22\\\/corruption-le-makhzen-implique-dans-un-nouveau-scandale\\\/#primaryimage\"},\"thumbnailUrl\":\"https:\\\/\\\/lasentinelle.dz\\\/wp-content\\\/uploads\\\/2023\\\/05\\\/sssssssx.png\",\"datePublished\":\"2023-05-22T21:08:00+00:00\",\"breadcrumb\":{\"@id\":\"https:\\\/\\\/lasentinelle.dz\\\/index.php\\\/2023\\\/05\\\/22\\\/corruption-le-makhzen-implique-dans-un-nouveau-scandale\\\/#breadcrumb\"},\"inLanguage\":\"fr-FR\",\"potentialAction\":[{\"@type\":\"ReadAction\",\"target\":[\"https:\\\/\\\/lasentinelle.dz\\\/index.php\\\/2023\\\/05\\\/22\\\/corruption-le-makhzen-implique-dans-un-nouveau-scandale\\\/\"]}]},{\"@type\":\"ImageObject\",\"inLanguage\":\"fr-FR\",\"@id\":\"https:\\\/\\\/lasentinelle.dz\\\/index.php\\\/2023\\\/05\\\/22\\\/corruption-le-makhzen-implique-dans-un-nouveau-scandale\\\/#primaryimage\",\"url\":\"https:\\\/\\\/lasentinelle.dz\\\/wp-content\\\/uploads\\\/2023\\\/05\\\/sssssssx.png\",\"contentUrl\":\"https:\\\/\\\/lasentinelle.dz\\\/wp-content\\\/uploads\\\/2023\\\/05\\\/sssssssx.png\",\"width\":1496,\"height\":900},{\"@type\":\"BreadcrumbList\",\"@id\":\"https:\\\/\\\/lasentinelle.dz\\\/index.php\\\/2023\\\/05\\\/22\\\/corruption-le-makhzen-implique-dans-un-nouveau-scandale\\\/#breadcrumb\",\"itemListElement\":[{\"@type\":\"ListItem\",\"position\":1,\"name\":\"Accueil\",\"item\":\"https:\\\/\\\/lasentinelle.dz\\\/\"},{\"@type\":\"ListItem\",\"position\":2,\"name\":\"Corruption\u00a0: Le Makhzen impliqu\u00e9 dans un nouveau scandale\"}]},{\"@type\":\"WebSite\",\"@id\":\"https:\\\/\\\/lasentinelle.dz\\\/#website\",\"url\":\"https:\\\/\\\/lasentinelle.dz\\\/\",\"name\":\"La Sentinelle\",\"description\":\"Quotidien national d&#039;information\",\"publisher\":{\"@id\":\"https:\\\/\\\/lasentinelle.dz\\\/#organization\"},\"potentialAction\":[{\"@type\":\"SearchAction\",\"target\":{\"@type\":\"EntryPoint\",\"urlTemplate\":\"https:\\\/\\\/lasentinelle.dz\\\/?s={search_term_string}\"},\"query-input\":{\"@type\":\"PropertyValueSpecification\",\"valueRequired\":true,\"valueName\":\"search_term_string\"}}],\"inLanguage\":\"fr-FR\"},{\"@type\":\"Organization\",\"@id\":\"https:\\\/\\\/lasentinelle.dz\\\/#organization\",\"name\":\"Quotidien La Sentinelle\",\"url\":\"https:\\\/\\\/lasentinelle.dz\\\/\",\"logo\":{\"@type\":\"ImageObject\",\"inLanguage\":\"fr-FR\",\"@id\":\"https:\\\/\\\/lasentinelle.dz\\\/#\\\/schema\\\/logo\\\/image\\\/\",\"url\":\"https:\\\/\\\/lasentinelle.dz\\\/wp-content\\\/uploads\\\/2021\\\/09\\\/logo-sentinelleSLOGAN-1.png\",\"contentUrl\":\"https:\\\/\\\/lasentinelle.dz\\\/wp-content\\\/uploads\\\/2021\\\/09\\\/logo-sentinelleSLOGAN-1.png\",\"width\":615,\"height\":142,\"caption\":\"Quotidien La Sentinelle\"},\"image\":{\"@id\":\"https:\\\/\\\/lasentinelle.dz\\\/#\\\/schema\\\/logo\\\/image\\\/\"},\"sameAs\":[\"https:\\\/\\\/www.facebook.com\\\/La-Sentinelle-104059864394773\"]},{\"@type\":\"Person\",\"@id\":\"https:\\\/\\\/lasentinelle.dz\\\/#\\\/schema\\\/person\\\/d865044e22e70a75174ce8bcad3acfb3\",\"name\":\"La Sentinelle\",\"image\":{\"@type\":\"ImageObject\",\"inLanguage\":\"fr-FR\",\"@id\":\"https:\\\/\\\/secure.gravatar.com\\\/avatar\\\/57de8e5d4b15d43fb361a71fbb36338450fe67865b528a43dd10ef7c51a20392?s=96&d=mm&r=g\",\"url\":\"https:\\\/\\\/secure.gravatar.com\\\/avatar\\\/57de8e5d4b15d43fb361a71fbb36338450fe67865b528a43dd10ef7c51a20392?s=96&d=mm&r=g\",\"contentUrl\":\"https:\\\/\\\/secure.gravatar.com\\\/avatar\\\/57de8e5d4b15d43fb361a71fbb36338450fe67865b528a43dd10ef7c51a20392?s=96&d=mm&r=g\",\"caption\":\"La Sentinelle\"},\"sameAs\":[\"http:\\\/\\\/www.lasentinelle.dz\"],\"url\":\"https:\\\/\\\/lasentinelle.dz\\\/author\\\/redaction\\\/\"}]}<\/script>\n<!-- \/ Yoast SEO plugin. -->","yoast_head_json":{"title":"Corruption\u00a0: Le Makhzen impliqu\u00e9 dans un nouveau scandale - La Sentinelle","robots":{"index":"index","follow":"follow","max-snippet":"max-snippet:-1","max-image-preview":"max-image-preview:large","max-video-preview":"max-video-preview:-1"},"canonical":"https:\/\/lasentinelle.dz\/index.php\/2023\/05\/22\/corruption-le-makhzen-implique-dans-un-nouveau-scandale\/","og_locale":"fr_FR","og_type":"article","og_title":"Corruption\u00a0: Le Makhzen impliqu\u00e9 dans un nouveau scandale - La Sentinelle","og_description":"La corruption est profond\u00e9ment ancr\u00e9e au sein du r\u00e9gime marocain. Au-del\u00e0 des affaires de corruption et des conflits d\u2019int\u00e9r\u00eats qui","og_url":"https:\/\/lasentinelle.dz\/index.php\/2023\/05\/22\/corruption-le-makhzen-implique-dans-un-nouveau-scandale\/","og_site_name":"La Sentinelle","article_publisher":"https:\/\/www.facebook.com\/La-Sentinelle-104059864394773","article_published_time":"2023-05-22T21:08:00+00:00","og_image":[{"width":1024,"height":616,"url":"https:\/\/lasentinelle.dz\/wp-content\/uploads\/2023\/05\/sssssssx-1024x616.png","type":"image\/png"}],"author":"La Sentinelle","twitter_card":"summary_large_image","twitter_misc":{"\u00c9crit par":"La Sentinelle","Dur\u00e9e de lecture estim\u00e9e":"3 minutes"},"schema":{"@context":"https:\/\/schema.org","@graph":[{"@type":"Article","@id":"https:\/\/lasentinelle.dz\/index.php\/2023\/05\/22\/corruption-le-makhzen-implique-dans-un-nouveau-scandale\/#article","isPartOf":{"@id":"https:\/\/lasentinelle.dz\/index.php\/2023\/05\/22\/corruption-le-makhzen-implique-dans-un-nouveau-scandale\/"},"author":{"name":"La Sentinelle","@id":"https:\/\/lasentinelle.dz\/#\/schema\/person\/d865044e22e70a75174ce8bcad3acfb3"},"headline":"Corruption\u00a0: Le Makhzen impliqu\u00e9 dans un nouveau scandale","datePublished":"2023-05-22T21:08:00+00:00","mainEntityOfPage":{"@id":"https:\/\/lasentinelle.dz\/index.php\/2023\/05\/22\/corruption-le-makhzen-implique-dans-un-nouveau-scandale\/"},"wordCount":546,"commentCount":0,"publisher":{"@id":"https:\/\/lasentinelle.dz\/#organization"},"image":{"@id":"https:\/\/lasentinelle.dz\/index.php\/2023\/05\/22\/corruption-le-makhzen-implique-dans-un-nouveau-scandale\/#primaryimage"},"thumbnailUrl":"https:\/\/lasentinelle.dz\/wp-content\/uploads\/2023\/05\/sssssssx.png","articleSection":["\u00c0 la Une","Actualit\u00e9"],"inLanguage":"fr-FR","potentialAction":[{"@type":"CommentAction","name":"Comment","target":["https:\/\/lasentinelle.dz\/index.php\/2023\/05\/22\/corruption-le-makhzen-implique-dans-un-nouveau-scandale\/#respond"]}]},{"@type":"WebPage","@id":"https:\/\/lasentinelle.dz\/index.php\/2023\/05\/22\/corruption-le-makhzen-implique-dans-un-nouveau-scandale\/","url":"https:\/\/lasentinelle.dz\/index.php\/2023\/05\/22\/corruption-le-makhzen-implique-dans-un-nouveau-scandale\/","name":"Corruption\u00a0: Le Makhzen impliqu\u00e9 dans un nouveau scandale - La Sentinelle","isPartOf":{"@id":"https:\/\/lasentinelle.dz\/#website"},"primaryImageOfPage":{"@id":"https:\/\/lasentinelle.dz\/index.php\/2023\/05\/22\/corruption-le-makhzen-implique-dans-un-nouveau-scandale\/#primaryimage"},"image":{"@id":"https:\/\/lasentinelle.dz\/index.php\/2023\/05\/22\/corruption-le-makhzen-implique-dans-un-nouveau-scandale\/#primaryimage"},"thumbnailUrl":"https:\/\/lasentinelle.dz\/wp-content\/uploads\/2023\/05\/sssssssx.png","datePublished":"2023-05-22T21:08:00+00:00","breadcrumb":{"@id":"https:\/\/lasentinelle.dz\/index.php\/2023\/05\/22\/corruption-le-makhzen-implique-dans-un-nouveau-scandale\/#breadcrumb"},"inLanguage":"fr-FR","potentialAction":[{"@type":"ReadAction","target":["https:\/\/lasentinelle.dz\/index.php\/2023\/05\/22\/corruption-le-makhzen-implique-dans-un-nouveau-scandale\/"]}]},{"@type":"ImageObject","inLanguage":"fr-FR","@id":"https:\/\/lasentinelle.dz\/index.php\/2023\/05\/22\/corruption-le-makhzen-implique-dans-un-nouveau-scandale\/#primaryimage","url":"https:\/\/lasentinelle.dz\/wp-content\/uploads\/2023\/05\/sssssssx.png","contentUrl":"https:\/\/lasentinelle.dz\/wp-content\/uploads\/2023\/05\/sssssssx.png","width":1496,"height":900},{"@type":"BreadcrumbList","@id":"https:\/\/lasentinelle.dz\/index.php\/2023\/05\/22\/corruption-le-makhzen-implique-dans-un-nouveau-scandale\/#breadcrumb","itemListElement":[{"@type":"ListItem","position":1,"name":"Accueil","item":"https:\/\/lasentinelle.dz\/"},{"@type":"ListItem","position":2,"name":"Corruption\u00a0: Le Makhzen impliqu\u00e9 dans un nouveau scandale"}]},{"@type":"WebSite","@id":"https:\/\/lasentinelle.dz\/#website","url":"https:\/\/lasentinelle.dz\/","name":"La Sentinelle","description":"Quotidien national d&#039;information","publisher":{"@id":"https:\/\/lasentinelle.dz\/#organization"},"potentialAction":[{"@type":"SearchAction","target":{"@type":"EntryPoint","urlTemplate":"https:\/\/lasentinelle.dz\/?s={search_term_string}"},"query-input":{"@type":"PropertyValueSpecification","valueRequired":true,"valueName":"search_term_string"}}],"inLanguage":"fr-FR"},{"@type":"Organization","@id":"https:\/\/lasentinelle.dz\/#organization","name":"Quotidien La Sentinelle","url":"https:\/\/lasentinelle.dz\/","logo":{"@type":"ImageObject","inLanguage":"fr-FR","@id":"https:\/\/lasentinelle.dz\/#\/schema\/logo\/image\/","url":"https:\/\/lasentinelle.dz\/wp-content\/uploads\/2021\/09\/logo-sentinelleSLOGAN-1.png","contentUrl":"https:\/\/lasentinelle.dz\/wp-content\/uploads\/2021\/09\/logo-sentinelleSLOGAN-1.png","width":615,"height":142,"caption":"Quotidien La Sentinelle"},"image":{"@id":"https:\/\/lasentinelle.dz\/#\/schema\/logo\/image\/"},"sameAs":["https:\/\/www.facebook.com\/La-Sentinelle-104059864394773"]},{"@type":"Person","@id":"https:\/\/lasentinelle.dz\/#\/schema\/person\/d865044e22e70a75174ce8bcad3acfb3","name":"La Sentinelle","image":{"@type":"ImageObject","inLanguage":"fr-FR","@id":"https:\/\/secure.gravatar.com\/avatar\/57de8e5d4b15d43fb361a71fbb36338450fe67865b528a43dd10ef7c51a20392?s=96&d=mm&r=g","url":"https:\/\/secure.gravatar.com\/avatar\/57de8e5d4b15d43fb361a71fbb36338450fe67865b528a43dd10ef7c51a20392?s=96&d=mm&r=g","contentUrl":"https:\/\/secure.gravatar.com\/avatar\/57de8e5d4b15d43fb361a71fbb36338450fe67865b528a43dd10ef7c51a20392?s=96&d=mm&r=g","caption":"La Sentinelle"},"sameAs":["http:\/\/www.lasentinelle.dz"],"url":"https:\/\/lasentinelle.dz\/author\/redaction\/"}]}},"_links":{"self":[{"href":"https:\/\/lasentinelle.dz\/index.php\/wp-json\/wp\/v2\/posts\/41524","targetHints":{"allow":["GET"]}}],"collection":[{"href":"https:\/\/lasentinelle.dz\/index.php\/wp-json\/wp\/v2\/posts"}],"about":[{"href":"https:\/\/lasentinelle.dz\/index.php\/wp-json\/wp\/v2\/types\/post"}],"author":[{"embeddable":true,"href":"https:\/\/lasentinelle.dz\/index.php\/wp-json\/wp\/v2\/users\/3"}],"replies":[{"embeddable":true,"href":"https:\/\/lasentinelle.dz\/index.php\/wp-json\/wp\/v2\/comments?post=41524"}],"version-history":[{"count":1,"href":"https:\/\/lasentinelle.dz\/index.php\/wp-json\/wp\/v2\/posts\/41524\/revisions"}],"predecessor-version":[{"id":41535,"href":"https:\/\/lasentinelle.dz\/index.php\/wp-json\/wp\/v2\/posts\/41524\/revisions\/41535"}],"wp:featuredmedia":[{"embeddable":true,"href":"https:\/\/lasentinelle.dz\/index.php\/wp-json\/wp\/v2\/media\/41532"}],"wp:attachment":[{"href":"https:\/\/lasentinelle.dz\/index.php\/wp-json\/wp\/v2\/media?parent=41524"}],"wp:term":[{"taxonomy":"category","embeddable":true,"href":"https:\/\/lasentinelle.dz\/index.php\/wp-json\/wp\/v2\/categories?post=41524"},{"taxonomy":"post_tag","embeddable":true,"href":"https:\/\/lasentinelle.dz\/index.php\/wp-json\/wp\/v2\/tags?post=41524"}],"curies":[{"name":"wp","href":"https:\/\/api.w.org\/{rel}","templated":true}]}}