{"id":41543,"date":"2023-05-23T22:00:00","date_gmt":"2023-05-23T21:00:00","guid":{"rendered":"https:\/\/lasentinelle.dz\/?p=41543"},"modified":"2023-05-23T16:20:22","modified_gmt":"2023-05-23T15:20:22","slug":"10-points-de-penalite-pour-la-juventus-une-opportunite-pour-lac-milan","status":"publish","type":"post","link":"https:\/\/lasentinelle.dz\/index.php\/2023\/05\/23\/10-points-de-penalite-pour-la-juventus-une-opportunite-pour-lac-milan\/","title":{"rendered":"10 points de p\u00e9nalit\u00e9 pour la Juventus\u00a0: Une opportunit\u00e9 pour l\u2019AC Milan"},"content":{"rendered":"\n<p>La Juventus Turin voit encore se compliquer la route vers la prochaine Ligue des champions apr\u00e8s avoir \u00e9cop\u00e9 d&rsquo;une nouvelle p\u00e9nalit\u00e9 de 10 points, toutefois revue \u00e0 la baisse par rapport aux 15 points initiaux, pour fraudes comptables.<\/p>\n\n\n\n<p>Cette nouvelle sanction, prononc\u00e9e lundi par la cour d&rsquo;appel de la F\u00e9d\u00e9ration italienne de football, a fait brutalement reculer la Juventus de la 2e \u00e0 la 7e place au classement de Serie A, \u00e0 cinq points de la derni\u00e8re place qualificative pour la Ligue des champions occup\u00e9e par l&rsquo;AC Milan (4e). Les Bianconeri peuvent toutefois revenir \u00e0 deux points des Rossoneri d\u00e8s lundi soir en cas de succ\u00e8s \u00e0 Empoli, en cl\u00f4ture de la 36e journ\u00e9e. Et ce avant de les recevoir dimanche, ce qui entretient malgr\u00e9 tout leurs espoirs de finir dans le Top 4 et jouer la Ligue des champions, une comp\u00e9tition que la Vieille dame a toujours disput\u00e9e depuis 2012. La cour a \u00e9t\u00e9 un peu plus cl\u00e9mente que la demande du procureur f\u00e9d\u00e9ral, qui avait requis lundi matin 11 points de retrait lors de l&rsquo;audience charg\u00e9e de r\u00e9examiner cette p\u00e9nalit\u00e9. Cette m\u00eame cour d&rsquo;appel f\u00e9d\u00e9rale avait inflig\u00e9 en janvier un retrait de 15 points \u00e0 la Juve en raison de plus-values jug\u00e9es artificielles lors de certaines ventes de joueurs. Mais elle a \u00e9t\u00e9 appel\u00e9e \u00e0 r\u00e9\u00e9valuer sa sanction en avril par le Coll\u00e8ge de garantie du Comit\u00e9 olympique italien (Coni), saisi par le club turinois. Ce coll\u00e8ge, plus haut degr\u00e9 de la justice sportive en Italie, avait confirm\u00e9 une \u00ab\u00a0alt\u00e9ration volontaire et r\u00e9p\u00e9t\u00e9e des \u00e9critures comptables\u00a0\u00bb de la part de la Juve. Mais il avait suspendu la sanction en demandant que soient clarifi\u00e9es les responsabilit\u00e9s individuelles de certains dirigeants turinois, dont l&rsquo;ancien vice-pr\u00e9sident Pavel Nedved. Ce dernier a d&rsquo;ailleurs \u00e9t\u00e9 finalement acquitt\u00e9 lundi. La suspension des autres principaux dirigeants et ex-dirigeants avait \u00e9t\u00e9 confirm\u00e9e en avril: deux ans et demi de suspension pour l&rsquo;ex-directeur sportif Fabio Paratici, aujourd&rsquo;hui \u00e0 Tottenham; deux ans pour l&rsquo;ex-pr\u00e9sident Andrea Agnelli ou seize mois \u00e0 l&rsquo;actuel directeur sportif, Federico Cherubini. Les Bianconeri peuvent saisir de nouveau le Coll\u00e8ge de garantie, ce qui pourrait prolonger ce feuilleton extra-sportif au-del\u00e0 de la saison, qui se termine le 4 juin. D&rsquo;autant que la Juve risque une autre sanction, un retrait de points ou une amende, dans un autre proc\u00e9dure distincte, concernant une irr\u00e9gularit\u00e9 comptable pr\u00e9sum\u00e9e diff\u00e9rente: avoir diff\u00e9r\u00e9 le paiement des salaires de ses joueurs pendant la pand\u00e9mie de Covid-19 pour r\u00e9duire ses pertes, sans en r\u00e9f\u00e9rer aux instances sportives. La Juve est accus\u00e9 d&rsquo;avoir annonc\u00e9 le non-paiement de quatre mois de salaires, au printemps 2020, mais d&rsquo;avoir en fait convenu avec ses joueurs, via des accords priv\u00e9s, d&rsquo;en payer trois sur l&rsquo;exercice comptable ult\u00e9rieur. Elle aurait r\u00e9p\u00e9t\u00e9 ces \u00ab\u00a0man\u0153uvres salariales\u00a0\u00bb lors de la saison suivante. Les proc\u00e9dures de la justice sportive s&rsquo;appuient en grande partie sur l&rsquo;enqu\u00eate judiciaire lanc\u00e9e il y a deux ans par le parquet de Turin. Ce dernier a requis en d\u00e9cembre le renvoi en proc\u00e8s du club et de douze dirigeants et ex-dirigeants, dont l&rsquo;ex-pr\u00e9sident Andrea Agnelli, pour diff\u00e9rentes malversations financi\u00e8res pr\u00e9sum\u00e9es. Une d\u00e9cision sur un \u00e9ventuel proc\u00e8s n&rsquo;est toutefois pas attendue avant l&rsquo;automne. John Elkann, pr\u00e9sident d&rsquo;Exor, la holding de la famille Agnelli contr\u00f4lant ce club cot\u00e9 en bourse, avait r\u00e9p\u00e9t\u00e9 en avril que \u00ab\u00a0la Juventus ni(ait) tout acte r\u00e9pr\u00e9hensible\u00a0\u00bb dans ces affaires. Cern\u00e9 par les proc\u00e9dures, Andrea Agnelli a d\u00e9missionn\u00e9 fin novembre de son poste de pr\u00e9sident, apr\u00e8s douze ans de succ\u00e8s \u00e0 la t\u00eate de la Juve, comme l&rsquo;ensemble du conseil d&rsquo;administration. Outre ces proc\u00e9dures en Italie, la Juve est aussi vis\u00e9e par une enqu\u00eate de l&rsquo;UEFA sur de possibles \u00ab\u00a0violations financi\u00e8res pr\u00e9sum\u00e9es\u00a0\u00bb. Le club est sous \u00e9troite surveillance de l&rsquo;instance europ\u00e9enne avec qui elle a conclu l&rsquo;\u00e9t\u00e9 dernier un plan de redressement sur trois ans pour respecter le fair-play financier.<\/p>\n\n\n\n<p>Agences<\/p>\n","protected":false},"excerpt":{"rendered":"<p>La Juventus Turin voit encore se compliquer la route vers la prochaine Ligue des champions apr\u00e8s avoir \u00e9cop\u00e9 d&rsquo;une nouvelle<\/p>\n","protected":false},"author":3,"featured_media":41544,"comment_status":"open","ping_status":"closed","sticky":false,"template":"","format":"standard","meta":{"colormag_page_container_layout":"default_layout","colormag_page_sidebar_layout":"default_layout","om_disable_all_campaigns":false,"_monsterinsights_skip_tracking":false,"_monsterinsights_sitenote_active":false,"_monsterinsights_sitenote_note":"","_monsterinsights_sitenote_category":0,"footnotes":"","_wpscppro_dont_share_socialmedia":false,"_wpscppro_custom_social_share_image":0,"_facebook_share_type":"","_twitter_share_type":"","_linkedin_share_type":"","_pinterest_share_type":"","_linkedin_share_type_page":"","_instagram_share_type":"","_medium_share_type":"","_threads_share_type":"","_google_business_share_type":"","_selected_social_profile":[],"_wpsp_enable_custom_social_template":false,"_wpsp_social_scheduling":{"enabled":false,"datetime":null,"platforms":[],"status":"template_only","dateOption":"today","timeOption":"now","customDays":"","customHours":"","customDate":"","customTime":"","schedulingType":"absolute"},"_wpsp_active_default_template":true},"categories":[33],"tags":[],"class_list":["post-41543","post","type-post","status-publish","format-standard","has-post-thumbnail","hentry","category-sports"],"aioseo_notices":[],"yoast_head":"<!-- This site is optimized with the Yoast SEO plugin v27.5 - https:\/\/yoast.com\/product\/yoast-seo-wordpress\/ -->\n<title>10 points de p\u00e9nalit\u00e9 pour la Juventus\u00a0: Une opportunit\u00e9 pour l\u2019AC Milan - La Sentinelle<\/title>\n<meta name=\"robots\" content=\"index, follow, max-snippet:-1, max-image-preview:large, max-video-preview:-1\" \/>\n<link rel=\"canonical\" href=\"https:\/\/lasentinelle.dz\/index.php\/2023\/05\/23\/10-points-de-penalite-pour-la-juventus-une-opportunite-pour-lac-milan\/\" \/>\n<meta property=\"og:locale\" content=\"fr_FR\" \/>\n<meta property=\"og:type\" content=\"article\" \/>\n<meta property=\"og:title\" content=\"10 points de p\u00e9nalit\u00e9 pour la Juventus\u00a0: Une opportunit\u00e9 pour l\u2019AC Milan - La Sentinelle\" \/>\n<meta property=\"og:description\" content=\"La Juventus Turin voit encore se compliquer la route vers la prochaine Ligue des champions apr\u00e8s avoir \u00e9cop\u00e9 d&rsquo;une nouvelle\" \/>\n<meta property=\"og:url\" content=\"https:\/\/lasentinelle.dz\/index.php\/2023\/05\/23\/10-points-de-penalite-pour-la-juventus-une-opportunite-pour-lac-milan\/\" \/>\n<meta property=\"og:site_name\" content=\"La Sentinelle\" \/>\n<meta property=\"article:publisher\" content=\"https:\/\/www.facebook.com\/La-Sentinelle-104059864394773\" \/>\n<meta property=\"article:published_time\" content=\"2023-05-23T21:00:00+00:00\" \/>\n<meta property=\"og:image\" content=\"https:\/\/lasentinelle.dz\/wp-content\/uploads\/2023\/05\/image_2023-05-23_161716804.png\" \/>\n\t<meta property=\"og:image:width\" content=\"980\" \/>\n\t<meta property=\"og:image:height\" content=\"551\" \/>\n\t<meta property=\"og:image:type\" content=\"image\/png\" \/>\n<meta name=\"author\" content=\"La Sentinelle\" \/>\n<meta name=\"twitter:card\" content=\"summary_large_image\" \/>\n<meta name=\"twitter:label1\" content=\"\u00c9crit par\" \/>\n\t<meta name=\"twitter:data1\" content=\"La Sentinelle\" \/>\n\t<meta name=\"twitter:label2\" content=\"Dur\u00e9e de lecture estim\u00e9e\" \/>\n\t<meta name=\"twitter:data2\" content=\"4 minutes\" \/>\n<script type=\"application\/ld+json\" class=\"yoast-schema-graph\">{\"@context\":\"https:\\\/\\\/schema.org\",\"@graph\":[{\"@type\":\"Article\",\"@id\":\"https:\\\/\\\/lasentinelle.dz\\\/index.php\\\/2023\\\/05\\\/23\\\/10-points-de-penalite-pour-la-juventus-une-opportunite-pour-lac-milan\\\/#article\",\"isPartOf\":{\"@id\":\"https:\\\/\\\/lasentinelle.dz\\\/index.php\\\/2023\\\/05\\\/23\\\/10-points-de-penalite-pour-la-juventus-une-opportunite-pour-lac-milan\\\/\"},\"author\":{\"name\":\"La Sentinelle\",\"@id\":\"https:\\\/\\\/lasentinelle.dz\\\/#\\\/schema\\\/person\\\/d865044e22e70a75174ce8bcad3acfb3\"},\"headline\":\"10 points de p\u00e9nalit\u00e9 pour la Juventus\u00a0: Une opportunit\u00e9 pour l\u2019AC Milan\",\"datePublished\":\"2023-05-23T21:00:00+00:00\",\"mainEntityOfPage\":{\"@id\":\"https:\\\/\\\/lasentinelle.dz\\\/index.php\\\/2023\\\/05\\\/23\\\/10-points-de-penalite-pour-la-juventus-une-opportunite-pour-lac-milan\\\/\"},\"wordCount\":740,\"commentCount\":0,\"publisher\":{\"@id\":\"https:\\\/\\\/lasentinelle.dz\\\/#organization\"},\"image\":{\"@id\":\"https:\\\/\\\/lasentinelle.dz\\\/index.php\\\/2023\\\/05\\\/23\\\/10-points-de-penalite-pour-la-juventus-une-opportunite-pour-lac-milan\\\/#primaryimage\"},\"thumbnailUrl\":\"https:\\\/\\\/lasentinelle.dz\\\/wp-content\\\/uploads\\\/2023\\\/05\\\/image_2023-05-23_161716804.png\",\"articleSection\":[\"Sports\"],\"inLanguage\":\"fr-FR\",\"potentialAction\":[{\"@type\":\"CommentAction\",\"name\":\"Comment\",\"target\":[\"https:\\\/\\\/lasentinelle.dz\\\/index.php\\\/2023\\\/05\\\/23\\\/10-points-de-penalite-pour-la-juventus-une-opportunite-pour-lac-milan\\\/#respond\"]}]},{\"@type\":\"WebPage\",\"@id\":\"https:\\\/\\\/lasentinelle.dz\\\/index.php\\\/2023\\\/05\\\/23\\\/10-points-de-penalite-pour-la-juventus-une-opportunite-pour-lac-milan\\\/\",\"url\":\"https:\\\/\\\/lasentinelle.dz\\\/index.php\\\/2023\\\/05\\\/23\\\/10-points-de-penalite-pour-la-juventus-une-opportunite-pour-lac-milan\\\/\",\"name\":\"10 points de p\u00e9nalit\u00e9 pour la Juventus\u00a0: Une opportunit\u00e9 pour l\u2019AC Milan - La Sentinelle\",\"isPartOf\":{\"@id\":\"https:\\\/\\\/lasentinelle.dz\\\/#website\"},\"primaryImageOfPage\":{\"@id\":\"https:\\\/\\\/lasentinelle.dz\\\/index.php\\\/2023\\\/05\\\/23\\\/10-points-de-penalite-pour-la-juventus-une-opportunite-pour-lac-milan\\\/#primaryimage\"},\"image\":{\"@id\":\"https:\\\/\\\/lasentinelle.dz\\\/index.php\\\/2023\\\/05\\\/23\\\/10-points-de-penalite-pour-la-juventus-une-opportunite-pour-lac-milan\\\/#primaryimage\"},\"thumbnailUrl\":\"https:\\\/\\\/lasentinelle.dz\\\/wp-content\\\/uploads\\\/2023\\\/05\\\/image_2023-05-23_161716804.png\",\"datePublished\":\"2023-05-23T21:00:00+00:00\",\"breadcrumb\":{\"@id\":\"https:\\\/\\\/lasentinelle.dz\\\/index.php\\\/2023\\\/05\\\/23\\\/10-points-de-penalite-pour-la-juventus-une-opportunite-pour-lac-milan\\\/#breadcrumb\"},\"inLanguage\":\"fr-FR\",\"potentialAction\":[{\"@type\":\"ReadAction\",\"target\":[\"https:\\\/\\\/lasentinelle.dz\\\/index.php\\\/2023\\\/05\\\/23\\\/10-points-de-penalite-pour-la-juventus-une-opportunite-pour-lac-milan\\\/\"]}]},{\"@type\":\"ImageObject\",\"inLanguage\":\"fr-FR\",\"@id\":\"https:\\\/\\\/lasentinelle.dz\\\/index.php\\\/2023\\\/05\\\/23\\\/10-points-de-penalite-pour-la-juventus-une-opportunite-pour-lac-milan\\\/#primaryimage\",\"url\":\"https:\\\/\\\/lasentinelle.dz\\\/wp-content\\\/uploads\\\/2023\\\/05\\\/image_2023-05-23_161716804.png\",\"contentUrl\":\"https:\\\/\\\/lasentinelle.dz\\\/wp-content\\\/uploads\\\/2023\\\/05\\\/image_2023-05-23_161716804.png\",\"width\":980,\"height\":551},{\"@type\":\"BreadcrumbList\",\"@id\":\"https:\\\/\\\/lasentinelle.dz\\\/index.php\\\/2023\\\/05\\\/23\\\/10-points-de-penalite-pour-la-juventus-une-opportunite-pour-lac-milan\\\/#breadcrumb\",\"itemListElement\":[{\"@type\":\"ListItem\",\"position\":1,\"name\":\"Accueil\",\"item\":\"https:\\\/\\\/lasentinelle.dz\\\/\"},{\"@type\":\"ListItem\",\"position\":2,\"name\":\"10 points de p\u00e9nalit\u00e9 pour la Juventus\u00a0: Une opportunit\u00e9 pour l\u2019AC Milan\"}]},{\"@type\":\"WebSite\",\"@id\":\"https:\\\/\\\/lasentinelle.dz\\\/#website\",\"url\":\"https:\\\/\\\/lasentinelle.dz\\\/\",\"name\":\"La Sentinelle\",\"description\":\"Quotidien national d&#039;information\",\"publisher\":{\"@id\":\"https:\\\/\\\/lasentinelle.dz\\\/#organization\"},\"potentialAction\":[{\"@type\":\"SearchAction\",\"target\":{\"@type\":\"EntryPoint\",\"urlTemplate\":\"https:\\\/\\\/lasentinelle.dz\\\/?s={search_term_string}\"},\"query-input\":{\"@type\":\"PropertyValueSpecification\",\"valueRequired\":true,\"valueName\":\"search_term_string\"}}],\"inLanguage\":\"fr-FR\"},{\"@type\":\"Organization\",\"@id\":\"https:\\\/\\\/lasentinelle.dz\\\/#organization\",\"name\":\"Quotidien La Sentinelle\",\"url\":\"https:\\\/\\\/lasentinelle.dz\\\/\",\"logo\":{\"@type\":\"ImageObject\",\"inLanguage\":\"fr-FR\",\"@id\":\"https:\\\/\\\/lasentinelle.dz\\\/#\\\/schema\\\/logo\\\/image\\\/\",\"url\":\"https:\\\/\\\/lasentinelle.dz\\\/wp-content\\\/uploads\\\/2021\\\/09\\\/logo-sentinelleSLOGAN-1.png\",\"contentUrl\":\"https:\\\/\\\/lasentinelle.dz\\\/wp-content\\\/uploads\\\/2021\\\/09\\\/logo-sentinelleSLOGAN-1.png\",\"width\":615,\"height\":142,\"caption\":\"Quotidien La Sentinelle\"},\"image\":{\"@id\":\"https:\\\/\\\/lasentinelle.dz\\\/#\\\/schema\\\/logo\\\/image\\\/\"},\"sameAs\":[\"https:\\\/\\\/www.facebook.com\\\/La-Sentinelle-104059864394773\"]},{\"@type\":\"Person\",\"@id\":\"https:\\\/\\\/lasentinelle.dz\\\/#\\\/schema\\\/person\\\/d865044e22e70a75174ce8bcad3acfb3\",\"name\":\"La Sentinelle\",\"image\":{\"@type\":\"ImageObject\",\"inLanguage\":\"fr-FR\",\"@id\":\"https:\\\/\\\/secure.gravatar.com\\\/avatar\\\/57de8e5d4b15d43fb361a71fbb36338450fe67865b528a43dd10ef7c51a20392?s=96&d=mm&r=g\",\"url\":\"https:\\\/\\\/secure.gravatar.com\\\/avatar\\\/57de8e5d4b15d43fb361a71fbb36338450fe67865b528a43dd10ef7c51a20392?s=96&d=mm&r=g\",\"contentUrl\":\"https:\\\/\\\/secure.gravatar.com\\\/avatar\\\/57de8e5d4b15d43fb361a71fbb36338450fe67865b528a43dd10ef7c51a20392?s=96&d=mm&r=g\",\"caption\":\"La Sentinelle\"},\"sameAs\":[\"http:\\\/\\\/www.lasentinelle.dz\"],\"url\":\"https:\\\/\\\/lasentinelle.dz\\\/author\\\/redaction\\\/\"}]}<\/script>\n<!-- \/ Yoast SEO plugin. -->","yoast_head_json":{"title":"10 points de p\u00e9nalit\u00e9 pour la Juventus\u00a0: Une opportunit\u00e9 pour l\u2019AC Milan - La Sentinelle","robots":{"index":"index","follow":"follow","max-snippet":"max-snippet:-1","max-image-preview":"max-image-preview:large","max-video-preview":"max-video-preview:-1"},"canonical":"https:\/\/lasentinelle.dz\/index.php\/2023\/05\/23\/10-points-de-penalite-pour-la-juventus-une-opportunite-pour-lac-milan\/","og_locale":"fr_FR","og_type":"article","og_title":"10 points de p\u00e9nalit\u00e9 pour la Juventus\u00a0: Une opportunit\u00e9 pour l\u2019AC Milan - La Sentinelle","og_description":"La Juventus Turin voit encore se compliquer la route vers la prochaine Ligue des champions apr\u00e8s avoir \u00e9cop\u00e9 d&rsquo;une nouvelle","og_url":"https:\/\/lasentinelle.dz\/index.php\/2023\/05\/23\/10-points-de-penalite-pour-la-juventus-une-opportunite-pour-lac-milan\/","og_site_name":"La Sentinelle","article_publisher":"https:\/\/www.facebook.com\/La-Sentinelle-104059864394773","article_published_time":"2023-05-23T21:00:00+00:00","og_image":[{"width":980,"height":551,"url":"https:\/\/lasentinelle.dz\/wp-content\/uploads\/2023\/05\/image_2023-05-23_161716804.png","type":"image\/png"}],"author":"La Sentinelle","twitter_card":"summary_large_image","twitter_misc":{"\u00c9crit par":"La Sentinelle","Dur\u00e9e de lecture estim\u00e9e":"4 minutes"},"schema":{"@context":"https:\/\/schema.org","@graph":[{"@type":"Article","@id":"https:\/\/lasentinelle.dz\/index.php\/2023\/05\/23\/10-points-de-penalite-pour-la-juventus-une-opportunite-pour-lac-milan\/#article","isPartOf":{"@id":"https:\/\/lasentinelle.dz\/index.php\/2023\/05\/23\/10-points-de-penalite-pour-la-juventus-une-opportunite-pour-lac-milan\/"},"author":{"name":"La Sentinelle","@id":"https:\/\/lasentinelle.dz\/#\/schema\/person\/d865044e22e70a75174ce8bcad3acfb3"},"headline":"10 points de p\u00e9nalit\u00e9 pour la Juventus\u00a0: Une opportunit\u00e9 pour l\u2019AC Milan","datePublished":"2023-05-23T21:00:00+00:00","mainEntityOfPage":{"@id":"https:\/\/lasentinelle.dz\/index.php\/2023\/05\/23\/10-points-de-penalite-pour-la-juventus-une-opportunite-pour-lac-milan\/"},"wordCount":740,"commentCount":0,"publisher":{"@id":"https:\/\/lasentinelle.dz\/#organization"},"image":{"@id":"https:\/\/lasentinelle.dz\/index.php\/2023\/05\/23\/10-points-de-penalite-pour-la-juventus-une-opportunite-pour-lac-milan\/#primaryimage"},"thumbnailUrl":"https:\/\/lasentinelle.dz\/wp-content\/uploads\/2023\/05\/image_2023-05-23_161716804.png","articleSection":["Sports"],"inLanguage":"fr-FR","potentialAction":[{"@type":"CommentAction","name":"Comment","target":["https:\/\/lasentinelle.dz\/index.php\/2023\/05\/23\/10-points-de-penalite-pour-la-juventus-une-opportunite-pour-lac-milan\/#respond"]}]},{"@type":"WebPage","@id":"https:\/\/lasentinelle.dz\/index.php\/2023\/05\/23\/10-points-de-penalite-pour-la-juventus-une-opportunite-pour-lac-milan\/","url":"https:\/\/lasentinelle.dz\/index.php\/2023\/05\/23\/10-points-de-penalite-pour-la-juventus-une-opportunite-pour-lac-milan\/","name":"10 points de p\u00e9nalit\u00e9 pour la Juventus\u00a0: Une opportunit\u00e9 pour l\u2019AC Milan - La Sentinelle","isPartOf":{"@id":"https:\/\/lasentinelle.dz\/#website"},"primaryImageOfPage":{"@id":"https:\/\/lasentinelle.dz\/index.php\/2023\/05\/23\/10-points-de-penalite-pour-la-juventus-une-opportunite-pour-lac-milan\/#primaryimage"},"image":{"@id":"https:\/\/lasentinelle.dz\/index.php\/2023\/05\/23\/10-points-de-penalite-pour-la-juventus-une-opportunite-pour-lac-milan\/#primaryimage"},"thumbnailUrl":"https:\/\/lasentinelle.dz\/wp-content\/uploads\/2023\/05\/image_2023-05-23_161716804.png","datePublished":"2023-05-23T21:00:00+00:00","breadcrumb":{"@id":"https:\/\/lasentinelle.dz\/index.php\/2023\/05\/23\/10-points-de-penalite-pour-la-juventus-une-opportunite-pour-lac-milan\/#breadcrumb"},"inLanguage":"fr-FR","potentialAction":[{"@type":"ReadAction","target":["https:\/\/lasentinelle.dz\/index.php\/2023\/05\/23\/10-points-de-penalite-pour-la-juventus-une-opportunite-pour-lac-milan\/"]}]},{"@type":"ImageObject","inLanguage":"fr-FR","@id":"https:\/\/lasentinelle.dz\/index.php\/2023\/05\/23\/10-points-de-penalite-pour-la-juventus-une-opportunite-pour-lac-milan\/#primaryimage","url":"https:\/\/lasentinelle.dz\/wp-content\/uploads\/2023\/05\/image_2023-05-23_161716804.png","contentUrl":"https:\/\/lasentinelle.dz\/wp-content\/uploads\/2023\/05\/image_2023-05-23_161716804.png","width":980,"height":551},{"@type":"BreadcrumbList","@id":"https:\/\/lasentinelle.dz\/index.php\/2023\/05\/23\/10-points-de-penalite-pour-la-juventus-une-opportunite-pour-lac-milan\/#breadcrumb","itemListElement":[{"@type":"ListItem","position":1,"name":"Accueil","item":"https:\/\/lasentinelle.dz\/"},{"@type":"ListItem","position":2,"name":"10 points de p\u00e9nalit\u00e9 pour la Juventus\u00a0: Une opportunit\u00e9 pour l\u2019AC Milan"}]},{"@type":"WebSite","@id":"https:\/\/lasentinelle.dz\/#website","url":"https:\/\/lasentinelle.dz\/","name":"La Sentinelle","description":"Quotidien national d&#039;information","publisher":{"@id":"https:\/\/lasentinelle.dz\/#organization"},"potentialAction":[{"@type":"SearchAction","target":{"@type":"EntryPoint","urlTemplate":"https:\/\/lasentinelle.dz\/?s={search_term_string}"},"query-input":{"@type":"PropertyValueSpecification","valueRequired":true,"valueName":"search_term_string"}}],"inLanguage":"fr-FR"},{"@type":"Organization","@id":"https:\/\/lasentinelle.dz\/#organization","name":"Quotidien La Sentinelle","url":"https:\/\/lasentinelle.dz\/","logo":{"@type":"ImageObject","inLanguage":"fr-FR","@id":"https:\/\/lasentinelle.dz\/#\/schema\/logo\/image\/","url":"https:\/\/lasentinelle.dz\/wp-content\/uploads\/2021\/09\/logo-sentinelleSLOGAN-1.png","contentUrl":"https:\/\/lasentinelle.dz\/wp-content\/uploads\/2021\/09\/logo-sentinelleSLOGAN-1.png","width":615,"height":142,"caption":"Quotidien La Sentinelle"},"image":{"@id":"https:\/\/lasentinelle.dz\/#\/schema\/logo\/image\/"},"sameAs":["https:\/\/www.facebook.com\/La-Sentinelle-104059864394773"]},{"@type":"Person","@id":"https:\/\/lasentinelle.dz\/#\/schema\/person\/d865044e22e70a75174ce8bcad3acfb3","name":"La Sentinelle","image":{"@type":"ImageObject","inLanguage":"fr-FR","@id":"https:\/\/secure.gravatar.com\/avatar\/57de8e5d4b15d43fb361a71fbb36338450fe67865b528a43dd10ef7c51a20392?s=96&d=mm&r=g","url":"https:\/\/secure.gravatar.com\/avatar\/57de8e5d4b15d43fb361a71fbb36338450fe67865b528a43dd10ef7c51a20392?s=96&d=mm&r=g","contentUrl":"https:\/\/secure.gravatar.com\/avatar\/57de8e5d4b15d43fb361a71fbb36338450fe67865b528a43dd10ef7c51a20392?s=96&d=mm&r=g","caption":"La Sentinelle"},"sameAs":["http:\/\/www.lasentinelle.dz"],"url":"https:\/\/lasentinelle.dz\/author\/redaction\/"}]}},"_links":{"self":[{"href":"https:\/\/lasentinelle.dz\/index.php\/wp-json\/wp\/v2\/posts\/41543","targetHints":{"allow":["GET"]}}],"collection":[{"href":"https:\/\/lasentinelle.dz\/index.php\/wp-json\/wp\/v2\/posts"}],"about":[{"href":"https:\/\/lasentinelle.dz\/index.php\/wp-json\/wp\/v2\/types\/post"}],"author":[{"embeddable":true,"href":"https:\/\/lasentinelle.dz\/index.php\/wp-json\/wp\/v2\/users\/3"}],"replies":[{"embeddable":true,"href":"https:\/\/lasentinelle.dz\/index.php\/wp-json\/wp\/v2\/comments?post=41543"}],"version-history":[{"count":1,"href":"https:\/\/lasentinelle.dz\/index.php\/wp-json\/wp\/v2\/posts\/41543\/revisions"}],"predecessor-version":[{"id":41548,"href":"https:\/\/lasentinelle.dz\/index.php\/wp-json\/wp\/v2\/posts\/41543\/revisions\/41548"}],"wp:featuredmedia":[{"embeddable":true,"href":"https:\/\/lasentinelle.dz\/index.php\/wp-json\/wp\/v2\/media\/41544"}],"wp:attachment":[{"href":"https:\/\/lasentinelle.dz\/index.php\/wp-json\/wp\/v2\/media?parent=41543"}],"wp:term":[{"taxonomy":"category","embeddable":true,"href":"https:\/\/lasentinelle.dz\/index.php\/wp-json\/wp\/v2\/categories?post=41543"},{"taxonomy":"post_tag","embeddable":true,"href":"https:\/\/lasentinelle.dz\/index.php\/wp-json\/wp\/v2\/tags?post=41543"}],"curies":[{"name":"wp","href":"https:\/\/api.w.org\/{rel}","templated":true}]}}