{"id":41552,"date":"2023-05-23T22:00:00","date_gmt":"2023-05-23T21:00:00","guid":{"rendered":"https:\/\/lasentinelle.dz\/?p=41552"},"modified":"2023-05-23T16:26:03","modified_gmt":"2023-05-23T15:26:03","slug":"presidentielle-en-turquie-le-candidat-sinan-ogan-soutient-le-president-erdogan-au-second-tour","status":"publish","type":"post","link":"https:\/\/lasentinelle.dz\/index.php\/2023\/05\/23\/presidentielle-en-turquie-le-candidat-sinan-ogan-soutient-le-president-erdogan-au-second-tour\/","title":{"rendered":"Pr\u00e9sidentielle en Turquie\u00a0: Le candidat Sinan Ogan soutient le pr\u00e9sident Erdogan au second tour"},"content":{"rendered":"\n<p>Le candidat arriv\u00e9 en troisi\u00e8me position lors de l&rsquo;\u00e9lection pr\u00e9sidentielle de la semaine derni\u00e8re en Turquie, Sinan Ogan, a apport\u00e9 son soutien au Pr\u00e9sident Recep Tayyip Erdogan en vue du second tour de scrutin pr\u00e9vu dimanche prochain, 28 mai, ont rapport\u00e9 mardi des m\u00e9dias. \u00ab\u00a0Je d\u00e9clare que nous soutiendrons le candidat de l&rsquo;Alliance populaire, Recep Tayyip Erdogan, au second tour de l&rsquo;\u00e9lection pr\u00e9sidentielle\u00a0\u00bb, a d\u00e9clar\u00e9 Ogan \u00e0 la presse, lundi. Appelant ses partisans \u00e0 soutenir Erdogan au second tour, il a ajout\u00e9 : \u00ab\u00a0Nous avons men\u00e9 toutes sortes de consultations avant d&rsquo;en arriver \u00e0 cette derni\u00e8re d\u00e9cision ( ) que nous estimons \u00eatre la meilleure pour notre pays et notre nation\u00a0\u00bb. Des millions d&rsquo;\u00e9lecteurs se sont rendus aux urnes le 14 mai pour \u00e9lire le pr\u00e9sident du pays et les membres de son parlement de 600 si\u00e8ges. L&rsquo;Alliance populaire du pr\u00e9sident Recep Tayyip Erdogan a remport\u00e9 la majorit\u00e9 des si\u00e8ges au parlement, tandis que la course \u00e0 la pr\u00e9sidence sera d\u00e9cid\u00e9e lors d\u2019un second tour pr\u00e9vu le 28 mai. Lors du second tour, le candidat-pr\u00e9sident affrontera Kemal Kilicdaroglu, chef du Parti r\u00e9publicain du peuple (CHP), principal parti d&rsquo;opposition, et candidat commun de l&rsquo;Alliance de la nation, qui regroupe six partis d&rsquo;opposition. Le premier tour avait vu Recep Tayyip Erdogan obtenir 49,52 % des voix, tandis que Kilicdaroglu est arriv\u00e9 en deuxi\u00e8me position avec 44,88 %. Sinan Ogan, de l&rsquo;alliance ATA, a obtenu 5,17 % des voix.<\/p>\n\n\n\n<p>APS<\/p>\n","protected":false},"excerpt":{"rendered":"<p>Le candidat arriv\u00e9 en troisi\u00e8me position lors de l&rsquo;\u00e9lection pr\u00e9sidentielle de la semaine derni\u00e8re en Turquie, Sinan Ogan, a apport\u00e9<\/p>\n","protected":false},"author":3,"featured_media":41568,"comment_status":"open","ping_status":"closed","sticky":false,"template":"","format":"standard","meta":{"colormag_page_container_layout":"default_layout","colormag_page_sidebar_layout":"default_layout","om_disable_all_campaigns":false,"_monsterinsights_skip_tracking":false,"_monsterinsights_sitenote_active":false,"_monsterinsights_sitenote_note":"","_monsterinsights_sitenote_category":0,"footnotes":"","_wpscppro_dont_share_socialmedia":false,"_wpscppro_custom_social_share_image":0,"_facebook_share_type":"","_twitter_share_type":"","_linkedin_share_type":"","_pinterest_share_type":"","_linkedin_share_type_page":"","_instagram_share_type":"","_medium_share_type":"","_threads_share_type":"","_google_business_share_type":"","_selected_social_profile":[],"_wpsp_enable_custom_social_template":false,"_wpsp_social_scheduling":{"enabled":false,"datetime":null,"platforms":[],"status":"template_only","dateOption":"today","timeOption":"now","customDays":"","customHours":"","customDate":"","customTime":"","schedulingType":"absolute"},"_wpsp_active_default_template":true},"categories":[37],"tags":[],"class_list":["post-41552","post","type-post","status-publish","format-standard","has-post-thumbnail","hentry","category-monde"],"aioseo_notices":[],"yoast_head":"<!-- This site is optimized with the Yoast SEO plugin v27.5 - https:\/\/yoast.com\/product\/yoast-seo-wordpress\/ -->\n<title>Pr\u00e9sidentielle en Turquie\u00a0: Le candidat Sinan Ogan soutient le pr\u00e9sident Erdogan au second tour - La Sentinelle<\/title>\n<meta name=\"robots\" content=\"index, follow, max-snippet:-1, max-image-preview:large, max-video-preview:-1\" \/>\n<link rel=\"canonical\" href=\"https:\/\/lasentinelle.dz\/index.php\/2023\/05\/23\/presidentielle-en-turquie-le-candidat-sinan-ogan-soutient-le-president-erdogan-au-second-tour\/\" \/>\n<meta property=\"og:locale\" content=\"fr_FR\" \/>\n<meta property=\"og:type\" content=\"article\" \/>\n<meta property=\"og:title\" content=\"Pr\u00e9sidentielle en Turquie\u00a0: Le candidat Sinan Ogan soutient le pr\u00e9sident Erdogan au second tour - La Sentinelle\" \/>\n<meta property=\"og:description\" content=\"Le candidat arriv\u00e9 en troisi\u00e8me position lors de l&rsquo;\u00e9lection pr\u00e9sidentielle de la semaine derni\u00e8re en Turquie, Sinan Ogan, a apport\u00e9\" \/>\n<meta property=\"og:url\" content=\"https:\/\/lasentinelle.dz\/index.php\/2023\/05\/23\/presidentielle-en-turquie-le-candidat-sinan-ogan-soutient-le-president-erdogan-au-second-tour\/\" \/>\n<meta property=\"og:site_name\" content=\"La Sentinelle\" \/>\n<meta property=\"article:publisher\" content=\"https:\/\/www.facebook.com\/La-Sentinelle-104059864394773\" \/>\n<meta property=\"article:published_time\" content=\"2023-05-23T21:00:00+00:00\" \/>\n<meta property=\"og:image\" content=\"https:\/\/lasentinelle.dz\/wp-content\/uploads\/2023\/05\/image_2023-05-23_162553802.png\" \/>\n\t<meta property=\"og:image:width\" content=\"275\" \/>\n\t<meta property=\"og:image:height\" content=\"183\" \/>\n\t<meta property=\"og:image:type\" content=\"image\/png\" \/>\n<meta name=\"author\" content=\"La Sentinelle\" \/>\n<meta name=\"twitter:card\" content=\"summary_large_image\" \/>\n<meta name=\"twitter:label1\" content=\"\u00c9crit par\" \/>\n\t<meta name=\"twitter:data1\" content=\"La Sentinelle\" \/>\n\t<meta name=\"twitter:label2\" content=\"Dur\u00e9e de lecture estim\u00e9e\" \/>\n\t<meta name=\"twitter:data2\" content=\"2 minutes\" \/>\n<script type=\"application\/ld+json\" class=\"yoast-schema-graph\">{\"@context\":\"https:\\\/\\\/schema.org\",\"@graph\":[{\"@type\":\"Article\",\"@id\":\"https:\\\/\\\/lasentinelle.dz\\\/index.php\\\/2023\\\/05\\\/23\\\/presidentielle-en-turquie-le-candidat-sinan-ogan-soutient-le-president-erdogan-au-second-tour\\\/#article\",\"isPartOf\":{\"@id\":\"https:\\\/\\\/lasentinelle.dz\\\/index.php\\\/2023\\\/05\\\/23\\\/presidentielle-en-turquie-le-candidat-sinan-ogan-soutient-le-president-erdogan-au-second-tour\\\/\"},\"author\":{\"name\":\"La Sentinelle\",\"@id\":\"https:\\\/\\\/lasentinelle.dz\\\/#\\\/schema\\\/person\\\/d865044e22e70a75174ce8bcad3acfb3\"},\"headline\":\"Pr\u00e9sidentielle en Turquie\u00a0: Le candidat Sinan Ogan soutient le pr\u00e9sident Erdogan au second tour\",\"datePublished\":\"2023-05-23T21:00:00+00:00\",\"mainEntityOfPage\":{\"@id\":\"https:\\\/\\\/lasentinelle.dz\\\/index.php\\\/2023\\\/05\\\/23\\\/presidentielle-en-turquie-le-candidat-sinan-ogan-soutient-le-president-erdogan-au-second-tour\\\/\"},\"wordCount\":269,\"commentCount\":0,\"publisher\":{\"@id\":\"https:\\\/\\\/lasentinelle.dz\\\/#organization\"},\"image\":{\"@id\":\"https:\\\/\\\/lasentinelle.dz\\\/index.php\\\/2023\\\/05\\\/23\\\/presidentielle-en-turquie-le-candidat-sinan-ogan-soutient-le-president-erdogan-au-second-tour\\\/#primaryimage\"},\"thumbnailUrl\":\"https:\\\/\\\/lasentinelle.dz\\\/wp-content\\\/uploads\\\/2023\\\/05\\\/image_2023-05-23_162553802.png\",\"articleSection\":[\"Monde\"],\"inLanguage\":\"fr-FR\",\"potentialAction\":[{\"@type\":\"CommentAction\",\"name\":\"Comment\",\"target\":[\"https:\\\/\\\/lasentinelle.dz\\\/index.php\\\/2023\\\/05\\\/23\\\/presidentielle-en-turquie-le-candidat-sinan-ogan-soutient-le-president-erdogan-au-second-tour\\\/#respond\"]}]},{\"@type\":\"WebPage\",\"@id\":\"https:\\\/\\\/lasentinelle.dz\\\/index.php\\\/2023\\\/05\\\/23\\\/presidentielle-en-turquie-le-candidat-sinan-ogan-soutient-le-president-erdogan-au-second-tour\\\/\",\"url\":\"https:\\\/\\\/lasentinelle.dz\\\/index.php\\\/2023\\\/05\\\/23\\\/presidentielle-en-turquie-le-candidat-sinan-ogan-soutient-le-president-erdogan-au-second-tour\\\/\",\"name\":\"Pr\u00e9sidentielle en Turquie\u00a0: Le candidat Sinan Ogan soutient le pr\u00e9sident Erdogan au second tour - La Sentinelle\",\"isPartOf\":{\"@id\":\"https:\\\/\\\/lasentinelle.dz\\\/#website\"},\"primaryImageOfPage\":{\"@id\":\"https:\\\/\\\/lasentinelle.dz\\\/index.php\\\/2023\\\/05\\\/23\\\/presidentielle-en-turquie-le-candidat-sinan-ogan-soutient-le-president-erdogan-au-second-tour\\\/#primaryimage\"},\"image\":{\"@id\":\"https:\\\/\\\/lasentinelle.dz\\\/index.php\\\/2023\\\/05\\\/23\\\/presidentielle-en-turquie-le-candidat-sinan-ogan-soutient-le-president-erdogan-au-second-tour\\\/#primaryimage\"},\"thumbnailUrl\":\"https:\\\/\\\/lasentinelle.dz\\\/wp-content\\\/uploads\\\/2023\\\/05\\\/image_2023-05-23_162553802.png\",\"datePublished\":\"2023-05-23T21:00:00+00:00\",\"breadcrumb\":{\"@id\":\"https:\\\/\\\/lasentinelle.dz\\\/index.php\\\/2023\\\/05\\\/23\\\/presidentielle-en-turquie-le-candidat-sinan-ogan-soutient-le-president-erdogan-au-second-tour\\\/#breadcrumb\"},\"inLanguage\":\"fr-FR\",\"potentialAction\":[{\"@type\":\"ReadAction\",\"target\":[\"https:\\\/\\\/lasentinelle.dz\\\/index.php\\\/2023\\\/05\\\/23\\\/presidentielle-en-turquie-le-candidat-sinan-ogan-soutient-le-president-erdogan-au-second-tour\\\/\"]}]},{\"@type\":\"ImageObject\",\"inLanguage\":\"fr-FR\",\"@id\":\"https:\\\/\\\/lasentinelle.dz\\\/index.php\\\/2023\\\/05\\\/23\\\/presidentielle-en-turquie-le-candidat-sinan-ogan-soutient-le-president-erdogan-au-second-tour\\\/#primaryimage\",\"url\":\"https:\\\/\\\/lasentinelle.dz\\\/wp-content\\\/uploads\\\/2023\\\/05\\\/image_2023-05-23_162553802.png\",\"contentUrl\":\"https:\\\/\\\/lasentinelle.dz\\\/wp-content\\\/uploads\\\/2023\\\/05\\\/image_2023-05-23_162553802.png\",\"width\":275,\"height\":183},{\"@type\":\"BreadcrumbList\",\"@id\":\"https:\\\/\\\/lasentinelle.dz\\\/index.php\\\/2023\\\/05\\\/23\\\/presidentielle-en-turquie-le-candidat-sinan-ogan-soutient-le-president-erdogan-au-second-tour\\\/#breadcrumb\",\"itemListElement\":[{\"@type\":\"ListItem\",\"position\":1,\"name\":\"Accueil\",\"item\":\"https:\\\/\\\/lasentinelle.dz\\\/\"},{\"@type\":\"ListItem\",\"position\":2,\"name\":\"Pr\u00e9sidentielle en Turquie\u00a0: Le candidat Sinan Ogan soutient le pr\u00e9sident Erdogan au second tour\"}]},{\"@type\":\"WebSite\",\"@id\":\"https:\\\/\\\/lasentinelle.dz\\\/#website\",\"url\":\"https:\\\/\\\/lasentinelle.dz\\\/\",\"name\":\"La Sentinelle\",\"description\":\"Quotidien national d&#039;information\",\"publisher\":{\"@id\":\"https:\\\/\\\/lasentinelle.dz\\\/#organization\"},\"potentialAction\":[{\"@type\":\"SearchAction\",\"target\":{\"@type\":\"EntryPoint\",\"urlTemplate\":\"https:\\\/\\\/lasentinelle.dz\\\/?s={search_term_string}\"},\"query-input\":{\"@type\":\"PropertyValueSpecification\",\"valueRequired\":true,\"valueName\":\"search_term_string\"}}],\"inLanguage\":\"fr-FR\"},{\"@type\":\"Organization\",\"@id\":\"https:\\\/\\\/lasentinelle.dz\\\/#organization\",\"name\":\"Quotidien La Sentinelle\",\"url\":\"https:\\\/\\\/lasentinelle.dz\\\/\",\"logo\":{\"@type\":\"ImageObject\",\"inLanguage\":\"fr-FR\",\"@id\":\"https:\\\/\\\/lasentinelle.dz\\\/#\\\/schema\\\/logo\\\/image\\\/\",\"url\":\"https:\\\/\\\/lasentinelle.dz\\\/wp-content\\\/uploads\\\/2021\\\/09\\\/logo-sentinelleSLOGAN-1.png\",\"contentUrl\":\"https:\\\/\\\/lasentinelle.dz\\\/wp-content\\\/uploads\\\/2021\\\/09\\\/logo-sentinelleSLOGAN-1.png\",\"width\":615,\"height\":142,\"caption\":\"Quotidien La Sentinelle\"},\"image\":{\"@id\":\"https:\\\/\\\/lasentinelle.dz\\\/#\\\/schema\\\/logo\\\/image\\\/\"},\"sameAs\":[\"https:\\\/\\\/www.facebook.com\\\/La-Sentinelle-104059864394773\"]},{\"@type\":\"Person\",\"@id\":\"https:\\\/\\\/lasentinelle.dz\\\/#\\\/schema\\\/person\\\/d865044e22e70a75174ce8bcad3acfb3\",\"name\":\"La Sentinelle\",\"image\":{\"@type\":\"ImageObject\",\"inLanguage\":\"fr-FR\",\"@id\":\"https:\\\/\\\/secure.gravatar.com\\\/avatar\\\/57de8e5d4b15d43fb361a71fbb36338450fe67865b528a43dd10ef7c51a20392?s=96&d=mm&r=g\",\"url\":\"https:\\\/\\\/secure.gravatar.com\\\/avatar\\\/57de8e5d4b15d43fb361a71fbb36338450fe67865b528a43dd10ef7c51a20392?s=96&d=mm&r=g\",\"contentUrl\":\"https:\\\/\\\/secure.gravatar.com\\\/avatar\\\/57de8e5d4b15d43fb361a71fbb36338450fe67865b528a43dd10ef7c51a20392?s=96&d=mm&r=g\",\"caption\":\"La Sentinelle\"},\"sameAs\":[\"http:\\\/\\\/www.lasentinelle.dz\"],\"url\":\"https:\\\/\\\/lasentinelle.dz\\\/author\\\/redaction\\\/\"}]}<\/script>\n<!-- \/ Yoast SEO plugin. -->","yoast_head_json":{"title":"Pr\u00e9sidentielle en Turquie\u00a0: Le candidat Sinan Ogan soutient le pr\u00e9sident Erdogan au second tour - La Sentinelle","robots":{"index":"index","follow":"follow","max-snippet":"max-snippet:-1","max-image-preview":"max-image-preview:large","max-video-preview":"max-video-preview:-1"},"canonical":"https:\/\/lasentinelle.dz\/index.php\/2023\/05\/23\/presidentielle-en-turquie-le-candidat-sinan-ogan-soutient-le-president-erdogan-au-second-tour\/","og_locale":"fr_FR","og_type":"article","og_title":"Pr\u00e9sidentielle en Turquie\u00a0: Le candidat Sinan Ogan soutient le pr\u00e9sident Erdogan au second tour - La Sentinelle","og_description":"Le candidat arriv\u00e9 en troisi\u00e8me position lors de l&rsquo;\u00e9lection pr\u00e9sidentielle de la semaine derni\u00e8re en Turquie, Sinan Ogan, a apport\u00e9","og_url":"https:\/\/lasentinelle.dz\/index.php\/2023\/05\/23\/presidentielle-en-turquie-le-candidat-sinan-ogan-soutient-le-president-erdogan-au-second-tour\/","og_site_name":"La Sentinelle","article_publisher":"https:\/\/www.facebook.com\/La-Sentinelle-104059864394773","article_published_time":"2023-05-23T21:00:00+00:00","og_image":[{"width":275,"height":183,"url":"https:\/\/lasentinelle.dz\/wp-content\/uploads\/2023\/05\/image_2023-05-23_162553802.png","type":"image\/png"}],"author":"La Sentinelle","twitter_card":"summary_large_image","twitter_misc":{"\u00c9crit par":"La Sentinelle","Dur\u00e9e de lecture estim\u00e9e":"2 minutes"},"schema":{"@context":"https:\/\/schema.org","@graph":[{"@type":"Article","@id":"https:\/\/lasentinelle.dz\/index.php\/2023\/05\/23\/presidentielle-en-turquie-le-candidat-sinan-ogan-soutient-le-president-erdogan-au-second-tour\/#article","isPartOf":{"@id":"https:\/\/lasentinelle.dz\/index.php\/2023\/05\/23\/presidentielle-en-turquie-le-candidat-sinan-ogan-soutient-le-president-erdogan-au-second-tour\/"},"author":{"name":"La Sentinelle","@id":"https:\/\/lasentinelle.dz\/#\/schema\/person\/d865044e22e70a75174ce8bcad3acfb3"},"headline":"Pr\u00e9sidentielle en Turquie\u00a0: Le candidat Sinan Ogan soutient le pr\u00e9sident Erdogan au second tour","datePublished":"2023-05-23T21:00:00+00:00","mainEntityOfPage":{"@id":"https:\/\/lasentinelle.dz\/index.php\/2023\/05\/23\/presidentielle-en-turquie-le-candidat-sinan-ogan-soutient-le-president-erdogan-au-second-tour\/"},"wordCount":269,"commentCount":0,"publisher":{"@id":"https:\/\/lasentinelle.dz\/#organization"},"image":{"@id":"https:\/\/lasentinelle.dz\/index.php\/2023\/05\/23\/presidentielle-en-turquie-le-candidat-sinan-ogan-soutient-le-president-erdogan-au-second-tour\/#primaryimage"},"thumbnailUrl":"https:\/\/lasentinelle.dz\/wp-content\/uploads\/2023\/05\/image_2023-05-23_162553802.png","articleSection":["Monde"],"inLanguage":"fr-FR","potentialAction":[{"@type":"CommentAction","name":"Comment","target":["https:\/\/lasentinelle.dz\/index.php\/2023\/05\/23\/presidentielle-en-turquie-le-candidat-sinan-ogan-soutient-le-president-erdogan-au-second-tour\/#respond"]}]},{"@type":"WebPage","@id":"https:\/\/lasentinelle.dz\/index.php\/2023\/05\/23\/presidentielle-en-turquie-le-candidat-sinan-ogan-soutient-le-president-erdogan-au-second-tour\/","url":"https:\/\/lasentinelle.dz\/index.php\/2023\/05\/23\/presidentielle-en-turquie-le-candidat-sinan-ogan-soutient-le-president-erdogan-au-second-tour\/","name":"Pr\u00e9sidentielle en Turquie\u00a0: Le candidat Sinan Ogan soutient le pr\u00e9sident Erdogan au second tour - La Sentinelle","isPartOf":{"@id":"https:\/\/lasentinelle.dz\/#website"},"primaryImageOfPage":{"@id":"https:\/\/lasentinelle.dz\/index.php\/2023\/05\/23\/presidentielle-en-turquie-le-candidat-sinan-ogan-soutient-le-president-erdogan-au-second-tour\/#primaryimage"},"image":{"@id":"https:\/\/lasentinelle.dz\/index.php\/2023\/05\/23\/presidentielle-en-turquie-le-candidat-sinan-ogan-soutient-le-president-erdogan-au-second-tour\/#primaryimage"},"thumbnailUrl":"https:\/\/lasentinelle.dz\/wp-content\/uploads\/2023\/05\/image_2023-05-23_162553802.png","datePublished":"2023-05-23T21:00:00+00:00","breadcrumb":{"@id":"https:\/\/lasentinelle.dz\/index.php\/2023\/05\/23\/presidentielle-en-turquie-le-candidat-sinan-ogan-soutient-le-president-erdogan-au-second-tour\/#breadcrumb"},"inLanguage":"fr-FR","potentialAction":[{"@type":"ReadAction","target":["https:\/\/lasentinelle.dz\/index.php\/2023\/05\/23\/presidentielle-en-turquie-le-candidat-sinan-ogan-soutient-le-president-erdogan-au-second-tour\/"]}]},{"@type":"ImageObject","inLanguage":"fr-FR","@id":"https:\/\/lasentinelle.dz\/index.php\/2023\/05\/23\/presidentielle-en-turquie-le-candidat-sinan-ogan-soutient-le-president-erdogan-au-second-tour\/#primaryimage","url":"https:\/\/lasentinelle.dz\/wp-content\/uploads\/2023\/05\/image_2023-05-23_162553802.png","contentUrl":"https:\/\/lasentinelle.dz\/wp-content\/uploads\/2023\/05\/image_2023-05-23_162553802.png","width":275,"height":183},{"@type":"BreadcrumbList","@id":"https:\/\/lasentinelle.dz\/index.php\/2023\/05\/23\/presidentielle-en-turquie-le-candidat-sinan-ogan-soutient-le-president-erdogan-au-second-tour\/#breadcrumb","itemListElement":[{"@type":"ListItem","position":1,"name":"Accueil","item":"https:\/\/lasentinelle.dz\/"},{"@type":"ListItem","position":2,"name":"Pr\u00e9sidentielle en Turquie\u00a0: Le candidat Sinan Ogan soutient le pr\u00e9sident Erdogan au second tour"}]},{"@type":"WebSite","@id":"https:\/\/lasentinelle.dz\/#website","url":"https:\/\/lasentinelle.dz\/","name":"La Sentinelle","description":"Quotidien national d&#039;information","publisher":{"@id":"https:\/\/lasentinelle.dz\/#organization"},"potentialAction":[{"@type":"SearchAction","target":{"@type":"EntryPoint","urlTemplate":"https:\/\/lasentinelle.dz\/?s={search_term_string}"},"query-input":{"@type":"PropertyValueSpecification","valueRequired":true,"valueName":"search_term_string"}}],"inLanguage":"fr-FR"},{"@type":"Organization","@id":"https:\/\/lasentinelle.dz\/#organization","name":"Quotidien La Sentinelle","url":"https:\/\/lasentinelle.dz\/","logo":{"@type":"ImageObject","inLanguage":"fr-FR","@id":"https:\/\/lasentinelle.dz\/#\/schema\/logo\/image\/","url":"https:\/\/lasentinelle.dz\/wp-content\/uploads\/2021\/09\/logo-sentinelleSLOGAN-1.png","contentUrl":"https:\/\/lasentinelle.dz\/wp-content\/uploads\/2021\/09\/logo-sentinelleSLOGAN-1.png","width":615,"height":142,"caption":"Quotidien La Sentinelle"},"image":{"@id":"https:\/\/lasentinelle.dz\/#\/schema\/logo\/image\/"},"sameAs":["https:\/\/www.facebook.com\/La-Sentinelle-104059864394773"]},{"@type":"Person","@id":"https:\/\/lasentinelle.dz\/#\/schema\/person\/d865044e22e70a75174ce8bcad3acfb3","name":"La Sentinelle","image":{"@type":"ImageObject","inLanguage":"fr-FR","@id":"https:\/\/secure.gravatar.com\/avatar\/57de8e5d4b15d43fb361a71fbb36338450fe67865b528a43dd10ef7c51a20392?s=96&d=mm&r=g","url":"https:\/\/secure.gravatar.com\/avatar\/57de8e5d4b15d43fb361a71fbb36338450fe67865b528a43dd10ef7c51a20392?s=96&d=mm&r=g","contentUrl":"https:\/\/secure.gravatar.com\/avatar\/57de8e5d4b15d43fb361a71fbb36338450fe67865b528a43dd10ef7c51a20392?s=96&d=mm&r=g","caption":"La Sentinelle"},"sameAs":["http:\/\/www.lasentinelle.dz"],"url":"https:\/\/lasentinelle.dz\/author\/redaction\/"}]}},"_links":{"self":[{"href":"https:\/\/lasentinelle.dz\/index.php\/wp-json\/wp\/v2\/posts\/41552","targetHints":{"allow":["GET"]}}],"collection":[{"href":"https:\/\/lasentinelle.dz\/index.php\/wp-json\/wp\/v2\/posts"}],"about":[{"href":"https:\/\/lasentinelle.dz\/index.php\/wp-json\/wp\/v2\/types\/post"}],"author":[{"embeddable":true,"href":"https:\/\/lasentinelle.dz\/index.php\/wp-json\/wp\/v2\/users\/3"}],"replies":[{"embeddable":true,"href":"https:\/\/lasentinelle.dz\/index.php\/wp-json\/wp\/v2\/comments?post=41552"}],"version-history":[{"count":1,"href":"https:\/\/lasentinelle.dz\/index.php\/wp-json\/wp\/v2\/posts\/41552\/revisions"}],"predecessor-version":[{"id":41569,"href":"https:\/\/lasentinelle.dz\/index.php\/wp-json\/wp\/v2\/posts\/41552\/revisions\/41569"}],"wp:featuredmedia":[{"embeddable":true,"href":"https:\/\/lasentinelle.dz\/index.php\/wp-json\/wp\/v2\/media\/41568"}],"wp:attachment":[{"href":"https:\/\/lasentinelle.dz\/index.php\/wp-json\/wp\/v2\/media?parent=41552"}],"wp:term":[{"taxonomy":"category","embeddable":true,"href":"https:\/\/lasentinelle.dz\/index.php\/wp-json\/wp\/v2\/categories?post=41552"},{"taxonomy":"post_tag","embeddable":true,"href":"https:\/\/lasentinelle.dz\/index.php\/wp-json\/wp\/v2\/tags?post=41552"}],"curies":[{"name":"wp","href":"https:\/\/api.w.org\/{rel}","templated":true}]}}