{"id":41604,"date":"2023-05-23T22:05:00","date_gmt":"2023-05-23T21:05:00","guid":{"rendered":"https:\/\/lasentinelle.dz\/?p=41604"},"modified":"2023-05-23T20:38:46","modified_gmt":"2023-05-23T19:38:46","slug":"mohamed-vi-atteint-de-sarcoidose-et-darythmie-cardiaque-avec-un-roi-malade-le-maroc-senfonce-dans-la-crise","status":"publish","type":"post","link":"https:\/\/lasentinelle.dz\/index.php\/2023\/05\/23\/mohamed-vi-atteint-de-sarcoidose-et-darythmie-cardiaque-avec-un-roi-malade-le-maroc-senfonce-dans-la-crise\/","title":{"rendered":"Mohamed VI atteint de sarco\u00efdose et d\u2019arythmie cardiaque\u00a0: Avec un roi malade, le Maroc s\u2019enfonce dans la crise"},"content":{"rendered":"\n<p>La monarchie marocaine vit une crise politique latente. Les apparitions du roi en public se font de plus en plus rares, alors qu\u2019il a pass\u00e9 200 jours \u00e0 l\u2019\u00e9tranger l\u2019ann\u00e9e derni\u00e8re, pour des soins ou \u00ab&nbsp;pour se reposer&nbsp;\u00bb affirme-t-on du c\u00f4t\u00e9 du palais royal. Le Makhzen a d\u2019ailleurs voulu faire un coup de com il y a quelques jours pour faire croire que le \u00ab&nbsp;Maroc va bien&nbsp;\u00bb et qui\u2019il \u00ab&nbsp;avance&nbsp;\u00bb. Il a fait sortir le monarque sur le perron du palais pour pr\u00e9senter une soit-disant \u00ab&nbsp;voiture 100% marocaine&nbsp;\u00bb, qui est en r\u00e9alit\u00e9 con\u00e7ue en Italie et fabriqu\u00e9e en France&nbsp;! Le fait est que la seule chose qui aura retenu l\u2019attention au cours de cette mascarade, c\u2019est bien l\u2019\u00e9tat de sant\u00e9 du roi apparu tr\u00e8s amaigri et pal, car rong\u00e9 par la maladie. Car, il semblerait que Mohamed VI soit atteint de \u00ab&nbsp;sarco\u00efdose et d\u2019arythmie cardiaque&nbsp;\u00bb. C\u2019est du moins ce que rapporte la presse fran\u00e7aise. &nbsp;Il semblait faible, somnolent et son apparence de grabataire contredit les justifications avanc\u00e9es par ses services, qui attribuaient son \u00e9tat de sant\u00e9 au manque de sommeil affirme-t-on. \u00abMohammed VI est apparu en public transform\u00e9. Le roi du Maroc n&rsquo;a plus le physique rond et l&#8217;embonpoint qui le caract\u00e9risaient. Le souverain, \u00e2g\u00e9 de 59 ans, affichait un visage beaucoup plus mince et avait l&rsquo;air plut\u00f4t p\u00e2le. Un changement physique significatif\u00bb, rapporte le journal fran\u00e7ais La D\u00e9p\u00eache. \u00abAmaigri, m\u00e9connaissable\u00bb, \u00e9crit \u00e9galement le journal fran\u00e7ais Midi Libre, qui explique dans un article que la sarco\u00efdose, la maladie qui ronge Mohammed VI, \u00abenflamme les cellules et alt\u00e8re les fonctions des organes, en particulier les poumons\u00bb. Cette maladie pourrait \u00eatre fatale pour le souverain marocain, d&rsquo;autant plus qu&rsquo;il souffre \u00e9galement d&rsquo;une maladie cardiaque.<\/p>\n\n\n\n<p>Or, la sarco\u00efdose est loin d\u2019\u00eatre une maladie b\u00e9nigne. Elle atteint les organes, le plus souvent poumons. Dans les cas les plus grave, ce sont les reins ou encore le c\u0153ur, comme cela semble \u00eatre le cas pour le monarque ch\u00e9rifien, qui sont atteint.<\/p>\n\n\n\n<p>En tout \u00e9tat de cause, et quel que soit le mal qui ronge le ma\u00eetre du Makhzen, le pronostic est loin d\u2019\u00eatre rassurant pour le r\u00e9gime marocain, car les jours du monarque semblent compt\u00e9s. Une situation qui aggrave les dissensions au sein palais royal et pr\u00e9dit une crise politique majeure dans un future proche. Une crise qui se greffe aux graves probl\u00e8mes \u00e9conomiques et sociaux dans lequel patauge le Maroc. Le pays traverse l\u2019une des plus grandes crises de son histoire. Sur le plan social, la chert\u00e9 de la vie et la flamb\u00e9e du ch\u00f4mage constituent une v\u00e9ritable poudri\u00e8re qui peut se transformer d\u2019un moment \u00e0 l\u2019autre en une explosion. Sur le plan politique, le Makhzen est fortement contest\u00e9 \u00e0 l\u2019int\u00e9rieur, notamment en raison de sa honteuse normalisation avec l\u2019entit\u00e9 sioniste, continue \u00e0 perdre de sa cr\u00e9dibilit\u00e9 sur la sc\u00e8ne internationale en raison de sa colonisation du Sahara occidental, de l\u2019affaire Pegasus ainsi que des affaires de corruption \u00e0 grande \u00e9chelle impliquant des parlementaires europ\u00e9ens.<\/p>\n\n\n\n<p><strong>Hocine Fadheli<\/strong><\/p>\n","protected":false},"excerpt":{"rendered":"<p>La monarchie marocaine vit une crise politique latente. Les apparitions du roi en public se font de plus en plus<\/p>\n","protected":false},"author":3,"featured_media":3404,"comment_status":"open","ping_status":"closed","sticky":false,"template":"","format":"standard","meta":{"colormag_page_container_layout":"default_layout","colormag_page_sidebar_layout":"default_layout","om_disable_all_campaigns":false,"_monsterinsights_skip_tracking":false,"_monsterinsights_sitenote_active":false,"_monsterinsights_sitenote_note":"","_monsterinsights_sitenote_category":0,"footnotes":"","_wpscppro_dont_share_socialmedia":false,"_wpscppro_custom_social_share_image":0,"_facebook_share_type":"","_twitter_share_type":"","_linkedin_share_type":"","_pinterest_share_type":"","_linkedin_share_type_page":"","_instagram_share_type":"","_medium_share_type":"","_threads_share_type":"","_google_business_share_type":"","_selected_social_profile":[],"_wpsp_enable_custom_social_template":false,"_wpsp_social_scheduling":{"enabled":false,"datetime":null,"platforms":[],"status":"template_only","dateOption":"today","timeOption":"now","customDays":"","customHours":"","customDate":"","customTime":"","schedulingType":"absolute"},"_wpsp_active_default_template":true},"categories":[27],"tags":[],"class_list":["post-41604","post","type-post","status-publish","format-standard","has-post-thumbnail","hentry","category-actualite"],"aioseo_notices":[],"yoast_head":"<!-- This site is optimized with the Yoast SEO plugin v27.5 - https:\/\/yoast.com\/product\/yoast-seo-wordpress\/ -->\n<title>Mohamed VI atteint de sarco\u00efdose et d\u2019arythmie cardiaque\u00a0: Avec un roi malade, le Maroc s\u2019enfonce dans la crise - La Sentinelle<\/title>\n<meta name=\"robots\" content=\"index, follow, max-snippet:-1, max-image-preview:large, max-video-preview:-1\" \/>\n<link rel=\"canonical\" href=\"https:\/\/lasentinelle.dz\/index.php\/2023\/05\/23\/mohamed-vi-atteint-de-sarcoidose-et-darythmie-cardiaque-avec-un-roi-malade-le-maroc-senfonce-dans-la-crise\/\" \/>\n<meta property=\"og:locale\" content=\"fr_FR\" \/>\n<meta property=\"og:type\" content=\"article\" \/>\n<meta property=\"og:title\" content=\"Mohamed VI atteint de sarco\u00efdose et d\u2019arythmie cardiaque\u00a0: Avec un roi malade, le Maroc s\u2019enfonce dans la crise - La Sentinelle\" \/>\n<meta property=\"og:description\" content=\"La monarchie marocaine vit une crise politique latente. Les apparitions du roi en public se font de plus en plus\" \/>\n<meta property=\"og:url\" content=\"https:\/\/lasentinelle.dz\/index.php\/2023\/05\/23\/mohamed-vi-atteint-de-sarcoidose-et-darythmie-cardiaque-avec-un-roi-malade-le-maroc-senfonce-dans-la-crise\/\" \/>\n<meta property=\"og:site_name\" content=\"La Sentinelle\" \/>\n<meta property=\"article:publisher\" content=\"https:\/\/www.facebook.com\/La-Sentinelle-104059864394773\" \/>\n<meta property=\"article:published_time\" content=\"2023-05-23T21:05:00+00:00\" \/>\n<meta property=\"og:image\" content=\"https:\/\/lasentinelle.dz\/wp-content\/uploads\/2021\/08\/M6-meskine.png\" \/>\n\t<meta property=\"og:image:width\" content=\"1423\" \/>\n\t<meta property=\"og:image:height\" content=\"900\" \/>\n\t<meta property=\"og:image:type\" content=\"image\/png\" \/>\n<meta name=\"author\" content=\"La Sentinelle\" \/>\n<meta name=\"twitter:card\" content=\"summary_large_image\" \/>\n<meta name=\"twitter:label1\" content=\"\u00c9crit par\" \/>\n\t<meta name=\"twitter:data1\" content=\"La Sentinelle\" \/>\n\t<meta name=\"twitter:label2\" content=\"Dur\u00e9e de lecture estim\u00e9e\" \/>\n\t<meta name=\"twitter:data2\" content=\"3 minutes\" \/>\n<script type=\"application\/ld+json\" class=\"yoast-schema-graph\">{\"@context\":\"https:\\\/\\\/schema.org\",\"@graph\":[{\"@type\":\"Article\",\"@id\":\"https:\\\/\\\/lasentinelle.dz\\\/index.php\\\/2023\\\/05\\\/23\\\/mohamed-vi-atteint-de-sarcoidose-et-darythmie-cardiaque-avec-un-roi-malade-le-maroc-senfonce-dans-la-crise\\\/#article\",\"isPartOf\":{\"@id\":\"https:\\\/\\\/lasentinelle.dz\\\/index.php\\\/2023\\\/05\\\/23\\\/mohamed-vi-atteint-de-sarcoidose-et-darythmie-cardiaque-avec-un-roi-malade-le-maroc-senfonce-dans-la-crise\\\/\"},\"author\":{\"name\":\"La Sentinelle\",\"@id\":\"https:\\\/\\\/lasentinelle.dz\\\/#\\\/schema\\\/person\\\/d865044e22e70a75174ce8bcad3acfb3\"},\"headline\":\"Mohamed VI atteint de sarco\u00efdose et d\u2019arythmie cardiaque\u00a0: Avec un roi malade, le Maroc s\u2019enfonce dans la crise\",\"datePublished\":\"2023-05-23T21:05:00+00:00\",\"mainEntityOfPage\":{\"@id\":\"https:\\\/\\\/lasentinelle.dz\\\/index.php\\\/2023\\\/05\\\/23\\\/mohamed-vi-atteint-de-sarcoidose-et-darythmie-cardiaque-avec-un-roi-malade-le-maroc-senfonce-dans-la-crise\\\/\"},\"wordCount\":580,\"commentCount\":0,\"publisher\":{\"@id\":\"https:\\\/\\\/lasentinelle.dz\\\/#organization\"},\"image\":{\"@id\":\"https:\\\/\\\/lasentinelle.dz\\\/index.php\\\/2023\\\/05\\\/23\\\/mohamed-vi-atteint-de-sarcoidose-et-darythmie-cardiaque-avec-un-roi-malade-le-maroc-senfonce-dans-la-crise\\\/#primaryimage\"},\"thumbnailUrl\":\"https:\\\/\\\/lasentinelle.dz\\\/wp-content\\\/uploads\\\/2021\\\/08\\\/M6-meskine.png\",\"articleSection\":[\"Actualit\u00e9\"],\"inLanguage\":\"fr-FR\",\"potentialAction\":[{\"@type\":\"CommentAction\",\"name\":\"Comment\",\"target\":[\"https:\\\/\\\/lasentinelle.dz\\\/index.php\\\/2023\\\/05\\\/23\\\/mohamed-vi-atteint-de-sarcoidose-et-darythmie-cardiaque-avec-un-roi-malade-le-maroc-senfonce-dans-la-crise\\\/#respond\"]}]},{\"@type\":\"WebPage\",\"@id\":\"https:\\\/\\\/lasentinelle.dz\\\/index.php\\\/2023\\\/05\\\/23\\\/mohamed-vi-atteint-de-sarcoidose-et-darythmie-cardiaque-avec-un-roi-malade-le-maroc-senfonce-dans-la-crise\\\/\",\"url\":\"https:\\\/\\\/lasentinelle.dz\\\/index.php\\\/2023\\\/05\\\/23\\\/mohamed-vi-atteint-de-sarcoidose-et-darythmie-cardiaque-avec-un-roi-malade-le-maroc-senfonce-dans-la-crise\\\/\",\"name\":\"Mohamed VI atteint de sarco\u00efdose et d\u2019arythmie cardiaque\u00a0: Avec un roi malade, le Maroc s\u2019enfonce dans la crise - La Sentinelle\",\"isPartOf\":{\"@id\":\"https:\\\/\\\/lasentinelle.dz\\\/#website\"},\"primaryImageOfPage\":{\"@id\":\"https:\\\/\\\/lasentinelle.dz\\\/index.php\\\/2023\\\/05\\\/23\\\/mohamed-vi-atteint-de-sarcoidose-et-darythmie-cardiaque-avec-un-roi-malade-le-maroc-senfonce-dans-la-crise\\\/#primaryimage\"},\"image\":{\"@id\":\"https:\\\/\\\/lasentinelle.dz\\\/index.php\\\/2023\\\/05\\\/23\\\/mohamed-vi-atteint-de-sarcoidose-et-darythmie-cardiaque-avec-un-roi-malade-le-maroc-senfonce-dans-la-crise\\\/#primaryimage\"},\"thumbnailUrl\":\"https:\\\/\\\/lasentinelle.dz\\\/wp-content\\\/uploads\\\/2021\\\/08\\\/M6-meskine.png\",\"datePublished\":\"2023-05-23T21:05:00+00:00\",\"breadcrumb\":{\"@id\":\"https:\\\/\\\/lasentinelle.dz\\\/index.php\\\/2023\\\/05\\\/23\\\/mohamed-vi-atteint-de-sarcoidose-et-darythmie-cardiaque-avec-un-roi-malade-le-maroc-senfonce-dans-la-crise\\\/#breadcrumb\"},\"inLanguage\":\"fr-FR\",\"potentialAction\":[{\"@type\":\"ReadAction\",\"target\":[\"https:\\\/\\\/lasentinelle.dz\\\/index.php\\\/2023\\\/05\\\/23\\\/mohamed-vi-atteint-de-sarcoidose-et-darythmie-cardiaque-avec-un-roi-malade-le-maroc-senfonce-dans-la-crise\\\/\"]}]},{\"@type\":\"ImageObject\",\"inLanguage\":\"fr-FR\",\"@id\":\"https:\\\/\\\/lasentinelle.dz\\\/index.php\\\/2023\\\/05\\\/23\\\/mohamed-vi-atteint-de-sarcoidose-et-darythmie-cardiaque-avec-un-roi-malade-le-maroc-senfonce-dans-la-crise\\\/#primaryimage\",\"url\":\"https:\\\/\\\/lasentinelle.dz\\\/wp-content\\\/uploads\\\/2021\\\/08\\\/M6-meskine.png\",\"contentUrl\":\"https:\\\/\\\/lasentinelle.dz\\\/wp-content\\\/uploads\\\/2021\\\/08\\\/M6-meskine.png\",\"width\":1423,\"height\":900},{\"@type\":\"BreadcrumbList\",\"@id\":\"https:\\\/\\\/lasentinelle.dz\\\/index.php\\\/2023\\\/05\\\/23\\\/mohamed-vi-atteint-de-sarcoidose-et-darythmie-cardiaque-avec-un-roi-malade-le-maroc-senfonce-dans-la-crise\\\/#breadcrumb\",\"itemListElement\":[{\"@type\":\"ListItem\",\"position\":1,\"name\":\"Accueil\",\"item\":\"https:\\\/\\\/lasentinelle.dz\\\/\"},{\"@type\":\"ListItem\",\"position\":2,\"name\":\"Mohamed VI atteint de sarco\u00efdose et d\u2019arythmie cardiaque\u00a0: Avec un roi malade, le Maroc s\u2019enfonce dans la crise\"}]},{\"@type\":\"WebSite\",\"@id\":\"https:\\\/\\\/lasentinelle.dz\\\/#website\",\"url\":\"https:\\\/\\\/lasentinelle.dz\\\/\",\"name\":\"La Sentinelle\",\"description\":\"Quotidien national d&#039;information\",\"publisher\":{\"@id\":\"https:\\\/\\\/lasentinelle.dz\\\/#organization\"},\"potentialAction\":[{\"@type\":\"SearchAction\",\"target\":{\"@type\":\"EntryPoint\",\"urlTemplate\":\"https:\\\/\\\/lasentinelle.dz\\\/?s={search_term_string}\"},\"query-input\":{\"@type\":\"PropertyValueSpecification\",\"valueRequired\":true,\"valueName\":\"search_term_string\"}}],\"inLanguage\":\"fr-FR\"},{\"@type\":\"Organization\",\"@id\":\"https:\\\/\\\/lasentinelle.dz\\\/#organization\",\"name\":\"Quotidien La Sentinelle\",\"url\":\"https:\\\/\\\/lasentinelle.dz\\\/\",\"logo\":{\"@type\":\"ImageObject\",\"inLanguage\":\"fr-FR\",\"@id\":\"https:\\\/\\\/lasentinelle.dz\\\/#\\\/schema\\\/logo\\\/image\\\/\",\"url\":\"https:\\\/\\\/lasentinelle.dz\\\/wp-content\\\/uploads\\\/2021\\\/09\\\/logo-sentinelleSLOGAN-1.png\",\"contentUrl\":\"https:\\\/\\\/lasentinelle.dz\\\/wp-content\\\/uploads\\\/2021\\\/09\\\/logo-sentinelleSLOGAN-1.png\",\"width\":615,\"height\":142,\"caption\":\"Quotidien La Sentinelle\"},\"image\":{\"@id\":\"https:\\\/\\\/lasentinelle.dz\\\/#\\\/schema\\\/logo\\\/image\\\/\"},\"sameAs\":[\"https:\\\/\\\/www.facebook.com\\\/La-Sentinelle-104059864394773\"]},{\"@type\":\"Person\",\"@id\":\"https:\\\/\\\/lasentinelle.dz\\\/#\\\/schema\\\/person\\\/d865044e22e70a75174ce8bcad3acfb3\",\"name\":\"La Sentinelle\",\"image\":{\"@type\":\"ImageObject\",\"inLanguage\":\"fr-FR\",\"@id\":\"https:\\\/\\\/secure.gravatar.com\\\/avatar\\\/57de8e5d4b15d43fb361a71fbb36338450fe67865b528a43dd10ef7c51a20392?s=96&d=mm&r=g\",\"url\":\"https:\\\/\\\/secure.gravatar.com\\\/avatar\\\/57de8e5d4b15d43fb361a71fbb36338450fe67865b528a43dd10ef7c51a20392?s=96&d=mm&r=g\",\"contentUrl\":\"https:\\\/\\\/secure.gravatar.com\\\/avatar\\\/57de8e5d4b15d43fb361a71fbb36338450fe67865b528a43dd10ef7c51a20392?s=96&d=mm&r=g\",\"caption\":\"La Sentinelle\"},\"sameAs\":[\"http:\\\/\\\/www.lasentinelle.dz\"],\"url\":\"https:\\\/\\\/lasentinelle.dz\\\/author\\\/redaction\\\/\"}]}<\/script>\n<!-- \/ Yoast SEO plugin. -->","yoast_head_json":{"title":"Mohamed VI atteint de sarco\u00efdose et d\u2019arythmie cardiaque\u00a0: Avec un roi malade, le Maroc s\u2019enfonce dans la crise - La Sentinelle","robots":{"index":"index","follow":"follow","max-snippet":"max-snippet:-1","max-image-preview":"max-image-preview:large","max-video-preview":"max-video-preview:-1"},"canonical":"https:\/\/lasentinelle.dz\/index.php\/2023\/05\/23\/mohamed-vi-atteint-de-sarcoidose-et-darythmie-cardiaque-avec-un-roi-malade-le-maroc-senfonce-dans-la-crise\/","og_locale":"fr_FR","og_type":"article","og_title":"Mohamed VI atteint de sarco\u00efdose et d\u2019arythmie cardiaque\u00a0: Avec un roi malade, le Maroc s\u2019enfonce dans la crise - La Sentinelle","og_description":"La monarchie marocaine vit une crise politique latente. Les apparitions du roi en public se font de plus en plus","og_url":"https:\/\/lasentinelle.dz\/index.php\/2023\/05\/23\/mohamed-vi-atteint-de-sarcoidose-et-darythmie-cardiaque-avec-un-roi-malade-le-maroc-senfonce-dans-la-crise\/","og_site_name":"La Sentinelle","article_publisher":"https:\/\/www.facebook.com\/La-Sentinelle-104059864394773","article_published_time":"2023-05-23T21:05:00+00:00","og_image":[{"width":1423,"height":900,"url":"https:\/\/lasentinelle.dz\/wp-content\/uploads\/2021\/08\/M6-meskine.png","type":"image\/png"}],"author":"La Sentinelle","twitter_card":"summary_large_image","twitter_misc":{"\u00c9crit par":"La Sentinelle","Dur\u00e9e de lecture estim\u00e9e":"3 minutes"},"schema":{"@context":"https:\/\/schema.org","@graph":[{"@type":"Article","@id":"https:\/\/lasentinelle.dz\/index.php\/2023\/05\/23\/mohamed-vi-atteint-de-sarcoidose-et-darythmie-cardiaque-avec-un-roi-malade-le-maroc-senfonce-dans-la-crise\/#article","isPartOf":{"@id":"https:\/\/lasentinelle.dz\/index.php\/2023\/05\/23\/mohamed-vi-atteint-de-sarcoidose-et-darythmie-cardiaque-avec-un-roi-malade-le-maroc-senfonce-dans-la-crise\/"},"author":{"name":"La Sentinelle","@id":"https:\/\/lasentinelle.dz\/#\/schema\/person\/d865044e22e70a75174ce8bcad3acfb3"},"headline":"Mohamed VI atteint de sarco\u00efdose et d\u2019arythmie cardiaque\u00a0: Avec un roi malade, le Maroc s\u2019enfonce dans la crise","datePublished":"2023-05-23T21:05:00+00:00","mainEntityOfPage":{"@id":"https:\/\/lasentinelle.dz\/index.php\/2023\/05\/23\/mohamed-vi-atteint-de-sarcoidose-et-darythmie-cardiaque-avec-un-roi-malade-le-maroc-senfonce-dans-la-crise\/"},"wordCount":580,"commentCount":0,"publisher":{"@id":"https:\/\/lasentinelle.dz\/#organization"},"image":{"@id":"https:\/\/lasentinelle.dz\/index.php\/2023\/05\/23\/mohamed-vi-atteint-de-sarcoidose-et-darythmie-cardiaque-avec-un-roi-malade-le-maroc-senfonce-dans-la-crise\/#primaryimage"},"thumbnailUrl":"https:\/\/lasentinelle.dz\/wp-content\/uploads\/2021\/08\/M6-meskine.png","articleSection":["Actualit\u00e9"],"inLanguage":"fr-FR","potentialAction":[{"@type":"CommentAction","name":"Comment","target":["https:\/\/lasentinelle.dz\/index.php\/2023\/05\/23\/mohamed-vi-atteint-de-sarcoidose-et-darythmie-cardiaque-avec-un-roi-malade-le-maroc-senfonce-dans-la-crise\/#respond"]}]},{"@type":"WebPage","@id":"https:\/\/lasentinelle.dz\/index.php\/2023\/05\/23\/mohamed-vi-atteint-de-sarcoidose-et-darythmie-cardiaque-avec-un-roi-malade-le-maroc-senfonce-dans-la-crise\/","url":"https:\/\/lasentinelle.dz\/index.php\/2023\/05\/23\/mohamed-vi-atteint-de-sarcoidose-et-darythmie-cardiaque-avec-un-roi-malade-le-maroc-senfonce-dans-la-crise\/","name":"Mohamed VI atteint de sarco\u00efdose et d\u2019arythmie cardiaque\u00a0: Avec un roi malade, le Maroc s\u2019enfonce dans la crise - La Sentinelle","isPartOf":{"@id":"https:\/\/lasentinelle.dz\/#website"},"primaryImageOfPage":{"@id":"https:\/\/lasentinelle.dz\/index.php\/2023\/05\/23\/mohamed-vi-atteint-de-sarcoidose-et-darythmie-cardiaque-avec-un-roi-malade-le-maroc-senfonce-dans-la-crise\/#primaryimage"},"image":{"@id":"https:\/\/lasentinelle.dz\/index.php\/2023\/05\/23\/mohamed-vi-atteint-de-sarcoidose-et-darythmie-cardiaque-avec-un-roi-malade-le-maroc-senfonce-dans-la-crise\/#primaryimage"},"thumbnailUrl":"https:\/\/lasentinelle.dz\/wp-content\/uploads\/2021\/08\/M6-meskine.png","datePublished":"2023-05-23T21:05:00+00:00","breadcrumb":{"@id":"https:\/\/lasentinelle.dz\/index.php\/2023\/05\/23\/mohamed-vi-atteint-de-sarcoidose-et-darythmie-cardiaque-avec-un-roi-malade-le-maroc-senfonce-dans-la-crise\/#breadcrumb"},"inLanguage":"fr-FR","potentialAction":[{"@type":"ReadAction","target":["https:\/\/lasentinelle.dz\/index.php\/2023\/05\/23\/mohamed-vi-atteint-de-sarcoidose-et-darythmie-cardiaque-avec-un-roi-malade-le-maroc-senfonce-dans-la-crise\/"]}]},{"@type":"ImageObject","inLanguage":"fr-FR","@id":"https:\/\/lasentinelle.dz\/index.php\/2023\/05\/23\/mohamed-vi-atteint-de-sarcoidose-et-darythmie-cardiaque-avec-un-roi-malade-le-maroc-senfonce-dans-la-crise\/#primaryimage","url":"https:\/\/lasentinelle.dz\/wp-content\/uploads\/2021\/08\/M6-meskine.png","contentUrl":"https:\/\/lasentinelle.dz\/wp-content\/uploads\/2021\/08\/M6-meskine.png","width":1423,"height":900},{"@type":"BreadcrumbList","@id":"https:\/\/lasentinelle.dz\/index.php\/2023\/05\/23\/mohamed-vi-atteint-de-sarcoidose-et-darythmie-cardiaque-avec-un-roi-malade-le-maroc-senfonce-dans-la-crise\/#breadcrumb","itemListElement":[{"@type":"ListItem","position":1,"name":"Accueil","item":"https:\/\/lasentinelle.dz\/"},{"@type":"ListItem","position":2,"name":"Mohamed VI atteint de sarco\u00efdose et d\u2019arythmie cardiaque\u00a0: Avec un roi malade, le Maroc s\u2019enfonce dans la crise"}]},{"@type":"WebSite","@id":"https:\/\/lasentinelle.dz\/#website","url":"https:\/\/lasentinelle.dz\/","name":"La Sentinelle","description":"Quotidien national d&#039;information","publisher":{"@id":"https:\/\/lasentinelle.dz\/#organization"},"potentialAction":[{"@type":"SearchAction","target":{"@type":"EntryPoint","urlTemplate":"https:\/\/lasentinelle.dz\/?s={search_term_string}"},"query-input":{"@type":"PropertyValueSpecification","valueRequired":true,"valueName":"search_term_string"}}],"inLanguage":"fr-FR"},{"@type":"Organization","@id":"https:\/\/lasentinelle.dz\/#organization","name":"Quotidien La Sentinelle","url":"https:\/\/lasentinelle.dz\/","logo":{"@type":"ImageObject","inLanguage":"fr-FR","@id":"https:\/\/lasentinelle.dz\/#\/schema\/logo\/image\/","url":"https:\/\/lasentinelle.dz\/wp-content\/uploads\/2021\/09\/logo-sentinelleSLOGAN-1.png","contentUrl":"https:\/\/lasentinelle.dz\/wp-content\/uploads\/2021\/09\/logo-sentinelleSLOGAN-1.png","width":615,"height":142,"caption":"Quotidien La Sentinelle"},"image":{"@id":"https:\/\/lasentinelle.dz\/#\/schema\/logo\/image\/"},"sameAs":["https:\/\/www.facebook.com\/La-Sentinelle-104059864394773"]},{"@type":"Person","@id":"https:\/\/lasentinelle.dz\/#\/schema\/person\/d865044e22e70a75174ce8bcad3acfb3","name":"La Sentinelle","image":{"@type":"ImageObject","inLanguage":"fr-FR","@id":"https:\/\/secure.gravatar.com\/avatar\/57de8e5d4b15d43fb361a71fbb36338450fe67865b528a43dd10ef7c51a20392?s=96&d=mm&r=g","url":"https:\/\/secure.gravatar.com\/avatar\/57de8e5d4b15d43fb361a71fbb36338450fe67865b528a43dd10ef7c51a20392?s=96&d=mm&r=g","contentUrl":"https:\/\/secure.gravatar.com\/avatar\/57de8e5d4b15d43fb361a71fbb36338450fe67865b528a43dd10ef7c51a20392?s=96&d=mm&r=g","caption":"La Sentinelle"},"sameAs":["http:\/\/www.lasentinelle.dz"],"url":"https:\/\/lasentinelle.dz\/author\/redaction\/"}]}},"_links":{"self":[{"href":"https:\/\/lasentinelle.dz\/index.php\/wp-json\/wp\/v2\/posts\/41604","targetHints":{"allow":["GET"]}}],"collection":[{"href":"https:\/\/lasentinelle.dz\/index.php\/wp-json\/wp\/v2\/posts"}],"about":[{"href":"https:\/\/lasentinelle.dz\/index.php\/wp-json\/wp\/v2\/types\/post"}],"author":[{"embeddable":true,"href":"https:\/\/lasentinelle.dz\/index.php\/wp-json\/wp\/v2\/users\/3"}],"replies":[{"embeddable":true,"href":"https:\/\/lasentinelle.dz\/index.php\/wp-json\/wp\/v2\/comments?post=41604"}],"version-history":[{"count":1,"href":"https:\/\/lasentinelle.dz\/index.php\/wp-json\/wp\/v2\/posts\/41604\/revisions"}],"predecessor-version":[{"id":41609,"href":"https:\/\/lasentinelle.dz\/index.php\/wp-json\/wp\/v2\/posts\/41604\/revisions\/41609"}],"wp:featuredmedia":[{"embeddable":true,"href":"https:\/\/lasentinelle.dz\/index.php\/wp-json\/wp\/v2\/media\/3404"}],"wp:attachment":[{"href":"https:\/\/lasentinelle.dz\/index.php\/wp-json\/wp\/v2\/media?parent=41604"}],"wp:term":[{"taxonomy":"category","embeddable":true,"href":"https:\/\/lasentinelle.dz\/index.php\/wp-json\/wp\/v2\/categories?post=41604"},{"taxonomy":"post_tag","embeddable":true,"href":"https:\/\/lasentinelle.dz\/index.php\/wp-json\/wp\/v2\/tags?post=41604"}],"curies":[{"name":"wp","href":"https:\/\/api.w.org\/{rel}","templated":true}]}}