{"id":41607,"date":"2023-05-23T22:05:00","date_gmt":"2023-05-23T21:05:00","guid":{"rendered":"https:\/\/lasentinelle.dz\/?p=41607"},"modified":"2023-05-23T21:15:25","modified_gmt":"2023-05-23T20:15:25","slug":"le-president-tebboune-rencontre-des-representants-de-la-diaspora-algerienne-au-portugal-lelite-algerienne-sera-accueillie-les-bras-ouverts-dans-son-pays","status":"publish","type":"post","link":"https:\/\/lasentinelle.dz\/index.php\/2023\/05\/23\/le-president-tebboune-rencontre-des-representants-de-la-diaspora-algerienne-au-portugal-lelite-algerienne-sera-accueillie-les-bras-ouverts-dans-son-pays\/","title":{"rendered":"Le pr\u00e9sident Tebboune rencontre des repr\u00e9sentants de la diaspora alg\u00e9rienne au Portugal\u00a0: \u00ab\u00a0L\u2019\u00e9lite alg\u00e9rienne sera accueillie les bras ouverts dans son pays \u00bb"},"content":{"rendered":"\n<p>En visite d\u2019Etat de deux jours au Portugal, entam\u00e9e lundi, le pr\u00e9sident de la R\u00e9publique, Abdelmadjid Tebboune, a tenu \u00e0 rassurer la communaut\u00e9 nationale \u00e9tablie \u00e0 l\u2019\u00e9tranger lors de sa rencontre avec les membres repr\u00e9sentant la communaut\u00e9 nationale \u00e9tablie au Portugal. L\u2019Etat alg\u00e9rien est attach\u00e9 \u00e0 assurer \u00ab la protection de ses enfants \u00e0 l\u2019\u00e9tranger et \u00e0 les d\u00e9fendre s\u2019ils sont victimes d\u2019injustices dans leurs pays de r\u00e9sidence, et ce dans le cadre du respect de la souverainet\u00e9 de ces derniers \u00bb, dira le chef de l\u2019Etat rappelant que les repr\u00e9sentations diplomatiques du pays avaient \u00e9t\u00e9 charg\u00e9es d&rsquo;assurer la d\u00e9fense de tout alg\u00e9rien victime d\u2019harc\u00e8lement ou d\u2019injustice. Tebboune qui a salu\u00e9 le niveau des comp\u00e9tences alg\u00e9riennes \u00e0 l\u2019\u00e9tranger a estim\u00e9 que \u00ab la communaut\u00e9 nationale est devenue \u00e9litiste \u00bb et invite la diaspora alg\u00e9rienne \u00e0 se joindre aux efforts du pays, ajoutant que \u00ab les portes lui sont grandes ouvertes pour contribuer au d\u00e9veloppement du pays \u00bb. Il rappellera les diff\u00e9rentes mesures qu\u2019il a institu\u00e9es au profit de la communaut\u00e9 alg\u00e9rienne \u00e9tablie \u00e0 l\u2019\u00e9tranger et les incitations visant \u00e0 \u00ab all\u00e9ger le poids de l&rsquo;\u00e9loignement du pays \u00bb, notamment la r\u00e9duction des prix des vols pour pr\u00e9server ses liens avec la patrie, l\u2019acc\u00e8s \u00e0 la retraite aupr\u00e8s de la Caisse nationale des retraites (CNR). Le Pr\u00e9sident Tebboune qui s\u2019est montr\u00e9 attentif a \u00e9cout\u00e9 avec int\u00e9r\u00eat les avis et les propositions de certains intervenants. L\u2019id\u00e9e de la tenue de conf\u00e9rences nationales p\u00e9riodiques rassemblant les comp\u00e9tences nationales \u00e9tablies \u00e0 l\u2019\u00e9tranger pr\u00e9conis\u00e9e par un des membres de la diaspora a retenu l\u2019attention du pr\u00e9sident de la R\u00e9publique qui a accueilli favorablement cette proposition pr\u00e9conisant la tenue de conf\u00e9rences par sp\u00e9cialit\u00e9s \u00ab initi\u00e9es par l\u2019\u00e9lite alg\u00e9rienne qui sera accueillie les bras ouverts dans son pays \u00bb. Souhaitant que la communication avec la diaspora pers\u00e9v\u00e8re, Tebboune dira que ce genre de rencontres \u00ab se veut une tradition institu\u00e9e par l&rsquo;Etat alg\u00e9rien pour communiquer avec eux, en vue de les rassurer quant \u00e0 la situation dans le pays et \u00e9couter leurs pr\u00e9occupations \u00bb. Cette marque d\u2019int\u00e9r\u00eat accord\u00e9e \u00e0 la diaspora et l&rsquo;attention particuli\u00e8re accord\u00e9e par le pr\u00e9sident de la R\u00e9publique aux comp\u00e9tences \u00e0 l&rsquo;\u00e9tranger ont \u00e9t\u00e9 salu\u00e9e par les repr\u00e9sentants de la communaut\u00e9 nationale \u00e9tablie au Portugal, notamment le \u00ab statut particulier \u00bb que la nouvelle Alg\u00e9rie, sous la direction du pr\u00e9sident de la R\u00e9publique, accorde \u00e0 ses enfants de la diaspora. Ce statut s&rsquo;\u00e9tait traduit par les nombreuses incitations, facilit\u00e9s et mesures importantes initi\u00e9es par le Pr\u00e9sident Tebboune, lesquelles visent \u00e0 renforcer le lien des membres de cette communaut\u00e9 avec leur patrie et \u00e0 les impliquer efficacement, en tant que force d&rsquo;influence et de proposition dans le processus de d\u00e9veloppement engag\u00e9 par l&rsquo;Alg\u00e9rie, affirment les membres de la communaut\u00e9. Pour le pr\u00e9sident de l\u2019association \u00ab Casa Alg\u00e9rie \u00bb, Ihab Chenine, dont le but est \u00ab de tisser des liens entre les membres de la communaut\u00e9 et de faire conna\u00eetre l&rsquo;Alg\u00e9rie au niveau de la soci\u00e9t\u00e9 civile portugaise \u00bb, \u00ab la communaut\u00e9 nationale fait partie int\u00e9grante de la soci\u00e9t\u00e9 alg\u00e9rienne, elle en est le prolongement naturel et souhaite participer au processus du d\u00e9veloppement et contribuer \u00e0 l&rsquo;\u00e9dification de l&rsquo;Alg\u00e9rie nouvelle, devenue une source de fiert\u00e9 pour chaque Alg\u00e9rien \u00e0 l&rsquo;\u00e9tranger, gr\u00e2ce aux acquis r\u00e9alis\u00e9s \u00e0 l&rsquo;int\u00e9rieur du pays et \u00e0 l&rsquo;\u00e9tranger \u00bb. Les Alg\u00e9riens \u00e9tablis au Portugal, m\u00eame peu nombreux, \u00ab sont bien introduits dans les diff\u00e9rents secteurs et institutions au Portugal \u00bb, a-t-il ajout\u00e9. A propos de sa visite au Portugal, le Pr\u00e9sident Tebboune qualifiera les relations alg\u00e9ro-portugaises d\u2019 \u00ab historiques et bonnes \u00bb, affirmant que le Portugal \u00ab est un pays ami dans le vrai sens du mot \u00bb. Il rappellera \u00e0 cet effet le soutien apport\u00e9 par l\u2019Alg\u00e9rie aux r\u00e9volutionnaires portugais qui se sont soulev\u00e9s contre la dictature et pour l\u2019\u00e9tablissement de la d\u00e9mocratie. Le chef de l\u2019Etat qui a exprim\u00e9 la volont\u00e9 animant les pr\u00e9sidents des deux pays de \u00ab renforcer les relations dans le domaine \u00e9conomique \u00bb, a indiqu\u00e9 que l\u2019Alg\u00e9rie \u0153uvrait \u00e0 exploiter les opportunit\u00e9s rat\u00e9es par le pass\u00e9 en s\u2019attelant au d\u00e9veloppement de la coop\u00e9ration \u00e9conomique avec la R\u00e9publique portugaise. Cela se fera, pr\u00e9cise le Pr\u00e9sident Tebboune, conform\u00e9ment \u00e0 \u00ab la nouvelle voie emprunt\u00e9e par l\u2019Alg\u00e9rie pour l\u2019\u00e9dification d\u2019une \u00e9conomie solide g\u00e9n\u00e9ratrice de richesse et d\u2019emplois, une \u00e9conomie qui transcende les id\u00e9ologies et profite aux enfants du pays \u00bb.<\/p>\n\n\n\n<p><strong>Chokri Hocine<\/strong><\/p>\n","protected":false},"excerpt":{"rendered":"<p>En visite d\u2019Etat de deux jours au Portugal, entam\u00e9e lundi, le pr\u00e9sident de la R\u00e9publique, Abdelmadjid Tebboune, a tenu \u00e0<\/p>\n","protected":false},"author":3,"featured_media":41621,"comment_status":"open","ping_status":"closed","sticky":false,"template":"","format":"standard","meta":{"colormag_page_container_layout":"default_layout","colormag_page_sidebar_layout":"default_layout","om_disable_all_campaigns":false,"_monsterinsights_skip_tracking":false,"_monsterinsights_sitenote_active":false,"_monsterinsights_sitenote_note":"","_monsterinsights_sitenote_category":0,"footnotes":"","_wpscppro_dont_share_socialmedia":false,"_wpscppro_custom_social_share_image":0,"_facebook_share_type":"","_twitter_share_type":"","_linkedin_share_type":"","_pinterest_share_type":"","_linkedin_share_type_page":"","_instagram_share_type":"","_medium_share_type":"","_threads_share_type":"","_google_business_share_type":"","_selected_social_profile":[],"_wpsp_enable_custom_social_template":false,"_wpsp_social_scheduling":{"enabled":false,"datetime":null,"platforms":[],"status":"template_only","dateOption":"today","timeOption":"now","customDays":"","customHours":"","customDate":"","customTime":"","schedulingType":"absolute"},"_wpsp_active_default_template":true},"categories":[27],"tags":[],"class_list":["post-41607","post","type-post","status-publish","format-standard","has-post-thumbnail","hentry","category-actualite"],"aioseo_notices":[],"yoast_head":"<!-- This site is optimized with the Yoast SEO plugin v27.5 - https:\/\/yoast.com\/product\/yoast-seo-wordpress\/ -->\n<title>Le pr\u00e9sident Tebboune rencontre des repr\u00e9sentants de la diaspora alg\u00e9rienne au Portugal\u00a0: \u00ab\u00a0L\u2019\u00e9lite alg\u00e9rienne sera accueillie les bras ouverts dans son pays \u00bb - La Sentinelle<\/title>\n<meta name=\"robots\" content=\"index, follow, max-snippet:-1, max-image-preview:large, max-video-preview:-1\" \/>\n<link rel=\"canonical\" href=\"https:\/\/lasentinelle.dz\/index.php\/2023\/05\/23\/le-president-tebboune-rencontre-des-representants-de-la-diaspora-algerienne-au-portugal-lelite-algerienne-sera-accueillie-les-bras-ouverts-dans-son-pays\/\" \/>\n<meta property=\"og:locale\" content=\"fr_FR\" \/>\n<meta property=\"og:type\" content=\"article\" \/>\n<meta property=\"og:title\" content=\"Le pr\u00e9sident Tebboune rencontre des repr\u00e9sentants de la diaspora alg\u00e9rienne au Portugal\u00a0: \u00ab\u00a0L\u2019\u00e9lite alg\u00e9rienne sera accueillie les bras ouverts dans son pays \u00bb - La Sentinelle\" \/>\n<meta property=\"og:description\" content=\"En visite d\u2019Etat de deux jours au Portugal, entam\u00e9e lundi, le pr\u00e9sident de la R\u00e9publique, Abdelmadjid Tebboune, a tenu \u00e0\" \/>\n<meta property=\"og:url\" content=\"https:\/\/lasentinelle.dz\/index.php\/2023\/05\/23\/le-president-tebboune-rencontre-des-representants-de-la-diaspora-algerienne-au-portugal-lelite-algerienne-sera-accueillie-les-bras-ouverts-dans-son-pays\/\" \/>\n<meta property=\"og:site_name\" content=\"La Sentinelle\" \/>\n<meta property=\"article:publisher\" content=\"https:\/\/www.facebook.com\/La-Sentinelle-104059864394773\" \/>\n<meta property=\"article:published_time\" content=\"2023-05-23T21:05:00+00:00\" \/>\n<meta property=\"og:image\" content=\"https:\/\/lasentinelle.dz\/wp-content\/uploads\/2023\/05\/image_2023-05-23_211247473.png\" \/>\n\t<meta property=\"og:image:width\" content=\"1081\" \/>\n\t<meta property=\"og:image:height\" content=\"720\" \/>\n\t<meta property=\"og:image:type\" content=\"image\/png\" \/>\n<meta name=\"author\" content=\"La Sentinelle\" \/>\n<meta name=\"twitter:card\" content=\"summary_large_image\" \/>\n<meta name=\"twitter:label1\" content=\"\u00c9crit par\" \/>\n\t<meta name=\"twitter:data1\" content=\"La Sentinelle\" \/>\n\t<meta name=\"twitter:label2\" content=\"Dur\u00e9e de lecture estim\u00e9e\" \/>\n\t<meta name=\"twitter:data2\" content=\"4 minutes\" \/>\n<script type=\"application\/ld+json\" class=\"yoast-schema-graph\">{\"@context\":\"https:\\\/\\\/schema.org\",\"@graph\":[{\"@type\":\"Article\",\"@id\":\"https:\\\/\\\/lasentinelle.dz\\\/index.php\\\/2023\\\/05\\\/23\\\/le-president-tebboune-rencontre-des-representants-de-la-diaspora-algerienne-au-portugal-lelite-algerienne-sera-accueillie-les-bras-ouverts-dans-son-pays\\\/#article\",\"isPartOf\":{\"@id\":\"https:\\\/\\\/lasentinelle.dz\\\/index.php\\\/2023\\\/05\\\/23\\\/le-president-tebboune-rencontre-des-representants-de-la-diaspora-algerienne-au-portugal-lelite-algerienne-sera-accueillie-les-bras-ouverts-dans-son-pays\\\/\"},\"author\":{\"name\":\"La Sentinelle\",\"@id\":\"https:\\\/\\\/lasentinelle.dz\\\/#\\\/schema\\\/person\\\/d865044e22e70a75174ce8bcad3acfb3\"},\"headline\":\"Le pr\u00e9sident Tebboune rencontre des repr\u00e9sentants de la diaspora alg\u00e9rienne au Portugal\u00a0: \u00ab\u00a0L\u2019\u00e9lite alg\u00e9rienne sera accueillie les bras ouverts dans son pays \u00bb\",\"datePublished\":\"2023-05-23T21:05:00+00:00\",\"mainEntityOfPage\":{\"@id\":\"https:\\\/\\\/lasentinelle.dz\\\/index.php\\\/2023\\\/05\\\/23\\\/le-president-tebboune-rencontre-des-representants-de-la-diaspora-algerienne-au-portugal-lelite-algerienne-sera-accueillie-les-bras-ouverts-dans-son-pays\\\/\"},\"wordCount\":841,\"commentCount\":0,\"publisher\":{\"@id\":\"https:\\\/\\\/lasentinelle.dz\\\/#organization\"},\"image\":{\"@id\":\"https:\\\/\\\/lasentinelle.dz\\\/index.php\\\/2023\\\/05\\\/23\\\/le-president-tebboune-rencontre-des-representants-de-la-diaspora-algerienne-au-portugal-lelite-algerienne-sera-accueillie-les-bras-ouverts-dans-son-pays\\\/#primaryimage\"},\"thumbnailUrl\":\"https:\\\/\\\/lasentinelle.dz\\\/wp-content\\\/uploads\\\/2023\\\/05\\\/image_2023-05-23_211247473.png\",\"articleSection\":[\"Actualit\u00e9\"],\"inLanguage\":\"fr-FR\",\"potentialAction\":[{\"@type\":\"CommentAction\",\"name\":\"Comment\",\"target\":[\"https:\\\/\\\/lasentinelle.dz\\\/index.php\\\/2023\\\/05\\\/23\\\/le-president-tebboune-rencontre-des-representants-de-la-diaspora-algerienne-au-portugal-lelite-algerienne-sera-accueillie-les-bras-ouverts-dans-son-pays\\\/#respond\"]}]},{\"@type\":\"WebPage\",\"@id\":\"https:\\\/\\\/lasentinelle.dz\\\/index.php\\\/2023\\\/05\\\/23\\\/le-president-tebboune-rencontre-des-representants-de-la-diaspora-algerienne-au-portugal-lelite-algerienne-sera-accueillie-les-bras-ouverts-dans-son-pays\\\/\",\"url\":\"https:\\\/\\\/lasentinelle.dz\\\/index.php\\\/2023\\\/05\\\/23\\\/le-president-tebboune-rencontre-des-representants-de-la-diaspora-algerienne-au-portugal-lelite-algerienne-sera-accueillie-les-bras-ouverts-dans-son-pays\\\/\",\"name\":\"Le pr\u00e9sident Tebboune rencontre des repr\u00e9sentants de la diaspora alg\u00e9rienne au Portugal\u00a0: \u00ab\u00a0L\u2019\u00e9lite alg\u00e9rienne sera accueillie les bras ouverts dans son pays \u00bb - La Sentinelle\",\"isPartOf\":{\"@id\":\"https:\\\/\\\/lasentinelle.dz\\\/#website\"},\"primaryImageOfPage\":{\"@id\":\"https:\\\/\\\/lasentinelle.dz\\\/index.php\\\/2023\\\/05\\\/23\\\/le-president-tebboune-rencontre-des-representants-de-la-diaspora-algerienne-au-portugal-lelite-algerienne-sera-accueillie-les-bras-ouverts-dans-son-pays\\\/#primaryimage\"},\"image\":{\"@id\":\"https:\\\/\\\/lasentinelle.dz\\\/index.php\\\/2023\\\/05\\\/23\\\/le-president-tebboune-rencontre-des-representants-de-la-diaspora-algerienne-au-portugal-lelite-algerienne-sera-accueillie-les-bras-ouverts-dans-son-pays\\\/#primaryimage\"},\"thumbnailUrl\":\"https:\\\/\\\/lasentinelle.dz\\\/wp-content\\\/uploads\\\/2023\\\/05\\\/image_2023-05-23_211247473.png\",\"datePublished\":\"2023-05-23T21:05:00+00:00\",\"breadcrumb\":{\"@id\":\"https:\\\/\\\/lasentinelle.dz\\\/index.php\\\/2023\\\/05\\\/23\\\/le-president-tebboune-rencontre-des-representants-de-la-diaspora-algerienne-au-portugal-lelite-algerienne-sera-accueillie-les-bras-ouverts-dans-son-pays\\\/#breadcrumb\"},\"inLanguage\":\"fr-FR\",\"potentialAction\":[{\"@type\":\"ReadAction\",\"target\":[\"https:\\\/\\\/lasentinelle.dz\\\/index.php\\\/2023\\\/05\\\/23\\\/le-president-tebboune-rencontre-des-representants-de-la-diaspora-algerienne-au-portugal-lelite-algerienne-sera-accueillie-les-bras-ouverts-dans-son-pays\\\/\"]}]},{\"@type\":\"ImageObject\",\"inLanguage\":\"fr-FR\",\"@id\":\"https:\\\/\\\/lasentinelle.dz\\\/index.php\\\/2023\\\/05\\\/23\\\/le-president-tebboune-rencontre-des-representants-de-la-diaspora-algerienne-au-portugal-lelite-algerienne-sera-accueillie-les-bras-ouverts-dans-son-pays\\\/#primaryimage\",\"url\":\"https:\\\/\\\/lasentinelle.dz\\\/wp-content\\\/uploads\\\/2023\\\/05\\\/image_2023-05-23_211247473.png\",\"contentUrl\":\"https:\\\/\\\/lasentinelle.dz\\\/wp-content\\\/uploads\\\/2023\\\/05\\\/image_2023-05-23_211247473.png\",\"width\":1081,\"height\":720},{\"@type\":\"BreadcrumbList\",\"@id\":\"https:\\\/\\\/lasentinelle.dz\\\/index.php\\\/2023\\\/05\\\/23\\\/le-president-tebboune-rencontre-des-representants-de-la-diaspora-algerienne-au-portugal-lelite-algerienne-sera-accueillie-les-bras-ouverts-dans-son-pays\\\/#breadcrumb\",\"itemListElement\":[{\"@type\":\"ListItem\",\"position\":1,\"name\":\"Accueil\",\"item\":\"https:\\\/\\\/lasentinelle.dz\\\/\"},{\"@type\":\"ListItem\",\"position\":2,\"name\":\"Le pr\u00e9sident Tebboune rencontre des repr\u00e9sentants de la diaspora alg\u00e9rienne au Portugal\u00a0: \u00ab\u00a0L\u2019\u00e9lite alg\u00e9rienne sera accueillie les bras ouverts dans son pays \u00bb\"}]},{\"@type\":\"WebSite\",\"@id\":\"https:\\\/\\\/lasentinelle.dz\\\/#website\",\"url\":\"https:\\\/\\\/lasentinelle.dz\\\/\",\"name\":\"La Sentinelle\",\"description\":\"Quotidien national d&#039;information\",\"publisher\":{\"@id\":\"https:\\\/\\\/lasentinelle.dz\\\/#organization\"},\"potentialAction\":[{\"@type\":\"SearchAction\",\"target\":{\"@type\":\"EntryPoint\",\"urlTemplate\":\"https:\\\/\\\/lasentinelle.dz\\\/?s={search_term_string}\"},\"query-input\":{\"@type\":\"PropertyValueSpecification\",\"valueRequired\":true,\"valueName\":\"search_term_string\"}}],\"inLanguage\":\"fr-FR\"},{\"@type\":\"Organization\",\"@id\":\"https:\\\/\\\/lasentinelle.dz\\\/#organization\",\"name\":\"Quotidien La Sentinelle\",\"url\":\"https:\\\/\\\/lasentinelle.dz\\\/\",\"logo\":{\"@type\":\"ImageObject\",\"inLanguage\":\"fr-FR\",\"@id\":\"https:\\\/\\\/lasentinelle.dz\\\/#\\\/schema\\\/logo\\\/image\\\/\",\"url\":\"https:\\\/\\\/lasentinelle.dz\\\/wp-content\\\/uploads\\\/2021\\\/09\\\/logo-sentinelleSLOGAN-1.png\",\"contentUrl\":\"https:\\\/\\\/lasentinelle.dz\\\/wp-content\\\/uploads\\\/2021\\\/09\\\/logo-sentinelleSLOGAN-1.png\",\"width\":615,\"height\":142,\"caption\":\"Quotidien La Sentinelle\"},\"image\":{\"@id\":\"https:\\\/\\\/lasentinelle.dz\\\/#\\\/schema\\\/logo\\\/image\\\/\"},\"sameAs\":[\"https:\\\/\\\/www.facebook.com\\\/La-Sentinelle-104059864394773\"]},{\"@type\":\"Person\",\"@id\":\"https:\\\/\\\/lasentinelle.dz\\\/#\\\/schema\\\/person\\\/d865044e22e70a75174ce8bcad3acfb3\",\"name\":\"La Sentinelle\",\"image\":{\"@type\":\"ImageObject\",\"inLanguage\":\"fr-FR\",\"@id\":\"https:\\\/\\\/secure.gravatar.com\\\/avatar\\\/57de8e5d4b15d43fb361a71fbb36338450fe67865b528a43dd10ef7c51a20392?s=96&d=mm&r=g\",\"url\":\"https:\\\/\\\/secure.gravatar.com\\\/avatar\\\/57de8e5d4b15d43fb361a71fbb36338450fe67865b528a43dd10ef7c51a20392?s=96&d=mm&r=g\",\"contentUrl\":\"https:\\\/\\\/secure.gravatar.com\\\/avatar\\\/57de8e5d4b15d43fb361a71fbb36338450fe67865b528a43dd10ef7c51a20392?s=96&d=mm&r=g\",\"caption\":\"La Sentinelle\"},\"sameAs\":[\"http:\\\/\\\/www.lasentinelle.dz\"],\"url\":\"https:\\\/\\\/lasentinelle.dz\\\/author\\\/redaction\\\/\"}]}<\/script>\n<!-- \/ Yoast SEO plugin. -->","yoast_head_json":{"title":"Le pr\u00e9sident Tebboune rencontre des repr\u00e9sentants de la diaspora alg\u00e9rienne au Portugal\u00a0: \u00ab\u00a0L\u2019\u00e9lite alg\u00e9rienne sera accueillie les bras ouverts dans son pays \u00bb - La Sentinelle","robots":{"index":"index","follow":"follow","max-snippet":"max-snippet:-1","max-image-preview":"max-image-preview:large","max-video-preview":"max-video-preview:-1"},"canonical":"https:\/\/lasentinelle.dz\/index.php\/2023\/05\/23\/le-president-tebboune-rencontre-des-representants-de-la-diaspora-algerienne-au-portugal-lelite-algerienne-sera-accueillie-les-bras-ouverts-dans-son-pays\/","og_locale":"fr_FR","og_type":"article","og_title":"Le pr\u00e9sident Tebboune rencontre des repr\u00e9sentants de la diaspora alg\u00e9rienne au Portugal\u00a0: \u00ab\u00a0L\u2019\u00e9lite alg\u00e9rienne sera accueillie les bras ouverts dans son pays \u00bb - La Sentinelle","og_description":"En visite d\u2019Etat de deux jours au Portugal, entam\u00e9e lundi, le pr\u00e9sident de la R\u00e9publique, Abdelmadjid Tebboune, a tenu \u00e0","og_url":"https:\/\/lasentinelle.dz\/index.php\/2023\/05\/23\/le-president-tebboune-rencontre-des-representants-de-la-diaspora-algerienne-au-portugal-lelite-algerienne-sera-accueillie-les-bras-ouverts-dans-son-pays\/","og_site_name":"La Sentinelle","article_publisher":"https:\/\/www.facebook.com\/La-Sentinelle-104059864394773","article_published_time":"2023-05-23T21:05:00+00:00","og_image":[{"width":1081,"height":720,"url":"https:\/\/lasentinelle.dz\/wp-content\/uploads\/2023\/05\/image_2023-05-23_211247473.png","type":"image\/png"}],"author":"La Sentinelle","twitter_card":"summary_large_image","twitter_misc":{"\u00c9crit par":"La Sentinelle","Dur\u00e9e de lecture estim\u00e9e":"4 minutes"},"schema":{"@context":"https:\/\/schema.org","@graph":[{"@type":"Article","@id":"https:\/\/lasentinelle.dz\/index.php\/2023\/05\/23\/le-president-tebboune-rencontre-des-representants-de-la-diaspora-algerienne-au-portugal-lelite-algerienne-sera-accueillie-les-bras-ouverts-dans-son-pays\/#article","isPartOf":{"@id":"https:\/\/lasentinelle.dz\/index.php\/2023\/05\/23\/le-president-tebboune-rencontre-des-representants-de-la-diaspora-algerienne-au-portugal-lelite-algerienne-sera-accueillie-les-bras-ouverts-dans-son-pays\/"},"author":{"name":"La Sentinelle","@id":"https:\/\/lasentinelle.dz\/#\/schema\/person\/d865044e22e70a75174ce8bcad3acfb3"},"headline":"Le pr\u00e9sident Tebboune rencontre des repr\u00e9sentants de la diaspora alg\u00e9rienne au Portugal\u00a0: \u00ab\u00a0L\u2019\u00e9lite alg\u00e9rienne sera accueillie les bras ouverts dans son pays \u00bb","datePublished":"2023-05-23T21:05:00+00:00","mainEntityOfPage":{"@id":"https:\/\/lasentinelle.dz\/index.php\/2023\/05\/23\/le-president-tebboune-rencontre-des-representants-de-la-diaspora-algerienne-au-portugal-lelite-algerienne-sera-accueillie-les-bras-ouverts-dans-son-pays\/"},"wordCount":841,"commentCount":0,"publisher":{"@id":"https:\/\/lasentinelle.dz\/#organization"},"image":{"@id":"https:\/\/lasentinelle.dz\/index.php\/2023\/05\/23\/le-president-tebboune-rencontre-des-representants-de-la-diaspora-algerienne-au-portugal-lelite-algerienne-sera-accueillie-les-bras-ouverts-dans-son-pays\/#primaryimage"},"thumbnailUrl":"https:\/\/lasentinelle.dz\/wp-content\/uploads\/2023\/05\/image_2023-05-23_211247473.png","articleSection":["Actualit\u00e9"],"inLanguage":"fr-FR","potentialAction":[{"@type":"CommentAction","name":"Comment","target":["https:\/\/lasentinelle.dz\/index.php\/2023\/05\/23\/le-president-tebboune-rencontre-des-representants-de-la-diaspora-algerienne-au-portugal-lelite-algerienne-sera-accueillie-les-bras-ouverts-dans-son-pays\/#respond"]}]},{"@type":"WebPage","@id":"https:\/\/lasentinelle.dz\/index.php\/2023\/05\/23\/le-president-tebboune-rencontre-des-representants-de-la-diaspora-algerienne-au-portugal-lelite-algerienne-sera-accueillie-les-bras-ouverts-dans-son-pays\/","url":"https:\/\/lasentinelle.dz\/index.php\/2023\/05\/23\/le-president-tebboune-rencontre-des-representants-de-la-diaspora-algerienne-au-portugal-lelite-algerienne-sera-accueillie-les-bras-ouverts-dans-son-pays\/","name":"Le pr\u00e9sident Tebboune rencontre des repr\u00e9sentants de la diaspora alg\u00e9rienne au Portugal\u00a0: \u00ab\u00a0L\u2019\u00e9lite alg\u00e9rienne sera accueillie les bras ouverts dans son pays \u00bb - La Sentinelle","isPartOf":{"@id":"https:\/\/lasentinelle.dz\/#website"},"primaryImageOfPage":{"@id":"https:\/\/lasentinelle.dz\/index.php\/2023\/05\/23\/le-president-tebboune-rencontre-des-representants-de-la-diaspora-algerienne-au-portugal-lelite-algerienne-sera-accueillie-les-bras-ouverts-dans-son-pays\/#primaryimage"},"image":{"@id":"https:\/\/lasentinelle.dz\/index.php\/2023\/05\/23\/le-president-tebboune-rencontre-des-representants-de-la-diaspora-algerienne-au-portugal-lelite-algerienne-sera-accueillie-les-bras-ouverts-dans-son-pays\/#primaryimage"},"thumbnailUrl":"https:\/\/lasentinelle.dz\/wp-content\/uploads\/2023\/05\/image_2023-05-23_211247473.png","datePublished":"2023-05-23T21:05:00+00:00","breadcrumb":{"@id":"https:\/\/lasentinelle.dz\/index.php\/2023\/05\/23\/le-president-tebboune-rencontre-des-representants-de-la-diaspora-algerienne-au-portugal-lelite-algerienne-sera-accueillie-les-bras-ouverts-dans-son-pays\/#breadcrumb"},"inLanguage":"fr-FR","potentialAction":[{"@type":"ReadAction","target":["https:\/\/lasentinelle.dz\/index.php\/2023\/05\/23\/le-president-tebboune-rencontre-des-representants-de-la-diaspora-algerienne-au-portugal-lelite-algerienne-sera-accueillie-les-bras-ouverts-dans-son-pays\/"]}]},{"@type":"ImageObject","inLanguage":"fr-FR","@id":"https:\/\/lasentinelle.dz\/index.php\/2023\/05\/23\/le-president-tebboune-rencontre-des-representants-de-la-diaspora-algerienne-au-portugal-lelite-algerienne-sera-accueillie-les-bras-ouverts-dans-son-pays\/#primaryimage","url":"https:\/\/lasentinelle.dz\/wp-content\/uploads\/2023\/05\/image_2023-05-23_211247473.png","contentUrl":"https:\/\/lasentinelle.dz\/wp-content\/uploads\/2023\/05\/image_2023-05-23_211247473.png","width":1081,"height":720},{"@type":"BreadcrumbList","@id":"https:\/\/lasentinelle.dz\/index.php\/2023\/05\/23\/le-president-tebboune-rencontre-des-representants-de-la-diaspora-algerienne-au-portugal-lelite-algerienne-sera-accueillie-les-bras-ouverts-dans-son-pays\/#breadcrumb","itemListElement":[{"@type":"ListItem","position":1,"name":"Accueil","item":"https:\/\/lasentinelle.dz\/"},{"@type":"ListItem","position":2,"name":"Le pr\u00e9sident Tebboune rencontre des repr\u00e9sentants de la diaspora alg\u00e9rienne au Portugal\u00a0: \u00ab\u00a0L\u2019\u00e9lite alg\u00e9rienne sera accueillie les bras ouverts dans son pays \u00bb"}]},{"@type":"WebSite","@id":"https:\/\/lasentinelle.dz\/#website","url":"https:\/\/lasentinelle.dz\/","name":"La Sentinelle","description":"Quotidien national d&#039;information","publisher":{"@id":"https:\/\/lasentinelle.dz\/#organization"},"potentialAction":[{"@type":"SearchAction","target":{"@type":"EntryPoint","urlTemplate":"https:\/\/lasentinelle.dz\/?s={search_term_string}"},"query-input":{"@type":"PropertyValueSpecification","valueRequired":true,"valueName":"search_term_string"}}],"inLanguage":"fr-FR"},{"@type":"Organization","@id":"https:\/\/lasentinelle.dz\/#organization","name":"Quotidien La Sentinelle","url":"https:\/\/lasentinelle.dz\/","logo":{"@type":"ImageObject","inLanguage":"fr-FR","@id":"https:\/\/lasentinelle.dz\/#\/schema\/logo\/image\/","url":"https:\/\/lasentinelle.dz\/wp-content\/uploads\/2021\/09\/logo-sentinelleSLOGAN-1.png","contentUrl":"https:\/\/lasentinelle.dz\/wp-content\/uploads\/2021\/09\/logo-sentinelleSLOGAN-1.png","width":615,"height":142,"caption":"Quotidien La Sentinelle"},"image":{"@id":"https:\/\/lasentinelle.dz\/#\/schema\/logo\/image\/"},"sameAs":["https:\/\/www.facebook.com\/La-Sentinelle-104059864394773"]},{"@type":"Person","@id":"https:\/\/lasentinelle.dz\/#\/schema\/person\/d865044e22e70a75174ce8bcad3acfb3","name":"La Sentinelle","image":{"@type":"ImageObject","inLanguage":"fr-FR","@id":"https:\/\/secure.gravatar.com\/avatar\/57de8e5d4b15d43fb361a71fbb36338450fe67865b528a43dd10ef7c51a20392?s=96&d=mm&r=g","url":"https:\/\/secure.gravatar.com\/avatar\/57de8e5d4b15d43fb361a71fbb36338450fe67865b528a43dd10ef7c51a20392?s=96&d=mm&r=g","contentUrl":"https:\/\/secure.gravatar.com\/avatar\/57de8e5d4b15d43fb361a71fbb36338450fe67865b528a43dd10ef7c51a20392?s=96&d=mm&r=g","caption":"La Sentinelle"},"sameAs":["http:\/\/www.lasentinelle.dz"],"url":"https:\/\/lasentinelle.dz\/author\/redaction\/"}]}},"_links":{"self":[{"href":"https:\/\/lasentinelle.dz\/index.php\/wp-json\/wp\/v2\/posts\/41607","targetHints":{"allow":["GET"]}}],"collection":[{"href":"https:\/\/lasentinelle.dz\/index.php\/wp-json\/wp\/v2\/posts"}],"about":[{"href":"https:\/\/lasentinelle.dz\/index.php\/wp-json\/wp\/v2\/types\/post"}],"author":[{"embeddable":true,"href":"https:\/\/lasentinelle.dz\/index.php\/wp-json\/wp\/v2\/users\/3"}],"replies":[{"embeddable":true,"href":"https:\/\/lasentinelle.dz\/index.php\/wp-json\/wp\/v2\/comments?post=41607"}],"version-history":[{"count":1,"href":"https:\/\/lasentinelle.dz\/index.php\/wp-json\/wp\/v2\/posts\/41607\/revisions"}],"predecessor-version":[{"id":41623,"href":"https:\/\/lasentinelle.dz\/index.php\/wp-json\/wp\/v2\/posts\/41607\/revisions\/41623"}],"wp:featuredmedia":[{"embeddable":true,"href":"https:\/\/lasentinelle.dz\/index.php\/wp-json\/wp\/v2\/media\/41621"}],"wp:attachment":[{"href":"https:\/\/lasentinelle.dz\/index.php\/wp-json\/wp\/v2\/media?parent=41607"}],"wp:term":[{"taxonomy":"category","embeddable":true,"href":"https:\/\/lasentinelle.dz\/index.php\/wp-json\/wp\/v2\/categories?post=41607"},{"taxonomy":"post_tag","embeddable":true,"href":"https:\/\/lasentinelle.dz\/index.php\/wp-json\/wp\/v2\/tags?post=41607"}],"curies":[{"name":"wp","href":"https:\/\/api.w.org\/{rel}","templated":true}]}}