{"id":41665,"date":"2023-05-24T22:15:00","date_gmt":"2023-05-24T21:15:00","guid":{"rendered":"https:\/\/lasentinelle.dz\/?p=41665"},"modified":"2023-05-24T21:18:49","modified_gmt":"2023-05-24T20:18:49","slug":"la-bad-prevoit-un-taux-de-croissance-en-hausse-en-algerie-pour-2023-les-indicateurs-sont-au-vert","status":"publish","type":"post","link":"https:\/\/lasentinelle.dz\/index.php\/2023\/05\/24\/la-bad-prevoit-un-taux-de-croissance-en-hausse-en-algerie-pour-2023-les-indicateurs-sont-au-vert\/","title":{"rendered":"La BAD pr\u00e9voit un taux de croissance en hausse en Alg\u00e9rie pour 2023\u00a0: Les indicateurs sont au vert"},"content":{"rendered":"\n<p>Les indicateurs \u00e9conomiques en Alg\u00e9rie ont \u00e9t\u00e9 globalement positifs en 2022, tandis que la croissance \u00e9conomique demeurera solide cette ann\u00e9e, a indiqu\u00e9 hier le rapport sur les perspectives \u00e9conomiques 2023-2024 d\u00e9voil\u00e9 hier \u00e0 Charm El-Cheikh lors des Assembl\u00e9es annuelles de la Banque africaine de d\u00e9veloppement.<\/p>\n\n\n\n<p>Le rapport sur les perspectives \u00e9conomiques africaines de la BAD souligne ainsi que la reprise \u00e9conomique s\u2019est confort\u00e9e en Alg\u00e9rie en 2022 et devrait l\u2019\u00eatre encore plus en 2023, m\u00eame si elle adresse certaines recommandations pr\u00e9server la dynamique de croissance en 2024. Le bailleur de fond africain a indiqu\u00e9 que le PIB r\u00e9el de l\u2019Alg\u00e9rie a augment\u00e9 de 3,0 % en 2022, contre 3,4 % en 2021. La croissance \u00e9conomique devrait se maintenir \u00e0 3,1 % en 2023, avant de ralentir \u00e0 2,1 % en 2024, ajoute-elle. Le rapport de la BAD a \u00e9galement mis en avant les efforts des pouvoirs publics pour maintenir la dynamique \u00e9conomique et stimuler la reprise post-covid. Elle a ainsi soulign\u00e9 que \u00ables autorit\u00e9s mon\u00e9taires ont mis en \u0153uvre un programme de refinancement permettant d\u2019accorder de nouveaux pr\u00eats \u00e0 l\u2019\u00c9tat et au reste de l\u2019\u00e9conomie (repr\u00e9sentant pr\u00e8s de 9,3 % du PIB)&nbsp;\u00bb. &nbsp;Le rapport souligne aussi le d\u00e9fi que repr\u00e9sente l\u2019inflation en Alg\u00e9rie, comme dans tous les pays du monde. \u00ab La tendance \u00e0 la hausse de l\u2019inflation s\u2019est poursuivie en 2022 (9,3 %, contre 7,2 % en 2021), \u00e9galement aliment\u00e9e par l\u2019inflation mondiale&nbsp;\u00bb, a indiqu\u00e9 la BAD. Et de souligner que Le d\u00e9ficit budg\u00e9taire s\u2019est r\u00e9duit de 6,9 % du PIB en 2021 \u00e0 0,2 % du PIB en 2022, et les recettes budg\u00e9taires ont augment\u00e9, en particulier celles li\u00e9es au secteur des hydrocarbures. Le compte courant a d\u00e9gag\u00e9 un surplus de 7,8 % du PIB en 2022, contre un d\u00e9ficit de 2,8 % en 2021, gr\u00e2ce \u00e0 la hausse du volume et des prix des exportations d\u2019hydrocarbures et aux mesures de r\u00e9duction des importations. Autre \u00e9volution not\u00e9e par la BAD, celle du niveau des r\u00e9serves de change qui ont atteint en 2022, 18 mois d\u2019importations, contre 11,1 mois d\u2019importations en 2021. Elle note \u00e9galement que la dette publique essentiellement int\u00e9rieure, a enregistr\u00e9 une baisse \u00e0 52,4 % du PIB, contre 62,1 % du PIB en 2021, favoris\u00e9e par la r\u00e9duction du d\u00e9ficit budg\u00e9taire et la croissance du PIB nominal. Elle note aussi des progr\u00e8s ont \u00e9t\u00e9 r\u00e9alis\u00e9s en 2022 dans la modernisation du syst\u00e8me financier avec la densification du r\u00e9seau des soci\u00e9t\u00e9s d\u2019assurances et l\u2019am\u00e9lioration de l\u2019inclusion financi\u00e8re, notamment le d\u00e9ploiement de produits de la finance islamique. L\u2019institution financi\u00e8re africaine note aussi des avanc\u00e9es en mati\u00e8re de d\u00e9veloppement humain, avec la baisse du taux de pauvret\u00e9 multi-dimensionnelle d\u00e9j\u00e0 marginal malgr\u00e9 un taux de ch\u00f4mage de 14,9 % en 2022. Elle souligne dans ce sens l\u2019instauration d\u2019une allocation ch\u00f4mage.<\/p>\n\n\n\n<p>En ce qui concerne les perspective, la BAD indique le taux d\u2019inflation pourrait s\u2019att\u00e9nuer en 2023 \u00e0 7,7 % en 2023 et 6,7 % en 2024. Elle adresse aussi des recommandations en ce qui concerne la diversification de l\u2019\u00e9conomie nationale, la gestion du d\u00e9ficit budg\u00e9taire, mais aussi en mati\u00e8re de lutte contre le changement climatique. La BAD estime que pour r\u00e9pondre de mani\u00e8re ad\u00e9quate aux changements climatiques, les besoins de financement de l\u2019Alg\u00e9rie sont estim\u00e9s en moyenne \u00e0 22 milliards USD sur la p\u00e9riode 2020\u20132030. Elle recommande dans ce contexte d\u2019associer le financement priv\u00e9 dont la part \u00ab&nbsp;reste faible dans la transition \u00e9nerg\u00e9tique et la croissance verte&nbsp;\u00bb. &nbsp;Plus globalement, et \u00e0 l\u2019\u00e9chelle du continent, la BAD estime que le PIB de l\u2019Afrique devrait croitre de 4% durant l\u2019ann\u00e9e en cours, une croissance qui devrait se consolider en 2024, avec un taux de 4,3%. Le rapport, ax\u00e9 sur le th\u00e8me choisi pour cette \u00e9dition des Assembl\u00e9es, \u00e0 savoir \u00ab\u00a0Mobiliser les financements du secteur priv\u00e9 en faveur du climat et de la croissance verte en Afrique\u00a0\u00bb, souligne que le continent, avec une hausse de 3,8% du PIB en 2022, a r\u00e9ussi \u00e0 r\u00e9aliser une croissance sup\u00e9rieure \u00e0 la moyenne mondiale durant la m\u00eame ann\u00e9e (3,4%), avec une augmentation du Produit int\u00e9rieur brut dans tous les pays africains, sauf deux.<\/p>\n\n\n\n<p><strong>Samira Ghrib<\/strong><\/p>\n","protected":false},"excerpt":{"rendered":"<p>Les indicateurs \u00e9conomiques en Alg\u00e9rie ont \u00e9t\u00e9 globalement positifs en 2022, tandis que la croissance \u00e9conomique demeurera solide cette ann\u00e9e,<\/p>\n","protected":false},"author":3,"featured_media":41671,"comment_status":"open","ping_status":"closed","sticky":false,"template":"","format":"standard","meta":{"colormag_page_container_layout":"default_layout","colormag_page_sidebar_layout":"default_layout","om_disable_all_campaigns":false,"_monsterinsights_skip_tracking":false,"_monsterinsights_sitenote_active":false,"_monsterinsights_sitenote_note":"","_monsterinsights_sitenote_category":0,"footnotes":"","_wpscppro_dont_share_socialmedia":false,"_wpscppro_custom_social_share_image":0,"_facebook_share_type":"","_twitter_share_type":"","_linkedin_share_type":"","_pinterest_share_type":"","_linkedin_share_type_page":"","_instagram_share_type":"","_medium_share_type":"","_threads_share_type":"","_google_business_share_type":"","_selected_social_profile":[],"_wpsp_enable_custom_social_template":false,"_wpsp_social_scheduling":{"enabled":false,"datetime":null,"platforms":[],"status":"template_only","dateOption":"today","timeOption":"now","customDays":"","customHours":"","customDate":"","customTime":"","schedulingType":"absolute"},"_wpsp_active_default_template":true},"categories":[52,29],"tags":[],"class_list":["post-41665","post","type-post","status-publish","format-standard","has-post-thumbnail","hentry","category-a-la-une","category-economie"],"aioseo_notices":[],"yoast_head":"<!-- This site is optimized with the Yoast SEO plugin v27.4 - https:\/\/yoast.com\/product\/yoast-seo-wordpress\/ -->\n<title>La BAD pr\u00e9voit un taux de croissance en hausse en Alg\u00e9rie pour 2023\u00a0: Les indicateurs sont au vert - La Sentinelle<\/title>\n<meta name=\"robots\" content=\"index, follow, max-snippet:-1, max-image-preview:large, max-video-preview:-1\" \/>\n<link rel=\"canonical\" href=\"https:\/\/lasentinelle.dz\/index.php\/2023\/05\/24\/la-bad-prevoit-un-taux-de-croissance-en-hausse-en-algerie-pour-2023-les-indicateurs-sont-au-vert\/\" \/>\n<meta property=\"og:locale\" content=\"fr_FR\" \/>\n<meta property=\"og:type\" content=\"article\" \/>\n<meta property=\"og:title\" content=\"La BAD pr\u00e9voit un taux de croissance en hausse en Alg\u00e9rie pour 2023\u00a0: Les indicateurs sont au vert - La Sentinelle\" \/>\n<meta property=\"og:description\" content=\"Les indicateurs \u00e9conomiques en Alg\u00e9rie ont \u00e9t\u00e9 globalement positifs en 2022, tandis que la croissance \u00e9conomique demeurera solide cette ann\u00e9e,\" \/>\n<meta property=\"og:url\" content=\"https:\/\/lasentinelle.dz\/index.php\/2023\/05\/24\/la-bad-prevoit-un-taux-de-croissance-en-hausse-en-algerie-pour-2023-les-indicateurs-sont-au-vert\/\" \/>\n<meta property=\"og:site_name\" content=\"La Sentinelle\" \/>\n<meta property=\"article:publisher\" content=\"https:\/\/www.facebook.com\/La-Sentinelle-104059864394773\" \/>\n<meta property=\"article:published_time\" content=\"2023-05-24T21:15:00+00:00\" \/>\n<meta property=\"og:image\" content=\"https:\/\/lasentinelle.dz\/wp-content\/uploads\/2023\/05\/port-1024x681.png\" \/>\n\t<meta property=\"og:image:width\" content=\"1024\" \/>\n\t<meta property=\"og:image:height\" content=\"681\" \/>\n\t<meta property=\"og:image:type\" content=\"image\/png\" \/>\n<meta name=\"author\" content=\"La Sentinelle\" \/>\n<meta name=\"twitter:card\" content=\"summary_large_image\" \/>\n<meta name=\"twitter:label1\" content=\"\u00c9crit par\" \/>\n\t<meta name=\"twitter:data1\" content=\"La Sentinelle\" \/>\n\t<meta name=\"twitter:label2\" content=\"Dur\u00e9e de lecture estim\u00e9e\" \/>\n\t<meta name=\"twitter:data2\" content=\"4 minutes\" \/>\n<script type=\"application\/ld+json\" class=\"yoast-schema-graph\">{\"@context\":\"https:\\\/\\\/schema.org\",\"@graph\":[{\"@type\":\"Article\",\"@id\":\"https:\\\/\\\/lasentinelle.dz\\\/index.php\\\/2023\\\/05\\\/24\\\/la-bad-prevoit-un-taux-de-croissance-en-hausse-en-algerie-pour-2023-les-indicateurs-sont-au-vert\\\/#article\",\"isPartOf\":{\"@id\":\"https:\\\/\\\/lasentinelle.dz\\\/index.php\\\/2023\\\/05\\\/24\\\/la-bad-prevoit-un-taux-de-croissance-en-hausse-en-algerie-pour-2023-les-indicateurs-sont-au-vert\\\/\"},\"author\":{\"name\":\"La Sentinelle\",\"@id\":\"https:\\\/\\\/lasentinelle.dz\\\/#\\\/schema\\\/person\\\/d865044e22e70a75174ce8bcad3acfb3\"},\"headline\":\"La BAD pr\u00e9voit un taux de croissance en hausse en Alg\u00e9rie pour 2023\u00a0: Les indicateurs sont au vert\",\"datePublished\":\"2023-05-24T21:15:00+00:00\",\"mainEntityOfPage\":{\"@id\":\"https:\\\/\\\/lasentinelle.dz\\\/index.php\\\/2023\\\/05\\\/24\\\/la-bad-prevoit-un-taux-de-croissance-en-hausse-en-algerie-pour-2023-les-indicateurs-sont-au-vert\\\/\"},\"wordCount\":726,\"commentCount\":0,\"publisher\":{\"@id\":\"https:\\\/\\\/lasentinelle.dz\\\/#organization\"},\"image\":{\"@id\":\"https:\\\/\\\/lasentinelle.dz\\\/index.php\\\/2023\\\/05\\\/24\\\/la-bad-prevoit-un-taux-de-croissance-en-hausse-en-algerie-pour-2023-les-indicateurs-sont-au-vert\\\/#primaryimage\"},\"thumbnailUrl\":\"https:\\\/\\\/lasentinelle.dz\\\/wp-content\\\/uploads\\\/2023\\\/05\\\/port.png\",\"articleSection\":[\"\u00c0 la Une\",\"\u00c9conomie\"],\"inLanguage\":\"fr-FR\",\"potentialAction\":[{\"@type\":\"CommentAction\",\"name\":\"Comment\",\"target\":[\"https:\\\/\\\/lasentinelle.dz\\\/index.php\\\/2023\\\/05\\\/24\\\/la-bad-prevoit-un-taux-de-croissance-en-hausse-en-algerie-pour-2023-les-indicateurs-sont-au-vert\\\/#respond\"]}]},{\"@type\":\"WebPage\",\"@id\":\"https:\\\/\\\/lasentinelle.dz\\\/index.php\\\/2023\\\/05\\\/24\\\/la-bad-prevoit-un-taux-de-croissance-en-hausse-en-algerie-pour-2023-les-indicateurs-sont-au-vert\\\/\",\"url\":\"https:\\\/\\\/lasentinelle.dz\\\/index.php\\\/2023\\\/05\\\/24\\\/la-bad-prevoit-un-taux-de-croissance-en-hausse-en-algerie-pour-2023-les-indicateurs-sont-au-vert\\\/\",\"name\":\"La BAD pr\u00e9voit un taux de croissance en hausse en Alg\u00e9rie pour 2023\u00a0: Les indicateurs sont au vert - La Sentinelle\",\"isPartOf\":{\"@id\":\"https:\\\/\\\/lasentinelle.dz\\\/#website\"},\"primaryImageOfPage\":{\"@id\":\"https:\\\/\\\/lasentinelle.dz\\\/index.php\\\/2023\\\/05\\\/24\\\/la-bad-prevoit-un-taux-de-croissance-en-hausse-en-algerie-pour-2023-les-indicateurs-sont-au-vert\\\/#primaryimage\"},\"image\":{\"@id\":\"https:\\\/\\\/lasentinelle.dz\\\/index.php\\\/2023\\\/05\\\/24\\\/la-bad-prevoit-un-taux-de-croissance-en-hausse-en-algerie-pour-2023-les-indicateurs-sont-au-vert\\\/#primaryimage\"},\"thumbnailUrl\":\"https:\\\/\\\/lasentinelle.dz\\\/wp-content\\\/uploads\\\/2023\\\/05\\\/port.png\",\"datePublished\":\"2023-05-24T21:15:00+00:00\",\"breadcrumb\":{\"@id\":\"https:\\\/\\\/lasentinelle.dz\\\/index.php\\\/2023\\\/05\\\/24\\\/la-bad-prevoit-un-taux-de-croissance-en-hausse-en-algerie-pour-2023-les-indicateurs-sont-au-vert\\\/#breadcrumb\"},\"inLanguage\":\"fr-FR\",\"potentialAction\":[{\"@type\":\"ReadAction\",\"target\":[\"https:\\\/\\\/lasentinelle.dz\\\/index.php\\\/2023\\\/05\\\/24\\\/la-bad-prevoit-un-taux-de-croissance-en-hausse-en-algerie-pour-2023-les-indicateurs-sont-au-vert\\\/\"]}]},{\"@type\":\"ImageObject\",\"inLanguage\":\"fr-FR\",\"@id\":\"https:\\\/\\\/lasentinelle.dz\\\/index.php\\\/2023\\\/05\\\/24\\\/la-bad-prevoit-un-taux-de-croissance-en-hausse-en-algerie-pour-2023-les-indicateurs-sont-au-vert\\\/#primaryimage\",\"url\":\"https:\\\/\\\/lasentinelle.dz\\\/wp-content\\\/uploads\\\/2023\\\/05\\\/port.png\",\"contentUrl\":\"https:\\\/\\\/lasentinelle.dz\\\/wp-content\\\/uploads\\\/2023\\\/05\\\/port.png\",\"width\":1353,\"height\":900},{\"@type\":\"BreadcrumbList\",\"@id\":\"https:\\\/\\\/lasentinelle.dz\\\/index.php\\\/2023\\\/05\\\/24\\\/la-bad-prevoit-un-taux-de-croissance-en-hausse-en-algerie-pour-2023-les-indicateurs-sont-au-vert\\\/#breadcrumb\",\"itemListElement\":[{\"@type\":\"ListItem\",\"position\":1,\"name\":\"Accueil\",\"item\":\"https:\\\/\\\/lasentinelle.dz\\\/\"},{\"@type\":\"ListItem\",\"position\":2,\"name\":\"La BAD pr\u00e9voit un taux de croissance en hausse en Alg\u00e9rie pour 2023\u00a0: Les indicateurs sont au vert\"}]},{\"@type\":\"WebSite\",\"@id\":\"https:\\\/\\\/lasentinelle.dz\\\/#website\",\"url\":\"https:\\\/\\\/lasentinelle.dz\\\/\",\"name\":\"La Sentinelle\",\"description\":\"Quotidien national d&#039;information\",\"publisher\":{\"@id\":\"https:\\\/\\\/lasentinelle.dz\\\/#organization\"},\"potentialAction\":[{\"@type\":\"SearchAction\",\"target\":{\"@type\":\"EntryPoint\",\"urlTemplate\":\"https:\\\/\\\/lasentinelle.dz\\\/?s={search_term_string}\"},\"query-input\":{\"@type\":\"PropertyValueSpecification\",\"valueRequired\":true,\"valueName\":\"search_term_string\"}}],\"inLanguage\":\"fr-FR\"},{\"@type\":\"Organization\",\"@id\":\"https:\\\/\\\/lasentinelle.dz\\\/#organization\",\"name\":\"Quotidien La Sentinelle\",\"url\":\"https:\\\/\\\/lasentinelle.dz\\\/\",\"logo\":{\"@type\":\"ImageObject\",\"inLanguage\":\"fr-FR\",\"@id\":\"https:\\\/\\\/lasentinelle.dz\\\/#\\\/schema\\\/logo\\\/image\\\/\",\"url\":\"https:\\\/\\\/lasentinelle.dz\\\/wp-content\\\/uploads\\\/2021\\\/09\\\/logo-sentinelleSLOGAN-1.png\",\"contentUrl\":\"https:\\\/\\\/lasentinelle.dz\\\/wp-content\\\/uploads\\\/2021\\\/09\\\/logo-sentinelleSLOGAN-1.png\",\"width\":615,\"height\":142,\"caption\":\"Quotidien La Sentinelle\"},\"image\":{\"@id\":\"https:\\\/\\\/lasentinelle.dz\\\/#\\\/schema\\\/logo\\\/image\\\/\"},\"sameAs\":[\"https:\\\/\\\/www.facebook.com\\\/La-Sentinelle-104059864394773\"]},{\"@type\":\"Person\",\"@id\":\"https:\\\/\\\/lasentinelle.dz\\\/#\\\/schema\\\/person\\\/d865044e22e70a75174ce8bcad3acfb3\",\"name\":\"La Sentinelle\",\"image\":{\"@type\":\"ImageObject\",\"inLanguage\":\"fr-FR\",\"@id\":\"https:\\\/\\\/secure.gravatar.com\\\/avatar\\\/57de8e5d4b15d43fb361a71fbb36338450fe67865b528a43dd10ef7c51a20392?s=96&d=mm&r=g\",\"url\":\"https:\\\/\\\/secure.gravatar.com\\\/avatar\\\/57de8e5d4b15d43fb361a71fbb36338450fe67865b528a43dd10ef7c51a20392?s=96&d=mm&r=g\",\"contentUrl\":\"https:\\\/\\\/secure.gravatar.com\\\/avatar\\\/57de8e5d4b15d43fb361a71fbb36338450fe67865b528a43dd10ef7c51a20392?s=96&d=mm&r=g\",\"caption\":\"La Sentinelle\"},\"sameAs\":[\"http:\\\/\\\/www.lasentinelle.dz\"],\"url\":\"https:\\\/\\\/lasentinelle.dz\\\/author\\\/redaction\\\/\"}]}<\/script>\n<!-- \/ Yoast SEO plugin. -->","yoast_head_json":{"title":"La BAD pr\u00e9voit un taux de croissance en hausse en Alg\u00e9rie pour 2023\u00a0: Les indicateurs sont au vert - La Sentinelle","robots":{"index":"index","follow":"follow","max-snippet":"max-snippet:-1","max-image-preview":"max-image-preview:large","max-video-preview":"max-video-preview:-1"},"canonical":"https:\/\/lasentinelle.dz\/index.php\/2023\/05\/24\/la-bad-prevoit-un-taux-de-croissance-en-hausse-en-algerie-pour-2023-les-indicateurs-sont-au-vert\/","og_locale":"fr_FR","og_type":"article","og_title":"La BAD pr\u00e9voit un taux de croissance en hausse en Alg\u00e9rie pour 2023\u00a0: Les indicateurs sont au vert - La Sentinelle","og_description":"Les indicateurs \u00e9conomiques en Alg\u00e9rie ont \u00e9t\u00e9 globalement positifs en 2022, tandis que la croissance \u00e9conomique demeurera solide cette ann\u00e9e,","og_url":"https:\/\/lasentinelle.dz\/index.php\/2023\/05\/24\/la-bad-prevoit-un-taux-de-croissance-en-hausse-en-algerie-pour-2023-les-indicateurs-sont-au-vert\/","og_site_name":"La Sentinelle","article_publisher":"https:\/\/www.facebook.com\/La-Sentinelle-104059864394773","article_published_time":"2023-05-24T21:15:00+00:00","og_image":[{"width":1024,"height":681,"url":"https:\/\/lasentinelle.dz\/wp-content\/uploads\/2023\/05\/port-1024x681.png","type":"image\/png"}],"author":"La Sentinelle","twitter_card":"summary_large_image","twitter_misc":{"\u00c9crit par":"La Sentinelle","Dur\u00e9e de lecture estim\u00e9e":"4 minutes"},"schema":{"@context":"https:\/\/schema.org","@graph":[{"@type":"Article","@id":"https:\/\/lasentinelle.dz\/index.php\/2023\/05\/24\/la-bad-prevoit-un-taux-de-croissance-en-hausse-en-algerie-pour-2023-les-indicateurs-sont-au-vert\/#article","isPartOf":{"@id":"https:\/\/lasentinelle.dz\/index.php\/2023\/05\/24\/la-bad-prevoit-un-taux-de-croissance-en-hausse-en-algerie-pour-2023-les-indicateurs-sont-au-vert\/"},"author":{"name":"La Sentinelle","@id":"https:\/\/lasentinelle.dz\/#\/schema\/person\/d865044e22e70a75174ce8bcad3acfb3"},"headline":"La BAD pr\u00e9voit un taux de croissance en hausse en Alg\u00e9rie pour 2023\u00a0: Les indicateurs sont au vert","datePublished":"2023-05-24T21:15:00+00:00","mainEntityOfPage":{"@id":"https:\/\/lasentinelle.dz\/index.php\/2023\/05\/24\/la-bad-prevoit-un-taux-de-croissance-en-hausse-en-algerie-pour-2023-les-indicateurs-sont-au-vert\/"},"wordCount":726,"commentCount":0,"publisher":{"@id":"https:\/\/lasentinelle.dz\/#organization"},"image":{"@id":"https:\/\/lasentinelle.dz\/index.php\/2023\/05\/24\/la-bad-prevoit-un-taux-de-croissance-en-hausse-en-algerie-pour-2023-les-indicateurs-sont-au-vert\/#primaryimage"},"thumbnailUrl":"https:\/\/lasentinelle.dz\/wp-content\/uploads\/2023\/05\/port.png","articleSection":["\u00c0 la Une","\u00c9conomie"],"inLanguage":"fr-FR","potentialAction":[{"@type":"CommentAction","name":"Comment","target":["https:\/\/lasentinelle.dz\/index.php\/2023\/05\/24\/la-bad-prevoit-un-taux-de-croissance-en-hausse-en-algerie-pour-2023-les-indicateurs-sont-au-vert\/#respond"]}]},{"@type":"WebPage","@id":"https:\/\/lasentinelle.dz\/index.php\/2023\/05\/24\/la-bad-prevoit-un-taux-de-croissance-en-hausse-en-algerie-pour-2023-les-indicateurs-sont-au-vert\/","url":"https:\/\/lasentinelle.dz\/index.php\/2023\/05\/24\/la-bad-prevoit-un-taux-de-croissance-en-hausse-en-algerie-pour-2023-les-indicateurs-sont-au-vert\/","name":"La BAD pr\u00e9voit un taux de croissance en hausse en Alg\u00e9rie pour 2023\u00a0: Les indicateurs sont au vert - La Sentinelle","isPartOf":{"@id":"https:\/\/lasentinelle.dz\/#website"},"primaryImageOfPage":{"@id":"https:\/\/lasentinelle.dz\/index.php\/2023\/05\/24\/la-bad-prevoit-un-taux-de-croissance-en-hausse-en-algerie-pour-2023-les-indicateurs-sont-au-vert\/#primaryimage"},"image":{"@id":"https:\/\/lasentinelle.dz\/index.php\/2023\/05\/24\/la-bad-prevoit-un-taux-de-croissance-en-hausse-en-algerie-pour-2023-les-indicateurs-sont-au-vert\/#primaryimage"},"thumbnailUrl":"https:\/\/lasentinelle.dz\/wp-content\/uploads\/2023\/05\/port.png","datePublished":"2023-05-24T21:15:00+00:00","breadcrumb":{"@id":"https:\/\/lasentinelle.dz\/index.php\/2023\/05\/24\/la-bad-prevoit-un-taux-de-croissance-en-hausse-en-algerie-pour-2023-les-indicateurs-sont-au-vert\/#breadcrumb"},"inLanguage":"fr-FR","potentialAction":[{"@type":"ReadAction","target":["https:\/\/lasentinelle.dz\/index.php\/2023\/05\/24\/la-bad-prevoit-un-taux-de-croissance-en-hausse-en-algerie-pour-2023-les-indicateurs-sont-au-vert\/"]}]},{"@type":"ImageObject","inLanguage":"fr-FR","@id":"https:\/\/lasentinelle.dz\/index.php\/2023\/05\/24\/la-bad-prevoit-un-taux-de-croissance-en-hausse-en-algerie-pour-2023-les-indicateurs-sont-au-vert\/#primaryimage","url":"https:\/\/lasentinelle.dz\/wp-content\/uploads\/2023\/05\/port.png","contentUrl":"https:\/\/lasentinelle.dz\/wp-content\/uploads\/2023\/05\/port.png","width":1353,"height":900},{"@type":"BreadcrumbList","@id":"https:\/\/lasentinelle.dz\/index.php\/2023\/05\/24\/la-bad-prevoit-un-taux-de-croissance-en-hausse-en-algerie-pour-2023-les-indicateurs-sont-au-vert\/#breadcrumb","itemListElement":[{"@type":"ListItem","position":1,"name":"Accueil","item":"https:\/\/lasentinelle.dz\/"},{"@type":"ListItem","position":2,"name":"La BAD pr\u00e9voit un taux de croissance en hausse en Alg\u00e9rie pour 2023\u00a0: Les indicateurs sont au vert"}]},{"@type":"WebSite","@id":"https:\/\/lasentinelle.dz\/#website","url":"https:\/\/lasentinelle.dz\/","name":"La Sentinelle","description":"Quotidien national d&#039;information","publisher":{"@id":"https:\/\/lasentinelle.dz\/#organization"},"potentialAction":[{"@type":"SearchAction","target":{"@type":"EntryPoint","urlTemplate":"https:\/\/lasentinelle.dz\/?s={search_term_string}"},"query-input":{"@type":"PropertyValueSpecification","valueRequired":true,"valueName":"search_term_string"}}],"inLanguage":"fr-FR"},{"@type":"Organization","@id":"https:\/\/lasentinelle.dz\/#organization","name":"Quotidien La Sentinelle","url":"https:\/\/lasentinelle.dz\/","logo":{"@type":"ImageObject","inLanguage":"fr-FR","@id":"https:\/\/lasentinelle.dz\/#\/schema\/logo\/image\/","url":"https:\/\/lasentinelle.dz\/wp-content\/uploads\/2021\/09\/logo-sentinelleSLOGAN-1.png","contentUrl":"https:\/\/lasentinelle.dz\/wp-content\/uploads\/2021\/09\/logo-sentinelleSLOGAN-1.png","width":615,"height":142,"caption":"Quotidien La Sentinelle"},"image":{"@id":"https:\/\/lasentinelle.dz\/#\/schema\/logo\/image\/"},"sameAs":["https:\/\/www.facebook.com\/La-Sentinelle-104059864394773"]},{"@type":"Person","@id":"https:\/\/lasentinelle.dz\/#\/schema\/person\/d865044e22e70a75174ce8bcad3acfb3","name":"La Sentinelle","image":{"@type":"ImageObject","inLanguage":"fr-FR","@id":"https:\/\/secure.gravatar.com\/avatar\/57de8e5d4b15d43fb361a71fbb36338450fe67865b528a43dd10ef7c51a20392?s=96&d=mm&r=g","url":"https:\/\/secure.gravatar.com\/avatar\/57de8e5d4b15d43fb361a71fbb36338450fe67865b528a43dd10ef7c51a20392?s=96&d=mm&r=g","contentUrl":"https:\/\/secure.gravatar.com\/avatar\/57de8e5d4b15d43fb361a71fbb36338450fe67865b528a43dd10ef7c51a20392?s=96&d=mm&r=g","caption":"La Sentinelle"},"sameAs":["http:\/\/www.lasentinelle.dz"],"url":"https:\/\/lasentinelle.dz\/author\/redaction\/"}]}},"_links":{"self":[{"href":"https:\/\/lasentinelle.dz\/index.php\/wp-json\/wp\/v2\/posts\/41665","targetHints":{"allow":["GET"]}}],"collection":[{"href":"https:\/\/lasentinelle.dz\/index.php\/wp-json\/wp\/v2\/posts"}],"about":[{"href":"https:\/\/lasentinelle.dz\/index.php\/wp-json\/wp\/v2\/types\/post"}],"author":[{"embeddable":true,"href":"https:\/\/lasentinelle.dz\/index.php\/wp-json\/wp\/v2\/users\/3"}],"replies":[{"embeddable":true,"href":"https:\/\/lasentinelle.dz\/index.php\/wp-json\/wp\/v2\/comments?post=41665"}],"version-history":[{"count":2,"href":"https:\/\/lasentinelle.dz\/index.php\/wp-json\/wp\/v2\/posts\/41665\/revisions"}],"predecessor-version":[{"id":41689,"href":"https:\/\/lasentinelle.dz\/index.php\/wp-json\/wp\/v2\/posts\/41665\/revisions\/41689"}],"wp:featuredmedia":[{"embeddable":true,"href":"https:\/\/lasentinelle.dz\/index.php\/wp-json\/wp\/v2\/media\/41671"}],"wp:attachment":[{"href":"https:\/\/lasentinelle.dz\/index.php\/wp-json\/wp\/v2\/media?parent=41665"}],"wp:term":[{"taxonomy":"category","embeddable":true,"href":"https:\/\/lasentinelle.dz\/index.php\/wp-json\/wp\/v2\/categories?post=41665"},{"taxonomy":"post_tag","embeddable":true,"href":"https:\/\/lasentinelle.dz\/index.php\/wp-json\/wp\/v2\/tags?post=41665"}],"curies":[{"name":"wp","href":"https:\/\/api.w.org\/{rel}","templated":true}]}}