{"id":41676,"date":"2023-05-24T22:10:00","date_gmt":"2023-05-24T21:10:00","guid":{"rendered":"https:\/\/lasentinelle.dz\/?p=41676"},"modified":"2023-05-24T21:19:47","modified_gmt":"2023-05-24T20:19:47","slug":"le-ministere-des-finances-lance-les-consultations-dimanche-lf-2024-de-nouveaux-objectifs-fixes","status":"publish","type":"post","link":"https:\/\/lasentinelle.dz\/index.php\/2023\/05\/24\/le-ministere-des-finances-lance-les-consultations-dimanche-lf-2024-de-nouveaux-objectifs-fixes\/","title":{"rendered":"Le minist\u00e8re des Finances lance les consultations dimanche \/ LF 2024\u00a0: de nouveaux objectifs fix\u00e9s"},"content":{"rendered":"\n<p>Le minist\u00e8re des Finances r\u00e9unira d\u00e8s dimanche prochain les cadres de 33 minist\u00e8res et 17 \u00e9tablissements publics pour lancer les consultations sur la Loi de finances 2024. Une loi qui sera assise sur des budgets-programmes assortis de contrats de performance, conform\u00e9ment aux dispositions de la Loi organique des lois de finances.<\/p>\n\n\n\n<p>La Directrice de la modernisation des syst\u00e8mes budg\u00e9taires \u00e0 la direction g\u00e9n\u00e9rale du budget au minist\u00e8re des Finances, Ilhem Ladraa, a indiqu\u00e9 hier qu\u2019apr\u00e8s l\u2019adoption et la promulgation de la Loi organique des lois de finances, cette ann\u00e9e a \u00e9t\u00e9 marqu\u00e9e par le d\u00e9but de la mise en \u0153uvre de la r\u00e9forme des Finances publiques, et si la Loi de finances 2023 a \u00e9t\u00e9 marqu\u00e9e par le d\u00e9but de l\u2019impl\u00e9mentation des budgets programmes, le projet d\u2019exercice budg\u00e9taire pour 2024, devra permettre de pleinement mettre en \u0153uvre ces r\u00e9formes. C\u2019est dans ce contexte que le minist\u00e8re des Finances lance d\u00e8s maintenant des consultations avec les diff\u00e9rents d\u00e9partements minist\u00e9riels, l\u2019objectif \u00e9tant de confirmer les orientations g\u00e9n\u00e9rales de l\u2019\u00e9laboration de cette loi de finances, mais aussi les pr\u00e9parer aux r\u00e9formes en place. La responsable du minist\u00e8re des Finances a ainsi indiqu\u00e9 lors d\u2019une intervention sur les ondes de la Radio alg\u00e9rienne que les consultations seront lanc\u00e9es d\u00e8s la semaine prochaine avec les cadres de 33 minist\u00e8res et 17 \u00e9tablissements publics dans le cadre de la pr\u00e9paration de la loi de Finances. Un texte qui sera assis, \u00e9videmment sur des budgets programmes sectoriels triennaux (2024-2025-2026) assortis de contrats de performance pour l\u2019ensemble des ordonnateurs publics. Selon la m\u00eame responsable, il s\u2019agit de garantir plus de transparence dans la gestion des finances publiques, mais aussi de responsabiliser les cadres et responsables et d\u2019instaurer une obligation de r\u00e9sultat.<\/p>\n\n\n\n<p>\u00ab Notre pays s\u2019est engag\u00e9 dans un vaste chantier de r\u00e9formes, dont celui des finances publiques, avec comme objectif&nbsp; l\u2019instauration de nouvelles r\u00e8gles pour la bonne gouvernance des finances publiques \u00bb, a-t-elle pr\u00e9cis\u00e9,&nbsp; avant d\u2019ajouter que ladite r\u00e9forme, introduite par la loi organique 18-15 et entr\u00e9e en vigueur cette ann\u00e9e 2023, introduit des innovations majeures et confirmes aux pratiques internationales\u00bb. En plus clair, il s\u2019agit d\u2019une gestion dite de \u00ab budg\u00e9tisation par programme\u00bb, ce dernier \u00e9tant \u00ab un ensemble de cr\u00e9dits concourant \u00e0 la r\u00e9alisation d\u2019une mission sp\u00e9cifique relevant d\u2019un minist\u00e8re ou d\u2019une institution publique et d\u00e9finie autour d\u2019un ensemble coh\u00e9rent d\u2019objectifs pr\u00e9cis&nbsp; et en associant des indicateurs de performances \u00e0 chaque programme \u00bb, pr\u00e9cise l&rsquo;invit\u00e9e de la Radio. Selon les explications de Mme Ladraa, la budg\u00e9tisation par programme suppose, entre autres, la d\u00e9finition des r\u00e9sultats et l\u2019\u00e9valuation syst\u00e9matique des performances.<\/p>\n\n\n\n<p><strong>Plus de prudence et de rigueur<\/strong><\/p>\n\n\n\n<p>Elle ajoute ainsi que \u00ab la gestion ax\u00e9e sur le r\u00e9sultat (GAR) vise \u00e0 mettre en place trois principes : la responsabilisation des gestionnaires qui doivent rendre compte de leur gestion, avec obligation de r\u00e9sultats, la transparence et l\u2019identification des indicateurs de performance en vue de mesurer le rendement \u00bb. Il est utile de noter dans ce contexte que le minist\u00e8re des Finances a adress\u00e9, au cours des derniers jours, des orientations en directions des diff\u00e9rents d\u00e9partements minist\u00e9riels pour fixer les objectifs dans l\u2019\u00e9laboration du budget 2024. Des orientations assises notamment sur la rationalisation et la transparence de la gestion des finances publics. Des orientations qui mettent en avant la fragilit\u00e9 des \u00e9quilibres budg\u00e9taires, affect\u00e9s par \u00ab&nbsp;les tensions g\u00e9opolitiques qui pr\u00e9valent actuellement et qui continuent d&rsquo;exercer un impact sur les cours mondiaux des mati\u00e8res premi\u00e8res, notamment celles li\u00e9es aux produits alimentaires (&#8230;)&nbsp;\u00bb. Les orientations du d\u00e9partement des Finances recommandent plus de \u00ab&nbsp;prudence&nbsp;\u00bb et de \u00ab&nbsp;rigueur&nbsp;\u00bb. Il recommande aussi une conduite budg\u00e9taire optimale des cr\u00e9dits et une mobilisation accrue des recettes fiscales, m\u00eame si les orientations formul\u00e9es privil\u00e9gient de se centrer sur les actions sociales de l\u2019\u00c9tat. Ainsi, Le niveau global des d\u00e9penses est fix\u00e9 \u00e0 titre pr\u00e9visionnel \u00e0 14 953,68 milliards de dinars pour 2024 et 14 965,49 milliards de dinars pour 2025. Un budget qui prend en charge l&rsquo;impact budg\u00e9taire induit par la mise en \u0153uvre la revalorisation de la grille indiciaire des salaires, l&rsquo;allocation de ch\u00f4mage, les pensions et allocations de retraite, ainsi que la revalorisation de l\u2019allocation de solidarit\u00e9, entre autres.<\/p>\n\n\n\n<p>Les orientations \u00e9tablies misent sur la r\u00e9duction des d\u00e9penses, en limitant le gaspillage et en cherchant \u00e0 r\u00e9duire les d\u00e9penses li\u00e9es \u00e0 l\u2019organisation de s\u00e9minaires et d\u00e9placements \u00e0 l\u2019\u00e9tranger, ainsi que les d\u00e9penses de personnel. La note \u00e9voque \u00e9galement une rationalisation des d\u00e9penses d\u2019investissement, en limitant l\u2019inscription des projets publics \u00e0 ceux ayant atteint la phase de maturation. Il s\u2019agit de mobiliser plus de ressources, \u00e0 travers l\u2019\u00e9largissement de l\u2019assiette fiscale et la lutte contre la fraude et l\u2019\u00e9vasion fiscales.<\/p>\n\n\n\n<p><strong>Samira Ghrib<\/strong><\/p>\n","protected":false},"excerpt":{"rendered":"<p>Le minist\u00e8re des Finances r\u00e9unira d\u00e8s dimanche prochain les cadres de 33 minist\u00e8res et 17 \u00e9tablissements publics pour lancer les<\/p>\n","protected":false},"author":3,"featured_media":41681,"comment_status":"open","ping_status":"closed","sticky":false,"template":"","format":"standard","meta":{"colormag_page_container_layout":"default_layout","colormag_page_sidebar_layout":"default_layout","om_disable_all_campaigns":false,"_monsterinsights_skip_tracking":false,"_monsterinsights_sitenote_active":false,"_monsterinsights_sitenote_note":"","_monsterinsights_sitenote_category":0,"footnotes":"","_wpscppro_dont_share_socialmedia":false,"_wpscppro_custom_social_share_image":0,"_facebook_share_type":"","_twitter_share_type":"","_linkedin_share_type":"","_pinterest_share_type":"","_linkedin_share_type_page":"","_instagram_share_type":"","_medium_share_type":"","_threads_share_type":"","_google_business_share_type":"","_selected_social_profile":[],"_wpsp_enable_custom_social_template":false,"_wpsp_social_scheduling":{"enabled":false,"datetime":null,"platforms":[],"status":"template_only","dateOption":"today","timeOption":"now","customDays":"","customHours":"","customDate":"","customTime":"","schedulingType":"absolute"},"_wpsp_active_default_template":true},"categories":[52,27],"tags":[],"class_list":["post-41676","post","type-post","status-publish","format-standard","has-post-thumbnail","hentry","category-a-la-une","category-actualite"],"aioseo_notices":[],"yoast_head":"<!-- This site is optimized with the Yoast SEO plugin v27.4 - https:\/\/yoast.com\/product\/yoast-seo-wordpress\/ -->\n<title>Le minist\u00e8re des Finances lance les consultations dimanche \/ LF 2024\u00a0: de nouveaux objectifs fix\u00e9s - La Sentinelle<\/title>\n<meta name=\"robots\" content=\"index, follow, max-snippet:-1, max-image-preview:large, max-video-preview:-1\" \/>\n<link rel=\"canonical\" href=\"https:\/\/lasentinelle.dz\/index.php\/2023\/05\/24\/le-ministere-des-finances-lance-les-consultations-dimanche-lf-2024-de-nouveaux-objectifs-fixes\/\" \/>\n<meta property=\"og:locale\" content=\"fr_FR\" \/>\n<meta property=\"og:type\" content=\"article\" \/>\n<meta property=\"og:title\" content=\"Le minist\u00e8re des Finances lance les consultations dimanche \/ LF 2024\u00a0: de nouveaux objectifs fix\u00e9s - La Sentinelle\" \/>\n<meta property=\"og:description\" content=\"Le minist\u00e8re des Finances r\u00e9unira d\u00e8s dimanche prochain les cadres de 33 minist\u00e8res et 17 \u00e9tablissements publics pour lancer les\" \/>\n<meta property=\"og:url\" content=\"https:\/\/lasentinelle.dz\/index.php\/2023\/05\/24\/le-ministere-des-finances-lance-les-consultations-dimanche-lf-2024-de-nouveaux-objectifs-fixes\/\" \/>\n<meta property=\"og:site_name\" content=\"La Sentinelle\" \/>\n<meta property=\"article:publisher\" content=\"https:\/\/www.facebook.com\/La-Sentinelle-104059864394773\" \/>\n<meta property=\"article:published_time\" content=\"2023-05-24T21:10:00+00:00\" \/>\n<meta property=\"og:image\" content=\"https:\/\/lasentinelle.dz\/wp-content\/uploads\/2023\/05\/ministere-des-finances.png\" \/>\n\t<meta property=\"og:image:width\" content=\"1595\" \/>\n\t<meta property=\"og:image:height\" content=\"900\" \/>\n\t<meta property=\"og:image:type\" content=\"image\/png\" \/>\n<meta name=\"author\" content=\"La Sentinelle\" \/>\n<meta name=\"twitter:card\" content=\"summary_large_image\" \/>\n<meta name=\"twitter:label1\" content=\"\u00c9crit par\" \/>\n\t<meta name=\"twitter:data1\" content=\"La Sentinelle\" \/>\n\t<meta name=\"twitter:label2\" content=\"Dur\u00e9e de lecture estim\u00e9e\" \/>\n\t<meta name=\"twitter:data2\" content=\"4 minutes\" \/>\n<script type=\"application\/ld+json\" class=\"yoast-schema-graph\">{\"@context\":\"https:\\\/\\\/schema.org\",\"@graph\":[{\"@type\":\"Article\",\"@id\":\"https:\\\/\\\/lasentinelle.dz\\\/index.php\\\/2023\\\/05\\\/24\\\/le-ministere-des-finances-lance-les-consultations-dimanche-lf-2024-de-nouveaux-objectifs-fixes\\\/#article\",\"isPartOf\":{\"@id\":\"https:\\\/\\\/lasentinelle.dz\\\/index.php\\\/2023\\\/05\\\/24\\\/le-ministere-des-finances-lance-les-consultations-dimanche-lf-2024-de-nouveaux-objectifs-fixes\\\/\"},\"author\":{\"name\":\"La Sentinelle\",\"@id\":\"https:\\\/\\\/lasentinelle.dz\\\/#\\\/schema\\\/person\\\/d865044e22e70a75174ce8bcad3acfb3\"},\"headline\":\"Le minist\u00e8re des Finances lance les consultations dimanche \\\/ LF 2024\u00a0: de nouveaux objectifs fix\u00e9s\",\"datePublished\":\"2023-05-24T21:10:00+00:00\",\"mainEntityOfPage\":{\"@id\":\"https:\\\/\\\/lasentinelle.dz\\\/index.php\\\/2023\\\/05\\\/24\\\/le-ministere-des-finances-lance-les-consultations-dimanche-lf-2024-de-nouveaux-objectifs-fixes\\\/\"},\"wordCount\":884,\"commentCount\":0,\"publisher\":{\"@id\":\"https:\\\/\\\/lasentinelle.dz\\\/#organization\"},\"image\":{\"@id\":\"https:\\\/\\\/lasentinelle.dz\\\/index.php\\\/2023\\\/05\\\/24\\\/le-ministere-des-finances-lance-les-consultations-dimanche-lf-2024-de-nouveaux-objectifs-fixes\\\/#primaryimage\"},\"thumbnailUrl\":\"https:\\\/\\\/lasentinelle.dz\\\/wp-content\\\/uploads\\\/2023\\\/05\\\/ministere-des-finances.png\",\"articleSection\":[\"\u00c0 la Une\",\"Actualit\u00e9\"],\"inLanguage\":\"fr-FR\",\"potentialAction\":[{\"@type\":\"CommentAction\",\"name\":\"Comment\",\"target\":[\"https:\\\/\\\/lasentinelle.dz\\\/index.php\\\/2023\\\/05\\\/24\\\/le-ministere-des-finances-lance-les-consultations-dimanche-lf-2024-de-nouveaux-objectifs-fixes\\\/#respond\"]}]},{\"@type\":\"WebPage\",\"@id\":\"https:\\\/\\\/lasentinelle.dz\\\/index.php\\\/2023\\\/05\\\/24\\\/le-ministere-des-finances-lance-les-consultations-dimanche-lf-2024-de-nouveaux-objectifs-fixes\\\/\",\"url\":\"https:\\\/\\\/lasentinelle.dz\\\/index.php\\\/2023\\\/05\\\/24\\\/le-ministere-des-finances-lance-les-consultations-dimanche-lf-2024-de-nouveaux-objectifs-fixes\\\/\",\"name\":\"Le minist\u00e8re des Finances lance les consultations dimanche \\\/ LF 2024\u00a0: de nouveaux objectifs fix\u00e9s - La Sentinelle\",\"isPartOf\":{\"@id\":\"https:\\\/\\\/lasentinelle.dz\\\/#website\"},\"primaryImageOfPage\":{\"@id\":\"https:\\\/\\\/lasentinelle.dz\\\/index.php\\\/2023\\\/05\\\/24\\\/le-ministere-des-finances-lance-les-consultations-dimanche-lf-2024-de-nouveaux-objectifs-fixes\\\/#primaryimage\"},\"image\":{\"@id\":\"https:\\\/\\\/lasentinelle.dz\\\/index.php\\\/2023\\\/05\\\/24\\\/le-ministere-des-finances-lance-les-consultations-dimanche-lf-2024-de-nouveaux-objectifs-fixes\\\/#primaryimage\"},\"thumbnailUrl\":\"https:\\\/\\\/lasentinelle.dz\\\/wp-content\\\/uploads\\\/2023\\\/05\\\/ministere-des-finances.png\",\"datePublished\":\"2023-05-24T21:10:00+00:00\",\"breadcrumb\":{\"@id\":\"https:\\\/\\\/lasentinelle.dz\\\/index.php\\\/2023\\\/05\\\/24\\\/le-ministere-des-finances-lance-les-consultations-dimanche-lf-2024-de-nouveaux-objectifs-fixes\\\/#breadcrumb\"},\"inLanguage\":\"fr-FR\",\"potentialAction\":[{\"@type\":\"ReadAction\",\"target\":[\"https:\\\/\\\/lasentinelle.dz\\\/index.php\\\/2023\\\/05\\\/24\\\/le-ministere-des-finances-lance-les-consultations-dimanche-lf-2024-de-nouveaux-objectifs-fixes\\\/\"]}]},{\"@type\":\"ImageObject\",\"inLanguage\":\"fr-FR\",\"@id\":\"https:\\\/\\\/lasentinelle.dz\\\/index.php\\\/2023\\\/05\\\/24\\\/le-ministere-des-finances-lance-les-consultations-dimanche-lf-2024-de-nouveaux-objectifs-fixes\\\/#primaryimage\",\"url\":\"https:\\\/\\\/lasentinelle.dz\\\/wp-content\\\/uploads\\\/2023\\\/05\\\/ministere-des-finances.png\",\"contentUrl\":\"https:\\\/\\\/lasentinelle.dz\\\/wp-content\\\/uploads\\\/2023\\\/05\\\/ministere-des-finances.png\",\"width\":1595,\"height\":900},{\"@type\":\"BreadcrumbList\",\"@id\":\"https:\\\/\\\/lasentinelle.dz\\\/index.php\\\/2023\\\/05\\\/24\\\/le-ministere-des-finances-lance-les-consultations-dimanche-lf-2024-de-nouveaux-objectifs-fixes\\\/#breadcrumb\",\"itemListElement\":[{\"@type\":\"ListItem\",\"position\":1,\"name\":\"Accueil\",\"item\":\"https:\\\/\\\/lasentinelle.dz\\\/\"},{\"@type\":\"ListItem\",\"position\":2,\"name\":\"Le minist\u00e8re des Finances lance les consultations dimanche \\\/ LF 2024\u00a0: de nouveaux objectifs fix\u00e9s\"}]},{\"@type\":\"WebSite\",\"@id\":\"https:\\\/\\\/lasentinelle.dz\\\/#website\",\"url\":\"https:\\\/\\\/lasentinelle.dz\\\/\",\"name\":\"La Sentinelle\",\"description\":\"Quotidien national d&#039;information\",\"publisher\":{\"@id\":\"https:\\\/\\\/lasentinelle.dz\\\/#organization\"},\"potentialAction\":[{\"@type\":\"SearchAction\",\"target\":{\"@type\":\"EntryPoint\",\"urlTemplate\":\"https:\\\/\\\/lasentinelle.dz\\\/?s={search_term_string}\"},\"query-input\":{\"@type\":\"PropertyValueSpecification\",\"valueRequired\":true,\"valueName\":\"search_term_string\"}}],\"inLanguage\":\"fr-FR\"},{\"@type\":\"Organization\",\"@id\":\"https:\\\/\\\/lasentinelle.dz\\\/#organization\",\"name\":\"Quotidien La Sentinelle\",\"url\":\"https:\\\/\\\/lasentinelle.dz\\\/\",\"logo\":{\"@type\":\"ImageObject\",\"inLanguage\":\"fr-FR\",\"@id\":\"https:\\\/\\\/lasentinelle.dz\\\/#\\\/schema\\\/logo\\\/image\\\/\",\"url\":\"https:\\\/\\\/lasentinelle.dz\\\/wp-content\\\/uploads\\\/2021\\\/09\\\/logo-sentinelleSLOGAN-1.png\",\"contentUrl\":\"https:\\\/\\\/lasentinelle.dz\\\/wp-content\\\/uploads\\\/2021\\\/09\\\/logo-sentinelleSLOGAN-1.png\",\"width\":615,\"height\":142,\"caption\":\"Quotidien La Sentinelle\"},\"image\":{\"@id\":\"https:\\\/\\\/lasentinelle.dz\\\/#\\\/schema\\\/logo\\\/image\\\/\"},\"sameAs\":[\"https:\\\/\\\/www.facebook.com\\\/La-Sentinelle-104059864394773\"]},{\"@type\":\"Person\",\"@id\":\"https:\\\/\\\/lasentinelle.dz\\\/#\\\/schema\\\/person\\\/d865044e22e70a75174ce8bcad3acfb3\",\"name\":\"La Sentinelle\",\"image\":{\"@type\":\"ImageObject\",\"inLanguage\":\"fr-FR\",\"@id\":\"https:\\\/\\\/secure.gravatar.com\\\/avatar\\\/57de8e5d4b15d43fb361a71fbb36338450fe67865b528a43dd10ef7c51a20392?s=96&d=mm&r=g\",\"url\":\"https:\\\/\\\/secure.gravatar.com\\\/avatar\\\/57de8e5d4b15d43fb361a71fbb36338450fe67865b528a43dd10ef7c51a20392?s=96&d=mm&r=g\",\"contentUrl\":\"https:\\\/\\\/secure.gravatar.com\\\/avatar\\\/57de8e5d4b15d43fb361a71fbb36338450fe67865b528a43dd10ef7c51a20392?s=96&d=mm&r=g\",\"caption\":\"La Sentinelle\"},\"sameAs\":[\"http:\\\/\\\/www.lasentinelle.dz\"],\"url\":\"https:\\\/\\\/lasentinelle.dz\\\/author\\\/redaction\\\/\"}]}<\/script>\n<!-- \/ Yoast SEO plugin. -->","yoast_head_json":{"title":"Le minist\u00e8re des Finances lance les consultations dimanche \/ LF 2024\u00a0: de nouveaux objectifs fix\u00e9s - La Sentinelle","robots":{"index":"index","follow":"follow","max-snippet":"max-snippet:-1","max-image-preview":"max-image-preview:large","max-video-preview":"max-video-preview:-1"},"canonical":"https:\/\/lasentinelle.dz\/index.php\/2023\/05\/24\/le-ministere-des-finances-lance-les-consultations-dimanche-lf-2024-de-nouveaux-objectifs-fixes\/","og_locale":"fr_FR","og_type":"article","og_title":"Le minist\u00e8re des Finances lance les consultations dimanche \/ LF 2024\u00a0: de nouveaux objectifs fix\u00e9s - La Sentinelle","og_description":"Le minist\u00e8re des Finances r\u00e9unira d\u00e8s dimanche prochain les cadres de 33 minist\u00e8res et 17 \u00e9tablissements publics pour lancer les","og_url":"https:\/\/lasentinelle.dz\/index.php\/2023\/05\/24\/le-ministere-des-finances-lance-les-consultations-dimanche-lf-2024-de-nouveaux-objectifs-fixes\/","og_site_name":"La Sentinelle","article_publisher":"https:\/\/www.facebook.com\/La-Sentinelle-104059864394773","article_published_time":"2023-05-24T21:10:00+00:00","og_image":[{"width":1595,"height":900,"url":"https:\/\/lasentinelle.dz\/wp-content\/uploads\/2023\/05\/ministere-des-finances.png","type":"image\/png"}],"author":"La Sentinelle","twitter_card":"summary_large_image","twitter_misc":{"\u00c9crit par":"La Sentinelle","Dur\u00e9e de lecture estim\u00e9e":"4 minutes"},"schema":{"@context":"https:\/\/schema.org","@graph":[{"@type":"Article","@id":"https:\/\/lasentinelle.dz\/index.php\/2023\/05\/24\/le-ministere-des-finances-lance-les-consultations-dimanche-lf-2024-de-nouveaux-objectifs-fixes\/#article","isPartOf":{"@id":"https:\/\/lasentinelle.dz\/index.php\/2023\/05\/24\/le-ministere-des-finances-lance-les-consultations-dimanche-lf-2024-de-nouveaux-objectifs-fixes\/"},"author":{"name":"La Sentinelle","@id":"https:\/\/lasentinelle.dz\/#\/schema\/person\/d865044e22e70a75174ce8bcad3acfb3"},"headline":"Le minist\u00e8re des Finances lance les consultations dimanche \/ LF 2024\u00a0: de nouveaux objectifs fix\u00e9s","datePublished":"2023-05-24T21:10:00+00:00","mainEntityOfPage":{"@id":"https:\/\/lasentinelle.dz\/index.php\/2023\/05\/24\/le-ministere-des-finances-lance-les-consultations-dimanche-lf-2024-de-nouveaux-objectifs-fixes\/"},"wordCount":884,"commentCount":0,"publisher":{"@id":"https:\/\/lasentinelle.dz\/#organization"},"image":{"@id":"https:\/\/lasentinelle.dz\/index.php\/2023\/05\/24\/le-ministere-des-finances-lance-les-consultations-dimanche-lf-2024-de-nouveaux-objectifs-fixes\/#primaryimage"},"thumbnailUrl":"https:\/\/lasentinelle.dz\/wp-content\/uploads\/2023\/05\/ministere-des-finances.png","articleSection":["\u00c0 la Une","Actualit\u00e9"],"inLanguage":"fr-FR","potentialAction":[{"@type":"CommentAction","name":"Comment","target":["https:\/\/lasentinelle.dz\/index.php\/2023\/05\/24\/le-ministere-des-finances-lance-les-consultations-dimanche-lf-2024-de-nouveaux-objectifs-fixes\/#respond"]}]},{"@type":"WebPage","@id":"https:\/\/lasentinelle.dz\/index.php\/2023\/05\/24\/le-ministere-des-finances-lance-les-consultations-dimanche-lf-2024-de-nouveaux-objectifs-fixes\/","url":"https:\/\/lasentinelle.dz\/index.php\/2023\/05\/24\/le-ministere-des-finances-lance-les-consultations-dimanche-lf-2024-de-nouveaux-objectifs-fixes\/","name":"Le minist\u00e8re des Finances lance les consultations dimanche \/ LF 2024\u00a0: de nouveaux objectifs fix\u00e9s - La Sentinelle","isPartOf":{"@id":"https:\/\/lasentinelle.dz\/#website"},"primaryImageOfPage":{"@id":"https:\/\/lasentinelle.dz\/index.php\/2023\/05\/24\/le-ministere-des-finances-lance-les-consultations-dimanche-lf-2024-de-nouveaux-objectifs-fixes\/#primaryimage"},"image":{"@id":"https:\/\/lasentinelle.dz\/index.php\/2023\/05\/24\/le-ministere-des-finances-lance-les-consultations-dimanche-lf-2024-de-nouveaux-objectifs-fixes\/#primaryimage"},"thumbnailUrl":"https:\/\/lasentinelle.dz\/wp-content\/uploads\/2023\/05\/ministere-des-finances.png","datePublished":"2023-05-24T21:10:00+00:00","breadcrumb":{"@id":"https:\/\/lasentinelle.dz\/index.php\/2023\/05\/24\/le-ministere-des-finances-lance-les-consultations-dimanche-lf-2024-de-nouveaux-objectifs-fixes\/#breadcrumb"},"inLanguage":"fr-FR","potentialAction":[{"@type":"ReadAction","target":["https:\/\/lasentinelle.dz\/index.php\/2023\/05\/24\/le-ministere-des-finances-lance-les-consultations-dimanche-lf-2024-de-nouveaux-objectifs-fixes\/"]}]},{"@type":"ImageObject","inLanguage":"fr-FR","@id":"https:\/\/lasentinelle.dz\/index.php\/2023\/05\/24\/le-ministere-des-finances-lance-les-consultations-dimanche-lf-2024-de-nouveaux-objectifs-fixes\/#primaryimage","url":"https:\/\/lasentinelle.dz\/wp-content\/uploads\/2023\/05\/ministere-des-finances.png","contentUrl":"https:\/\/lasentinelle.dz\/wp-content\/uploads\/2023\/05\/ministere-des-finances.png","width":1595,"height":900},{"@type":"BreadcrumbList","@id":"https:\/\/lasentinelle.dz\/index.php\/2023\/05\/24\/le-ministere-des-finances-lance-les-consultations-dimanche-lf-2024-de-nouveaux-objectifs-fixes\/#breadcrumb","itemListElement":[{"@type":"ListItem","position":1,"name":"Accueil","item":"https:\/\/lasentinelle.dz\/"},{"@type":"ListItem","position":2,"name":"Le minist\u00e8re des Finances lance les consultations dimanche \/ LF 2024\u00a0: de nouveaux objectifs fix\u00e9s"}]},{"@type":"WebSite","@id":"https:\/\/lasentinelle.dz\/#website","url":"https:\/\/lasentinelle.dz\/","name":"La Sentinelle","description":"Quotidien national d&#039;information","publisher":{"@id":"https:\/\/lasentinelle.dz\/#organization"},"potentialAction":[{"@type":"SearchAction","target":{"@type":"EntryPoint","urlTemplate":"https:\/\/lasentinelle.dz\/?s={search_term_string}"},"query-input":{"@type":"PropertyValueSpecification","valueRequired":true,"valueName":"search_term_string"}}],"inLanguage":"fr-FR"},{"@type":"Organization","@id":"https:\/\/lasentinelle.dz\/#organization","name":"Quotidien La Sentinelle","url":"https:\/\/lasentinelle.dz\/","logo":{"@type":"ImageObject","inLanguage":"fr-FR","@id":"https:\/\/lasentinelle.dz\/#\/schema\/logo\/image\/","url":"https:\/\/lasentinelle.dz\/wp-content\/uploads\/2021\/09\/logo-sentinelleSLOGAN-1.png","contentUrl":"https:\/\/lasentinelle.dz\/wp-content\/uploads\/2021\/09\/logo-sentinelleSLOGAN-1.png","width":615,"height":142,"caption":"Quotidien La Sentinelle"},"image":{"@id":"https:\/\/lasentinelle.dz\/#\/schema\/logo\/image\/"},"sameAs":["https:\/\/www.facebook.com\/La-Sentinelle-104059864394773"]},{"@type":"Person","@id":"https:\/\/lasentinelle.dz\/#\/schema\/person\/d865044e22e70a75174ce8bcad3acfb3","name":"La Sentinelle","image":{"@type":"ImageObject","inLanguage":"fr-FR","@id":"https:\/\/secure.gravatar.com\/avatar\/57de8e5d4b15d43fb361a71fbb36338450fe67865b528a43dd10ef7c51a20392?s=96&d=mm&r=g","url":"https:\/\/secure.gravatar.com\/avatar\/57de8e5d4b15d43fb361a71fbb36338450fe67865b528a43dd10ef7c51a20392?s=96&d=mm&r=g","contentUrl":"https:\/\/secure.gravatar.com\/avatar\/57de8e5d4b15d43fb361a71fbb36338450fe67865b528a43dd10ef7c51a20392?s=96&d=mm&r=g","caption":"La Sentinelle"},"sameAs":["http:\/\/www.lasentinelle.dz"],"url":"https:\/\/lasentinelle.dz\/author\/redaction\/"}]}},"_links":{"self":[{"href":"https:\/\/lasentinelle.dz\/index.php\/wp-json\/wp\/v2\/posts\/41676","targetHints":{"allow":["GET"]}}],"collection":[{"href":"https:\/\/lasentinelle.dz\/index.php\/wp-json\/wp\/v2\/posts"}],"about":[{"href":"https:\/\/lasentinelle.dz\/index.php\/wp-json\/wp\/v2\/types\/post"}],"author":[{"embeddable":true,"href":"https:\/\/lasentinelle.dz\/index.php\/wp-json\/wp\/v2\/users\/3"}],"replies":[{"embeddable":true,"href":"https:\/\/lasentinelle.dz\/index.php\/wp-json\/wp\/v2\/comments?post=41676"}],"version-history":[{"count":2,"href":"https:\/\/lasentinelle.dz\/index.php\/wp-json\/wp\/v2\/posts\/41676\/revisions"}],"predecessor-version":[{"id":41692,"href":"https:\/\/lasentinelle.dz\/index.php\/wp-json\/wp\/v2\/posts\/41676\/revisions\/41692"}],"wp:featuredmedia":[{"embeddable":true,"href":"https:\/\/lasentinelle.dz\/index.php\/wp-json\/wp\/v2\/media\/41681"}],"wp:attachment":[{"href":"https:\/\/lasentinelle.dz\/index.php\/wp-json\/wp\/v2\/media?parent=41676"}],"wp:term":[{"taxonomy":"category","embeddable":true,"href":"https:\/\/lasentinelle.dz\/index.php\/wp-json\/wp\/v2\/categories?post=41676"},{"taxonomy":"post_tag","embeddable":true,"href":"https:\/\/lasentinelle.dz\/index.php\/wp-json\/wp\/v2\/tags?post=41676"}],"curies":[{"name":"wp","href":"https:\/\/api.w.org\/{rel}","templated":true}]}}