{"id":41686,"date":"2023-05-24T22:05:00","date_gmt":"2023-05-24T21:05:00","guid":{"rendered":"https:\/\/lasentinelle.dz\/?p=41686"},"modified":"2023-05-24T21:55:58","modified_gmt":"2023-05-24T20:55:58","slug":"afin-delargir-la-cooperation-bilaterale-un-sommet-algero-portugais-prevu-au-deuxieme-trimestre-2023","status":"publish","type":"post","link":"https:\/\/lasentinelle.dz\/index.php\/2023\/05\/24\/afin-delargir-la-cooperation-bilaterale-un-sommet-algero-portugais-prevu-au-deuxieme-trimestre-2023\/","title":{"rendered":"Afin d\u2019\u00e9largir la coop\u00e9ration bilat\u00e9rale\u00a0: Un Sommet alg\u00e9ro-portugais pr\u00e9vu au deuxi\u00e8me trimestre 2023"},"content":{"rendered":"\n<p>Le Pr\u00e9sident Abdelmadjid Tebboune a achev\u00e9 hier une visite d\u2019\u00c9tat de deux jours au Portugal et au cours de laquelle il a affich\u00e9 l\u2019ambition d\u2019\u00e9largir le champ de coop\u00e9ration bilat\u00e9rale. Ce \u00ab v\u0153u \u00bb de coop\u00e9ration concerne la r\u00e9activation des cadres juridiques pour \u00ab un partenariat int\u00e9gr\u00e9 \u00bb notamment dans le domaine des start-up, de l\u2019e-gouvernance et des \u00e9nergies renouvelables. Un Sommet bilat\u00e9ral algero-portugais pr\u00e9vu durant le deuxi\u00e8me semestre 2023 a d\u2019ailleurs \u00e9t\u00e9 annonc\u00e9, mardi soir, par le Pr\u00e9sident Tebboune en coordination avec son homologue portugais, le pr\u00e9sident Marcelo Rebelo de Sousa. Les deux chefs d\u2019Etat entendent faire de l\u2019ann\u00e9e 2023 une \u00ab ann\u00e9e charni\u00e8re pour la relance des \u00e9ch\u00e9ances bilat\u00e9rales majeures, en t\u00eate desquelles le Sommet bilat\u00e9ral pr\u00e9vu pour le deuxi\u00e8me semestre de l&rsquo;ann\u00e9e en cours, que nous sommes en passe de pr\u00e9parer, dans le cadre du suivi des r\u00e9sultats du Groupe de travail conjoint sur la coop\u00e9ration \u00e9conomique tenu \u00e0 Alger les 15 et 16 mai \u00bb. Abdelmadjid Tebboune qui a exprim\u00e9 sa \u00ab profonde \u00bb conviction des perspectives \u00ab prometteuses \u00bb et appelle \u00e0 les \u00ab exploiter pour asseoir les fondements d&rsquo;un partenariat fort \u00bb. Le pr\u00e9sident de la R\u00e9publique n\u2019a pas omis de rendre hommage au premier pr\u00e9sident portugais, Manuel Teixeira Gomes, qui a v\u00e9cu jusqu\u2019\u00e0 sa mort \u00e0 Bejaia, disant du d\u00e9funt qu\u2019il fut \u00ab t\u00e9moin des contacts entre deux peuples qui partagent les m\u00eames valeurs et principes humains nobles, parce qu\u2019il a aim\u00e9 l\u2019Alg\u00e9rie et choisi d\u2019y vivre pour d\u00e9fendre la libert\u00e9 et la dignit\u00e9 de sa patrie, jusqu\u2019\u00e0 ce qu\u2019il y soit enterr\u00e9, en terre b\u00e9nie \u00bb. Le Pr\u00e9sident Tebboune promet \u00e0 propos du partenariat d\u2019\u00ab \u0153uvrer sans rel\u00e2che \u00e0 en consolider les acquis, \u00e0 l\u2019occasion de cette visite et lors les prochaines \u00e9ch\u00e9ances bilat\u00e9rales \u00bb. \u00ab L\u2019Alg\u00e9rie dont les potentialit\u00e9s de croissance \u00e9conomique la qualifient pour remporter l&rsquo;enjeu du d\u00e9veloppement et du progr\u00e8s, veut \u00e9largir le champ de coop\u00e9ration bilat\u00e9rale avec le Portugal, par la r\u00e9activation des cadres juridiques et en allant de l&rsquo;avant sur la voie d&rsquo;un partenariat int\u00e9gr\u00e9 qui soit \u00e0 la hauteur de notre volont\u00e9 politique distingu\u00e9e, particuli\u00e8rement s&rsquo;agissant des start-up, de la e-gouvernance et des \u00e9nergies renouvelables \u00bb dira Tebboune. Il louera les \u00ab avanc\u00e9es consid\u00e9rables dans ces domaines \u00bb r\u00e9alis\u00e9es par le Portugal. Le Chef de l\u2019Etat rappellera \u00ab le nouveau climat \u00e9conomique positif en Alg\u00e9rie ouvert \u00e0 l\u2019investissement et favorable aux exigences des acteurs \u00e9conomiques, de par la stabilit\u00e9 juridique qu&rsquo;il apporte et les facteurs encourageants qui facilitent l&rsquo;intensification des initiatives d\u2019investissement par les op\u00e9rateurs portugais \u00bb et exprime son souhait de voir les investissements portugais en Alg\u00e9rie s&rsquo;accro\u00eetre, pour qu&rsquo;ils soient au m\u00eame niveau que les relations politiques consensuelles \u00bb. Tebboune ne manquera pas de souligner la \u00ab forte d\u00e9termination des deux pays \u00e0 \u0153uvrer, \u00e0 l\u2019occasion de la sixi\u00e8me session de la prochaine r\u00e9union bilat\u00e9rale alg\u00e9ro-portugaise de haut niveau pr\u00e9vue en Alg\u00e9rie, \u00e0 consacrer la poursuite des consultations politiques et strat\u00e9giques et \u00e0 \u00e9valuer les m\u00e9canismes de coop\u00e9ration bilat\u00e9rale, en vue de les promouvoir au niveau des fortes relations d\u2019amiti\u00e9 et de coop\u00e9ration entre les deux pays \u00bb. Sur un autre plan, le pr\u00e9sident de la R\u00e9publique et au terme de son allocution, a tenu \u00e0 rappeler les positions m\u00e9dianes de l\u2019Alg\u00e9rie et sa qu\u00eate de paix et de stabilit\u00e9. Tebboune dira \u00e0 cet effet \u00e0 l\u2019adresse de son h\u00f4te et de l\u2019assistance \u00ab l&rsquo;Alg\u00e9rie qui a, toujours, lutt\u00e9 en faveur des causes justes dans le cadre de la L\u00e9galit\u00e9 internationale et du droit des peuples \u00e0 leur autod\u00e9termination, ne m\u00e9nagera aucun effort pour contribuer positivement au r\u00e8glement des conflits par les voies pacifiques, de par son exp\u00e9rience dans la m\u00e9diation, notamment \u00e0 la lumi\u00e8re des nouveaux d\u00e9fis que nous impose un contexte mondial complexe \u00bb. \u00ab Nous sommes appel\u00e9s \u00e0 consentir des efforts inlassables pour contribuer \u00e0 l&rsquo;instauration de la s\u00e9curit\u00e9 et de la paix dans notre r\u00e9gion m\u00e9diterran\u00e9enne et de par le monde, partant des principes du Droit international et du respect de la souverainet\u00e9 nationale \u00bb. Il affirmera sa disponibilit\u00e9 \u00e0 \u0153uvrer de concert avec le Pr\u00e9sident de Sousa en vue de contribuer au \u00ab r\u00e8glement des crises et \u00e0 la relance des voies du dialogue, \u00e0 m\u00eame d&rsquo;\u00e9liminer les foyers de tension de notre voisinage et \u00e0 travers le monde \u00bb.<\/p>\n\n\n\n<p><strong>Chokri Hafed<\/strong><\/p>\n","protected":false},"excerpt":{"rendered":"<p>Le Pr\u00e9sident Abdelmadjid Tebboune a achev\u00e9 hier une visite d\u2019\u00c9tat de deux jours au Portugal et au cours de laquelle<\/p>\n","protected":false},"author":3,"featured_media":41696,"comment_status":"open","ping_status":"closed","sticky":false,"template":"","format":"standard","meta":{"colormag_page_container_layout":"default_layout","colormag_page_sidebar_layout":"default_layout","om_disable_all_campaigns":false,"_monsterinsights_skip_tracking":false,"_monsterinsights_sitenote_active":false,"_monsterinsights_sitenote_note":"","_monsterinsights_sitenote_category":0,"footnotes":"","_wpscppro_dont_share_socialmedia":false,"_wpscppro_custom_social_share_image":0,"_facebook_share_type":"","_twitter_share_type":"","_linkedin_share_type":"","_pinterest_share_type":"","_linkedin_share_type_page":"","_instagram_share_type":"","_medium_share_type":"","_threads_share_type":"","_google_business_share_type":"","_selected_social_profile":[],"_wpsp_enable_custom_social_template":false,"_wpsp_social_scheduling":{"enabled":false,"datetime":null,"platforms":[],"status":"template_only","dateOption":"today","timeOption":"now","customDays":"","customHours":"","customDate":"","customTime":"","schedulingType":"absolute"},"_wpsp_active_default_template":true},"categories":[27],"tags":[],"class_list":["post-41686","post","type-post","status-publish","format-standard","has-post-thumbnail","hentry","category-actualite"],"aioseo_notices":[],"yoast_head":"<!-- This site is optimized with the Yoast SEO plugin v27.5 - https:\/\/yoast.com\/product\/yoast-seo-wordpress\/ -->\n<title>Afin d\u2019\u00e9largir la coop\u00e9ration bilat\u00e9rale\u00a0: Un Sommet alg\u00e9ro-portugais pr\u00e9vu au deuxi\u00e8me trimestre 2023 - La Sentinelle<\/title>\n<meta name=\"robots\" content=\"index, follow, max-snippet:-1, max-image-preview:large, max-video-preview:-1\" \/>\n<link rel=\"canonical\" href=\"https:\/\/lasentinelle.dz\/index.php\/2023\/05\/24\/afin-delargir-la-cooperation-bilaterale-un-sommet-algero-portugais-prevu-au-deuxieme-trimestre-2023\/\" \/>\n<meta property=\"og:locale\" content=\"fr_FR\" \/>\n<meta property=\"og:type\" content=\"article\" \/>\n<meta property=\"og:title\" content=\"Afin d\u2019\u00e9largir la coop\u00e9ration bilat\u00e9rale\u00a0: Un Sommet alg\u00e9ro-portugais pr\u00e9vu au deuxi\u00e8me trimestre 2023 - La Sentinelle\" \/>\n<meta property=\"og:description\" content=\"Le Pr\u00e9sident Abdelmadjid Tebboune a achev\u00e9 hier une visite d\u2019\u00c9tat de deux jours au Portugal et au cours de laquelle\" \/>\n<meta property=\"og:url\" content=\"https:\/\/lasentinelle.dz\/index.php\/2023\/05\/24\/afin-delargir-la-cooperation-bilaterale-un-sommet-algero-portugais-prevu-au-deuxieme-trimestre-2023\/\" \/>\n<meta property=\"og:site_name\" content=\"La Sentinelle\" \/>\n<meta property=\"article:publisher\" content=\"https:\/\/www.facebook.com\/La-Sentinelle-104059864394773\" \/>\n<meta property=\"article:published_time\" content=\"2023-05-24T21:05:00+00:00\" \/>\n<meta property=\"og:image\" content=\"https:\/\/lasentinelle.dz\/wp-content\/uploads\/2023\/05\/image_2023-05-24_215418306.png\" \/>\n\t<meta property=\"og:image:width\" content=\"700\" \/>\n\t<meta property=\"og:image:height\" content=\"466\" \/>\n\t<meta property=\"og:image:type\" content=\"image\/png\" \/>\n<meta name=\"author\" content=\"La Sentinelle\" \/>\n<meta name=\"twitter:card\" content=\"summary_large_image\" \/>\n<meta name=\"twitter:label1\" content=\"\u00c9crit par\" \/>\n\t<meta name=\"twitter:data1\" content=\"La Sentinelle\" \/>\n\t<meta name=\"twitter:label2\" content=\"Dur\u00e9e de lecture estim\u00e9e\" \/>\n\t<meta name=\"twitter:data2\" content=\"4 minutes\" \/>\n<script type=\"application\/ld+json\" class=\"yoast-schema-graph\">{\"@context\":\"https:\\\/\\\/schema.org\",\"@graph\":[{\"@type\":\"Article\",\"@id\":\"https:\\\/\\\/lasentinelle.dz\\\/index.php\\\/2023\\\/05\\\/24\\\/afin-delargir-la-cooperation-bilaterale-un-sommet-algero-portugais-prevu-au-deuxieme-trimestre-2023\\\/#article\",\"isPartOf\":{\"@id\":\"https:\\\/\\\/lasentinelle.dz\\\/index.php\\\/2023\\\/05\\\/24\\\/afin-delargir-la-cooperation-bilaterale-un-sommet-algero-portugais-prevu-au-deuxieme-trimestre-2023\\\/\"},\"author\":{\"name\":\"La Sentinelle\",\"@id\":\"https:\\\/\\\/lasentinelle.dz\\\/#\\\/schema\\\/person\\\/d865044e22e70a75174ce8bcad3acfb3\"},\"headline\":\"Afin d\u2019\u00e9largir la coop\u00e9ration bilat\u00e9rale\u00a0: Un Sommet alg\u00e9ro-portugais pr\u00e9vu au deuxi\u00e8me trimestre 2023\",\"datePublished\":\"2023-05-24T21:05:00+00:00\",\"mainEntityOfPage\":{\"@id\":\"https:\\\/\\\/lasentinelle.dz\\\/index.php\\\/2023\\\/05\\\/24\\\/afin-delargir-la-cooperation-bilaterale-un-sommet-algero-portugais-prevu-au-deuxieme-trimestre-2023\\\/\"},\"wordCount\":803,\"commentCount\":0,\"publisher\":{\"@id\":\"https:\\\/\\\/lasentinelle.dz\\\/#organization\"},\"image\":{\"@id\":\"https:\\\/\\\/lasentinelle.dz\\\/index.php\\\/2023\\\/05\\\/24\\\/afin-delargir-la-cooperation-bilaterale-un-sommet-algero-portugais-prevu-au-deuxieme-trimestre-2023\\\/#primaryimage\"},\"thumbnailUrl\":\"https:\\\/\\\/lasentinelle.dz\\\/wp-content\\\/uploads\\\/2023\\\/05\\\/image_2023-05-24_215418306.png\",\"articleSection\":[\"Actualit\u00e9\"],\"inLanguage\":\"fr-FR\",\"potentialAction\":[{\"@type\":\"CommentAction\",\"name\":\"Comment\",\"target\":[\"https:\\\/\\\/lasentinelle.dz\\\/index.php\\\/2023\\\/05\\\/24\\\/afin-delargir-la-cooperation-bilaterale-un-sommet-algero-portugais-prevu-au-deuxieme-trimestre-2023\\\/#respond\"]}]},{\"@type\":\"WebPage\",\"@id\":\"https:\\\/\\\/lasentinelle.dz\\\/index.php\\\/2023\\\/05\\\/24\\\/afin-delargir-la-cooperation-bilaterale-un-sommet-algero-portugais-prevu-au-deuxieme-trimestre-2023\\\/\",\"url\":\"https:\\\/\\\/lasentinelle.dz\\\/index.php\\\/2023\\\/05\\\/24\\\/afin-delargir-la-cooperation-bilaterale-un-sommet-algero-portugais-prevu-au-deuxieme-trimestre-2023\\\/\",\"name\":\"Afin d\u2019\u00e9largir la coop\u00e9ration bilat\u00e9rale\u00a0: Un Sommet alg\u00e9ro-portugais pr\u00e9vu au deuxi\u00e8me trimestre 2023 - La Sentinelle\",\"isPartOf\":{\"@id\":\"https:\\\/\\\/lasentinelle.dz\\\/#website\"},\"primaryImageOfPage\":{\"@id\":\"https:\\\/\\\/lasentinelle.dz\\\/index.php\\\/2023\\\/05\\\/24\\\/afin-delargir-la-cooperation-bilaterale-un-sommet-algero-portugais-prevu-au-deuxieme-trimestre-2023\\\/#primaryimage\"},\"image\":{\"@id\":\"https:\\\/\\\/lasentinelle.dz\\\/index.php\\\/2023\\\/05\\\/24\\\/afin-delargir-la-cooperation-bilaterale-un-sommet-algero-portugais-prevu-au-deuxieme-trimestre-2023\\\/#primaryimage\"},\"thumbnailUrl\":\"https:\\\/\\\/lasentinelle.dz\\\/wp-content\\\/uploads\\\/2023\\\/05\\\/image_2023-05-24_215418306.png\",\"datePublished\":\"2023-05-24T21:05:00+00:00\",\"breadcrumb\":{\"@id\":\"https:\\\/\\\/lasentinelle.dz\\\/index.php\\\/2023\\\/05\\\/24\\\/afin-delargir-la-cooperation-bilaterale-un-sommet-algero-portugais-prevu-au-deuxieme-trimestre-2023\\\/#breadcrumb\"},\"inLanguage\":\"fr-FR\",\"potentialAction\":[{\"@type\":\"ReadAction\",\"target\":[\"https:\\\/\\\/lasentinelle.dz\\\/index.php\\\/2023\\\/05\\\/24\\\/afin-delargir-la-cooperation-bilaterale-un-sommet-algero-portugais-prevu-au-deuxieme-trimestre-2023\\\/\"]}]},{\"@type\":\"ImageObject\",\"inLanguage\":\"fr-FR\",\"@id\":\"https:\\\/\\\/lasentinelle.dz\\\/index.php\\\/2023\\\/05\\\/24\\\/afin-delargir-la-cooperation-bilaterale-un-sommet-algero-portugais-prevu-au-deuxieme-trimestre-2023\\\/#primaryimage\",\"url\":\"https:\\\/\\\/lasentinelle.dz\\\/wp-content\\\/uploads\\\/2023\\\/05\\\/image_2023-05-24_215418306.png\",\"contentUrl\":\"https:\\\/\\\/lasentinelle.dz\\\/wp-content\\\/uploads\\\/2023\\\/05\\\/image_2023-05-24_215418306.png\",\"width\":700,\"height\":466},{\"@type\":\"BreadcrumbList\",\"@id\":\"https:\\\/\\\/lasentinelle.dz\\\/index.php\\\/2023\\\/05\\\/24\\\/afin-delargir-la-cooperation-bilaterale-un-sommet-algero-portugais-prevu-au-deuxieme-trimestre-2023\\\/#breadcrumb\",\"itemListElement\":[{\"@type\":\"ListItem\",\"position\":1,\"name\":\"Accueil\",\"item\":\"https:\\\/\\\/lasentinelle.dz\\\/\"},{\"@type\":\"ListItem\",\"position\":2,\"name\":\"Afin d\u2019\u00e9largir la coop\u00e9ration bilat\u00e9rale\u00a0: Un Sommet alg\u00e9ro-portugais pr\u00e9vu au deuxi\u00e8me trimestre 2023\"}]},{\"@type\":\"WebSite\",\"@id\":\"https:\\\/\\\/lasentinelle.dz\\\/#website\",\"url\":\"https:\\\/\\\/lasentinelle.dz\\\/\",\"name\":\"La Sentinelle\",\"description\":\"Quotidien national d&#039;information\",\"publisher\":{\"@id\":\"https:\\\/\\\/lasentinelle.dz\\\/#organization\"},\"potentialAction\":[{\"@type\":\"SearchAction\",\"target\":{\"@type\":\"EntryPoint\",\"urlTemplate\":\"https:\\\/\\\/lasentinelle.dz\\\/?s={search_term_string}\"},\"query-input\":{\"@type\":\"PropertyValueSpecification\",\"valueRequired\":true,\"valueName\":\"search_term_string\"}}],\"inLanguage\":\"fr-FR\"},{\"@type\":\"Organization\",\"@id\":\"https:\\\/\\\/lasentinelle.dz\\\/#organization\",\"name\":\"Quotidien La Sentinelle\",\"url\":\"https:\\\/\\\/lasentinelle.dz\\\/\",\"logo\":{\"@type\":\"ImageObject\",\"inLanguage\":\"fr-FR\",\"@id\":\"https:\\\/\\\/lasentinelle.dz\\\/#\\\/schema\\\/logo\\\/image\\\/\",\"url\":\"https:\\\/\\\/lasentinelle.dz\\\/wp-content\\\/uploads\\\/2021\\\/09\\\/logo-sentinelleSLOGAN-1.png\",\"contentUrl\":\"https:\\\/\\\/lasentinelle.dz\\\/wp-content\\\/uploads\\\/2021\\\/09\\\/logo-sentinelleSLOGAN-1.png\",\"width\":615,\"height\":142,\"caption\":\"Quotidien La Sentinelle\"},\"image\":{\"@id\":\"https:\\\/\\\/lasentinelle.dz\\\/#\\\/schema\\\/logo\\\/image\\\/\"},\"sameAs\":[\"https:\\\/\\\/www.facebook.com\\\/La-Sentinelle-104059864394773\"]},{\"@type\":\"Person\",\"@id\":\"https:\\\/\\\/lasentinelle.dz\\\/#\\\/schema\\\/person\\\/d865044e22e70a75174ce8bcad3acfb3\",\"name\":\"La Sentinelle\",\"image\":{\"@type\":\"ImageObject\",\"inLanguage\":\"fr-FR\",\"@id\":\"https:\\\/\\\/secure.gravatar.com\\\/avatar\\\/57de8e5d4b15d43fb361a71fbb36338450fe67865b528a43dd10ef7c51a20392?s=96&d=mm&r=g\",\"url\":\"https:\\\/\\\/secure.gravatar.com\\\/avatar\\\/57de8e5d4b15d43fb361a71fbb36338450fe67865b528a43dd10ef7c51a20392?s=96&d=mm&r=g\",\"contentUrl\":\"https:\\\/\\\/secure.gravatar.com\\\/avatar\\\/57de8e5d4b15d43fb361a71fbb36338450fe67865b528a43dd10ef7c51a20392?s=96&d=mm&r=g\",\"caption\":\"La Sentinelle\"},\"sameAs\":[\"http:\\\/\\\/www.lasentinelle.dz\"],\"url\":\"https:\\\/\\\/lasentinelle.dz\\\/author\\\/redaction\\\/\"}]}<\/script>\n<!-- \/ Yoast SEO plugin. -->","yoast_head_json":{"title":"Afin d\u2019\u00e9largir la coop\u00e9ration bilat\u00e9rale\u00a0: Un Sommet alg\u00e9ro-portugais pr\u00e9vu au deuxi\u00e8me trimestre 2023 - La Sentinelle","robots":{"index":"index","follow":"follow","max-snippet":"max-snippet:-1","max-image-preview":"max-image-preview:large","max-video-preview":"max-video-preview:-1"},"canonical":"https:\/\/lasentinelle.dz\/index.php\/2023\/05\/24\/afin-delargir-la-cooperation-bilaterale-un-sommet-algero-portugais-prevu-au-deuxieme-trimestre-2023\/","og_locale":"fr_FR","og_type":"article","og_title":"Afin d\u2019\u00e9largir la coop\u00e9ration bilat\u00e9rale\u00a0: Un Sommet alg\u00e9ro-portugais pr\u00e9vu au deuxi\u00e8me trimestre 2023 - La Sentinelle","og_description":"Le Pr\u00e9sident Abdelmadjid Tebboune a achev\u00e9 hier une visite d\u2019\u00c9tat de deux jours au Portugal et au cours de laquelle","og_url":"https:\/\/lasentinelle.dz\/index.php\/2023\/05\/24\/afin-delargir-la-cooperation-bilaterale-un-sommet-algero-portugais-prevu-au-deuxieme-trimestre-2023\/","og_site_name":"La Sentinelle","article_publisher":"https:\/\/www.facebook.com\/La-Sentinelle-104059864394773","article_published_time":"2023-05-24T21:05:00+00:00","og_image":[{"width":700,"height":466,"url":"https:\/\/lasentinelle.dz\/wp-content\/uploads\/2023\/05\/image_2023-05-24_215418306.png","type":"image\/png"}],"author":"La Sentinelle","twitter_card":"summary_large_image","twitter_misc":{"\u00c9crit par":"La Sentinelle","Dur\u00e9e de lecture estim\u00e9e":"4 minutes"},"schema":{"@context":"https:\/\/schema.org","@graph":[{"@type":"Article","@id":"https:\/\/lasentinelle.dz\/index.php\/2023\/05\/24\/afin-delargir-la-cooperation-bilaterale-un-sommet-algero-portugais-prevu-au-deuxieme-trimestre-2023\/#article","isPartOf":{"@id":"https:\/\/lasentinelle.dz\/index.php\/2023\/05\/24\/afin-delargir-la-cooperation-bilaterale-un-sommet-algero-portugais-prevu-au-deuxieme-trimestre-2023\/"},"author":{"name":"La Sentinelle","@id":"https:\/\/lasentinelle.dz\/#\/schema\/person\/d865044e22e70a75174ce8bcad3acfb3"},"headline":"Afin d\u2019\u00e9largir la coop\u00e9ration bilat\u00e9rale\u00a0: Un Sommet alg\u00e9ro-portugais pr\u00e9vu au deuxi\u00e8me trimestre 2023","datePublished":"2023-05-24T21:05:00+00:00","mainEntityOfPage":{"@id":"https:\/\/lasentinelle.dz\/index.php\/2023\/05\/24\/afin-delargir-la-cooperation-bilaterale-un-sommet-algero-portugais-prevu-au-deuxieme-trimestre-2023\/"},"wordCount":803,"commentCount":0,"publisher":{"@id":"https:\/\/lasentinelle.dz\/#organization"},"image":{"@id":"https:\/\/lasentinelle.dz\/index.php\/2023\/05\/24\/afin-delargir-la-cooperation-bilaterale-un-sommet-algero-portugais-prevu-au-deuxieme-trimestre-2023\/#primaryimage"},"thumbnailUrl":"https:\/\/lasentinelle.dz\/wp-content\/uploads\/2023\/05\/image_2023-05-24_215418306.png","articleSection":["Actualit\u00e9"],"inLanguage":"fr-FR","potentialAction":[{"@type":"CommentAction","name":"Comment","target":["https:\/\/lasentinelle.dz\/index.php\/2023\/05\/24\/afin-delargir-la-cooperation-bilaterale-un-sommet-algero-portugais-prevu-au-deuxieme-trimestre-2023\/#respond"]}]},{"@type":"WebPage","@id":"https:\/\/lasentinelle.dz\/index.php\/2023\/05\/24\/afin-delargir-la-cooperation-bilaterale-un-sommet-algero-portugais-prevu-au-deuxieme-trimestre-2023\/","url":"https:\/\/lasentinelle.dz\/index.php\/2023\/05\/24\/afin-delargir-la-cooperation-bilaterale-un-sommet-algero-portugais-prevu-au-deuxieme-trimestre-2023\/","name":"Afin d\u2019\u00e9largir la coop\u00e9ration bilat\u00e9rale\u00a0: Un Sommet alg\u00e9ro-portugais pr\u00e9vu au deuxi\u00e8me trimestre 2023 - La Sentinelle","isPartOf":{"@id":"https:\/\/lasentinelle.dz\/#website"},"primaryImageOfPage":{"@id":"https:\/\/lasentinelle.dz\/index.php\/2023\/05\/24\/afin-delargir-la-cooperation-bilaterale-un-sommet-algero-portugais-prevu-au-deuxieme-trimestre-2023\/#primaryimage"},"image":{"@id":"https:\/\/lasentinelle.dz\/index.php\/2023\/05\/24\/afin-delargir-la-cooperation-bilaterale-un-sommet-algero-portugais-prevu-au-deuxieme-trimestre-2023\/#primaryimage"},"thumbnailUrl":"https:\/\/lasentinelle.dz\/wp-content\/uploads\/2023\/05\/image_2023-05-24_215418306.png","datePublished":"2023-05-24T21:05:00+00:00","breadcrumb":{"@id":"https:\/\/lasentinelle.dz\/index.php\/2023\/05\/24\/afin-delargir-la-cooperation-bilaterale-un-sommet-algero-portugais-prevu-au-deuxieme-trimestre-2023\/#breadcrumb"},"inLanguage":"fr-FR","potentialAction":[{"@type":"ReadAction","target":["https:\/\/lasentinelle.dz\/index.php\/2023\/05\/24\/afin-delargir-la-cooperation-bilaterale-un-sommet-algero-portugais-prevu-au-deuxieme-trimestre-2023\/"]}]},{"@type":"ImageObject","inLanguage":"fr-FR","@id":"https:\/\/lasentinelle.dz\/index.php\/2023\/05\/24\/afin-delargir-la-cooperation-bilaterale-un-sommet-algero-portugais-prevu-au-deuxieme-trimestre-2023\/#primaryimage","url":"https:\/\/lasentinelle.dz\/wp-content\/uploads\/2023\/05\/image_2023-05-24_215418306.png","contentUrl":"https:\/\/lasentinelle.dz\/wp-content\/uploads\/2023\/05\/image_2023-05-24_215418306.png","width":700,"height":466},{"@type":"BreadcrumbList","@id":"https:\/\/lasentinelle.dz\/index.php\/2023\/05\/24\/afin-delargir-la-cooperation-bilaterale-un-sommet-algero-portugais-prevu-au-deuxieme-trimestre-2023\/#breadcrumb","itemListElement":[{"@type":"ListItem","position":1,"name":"Accueil","item":"https:\/\/lasentinelle.dz\/"},{"@type":"ListItem","position":2,"name":"Afin d\u2019\u00e9largir la coop\u00e9ration bilat\u00e9rale\u00a0: Un Sommet alg\u00e9ro-portugais pr\u00e9vu au deuxi\u00e8me trimestre 2023"}]},{"@type":"WebSite","@id":"https:\/\/lasentinelle.dz\/#website","url":"https:\/\/lasentinelle.dz\/","name":"La Sentinelle","description":"Quotidien national d&#039;information","publisher":{"@id":"https:\/\/lasentinelle.dz\/#organization"},"potentialAction":[{"@type":"SearchAction","target":{"@type":"EntryPoint","urlTemplate":"https:\/\/lasentinelle.dz\/?s={search_term_string}"},"query-input":{"@type":"PropertyValueSpecification","valueRequired":true,"valueName":"search_term_string"}}],"inLanguage":"fr-FR"},{"@type":"Organization","@id":"https:\/\/lasentinelle.dz\/#organization","name":"Quotidien La Sentinelle","url":"https:\/\/lasentinelle.dz\/","logo":{"@type":"ImageObject","inLanguage":"fr-FR","@id":"https:\/\/lasentinelle.dz\/#\/schema\/logo\/image\/","url":"https:\/\/lasentinelle.dz\/wp-content\/uploads\/2021\/09\/logo-sentinelleSLOGAN-1.png","contentUrl":"https:\/\/lasentinelle.dz\/wp-content\/uploads\/2021\/09\/logo-sentinelleSLOGAN-1.png","width":615,"height":142,"caption":"Quotidien La Sentinelle"},"image":{"@id":"https:\/\/lasentinelle.dz\/#\/schema\/logo\/image\/"},"sameAs":["https:\/\/www.facebook.com\/La-Sentinelle-104059864394773"]},{"@type":"Person","@id":"https:\/\/lasentinelle.dz\/#\/schema\/person\/d865044e22e70a75174ce8bcad3acfb3","name":"La Sentinelle","image":{"@type":"ImageObject","inLanguage":"fr-FR","@id":"https:\/\/secure.gravatar.com\/avatar\/57de8e5d4b15d43fb361a71fbb36338450fe67865b528a43dd10ef7c51a20392?s=96&d=mm&r=g","url":"https:\/\/secure.gravatar.com\/avatar\/57de8e5d4b15d43fb361a71fbb36338450fe67865b528a43dd10ef7c51a20392?s=96&d=mm&r=g","contentUrl":"https:\/\/secure.gravatar.com\/avatar\/57de8e5d4b15d43fb361a71fbb36338450fe67865b528a43dd10ef7c51a20392?s=96&d=mm&r=g","caption":"La Sentinelle"},"sameAs":["http:\/\/www.lasentinelle.dz"],"url":"https:\/\/lasentinelle.dz\/author\/redaction\/"}]}},"_links":{"self":[{"href":"https:\/\/lasentinelle.dz\/index.php\/wp-json\/wp\/v2\/posts\/41686","targetHints":{"allow":["GET"]}}],"collection":[{"href":"https:\/\/lasentinelle.dz\/index.php\/wp-json\/wp\/v2\/posts"}],"about":[{"href":"https:\/\/lasentinelle.dz\/index.php\/wp-json\/wp\/v2\/types\/post"}],"author":[{"embeddable":true,"href":"https:\/\/lasentinelle.dz\/index.php\/wp-json\/wp\/v2\/users\/3"}],"replies":[{"embeddable":true,"href":"https:\/\/lasentinelle.dz\/index.php\/wp-json\/wp\/v2\/comments?post=41686"}],"version-history":[{"count":1,"href":"https:\/\/lasentinelle.dz\/index.php\/wp-json\/wp\/v2\/posts\/41686\/revisions"}],"predecessor-version":[{"id":41699,"href":"https:\/\/lasentinelle.dz\/index.php\/wp-json\/wp\/v2\/posts\/41686\/revisions\/41699"}],"wp:featuredmedia":[{"embeddable":true,"href":"https:\/\/lasentinelle.dz\/index.php\/wp-json\/wp\/v2\/media\/41696"}],"wp:attachment":[{"href":"https:\/\/lasentinelle.dz\/index.php\/wp-json\/wp\/v2\/media?parent=41686"}],"wp:term":[{"taxonomy":"category","embeddable":true,"href":"https:\/\/lasentinelle.dz\/index.php\/wp-json\/wp\/v2\/categories?post=41686"},{"taxonomy":"post_tag","embeddable":true,"href":"https:\/\/lasentinelle.dz\/index.php\/wp-json\/wp\/v2\/tags?post=41686"}],"curies":[{"name":"wp","href":"https:\/\/api.w.org\/{rel}","templated":true}]}}