{"id":41717,"date":"2023-05-27T22:00:00","date_gmt":"2023-05-27T21:00:00","guid":{"rendered":"https:\/\/lasentinelle.dz\/?p=41717"},"modified":"2023-05-27T18:03:28","modified_gmt":"2023-05-27T17:03:28","slug":"ethiopie-deux-morts-dans-des-manifestations-contre-la-destruction-de-mosquees","status":"publish","type":"post","link":"https:\/\/lasentinelle.dz\/index.php\/2023\/05\/27\/ethiopie-deux-morts-dans-des-manifestations-contre-la-destruction-de-mosquees\/","title":{"rendered":"Ethiopie\u00a0: Deux morts dans des manifestations contre la destruction de mosqu\u00e9es"},"content":{"rendered":"\n<p>Deux personnes ont \u00e9t\u00e9 tu\u00e9es vendredi \u00e0 Addis Abeba lors d&rsquo;une manifestation contre la destruction de mosqu\u00e9es dans le cadre d&rsquo;un projet de m\u00e9gapole autour de la capitale \u00e9thiopienne, a annonc\u00e9 un m\u00e9dia proche du gouvernement, citant la police. Des incidents ont \u00e9clat\u00e9 aux abords de la mosqu\u00e9e al-Anouar, dans le nord d&rsquo;Addis Abeba, apr\u00e8s que des fid\u00e8les musulmans sont descendus dans la rue \u00e0 l&rsquo;issue de la pri\u00e8re du vendredi. \u00ab\u00a0Il a \u00e9t\u00e9 rapport\u00e9 que deux personnes bless\u00e9es lors de troubles dans une zone connue sous le nom de Gas Tera sont d\u00e9c\u00e9d\u00e9es apr\u00e8s avoir \u00e9t\u00e9 emmen\u00e9es \u00e0 l&rsquo;h\u00f4pital pour y \u00eatre soign\u00e9es\u00a0\u00bb, \u00e9crit le m\u00e9dia officiel FanaBC sur son site internet. Selon la police cit\u00e9e par FanaBC, quatre manifestants et 52 policiers ont \u00e9t\u00e9 bless\u00e9s. Le Haut conseil des affaires islamiques de la capitale a demand\u00e9 des poursuites apr\u00e8s la \u00ab\u00a0r\u00e9ponse anticonstitutionnelle et inhumaine\u00a0\u00bb des forces de s\u00e9curit\u00e9 contre des musulmans \u00ab\u00a0d\u00e9fendant pacifiquement leurs droits\u00a0\u00bb. Les autorit\u00e9s f\u00e9d\u00e9rales et de la r\u00e9gion Oromia ont lanc\u00e9 l&rsquo;an dernier un projet controvers\u00e9 baptis\u00e9 Sheger City, pr\u00e9voyant de fusionner six localit\u00e9s enserrant la capitale dans un vaste arc occidental. Dans ce cadre, les autorit\u00e9s proc\u00e8dent depuis plusieurs mois \u00e0 la destruction de nombreux b\u00e2timents, maisons mais aussi mosqu\u00e9es, qu&rsquo;elles estiment construites ill\u00e9galement.<\/p>\n\n\n\n<p>APS<\/p>\n","protected":false},"excerpt":{"rendered":"<p>Deux personnes ont \u00e9t\u00e9 tu\u00e9es vendredi \u00e0 Addis Abeba lors d&rsquo;une manifestation contre la destruction de mosqu\u00e9es dans le cadre<\/p>\n","protected":false},"author":3,"featured_media":41734,"comment_status":"open","ping_status":"closed","sticky":false,"template":"","format":"standard","meta":{"colormag_page_container_layout":"default_layout","colormag_page_sidebar_layout":"default_layout","om_disable_all_campaigns":false,"_monsterinsights_skip_tracking":false,"_monsterinsights_sitenote_active":false,"_monsterinsights_sitenote_note":"","_monsterinsights_sitenote_category":0,"footnotes":"","_wpscppro_dont_share_socialmedia":false,"_wpscppro_custom_social_share_image":0,"_facebook_share_type":"","_twitter_share_type":"","_linkedin_share_type":"","_pinterest_share_type":"","_linkedin_share_type_page":"","_instagram_share_type":"","_medium_share_type":"","_threads_share_type":"","_google_business_share_type":"","_selected_social_profile":[],"_wpsp_enable_custom_social_template":false,"_wpsp_social_scheduling":{"enabled":false,"datetime":null,"platforms":[],"status":"template_only","dateOption":"today","timeOption":"now","customDays":"","customHours":"","customDate":"","customTime":"","schedulingType":"absolute"},"_wpsp_active_default_template":true},"categories":[37],"tags":[],"class_list":["post-41717","post","type-post","status-publish","format-standard","has-post-thumbnail","hentry","category-monde"],"aioseo_notices":[],"yoast_head":"<!-- This site is optimized with the Yoast SEO plugin v27.5 - https:\/\/yoast.com\/product\/yoast-seo-wordpress\/ -->\n<title>Ethiopie\u00a0: Deux morts dans des manifestations contre la destruction de mosqu\u00e9es - La Sentinelle<\/title>\n<meta name=\"robots\" content=\"index, follow, max-snippet:-1, max-image-preview:large, max-video-preview:-1\" \/>\n<link rel=\"canonical\" href=\"https:\/\/lasentinelle.dz\/index.php\/2023\/05\/27\/ethiopie-deux-morts-dans-des-manifestations-contre-la-destruction-de-mosquees\/\" \/>\n<meta property=\"og:locale\" content=\"fr_FR\" \/>\n<meta property=\"og:type\" content=\"article\" \/>\n<meta property=\"og:title\" content=\"Ethiopie\u00a0: Deux morts dans des manifestations contre la destruction de mosqu\u00e9es - La Sentinelle\" \/>\n<meta property=\"og:description\" content=\"Deux personnes ont \u00e9t\u00e9 tu\u00e9es vendredi \u00e0 Addis Abeba lors d&rsquo;une manifestation contre la destruction de mosqu\u00e9es dans le cadre\" \/>\n<meta property=\"og:url\" content=\"https:\/\/lasentinelle.dz\/index.php\/2023\/05\/27\/ethiopie-deux-morts-dans-des-manifestations-contre-la-destruction-de-mosquees\/\" \/>\n<meta property=\"og:site_name\" content=\"La Sentinelle\" \/>\n<meta property=\"article:publisher\" content=\"https:\/\/www.facebook.com\/La-Sentinelle-104059864394773\" \/>\n<meta property=\"article:published_time\" content=\"2023-05-27T21:00:00+00:00\" \/>\n<meta property=\"og:image\" content=\"https:\/\/lasentinelle.dz\/wp-content\/uploads\/2023\/05\/image_2023-05-27_180310299.png\" \/>\n\t<meta property=\"og:image:width\" content=\"300\" \/>\n\t<meta property=\"og:image:height\" content=\"168\" \/>\n\t<meta property=\"og:image:type\" content=\"image\/png\" \/>\n<meta name=\"author\" content=\"La Sentinelle\" \/>\n<meta name=\"twitter:card\" content=\"summary_large_image\" \/>\n<meta name=\"twitter:label1\" content=\"\u00c9crit par\" \/>\n\t<meta name=\"twitter:data1\" content=\"La Sentinelle\" \/>\n\t<meta name=\"twitter:label2\" content=\"Dur\u00e9e de lecture estim\u00e9e\" \/>\n\t<meta name=\"twitter:data2\" content=\"2 minutes\" \/>\n<script type=\"application\/ld+json\" class=\"yoast-schema-graph\">{\"@context\":\"https:\\\/\\\/schema.org\",\"@graph\":[{\"@type\":\"Article\",\"@id\":\"https:\\\/\\\/lasentinelle.dz\\\/index.php\\\/2023\\\/05\\\/27\\\/ethiopie-deux-morts-dans-des-manifestations-contre-la-destruction-de-mosquees\\\/#article\",\"isPartOf\":{\"@id\":\"https:\\\/\\\/lasentinelle.dz\\\/index.php\\\/2023\\\/05\\\/27\\\/ethiopie-deux-morts-dans-des-manifestations-contre-la-destruction-de-mosquees\\\/\"},\"author\":{\"name\":\"La Sentinelle\",\"@id\":\"https:\\\/\\\/lasentinelle.dz\\\/#\\\/schema\\\/person\\\/d865044e22e70a75174ce8bcad3acfb3\"},\"headline\":\"Ethiopie\u00a0: Deux morts dans des manifestations contre la destruction de mosqu\u00e9es\",\"datePublished\":\"2023-05-27T21:00:00+00:00\",\"mainEntityOfPage\":{\"@id\":\"https:\\\/\\\/lasentinelle.dz\\\/index.php\\\/2023\\\/05\\\/27\\\/ethiopie-deux-morts-dans-des-manifestations-contre-la-destruction-de-mosquees\\\/\"},\"wordCount\":260,\"commentCount\":0,\"publisher\":{\"@id\":\"https:\\\/\\\/lasentinelle.dz\\\/#organization\"},\"image\":{\"@id\":\"https:\\\/\\\/lasentinelle.dz\\\/index.php\\\/2023\\\/05\\\/27\\\/ethiopie-deux-morts-dans-des-manifestations-contre-la-destruction-de-mosquees\\\/#primaryimage\"},\"thumbnailUrl\":\"https:\\\/\\\/lasentinelle.dz\\\/wp-content\\\/uploads\\\/2023\\\/05\\\/image_2023-05-27_180310299.png\",\"articleSection\":[\"Monde\"],\"inLanguage\":\"fr-FR\",\"potentialAction\":[{\"@type\":\"CommentAction\",\"name\":\"Comment\",\"target\":[\"https:\\\/\\\/lasentinelle.dz\\\/index.php\\\/2023\\\/05\\\/27\\\/ethiopie-deux-morts-dans-des-manifestations-contre-la-destruction-de-mosquees\\\/#respond\"]}]},{\"@type\":\"WebPage\",\"@id\":\"https:\\\/\\\/lasentinelle.dz\\\/index.php\\\/2023\\\/05\\\/27\\\/ethiopie-deux-morts-dans-des-manifestations-contre-la-destruction-de-mosquees\\\/\",\"url\":\"https:\\\/\\\/lasentinelle.dz\\\/index.php\\\/2023\\\/05\\\/27\\\/ethiopie-deux-morts-dans-des-manifestations-contre-la-destruction-de-mosquees\\\/\",\"name\":\"Ethiopie\u00a0: Deux morts dans des manifestations contre la destruction de mosqu\u00e9es - La Sentinelle\",\"isPartOf\":{\"@id\":\"https:\\\/\\\/lasentinelle.dz\\\/#website\"},\"primaryImageOfPage\":{\"@id\":\"https:\\\/\\\/lasentinelle.dz\\\/index.php\\\/2023\\\/05\\\/27\\\/ethiopie-deux-morts-dans-des-manifestations-contre-la-destruction-de-mosquees\\\/#primaryimage\"},\"image\":{\"@id\":\"https:\\\/\\\/lasentinelle.dz\\\/index.php\\\/2023\\\/05\\\/27\\\/ethiopie-deux-morts-dans-des-manifestations-contre-la-destruction-de-mosquees\\\/#primaryimage\"},\"thumbnailUrl\":\"https:\\\/\\\/lasentinelle.dz\\\/wp-content\\\/uploads\\\/2023\\\/05\\\/image_2023-05-27_180310299.png\",\"datePublished\":\"2023-05-27T21:00:00+00:00\",\"breadcrumb\":{\"@id\":\"https:\\\/\\\/lasentinelle.dz\\\/index.php\\\/2023\\\/05\\\/27\\\/ethiopie-deux-morts-dans-des-manifestations-contre-la-destruction-de-mosquees\\\/#breadcrumb\"},\"inLanguage\":\"fr-FR\",\"potentialAction\":[{\"@type\":\"ReadAction\",\"target\":[\"https:\\\/\\\/lasentinelle.dz\\\/index.php\\\/2023\\\/05\\\/27\\\/ethiopie-deux-morts-dans-des-manifestations-contre-la-destruction-de-mosquees\\\/\"]}]},{\"@type\":\"ImageObject\",\"inLanguage\":\"fr-FR\",\"@id\":\"https:\\\/\\\/lasentinelle.dz\\\/index.php\\\/2023\\\/05\\\/27\\\/ethiopie-deux-morts-dans-des-manifestations-contre-la-destruction-de-mosquees\\\/#primaryimage\",\"url\":\"https:\\\/\\\/lasentinelle.dz\\\/wp-content\\\/uploads\\\/2023\\\/05\\\/image_2023-05-27_180310299.png\",\"contentUrl\":\"https:\\\/\\\/lasentinelle.dz\\\/wp-content\\\/uploads\\\/2023\\\/05\\\/image_2023-05-27_180310299.png\",\"width\":300,\"height\":168},{\"@type\":\"BreadcrumbList\",\"@id\":\"https:\\\/\\\/lasentinelle.dz\\\/index.php\\\/2023\\\/05\\\/27\\\/ethiopie-deux-morts-dans-des-manifestations-contre-la-destruction-de-mosquees\\\/#breadcrumb\",\"itemListElement\":[{\"@type\":\"ListItem\",\"position\":1,\"name\":\"Accueil\",\"item\":\"https:\\\/\\\/lasentinelle.dz\\\/\"},{\"@type\":\"ListItem\",\"position\":2,\"name\":\"Ethiopie\u00a0: Deux morts dans des manifestations contre la destruction de mosqu\u00e9es\"}]},{\"@type\":\"WebSite\",\"@id\":\"https:\\\/\\\/lasentinelle.dz\\\/#website\",\"url\":\"https:\\\/\\\/lasentinelle.dz\\\/\",\"name\":\"La Sentinelle\",\"description\":\"Quotidien national d&#039;information\",\"publisher\":{\"@id\":\"https:\\\/\\\/lasentinelle.dz\\\/#organization\"},\"potentialAction\":[{\"@type\":\"SearchAction\",\"target\":{\"@type\":\"EntryPoint\",\"urlTemplate\":\"https:\\\/\\\/lasentinelle.dz\\\/?s={search_term_string}\"},\"query-input\":{\"@type\":\"PropertyValueSpecification\",\"valueRequired\":true,\"valueName\":\"search_term_string\"}}],\"inLanguage\":\"fr-FR\"},{\"@type\":\"Organization\",\"@id\":\"https:\\\/\\\/lasentinelle.dz\\\/#organization\",\"name\":\"Quotidien La Sentinelle\",\"url\":\"https:\\\/\\\/lasentinelle.dz\\\/\",\"logo\":{\"@type\":\"ImageObject\",\"inLanguage\":\"fr-FR\",\"@id\":\"https:\\\/\\\/lasentinelle.dz\\\/#\\\/schema\\\/logo\\\/image\\\/\",\"url\":\"https:\\\/\\\/lasentinelle.dz\\\/wp-content\\\/uploads\\\/2021\\\/09\\\/logo-sentinelleSLOGAN-1.png\",\"contentUrl\":\"https:\\\/\\\/lasentinelle.dz\\\/wp-content\\\/uploads\\\/2021\\\/09\\\/logo-sentinelleSLOGAN-1.png\",\"width\":615,\"height\":142,\"caption\":\"Quotidien La Sentinelle\"},\"image\":{\"@id\":\"https:\\\/\\\/lasentinelle.dz\\\/#\\\/schema\\\/logo\\\/image\\\/\"},\"sameAs\":[\"https:\\\/\\\/www.facebook.com\\\/La-Sentinelle-104059864394773\"]},{\"@type\":\"Person\",\"@id\":\"https:\\\/\\\/lasentinelle.dz\\\/#\\\/schema\\\/person\\\/d865044e22e70a75174ce8bcad3acfb3\",\"name\":\"La Sentinelle\",\"image\":{\"@type\":\"ImageObject\",\"inLanguage\":\"fr-FR\",\"@id\":\"https:\\\/\\\/secure.gravatar.com\\\/avatar\\\/57de8e5d4b15d43fb361a71fbb36338450fe67865b528a43dd10ef7c51a20392?s=96&d=mm&r=g\",\"url\":\"https:\\\/\\\/secure.gravatar.com\\\/avatar\\\/57de8e5d4b15d43fb361a71fbb36338450fe67865b528a43dd10ef7c51a20392?s=96&d=mm&r=g\",\"contentUrl\":\"https:\\\/\\\/secure.gravatar.com\\\/avatar\\\/57de8e5d4b15d43fb361a71fbb36338450fe67865b528a43dd10ef7c51a20392?s=96&d=mm&r=g\",\"caption\":\"La Sentinelle\"},\"sameAs\":[\"http:\\\/\\\/www.lasentinelle.dz\"],\"url\":\"https:\\\/\\\/lasentinelle.dz\\\/author\\\/redaction\\\/\"}]}<\/script>\n<!-- \/ Yoast SEO plugin. -->","yoast_head_json":{"title":"Ethiopie\u00a0: Deux morts dans des manifestations contre la destruction de mosqu\u00e9es - La Sentinelle","robots":{"index":"index","follow":"follow","max-snippet":"max-snippet:-1","max-image-preview":"max-image-preview:large","max-video-preview":"max-video-preview:-1"},"canonical":"https:\/\/lasentinelle.dz\/index.php\/2023\/05\/27\/ethiopie-deux-morts-dans-des-manifestations-contre-la-destruction-de-mosquees\/","og_locale":"fr_FR","og_type":"article","og_title":"Ethiopie\u00a0: Deux morts dans des manifestations contre la destruction de mosqu\u00e9es - La Sentinelle","og_description":"Deux personnes ont \u00e9t\u00e9 tu\u00e9es vendredi \u00e0 Addis Abeba lors d&rsquo;une manifestation contre la destruction de mosqu\u00e9es dans le cadre","og_url":"https:\/\/lasentinelle.dz\/index.php\/2023\/05\/27\/ethiopie-deux-morts-dans-des-manifestations-contre-la-destruction-de-mosquees\/","og_site_name":"La Sentinelle","article_publisher":"https:\/\/www.facebook.com\/La-Sentinelle-104059864394773","article_published_time":"2023-05-27T21:00:00+00:00","og_image":[{"width":300,"height":168,"url":"https:\/\/lasentinelle.dz\/wp-content\/uploads\/2023\/05\/image_2023-05-27_180310299.png","type":"image\/png"}],"author":"La Sentinelle","twitter_card":"summary_large_image","twitter_misc":{"\u00c9crit par":"La Sentinelle","Dur\u00e9e de lecture estim\u00e9e":"2 minutes"},"schema":{"@context":"https:\/\/schema.org","@graph":[{"@type":"Article","@id":"https:\/\/lasentinelle.dz\/index.php\/2023\/05\/27\/ethiopie-deux-morts-dans-des-manifestations-contre-la-destruction-de-mosquees\/#article","isPartOf":{"@id":"https:\/\/lasentinelle.dz\/index.php\/2023\/05\/27\/ethiopie-deux-morts-dans-des-manifestations-contre-la-destruction-de-mosquees\/"},"author":{"name":"La Sentinelle","@id":"https:\/\/lasentinelle.dz\/#\/schema\/person\/d865044e22e70a75174ce8bcad3acfb3"},"headline":"Ethiopie\u00a0: Deux morts dans des manifestations contre la destruction de mosqu\u00e9es","datePublished":"2023-05-27T21:00:00+00:00","mainEntityOfPage":{"@id":"https:\/\/lasentinelle.dz\/index.php\/2023\/05\/27\/ethiopie-deux-morts-dans-des-manifestations-contre-la-destruction-de-mosquees\/"},"wordCount":260,"commentCount":0,"publisher":{"@id":"https:\/\/lasentinelle.dz\/#organization"},"image":{"@id":"https:\/\/lasentinelle.dz\/index.php\/2023\/05\/27\/ethiopie-deux-morts-dans-des-manifestations-contre-la-destruction-de-mosquees\/#primaryimage"},"thumbnailUrl":"https:\/\/lasentinelle.dz\/wp-content\/uploads\/2023\/05\/image_2023-05-27_180310299.png","articleSection":["Monde"],"inLanguage":"fr-FR","potentialAction":[{"@type":"CommentAction","name":"Comment","target":["https:\/\/lasentinelle.dz\/index.php\/2023\/05\/27\/ethiopie-deux-morts-dans-des-manifestations-contre-la-destruction-de-mosquees\/#respond"]}]},{"@type":"WebPage","@id":"https:\/\/lasentinelle.dz\/index.php\/2023\/05\/27\/ethiopie-deux-morts-dans-des-manifestations-contre-la-destruction-de-mosquees\/","url":"https:\/\/lasentinelle.dz\/index.php\/2023\/05\/27\/ethiopie-deux-morts-dans-des-manifestations-contre-la-destruction-de-mosquees\/","name":"Ethiopie\u00a0: Deux morts dans des manifestations contre la destruction de mosqu\u00e9es - La Sentinelle","isPartOf":{"@id":"https:\/\/lasentinelle.dz\/#website"},"primaryImageOfPage":{"@id":"https:\/\/lasentinelle.dz\/index.php\/2023\/05\/27\/ethiopie-deux-morts-dans-des-manifestations-contre-la-destruction-de-mosquees\/#primaryimage"},"image":{"@id":"https:\/\/lasentinelle.dz\/index.php\/2023\/05\/27\/ethiopie-deux-morts-dans-des-manifestations-contre-la-destruction-de-mosquees\/#primaryimage"},"thumbnailUrl":"https:\/\/lasentinelle.dz\/wp-content\/uploads\/2023\/05\/image_2023-05-27_180310299.png","datePublished":"2023-05-27T21:00:00+00:00","breadcrumb":{"@id":"https:\/\/lasentinelle.dz\/index.php\/2023\/05\/27\/ethiopie-deux-morts-dans-des-manifestations-contre-la-destruction-de-mosquees\/#breadcrumb"},"inLanguage":"fr-FR","potentialAction":[{"@type":"ReadAction","target":["https:\/\/lasentinelle.dz\/index.php\/2023\/05\/27\/ethiopie-deux-morts-dans-des-manifestations-contre-la-destruction-de-mosquees\/"]}]},{"@type":"ImageObject","inLanguage":"fr-FR","@id":"https:\/\/lasentinelle.dz\/index.php\/2023\/05\/27\/ethiopie-deux-morts-dans-des-manifestations-contre-la-destruction-de-mosquees\/#primaryimage","url":"https:\/\/lasentinelle.dz\/wp-content\/uploads\/2023\/05\/image_2023-05-27_180310299.png","contentUrl":"https:\/\/lasentinelle.dz\/wp-content\/uploads\/2023\/05\/image_2023-05-27_180310299.png","width":300,"height":168},{"@type":"BreadcrumbList","@id":"https:\/\/lasentinelle.dz\/index.php\/2023\/05\/27\/ethiopie-deux-morts-dans-des-manifestations-contre-la-destruction-de-mosquees\/#breadcrumb","itemListElement":[{"@type":"ListItem","position":1,"name":"Accueil","item":"https:\/\/lasentinelle.dz\/"},{"@type":"ListItem","position":2,"name":"Ethiopie\u00a0: Deux morts dans des manifestations contre la destruction de mosqu\u00e9es"}]},{"@type":"WebSite","@id":"https:\/\/lasentinelle.dz\/#website","url":"https:\/\/lasentinelle.dz\/","name":"La Sentinelle","description":"Quotidien national d&#039;information","publisher":{"@id":"https:\/\/lasentinelle.dz\/#organization"},"potentialAction":[{"@type":"SearchAction","target":{"@type":"EntryPoint","urlTemplate":"https:\/\/lasentinelle.dz\/?s={search_term_string}"},"query-input":{"@type":"PropertyValueSpecification","valueRequired":true,"valueName":"search_term_string"}}],"inLanguage":"fr-FR"},{"@type":"Organization","@id":"https:\/\/lasentinelle.dz\/#organization","name":"Quotidien La Sentinelle","url":"https:\/\/lasentinelle.dz\/","logo":{"@type":"ImageObject","inLanguage":"fr-FR","@id":"https:\/\/lasentinelle.dz\/#\/schema\/logo\/image\/","url":"https:\/\/lasentinelle.dz\/wp-content\/uploads\/2021\/09\/logo-sentinelleSLOGAN-1.png","contentUrl":"https:\/\/lasentinelle.dz\/wp-content\/uploads\/2021\/09\/logo-sentinelleSLOGAN-1.png","width":615,"height":142,"caption":"Quotidien La Sentinelle"},"image":{"@id":"https:\/\/lasentinelle.dz\/#\/schema\/logo\/image\/"},"sameAs":["https:\/\/www.facebook.com\/La-Sentinelle-104059864394773"]},{"@type":"Person","@id":"https:\/\/lasentinelle.dz\/#\/schema\/person\/d865044e22e70a75174ce8bcad3acfb3","name":"La Sentinelle","image":{"@type":"ImageObject","inLanguage":"fr-FR","@id":"https:\/\/secure.gravatar.com\/avatar\/57de8e5d4b15d43fb361a71fbb36338450fe67865b528a43dd10ef7c51a20392?s=96&d=mm&r=g","url":"https:\/\/secure.gravatar.com\/avatar\/57de8e5d4b15d43fb361a71fbb36338450fe67865b528a43dd10ef7c51a20392?s=96&d=mm&r=g","contentUrl":"https:\/\/secure.gravatar.com\/avatar\/57de8e5d4b15d43fb361a71fbb36338450fe67865b528a43dd10ef7c51a20392?s=96&d=mm&r=g","caption":"La Sentinelle"},"sameAs":["http:\/\/www.lasentinelle.dz"],"url":"https:\/\/lasentinelle.dz\/author\/redaction\/"}]}},"_links":{"self":[{"href":"https:\/\/lasentinelle.dz\/index.php\/wp-json\/wp\/v2\/posts\/41717","targetHints":{"allow":["GET"]}}],"collection":[{"href":"https:\/\/lasentinelle.dz\/index.php\/wp-json\/wp\/v2\/posts"}],"about":[{"href":"https:\/\/lasentinelle.dz\/index.php\/wp-json\/wp\/v2\/types\/post"}],"author":[{"embeddable":true,"href":"https:\/\/lasentinelle.dz\/index.php\/wp-json\/wp\/v2\/users\/3"}],"replies":[{"embeddable":true,"href":"https:\/\/lasentinelle.dz\/index.php\/wp-json\/wp\/v2\/comments?post=41717"}],"version-history":[{"count":1,"href":"https:\/\/lasentinelle.dz\/index.php\/wp-json\/wp\/v2\/posts\/41717\/revisions"}],"predecessor-version":[{"id":41736,"href":"https:\/\/lasentinelle.dz\/index.php\/wp-json\/wp\/v2\/posts\/41717\/revisions\/41736"}],"wp:featuredmedia":[{"embeddable":true,"href":"https:\/\/lasentinelle.dz\/index.php\/wp-json\/wp\/v2\/media\/41734"}],"wp:attachment":[{"href":"https:\/\/lasentinelle.dz\/index.php\/wp-json\/wp\/v2\/media?parent=41717"}],"wp:term":[{"taxonomy":"category","embeddable":true,"href":"https:\/\/lasentinelle.dz\/index.php\/wp-json\/wp\/v2\/categories?post=41717"},{"taxonomy":"post_tag","embeddable":true,"href":"https:\/\/lasentinelle.dz\/index.php\/wp-json\/wp\/v2\/tags?post=41717"}],"curies":[{"name":"wp","href":"https:\/\/api.w.org\/{rel}","templated":true}]}}