{"id":41731,"date":"2023-05-27T22:05:00","date_gmt":"2023-05-27T21:05:00","guid":{"rendered":"https:\/\/lasentinelle.dz\/?p=41731"},"modified":"2023-05-27T18:30:49","modified_gmt":"2023-05-27T17:30:49","slug":"changements-dentraineurs-en-cours-de-saison-la-ligue-1-mobilis-a-la-6e-place-mondiale","status":"publish","type":"post","link":"https:\/\/lasentinelle.dz\/index.php\/2023\/05\/27\/changements-dentraineurs-en-cours-de-saison-la-ligue-1-mobilis-a-la-6e-place-mondiale\/","title":{"rendered":"Changements d&rsquo;entra\u00eeneurs en cours de saison\u00a0: La ligue 1 \u00ab\u00a0Mobilis\u00a0\u00bb \u00e0 la 6e place mondiale"},"content":{"rendered":"\n<p>C\u2019est devenu une habitude pour les clubs de la Ligue 1 Mobilis qui changent plusieurs fois d\u2019entraineurs en cours de saison. Cette ann\u00e9e encore plusieurs clubs se sont illustr\u00e9s par les changements intempestifs d\u2019entraineurs. Une valse des entraineurs qui a valu \u00e0 la Ligue 1 Mobilis de s\u2019illustrer, cependant, pas pour les bonnes raisons.<\/p>\n\n\n\n<p>En effet, la ligue 1 \u00ab\u00a0Mobilis\u00a0\u00bb de football occupe la 6e place des ligues professionnelles o\u00f9 il y a eu le plus de changements d&rsquo;entra\u00eeneurs en cours de saison avec un pourcentage de 81.3% soit les seize \u00e9quipes en lice dans le championnat.<\/p>\n\n\n\n<p>Ce constat provient de la Lettre hebdomadaire num\u00e9ro 423 de l\u2019Observatoire du football CIES (groupe de recherche sp\u00e9cialis\u00e9 dans l&rsquo;analyse statistique du football) qui classe 60 ligues de premi\u00e8re division dans le monde selon le pourcentage d\u2019entra\u00eeneurs en place au d\u00e9but de la saison 2022\/23 arr\u00eat\u00e9 jusqu&rsquo;au 22 mai 2023 et qui ne sont plus en charge actuellement. Sur les 850 \u00e9quipes analys\u00e9es, 487 ont chang\u00e9 de coach en cours de saison, ce qui correspond \u00e0 un pourcentage de 57,3%, annonce la l&rsquo;\u00e9tude.<\/p>\n\n\n\n<p>La ligue 1 tunisienne du football professionnel a figur\u00e9 en p\u00f4le position. Le Championnat d&rsquo;Egypte vient en 9e position (77.8%), celui du Liban (28e, 58.3%), l\u2019Arabie Saoudite (29e, 56.3%) et le Qatar (47e, 41.7%)<\/p>\n\n\n\n<p>Selon la m\u00eame \u00e9tude, les pourcentages les plus \u00e9lev\u00e9s ont \u00e9t\u00e9 mesur\u00e9s dans trois championnats d\u2019ancienne Yougoslavie (Bosnie, Mac\u00e9doine du Nord et Serbie), deux d\u2019Afrique (Tunisie et Alg\u00e9rie) et une ligue d\u2019Am\u00e9rique centrale (Costa Rica). A l\u2019oppos\u00e9, il y a la premi\u00e8re division indienne (seulement un entra\u00eeneur remplac\u00e9 sur 11).<\/p>\n\n\n\n<p>Pour le big 5, qui d\u00e9signe les cinq meilleurs championnats europ\u00e9ens de football professionnel, les valeurs vont de 56,6% pour la Liga espagnole \u00e0 35,6% pour la Serie A italienne (7 sur 20), o\u00f9 les clubs ont relativement peu chang\u00e9. Entre ces deux extr\u00eames, on trouve la Premier League avec 55% (11 sur 20) et la Ligue 1 avec 50% (10 sur 20), r\u00e9v\u00e8le l\u2019\u00e9tude. Les clubs ayant chang\u00e9 au moins une fois de coach ont en moyenne effectu\u00e9 le premier remplacement apr\u00e8s 45,4% des rencontres, avec un record n\u00e9gatif de seulement 24,6% matchs dirig\u00e9s par l\u2019entra\u00eeneur ayant commenc\u00e9 la saison en Roumanie.<\/p>\n\n\n\n<p>R.I.<\/p>\n","protected":false},"excerpt":{"rendered":"<p>C\u2019est devenu une habitude pour les clubs de la Ligue 1 Mobilis qui changent plusieurs fois d\u2019entraineurs en cours de<\/p>\n","protected":false},"author":3,"featured_media":41739,"comment_status":"open","ping_status":"closed","sticky":false,"template":"","format":"standard","meta":{"colormag_page_container_layout":"default_layout","colormag_page_sidebar_layout":"default_layout","om_disable_all_campaigns":false,"_monsterinsights_skip_tracking":false,"_monsterinsights_sitenote_active":false,"_monsterinsights_sitenote_note":"","_monsterinsights_sitenote_category":0,"footnotes":"","_wpscppro_dont_share_socialmedia":false,"_wpscppro_custom_social_share_image":0,"_facebook_share_type":"","_twitter_share_type":"","_linkedin_share_type":"","_pinterest_share_type":"","_linkedin_share_type_page":"","_instagram_share_type":"","_medium_share_type":"","_threads_share_type":"","_google_business_share_type":"","_selected_social_profile":[],"_wpsp_enable_custom_social_template":false,"_wpsp_social_scheduling":{"enabled":false,"datetime":null,"platforms":[],"status":"template_only","dateOption":"today","timeOption":"now","customDays":"","customHours":"","customDate":"","customTime":"","schedulingType":"absolute"},"_wpsp_active_default_template":true},"categories":[27],"tags":[],"class_list":["post-41731","post","type-post","status-publish","format-standard","has-post-thumbnail","hentry","category-actualite"],"aioseo_notices":[],"yoast_head":"<!-- This site is optimized with the Yoast SEO plugin v27.5 - https:\/\/yoast.com\/product\/yoast-seo-wordpress\/ -->\n<title>Changements d&rsquo;entra\u00eeneurs en cours de saison\u00a0: La ligue 1 \u00ab\u00a0Mobilis\u00a0\u00bb \u00e0 la 6e place mondiale - La Sentinelle<\/title>\n<meta name=\"robots\" content=\"index, follow, max-snippet:-1, max-image-preview:large, max-video-preview:-1\" \/>\n<link rel=\"canonical\" href=\"https:\/\/lasentinelle.dz\/index.php\/2023\/05\/27\/changements-dentraineurs-en-cours-de-saison-la-ligue-1-mobilis-a-la-6e-place-mondiale\/\" \/>\n<meta property=\"og:locale\" content=\"fr_FR\" \/>\n<meta property=\"og:type\" content=\"article\" \/>\n<meta property=\"og:title\" content=\"Changements d&rsquo;entra\u00eeneurs en cours de saison\u00a0: La ligue 1 \u00ab\u00a0Mobilis\u00a0\u00bb \u00e0 la 6e place mondiale - La Sentinelle\" \/>\n<meta property=\"og:description\" content=\"C\u2019est devenu une habitude pour les clubs de la Ligue 1 Mobilis qui changent plusieurs fois d\u2019entraineurs en cours de\" \/>\n<meta property=\"og:url\" content=\"https:\/\/lasentinelle.dz\/index.php\/2023\/05\/27\/changements-dentraineurs-en-cours-de-saison-la-ligue-1-mobilis-a-la-6e-place-mondiale\/\" \/>\n<meta property=\"og:site_name\" content=\"La Sentinelle\" \/>\n<meta property=\"article:publisher\" content=\"https:\/\/www.facebook.com\/La-Sentinelle-104059864394773\" \/>\n<meta property=\"article:published_time\" content=\"2023-05-27T21:05:00+00:00\" \/>\n<meta property=\"og:image\" content=\"https:\/\/lasentinelle.dz\/wp-content\/uploads\/2023\/05\/image_2023-05-27_183039681.png\" \/>\n\t<meta property=\"og:image:width\" content=\"600\" \/>\n\t<meta property=\"og:image:height\" content=\"340\" \/>\n\t<meta property=\"og:image:type\" content=\"image\/png\" \/>\n<meta name=\"author\" content=\"La Sentinelle\" \/>\n<meta name=\"twitter:card\" content=\"summary_large_image\" \/>\n<meta name=\"twitter:label1\" content=\"\u00c9crit par\" \/>\n\t<meta name=\"twitter:data1\" content=\"La Sentinelle\" \/>\n\t<meta name=\"twitter:label2\" content=\"Dur\u00e9e de lecture estim\u00e9e\" \/>\n\t<meta name=\"twitter:data2\" content=\"2 minutes\" \/>\n<script type=\"application\/ld+json\" class=\"yoast-schema-graph\">{\"@context\":\"https:\\\/\\\/schema.org\",\"@graph\":[{\"@type\":\"Article\",\"@id\":\"https:\\\/\\\/lasentinelle.dz\\\/index.php\\\/2023\\\/05\\\/27\\\/changements-dentraineurs-en-cours-de-saison-la-ligue-1-mobilis-a-la-6e-place-mondiale\\\/#article\",\"isPartOf\":{\"@id\":\"https:\\\/\\\/lasentinelle.dz\\\/index.php\\\/2023\\\/05\\\/27\\\/changements-dentraineurs-en-cours-de-saison-la-ligue-1-mobilis-a-la-6e-place-mondiale\\\/\"},\"author\":{\"name\":\"La Sentinelle\",\"@id\":\"https:\\\/\\\/lasentinelle.dz\\\/#\\\/schema\\\/person\\\/d865044e22e70a75174ce8bcad3acfb3\"},\"headline\":\"Changements d&rsquo;entra\u00eeneurs en cours de saison\u00a0: La ligue 1 \u00ab\u00a0Mobilis\u00a0\u00bb \u00e0 la 6e place mondiale\",\"datePublished\":\"2023-05-27T21:05:00+00:00\",\"mainEntityOfPage\":{\"@id\":\"https:\\\/\\\/lasentinelle.dz\\\/index.php\\\/2023\\\/05\\\/27\\\/changements-dentraineurs-en-cours-de-saison-la-ligue-1-mobilis-a-la-6e-place-mondiale\\\/\"},\"wordCount\":396,\"commentCount\":0,\"publisher\":{\"@id\":\"https:\\\/\\\/lasentinelle.dz\\\/#organization\"},\"image\":{\"@id\":\"https:\\\/\\\/lasentinelle.dz\\\/index.php\\\/2023\\\/05\\\/27\\\/changements-dentraineurs-en-cours-de-saison-la-ligue-1-mobilis-a-la-6e-place-mondiale\\\/#primaryimage\"},\"thumbnailUrl\":\"https:\\\/\\\/lasentinelle.dz\\\/wp-content\\\/uploads\\\/2023\\\/05\\\/image_2023-05-27_183039681.png\",\"articleSection\":[\"Actualit\u00e9\"],\"inLanguage\":\"fr-FR\",\"potentialAction\":[{\"@type\":\"CommentAction\",\"name\":\"Comment\",\"target\":[\"https:\\\/\\\/lasentinelle.dz\\\/index.php\\\/2023\\\/05\\\/27\\\/changements-dentraineurs-en-cours-de-saison-la-ligue-1-mobilis-a-la-6e-place-mondiale\\\/#respond\"]}]},{\"@type\":\"WebPage\",\"@id\":\"https:\\\/\\\/lasentinelle.dz\\\/index.php\\\/2023\\\/05\\\/27\\\/changements-dentraineurs-en-cours-de-saison-la-ligue-1-mobilis-a-la-6e-place-mondiale\\\/\",\"url\":\"https:\\\/\\\/lasentinelle.dz\\\/index.php\\\/2023\\\/05\\\/27\\\/changements-dentraineurs-en-cours-de-saison-la-ligue-1-mobilis-a-la-6e-place-mondiale\\\/\",\"name\":\"Changements d&rsquo;entra\u00eeneurs en cours de saison\u00a0: La ligue 1 \u00ab\u00a0Mobilis\u00a0\u00bb \u00e0 la 6e place mondiale - La Sentinelle\",\"isPartOf\":{\"@id\":\"https:\\\/\\\/lasentinelle.dz\\\/#website\"},\"primaryImageOfPage\":{\"@id\":\"https:\\\/\\\/lasentinelle.dz\\\/index.php\\\/2023\\\/05\\\/27\\\/changements-dentraineurs-en-cours-de-saison-la-ligue-1-mobilis-a-la-6e-place-mondiale\\\/#primaryimage\"},\"image\":{\"@id\":\"https:\\\/\\\/lasentinelle.dz\\\/index.php\\\/2023\\\/05\\\/27\\\/changements-dentraineurs-en-cours-de-saison-la-ligue-1-mobilis-a-la-6e-place-mondiale\\\/#primaryimage\"},\"thumbnailUrl\":\"https:\\\/\\\/lasentinelle.dz\\\/wp-content\\\/uploads\\\/2023\\\/05\\\/image_2023-05-27_183039681.png\",\"datePublished\":\"2023-05-27T21:05:00+00:00\",\"breadcrumb\":{\"@id\":\"https:\\\/\\\/lasentinelle.dz\\\/index.php\\\/2023\\\/05\\\/27\\\/changements-dentraineurs-en-cours-de-saison-la-ligue-1-mobilis-a-la-6e-place-mondiale\\\/#breadcrumb\"},\"inLanguage\":\"fr-FR\",\"potentialAction\":[{\"@type\":\"ReadAction\",\"target\":[\"https:\\\/\\\/lasentinelle.dz\\\/index.php\\\/2023\\\/05\\\/27\\\/changements-dentraineurs-en-cours-de-saison-la-ligue-1-mobilis-a-la-6e-place-mondiale\\\/\"]}]},{\"@type\":\"ImageObject\",\"inLanguage\":\"fr-FR\",\"@id\":\"https:\\\/\\\/lasentinelle.dz\\\/index.php\\\/2023\\\/05\\\/27\\\/changements-dentraineurs-en-cours-de-saison-la-ligue-1-mobilis-a-la-6e-place-mondiale\\\/#primaryimage\",\"url\":\"https:\\\/\\\/lasentinelle.dz\\\/wp-content\\\/uploads\\\/2023\\\/05\\\/image_2023-05-27_183039681.png\",\"contentUrl\":\"https:\\\/\\\/lasentinelle.dz\\\/wp-content\\\/uploads\\\/2023\\\/05\\\/image_2023-05-27_183039681.png\",\"width\":600,\"height\":340},{\"@type\":\"BreadcrumbList\",\"@id\":\"https:\\\/\\\/lasentinelle.dz\\\/index.php\\\/2023\\\/05\\\/27\\\/changements-dentraineurs-en-cours-de-saison-la-ligue-1-mobilis-a-la-6e-place-mondiale\\\/#breadcrumb\",\"itemListElement\":[{\"@type\":\"ListItem\",\"position\":1,\"name\":\"Accueil\",\"item\":\"https:\\\/\\\/lasentinelle.dz\\\/\"},{\"@type\":\"ListItem\",\"position\":2,\"name\":\"Changements d&rsquo;entra\u00eeneurs en cours de saison\u00a0: La ligue 1 \u00ab\u00a0Mobilis\u00a0\u00bb \u00e0 la 6e place mondiale\"}]},{\"@type\":\"WebSite\",\"@id\":\"https:\\\/\\\/lasentinelle.dz\\\/#website\",\"url\":\"https:\\\/\\\/lasentinelle.dz\\\/\",\"name\":\"La Sentinelle\",\"description\":\"Quotidien national d&#039;information\",\"publisher\":{\"@id\":\"https:\\\/\\\/lasentinelle.dz\\\/#organization\"},\"potentialAction\":[{\"@type\":\"SearchAction\",\"target\":{\"@type\":\"EntryPoint\",\"urlTemplate\":\"https:\\\/\\\/lasentinelle.dz\\\/?s={search_term_string}\"},\"query-input\":{\"@type\":\"PropertyValueSpecification\",\"valueRequired\":true,\"valueName\":\"search_term_string\"}}],\"inLanguage\":\"fr-FR\"},{\"@type\":\"Organization\",\"@id\":\"https:\\\/\\\/lasentinelle.dz\\\/#organization\",\"name\":\"Quotidien La Sentinelle\",\"url\":\"https:\\\/\\\/lasentinelle.dz\\\/\",\"logo\":{\"@type\":\"ImageObject\",\"inLanguage\":\"fr-FR\",\"@id\":\"https:\\\/\\\/lasentinelle.dz\\\/#\\\/schema\\\/logo\\\/image\\\/\",\"url\":\"https:\\\/\\\/lasentinelle.dz\\\/wp-content\\\/uploads\\\/2021\\\/09\\\/logo-sentinelleSLOGAN-1.png\",\"contentUrl\":\"https:\\\/\\\/lasentinelle.dz\\\/wp-content\\\/uploads\\\/2021\\\/09\\\/logo-sentinelleSLOGAN-1.png\",\"width\":615,\"height\":142,\"caption\":\"Quotidien La Sentinelle\"},\"image\":{\"@id\":\"https:\\\/\\\/lasentinelle.dz\\\/#\\\/schema\\\/logo\\\/image\\\/\"},\"sameAs\":[\"https:\\\/\\\/www.facebook.com\\\/La-Sentinelle-104059864394773\"]},{\"@type\":\"Person\",\"@id\":\"https:\\\/\\\/lasentinelle.dz\\\/#\\\/schema\\\/person\\\/d865044e22e70a75174ce8bcad3acfb3\",\"name\":\"La Sentinelle\",\"image\":{\"@type\":\"ImageObject\",\"inLanguage\":\"fr-FR\",\"@id\":\"https:\\\/\\\/secure.gravatar.com\\\/avatar\\\/57de8e5d4b15d43fb361a71fbb36338450fe67865b528a43dd10ef7c51a20392?s=96&d=mm&r=g\",\"url\":\"https:\\\/\\\/secure.gravatar.com\\\/avatar\\\/57de8e5d4b15d43fb361a71fbb36338450fe67865b528a43dd10ef7c51a20392?s=96&d=mm&r=g\",\"contentUrl\":\"https:\\\/\\\/secure.gravatar.com\\\/avatar\\\/57de8e5d4b15d43fb361a71fbb36338450fe67865b528a43dd10ef7c51a20392?s=96&d=mm&r=g\",\"caption\":\"La Sentinelle\"},\"sameAs\":[\"http:\\\/\\\/www.lasentinelle.dz\"],\"url\":\"https:\\\/\\\/lasentinelle.dz\\\/author\\\/redaction\\\/\"}]}<\/script>\n<!-- \/ Yoast SEO plugin. -->","yoast_head_json":{"title":"Changements d&rsquo;entra\u00eeneurs en cours de saison\u00a0: La ligue 1 \u00ab\u00a0Mobilis\u00a0\u00bb \u00e0 la 6e place mondiale - La Sentinelle","robots":{"index":"index","follow":"follow","max-snippet":"max-snippet:-1","max-image-preview":"max-image-preview:large","max-video-preview":"max-video-preview:-1"},"canonical":"https:\/\/lasentinelle.dz\/index.php\/2023\/05\/27\/changements-dentraineurs-en-cours-de-saison-la-ligue-1-mobilis-a-la-6e-place-mondiale\/","og_locale":"fr_FR","og_type":"article","og_title":"Changements d&rsquo;entra\u00eeneurs en cours de saison\u00a0: La ligue 1 \u00ab\u00a0Mobilis\u00a0\u00bb \u00e0 la 6e place mondiale - La Sentinelle","og_description":"C\u2019est devenu une habitude pour les clubs de la Ligue 1 Mobilis qui changent plusieurs fois d\u2019entraineurs en cours de","og_url":"https:\/\/lasentinelle.dz\/index.php\/2023\/05\/27\/changements-dentraineurs-en-cours-de-saison-la-ligue-1-mobilis-a-la-6e-place-mondiale\/","og_site_name":"La Sentinelle","article_publisher":"https:\/\/www.facebook.com\/La-Sentinelle-104059864394773","article_published_time":"2023-05-27T21:05:00+00:00","og_image":[{"width":600,"height":340,"url":"https:\/\/lasentinelle.dz\/wp-content\/uploads\/2023\/05\/image_2023-05-27_183039681.png","type":"image\/png"}],"author":"La Sentinelle","twitter_card":"summary_large_image","twitter_misc":{"\u00c9crit par":"La Sentinelle","Dur\u00e9e de lecture estim\u00e9e":"2 minutes"},"schema":{"@context":"https:\/\/schema.org","@graph":[{"@type":"Article","@id":"https:\/\/lasentinelle.dz\/index.php\/2023\/05\/27\/changements-dentraineurs-en-cours-de-saison-la-ligue-1-mobilis-a-la-6e-place-mondiale\/#article","isPartOf":{"@id":"https:\/\/lasentinelle.dz\/index.php\/2023\/05\/27\/changements-dentraineurs-en-cours-de-saison-la-ligue-1-mobilis-a-la-6e-place-mondiale\/"},"author":{"name":"La Sentinelle","@id":"https:\/\/lasentinelle.dz\/#\/schema\/person\/d865044e22e70a75174ce8bcad3acfb3"},"headline":"Changements d&rsquo;entra\u00eeneurs en cours de saison\u00a0: La ligue 1 \u00ab\u00a0Mobilis\u00a0\u00bb \u00e0 la 6e place mondiale","datePublished":"2023-05-27T21:05:00+00:00","mainEntityOfPage":{"@id":"https:\/\/lasentinelle.dz\/index.php\/2023\/05\/27\/changements-dentraineurs-en-cours-de-saison-la-ligue-1-mobilis-a-la-6e-place-mondiale\/"},"wordCount":396,"commentCount":0,"publisher":{"@id":"https:\/\/lasentinelle.dz\/#organization"},"image":{"@id":"https:\/\/lasentinelle.dz\/index.php\/2023\/05\/27\/changements-dentraineurs-en-cours-de-saison-la-ligue-1-mobilis-a-la-6e-place-mondiale\/#primaryimage"},"thumbnailUrl":"https:\/\/lasentinelle.dz\/wp-content\/uploads\/2023\/05\/image_2023-05-27_183039681.png","articleSection":["Actualit\u00e9"],"inLanguage":"fr-FR","potentialAction":[{"@type":"CommentAction","name":"Comment","target":["https:\/\/lasentinelle.dz\/index.php\/2023\/05\/27\/changements-dentraineurs-en-cours-de-saison-la-ligue-1-mobilis-a-la-6e-place-mondiale\/#respond"]}]},{"@type":"WebPage","@id":"https:\/\/lasentinelle.dz\/index.php\/2023\/05\/27\/changements-dentraineurs-en-cours-de-saison-la-ligue-1-mobilis-a-la-6e-place-mondiale\/","url":"https:\/\/lasentinelle.dz\/index.php\/2023\/05\/27\/changements-dentraineurs-en-cours-de-saison-la-ligue-1-mobilis-a-la-6e-place-mondiale\/","name":"Changements d&rsquo;entra\u00eeneurs en cours de saison\u00a0: La ligue 1 \u00ab\u00a0Mobilis\u00a0\u00bb \u00e0 la 6e place mondiale - La Sentinelle","isPartOf":{"@id":"https:\/\/lasentinelle.dz\/#website"},"primaryImageOfPage":{"@id":"https:\/\/lasentinelle.dz\/index.php\/2023\/05\/27\/changements-dentraineurs-en-cours-de-saison-la-ligue-1-mobilis-a-la-6e-place-mondiale\/#primaryimage"},"image":{"@id":"https:\/\/lasentinelle.dz\/index.php\/2023\/05\/27\/changements-dentraineurs-en-cours-de-saison-la-ligue-1-mobilis-a-la-6e-place-mondiale\/#primaryimage"},"thumbnailUrl":"https:\/\/lasentinelle.dz\/wp-content\/uploads\/2023\/05\/image_2023-05-27_183039681.png","datePublished":"2023-05-27T21:05:00+00:00","breadcrumb":{"@id":"https:\/\/lasentinelle.dz\/index.php\/2023\/05\/27\/changements-dentraineurs-en-cours-de-saison-la-ligue-1-mobilis-a-la-6e-place-mondiale\/#breadcrumb"},"inLanguage":"fr-FR","potentialAction":[{"@type":"ReadAction","target":["https:\/\/lasentinelle.dz\/index.php\/2023\/05\/27\/changements-dentraineurs-en-cours-de-saison-la-ligue-1-mobilis-a-la-6e-place-mondiale\/"]}]},{"@type":"ImageObject","inLanguage":"fr-FR","@id":"https:\/\/lasentinelle.dz\/index.php\/2023\/05\/27\/changements-dentraineurs-en-cours-de-saison-la-ligue-1-mobilis-a-la-6e-place-mondiale\/#primaryimage","url":"https:\/\/lasentinelle.dz\/wp-content\/uploads\/2023\/05\/image_2023-05-27_183039681.png","contentUrl":"https:\/\/lasentinelle.dz\/wp-content\/uploads\/2023\/05\/image_2023-05-27_183039681.png","width":600,"height":340},{"@type":"BreadcrumbList","@id":"https:\/\/lasentinelle.dz\/index.php\/2023\/05\/27\/changements-dentraineurs-en-cours-de-saison-la-ligue-1-mobilis-a-la-6e-place-mondiale\/#breadcrumb","itemListElement":[{"@type":"ListItem","position":1,"name":"Accueil","item":"https:\/\/lasentinelle.dz\/"},{"@type":"ListItem","position":2,"name":"Changements d&rsquo;entra\u00eeneurs en cours de saison\u00a0: La ligue 1 \u00ab\u00a0Mobilis\u00a0\u00bb \u00e0 la 6e place mondiale"}]},{"@type":"WebSite","@id":"https:\/\/lasentinelle.dz\/#website","url":"https:\/\/lasentinelle.dz\/","name":"La Sentinelle","description":"Quotidien national d&#039;information","publisher":{"@id":"https:\/\/lasentinelle.dz\/#organization"},"potentialAction":[{"@type":"SearchAction","target":{"@type":"EntryPoint","urlTemplate":"https:\/\/lasentinelle.dz\/?s={search_term_string}"},"query-input":{"@type":"PropertyValueSpecification","valueRequired":true,"valueName":"search_term_string"}}],"inLanguage":"fr-FR"},{"@type":"Organization","@id":"https:\/\/lasentinelle.dz\/#organization","name":"Quotidien La Sentinelle","url":"https:\/\/lasentinelle.dz\/","logo":{"@type":"ImageObject","inLanguage":"fr-FR","@id":"https:\/\/lasentinelle.dz\/#\/schema\/logo\/image\/","url":"https:\/\/lasentinelle.dz\/wp-content\/uploads\/2021\/09\/logo-sentinelleSLOGAN-1.png","contentUrl":"https:\/\/lasentinelle.dz\/wp-content\/uploads\/2021\/09\/logo-sentinelleSLOGAN-1.png","width":615,"height":142,"caption":"Quotidien La Sentinelle"},"image":{"@id":"https:\/\/lasentinelle.dz\/#\/schema\/logo\/image\/"},"sameAs":["https:\/\/www.facebook.com\/La-Sentinelle-104059864394773"]},{"@type":"Person","@id":"https:\/\/lasentinelle.dz\/#\/schema\/person\/d865044e22e70a75174ce8bcad3acfb3","name":"La Sentinelle","image":{"@type":"ImageObject","inLanguage":"fr-FR","@id":"https:\/\/secure.gravatar.com\/avatar\/57de8e5d4b15d43fb361a71fbb36338450fe67865b528a43dd10ef7c51a20392?s=96&d=mm&r=g","url":"https:\/\/secure.gravatar.com\/avatar\/57de8e5d4b15d43fb361a71fbb36338450fe67865b528a43dd10ef7c51a20392?s=96&d=mm&r=g","contentUrl":"https:\/\/secure.gravatar.com\/avatar\/57de8e5d4b15d43fb361a71fbb36338450fe67865b528a43dd10ef7c51a20392?s=96&d=mm&r=g","caption":"La Sentinelle"},"sameAs":["http:\/\/www.lasentinelle.dz"],"url":"https:\/\/lasentinelle.dz\/author\/redaction\/"}]}},"_links":{"self":[{"href":"https:\/\/lasentinelle.dz\/index.php\/wp-json\/wp\/v2\/posts\/41731","targetHints":{"allow":["GET"]}}],"collection":[{"href":"https:\/\/lasentinelle.dz\/index.php\/wp-json\/wp\/v2\/posts"}],"about":[{"href":"https:\/\/lasentinelle.dz\/index.php\/wp-json\/wp\/v2\/types\/post"}],"author":[{"embeddable":true,"href":"https:\/\/lasentinelle.dz\/index.php\/wp-json\/wp\/v2\/users\/3"}],"replies":[{"embeddable":true,"href":"https:\/\/lasentinelle.dz\/index.php\/wp-json\/wp\/v2\/comments?post=41731"}],"version-history":[{"count":1,"href":"https:\/\/lasentinelle.dz\/index.php\/wp-json\/wp\/v2\/posts\/41731\/revisions"}],"predecessor-version":[{"id":41740,"href":"https:\/\/lasentinelle.dz\/index.php\/wp-json\/wp\/v2\/posts\/41731\/revisions\/41740"}],"wp:featuredmedia":[{"embeddable":true,"href":"https:\/\/lasentinelle.dz\/index.php\/wp-json\/wp\/v2\/media\/41739"}],"wp:attachment":[{"href":"https:\/\/lasentinelle.dz\/index.php\/wp-json\/wp\/v2\/media?parent=41731"}],"wp:term":[{"taxonomy":"category","embeddable":true,"href":"https:\/\/lasentinelle.dz\/index.php\/wp-json\/wp\/v2\/categories?post=41731"},{"taxonomy":"post_tag","embeddable":true,"href":"https:\/\/lasentinelle.dz\/index.php\/wp-json\/wp\/v2\/tags?post=41731"}],"curies":[{"name":"wp","href":"https:\/\/api.w.org\/{rel}","templated":true}]}}