{"id":41747,"date":"2023-05-27T22:05:00","date_gmt":"2023-05-27T21:05:00","guid":{"rendered":"https:\/\/lasentinelle.dz\/?p=41747"},"modified":"2023-05-27T18:53:10","modified_gmt":"2023-05-27T17:53:10","slug":"coupe-de-la-caf-usma-prendre-une-option-pour-le-titre-continental","status":"publish","type":"post","link":"https:\/\/lasentinelle.dz\/index.php\/2023\/05\/27\/coupe-de-la-caf-usma-prendre-une-option-pour-le-titre-continental\/","title":{"rendered":"Coupe de la CAF \/ USMA\u00a0: prendre une option pour le titre continental"},"content":{"rendered":"\n<p>L\u2019USM Alger affrontera cet apr\u00e8s-midi les Tanzaniens des Young Africans \u00e0 Dar Es-Salam pour le compte du match aller de la Coupe de la CAF. Un match dans lequel les Rouge et Noir devront mettre en \u00e9chec leur adversaire pour prendre une option avant de le recevoir la semaine prochaine au sein du jardin et du 5 juillet et consolider leurs chances de remporter un troph\u00e9e continental historique.<\/p>\n\n\n\n<p>En effet, huit ann\u00e9es apr\u00e8s sa premi\u00e8re et derni\u00e8re finale continentale, le club alg\u00e9rien de l&rsquo;USM Alger jouera dimanche contre les Young Africans de Tanzanie en finale (aller) de la Coupe de la Conf\u00e9d\u00e9ration africaine de football (CAF), au stade Benjamin Mkapa de Dar Es-Salaam (14h00 alg\u00e9riennes) pour pr\u00e9server toutes ses chances de brandir \u00e0 Alger le troph\u00e9e tant attendu par le peuple \u00a0\u00bbrouge et noir\u00a0\u00bb \u00e0 Alger. Auteurs jusque-l\u00e0 d&rsquo;un sans-faute dans cette \u00e9preuve, les \u00ab\u00a0Rouge et Noir\u00a0\u00bb esp\u00e8rent, cette fois-ci, soulever le titre continental, seul troph\u00e9e qui manque \u00e0 leur riche palmar\u00e8s. Le club alg\u00e9rois compte tout mettre en \u0153uvre pour d\u00e9crocher son tout premier titre continental, la coupe de la CAF, et cela passera in\u00e9luctablement par un bon r\u00e9sultat \u00e0 l&rsquo;issue de cette premi\u00e8re manche de la finale, qui se jouera \u00e0 guichets ferm\u00e9s. L&rsquo;USMA a compost\u00e9 son billet pour la finale en \u00e9liminant les Ivoiriens de l&rsquo;ASEC Mimosa (aller \u00e0 Bouak\u00e9 : 0-0, retour \u00e0 Alger : 2-0), alors que les Young Africans ont pass\u00e9 l&rsquo;\u00e9cueil des Sud-Africains de Marumo Gallants en remportant les deux manches des demi-finales (aller \u00e0 Dar Es-Salaam : 2-0, retour \u00e0 Rustenburg : 2-1). C&rsquo;est avec un esprit conqu\u00e9rant que les Alg\u00e9rois ont fait le d\u00e9placement jeudi \u00e0 Dar Es-Salaam, pour d\u00e9fier une \u00e9quipe tanzanienne qui atteint, quant \u00e0 elle, la premi\u00e8re finale continentale de son histoire, apr\u00e8s avoir tout gagn\u00e9 sur le plan local. C\u00f4t\u00e9 effectif, Benchikha va b\u00e9n\u00e9ficier de l&rsquo;ensemble de ses joueurs, avec le retour tant attendu du milieu offensif Abderrahmane Meziane, qui sera d&rsquo;un apport pr\u00e9cieux pour le secteur offensif.<\/p>\n\n\n\n<p>\u00abD&rsquo;ailleurs, on peut gagner ici, \u00e0 Dar Es-Salam, et perdre \u00e0 Alger. C&rsquo;est pour cela que notre engagement doit \u00eatre total, \u00e0 l&rsquo;aller comme au retour\u00bb pour esp\u00e9rer l&#8217;emporter, a estim\u00e9 hier le coach de l\u2019USMA Abdelhak Benchikha. Interrog\u00e9 sur ses chances de performance \u00e0 Dar Es Salam par rapport aux diff\u00e9rentes conditions suscit\u00e9es, Benchikha a affirm\u00e9 que pour lui \u00ab\u00e7a reste du 50-50\u00bb, car selon lui \u00ab\u00e0 ce stade de la comp\u00e9tition, les chances sont quasi \u00e9gales\u00bb.&nbsp; En effet, selon l&rsquo;entra\u00eeneur Usmiste \u00able titre se jouera sur l&rsquo;ensemble des deux matchs\u00bb, et ce serait donc une grave erreur de mettre le paquet sur une rencontre seulement, en n\u00e9gligeant l&rsquo;autre. &nbsp;\u00abPour nous, l&rsquo;id\u00e9al serait bien s\u00fbr de faire bonne figure au match retour, et de l&#8217;emporter devant notre public. Mais notre principal objectif est de gagner cette Coupe, et c&rsquo;est surtout cette promesse que nous voulons tenir envers nos fans\u00bb a-t-il insist\u00e9. Et l\u2019adversaire ne sera pas \u00e0 prendre \u00e0 la l\u00e9g\u00e8re.&nbsp; Fra\u00eechement aur\u00e9ol\u00e9s de leur titre de champions, les Young Africans esp\u00e8rent mettre la cerise sur le g\u00e2teau de ce qui aura \u00e9t\u00e9 l&rsquo;une de leurs meilleures saisons. Le club le plus titr\u00e9 de Tanzanie, qui a r\u00e9cemment remport\u00e9 son 29e titre de Premier League avec encore trois matchs \u00e0 jouer, dispute sa toute premi\u00e8re finale continentale.<\/p>\n\n\n\n<p>Les Rouge et Noir devront faire aussi avec les conditions climatiques d\u00e9favorables, m\u00eame si le coach usmiste ne veut pas en faire trop cas.&nbsp; La chaleur et le taux relativement \u00e9lev\u00e9 d&rsquo;humidit\u00e9 qui s\u00e9viront \u00e0 14h00 \u00abne devraient pas perturber outre mesure les joueurs de l&rsquo;USM Alger\u00bb, a rassur\u00e9&nbsp; Abdelhak Benchikha. &nbsp;\u00abConcernant la chaleur et l&rsquo;humidit\u00e9, on devrait pouvoir faire avec. Nous sommes africains aussi et on devrait donc pouvoir supporter les diff\u00e9rentes conditions climatiques qui s\u00e9viront au moment de la rencontre &#8230; et qui sait ? Peut-\u00eatre qu&rsquo;il y aura un orage\u00bb, a-t-il plaisant\u00e9 en conf\u00e9rence de presse d&rsquo;avant match. La rencontre \u00e9tait initialement pr\u00e9vue \u00e0 16h00 (heure de Tanzanie), avant d&rsquo;\u00eatre avanc\u00e9e \u00e0 14h00, moment o\u00f9 la chaleur et l&rsquo;humidit\u00e9 se feront probablement plus sentir, surtout pour des joueurs alg\u00e9riens, peu habitu\u00e9s \u00e0 ce genre de conditions climatiques. Quoique, Benchikha a refus\u00e9 d&rsquo;en faire cas, assurant m\u00eame \u00abpouvoir faire avec\u00bb pour d\u00e9velopper son jeu, suivant le programme \u00e9tabli, avec l&rsquo;espoir de r\u00e9ussir un bon r\u00e9sultat. &nbsp;\u00abOn doit rester r\u00e9guliers, du d\u00e9but \u00e0 la fin. On ne doit pas laisser d&rsquo;espace derri\u00e8re, qui pourraient \u00eatre exploit\u00e9s par l&rsquo;adversaire. On doit s&rsquo;appliquer aussi \u00e0 faire circuler le ballon et \u00e0 le garder au maximum. Et ce qui est s\u00fbr, est qu&rsquo;on ne va rester derri\u00e8re, car ce n&rsquo;est pas un match de tennis. En tout cas, nous avons pr\u00e9par\u00e9 notre match du mieux qu&rsquo;on a pu et on va jouer le jeu, sans se focaliser sur un joueur en particulier\u00bb, a-t-il ajout\u00e9.<\/p>\n\n\n\n<p>Cette finale \u00aballer\u00bb sera dirig\u00e9e par l&rsquo;arbitre Jean-Jacques Ngambo Ndala, de la RD Congo, qui sera assist\u00e9 de Zakhele Thusi Granville Siwela (Afrique du Sud) et Olivier Kabene Safar (RD Congo). Le match \u00abretour\u00bb quant \u00e0 lui sera dirig\u00e9 par le Mauritanien Beida Dahane, qui sera assist\u00e9 de l&rsquo;Angolais Jerson Emiliano dos Santos (1er assistant) et du Mozambicain Ars\u00e9nio Chadreque Maringule (2e assistant). L&rsquo;USMA avait compost\u00e9 son billet pour la finale en \u00e9liminant les Ivoiriens de l&rsquo;ASEC Mimosas (aller \u00e0 Bouak\u00e9 : 0-0, retour \u00e0 Alger : 2-0), alors que les Young Africans avaient pass\u00e9 l&rsquo;\u00e9cueil des Sud-Africains de Marumo Gallants, en remportant les deux manches des demi-finales (aller \u00e0 Dar Es-Salaam : 2-0, retour \u00e0 Rustenburg : 2-1).<\/p>\n\n\n\n<p><strong>Chokri Hafed<\/strong><\/p>\n","protected":false},"excerpt":{"rendered":"<p>L\u2019USM Alger affrontera cet apr\u00e8s-midi les Tanzaniens des Young Africans \u00e0 Dar Es-Salam pour le compte du match aller de<\/p>\n","protected":false},"author":3,"featured_media":41750,"comment_status":"open","ping_status":"closed","sticky":false,"template":"","format":"standard","meta":{"colormag_page_container_layout":"default_layout","colormag_page_sidebar_layout":"default_layout","om_disable_all_campaigns":false,"_monsterinsights_skip_tracking":false,"_monsterinsights_sitenote_active":false,"_monsterinsights_sitenote_note":"","_monsterinsights_sitenote_category":0,"footnotes":"","_wpscppro_dont_share_socialmedia":false,"_wpscppro_custom_social_share_image":0,"_facebook_share_type":"","_twitter_share_type":"","_linkedin_share_type":"","_pinterest_share_type":"","_linkedin_share_type_page":"","_instagram_share_type":"","_medium_share_type":"","_threads_share_type":"","_google_business_share_type":"","_selected_social_profile":[],"_wpsp_enable_custom_social_template":false,"_wpsp_social_scheduling":{"enabled":false,"datetime":null,"platforms":[],"status":"template_only","dateOption":"today","timeOption":"now","customDays":"","customHours":"","customDate":"","customTime":"","schedulingType":"absolute"},"_wpsp_active_default_template":true},"categories":[52,33],"tags":[],"class_list":["post-41747","post","type-post","status-publish","format-standard","has-post-thumbnail","hentry","category-a-la-une","category-sports"],"aioseo_notices":[],"yoast_head":"<!-- This site is optimized with the Yoast SEO plugin v27.5 - https:\/\/yoast.com\/product\/yoast-seo-wordpress\/ -->\n<title>Coupe de la CAF \/ USMA\u00a0: prendre une option pour le titre continental - La Sentinelle<\/title>\n<meta name=\"robots\" content=\"index, follow, max-snippet:-1, max-image-preview:large, max-video-preview:-1\" \/>\n<link rel=\"canonical\" href=\"https:\/\/lasentinelle.dz\/index.php\/2023\/05\/27\/coupe-de-la-caf-usma-prendre-une-option-pour-le-titre-continental\/\" \/>\n<meta property=\"og:locale\" content=\"fr_FR\" \/>\n<meta property=\"og:type\" content=\"article\" \/>\n<meta property=\"og:title\" content=\"Coupe de la CAF \/ USMA\u00a0: prendre une option pour le titre continental - La Sentinelle\" \/>\n<meta property=\"og:description\" content=\"L\u2019USM Alger affrontera cet apr\u00e8s-midi les Tanzaniens des Young Africans \u00e0 Dar Es-Salam pour le compte du match aller de\" \/>\n<meta property=\"og:url\" content=\"https:\/\/lasentinelle.dz\/index.php\/2023\/05\/27\/coupe-de-la-caf-usma-prendre-une-option-pour-le-titre-continental\/\" \/>\n<meta property=\"og:site_name\" content=\"La Sentinelle\" \/>\n<meta property=\"article:publisher\" content=\"https:\/\/www.facebook.com\/La-Sentinelle-104059864394773\" \/>\n<meta property=\"article:published_time\" content=\"2023-05-27T21:05:00+00:00\" \/>\n<meta property=\"og:image\" content=\"https:\/\/lasentinelle.dz\/wp-content\/uploads\/2023\/05\/Coupe.png\" \/>\n\t<meta property=\"og:image:width\" content=\"1600\" \/>\n\t<meta property=\"og:image:height\" content=\"900\" \/>\n\t<meta property=\"og:image:type\" content=\"image\/png\" \/>\n<meta name=\"author\" content=\"La Sentinelle\" \/>\n<meta name=\"twitter:card\" content=\"summary_large_image\" \/>\n<meta name=\"twitter:label1\" content=\"\u00c9crit par\" \/>\n\t<meta name=\"twitter:data1\" content=\"La Sentinelle\" \/>\n\t<meta name=\"twitter:label2\" content=\"Dur\u00e9e de lecture estim\u00e9e\" \/>\n\t<meta name=\"twitter:data2\" content=\"5 minutes\" \/>\n<script type=\"application\/ld+json\" class=\"yoast-schema-graph\">{\"@context\":\"https:\\\/\\\/schema.org\",\"@graph\":[{\"@type\":\"Article\",\"@id\":\"https:\\\/\\\/lasentinelle.dz\\\/index.php\\\/2023\\\/05\\\/27\\\/coupe-de-la-caf-usma-prendre-une-option-pour-le-titre-continental\\\/#article\",\"isPartOf\":{\"@id\":\"https:\\\/\\\/lasentinelle.dz\\\/index.php\\\/2023\\\/05\\\/27\\\/coupe-de-la-caf-usma-prendre-une-option-pour-le-titre-continental\\\/\"},\"author\":{\"name\":\"La Sentinelle\",\"@id\":\"https:\\\/\\\/lasentinelle.dz\\\/#\\\/schema\\\/person\\\/d865044e22e70a75174ce8bcad3acfb3\"},\"headline\":\"Coupe de la CAF \\\/ USMA\u00a0: prendre une option pour le titre continental\",\"datePublished\":\"2023-05-27T21:05:00+00:00\",\"mainEntityOfPage\":{\"@id\":\"https:\\\/\\\/lasentinelle.dz\\\/index.php\\\/2023\\\/05\\\/27\\\/coupe-de-la-caf-usma-prendre-une-option-pour-le-titre-continental\\\/\"},\"wordCount\":1013,\"commentCount\":0,\"publisher\":{\"@id\":\"https:\\\/\\\/lasentinelle.dz\\\/#organization\"},\"image\":{\"@id\":\"https:\\\/\\\/lasentinelle.dz\\\/index.php\\\/2023\\\/05\\\/27\\\/coupe-de-la-caf-usma-prendre-une-option-pour-le-titre-continental\\\/#primaryimage\"},\"thumbnailUrl\":\"https:\\\/\\\/lasentinelle.dz\\\/wp-content\\\/uploads\\\/2023\\\/05\\\/Coupe.png\",\"articleSection\":[\"\u00c0 la Une\",\"Sports\"],\"inLanguage\":\"fr-FR\",\"potentialAction\":[{\"@type\":\"CommentAction\",\"name\":\"Comment\",\"target\":[\"https:\\\/\\\/lasentinelle.dz\\\/index.php\\\/2023\\\/05\\\/27\\\/coupe-de-la-caf-usma-prendre-une-option-pour-le-titre-continental\\\/#respond\"]}]},{\"@type\":\"WebPage\",\"@id\":\"https:\\\/\\\/lasentinelle.dz\\\/index.php\\\/2023\\\/05\\\/27\\\/coupe-de-la-caf-usma-prendre-une-option-pour-le-titre-continental\\\/\",\"url\":\"https:\\\/\\\/lasentinelle.dz\\\/index.php\\\/2023\\\/05\\\/27\\\/coupe-de-la-caf-usma-prendre-une-option-pour-le-titre-continental\\\/\",\"name\":\"Coupe de la CAF \\\/ USMA\u00a0: prendre une option pour le titre continental - La Sentinelle\",\"isPartOf\":{\"@id\":\"https:\\\/\\\/lasentinelle.dz\\\/#website\"},\"primaryImageOfPage\":{\"@id\":\"https:\\\/\\\/lasentinelle.dz\\\/index.php\\\/2023\\\/05\\\/27\\\/coupe-de-la-caf-usma-prendre-une-option-pour-le-titre-continental\\\/#primaryimage\"},\"image\":{\"@id\":\"https:\\\/\\\/lasentinelle.dz\\\/index.php\\\/2023\\\/05\\\/27\\\/coupe-de-la-caf-usma-prendre-une-option-pour-le-titre-continental\\\/#primaryimage\"},\"thumbnailUrl\":\"https:\\\/\\\/lasentinelle.dz\\\/wp-content\\\/uploads\\\/2023\\\/05\\\/Coupe.png\",\"datePublished\":\"2023-05-27T21:05:00+00:00\",\"breadcrumb\":{\"@id\":\"https:\\\/\\\/lasentinelle.dz\\\/index.php\\\/2023\\\/05\\\/27\\\/coupe-de-la-caf-usma-prendre-une-option-pour-le-titre-continental\\\/#breadcrumb\"},\"inLanguage\":\"fr-FR\",\"potentialAction\":[{\"@type\":\"ReadAction\",\"target\":[\"https:\\\/\\\/lasentinelle.dz\\\/index.php\\\/2023\\\/05\\\/27\\\/coupe-de-la-caf-usma-prendre-une-option-pour-le-titre-continental\\\/\"]}]},{\"@type\":\"ImageObject\",\"inLanguage\":\"fr-FR\",\"@id\":\"https:\\\/\\\/lasentinelle.dz\\\/index.php\\\/2023\\\/05\\\/27\\\/coupe-de-la-caf-usma-prendre-une-option-pour-le-titre-continental\\\/#primaryimage\",\"url\":\"https:\\\/\\\/lasentinelle.dz\\\/wp-content\\\/uploads\\\/2023\\\/05\\\/Coupe.png\",\"contentUrl\":\"https:\\\/\\\/lasentinelle.dz\\\/wp-content\\\/uploads\\\/2023\\\/05\\\/Coupe.png\",\"width\":1600,\"height\":900},{\"@type\":\"BreadcrumbList\",\"@id\":\"https:\\\/\\\/lasentinelle.dz\\\/index.php\\\/2023\\\/05\\\/27\\\/coupe-de-la-caf-usma-prendre-une-option-pour-le-titre-continental\\\/#breadcrumb\",\"itemListElement\":[{\"@type\":\"ListItem\",\"position\":1,\"name\":\"Accueil\",\"item\":\"https:\\\/\\\/lasentinelle.dz\\\/\"},{\"@type\":\"ListItem\",\"position\":2,\"name\":\"Coupe de la CAF \\\/ USMA\u00a0: prendre une option pour le titre continental\"}]},{\"@type\":\"WebSite\",\"@id\":\"https:\\\/\\\/lasentinelle.dz\\\/#website\",\"url\":\"https:\\\/\\\/lasentinelle.dz\\\/\",\"name\":\"La Sentinelle\",\"description\":\"Quotidien national d&#039;information\",\"publisher\":{\"@id\":\"https:\\\/\\\/lasentinelle.dz\\\/#organization\"},\"potentialAction\":[{\"@type\":\"SearchAction\",\"target\":{\"@type\":\"EntryPoint\",\"urlTemplate\":\"https:\\\/\\\/lasentinelle.dz\\\/?s={search_term_string}\"},\"query-input\":{\"@type\":\"PropertyValueSpecification\",\"valueRequired\":true,\"valueName\":\"search_term_string\"}}],\"inLanguage\":\"fr-FR\"},{\"@type\":\"Organization\",\"@id\":\"https:\\\/\\\/lasentinelle.dz\\\/#organization\",\"name\":\"Quotidien La Sentinelle\",\"url\":\"https:\\\/\\\/lasentinelle.dz\\\/\",\"logo\":{\"@type\":\"ImageObject\",\"inLanguage\":\"fr-FR\",\"@id\":\"https:\\\/\\\/lasentinelle.dz\\\/#\\\/schema\\\/logo\\\/image\\\/\",\"url\":\"https:\\\/\\\/lasentinelle.dz\\\/wp-content\\\/uploads\\\/2021\\\/09\\\/logo-sentinelleSLOGAN-1.png\",\"contentUrl\":\"https:\\\/\\\/lasentinelle.dz\\\/wp-content\\\/uploads\\\/2021\\\/09\\\/logo-sentinelleSLOGAN-1.png\",\"width\":615,\"height\":142,\"caption\":\"Quotidien La Sentinelle\"},\"image\":{\"@id\":\"https:\\\/\\\/lasentinelle.dz\\\/#\\\/schema\\\/logo\\\/image\\\/\"},\"sameAs\":[\"https:\\\/\\\/www.facebook.com\\\/La-Sentinelle-104059864394773\"]},{\"@type\":\"Person\",\"@id\":\"https:\\\/\\\/lasentinelle.dz\\\/#\\\/schema\\\/person\\\/d865044e22e70a75174ce8bcad3acfb3\",\"name\":\"La Sentinelle\",\"image\":{\"@type\":\"ImageObject\",\"inLanguage\":\"fr-FR\",\"@id\":\"https:\\\/\\\/secure.gravatar.com\\\/avatar\\\/57de8e5d4b15d43fb361a71fbb36338450fe67865b528a43dd10ef7c51a20392?s=96&d=mm&r=g\",\"url\":\"https:\\\/\\\/secure.gravatar.com\\\/avatar\\\/57de8e5d4b15d43fb361a71fbb36338450fe67865b528a43dd10ef7c51a20392?s=96&d=mm&r=g\",\"contentUrl\":\"https:\\\/\\\/secure.gravatar.com\\\/avatar\\\/57de8e5d4b15d43fb361a71fbb36338450fe67865b528a43dd10ef7c51a20392?s=96&d=mm&r=g\",\"caption\":\"La Sentinelle\"},\"sameAs\":[\"http:\\\/\\\/www.lasentinelle.dz\"],\"url\":\"https:\\\/\\\/lasentinelle.dz\\\/author\\\/redaction\\\/\"}]}<\/script>\n<!-- \/ Yoast SEO plugin. -->","yoast_head_json":{"title":"Coupe de la CAF \/ USMA\u00a0: prendre une option pour le titre continental - La Sentinelle","robots":{"index":"index","follow":"follow","max-snippet":"max-snippet:-1","max-image-preview":"max-image-preview:large","max-video-preview":"max-video-preview:-1"},"canonical":"https:\/\/lasentinelle.dz\/index.php\/2023\/05\/27\/coupe-de-la-caf-usma-prendre-une-option-pour-le-titre-continental\/","og_locale":"fr_FR","og_type":"article","og_title":"Coupe de la CAF \/ USMA\u00a0: prendre une option pour le titre continental - La Sentinelle","og_description":"L\u2019USM Alger affrontera cet apr\u00e8s-midi les Tanzaniens des Young Africans \u00e0 Dar Es-Salam pour le compte du match aller de","og_url":"https:\/\/lasentinelle.dz\/index.php\/2023\/05\/27\/coupe-de-la-caf-usma-prendre-une-option-pour-le-titre-continental\/","og_site_name":"La Sentinelle","article_publisher":"https:\/\/www.facebook.com\/La-Sentinelle-104059864394773","article_published_time":"2023-05-27T21:05:00+00:00","og_image":[{"width":1600,"height":900,"url":"https:\/\/lasentinelle.dz\/wp-content\/uploads\/2023\/05\/Coupe.png","type":"image\/png"}],"author":"La Sentinelle","twitter_card":"summary_large_image","twitter_misc":{"\u00c9crit par":"La Sentinelle","Dur\u00e9e de lecture estim\u00e9e":"5 minutes"},"schema":{"@context":"https:\/\/schema.org","@graph":[{"@type":"Article","@id":"https:\/\/lasentinelle.dz\/index.php\/2023\/05\/27\/coupe-de-la-caf-usma-prendre-une-option-pour-le-titre-continental\/#article","isPartOf":{"@id":"https:\/\/lasentinelle.dz\/index.php\/2023\/05\/27\/coupe-de-la-caf-usma-prendre-une-option-pour-le-titre-continental\/"},"author":{"name":"La Sentinelle","@id":"https:\/\/lasentinelle.dz\/#\/schema\/person\/d865044e22e70a75174ce8bcad3acfb3"},"headline":"Coupe de la CAF \/ USMA\u00a0: prendre une option pour le titre continental","datePublished":"2023-05-27T21:05:00+00:00","mainEntityOfPage":{"@id":"https:\/\/lasentinelle.dz\/index.php\/2023\/05\/27\/coupe-de-la-caf-usma-prendre-une-option-pour-le-titre-continental\/"},"wordCount":1013,"commentCount":0,"publisher":{"@id":"https:\/\/lasentinelle.dz\/#organization"},"image":{"@id":"https:\/\/lasentinelle.dz\/index.php\/2023\/05\/27\/coupe-de-la-caf-usma-prendre-une-option-pour-le-titre-continental\/#primaryimage"},"thumbnailUrl":"https:\/\/lasentinelle.dz\/wp-content\/uploads\/2023\/05\/Coupe.png","articleSection":["\u00c0 la Une","Sports"],"inLanguage":"fr-FR","potentialAction":[{"@type":"CommentAction","name":"Comment","target":["https:\/\/lasentinelle.dz\/index.php\/2023\/05\/27\/coupe-de-la-caf-usma-prendre-une-option-pour-le-titre-continental\/#respond"]}]},{"@type":"WebPage","@id":"https:\/\/lasentinelle.dz\/index.php\/2023\/05\/27\/coupe-de-la-caf-usma-prendre-une-option-pour-le-titre-continental\/","url":"https:\/\/lasentinelle.dz\/index.php\/2023\/05\/27\/coupe-de-la-caf-usma-prendre-une-option-pour-le-titre-continental\/","name":"Coupe de la CAF \/ USMA\u00a0: prendre une option pour le titre continental - La Sentinelle","isPartOf":{"@id":"https:\/\/lasentinelle.dz\/#website"},"primaryImageOfPage":{"@id":"https:\/\/lasentinelle.dz\/index.php\/2023\/05\/27\/coupe-de-la-caf-usma-prendre-une-option-pour-le-titre-continental\/#primaryimage"},"image":{"@id":"https:\/\/lasentinelle.dz\/index.php\/2023\/05\/27\/coupe-de-la-caf-usma-prendre-une-option-pour-le-titre-continental\/#primaryimage"},"thumbnailUrl":"https:\/\/lasentinelle.dz\/wp-content\/uploads\/2023\/05\/Coupe.png","datePublished":"2023-05-27T21:05:00+00:00","breadcrumb":{"@id":"https:\/\/lasentinelle.dz\/index.php\/2023\/05\/27\/coupe-de-la-caf-usma-prendre-une-option-pour-le-titre-continental\/#breadcrumb"},"inLanguage":"fr-FR","potentialAction":[{"@type":"ReadAction","target":["https:\/\/lasentinelle.dz\/index.php\/2023\/05\/27\/coupe-de-la-caf-usma-prendre-une-option-pour-le-titre-continental\/"]}]},{"@type":"ImageObject","inLanguage":"fr-FR","@id":"https:\/\/lasentinelle.dz\/index.php\/2023\/05\/27\/coupe-de-la-caf-usma-prendre-une-option-pour-le-titre-continental\/#primaryimage","url":"https:\/\/lasentinelle.dz\/wp-content\/uploads\/2023\/05\/Coupe.png","contentUrl":"https:\/\/lasentinelle.dz\/wp-content\/uploads\/2023\/05\/Coupe.png","width":1600,"height":900},{"@type":"BreadcrumbList","@id":"https:\/\/lasentinelle.dz\/index.php\/2023\/05\/27\/coupe-de-la-caf-usma-prendre-une-option-pour-le-titre-continental\/#breadcrumb","itemListElement":[{"@type":"ListItem","position":1,"name":"Accueil","item":"https:\/\/lasentinelle.dz\/"},{"@type":"ListItem","position":2,"name":"Coupe de la CAF \/ USMA\u00a0: prendre une option pour le titre continental"}]},{"@type":"WebSite","@id":"https:\/\/lasentinelle.dz\/#website","url":"https:\/\/lasentinelle.dz\/","name":"La Sentinelle","description":"Quotidien national d&#039;information","publisher":{"@id":"https:\/\/lasentinelle.dz\/#organization"},"potentialAction":[{"@type":"SearchAction","target":{"@type":"EntryPoint","urlTemplate":"https:\/\/lasentinelle.dz\/?s={search_term_string}"},"query-input":{"@type":"PropertyValueSpecification","valueRequired":true,"valueName":"search_term_string"}}],"inLanguage":"fr-FR"},{"@type":"Organization","@id":"https:\/\/lasentinelle.dz\/#organization","name":"Quotidien La Sentinelle","url":"https:\/\/lasentinelle.dz\/","logo":{"@type":"ImageObject","inLanguage":"fr-FR","@id":"https:\/\/lasentinelle.dz\/#\/schema\/logo\/image\/","url":"https:\/\/lasentinelle.dz\/wp-content\/uploads\/2021\/09\/logo-sentinelleSLOGAN-1.png","contentUrl":"https:\/\/lasentinelle.dz\/wp-content\/uploads\/2021\/09\/logo-sentinelleSLOGAN-1.png","width":615,"height":142,"caption":"Quotidien La Sentinelle"},"image":{"@id":"https:\/\/lasentinelle.dz\/#\/schema\/logo\/image\/"},"sameAs":["https:\/\/www.facebook.com\/La-Sentinelle-104059864394773"]},{"@type":"Person","@id":"https:\/\/lasentinelle.dz\/#\/schema\/person\/d865044e22e70a75174ce8bcad3acfb3","name":"La Sentinelle","image":{"@type":"ImageObject","inLanguage":"fr-FR","@id":"https:\/\/secure.gravatar.com\/avatar\/57de8e5d4b15d43fb361a71fbb36338450fe67865b528a43dd10ef7c51a20392?s=96&d=mm&r=g","url":"https:\/\/secure.gravatar.com\/avatar\/57de8e5d4b15d43fb361a71fbb36338450fe67865b528a43dd10ef7c51a20392?s=96&d=mm&r=g","contentUrl":"https:\/\/secure.gravatar.com\/avatar\/57de8e5d4b15d43fb361a71fbb36338450fe67865b528a43dd10ef7c51a20392?s=96&d=mm&r=g","caption":"La Sentinelle"},"sameAs":["http:\/\/www.lasentinelle.dz"],"url":"https:\/\/lasentinelle.dz\/author\/redaction\/"}]}},"_links":{"self":[{"href":"https:\/\/lasentinelle.dz\/index.php\/wp-json\/wp\/v2\/posts\/41747","targetHints":{"allow":["GET"]}}],"collection":[{"href":"https:\/\/lasentinelle.dz\/index.php\/wp-json\/wp\/v2\/posts"}],"about":[{"href":"https:\/\/lasentinelle.dz\/index.php\/wp-json\/wp\/v2\/types\/post"}],"author":[{"embeddable":true,"href":"https:\/\/lasentinelle.dz\/index.php\/wp-json\/wp\/v2\/users\/3"}],"replies":[{"embeddable":true,"href":"https:\/\/lasentinelle.dz\/index.php\/wp-json\/wp\/v2\/comments?post=41747"}],"version-history":[{"count":1,"href":"https:\/\/lasentinelle.dz\/index.php\/wp-json\/wp\/v2\/posts\/41747\/revisions"}],"predecessor-version":[{"id":41751,"href":"https:\/\/lasentinelle.dz\/index.php\/wp-json\/wp\/v2\/posts\/41747\/revisions\/41751"}],"wp:featuredmedia":[{"embeddable":true,"href":"https:\/\/lasentinelle.dz\/index.php\/wp-json\/wp\/v2\/media\/41750"}],"wp:attachment":[{"href":"https:\/\/lasentinelle.dz\/index.php\/wp-json\/wp\/v2\/media?parent=41747"}],"wp:term":[{"taxonomy":"category","embeddable":true,"href":"https:\/\/lasentinelle.dz\/index.php\/wp-json\/wp\/v2\/categories?post=41747"},{"taxonomy":"post_tag","embeddable":true,"href":"https:\/\/lasentinelle.dz\/index.php\/wp-json\/wp\/v2\/tags?post=41747"}],"curies":[{"name":"wp","href":"https:\/\/api.w.org\/{rel}","templated":true}]}}