{"id":41775,"date":"2023-05-27T22:15:00","date_gmt":"2023-05-27T21:15:00","guid":{"rendered":"https:\/\/lasentinelle.dz\/?p=41775"},"modified":"2023-05-27T21:21:00","modified_gmt":"2023-05-27T20:21:00","slug":"habitat-vers-la-distribution-dun-million-de-logements-avant-2024","status":"publish","type":"post","link":"https:\/\/lasentinelle.dz\/index.php\/2023\/05\/27\/habitat-vers-la-distribution-dun-million-de-logements-avant-2024\/","title":{"rendered":"Habitat\u00a0: Vers la distribution d&rsquo;un million de logements avant 2024"},"content":{"rendered":"\n<p>Le ministre de l\u2019Habitat, de l\u2019Urbanisme et de la Ville a annonc\u00e9, hier dans un entretien \u00e0 la T\u00e9l\u00e9vision nationale, que son secteur mise sur la distribution de plus d\u2019un million de logements, r\u00e9alis\u00e9s dans le cadre des diff\u00e9rents programmes publics, seront distribu\u00e9s cette ann\u00e9e.<\/p>\n\n\n\n<p>Le ministre a soulign\u00e9 que le secteur a connu une dynamique particuli\u00e8re a connu la concr\u00e9tisation de \u00ab\u00a0programmes massifs\u00a0\u00bb entre 2020 et 2022, ce qui a permis la distribution de plus de 920 000 unit\u00e9s de logement, confirmant la volont\u00e9 de porter ce chiffre \u00e0 un million d&rsquo;unit\u00e9s avant 2024. Il a expliqu\u00e9 dans ce sens que le nombre de logements en cours de r\u00e9alisation est actuellement estim\u00e9 \u00e0 700 000 unit\u00e9s dans diff\u00e9rentes formules, en faisant r\u00e9f\u00e9rence au programme \u00e9tabli dans le cadre de la loi de finances pour 2023, qui pr\u00e9voit la construction de 225 000 unit\u00e9s de logement.<\/p>\n\n\n\n<p>Avec le lancement du programme qui sera \u00e9tabli dans le cadre de la loi de finances pour 2024, le nombre total de logements en cours de r\u00e9alisation atteindra un million d&rsquo;unit\u00e9s, pr\u00e9cise-t-il. Ces projets sont r\u00e9alis\u00e9s \u00e0 un rythme acc\u00e9l\u00e9r\u00e9 et satisfaisant, bien que certains chantiers connaissent des arr\u00eats de travail , a ajout\u00e9 M. Belaribi.<\/p>\n\n\n\n<p>Concernant les objectifs de l&rsquo;ann\u00e9e en cours, 2023, le ministre a confirm\u00e9 que son d\u00e9partement mise sur la r\u00e9alisation des m\u00eames r\u00e9sultats enregistr\u00e9s en 2022, qui ont vu la distribution de 417 000 unit\u00e9s de logement, contribuant ainsi \u00e0 soulager la demande de logement au niveau national.<\/p>\n\n\n\n<p>Dans ce contexte, il a soulign\u00e9 l&rsquo;importance de la grande op\u00e9ration de distribution de logements qui sera lanc\u00e9e le 5 juillet prochain \u00e0 l&rsquo;occasion de la f\u00eate de l&rsquo;ind\u00e9pendance et de la jeunesse dans toutes les wilayas du pays.<\/p>\n\n\n\n<p>M. Belaribi a insist\u00e9 dans ce contexte sur la n\u00e9cessit\u00e9 pour tous les acteurs du secteur de continuer \u00e0 travailler pour r\u00e9pondre aux demandes et mettre en \u0153uvre le programme pr\u00e9vu \u00ab\u00a0\u00e0 un rythme et avec une qualit\u00e9 satisfaisants\u00a0\u00bb.<\/p>\n\n\n\n<p>Il a \u00e9galement abord\u00e9 d&rsquo;autres dossiers importants dans le secteur, tels que la cr\u00e9ation de la Banque nationale du logement et la num\u00e9risation du secteur dans le cadre des efforts visant \u00e0 \u00e9liminer la bureaucratie, ainsi que le programme destin\u00e9 aux wilayas du Sud, en particulier les dix nouvelles wilayas.<\/p>\n\n\n\n<p>Dans ce contexte, M. Belaribi a r\u00e9v\u00e9l\u00e9 des projets lanc\u00e9s par le secteur pour la r\u00e9alisation de 2 400 unit\u00e9s de logement dans la wilaya d&rsquo;Ouargla, pour la premi\u00e8re fois, dans le cadre d&rsquo;une vision \u00e0 long terme visant \u00e0 construire de nouvelles villes d&rsquo;ici 2040 et 2045 dans cette wilaya du Sud. Enfin, en ce qui concerne les installations sportives pr\u00e9vues dans les wilayas du Sud, M. Belaribi a d\u00e9clar\u00e9 que les assiettes fonci\u00e8res n\u00e9cessaires \u00e0 la r\u00e9alisation de deux stades dans les wilayas de B\u00e9char et Ouargla ont \u00e9t\u00e9 identifi\u00e9es, ajoutant que ces stades seront conformes aux normes internationales, \u00e0 l&rsquo;instar de ce qui a \u00e9t\u00e9 r\u00e9alis\u00e9 dans la Capitale, Oran et Tizi Ouzou.<\/p>\n\n\n\n<p><strong>Chokri Hafed<\/strong><\/p>\n","protected":false},"excerpt":{"rendered":"<p>Le ministre de l\u2019Habitat, de l\u2019Urbanisme et de la Ville a annonc\u00e9, hier dans un entretien \u00e0 la T\u00e9l\u00e9vision nationale,<\/p>\n","protected":false},"author":3,"featured_media":41776,"comment_status":"open","ping_status":"closed","sticky":false,"template":"","format":"standard","meta":{"colormag_page_container_layout":"default_layout","colormag_page_sidebar_layout":"default_layout","om_disable_all_campaigns":false,"_monsterinsights_skip_tracking":false,"_monsterinsights_sitenote_active":false,"_monsterinsights_sitenote_note":"","_monsterinsights_sitenote_category":0,"footnotes":"","_wpscppro_dont_share_socialmedia":false,"_wpscppro_custom_social_share_image":0,"_facebook_share_type":"","_twitter_share_type":"","_linkedin_share_type":"","_pinterest_share_type":"","_linkedin_share_type_page":"","_instagram_share_type":"","_medium_share_type":"","_threads_share_type":"","_google_business_share_type":"","_selected_social_profile":[],"_wpsp_enable_custom_social_template":false,"_wpsp_social_scheduling":{"enabled":false,"datetime":null,"platforms":[],"status":"template_only","dateOption":"today","timeOption":"now","customDays":"","customHours":"","customDate":"","customTime":"","schedulingType":"absolute"},"_wpsp_active_default_template":true},"categories":[52,27],"tags":[],"class_list":["post-41775","post","type-post","status-publish","format-standard","has-post-thumbnail","hentry","category-a-la-une","category-actualite"],"aioseo_notices":[],"yoast_head":"<!-- This site is optimized with the Yoast SEO plugin v27.5 - https:\/\/yoast.com\/product\/yoast-seo-wordpress\/ -->\n<title>Habitat\u00a0: Vers la distribution d&rsquo;un million de logements avant 2024 - La Sentinelle<\/title>\n<meta name=\"robots\" content=\"index, follow, max-snippet:-1, max-image-preview:large, max-video-preview:-1\" \/>\n<link rel=\"canonical\" href=\"https:\/\/lasentinelle.dz\/index.php\/2023\/05\/27\/habitat-vers-la-distribution-dun-million-de-logements-avant-2024\/\" \/>\n<meta property=\"og:locale\" content=\"fr_FR\" \/>\n<meta property=\"og:type\" content=\"article\" \/>\n<meta property=\"og:title\" content=\"Habitat\u00a0: Vers la distribution d&rsquo;un million de logements avant 2024 - La Sentinelle\" \/>\n<meta property=\"og:description\" content=\"Le ministre de l\u2019Habitat, de l\u2019Urbanisme et de la Ville a annonc\u00e9, hier dans un entretien \u00e0 la T\u00e9l\u00e9vision nationale,\" \/>\n<meta property=\"og:url\" content=\"https:\/\/lasentinelle.dz\/index.php\/2023\/05\/27\/habitat-vers-la-distribution-dun-million-de-logements-avant-2024\/\" \/>\n<meta property=\"og:site_name\" content=\"La Sentinelle\" \/>\n<meta property=\"article:publisher\" content=\"https:\/\/www.facebook.com\/La-Sentinelle-104059864394773\" \/>\n<meta property=\"article:published_time\" content=\"2023-05-27T21:15:00+00:00\" \/>\n<meta property=\"og:image\" content=\"https:\/\/lasentinelle.dz\/wp-content\/uploads\/2023\/05\/logement.png\" \/>\n\t<meta property=\"og:image:width\" content=\"1491\" \/>\n\t<meta property=\"og:image:height\" content=\"900\" \/>\n\t<meta property=\"og:image:type\" content=\"image\/png\" \/>\n<meta name=\"author\" content=\"La Sentinelle\" \/>\n<meta name=\"twitter:card\" content=\"summary_large_image\" \/>\n<meta name=\"twitter:label1\" content=\"\u00c9crit par\" \/>\n\t<meta name=\"twitter:data1\" content=\"La Sentinelle\" \/>\n\t<meta name=\"twitter:label2\" content=\"Dur\u00e9e de lecture estim\u00e9e\" \/>\n\t<meta name=\"twitter:data2\" content=\"3 minutes\" \/>\n<script type=\"application\/ld+json\" class=\"yoast-schema-graph\">{\"@context\":\"https:\\\/\\\/schema.org\",\"@graph\":[{\"@type\":\"Article\",\"@id\":\"https:\\\/\\\/lasentinelle.dz\\\/index.php\\\/2023\\\/05\\\/27\\\/habitat-vers-la-distribution-dun-million-de-logements-avant-2024\\\/#article\",\"isPartOf\":{\"@id\":\"https:\\\/\\\/lasentinelle.dz\\\/index.php\\\/2023\\\/05\\\/27\\\/habitat-vers-la-distribution-dun-million-de-logements-avant-2024\\\/\"},\"author\":{\"name\":\"La Sentinelle\",\"@id\":\"https:\\\/\\\/lasentinelle.dz\\\/#\\\/schema\\\/person\\\/d865044e22e70a75174ce8bcad3acfb3\"},\"headline\":\"Habitat\u00a0: Vers la distribution d&rsquo;un million de logements avant 2024\",\"datePublished\":\"2023-05-27T21:15:00+00:00\",\"mainEntityOfPage\":{\"@id\":\"https:\\\/\\\/lasentinelle.dz\\\/index.php\\\/2023\\\/05\\\/27\\\/habitat-vers-la-distribution-dun-million-de-logements-avant-2024\\\/\"},\"wordCount\":542,\"commentCount\":0,\"publisher\":{\"@id\":\"https:\\\/\\\/lasentinelle.dz\\\/#organization\"},\"image\":{\"@id\":\"https:\\\/\\\/lasentinelle.dz\\\/index.php\\\/2023\\\/05\\\/27\\\/habitat-vers-la-distribution-dun-million-de-logements-avant-2024\\\/#primaryimage\"},\"thumbnailUrl\":\"https:\\\/\\\/lasentinelle.dz\\\/wp-content\\\/uploads\\\/2023\\\/05\\\/logement.png\",\"articleSection\":[\"\u00c0 la Une\",\"Actualit\u00e9\"],\"inLanguage\":\"fr-FR\",\"potentialAction\":[{\"@type\":\"CommentAction\",\"name\":\"Comment\",\"target\":[\"https:\\\/\\\/lasentinelle.dz\\\/index.php\\\/2023\\\/05\\\/27\\\/habitat-vers-la-distribution-dun-million-de-logements-avant-2024\\\/#respond\"]}]},{\"@type\":\"WebPage\",\"@id\":\"https:\\\/\\\/lasentinelle.dz\\\/index.php\\\/2023\\\/05\\\/27\\\/habitat-vers-la-distribution-dun-million-de-logements-avant-2024\\\/\",\"url\":\"https:\\\/\\\/lasentinelle.dz\\\/index.php\\\/2023\\\/05\\\/27\\\/habitat-vers-la-distribution-dun-million-de-logements-avant-2024\\\/\",\"name\":\"Habitat\u00a0: Vers la distribution d&rsquo;un million de logements avant 2024 - La Sentinelle\",\"isPartOf\":{\"@id\":\"https:\\\/\\\/lasentinelle.dz\\\/#website\"},\"primaryImageOfPage\":{\"@id\":\"https:\\\/\\\/lasentinelle.dz\\\/index.php\\\/2023\\\/05\\\/27\\\/habitat-vers-la-distribution-dun-million-de-logements-avant-2024\\\/#primaryimage\"},\"image\":{\"@id\":\"https:\\\/\\\/lasentinelle.dz\\\/index.php\\\/2023\\\/05\\\/27\\\/habitat-vers-la-distribution-dun-million-de-logements-avant-2024\\\/#primaryimage\"},\"thumbnailUrl\":\"https:\\\/\\\/lasentinelle.dz\\\/wp-content\\\/uploads\\\/2023\\\/05\\\/logement.png\",\"datePublished\":\"2023-05-27T21:15:00+00:00\",\"breadcrumb\":{\"@id\":\"https:\\\/\\\/lasentinelle.dz\\\/index.php\\\/2023\\\/05\\\/27\\\/habitat-vers-la-distribution-dun-million-de-logements-avant-2024\\\/#breadcrumb\"},\"inLanguage\":\"fr-FR\",\"potentialAction\":[{\"@type\":\"ReadAction\",\"target\":[\"https:\\\/\\\/lasentinelle.dz\\\/index.php\\\/2023\\\/05\\\/27\\\/habitat-vers-la-distribution-dun-million-de-logements-avant-2024\\\/\"]}]},{\"@type\":\"ImageObject\",\"inLanguage\":\"fr-FR\",\"@id\":\"https:\\\/\\\/lasentinelle.dz\\\/index.php\\\/2023\\\/05\\\/27\\\/habitat-vers-la-distribution-dun-million-de-logements-avant-2024\\\/#primaryimage\",\"url\":\"https:\\\/\\\/lasentinelle.dz\\\/wp-content\\\/uploads\\\/2023\\\/05\\\/logement.png\",\"contentUrl\":\"https:\\\/\\\/lasentinelle.dz\\\/wp-content\\\/uploads\\\/2023\\\/05\\\/logement.png\",\"width\":1491,\"height\":900},{\"@type\":\"BreadcrumbList\",\"@id\":\"https:\\\/\\\/lasentinelle.dz\\\/index.php\\\/2023\\\/05\\\/27\\\/habitat-vers-la-distribution-dun-million-de-logements-avant-2024\\\/#breadcrumb\",\"itemListElement\":[{\"@type\":\"ListItem\",\"position\":1,\"name\":\"Accueil\",\"item\":\"https:\\\/\\\/lasentinelle.dz\\\/\"},{\"@type\":\"ListItem\",\"position\":2,\"name\":\"Habitat\u00a0: Vers la distribution d&rsquo;un million de logements avant 2024\"}]},{\"@type\":\"WebSite\",\"@id\":\"https:\\\/\\\/lasentinelle.dz\\\/#website\",\"url\":\"https:\\\/\\\/lasentinelle.dz\\\/\",\"name\":\"La Sentinelle\",\"description\":\"Quotidien national d&#039;information\",\"publisher\":{\"@id\":\"https:\\\/\\\/lasentinelle.dz\\\/#organization\"},\"potentialAction\":[{\"@type\":\"SearchAction\",\"target\":{\"@type\":\"EntryPoint\",\"urlTemplate\":\"https:\\\/\\\/lasentinelle.dz\\\/?s={search_term_string}\"},\"query-input\":{\"@type\":\"PropertyValueSpecification\",\"valueRequired\":true,\"valueName\":\"search_term_string\"}}],\"inLanguage\":\"fr-FR\"},{\"@type\":\"Organization\",\"@id\":\"https:\\\/\\\/lasentinelle.dz\\\/#organization\",\"name\":\"Quotidien La Sentinelle\",\"url\":\"https:\\\/\\\/lasentinelle.dz\\\/\",\"logo\":{\"@type\":\"ImageObject\",\"inLanguage\":\"fr-FR\",\"@id\":\"https:\\\/\\\/lasentinelle.dz\\\/#\\\/schema\\\/logo\\\/image\\\/\",\"url\":\"https:\\\/\\\/lasentinelle.dz\\\/wp-content\\\/uploads\\\/2021\\\/09\\\/logo-sentinelleSLOGAN-1.png\",\"contentUrl\":\"https:\\\/\\\/lasentinelle.dz\\\/wp-content\\\/uploads\\\/2021\\\/09\\\/logo-sentinelleSLOGAN-1.png\",\"width\":615,\"height\":142,\"caption\":\"Quotidien La Sentinelle\"},\"image\":{\"@id\":\"https:\\\/\\\/lasentinelle.dz\\\/#\\\/schema\\\/logo\\\/image\\\/\"},\"sameAs\":[\"https:\\\/\\\/www.facebook.com\\\/La-Sentinelle-104059864394773\"]},{\"@type\":\"Person\",\"@id\":\"https:\\\/\\\/lasentinelle.dz\\\/#\\\/schema\\\/person\\\/d865044e22e70a75174ce8bcad3acfb3\",\"name\":\"La Sentinelle\",\"image\":{\"@type\":\"ImageObject\",\"inLanguage\":\"fr-FR\",\"@id\":\"https:\\\/\\\/secure.gravatar.com\\\/avatar\\\/57de8e5d4b15d43fb361a71fbb36338450fe67865b528a43dd10ef7c51a20392?s=96&d=mm&r=g\",\"url\":\"https:\\\/\\\/secure.gravatar.com\\\/avatar\\\/57de8e5d4b15d43fb361a71fbb36338450fe67865b528a43dd10ef7c51a20392?s=96&d=mm&r=g\",\"contentUrl\":\"https:\\\/\\\/secure.gravatar.com\\\/avatar\\\/57de8e5d4b15d43fb361a71fbb36338450fe67865b528a43dd10ef7c51a20392?s=96&d=mm&r=g\",\"caption\":\"La Sentinelle\"},\"sameAs\":[\"http:\\\/\\\/www.lasentinelle.dz\"],\"url\":\"https:\\\/\\\/lasentinelle.dz\\\/author\\\/redaction\\\/\"}]}<\/script>\n<!-- \/ Yoast SEO plugin. -->","yoast_head_json":{"title":"Habitat\u00a0: Vers la distribution d&rsquo;un million de logements avant 2024 - La Sentinelle","robots":{"index":"index","follow":"follow","max-snippet":"max-snippet:-1","max-image-preview":"max-image-preview:large","max-video-preview":"max-video-preview:-1"},"canonical":"https:\/\/lasentinelle.dz\/index.php\/2023\/05\/27\/habitat-vers-la-distribution-dun-million-de-logements-avant-2024\/","og_locale":"fr_FR","og_type":"article","og_title":"Habitat\u00a0: Vers la distribution d&rsquo;un million de logements avant 2024 - La Sentinelle","og_description":"Le ministre de l\u2019Habitat, de l\u2019Urbanisme et de la Ville a annonc\u00e9, hier dans un entretien \u00e0 la T\u00e9l\u00e9vision nationale,","og_url":"https:\/\/lasentinelle.dz\/index.php\/2023\/05\/27\/habitat-vers-la-distribution-dun-million-de-logements-avant-2024\/","og_site_name":"La Sentinelle","article_publisher":"https:\/\/www.facebook.com\/La-Sentinelle-104059864394773","article_published_time":"2023-05-27T21:15:00+00:00","og_image":[{"width":1491,"height":900,"url":"https:\/\/lasentinelle.dz\/wp-content\/uploads\/2023\/05\/logement.png","type":"image\/png"}],"author":"La Sentinelle","twitter_card":"summary_large_image","twitter_misc":{"\u00c9crit par":"La Sentinelle","Dur\u00e9e de lecture estim\u00e9e":"3 minutes"},"schema":{"@context":"https:\/\/schema.org","@graph":[{"@type":"Article","@id":"https:\/\/lasentinelle.dz\/index.php\/2023\/05\/27\/habitat-vers-la-distribution-dun-million-de-logements-avant-2024\/#article","isPartOf":{"@id":"https:\/\/lasentinelle.dz\/index.php\/2023\/05\/27\/habitat-vers-la-distribution-dun-million-de-logements-avant-2024\/"},"author":{"name":"La Sentinelle","@id":"https:\/\/lasentinelle.dz\/#\/schema\/person\/d865044e22e70a75174ce8bcad3acfb3"},"headline":"Habitat\u00a0: Vers la distribution d&rsquo;un million de logements avant 2024","datePublished":"2023-05-27T21:15:00+00:00","mainEntityOfPage":{"@id":"https:\/\/lasentinelle.dz\/index.php\/2023\/05\/27\/habitat-vers-la-distribution-dun-million-de-logements-avant-2024\/"},"wordCount":542,"commentCount":0,"publisher":{"@id":"https:\/\/lasentinelle.dz\/#organization"},"image":{"@id":"https:\/\/lasentinelle.dz\/index.php\/2023\/05\/27\/habitat-vers-la-distribution-dun-million-de-logements-avant-2024\/#primaryimage"},"thumbnailUrl":"https:\/\/lasentinelle.dz\/wp-content\/uploads\/2023\/05\/logement.png","articleSection":["\u00c0 la Une","Actualit\u00e9"],"inLanguage":"fr-FR","potentialAction":[{"@type":"CommentAction","name":"Comment","target":["https:\/\/lasentinelle.dz\/index.php\/2023\/05\/27\/habitat-vers-la-distribution-dun-million-de-logements-avant-2024\/#respond"]}]},{"@type":"WebPage","@id":"https:\/\/lasentinelle.dz\/index.php\/2023\/05\/27\/habitat-vers-la-distribution-dun-million-de-logements-avant-2024\/","url":"https:\/\/lasentinelle.dz\/index.php\/2023\/05\/27\/habitat-vers-la-distribution-dun-million-de-logements-avant-2024\/","name":"Habitat\u00a0: Vers la distribution d&rsquo;un million de logements avant 2024 - La Sentinelle","isPartOf":{"@id":"https:\/\/lasentinelle.dz\/#website"},"primaryImageOfPage":{"@id":"https:\/\/lasentinelle.dz\/index.php\/2023\/05\/27\/habitat-vers-la-distribution-dun-million-de-logements-avant-2024\/#primaryimage"},"image":{"@id":"https:\/\/lasentinelle.dz\/index.php\/2023\/05\/27\/habitat-vers-la-distribution-dun-million-de-logements-avant-2024\/#primaryimage"},"thumbnailUrl":"https:\/\/lasentinelle.dz\/wp-content\/uploads\/2023\/05\/logement.png","datePublished":"2023-05-27T21:15:00+00:00","breadcrumb":{"@id":"https:\/\/lasentinelle.dz\/index.php\/2023\/05\/27\/habitat-vers-la-distribution-dun-million-de-logements-avant-2024\/#breadcrumb"},"inLanguage":"fr-FR","potentialAction":[{"@type":"ReadAction","target":["https:\/\/lasentinelle.dz\/index.php\/2023\/05\/27\/habitat-vers-la-distribution-dun-million-de-logements-avant-2024\/"]}]},{"@type":"ImageObject","inLanguage":"fr-FR","@id":"https:\/\/lasentinelle.dz\/index.php\/2023\/05\/27\/habitat-vers-la-distribution-dun-million-de-logements-avant-2024\/#primaryimage","url":"https:\/\/lasentinelle.dz\/wp-content\/uploads\/2023\/05\/logement.png","contentUrl":"https:\/\/lasentinelle.dz\/wp-content\/uploads\/2023\/05\/logement.png","width":1491,"height":900},{"@type":"BreadcrumbList","@id":"https:\/\/lasentinelle.dz\/index.php\/2023\/05\/27\/habitat-vers-la-distribution-dun-million-de-logements-avant-2024\/#breadcrumb","itemListElement":[{"@type":"ListItem","position":1,"name":"Accueil","item":"https:\/\/lasentinelle.dz\/"},{"@type":"ListItem","position":2,"name":"Habitat\u00a0: Vers la distribution d&rsquo;un million de logements avant 2024"}]},{"@type":"WebSite","@id":"https:\/\/lasentinelle.dz\/#website","url":"https:\/\/lasentinelle.dz\/","name":"La Sentinelle","description":"Quotidien national d&#039;information","publisher":{"@id":"https:\/\/lasentinelle.dz\/#organization"},"potentialAction":[{"@type":"SearchAction","target":{"@type":"EntryPoint","urlTemplate":"https:\/\/lasentinelle.dz\/?s={search_term_string}"},"query-input":{"@type":"PropertyValueSpecification","valueRequired":true,"valueName":"search_term_string"}}],"inLanguage":"fr-FR"},{"@type":"Organization","@id":"https:\/\/lasentinelle.dz\/#organization","name":"Quotidien La Sentinelle","url":"https:\/\/lasentinelle.dz\/","logo":{"@type":"ImageObject","inLanguage":"fr-FR","@id":"https:\/\/lasentinelle.dz\/#\/schema\/logo\/image\/","url":"https:\/\/lasentinelle.dz\/wp-content\/uploads\/2021\/09\/logo-sentinelleSLOGAN-1.png","contentUrl":"https:\/\/lasentinelle.dz\/wp-content\/uploads\/2021\/09\/logo-sentinelleSLOGAN-1.png","width":615,"height":142,"caption":"Quotidien La Sentinelle"},"image":{"@id":"https:\/\/lasentinelle.dz\/#\/schema\/logo\/image\/"},"sameAs":["https:\/\/www.facebook.com\/La-Sentinelle-104059864394773"]},{"@type":"Person","@id":"https:\/\/lasentinelle.dz\/#\/schema\/person\/d865044e22e70a75174ce8bcad3acfb3","name":"La Sentinelle","image":{"@type":"ImageObject","inLanguage":"fr-FR","@id":"https:\/\/secure.gravatar.com\/avatar\/57de8e5d4b15d43fb361a71fbb36338450fe67865b528a43dd10ef7c51a20392?s=96&d=mm&r=g","url":"https:\/\/secure.gravatar.com\/avatar\/57de8e5d4b15d43fb361a71fbb36338450fe67865b528a43dd10ef7c51a20392?s=96&d=mm&r=g","contentUrl":"https:\/\/secure.gravatar.com\/avatar\/57de8e5d4b15d43fb361a71fbb36338450fe67865b528a43dd10ef7c51a20392?s=96&d=mm&r=g","caption":"La Sentinelle"},"sameAs":["http:\/\/www.lasentinelle.dz"],"url":"https:\/\/lasentinelle.dz\/author\/redaction\/"}]}},"_links":{"self":[{"href":"https:\/\/lasentinelle.dz\/index.php\/wp-json\/wp\/v2\/posts\/41775","targetHints":{"allow":["GET"]}}],"collection":[{"href":"https:\/\/lasentinelle.dz\/index.php\/wp-json\/wp\/v2\/posts"}],"about":[{"href":"https:\/\/lasentinelle.dz\/index.php\/wp-json\/wp\/v2\/types\/post"}],"author":[{"embeddable":true,"href":"https:\/\/lasentinelle.dz\/index.php\/wp-json\/wp\/v2\/users\/3"}],"replies":[{"embeddable":true,"href":"https:\/\/lasentinelle.dz\/index.php\/wp-json\/wp\/v2\/comments?post=41775"}],"version-history":[{"count":2,"href":"https:\/\/lasentinelle.dz\/index.php\/wp-json\/wp\/v2\/posts\/41775\/revisions"}],"predecessor-version":[{"id":41788,"href":"https:\/\/lasentinelle.dz\/index.php\/wp-json\/wp\/v2\/posts\/41775\/revisions\/41788"}],"wp:featuredmedia":[{"embeddable":true,"href":"https:\/\/lasentinelle.dz\/index.php\/wp-json\/wp\/v2\/media\/41776"}],"wp:attachment":[{"href":"https:\/\/lasentinelle.dz\/index.php\/wp-json\/wp\/v2\/media?parent=41775"}],"wp:term":[{"taxonomy":"category","embeddable":true,"href":"https:\/\/lasentinelle.dz\/index.php\/wp-json\/wp\/v2\/categories?post=41775"},{"taxonomy":"post_tag","embeddable":true,"href":"https:\/\/lasentinelle.dz\/index.php\/wp-json\/wp\/v2\/tags?post=41775"}],"curies":[{"name":"wp","href":"https:\/\/api.w.org\/{rel}","templated":true}]}}