{"id":41797,"date":"2023-05-28T22:05:00","date_gmt":"2023-05-28T21:05:00","guid":{"rendered":"https:\/\/lasentinelle.dz\/?p=41797"},"modified":"2023-05-28T16:03:53","modified_gmt":"2023-05-28T15:03:53","slug":"soudan-le-bilan-des-affrontements-salourdit-a-866-morts","status":"publish","type":"post","link":"https:\/\/lasentinelle.dz\/index.php\/2023\/05\/28\/soudan-le-bilan-des-affrontements-salourdit-a-866-morts\/","title":{"rendered":"Soudan\u00a0: Le bilan des affrontements s&rsquo;alourdit \u00e0 866 morts"},"content":{"rendered":"\n<p>Le Syndicat des m\u00e9decins soudanais a annonc\u00e9, hier, que le bilan des morts parmi les civils s&rsquo;est \u00e9lev\u00e9 \u00e0 866, \u00e0 la suite des affrontements entre l&rsquo;arm\u00e9e soudanaise et les Forces de soutien rapide depuis mi-avril.<\/p>\n\n\n\n<p>\u00ab\u00a0Depuis le d\u00e9but des affrontements, le nombre des civils tu\u00e9s est pass\u00e9 \u00e0 866, tandis que 3.721 autres comptent parmi les bless\u00e9s\u00a0\u00bb, a indiqu\u00e9 le syndicat dans un communiqu\u00e9 cit\u00e9 par l\u2019agence de presse turque Anadolu. \u00a0\u00bbPlusieurs morts et bless\u00e9s ne sont pas comptabilis\u00e9s dans ce dernier bilan car ils ne pouvaient \u00eatre transf\u00e9r\u00e9s vers les h\u00f4pitaux en raison de la situation s\u00e9curitaire qui pr\u00e9vaut dans le pays\u00a0\u00bb, a pr\u00e9cis\u00e9 le communiqu\u00e9.<\/p>\n\n\n\n<p>Le 22 mai, un nouvel accord de cessez-le-feu d&rsquo;une semaine entre les deux parties est entr\u00e9 en vigueur. Cependant, Cet \u00e9ni\u00e8me cessez-le-feu entr\u00e9 en vigueur lundi soir pour laisser passer civils en fuite et aide humanitaire n&rsquo;a pas abouti \u00e0 une baisse significative des combats, \u00e0 l&rsquo;image des pr\u00e9c\u00e9dentes tr\u00eaves. Washington et Ryad ont appel\u00e9 les deux camps \u00e0 poursuivre leurs discussions pour prolonger la tr\u00eave qui doit s&rsquo;achever lundi \u00e0 21H45 locales (19H45 GMT), a rapport\u00e9 dans la nuit de samedi \u00e0 dimanche l&rsquo;agence de presse officielle saoudienne SPA. Des combats meurtriers opposant l&rsquo;arm\u00e9e r\u00e9guli\u00e8re fid\u00e8le au g\u00e9n\u00e9ral Abdel Fattah Al-Burhan aux paramilitaires des Forces de soutien rapide men\u00e9s par le g\u00e9n\u00e9ral Hemedti, se poursuivent depuis le 15 avril au Soudan. Les deux camps s\u2019accusent mutuellement d\u2019avoir d\u00e9clench\u00e9 les hostilit\u00e9s.<\/p>\n\n\n\n<p>La guerre a fait plus de 1.800 morts, selon l&rsquo;ONG ACLED. Et, selon l&rsquo;ONU, plus d&rsquo;un million de d\u00e9plac\u00e9s et de 300.000 r\u00e9fugi\u00e9s.<\/p>\n\n\n\n<p>Le patron du Haut-Commissariat de l&rsquo;ONU pour les r\u00e9fugi\u00e9s, Filippo Grandi, en visite en Egypte, a appel\u00e9 les deux campsrivaux \u00ab\u00a0\u00e0 \u00e9couter les histoires tragiques des r\u00e9fugi\u00e9s\u00a0\u00bb. \u00ab\u00a0S&rsquo;ils pensent vraiment au peuple, ils doivent cesser de se battre tout de suite\u00a0\u00bb, a-t-il ajout\u00e9.<\/p>\n\n\n\n<p>R.I.<\/p>\n","protected":false},"excerpt":{"rendered":"<p>Le Syndicat des m\u00e9decins soudanais a annonc\u00e9, hier, que le bilan des morts parmi les civils s&rsquo;est \u00e9lev\u00e9 \u00e0 866,<\/p>\n","protected":false},"author":3,"featured_media":41798,"comment_status":"open","ping_status":"closed","sticky":false,"template":"","format":"standard","meta":{"colormag_page_container_layout":"default_layout","colormag_page_sidebar_layout":"default_layout","om_disable_all_campaigns":false,"_monsterinsights_skip_tracking":false,"_monsterinsights_sitenote_active":false,"_monsterinsights_sitenote_note":"","_monsterinsights_sitenote_category":0,"footnotes":"","_wpscppro_dont_share_socialmedia":false,"_wpscppro_custom_social_share_image":0,"_facebook_share_type":"","_twitter_share_type":"","_linkedin_share_type":"","_pinterest_share_type":"","_linkedin_share_type_page":"","_instagram_share_type":"","_medium_share_type":"","_threads_share_type":"","_google_business_share_type":"","_selected_social_profile":[],"_wpsp_enable_custom_social_template":false,"_wpsp_social_scheduling":{"enabled":false,"datetime":null,"platforms":[],"status":"template_only","dateOption":"today","timeOption":"now","customDays":"","customHours":"","customDate":"","customTime":"","schedulingType":"absolute"},"_wpsp_active_default_template":true},"categories":[37],"tags":[],"class_list":["post-41797","post","type-post","status-publish","format-standard","has-post-thumbnail","hentry","category-monde"],"aioseo_notices":[],"yoast_head":"<!-- This site is optimized with the Yoast SEO plugin v27.5 - https:\/\/yoast.com\/product\/yoast-seo-wordpress\/ -->\n<title>Soudan\u00a0: Le bilan des affrontements s&rsquo;alourdit \u00e0 866 morts - La Sentinelle<\/title>\n<meta name=\"robots\" content=\"index, follow, max-snippet:-1, max-image-preview:large, max-video-preview:-1\" \/>\n<link rel=\"canonical\" href=\"https:\/\/lasentinelle.dz\/index.php\/2023\/05\/28\/soudan-le-bilan-des-affrontements-salourdit-a-866-morts\/\" \/>\n<meta property=\"og:locale\" content=\"fr_FR\" \/>\n<meta property=\"og:type\" content=\"article\" \/>\n<meta property=\"og:title\" content=\"Soudan\u00a0: Le bilan des affrontements s&rsquo;alourdit \u00e0 866 morts - La Sentinelle\" \/>\n<meta property=\"og:description\" content=\"Le Syndicat des m\u00e9decins soudanais a annonc\u00e9, hier, que le bilan des morts parmi les civils s&rsquo;est \u00e9lev\u00e9 \u00e0 866,\" \/>\n<meta property=\"og:url\" content=\"https:\/\/lasentinelle.dz\/index.php\/2023\/05\/28\/soudan-le-bilan-des-affrontements-salourdit-a-866-morts\/\" \/>\n<meta property=\"og:site_name\" content=\"La Sentinelle\" \/>\n<meta property=\"article:publisher\" content=\"https:\/\/www.facebook.com\/La-Sentinelle-104059864394773\" \/>\n<meta property=\"article:published_time\" content=\"2023-05-28T21:05:00+00:00\" \/>\n<meta property=\"og:image\" content=\"https:\/\/lasentinelle.dz\/wp-content\/uploads\/2023\/05\/soudan-3.png\" \/>\n\t<meta property=\"og:image:width\" content=\"1600\" \/>\n\t<meta property=\"og:image:height\" content=\"900\" \/>\n\t<meta property=\"og:image:type\" content=\"image\/png\" \/>\n<meta name=\"author\" content=\"La Sentinelle\" \/>\n<meta name=\"twitter:card\" content=\"summary_large_image\" \/>\n<meta name=\"twitter:label1\" content=\"\u00c9crit par\" \/>\n\t<meta name=\"twitter:data1\" content=\"La Sentinelle\" \/>\n\t<meta name=\"twitter:label2\" content=\"Dur\u00e9e de lecture estim\u00e9e\" \/>\n\t<meta name=\"twitter:data2\" content=\"2 minutes\" \/>\n<script type=\"application\/ld+json\" class=\"yoast-schema-graph\">{\"@context\":\"https:\\\/\\\/schema.org\",\"@graph\":[{\"@type\":\"Article\",\"@id\":\"https:\\\/\\\/lasentinelle.dz\\\/index.php\\\/2023\\\/05\\\/28\\\/soudan-le-bilan-des-affrontements-salourdit-a-866-morts\\\/#article\",\"isPartOf\":{\"@id\":\"https:\\\/\\\/lasentinelle.dz\\\/index.php\\\/2023\\\/05\\\/28\\\/soudan-le-bilan-des-affrontements-salourdit-a-866-morts\\\/\"},\"author\":{\"name\":\"La Sentinelle\",\"@id\":\"https:\\\/\\\/lasentinelle.dz\\\/#\\\/schema\\\/person\\\/d865044e22e70a75174ce8bcad3acfb3\"},\"headline\":\"Soudan\u00a0: Le bilan des affrontements s&rsquo;alourdit \u00e0 866 morts\",\"datePublished\":\"2023-05-28T21:05:00+00:00\",\"mainEntityOfPage\":{\"@id\":\"https:\\\/\\\/lasentinelle.dz\\\/index.php\\\/2023\\\/05\\\/28\\\/soudan-le-bilan-des-affrontements-salourdit-a-866-morts\\\/\"},\"wordCount\":353,\"commentCount\":0,\"publisher\":{\"@id\":\"https:\\\/\\\/lasentinelle.dz\\\/#organization\"},\"image\":{\"@id\":\"https:\\\/\\\/lasentinelle.dz\\\/index.php\\\/2023\\\/05\\\/28\\\/soudan-le-bilan-des-affrontements-salourdit-a-866-morts\\\/#primaryimage\"},\"thumbnailUrl\":\"https:\\\/\\\/lasentinelle.dz\\\/wp-content\\\/uploads\\\/2023\\\/05\\\/soudan-3.png\",\"articleSection\":[\"Monde\"],\"inLanguage\":\"fr-FR\",\"potentialAction\":[{\"@type\":\"CommentAction\",\"name\":\"Comment\",\"target\":[\"https:\\\/\\\/lasentinelle.dz\\\/index.php\\\/2023\\\/05\\\/28\\\/soudan-le-bilan-des-affrontements-salourdit-a-866-morts\\\/#respond\"]}]},{\"@type\":\"WebPage\",\"@id\":\"https:\\\/\\\/lasentinelle.dz\\\/index.php\\\/2023\\\/05\\\/28\\\/soudan-le-bilan-des-affrontements-salourdit-a-866-morts\\\/\",\"url\":\"https:\\\/\\\/lasentinelle.dz\\\/index.php\\\/2023\\\/05\\\/28\\\/soudan-le-bilan-des-affrontements-salourdit-a-866-morts\\\/\",\"name\":\"Soudan\u00a0: Le bilan des affrontements s&rsquo;alourdit \u00e0 866 morts - La Sentinelle\",\"isPartOf\":{\"@id\":\"https:\\\/\\\/lasentinelle.dz\\\/#website\"},\"primaryImageOfPage\":{\"@id\":\"https:\\\/\\\/lasentinelle.dz\\\/index.php\\\/2023\\\/05\\\/28\\\/soudan-le-bilan-des-affrontements-salourdit-a-866-morts\\\/#primaryimage\"},\"image\":{\"@id\":\"https:\\\/\\\/lasentinelle.dz\\\/index.php\\\/2023\\\/05\\\/28\\\/soudan-le-bilan-des-affrontements-salourdit-a-866-morts\\\/#primaryimage\"},\"thumbnailUrl\":\"https:\\\/\\\/lasentinelle.dz\\\/wp-content\\\/uploads\\\/2023\\\/05\\\/soudan-3.png\",\"datePublished\":\"2023-05-28T21:05:00+00:00\",\"breadcrumb\":{\"@id\":\"https:\\\/\\\/lasentinelle.dz\\\/index.php\\\/2023\\\/05\\\/28\\\/soudan-le-bilan-des-affrontements-salourdit-a-866-morts\\\/#breadcrumb\"},\"inLanguage\":\"fr-FR\",\"potentialAction\":[{\"@type\":\"ReadAction\",\"target\":[\"https:\\\/\\\/lasentinelle.dz\\\/index.php\\\/2023\\\/05\\\/28\\\/soudan-le-bilan-des-affrontements-salourdit-a-866-morts\\\/\"]}]},{\"@type\":\"ImageObject\",\"inLanguage\":\"fr-FR\",\"@id\":\"https:\\\/\\\/lasentinelle.dz\\\/index.php\\\/2023\\\/05\\\/28\\\/soudan-le-bilan-des-affrontements-salourdit-a-866-morts\\\/#primaryimage\",\"url\":\"https:\\\/\\\/lasentinelle.dz\\\/wp-content\\\/uploads\\\/2023\\\/05\\\/soudan-3.png\",\"contentUrl\":\"https:\\\/\\\/lasentinelle.dz\\\/wp-content\\\/uploads\\\/2023\\\/05\\\/soudan-3.png\",\"width\":1600,\"height\":900},{\"@type\":\"BreadcrumbList\",\"@id\":\"https:\\\/\\\/lasentinelle.dz\\\/index.php\\\/2023\\\/05\\\/28\\\/soudan-le-bilan-des-affrontements-salourdit-a-866-morts\\\/#breadcrumb\",\"itemListElement\":[{\"@type\":\"ListItem\",\"position\":1,\"name\":\"Accueil\",\"item\":\"https:\\\/\\\/lasentinelle.dz\\\/\"},{\"@type\":\"ListItem\",\"position\":2,\"name\":\"Soudan\u00a0: Le bilan des affrontements s&rsquo;alourdit \u00e0 866 morts\"}]},{\"@type\":\"WebSite\",\"@id\":\"https:\\\/\\\/lasentinelle.dz\\\/#website\",\"url\":\"https:\\\/\\\/lasentinelle.dz\\\/\",\"name\":\"La Sentinelle\",\"description\":\"Quotidien national d&#039;information\",\"publisher\":{\"@id\":\"https:\\\/\\\/lasentinelle.dz\\\/#organization\"},\"potentialAction\":[{\"@type\":\"SearchAction\",\"target\":{\"@type\":\"EntryPoint\",\"urlTemplate\":\"https:\\\/\\\/lasentinelle.dz\\\/?s={search_term_string}\"},\"query-input\":{\"@type\":\"PropertyValueSpecification\",\"valueRequired\":true,\"valueName\":\"search_term_string\"}}],\"inLanguage\":\"fr-FR\"},{\"@type\":\"Organization\",\"@id\":\"https:\\\/\\\/lasentinelle.dz\\\/#organization\",\"name\":\"Quotidien La Sentinelle\",\"url\":\"https:\\\/\\\/lasentinelle.dz\\\/\",\"logo\":{\"@type\":\"ImageObject\",\"inLanguage\":\"fr-FR\",\"@id\":\"https:\\\/\\\/lasentinelle.dz\\\/#\\\/schema\\\/logo\\\/image\\\/\",\"url\":\"https:\\\/\\\/lasentinelle.dz\\\/wp-content\\\/uploads\\\/2021\\\/09\\\/logo-sentinelleSLOGAN-1.png\",\"contentUrl\":\"https:\\\/\\\/lasentinelle.dz\\\/wp-content\\\/uploads\\\/2021\\\/09\\\/logo-sentinelleSLOGAN-1.png\",\"width\":615,\"height\":142,\"caption\":\"Quotidien La Sentinelle\"},\"image\":{\"@id\":\"https:\\\/\\\/lasentinelle.dz\\\/#\\\/schema\\\/logo\\\/image\\\/\"},\"sameAs\":[\"https:\\\/\\\/www.facebook.com\\\/La-Sentinelle-104059864394773\"]},{\"@type\":\"Person\",\"@id\":\"https:\\\/\\\/lasentinelle.dz\\\/#\\\/schema\\\/person\\\/d865044e22e70a75174ce8bcad3acfb3\",\"name\":\"La Sentinelle\",\"image\":{\"@type\":\"ImageObject\",\"inLanguage\":\"fr-FR\",\"@id\":\"https:\\\/\\\/secure.gravatar.com\\\/avatar\\\/57de8e5d4b15d43fb361a71fbb36338450fe67865b528a43dd10ef7c51a20392?s=96&d=mm&r=g\",\"url\":\"https:\\\/\\\/secure.gravatar.com\\\/avatar\\\/57de8e5d4b15d43fb361a71fbb36338450fe67865b528a43dd10ef7c51a20392?s=96&d=mm&r=g\",\"contentUrl\":\"https:\\\/\\\/secure.gravatar.com\\\/avatar\\\/57de8e5d4b15d43fb361a71fbb36338450fe67865b528a43dd10ef7c51a20392?s=96&d=mm&r=g\",\"caption\":\"La Sentinelle\"},\"sameAs\":[\"http:\\\/\\\/www.lasentinelle.dz\"],\"url\":\"https:\\\/\\\/lasentinelle.dz\\\/author\\\/redaction\\\/\"}]}<\/script>\n<!-- \/ Yoast SEO plugin. -->","yoast_head_json":{"title":"Soudan\u00a0: Le bilan des affrontements s&rsquo;alourdit \u00e0 866 morts - La Sentinelle","robots":{"index":"index","follow":"follow","max-snippet":"max-snippet:-1","max-image-preview":"max-image-preview:large","max-video-preview":"max-video-preview:-1"},"canonical":"https:\/\/lasentinelle.dz\/index.php\/2023\/05\/28\/soudan-le-bilan-des-affrontements-salourdit-a-866-morts\/","og_locale":"fr_FR","og_type":"article","og_title":"Soudan\u00a0: Le bilan des affrontements s&rsquo;alourdit \u00e0 866 morts - La Sentinelle","og_description":"Le Syndicat des m\u00e9decins soudanais a annonc\u00e9, hier, que le bilan des morts parmi les civils s&rsquo;est \u00e9lev\u00e9 \u00e0 866,","og_url":"https:\/\/lasentinelle.dz\/index.php\/2023\/05\/28\/soudan-le-bilan-des-affrontements-salourdit-a-866-morts\/","og_site_name":"La Sentinelle","article_publisher":"https:\/\/www.facebook.com\/La-Sentinelle-104059864394773","article_published_time":"2023-05-28T21:05:00+00:00","og_image":[{"width":1600,"height":900,"url":"https:\/\/lasentinelle.dz\/wp-content\/uploads\/2023\/05\/soudan-3.png","type":"image\/png"}],"author":"La Sentinelle","twitter_card":"summary_large_image","twitter_misc":{"\u00c9crit par":"La Sentinelle","Dur\u00e9e de lecture estim\u00e9e":"2 minutes"},"schema":{"@context":"https:\/\/schema.org","@graph":[{"@type":"Article","@id":"https:\/\/lasentinelle.dz\/index.php\/2023\/05\/28\/soudan-le-bilan-des-affrontements-salourdit-a-866-morts\/#article","isPartOf":{"@id":"https:\/\/lasentinelle.dz\/index.php\/2023\/05\/28\/soudan-le-bilan-des-affrontements-salourdit-a-866-morts\/"},"author":{"name":"La Sentinelle","@id":"https:\/\/lasentinelle.dz\/#\/schema\/person\/d865044e22e70a75174ce8bcad3acfb3"},"headline":"Soudan\u00a0: Le bilan des affrontements s&rsquo;alourdit \u00e0 866 morts","datePublished":"2023-05-28T21:05:00+00:00","mainEntityOfPage":{"@id":"https:\/\/lasentinelle.dz\/index.php\/2023\/05\/28\/soudan-le-bilan-des-affrontements-salourdit-a-866-morts\/"},"wordCount":353,"commentCount":0,"publisher":{"@id":"https:\/\/lasentinelle.dz\/#organization"},"image":{"@id":"https:\/\/lasentinelle.dz\/index.php\/2023\/05\/28\/soudan-le-bilan-des-affrontements-salourdit-a-866-morts\/#primaryimage"},"thumbnailUrl":"https:\/\/lasentinelle.dz\/wp-content\/uploads\/2023\/05\/soudan-3.png","articleSection":["Monde"],"inLanguage":"fr-FR","potentialAction":[{"@type":"CommentAction","name":"Comment","target":["https:\/\/lasentinelle.dz\/index.php\/2023\/05\/28\/soudan-le-bilan-des-affrontements-salourdit-a-866-morts\/#respond"]}]},{"@type":"WebPage","@id":"https:\/\/lasentinelle.dz\/index.php\/2023\/05\/28\/soudan-le-bilan-des-affrontements-salourdit-a-866-morts\/","url":"https:\/\/lasentinelle.dz\/index.php\/2023\/05\/28\/soudan-le-bilan-des-affrontements-salourdit-a-866-morts\/","name":"Soudan\u00a0: Le bilan des affrontements s&rsquo;alourdit \u00e0 866 morts - La Sentinelle","isPartOf":{"@id":"https:\/\/lasentinelle.dz\/#website"},"primaryImageOfPage":{"@id":"https:\/\/lasentinelle.dz\/index.php\/2023\/05\/28\/soudan-le-bilan-des-affrontements-salourdit-a-866-morts\/#primaryimage"},"image":{"@id":"https:\/\/lasentinelle.dz\/index.php\/2023\/05\/28\/soudan-le-bilan-des-affrontements-salourdit-a-866-morts\/#primaryimage"},"thumbnailUrl":"https:\/\/lasentinelle.dz\/wp-content\/uploads\/2023\/05\/soudan-3.png","datePublished":"2023-05-28T21:05:00+00:00","breadcrumb":{"@id":"https:\/\/lasentinelle.dz\/index.php\/2023\/05\/28\/soudan-le-bilan-des-affrontements-salourdit-a-866-morts\/#breadcrumb"},"inLanguage":"fr-FR","potentialAction":[{"@type":"ReadAction","target":["https:\/\/lasentinelle.dz\/index.php\/2023\/05\/28\/soudan-le-bilan-des-affrontements-salourdit-a-866-morts\/"]}]},{"@type":"ImageObject","inLanguage":"fr-FR","@id":"https:\/\/lasentinelle.dz\/index.php\/2023\/05\/28\/soudan-le-bilan-des-affrontements-salourdit-a-866-morts\/#primaryimage","url":"https:\/\/lasentinelle.dz\/wp-content\/uploads\/2023\/05\/soudan-3.png","contentUrl":"https:\/\/lasentinelle.dz\/wp-content\/uploads\/2023\/05\/soudan-3.png","width":1600,"height":900},{"@type":"BreadcrumbList","@id":"https:\/\/lasentinelle.dz\/index.php\/2023\/05\/28\/soudan-le-bilan-des-affrontements-salourdit-a-866-morts\/#breadcrumb","itemListElement":[{"@type":"ListItem","position":1,"name":"Accueil","item":"https:\/\/lasentinelle.dz\/"},{"@type":"ListItem","position":2,"name":"Soudan\u00a0: Le bilan des affrontements s&rsquo;alourdit \u00e0 866 morts"}]},{"@type":"WebSite","@id":"https:\/\/lasentinelle.dz\/#website","url":"https:\/\/lasentinelle.dz\/","name":"La Sentinelle","description":"Quotidien national d&#039;information","publisher":{"@id":"https:\/\/lasentinelle.dz\/#organization"},"potentialAction":[{"@type":"SearchAction","target":{"@type":"EntryPoint","urlTemplate":"https:\/\/lasentinelle.dz\/?s={search_term_string}"},"query-input":{"@type":"PropertyValueSpecification","valueRequired":true,"valueName":"search_term_string"}}],"inLanguage":"fr-FR"},{"@type":"Organization","@id":"https:\/\/lasentinelle.dz\/#organization","name":"Quotidien La Sentinelle","url":"https:\/\/lasentinelle.dz\/","logo":{"@type":"ImageObject","inLanguage":"fr-FR","@id":"https:\/\/lasentinelle.dz\/#\/schema\/logo\/image\/","url":"https:\/\/lasentinelle.dz\/wp-content\/uploads\/2021\/09\/logo-sentinelleSLOGAN-1.png","contentUrl":"https:\/\/lasentinelle.dz\/wp-content\/uploads\/2021\/09\/logo-sentinelleSLOGAN-1.png","width":615,"height":142,"caption":"Quotidien La Sentinelle"},"image":{"@id":"https:\/\/lasentinelle.dz\/#\/schema\/logo\/image\/"},"sameAs":["https:\/\/www.facebook.com\/La-Sentinelle-104059864394773"]},{"@type":"Person","@id":"https:\/\/lasentinelle.dz\/#\/schema\/person\/d865044e22e70a75174ce8bcad3acfb3","name":"La Sentinelle","image":{"@type":"ImageObject","inLanguage":"fr-FR","@id":"https:\/\/secure.gravatar.com\/avatar\/57de8e5d4b15d43fb361a71fbb36338450fe67865b528a43dd10ef7c51a20392?s=96&d=mm&r=g","url":"https:\/\/secure.gravatar.com\/avatar\/57de8e5d4b15d43fb361a71fbb36338450fe67865b528a43dd10ef7c51a20392?s=96&d=mm&r=g","contentUrl":"https:\/\/secure.gravatar.com\/avatar\/57de8e5d4b15d43fb361a71fbb36338450fe67865b528a43dd10ef7c51a20392?s=96&d=mm&r=g","caption":"La Sentinelle"},"sameAs":["http:\/\/www.lasentinelle.dz"],"url":"https:\/\/lasentinelle.dz\/author\/redaction\/"}]}},"_links":{"self":[{"href":"https:\/\/lasentinelle.dz\/index.php\/wp-json\/wp\/v2\/posts\/41797","targetHints":{"allow":["GET"]}}],"collection":[{"href":"https:\/\/lasentinelle.dz\/index.php\/wp-json\/wp\/v2\/posts"}],"about":[{"href":"https:\/\/lasentinelle.dz\/index.php\/wp-json\/wp\/v2\/types\/post"}],"author":[{"embeddable":true,"href":"https:\/\/lasentinelle.dz\/index.php\/wp-json\/wp\/v2\/users\/3"}],"replies":[{"embeddable":true,"href":"https:\/\/lasentinelle.dz\/index.php\/wp-json\/wp\/v2\/comments?post=41797"}],"version-history":[{"count":1,"href":"https:\/\/lasentinelle.dz\/index.php\/wp-json\/wp\/v2\/posts\/41797\/revisions"}],"predecessor-version":[{"id":41800,"href":"https:\/\/lasentinelle.dz\/index.php\/wp-json\/wp\/v2\/posts\/41797\/revisions\/41800"}],"wp:featuredmedia":[{"embeddable":true,"href":"https:\/\/lasentinelle.dz\/index.php\/wp-json\/wp\/v2\/media\/41798"}],"wp:attachment":[{"href":"https:\/\/lasentinelle.dz\/index.php\/wp-json\/wp\/v2\/media?parent=41797"}],"wp:term":[{"taxonomy":"category","embeddable":true,"href":"https:\/\/lasentinelle.dz\/index.php\/wp-json\/wp\/v2\/categories?post=41797"},{"taxonomy":"post_tag","embeddable":true,"href":"https:\/\/lasentinelle.dz\/index.php\/wp-json\/wp\/v2\/tags?post=41797"}],"curies":[{"name":"wp","href":"https:\/\/api.w.org\/{rel}","templated":true}]}}