{"id":41804,"date":"2023-05-28T22:05:00","date_gmt":"2023-05-28T21:05:00","guid":{"rendered":"https:\/\/lasentinelle.dz\/?p=41804"},"modified":"2023-05-28T17:06:23","modified_gmt":"2023-05-28T16:06:23","slug":"annaba-la-nouvelle-gare-maritime-livree-fin-juin","status":"publish","type":"post","link":"https:\/\/lasentinelle.dz\/index.php\/2023\/05\/28\/annaba-la-nouvelle-gare-maritime-livree-fin-juin\/","title":{"rendered":"Annaba\u00a0: La nouvelle gare maritime livr\u00e9e fin juin"},"content":{"rendered":"\n<p>La nouvelle gare maritime d\u2019Annaba, dont les travaux ont \u00e9t\u00e9 lanc\u00e9s durant le second semestre de l\u2019ann\u00e9e 2016, devrait \u00eatre livr\u00e9e \u00e0 la fin du mois de juin.<\/p>\n\n\n\n<p>Tr\u00e8s attendue, la structure devrait bient\u00f4t \u00eatre achev\u00e9e et les travaux restants concernent les derni\u00e8res retouches, avant sa mise en service. Cette gare permettra le transit des voyageurs en partance pour G\u00eanes, Marseille et Tunis. Le wali d\u2019Annaba, Djamel Eddine Berrimi multiplie les inspections au projet de la nouvelle infrastructure multiservices, et le forcing exerc\u00e9 pour son ach\u00e8vement, va permettre son ouverture \u00e0 la fin du mois de juin, soit en pleine saison estivale. Selon un communiqu\u00e9 \u00e9manant du cabinet de wali, ce dernier, accompagn\u00e9 des services techniques, s\u2019est enquis, hier matin, des derni\u00e8res retouches en cours de r\u00e9alisation avant la r\u00e9ception imminente de la nouvelle gare maritime. Une infrastructure \u00e9conomique et touristique tr\u00e8s attendue par les habitants de la wilaya. Lors de la pr\u00e9c\u00e9dente visite effectu\u00e9e, il y\u2019a une semaine au site de la structure, le wali d\u2019Annaba a annonc\u00e9 que la premi\u00e8re travers\u00e9e reliant le port d\u2019Annaba \u00e0 la ville de G\u00eanes en Italie sera lanc\u00e9e mi-juillet de l\u2019ann\u00e9e en cours. Une fois le projet r\u00e9ceptionn\u00e9, il sera \u00e9galement proc\u00e9d\u00e9 \u00e0 la r\u00e9ouverture de la ligne maritime Annaba \u2013 Marseille (France) et au lancement d\u2019une nouvelle ligne Annaba \u2013 Tunis (Tunisie). Cette initiative vise \u00e0 renforcer la coop\u00e9ration maritime internationale en assurant le transport entre la wilaya et les ports \u00e9trangers. Lors d\u2019une visite sur le site du nouveau terminal maritime, en pr\u00e9sence des membres du comit\u00e9 de s\u00e9curit\u00e9, le chef de l\u2019ex\u00e9cutif local a soulign\u00e9 que les derniers travaux et les finitions seront achev\u00e9s d\u2019ici la fin juin. Con\u00e7ue sous la forme d\u2019un navire, construite sur trois \u00e9tages reli\u00e9s par des escaliers m\u00e9canis\u00e9s, un ascenseur et deux couloirs pour v\u00e9hicules avec un acc\u00e8s direct \u00e0 partir de la ville et menant jusqu\u2019aux navires, la nouvelle gare maritime en terrasses va pouvoir r\u00e9cup\u00e9rer le manque \u00e0 gagner occasionn\u00e9 par l\u2019arr\u00eat du transport maritime, d\u00fb aux travaux de r\u00e9alisation de la structure qui a tout de m\u00eame enregistr\u00e9 un \u00e9norme retard. Au-del\u00e0, cette nouvelle gare maritime va pouvoir valoriser le transport maritime et touristique, en accueillant un plus grand nombre de voyageurs, tout en leur offrant des espaces de services et de loisirs conformes aux normes internationales. R\u00e9alis\u00e9e sur une surface de 8.000 m2 d\u2019espaces inexploit\u00e9s du port d\u2019Annaba, dont l\u2019ancienne gare occupe 1.100 m2, la nouvelle gare maritime dispose d\u2019un terminal pouvant recevoir 100 navires de voyageurs par an, avec une capacit\u00e9 d\u2019accueil de plus 200.000 voyageurs \/an, contre 16.000 actuellement et 300 v\u00e9hicules. Elle dispose aussi de deux couloirs r\u00e9serv\u00e9s aux proc\u00e9dures de passage des voyageurs et d\u2019embarquement des bagages. Autofinanc\u00e9 par l\u2019entreprise portuaire d\u2019Annaba \u00e0 hauteur de 45 milliards DA, cet investissement structurant a enregistr\u00e9 plusieurs retards en raison des travaux suppl\u00e9mentaires qui \u00e9taient n\u00e9cessaires afin de consolider le terrain. Ouverte sur le tissu urbain de la ville d\u2019Annaba, cet acquis pour la wilaya et de toute la r\u00e9gion Est du pays, vise surtout \u00e0 booster les secteurs \u00e9conomique et touristique locaux, en augmentant les capacit\u00e9s du trafic touristique maritime et commercial, ainsi qu\u2019en cr\u00e9ant des emplois. A rappeler que la nouvelle gare maritime sera dot\u00e9e de toutes les commodit\u00e9s n\u00e9cessaires aux exigences du trafic maritime.<\/p>\n\n\n\n<p><strong>Sofia Chahine<\/strong><\/p>\n","protected":false},"excerpt":{"rendered":"<p>La nouvelle gare maritime d\u2019Annaba, dont les travaux ont \u00e9t\u00e9 lanc\u00e9s durant le second semestre de l\u2019ann\u00e9e 2016, devrait \u00eatre<\/p>\n","protected":false},"author":3,"featured_media":41813,"comment_status":"open","ping_status":"closed","sticky":false,"template":"","format":"standard","meta":{"colormag_page_container_layout":"default_layout","colormag_page_sidebar_layout":"default_layout","om_disable_all_campaigns":false,"_monsterinsights_skip_tracking":false,"_monsterinsights_sitenote_active":false,"_monsterinsights_sitenote_note":"","_monsterinsights_sitenote_category":0,"footnotes":"","_wpscppro_dont_share_socialmedia":false,"_wpscppro_custom_social_share_image":0,"_facebook_share_type":"","_twitter_share_type":"","_linkedin_share_type":"","_pinterest_share_type":"","_linkedin_share_type_page":"","_instagram_share_type":"","_medium_share_type":"","_threads_share_type":"","_google_business_share_type":"","_selected_social_profile":[],"_wpsp_enable_custom_social_template":false,"_wpsp_social_scheduling":{"enabled":false,"datetime":null,"platforms":[],"status":"template_only","dateOption":"today","timeOption":"now","customDays":"","customHours":"","customDate":"","customTime":"","schedulingType":"absolute"},"_wpsp_active_default_template":true},"categories":[31],"tags":[],"class_list":["post-41804","post","type-post","status-publish","format-standard","has-post-thumbnail","hentry","category-regions"],"aioseo_notices":[],"yoast_head":"<!-- This site is optimized with the Yoast SEO plugin v27.5 - https:\/\/yoast.com\/product\/yoast-seo-wordpress\/ -->\n<title>Annaba\u00a0: La nouvelle gare maritime livr\u00e9e fin juin - La Sentinelle<\/title>\n<meta name=\"robots\" content=\"index, follow, max-snippet:-1, max-image-preview:large, max-video-preview:-1\" \/>\n<link rel=\"canonical\" href=\"https:\/\/lasentinelle.dz\/index.php\/2023\/05\/28\/annaba-la-nouvelle-gare-maritime-livree-fin-juin\/\" \/>\n<meta property=\"og:locale\" content=\"fr_FR\" \/>\n<meta property=\"og:type\" content=\"article\" \/>\n<meta property=\"og:title\" content=\"Annaba\u00a0: La nouvelle gare maritime livr\u00e9e fin juin - La Sentinelle\" \/>\n<meta property=\"og:description\" content=\"La nouvelle gare maritime d\u2019Annaba, dont les travaux ont \u00e9t\u00e9 lanc\u00e9s durant le second semestre de l\u2019ann\u00e9e 2016, devrait \u00eatre\" \/>\n<meta property=\"og:url\" content=\"https:\/\/lasentinelle.dz\/index.php\/2023\/05\/28\/annaba-la-nouvelle-gare-maritime-livree-fin-juin\/\" \/>\n<meta property=\"og:site_name\" content=\"La Sentinelle\" \/>\n<meta property=\"article:publisher\" content=\"https:\/\/www.facebook.com\/La-Sentinelle-104059864394773\" \/>\n<meta property=\"article:published_time\" content=\"2023-05-28T21:05:00+00:00\" \/>\n<meta property=\"og:image\" content=\"https:\/\/lasentinelle.dz\/wp-content\/uploads\/2023\/05\/gare-maritime.png\" \/>\n\t<meta property=\"og:image:width\" content=\"1200\" \/>\n\t<meta property=\"og:image:height\" content=\"900\" \/>\n\t<meta property=\"og:image:type\" content=\"image\/png\" \/>\n<meta name=\"author\" content=\"La Sentinelle\" \/>\n<meta name=\"twitter:card\" content=\"summary_large_image\" \/>\n<meta name=\"twitter:label1\" content=\"\u00c9crit par\" \/>\n\t<meta name=\"twitter:data1\" content=\"La Sentinelle\" \/>\n\t<meta name=\"twitter:label2\" content=\"Dur\u00e9e de lecture estim\u00e9e\" \/>\n\t<meta name=\"twitter:data2\" content=\"3 minutes\" \/>\n<script type=\"application\/ld+json\" class=\"yoast-schema-graph\">{\"@context\":\"https:\\\/\\\/schema.org\",\"@graph\":[{\"@type\":\"Article\",\"@id\":\"https:\\\/\\\/lasentinelle.dz\\\/index.php\\\/2023\\\/05\\\/28\\\/annaba-la-nouvelle-gare-maritime-livree-fin-juin\\\/#article\",\"isPartOf\":{\"@id\":\"https:\\\/\\\/lasentinelle.dz\\\/index.php\\\/2023\\\/05\\\/28\\\/annaba-la-nouvelle-gare-maritime-livree-fin-juin\\\/\"},\"author\":{\"name\":\"La Sentinelle\",\"@id\":\"https:\\\/\\\/lasentinelle.dz\\\/#\\\/schema\\\/person\\\/d865044e22e70a75174ce8bcad3acfb3\"},\"headline\":\"Annaba\u00a0: La nouvelle gare maritime livr\u00e9e fin juin\",\"datePublished\":\"2023-05-28T21:05:00+00:00\",\"mainEntityOfPage\":{\"@id\":\"https:\\\/\\\/lasentinelle.dz\\\/index.php\\\/2023\\\/05\\\/28\\\/annaba-la-nouvelle-gare-maritime-livree-fin-juin\\\/\"},\"wordCount\":620,\"commentCount\":0,\"publisher\":{\"@id\":\"https:\\\/\\\/lasentinelle.dz\\\/#organization\"},\"image\":{\"@id\":\"https:\\\/\\\/lasentinelle.dz\\\/index.php\\\/2023\\\/05\\\/28\\\/annaba-la-nouvelle-gare-maritime-livree-fin-juin\\\/#primaryimage\"},\"thumbnailUrl\":\"https:\\\/\\\/lasentinelle.dz\\\/wp-content\\\/uploads\\\/2023\\\/05\\\/gare-maritime.png\",\"articleSection\":[\"R\u00e9gions\"],\"inLanguage\":\"fr-FR\",\"potentialAction\":[{\"@type\":\"CommentAction\",\"name\":\"Comment\",\"target\":[\"https:\\\/\\\/lasentinelle.dz\\\/index.php\\\/2023\\\/05\\\/28\\\/annaba-la-nouvelle-gare-maritime-livree-fin-juin\\\/#respond\"]}]},{\"@type\":\"WebPage\",\"@id\":\"https:\\\/\\\/lasentinelle.dz\\\/index.php\\\/2023\\\/05\\\/28\\\/annaba-la-nouvelle-gare-maritime-livree-fin-juin\\\/\",\"url\":\"https:\\\/\\\/lasentinelle.dz\\\/index.php\\\/2023\\\/05\\\/28\\\/annaba-la-nouvelle-gare-maritime-livree-fin-juin\\\/\",\"name\":\"Annaba\u00a0: La nouvelle gare maritime livr\u00e9e fin juin - La Sentinelle\",\"isPartOf\":{\"@id\":\"https:\\\/\\\/lasentinelle.dz\\\/#website\"},\"primaryImageOfPage\":{\"@id\":\"https:\\\/\\\/lasentinelle.dz\\\/index.php\\\/2023\\\/05\\\/28\\\/annaba-la-nouvelle-gare-maritime-livree-fin-juin\\\/#primaryimage\"},\"image\":{\"@id\":\"https:\\\/\\\/lasentinelle.dz\\\/index.php\\\/2023\\\/05\\\/28\\\/annaba-la-nouvelle-gare-maritime-livree-fin-juin\\\/#primaryimage\"},\"thumbnailUrl\":\"https:\\\/\\\/lasentinelle.dz\\\/wp-content\\\/uploads\\\/2023\\\/05\\\/gare-maritime.png\",\"datePublished\":\"2023-05-28T21:05:00+00:00\",\"breadcrumb\":{\"@id\":\"https:\\\/\\\/lasentinelle.dz\\\/index.php\\\/2023\\\/05\\\/28\\\/annaba-la-nouvelle-gare-maritime-livree-fin-juin\\\/#breadcrumb\"},\"inLanguage\":\"fr-FR\",\"potentialAction\":[{\"@type\":\"ReadAction\",\"target\":[\"https:\\\/\\\/lasentinelle.dz\\\/index.php\\\/2023\\\/05\\\/28\\\/annaba-la-nouvelle-gare-maritime-livree-fin-juin\\\/\"]}]},{\"@type\":\"ImageObject\",\"inLanguage\":\"fr-FR\",\"@id\":\"https:\\\/\\\/lasentinelle.dz\\\/index.php\\\/2023\\\/05\\\/28\\\/annaba-la-nouvelle-gare-maritime-livree-fin-juin\\\/#primaryimage\",\"url\":\"https:\\\/\\\/lasentinelle.dz\\\/wp-content\\\/uploads\\\/2023\\\/05\\\/gare-maritime.png\",\"contentUrl\":\"https:\\\/\\\/lasentinelle.dz\\\/wp-content\\\/uploads\\\/2023\\\/05\\\/gare-maritime.png\",\"width\":1200,\"height\":900},{\"@type\":\"BreadcrumbList\",\"@id\":\"https:\\\/\\\/lasentinelle.dz\\\/index.php\\\/2023\\\/05\\\/28\\\/annaba-la-nouvelle-gare-maritime-livree-fin-juin\\\/#breadcrumb\",\"itemListElement\":[{\"@type\":\"ListItem\",\"position\":1,\"name\":\"Accueil\",\"item\":\"https:\\\/\\\/lasentinelle.dz\\\/\"},{\"@type\":\"ListItem\",\"position\":2,\"name\":\"Annaba\u00a0: La nouvelle gare maritime livr\u00e9e fin juin\"}]},{\"@type\":\"WebSite\",\"@id\":\"https:\\\/\\\/lasentinelle.dz\\\/#website\",\"url\":\"https:\\\/\\\/lasentinelle.dz\\\/\",\"name\":\"La Sentinelle\",\"description\":\"Quotidien national d&#039;information\",\"publisher\":{\"@id\":\"https:\\\/\\\/lasentinelle.dz\\\/#organization\"},\"potentialAction\":[{\"@type\":\"SearchAction\",\"target\":{\"@type\":\"EntryPoint\",\"urlTemplate\":\"https:\\\/\\\/lasentinelle.dz\\\/?s={search_term_string}\"},\"query-input\":{\"@type\":\"PropertyValueSpecification\",\"valueRequired\":true,\"valueName\":\"search_term_string\"}}],\"inLanguage\":\"fr-FR\"},{\"@type\":\"Organization\",\"@id\":\"https:\\\/\\\/lasentinelle.dz\\\/#organization\",\"name\":\"Quotidien La Sentinelle\",\"url\":\"https:\\\/\\\/lasentinelle.dz\\\/\",\"logo\":{\"@type\":\"ImageObject\",\"inLanguage\":\"fr-FR\",\"@id\":\"https:\\\/\\\/lasentinelle.dz\\\/#\\\/schema\\\/logo\\\/image\\\/\",\"url\":\"https:\\\/\\\/lasentinelle.dz\\\/wp-content\\\/uploads\\\/2021\\\/09\\\/logo-sentinelleSLOGAN-1.png\",\"contentUrl\":\"https:\\\/\\\/lasentinelle.dz\\\/wp-content\\\/uploads\\\/2021\\\/09\\\/logo-sentinelleSLOGAN-1.png\",\"width\":615,\"height\":142,\"caption\":\"Quotidien La Sentinelle\"},\"image\":{\"@id\":\"https:\\\/\\\/lasentinelle.dz\\\/#\\\/schema\\\/logo\\\/image\\\/\"},\"sameAs\":[\"https:\\\/\\\/www.facebook.com\\\/La-Sentinelle-104059864394773\"]},{\"@type\":\"Person\",\"@id\":\"https:\\\/\\\/lasentinelle.dz\\\/#\\\/schema\\\/person\\\/d865044e22e70a75174ce8bcad3acfb3\",\"name\":\"La Sentinelle\",\"image\":{\"@type\":\"ImageObject\",\"inLanguage\":\"fr-FR\",\"@id\":\"https:\\\/\\\/secure.gravatar.com\\\/avatar\\\/57de8e5d4b15d43fb361a71fbb36338450fe67865b528a43dd10ef7c51a20392?s=96&d=mm&r=g\",\"url\":\"https:\\\/\\\/secure.gravatar.com\\\/avatar\\\/57de8e5d4b15d43fb361a71fbb36338450fe67865b528a43dd10ef7c51a20392?s=96&d=mm&r=g\",\"contentUrl\":\"https:\\\/\\\/secure.gravatar.com\\\/avatar\\\/57de8e5d4b15d43fb361a71fbb36338450fe67865b528a43dd10ef7c51a20392?s=96&d=mm&r=g\",\"caption\":\"La Sentinelle\"},\"sameAs\":[\"http:\\\/\\\/www.lasentinelle.dz\"],\"url\":\"https:\\\/\\\/lasentinelle.dz\\\/author\\\/redaction\\\/\"}]}<\/script>\n<!-- \/ Yoast SEO plugin. -->","yoast_head_json":{"title":"Annaba\u00a0: La nouvelle gare maritime livr\u00e9e fin juin - La Sentinelle","robots":{"index":"index","follow":"follow","max-snippet":"max-snippet:-1","max-image-preview":"max-image-preview:large","max-video-preview":"max-video-preview:-1"},"canonical":"https:\/\/lasentinelle.dz\/index.php\/2023\/05\/28\/annaba-la-nouvelle-gare-maritime-livree-fin-juin\/","og_locale":"fr_FR","og_type":"article","og_title":"Annaba\u00a0: La nouvelle gare maritime livr\u00e9e fin juin - La Sentinelle","og_description":"La nouvelle gare maritime d\u2019Annaba, dont les travaux ont \u00e9t\u00e9 lanc\u00e9s durant le second semestre de l\u2019ann\u00e9e 2016, devrait \u00eatre","og_url":"https:\/\/lasentinelle.dz\/index.php\/2023\/05\/28\/annaba-la-nouvelle-gare-maritime-livree-fin-juin\/","og_site_name":"La Sentinelle","article_publisher":"https:\/\/www.facebook.com\/La-Sentinelle-104059864394773","article_published_time":"2023-05-28T21:05:00+00:00","og_image":[{"width":1200,"height":900,"url":"https:\/\/lasentinelle.dz\/wp-content\/uploads\/2023\/05\/gare-maritime.png","type":"image\/png"}],"author":"La Sentinelle","twitter_card":"summary_large_image","twitter_misc":{"\u00c9crit par":"La Sentinelle","Dur\u00e9e de lecture estim\u00e9e":"3 minutes"},"schema":{"@context":"https:\/\/schema.org","@graph":[{"@type":"Article","@id":"https:\/\/lasentinelle.dz\/index.php\/2023\/05\/28\/annaba-la-nouvelle-gare-maritime-livree-fin-juin\/#article","isPartOf":{"@id":"https:\/\/lasentinelle.dz\/index.php\/2023\/05\/28\/annaba-la-nouvelle-gare-maritime-livree-fin-juin\/"},"author":{"name":"La Sentinelle","@id":"https:\/\/lasentinelle.dz\/#\/schema\/person\/d865044e22e70a75174ce8bcad3acfb3"},"headline":"Annaba\u00a0: La nouvelle gare maritime livr\u00e9e fin juin","datePublished":"2023-05-28T21:05:00+00:00","mainEntityOfPage":{"@id":"https:\/\/lasentinelle.dz\/index.php\/2023\/05\/28\/annaba-la-nouvelle-gare-maritime-livree-fin-juin\/"},"wordCount":620,"commentCount":0,"publisher":{"@id":"https:\/\/lasentinelle.dz\/#organization"},"image":{"@id":"https:\/\/lasentinelle.dz\/index.php\/2023\/05\/28\/annaba-la-nouvelle-gare-maritime-livree-fin-juin\/#primaryimage"},"thumbnailUrl":"https:\/\/lasentinelle.dz\/wp-content\/uploads\/2023\/05\/gare-maritime.png","articleSection":["R\u00e9gions"],"inLanguage":"fr-FR","potentialAction":[{"@type":"CommentAction","name":"Comment","target":["https:\/\/lasentinelle.dz\/index.php\/2023\/05\/28\/annaba-la-nouvelle-gare-maritime-livree-fin-juin\/#respond"]}]},{"@type":"WebPage","@id":"https:\/\/lasentinelle.dz\/index.php\/2023\/05\/28\/annaba-la-nouvelle-gare-maritime-livree-fin-juin\/","url":"https:\/\/lasentinelle.dz\/index.php\/2023\/05\/28\/annaba-la-nouvelle-gare-maritime-livree-fin-juin\/","name":"Annaba\u00a0: La nouvelle gare maritime livr\u00e9e fin juin - La Sentinelle","isPartOf":{"@id":"https:\/\/lasentinelle.dz\/#website"},"primaryImageOfPage":{"@id":"https:\/\/lasentinelle.dz\/index.php\/2023\/05\/28\/annaba-la-nouvelle-gare-maritime-livree-fin-juin\/#primaryimage"},"image":{"@id":"https:\/\/lasentinelle.dz\/index.php\/2023\/05\/28\/annaba-la-nouvelle-gare-maritime-livree-fin-juin\/#primaryimage"},"thumbnailUrl":"https:\/\/lasentinelle.dz\/wp-content\/uploads\/2023\/05\/gare-maritime.png","datePublished":"2023-05-28T21:05:00+00:00","breadcrumb":{"@id":"https:\/\/lasentinelle.dz\/index.php\/2023\/05\/28\/annaba-la-nouvelle-gare-maritime-livree-fin-juin\/#breadcrumb"},"inLanguage":"fr-FR","potentialAction":[{"@type":"ReadAction","target":["https:\/\/lasentinelle.dz\/index.php\/2023\/05\/28\/annaba-la-nouvelle-gare-maritime-livree-fin-juin\/"]}]},{"@type":"ImageObject","inLanguage":"fr-FR","@id":"https:\/\/lasentinelle.dz\/index.php\/2023\/05\/28\/annaba-la-nouvelle-gare-maritime-livree-fin-juin\/#primaryimage","url":"https:\/\/lasentinelle.dz\/wp-content\/uploads\/2023\/05\/gare-maritime.png","contentUrl":"https:\/\/lasentinelle.dz\/wp-content\/uploads\/2023\/05\/gare-maritime.png","width":1200,"height":900},{"@type":"BreadcrumbList","@id":"https:\/\/lasentinelle.dz\/index.php\/2023\/05\/28\/annaba-la-nouvelle-gare-maritime-livree-fin-juin\/#breadcrumb","itemListElement":[{"@type":"ListItem","position":1,"name":"Accueil","item":"https:\/\/lasentinelle.dz\/"},{"@type":"ListItem","position":2,"name":"Annaba\u00a0: La nouvelle gare maritime livr\u00e9e fin juin"}]},{"@type":"WebSite","@id":"https:\/\/lasentinelle.dz\/#website","url":"https:\/\/lasentinelle.dz\/","name":"La Sentinelle","description":"Quotidien national d&#039;information","publisher":{"@id":"https:\/\/lasentinelle.dz\/#organization"},"potentialAction":[{"@type":"SearchAction","target":{"@type":"EntryPoint","urlTemplate":"https:\/\/lasentinelle.dz\/?s={search_term_string}"},"query-input":{"@type":"PropertyValueSpecification","valueRequired":true,"valueName":"search_term_string"}}],"inLanguage":"fr-FR"},{"@type":"Organization","@id":"https:\/\/lasentinelle.dz\/#organization","name":"Quotidien La Sentinelle","url":"https:\/\/lasentinelle.dz\/","logo":{"@type":"ImageObject","inLanguage":"fr-FR","@id":"https:\/\/lasentinelle.dz\/#\/schema\/logo\/image\/","url":"https:\/\/lasentinelle.dz\/wp-content\/uploads\/2021\/09\/logo-sentinelleSLOGAN-1.png","contentUrl":"https:\/\/lasentinelle.dz\/wp-content\/uploads\/2021\/09\/logo-sentinelleSLOGAN-1.png","width":615,"height":142,"caption":"Quotidien La Sentinelle"},"image":{"@id":"https:\/\/lasentinelle.dz\/#\/schema\/logo\/image\/"},"sameAs":["https:\/\/www.facebook.com\/La-Sentinelle-104059864394773"]},{"@type":"Person","@id":"https:\/\/lasentinelle.dz\/#\/schema\/person\/d865044e22e70a75174ce8bcad3acfb3","name":"La Sentinelle","image":{"@type":"ImageObject","inLanguage":"fr-FR","@id":"https:\/\/secure.gravatar.com\/avatar\/57de8e5d4b15d43fb361a71fbb36338450fe67865b528a43dd10ef7c51a20392?s=96&d=mm&r=g","url":"https:\/\/secure.gravatar.com\/avatar\/57de8e5d4b15d43fb361a71fbb36338450fe67865b528a43dd10ef7c51a20392?s=96&d=mm&r=g","contentUrl":"https:\/\/secure.gravatar.com\/avatar\/57de8e5d4b15d43fb361a71fbb36338450fe67865b528a43dd10ef7c51a20392?s=96&d=mm&r=g","caption":"La Sentinelle"},"sameAs":["http:\/\/www.lasentinelle.dz"],"url":"https:\/\/lasentinelle.dz\/author\/redaction\/"}]}},"_links":{"self":[{"href":"https:\/\/lasentinelle.dz\/index.php\/wp-json\/wp\/v2\/posts\/41804","targetHints":{"allow":["GET"]}}],"collection":[{"href":"https:\/\/lasentinelle.dz\/index.php\/wp-json\/wp\/v2\/posts"}],"about":[{"href":"https:\/\/lasentinelle.dz\/index.php\/wp-json\/wp\/v2\/types\/post"}],"author":[{"embeddable":true,"href":"https:\/\/lasentinelle.dz\/index.php\/wp-json\/wp\/v2\/users\/3"}],"replies":[{"embeddable":true,"href":"https:\/\/lasentinelle.dz\/index.php\/wp-json\/wp\/v2\/comments?post=41804"}],"version-history":[{"count":1,"href":"https:\/\/lasentinelle.dz\/index.php\/wp-json\/wp\/v2\/posts\/41804\/revisions"}],"predecessor-version":[{"id":41814,"href":"https:\/\/lasentinelle.dz\/index.php\/wp-json\/wp\/v2\/posts\/41804\/revisions\/41814"}],"wp:featuredmedia":[{"embeddable":true,"href":"https:\/\/lasentinelle.dz\/index.php\/wp-json\/wp\/v2\/media\/41813"}],"wp:attachment":[{"href":"https:\/\/lasentinelle.dz\/index.php\/wp-json\/wp\/v2\/media?parent=41804"}],"wp:term":[{"taxonomy":"category","embeddable":true,"href":"https:\/\/lasentinelle.dz\/index.php\/wp-json\/wp\/v2\/categories?post=41804"},{"taxonomy":"post_tag","embeddable":true,"href":"https:\/\/lasentinelle.dz\/index.php\/wp-json\/wp\/v2\/tags?post=41804"}],"curies":[{"name":"wp","href":"https:\/\/api.w.org\/{rel}","templated":true}]}}