{"id":41860,"date":"2023-05-29T22:05:00","date_gmt":"2023-05-29T21:05:00","guid":{"rendered":"https:\/\/lasentinelle.dz\/?p=41860"},"modified":"2023-05-29T16:02:01","modified_gmt":"2023-05-29T15:02:01","slug":"douanes-mouvement-partiel-des-cadres-superieurs-relevant-des-services-exterieurs","status":"publish","type":"post","link":"https:\/\/lasentinelle.dz\/index.php\/2023\/05\/29\/douanes-mouvement-partiel-des-cadres-superieurs-relevant-des-services-exterieurs\/","title":{"rendered":"Douanes\u00a0: Mouvement partiel des cadres sup\u00e9rieurs relevant des services ext\u00e9rieurs"},"content":{"rendered":"\n<p>Un mouvement partiel a \u00e9t\u00e9 op\u00e9r\u00e9 dans le corps des cadres sup\u00e9rieurs relevant des services ext\u00e9rieurs des Douanes alg\u00e9riennes , dans le cadre du \u00ab\u00a0mouvement p\u00e9riodique des cadres de la Douane alg\u00e9rienne visant \u00e0 impulser une nouvelle dynamique et \u00e0 am\u00e9liorer la performance des services de douanes au niveau national\u00a0\u00bb.<\/p>\n\n\n\n<p>La Direction g\u00e9n\u00e9rale des Douanes (DGD) a annonc\u00e9 dimanche dans un communiqu\u00e9 que \u00ab&nbsp;le directeur g\u00e9n\u00e9ral des Douanes, Noureddine Khaldi a op\u00e9r\u00e9 dimanche un mouvement partiel ayant inclus des changements et des nominations de cadres sup\u00e9rieurs relevant des services ext\u00e9rieurs des Douanes alg\u00e9riennes&nbsp;\u00bb. Suite \u00e0 ce mouvement, il a \u00e9t\u00e9 proc\u00e9d\u00e9 \u00e0 la nomination d&rsquo;un sous-directeur au centre national de la formation douani\u00e8re et de 23 chefs d&rsquo;inspection divisionnaire des Douanes \u00e0 Tamanrasset, Ilizi, In Amenas, B\u00e9char, Djelfa, Constantine, Biskra, Batna, Tlemcen, Ghazaouet, Sidi Bel Abbes, Ouargla, Chlef, Tiaret, Oum El Bouaghi, Oran-ext\u00e9rieur, Oran-Port, Arzew, El Tarf, Alger-syst\u00e8mes sp\u00e9ciaux, Alger-Ain Taya, A\u00e9roport international Houari Boumediene (voyageur) et Boumerdes. Il s&rsquo;agit \u00e9galement de la nomination de 14 sous-directeurs r\u00e9gionaux \u00e0 Oran, Chlef, S\u00e9tif, B\u00e9char, Ouargla, Annaba, Tlemcen, Illizi et Laghouat, et de 12 chefs de services r\u00e9gionaux de contr\u00f4le \u00e0 post\u00e9riori dans les wilayas d&rsquo;Alger-Ext\u00e9rieur, S\u00e9tif, Annaba, Ouargla, T\u00e9bessa, Laghouat, Oran, Blida, Tlemcen, Constantine, Tamanrasset et Chlef. Ces nouvelles nominations s&rsquo;inscrivent, selon la m\u00eame source, dans le cadre du \u00ab\u00a0mouvement p\u00e9riodique des cadres de la Douane alg\u00e9rienne visant \u00e0 impulser une nouvelle dynamique et \u00e0 am\u00e9liorer la performance des services de douanes au niveau national\u00a0\u00bb.<\/p>\n\n\n\n<p>R.N.<\/p>\n","protected":false},"excerpt":{"rendered":"<p>Un mouvement partiel a \u00e9t\u00e9 op\u00e9r\u00e9 dans le corps des cadres sup\u00e9rieurs relevant des services ext\u00e9rieurs des Douanes alg\u00e9riennes ,<\/p>\n","protected":false},"author":3,"featured_media":41870,"comment_status":"open","ping_status":"closed","sticky":false,"template":"","format":"standard","meta":{"colormag_page_container_layout":"default_layout","colormag_page_sidebar_layout":"default_layout","om_disable_all_campaigns":false,"_monsterinsights_skip_tracking":false,"_monsterinsights_sitenote_active":false,"_monsterinsights_sitenote_note":"","_monsterinsights_sitenote_category":0,"footnotes":"","_wpscppro_dont_share_socialmedia":false,"_wpscppro_custom_social_share_image":0,"_facebook_share_type":"","_twitter_share_type":"","_linkedin_share_type":"","_pinterest_share_type":"","_linkedin_share_type_page":"","_instagram_share_type":"","_medium_share_type":"","_threads_share_type":"","_google_business_share_type":"","_selected_social_profile":[],"_wpsp_enable_custom_social_template":false,"_wpsp_social_scheduling":{"enabled":false,"datetime":null,"platforms":[],"status":"template_only","dateOption":"today","timeOption":"now","customDays":"","customHours":"","customDate":"","customTime":"","schedulingType":"absolute"},"_wpsp_active_default_template":true},"categories":[27],"tags":[],"class_list":["post-41860","post","type-post","status-publish","format-standard","has-post-thumbnail","hentry","category-actualite"],"aioseo_notices":[],"yoast_head":"<!-- This site is optimized with the Yoast SEO plugin v27.5 - https:\/\/yoast.com\/product\/yoast-seo-wordpress\/ -->\n<title>Douanes\u00a0: Mouvement partiel des cadres sup\u00e9rieurs relevant des services ext\u00e9rieurs - La Sentinelle<\/title>\n<meta name=\"robots\" content=\"index, follow, max-snippet:-1, max-image-preview:large, max-video-preview:-1\" \/>\n<link rel=\"canonical\" href=\"https:\/\/lasentinelle.dz\/index.php\/2023\/05\/29\/douanes-mouvement-partiel-des-cadres-superieurs-relevant-des-services-exterieurs\/\" \/>\n<meta property=\"og:locale\" content=\"fr_FR\" \/>\n<meta property=\"og:type\" content=\"article\" \/>\n<meta property=\"og:title\" content=\"Douanes\u00a0: Mouvement partiel des cadres sup\u00e9rieurs relevant des services ext\u00e9rieurs - La Sentinelle\" \/>\n<meta property=\"og:description\" content=\"Un mouvement partiel a \u00e9t\u00e9 op\u00e9r\u00e9 dans le corps des cadres sup\u00e9rieurs relevant des services ext\u00e9rieurs des Douanes alg\u00e9riennes ,\" \/>\n<meta property=\"og:url\" content=\"https:\/\/lasentinelle.dz\/index.php\/2023\/05\/29\/douanes-mouvement-partiel-des-cadres-superieurs-relevant-des-services-exterieurs\/\" \/>\n<meta property=\"og:site_name\" content=\"La Sentinelle\" \/>\n<meta property=\"article:publisher\" content=\"https:\/\/www.facebook.com\/La-Sentinelle-104059864394773\" \/>\n<meta property=\"article:published_time\" content=\"2023-05-29T21:05:00+00:00\" \/>\n<meta property=\"og:image\" content=\"https:\/\/lasentinelle.dz\/wp-content\/uploads\/2023\/05\/douane.png\" \/>\n\t<meta property=\"og:image:width\" content=\"1350\" \/>\n\t<meta property=\"og:image:height\" content=\"900\" \/>\n\t<meta property=\"og:image:type\" content=\"image\/png\" \/>\n<meta name=\"author\" content=\"La Sentinelle\" \/>\n<meta name=\"twitter:card\" content=\"summary_large_image\" \/>\n<meta name=\"twitter:label1\" content=\"\u00c9crit par\" \/>\n\t<meta name=\"twitter:data1\" content=\"La Sentinelle\" \/>\n\t<meta name=\"twitter:label2\" content=\"Dur\u00e9e de lecture estim\u00e9e\" \/>\n\t<meta name=\"twitter:data2\" content=\"2 minutes\" \/>\n<script type=\"application\/ld+json\" class=\"yoast-schema-graph\">{\"@context\":\"https:\\\/\\\/schema.org\",\"@graph\":[{\"@type\":\"Article\",\"@id\":\"https:\\\/\\\/lasentinelle.dz\\\/index.php\\\/2023\\\/05\\\/29\\\/douanes-mouvement-partiel-des-cadres-superieurs-relevant-des-services-exterieurs\\\/#article\",\"isPartOf\":{\"@id\":\"https:\\\/\\\/lasentinelle.dz\\\/index.php\\\/2023\\\/05\\\/29\\\/douanes-mouvement-partiel-des-cadres-superieurs-relevant-des-services-exterieurs\\\/\"},\"author\":{\"name\":\"La Sentinelle\",\"@id\":\"https:\\\/\\\/lasentinelle.dz\\\/#\\\/schema\\\/person\\\/d865044e22e70a75174ce8bcad3acfb3\"},\"headline\":\"Douanes\u00a0: Mouvement partiel des cadres sup\u00e9rieurs relevant des services ext\u00e9rieurs\",\"datePublished\":\"2023-05-29T21:05:00+00:00\",\"mainEntityOfPage\":{\"@id\":\"https:\\\/\\\/lasentinelle.dz\\\/index.php\\\/2023\\\/05\\\/29\\\/douanes-mouvement-partiel-des-cadres-superieurs-relevant-des-services-exterieurs\\\/\"},\"wordCount\":287,\"commentCount\":0,\"publisher\":{\"@id\":\"https:\\\/\\\/lasentinelle.dz\\\/#organization\"},\"image\":{\"@id\":\"https:\\\/\\\/lasentinelle.dz\\\/index.php\\\/2023\\\/05\\\/29\\\/douanes-mouvement-partiel-des-cadres-superieurs-relevant-des-services-exterieurs\\\/#primaryimage\"},\"thumbnailUrl\":\"https:\\\/\\\/lasentinelle.dz\\\/wp-content\\\/uploads\\\/2023\\\/05\\\/douane.png\",\"articleSection\":[\"Actualit\u00e9\"],\"inLanguage\":\"fr-FR\",\"potentialAction\":[{\"@type\":\"CommentAction\",\"name\":\"Comment\",\"target\":[\"https:\\\/\\\/lasentinelle.dz\\\/index.php\\\/2023\\\/05\\\/29\\\/douanes-mouvement-partiel-des-cadres-superieurs-relevant-des-services-exterieurs\\\/#respond\"]}]},{\"@type\":\"WebPage\",\"@id\":\"https:\\\/\\\/lasentinelle.dz\\\/index.php\\\/2023\\\/05\\\/29\\\/douanes-mouvement-partiel-des-cadres-superieurs-relevant-des-services-exterieurs\\\/\",\"url\":\"https:\\\/\\\/lasentinelle.dz\\\/index.php\\\/2023\\\/05\\\/29\\\/douanes-mouvement-partiel-des-cadres-superieurs-relevant-des-services-exterieurs\\\/\",\"name\":\"Douanes\u00a0: Mouvement partiel des cadres sup\u00e9rieurs relevant des services ext\u00e9rieurs - La Sentinelle\",\"isPartOf\":{\"@id\":\"https:\\\/\\\/lasentinelle.dz\\\/#website\"},\"primaryImageOfPage\":{\"@id\":\"https:\\\/\\\/lasentinelle.dz\\\/index.php\\\/2023\\\/05\\\/29\\\/douanes-mouvement-partiel-des-cadres-superieurs-relevant-des-services-exterieurs\\\/#primaryimage\"},\"image\":{\"@id\":\"https:\\\/\\\/lasentinelle.dz\\\/index.php\\\/2023\\\/05\\\/29\\\/douanes-mouvement-partiel-des-cadres-superieurs-relevant-des-services-exterieurs\\\/#primaryimage\"},\"thumbnailUrl\":\"https:\\\/\\\/lasentinelle.dz\\\/wp-content\\\/uploads\\\/2023\\\/05\\\/douane.png\",\"datePublished\":\"2023-05-29T21:05:00+00:00\",\"breadcrumb\":{\"@id\":\"https:\\\/\\\/lasentinelle.dz\\\/index.php\\\/2023\\\/05\\\/29\\\/douanes-mouvement-partiel-des-cadres-superieurs-relevant-des-services-exterieurs\\\/#breadcrumb\"},\"inLanguage\":\"fr-FR\",\"potentialAction\":[{\"@type\":\"ReadAction\",\"target\":[\"https:\\\/\\\/lasentinelle.dz\\\/index.php\\\/2023\\\/05\\\/29\\\/douanes-mouvement-partiel-des-cadres-superieurs-relevant-des-services-exterieurs\\\/\"]}]},{\"@type\":\"ImageObject\",\"inLanguage\":\"fr-FR\",\"@id\":\"https:\\\/\\\/lasentinelle.dz\\\/index.php\\\/2023\\\/05\\\/29\\\/douanes-mouvement-partiel-des-cadres-superieurs-relevant-des-services-exterieurs\\\/#primaryimage\",\"url\":\"https:\\\/\\\/lasentinelle.dz\\\/wp-content\\\/uploads\\\/2023\\\/05\\\/douane.png\",\"contentUrl\":\"https:\\\/\\\/lasentinelle.dz\\\/wp-content\\\/uploads\\\/2023\\\/05\\\/douane.png\",\"width\":1350,\"height\":900},{\"@type\":\"BreadcrumbList\",\"@id\":\"https:\\\/\\\/lasentinelle.dz\\\/index.php\\\/2023\\\/05\\\/29\\\/douanes-mouvement-partiel-des-cadres-superieurs-relevant-des-services-exterieurs\\\/#breadcrumb\",\"itemListElement\":[{\"@type\":\"ListItem\",\"position\":1,\"name\":\"Accueil\",\"item\":\"https:\\\/\\\/lasentinelle.dz\\\/\"},{\"@type\":\"ListItem\",\"position\":2,\"name\":\"Douanes\u00a0: Mouvement partiel des cadres sup\u00e9rieurs relevant des services ext\u00e9rieurs\"}]},{\"@type\":\"WebSite\",\"@id\":\"https:\\\/\\\/lasentinelle.dz\\\/#website\",\"url\":\"https:\\\/\\\/lasentinelle.dz\\\/\",\"name\":\"La Sentinelle\",\"description\":\"Quotidien national d&#039;information\",\"publisher\":{\"@id\":\"https:\\\/\\\/lasentinelle.dz\\\/#organization\"},\"potentialAction\":[{\"@type\":\"SearchAction\",\"target\":{\"@type\":\"EntryPoint\",\"urlTemplate\":\"https:\\\/\\\/lasentinelle.dz\\\/?s={search_term_string}\"},\"query-input\":{\"@type\":\"PropertyValueSpecification\",\"valueRequired\":true,\"valueName\":\"search_term_string\"}}],\"inLanguage\":\"fr-FR\"},{\"@type\":\"Organization\",\"@id\":\"https:\\\/\\\/lasentinelle.dz\\\/#organization\",\"name\":\"Quotidien La Sentinelle\",\"url\":\"https:\\\/\\\/lasentinelle.dz\\\/\",\"logo\":{\"@type\":\"ImageObject\",\"inLanguage\":\"fr-FR\",\"@id\":\"https:\\\/\\\/lasentinelle.dz\\\/#\\\/schema\\\/logo\\\/image\\\/\",\"url\":\"https:\\\/\\\/lasentinelle.dz\\\/wp-content\\\/uploads\\\/2021\\\/09\\\/logo-sentinelleSLOGAN-1.png\",\"contentUrl\":\"https:\\\/\\\/lasentinelle.dz\\\/wp-content\\\/uploads\\\/2021\\\/09\\\/logo-sentinelleSLOGAN-1.png\",\"width\":615,\"height\":142,\"caption\":\"Quotidien La Sentinelle\"},\"image\":{\"@id\":\"https:\\\/\\\/lasentinelle.dz\\\/#\\\/schema\\\/logo\\\/image\\\/\"},\"sameAs\":[\"https:\\\/\\\/www.facebook.com\\\/La-Sentinelle-104059864394773\"]},{\"@type\":\"Person\",\"@id\":\"https:\\\/\\\/lasentinelle.dz\\\/#\\\/schema\\\/person\\\/d865044e22e70a75174ce8bcad3acfb3\",\"name\":\"La Sentinelle\",\"image\":{\"@type\":\"ImageObject\",\"inLanguage\":\"fr-FR\",\"@id\":\"https:\\\/\\\/secure.gravatar.com\\\/avatar\\\/57de8e5d4b15d43fb361a71fbb36338450fe67865b528a43dd10ef7c51a20392?s=96&d=mm&r=g\",\"url\":\"https:\\\/\\\/secure.gravatar.com\\\/avatar\\\/57de8e5d4b15d43fb361a71fbb36338450fe67865b528a43dd10ef7c51a20392?s=96&d=mm&r=g\",\"contentUrl\":\"https:\\\/\\\/secure.gravatar.com\\\/avatar\\\/57de8e5d4b15d43fb361a71fbb36338450fe67865b528a43dd10ef7c51a20392?s=96&d=mm&r=g\",\"caption\":\"La Sentinelle\"},\"sameAs\":[\"http:\\\/\\\/www.lasentinelle.dz\"],\"url\":\"https:\\\/\\\/lasentinelle.dz\\\/author\\\/redaction\\\/\"}]}<\/script>\n<!-- \/ Yoast SEO plugin. -->","yoast_head_json":{"title":"Douanes\u00a0: Mouvement partiel des cadres sup\u00e9rieurs relevant des services ext\u00e9rieurs - La Sentinelle","robots":{"index":"index","follow":"follow","max-snippet":"max-snippet:-1","max-image-preview":"max-image-preview:large","max-video-preview":"max-video-preview:-1"},"canonical":"https:\/\/lasentinelle.dz\/index.php\/2023\/05\/29\/douanes-mouvement-partiel-des-cadres-superieurs-relevant-des-services-exterieurs\/","og_locale":"fr_FR","og_type":"article","og_title":"Douanes\u00a0: Mouvement partiel des cadres sup\u00e9rieurs relevant des services ext\u00e9rieurs - La Sentinelle","og_description":"Un mouvement partiel a \u00e9t\u00e9 op\u00e9r\u00e9 dans le corps des cadres sup\u00e9rieurs relevant des services ext\u00e9rieurs des Douanes alg\u00e9riennes ,","og_url":"https:\/\/lasentinelle.dz\/index.php\/2023\/05\/29\/douanes-mouvement-partiel-des-cadres-superieurs-relevant-des-services-exterieurs\/","og_site_name":"La Sentinelle","article_publisher":"https:\/\/www.facebook.com\/La-Sentinelle-104059864394773","article_published_time":"2023-05-29T21:05:00+00:00","og_image":[{"width":1350,"height":900,"url":"https:\/\/lasentinelle.dz\/wp-content\/uploads\/2023\/05\/douane.png","type":"image\/png"}],"author":"La Sentinelle","twitter_card":"summary_large_image","twitter_misc":{"\u00c9crit par":"La Sentinelle","Dur\u00e9e de lecture estim\u00e9e":"2 minutes"},"schema":{"@context":"https:\/\/schema.org","@graph":[{"@type":"Article","@id":"https:\/\/lasentinelle.dz\/index.php\/2023\/05\/29\/douanes-mouvement-partiel-des-cadres-superieurs-relevant-des-services-exterieurs\/#article","isPartOf":{"@id":"https:\/\/lasentinelle.dz\/index.php\/2023\/05\/29\/douanes-mouvement-partiel-des-cadres-superieurs-relevant-des-services-exterieurs\/"},"author":{"name":"La Sentinelle","@id":"https:\/\/lasentinelle.dz\/#\/schema\/person\/d865044e22e70a75174ce8bcad3acfb3"},"headline":"Douanes\u00a0: Mouvement partiel des cadres sup\u00e9rieurs relevant des services ext\u00e9rieurs","datePublished":"2023-05-29T21:05:00+00:00","mainEntityOfPage":{"@id":"https:\/\/lasentinelle.dz\/index.php\/2023\/05\/29\/douanes-mouvement-partiel-des-cadres-superieurs-relevant-des-services-exterieurs\/"},"wordCount":287,"commentCount":0,"publisher":{"@id":"https:\/\/lasentinelle.dz\/#organization"},"image":{"@id":"https:\/\/lasentinelle.dz\/index.php\/2023\/05\/29\/douanes-mouvement-partiel-des-cadres-superieurs-relevant-des-services-exterieurs\/#primaryimage"},"thumbnailUrl":"https:\/\/lasentinelle.dz\/wp-content\/uploads\/2023\/05\/douane.png","articleSection":["Actualit\u00e9"],"inLanguage":"fr-FR","potentialAction":[{"@type":"CommentAction","name":"Comment","target":["https:\/\/lasentinelle.dz\/index.php\/2023\/05\/29\/douanes-mouvement-partiel-des-cadres-superieurs-relevant-des-services-exterieurs\/#respond"]}]},{"@type":"WebPage","@id":"https:\/\/lasentinelle.dz\/index.php\/2023\/05\/29\/douanes-mouvement-partiel-des-cadres-superieurs-relevant-des-services-exterieurs\/","url":"https:\/\/lasentinelle.dz\/index.php\/2023\/05\/29\/douanes-mouvement-partiel-des-cadres-superieurs-relevant-des-services-exterieurs\/","name":"Douanes\u00a0: Mouvement partiel des cadres sup\u00e9rieurs relevant des services ext\u00e9rieurs - La Sentinelle","isPartOf":{"@id":"https:\/\/lasentinelle.dz\/#website"},"primaryImageOfPage":{"@id":"https:\/\/lasentinelle.dz\/index.php\/2023\/05\/29\/douanes-mouvement-partiel-des-cadres-superieurs-relevant-des-services-exterieurs\/#primaryimage"},"image":{"@id":"https:\/\/lasentinelle.dz\/index.php\/2023\/05\/29\/douanes-mouvement-partiel-des-cadres-superieurs-relevant-des-services-exterieurs\/#primaryimage"},"thumbnailUrl":"https:\/\/lasentinelle.dz\/wp-content\/uploads\/2023\/05\/douane.png","datePublished":"2023-05-29T21:05:00+00:00","breadcrumb":{"@id":"https:\/\/lasentinelle.dz\/index.php\/2023\/05\/29\/douanes-mouvement-partiel-des-cadres-superieurs-relevant-des-services-exterieurs\/#breadcrumb"},"inLanguage":"fr-FR","potentialAction":[{"@type":"ReadAction","target":["https:\/\/lasentinelle.dz\/index.php\/2023\/05\/29\/douanes-mouvement-partiel-des-cadres-superieurs-relevant-des-services-exterieurs\/"]}]},{"@type":"ImageObject","inLanguage":"fr-FR","@id":"https:\/\/lasentinelle.dz\/index.php\/2023\/05\/29\/douanes-mouvement-partiel-des-cadres-superieurs-relevant-des-services-exterieurs\/#primaryimage","url":"https:\/\/lasentinelle.dz\/wp-content\/uploads\/2023\/05\/douane.png","contentUrl":"https:\/\/lasentinelle.dz\/wp-content\/uploads\/2023\/05\/douane.png","width":1350,"height":900},{"@type":"BreadcrumbList","@id":"https:\/\/lasentinelle.dz\/index.php\/2023\/05\/29\/douanes-mouvement-partiel-des-cadres-superieurs-relevant-des-services-exterieurs\/#breadcrumb","itemListElement":[{"@type":"ListItem","position":1,"name":"Accueil","item":"https:\/\/lasentinelle.dz\/"},{"@type":"ListItem","position":2,"name":"Douanes\u00a0: Mouvement partiel des cadres sup\u00e9rieurs relevant des services ext\u00e9rieurs"}]},{"@type":"WebSite","@id":"https:\/\/lasentinelle.dz\/#website","url":"https:\/\/lasentinelle.dz\/","name":"La Sentinelle","description":"Quotidien national d&#039;information","publisher":{"@id":"https:\/\/lasentinelle.dz\/#organization"},"potentialAction":[{"@type":"SearchAction","target":{"@type":"EntryPoint","urlTemplate":"https:\/\/lasentinelle.dz\/?s={search_term_string}"},"query-input":{"@type":"PropertyValueSpecification","valueRequired":true,"valueName":"search_term_string"}}],"inLanguage":"fr-FR"},{"@type":"Organization","@id":"https:\/\/lasentinelle.dz\/#organization","name":"Quotidien La Sentinelle","url":"https:\/\/lasentinelle.dz\/","logo":{"@type":"ImageObject","inLanguage":"fr-FR","@id":"https:\/\/lasentinelle.dz\/#\/schema\/logo\/image\/","url":"https:\/\/lasentinelle.dz\/wp-content\/uploads\/2021\/09\/logo-sentinelleSLOGAN-1.png","contentUrl":"https:\/\/lasentinelle.dz\/wp-content\/uploads\/2021\/09\/logo-sentinelleSLOGAN-1.png","width":615,"height":142,"caption":"Quotidien La Sentinelle"},"image":{"@id":"https:\/\/lasentinelle.dz\/#\/schema\/logo\/image\/"},"sameAs":["https:\/\/www.facebook.com\/La-Sentinelle-104059864394773"]},{"@type":"Person","@id":"https:\/\/lasentinelle.dz\/#\/schema\/person\/d865044e22e70a75174ce8bcad3acfb3","name":"La Sentinelle","image":{"@type":"ImageObject","inLanguage":"fr-FR","@id":"https:\/\/secure.gravatar.com\/avatar\/57de8e5d4b15d43fb361a71fbb36338450fe67865b528a43dd10ef7c51a20392?s=96&d=mm&r=g","url":"https:\/\/secure.gravatar.com\/avatar\/57de8e5d4b15d43fb361a71fbb36338450fe67865b528a43dd10ef7c51a20392?s=96&d=mm&r=g","contentUrl":"https:\/\/secure.gravatar.com\/avatar\/57de8e5d4b15d43fb361a71fbb36338450fe67865b528a43dd10ef7c51a20392?s=96&d=mm&r=g","caption":"La Sentinelle"},"sameAs":["http:\/\/www.lasentinelle.dz"],"url":"https:\/\/lasentinelle.dz\/author\/redaction\/"}]}},"_links":{"self":[{"href":"https:\/\/lasentinelle.dz\/index.php\/wp-json\/wp\/v2\/posts\/41860","targetHints":{"allow":["GET"]}}],"collection":[{"href":"https:\/\/lasentinelle.dz\/index.php\/wp-json\/wp\/v2\/posts"}],"about":[{"href":"https:\/\/lasentinelle.dz\/index.php\/wp-json\/wp\/v2\/types\/post"}],"author":[{"embeddable":true,"href":"https:\/\/lasentinelle.dz\/index.php\/wp-json\/wp\/v2\/users\/3"}],"replies":[{"embeddable":true,"href":"https:\/\/lasentinelle.dz\/index.php\/wp-json\/wp\/v2\/comments?post=41860"}],"version-history":[{"count":1,"href":"https:\/\/lasentinelle.dz\/index.php\/wp-json\/wp\/v2\/posts\/41860\/revisions"}],"predecessor-version":[{"id":41871,"href":"https:\/\/lasentinelle.dz\/index.php\/wp-json\/wp\/v2\/posts\/41860\/revisions\/41871"}],"wp:featuredmedia":[{"embeddable":true,"href":"https:\/\/lasentinelle.dz\/index.php\/wp-json\/wp\/v2\/media\/41870"}],"wp:attachment":[{"href":"https:\/\/lasentinelle.dz\/index.php\/wp-json\/wp\/v2\/media?parent=41860"}],"wp:term":[{"taxonomy":"category","embeddable":true,"href":"https:\/\/lasentinelle.dz\/index.php\/wp-json\/wp\/v2\/categories?post=41860"},{"taxonomy":"post_tag","embeddable":true,"href":"https:\/\/lasentinelle.dz\/index.php\/wp-json\/wp\/v2\/tags?post=41860"}],"curies":[{"name":"wp","href":"https:\/\/api.w.org\/{rel}","templated":true}]}}