{"id":41927,"date":"2023-05-29T22:05:00","date_gmt":"2023-05-29T21:05:00","guid":{"rendered":"https:\/\/lasentinelle.dz\/?p=41927"},"modified":"2023-05-29T21:09:16","modified_gmt":"2023-05-29T20:09:16","slug":"lutte-contre-le-terrorisme-et-le-crime-organise-lanp-reaffirme-ses-engagements","status":"publish","type":"post","link":"https:\/\/lasentinelle.dz\/index.php\/2023\/05\/29\/lutte-contre-le-terrorisme-et-le-crime-organise-lanp-reaffirme-ses-engagements\/","title":{"rendered":"Lutte contre le terrorisme et le crime organis\u00e9\u00a0: L\u2019ANP r\u00e9affirme ses engagements"},"content":{"rendered":"\n<p>En visite de travail et d\u2019inspection, hier, au niveau de la 2<sup>e<\/sup> r\u00e9gion militaire \u00e0 Oran, le G\u00e9n\u00e9ral d&rsquo;Arm\u00e9e Sa\u00efd Chanegriha, Chef d&rsquo;Etat-major de l&rsquo;ANP a soulign\u00e9 que la \u00ab rigueur et l&rsquo;efficacit\u00e9 de l&rsquo;ANP, ces derni\u00e8res ann\u00e9es, seront de nature \u00e0 lui permettre de conserver le legs des Chouhada, de pr\u00e9server la s\u00e9curit\u00e9, la stabilit\u00e9 et l&rsquo;ind\u00e9pendance du pays et de prot\u00e9ger son unit\u00e9 territoriale et populaire \u00bb, soulignant dans ce sens les r\u00e9sultats consid\u00e9rables obtenus dans le cadre de la lutte contre le terrorisme, le crime organis\u00e9 et le trafic de stup\u00e9fiants. Selon un communiqu\u00e9 du minist\u00e8re de la D\u00e9fense nationale, lors de sa rencontre avec les cadres et les personnels de la 2\u00e8me RM, le G\u00e9n\u00e9ral d&rsquo;Arm\u00e9e a prononc\u00e9 une allocution d&rsquo;orientation suivie par visioconf\u00e9rence par l&rsquo;ensemble des unit\u00e9s de la R\u00e9gion, dans laquelle il soulignera que \u00ab notre vaillante Arm\u00e9e a prouv\u00e9, sur le terrain, \u00e0 travers des r\u00e9sultats palpables, qu&rsquo;elle est de la lign\u00e9e des arm\u00e9es nationales, dont les personnels, anim\u00e9s d&rsquo;une volont\u00e9 in\u00e9branlable, et ayant pour devise le d\u00e9vouement total envers la patrie, \u0153uvrent sans rel\u00e2che \u00e0 r\u00e9unir les facteurs de puissance, pour atteindre l&rsquo;objectif ultime de pr\u00e9server le legs des valeureux Chouhada, \u00e0 travers le maintien de la s\u00e9curit\u00e9, la stabilit\u00e9 et l&rsquo;ind\u00e9pendance du pays, ainsi que la protection de son int\u00e9grit\u00e9 territoriale et de son unit\u00e9 populaire \u00bb. Chanegriha a tenu \u00e0 t\u00e9moigner sa \u00ab grande consid\u00e9ration pour les efforts de nos cadres et personnels au niveau de l&rsquo;ensemble des composantes de nos Forces arm\u00e9es et \u00e0 saluer leur d\u00e9termination \u00e0 contribuer au d\u00e9veloppement de nos capacit\u00e9s combatives et op\u00e9rationnelles \u00bb. Le chef d\u2019Etat-major a lou\u00e9 les \u00ab r\u00e9sultats consid\u00e9rables r\u00e9alis\u00e9s \u00bb dans le domaine de la lutte contre le terrorisme, le crime organis\u00e9, l&rsquo;immigration clandestine et le trafic multiforme, notamment de drogues et de stup\u00e9fiants \u00bb. \u00ab Ces r\u00e9sultats, hautement importants, contribueront, sans nul doute, \u00e0 assainir l&rsquo;Alg\u00e9rie des ph\u00e9nom\u00e8nes n\u00e9fastes et lui permettront de se consacrer enti\u00e8rement aux efforts de d\u00e9veloppement dans tous les domaines et \u00e0 tous les niveaux \u00bb, r\u00e9v\u00e8lera-t-il. Chanegriha saluera la d\u00e9cision du pr\u00e9sident de la R\u00e9publique, Abdelmadjid Tebboune, d\u2019\u00e9riger une statue \u00e0 l\u2019effigie de l\u2019Emir Abdelkader qui \u00ab immortalise la m\u00e9moire et l&rsquo;histoire \u00bb de ce symbole de la R\u00e9sistance populaire alg\u00e9rienne contre les forces de la colonisation et la tyrannie et d\u2019allouer une enveloppe budg\u00e9taire \u00e0 cet effet. Sa\u00efd Chanegriha dira \u00e0 ce propos qu\u2019 \u00ab \u00e0 l&rsquo;occasion du 140\u00e8me anniversaire du d\u00e9c\u00e8s de l&rsquo;Emir Abdelkader Ben Mohi\u00e9dine -que Dieu ait son \u00e2me- c\u00e9l\u00e9br\u00e9 le 26 mai, je salue la d\u00e9cision de Monsieur le Pr\u00e9sident de la R\u00e9publique, chef Supr\u00eame des Forces arm\u00e9es, ministre de la D\u00e9fense nationale, d&rsquo;allouer une enveloppe budg\u00e9taire pour \u00e9riger une statue qui immortalise la m\u00e9moire et l&rsquo;histoire de ce grand h\u00e9ros dont la personnalit\u00e9 et les grandes r\u00e9alisations demeurent l&rsquo;objet de reconnaissance, de gratitude et de fiert\u00e9 de tout le peuple alg\u00e9rien, voire m\u00eame le monde entier, en \u00e9tant un symbole de la R\u00e9sistance populaire alg\u00e9rienne contre les forces de la colonisation et la tyrannie, et un homme qui a d\u00e9di\u00e9 sa vie \u00e0 faire pr\u00e9valoir la justice et \u00e0 servir sa nation l&rsquo;Alg\u00e9rie \u00bb. Une d\u00e9cision que qualifie le G\u00e9n\u00e9ral d&rsquo;Arm\u00e9e de \u00ab sage \u00bb et qui \u00ab d\u00e9note des valeurs de d\u00e9vouement qui caract\u00e9risent toujours notre peuple, et s&rsquo;ancrent dans les traditions de notre grande nation avec ses h\u00e9ros, afin de demeurer \u00e0 jamais le t\u00e9moin de la grandeur de leurs r\u00e9alisations \u00bb.<\/p>\n\n\n\n<p><strong>Chokri Hafed<\/strong><\/p>\n","protected":false},"excerpt":{"rendered":"<p>En visite de travail et d\u2019inspection, hier, au niveau de la 2e r\u00e9gion militaire \u00e0 Oran, le G\u00e9n\u00e9ral d&rsquo;Arm\u00e9e Sa\u00efd<\/p>\n","protected":false},"author":3,"featured_media":41939,"comment_status":"open","ping_status":"closed","sticky":false,"template":"","format":"standard","meta":{"colormag_page_container_layout":"default_layout","colormag_page_sidebar_layout":"default_layout","om_disable_all_campaigns":false,"_monsterinsights_skip_tracking":false,"_monsterinsights_sitenote_active":false,"_monsterinsights_sitenote_note":"","_monsterinsights_sitenote_category":0,"footnotes":"","_wpscppro_dont_share_socialmedia":false,"_wpscppro_custom_social_share_image":0,"_facebook_share_type":"","_twitter_share_type":"","_linkedin_share_type":"","_pinterest_share_type":"","_linkedin_share_type_page":"","_instagram_share_type":"","_medium_share_type":"","_threads_share_type":"","_google_business_share_type":"","_selected_social_profile":[],"_wpsp_enable_custom_social_template":false,"_wpsp_social_scheduling":{"enabled":false,"datetime":null,"platforms":[],"status":"template_only","dateOption":"today","timeOption":"now","customDays":"","customHours":"","customDate":"","customTime":"","schedulingType":"absolute"},"_wpsp_active_default_template":true},"categories":[27],"tags":[],"class_list":["post-41927","post","type-post","status-publish","format-standard","has-post-thumbnail","hentry","category-actualite"],"aioseo_notices":[],"yoast_head":"<!-- This site is optimized with the Yoast SEO plugin v27.4 - https:\/\/yoast.com\/product\/yoast-seo-wordpress\/ -->\n<title>Lutte contre le terrorisme et le crime organis\u00e9\u00a0: L\u2019ANP r\u00e9affirme ses engagements - La Sentinelle<\/title>\n<meta name=\"robots\" content=\"index, follow, max-snippet:-1, max-image-preview:large, max-video-preview:-1\" \/>\n<link rel=\"canonical\" href=\"https:\/\/lasentinelle.dz\/index.php\/2023\/05\/29\/lutte-contre-le-terrorisme-et-le-crime-organise-lanp-reaffirme-ses-engagements\/\" \/>\n<meta property=\"og:locale\" content=\"fr_FR\" \/>\n<meta property=\"og:type\" content=\"article\" \/>\n<meta property=\"og:title\" content=\"Lutte contre le terrorisme et le crime organis\u00e9\u00a0: L\u2019ANP r\u00e9affirme ses engagements - La Sentinelle\" \/>\n<meta property=\"og:description\" content=\"En visite de travail et d\u2019inspection, hier, au niveau de la 2e r\u00e9gion militaire \u00e0 Oran, le G\u00e9n\u00e9ral d&rsquo;Arm\u00e9e Sa\u00efd\" \/>\n<meta property=\"og:url\" content=\"https:\/\/lasentinelle.dz\/index.php\/2023\/05\/29\/lutte-contre-le-terrorisme-et-le-crime-organise-lanp-reaffirme-ses-engagements\/\" \/>\n<meta property=\"og:site_name\" content=\"La Sentinelle\" \/>\n<meta property=\"article:publisher\" content=\"https:\/\/www.facebook.com\/La-Sentinelle-104059864394773\" \/>\n<meta property=\"article:published_time\" content=\"2023-05-29T21:05:00+00:00\" \/>\n<meta property=\"og:image\" content=\"https:\/\/lasentinelle.dz\/wp-content\/uploads\/2023\/05\/image_2023-05-29_210830861.png\" \/>\n\t<meta property=\"og:image:width\" content=\"738\" \/>\n\t<meta property=\"og:image:height\" content=\"466\" \/>\n\t<meta property=\"og:image:type\" content=\"image\/png\" \/>\n<meta name=\"author\" content=\"La Sentinelle\" \/>\n<meta name=\"twitter:card\" content=\"summary_large_image\" \/>\n<meta name=\"twitter:label1\" content=\"\u00c9crit par\" \/>\n\t<meta name=\"twitter:data1\" content=\"La Sentinelle\" \/>\n\t<meta name=\"twitter:label2\" content=\"Dur\u00e9e de lecture estim\u00e9e\" \/>\n\t<meta name=\"twitter:data2\" content=\"3 minutes\" \/>\n<script type=\"application\/ld+json\" class=\"yoast-schema-graph\">{\"@context\":\"https:\\\/\\\/schema.org\",\"@graph\":[{\"@type\":\"Article\",\"@id\":\"https:\\\/\\\/lasentinelle.dz\\\/index.php\\\/2023\\\/05\\\/29\\\/lutte-contre-le-terrorisme-et-le-crime-organise-lanp-reaffirme-ses-engagements\\\/#article\",\"isPartOf\":{\"@id\":\"https:\\\/\\\/lasentinelle.dz\\\/index.php\\\/2023\\\/05\\\/29\\\/lutte-contre-le-terrorisme-et-le-crime-organise-lanp-reaffirme-ses-engagements\\\/\"},\"author\":{\"name\":\"La Sentinelle\",\"@id\":\"https:\\\/\\\/lasentinelle.dz\\\/#\\\/schema\\\/person\\\/d865044e22e70a75174ce8bcad3acfb3\"},\"headline\":\"Lutte contre le terrorisme et le crime organis\u00e9\u00a0: L\u2019ANP r\u00e9affirme ses engagements\",\"datePublished\":\"2023-05-29T21:05:00+00:00\",\"mainEntityOfPage\":{\"@id\":\"https:\\\/\\\/lasentinelle.dz\\\/index.php\\\/2023\\\/05\\\/29\\\/lutte-contre-le-terrorisme-et-le-crime-organise-lanp-reaffirme-ses-engagements\\\/\"},\"wordCount\":682,\"commentCount\":0,\"publisher\":{\"@id\":\"https:\\\/\\\/lasentinelle.dz\\\/#organization\"},\"image\":{\"@id\":\"https:\\\/\\\/lasentinelle.dz\\\/index.php\\\/2023\\\/05\\\/29\\\/lutte-contre-le-terrorisme-et-le-crime-organise-lanp-reaffirme-ses-engagements\\\/#primaryimage\"},\"thumbnailUrl\":\"https:\\\/\\\/lasentinelle.dz\\\/wp-content\\\/uploads\\\/2023\\\/05\\\/image_2023-05-29_210830861.png\",\"articleSection\":[\"Actualit\u00e9\"],\"inLanguage\":\"fr-FR\",\"potentialAction\":[{\"@type\":\"CommentAction\",\"name\":\"Comment\",\"target\":[\"https:\\\/\\\/lasentinelle.dz\\\/index.php\\\/2023\\\/05\\\/29\\\/lutte-contre-le-terrorisme-et-le-crime-organise-lanp-reaffirme-ses-engagements\\\/#respond\"]}]},{\"@type\":\"WebPage\",\"@id\":\"https:\\\/\\\/lasentinelle.dz\\\/index.php\\\/2023\\\/05\\\/29\\\/lutte-contre-le-terrorisme-et-le-crime-organise-lanp-reaffirme-ses-engagements\\\/\",\"url\":\"https:\\\/\\\/lasentinelle.dz\\\/index.php\\\/2023\\\/05\\\/29\\\/lutte-contre-le-terrorisme-et-le-crime-organise-lanp-reaffirme-ses-engagements\\\/\",\"name\":\"Lutte contre le terrorisme et le crime organis\u00e9\u00a0: L\u2019ANP r\u00e9affirme ses engagements - La Sentinelle\",\"isPartOf\":{\"@id\":\"https:\\\/\\\/lasentinelle.dz\\\/#website\"},\"primaryImageOfPage\":{\"@id\":\"https:\\\/\\\/lasentinelle.dz\\\/index.php\\\/2023\\\/05\\\/29\\\/lutte-contre-le-terrorisme-et-le-crime-organise-lanp-reaffirme-ses-engagements\\\/#primaryimage\"},\"image\":{\"@id\":\"https:\\\/\\\/lasentinelle.dz\\\/index.php\\\/2023\\\/05\\\/29\\\/lutte-contre-le-terrorisme-et-le-crime-organise-lanp-reaffirme-ses-engagements\\\/#primaryimage\"},\"thumbnailUrl\":\"https:\\\/\\\/lasentinelle.dz\\\/wp-content\\\/uploads\\\/2023\\\/05\\\/image_2023-05-29_210830861.png\",\"datePublished\":\"2023-05-29T21:05:00+00:00\",\"breadcrumb\":{\"@id\":\"https:\\\/\\\/lasentinelle.dz\\\/index.php\\\/2023\\\/05\\\/29\\\/lutte-contre-le-terrorisme-et-le-crime-organise-lanp-reaffirme-ses-engagements\\\/#breadcrumb\"},\"inLanguage\":\"fr-FR\",\"potentialAction\":[{\"@type\":\"ReadAction\",\"target\":[\"https:\\\/\\\/lasentinelle.dz\\\/index.php\\\/2023\\\/05\\\/29\\\/lutte-contre-le-terrorisme-et-le-crime-organise-lanp-reaffirme-ses-engagements\\\/\"]}]},{\"@type\":\"ImageObject\",\"inLanguage\":\"fr-FR\",\"@id\":\"https:\\\/\\\/lasentinelle.dz\\\/index.php\\\/2023\\\/05\\\/29\\\/lutte-contre-le-terrorisme-et-le-crime-organise-lanp-reaffirme-ses-engagements\\\/#primaryimage\",\"url\":\"https:\\\/\\\/lasentinelle.dz\\\/wp-content\\\/uploads\\\/2023\\\/05\\\/image_2023-05-29_210830861.png\",\"contentUrl\":\"https:\\\/\\\/lasentinelle.dz\\\/wp-content\\\/uploads\\\/2023\\\/05\\\/image_2023-05-29_210830861.png\",\"width\":738,\"height\":466},{\"@type\":\"BreadcrumbList\",\"@id\":\"https:\\\/\\\/lasentinelle.dz\\\/index.php\\\/2023\\\/05\\\/29\\\/lutte-contre-le-terrorisme-et-le-crime-organise-lanp-reaffirme-ses-engagements\\\/#breadcrumb\",\"itemListElement\":[{\"@type\":\"ListItem\",\"position\":1,\"name\":\"Accueil\",\"item\":\"https:\\\/\\\/lasentinelle.dz\\\/\"},{\"@type\":\"ListItem\",\"position\":2,\"name\":\"Lutte contre le terrorisme et le crime organis\u00e9\u00a0: L\u2019ANP r\u00e9affirme ses engagements\"}]},{\"@type\":\"WebSite\",\"@id\":\"https:\\\/\\\/lasentinelle.dz\\\/#website\",\"url\":\"https:\\\/\\\/lasentinelle.dz\\\/\",\"name\":\"La Sentinelle\",\"description\":\"Quotidien national d&#039;information\",\"publisher\":{\"@id\":\"https:\\\/\\\/lasentinelle.dz\\\/#organization\"},\"potentialAction\":[{\"@type\":\"SearchAction\",\"target\":{\"@type\":\"EntryPoint\",\"urlTemplate\":\"https:\\\/\\\/lasentinelle.dz\\\/?s={search_term_string}\"},\"query-input\":{\"@type\":\"PropertyValueSpecification\",\"valueRequired\":true,\"valueName\":\"search_term_string\"}}],\"inLanguage\":\"fr-FR\"},{\"@type\":\"Organization\",\"@id\":\"https:\\\/\\\/lasentinelle.dz\\\/#organization\",\"name\":\"Quotidien La Sentinelle\",\"url\":\"https:\\\/\\\/lasentinelle.dz\\\/\",\"logo\":{\"@type\":\"ImageObject\",\"inLanguage\":\"fr-FR\",\"@id\":\"https:\\\/\\\/lasentinelle.dz\\\/#\\\/schema\\\/logo\\\/image\\\/\",\"url\":\"https:\\\/\\\/lasentinelle.dz\\\/wp-content\\\/uploads\\\/2021\\\/09\\\/logo-sentinelleSLOGAN-1.png\",\"contentUrl\":\"https:\\\/\\\/lasentinelle.dz\\\/wp-content\\\/uploads\\\/2021\\\/09\\\/logo-sentinelleSLOGAN-1.png\",\"width\":615,\"height\":142,\"caption\":\"Quotidien La Sentinelle\"},\"image\":{\"@id\":\"https:\\\/\\\/lasentinelle.dz\\\/#\\\/schema\\\/logo\\\/image\\\/\"},\"sameAs\":[\"https:\\\/\\\/www.facebook.com\\\/La-Sentinelle-104059864394773\"]},{\"@type\":\"Person\",\"@id\":\"https:\\\/\\\/lasentinelle.dz\\\/#\\\/schema\\\/person\\\/d865044e22e70a75174ce8bcad3acfb3\",\"name\":\"La Sentinelle\",\"image\":{\"@type\":\"ImageObject\",\"inLanguage\":\"fr-FR\",\"@id\":\"https:\\\/\\\/secure.gravatar.com\\\/avatar\\\/57de8e5d4b15d43fb361a71fbb36338450fe67865b528a43dd10ef7c51a20392?s=96&d=mm&r=g\",\"url\":\"https:\\\/\\\/secure.gravatar.com\\\/avatar\\\/57de8e5d4b15d43fb361a71fbb36338450fe67865b528a43dd10ef7c51a20392?s=96&d=mm&r=g\",\"contentUrl\":\"https:\\\/\\\/secure.gravatar.com\\\/avatar\\\/57de8e5d4b15d43fb361a71fbb36338450fe67865b528a43dd10ef7c51a20392?s=96&d=mm&r=g\",\"caption\":\"La Sentinelle\"},\"sameAs\":[\"http:\\\/\\\/www.lasentinelle.dz\"],\"url\":\"https:\\\/\\\/lasentinelle.dz\\\/author\\\/redaction\\\/\"}]}<\/script>\n<!-- \/ Yoast SEO plugin. -->","yoast_head_json":{"title":"Lutte contre le terrorisme et le crime organis\u00e9\u00a0: L\u2019ANP r\u00e9affirme ses engagements - La Sentinelle","robots":{"index":"index","follow":"follow","max-snippet":"max-snippet:-1","max-image-preview":"max-image-preview:large","max-video-preview":"max-video-preview:-1"},"canonical":"https:\/\/lasentinelle.dz\/index.php\/2023\/05\/29\/lutte-contre-le-terrorisme-et-le-crime-organise-lanp-reaffirme-ses-engagements\/","og_locale":"fr_FR","og_type":"article","og_title":"Lutte contre le terrorisme et le crime organis\u00e9\u00a0: L\u2019ANP r\u00e9affirme ses engagements - La Sentinelle","og_description":"En visite de travail et d\u2019inspection, hier, au niveau de la 2e r\u00e9gion militaire \u00e0 Oran, le G\u00e9n\u00e9ral d&rsquo;Arm\u00e9e Sa\u00efd","og_url":"https:\/\/lasentinelle.dz\/index.php\/2023\/05\/29\/lutte-contre-le-terrorisme-et-le-crime-organise-lanp-reaffirme-ses-engagements\/","og_site_name":"La Sentinelle","article_publisher":"https:\/\/www.facebook.com\/La-Sentinelle-104059864394773","article_published_time":"2023-05-29T21:05:00+00:00","og_image":[{"width":738,"height":466,"url":"https:\/\/lasentinelle.dz\/wp-content\/uploads\/2023\/05\/image_2023-05-29_210830861.png","type":"image\/png"}],"author":"La Sentinelle","twitter_card":"summary_large_image","twitter_misc":{"\u00c9crit par":"La Sentinelle","Dur\u00e9e de lecture estim\u00e9e":"3 minutes"},"schema":{"@context":"https:\/\/schema.org","@graph":[{"@type":"Article","@id":"https:\/\/lasentinelle.dz\/index.php\/2023\/05\/29\/lutte-contre-le-terrorisme-et-le-crime-organise-lanp-reaffirme-ses-engagements\/#article","isPartOf":{"@id":"https:\/\/lasentinelle.dz\/index.php\/2023\/05\/29\/lutte-contre-le-terrorisme-et-le-crime-organise-lanp-reaffirme-ses-engagements\/"},"author":{"name":"La Sentinelle","@id":"https:\/\/lasentinelle.dz\/#\/schema\/person\/d865044e22e70a75174ce8bcad3acfb3"},"headline":"Lutte contre le terrorisme et le crime organis\u00e9\u00a0: L\u2019ANP r\u00e9affirme ses engagements","datePublished":"2023-05-29T21:05:00+00:00","mainEntityOfPage":{"@id":"https:\/\/lasentinelle.dz\/index.php\/2023\/05\/29\/lutte-contre-le-terrorisme-et-le-crime-organise-lanp-reaffirme-ses-engagements\/"},"wordCount":682,"commentCount":0,"publisher":{"@id":"https:\/\/lasentinelle.dz\/#organization"},"image":{"@id":"https:\/\/lasentinelle.dz\/index.php\/2023\/05\/29\/lutte-contre-le-terrorisme-et-le-crime-organise-lanp-reaffirme-ses-engagements\/#primaryimage"},"thumbnailUrl":"https:\/\/lasentinelle.dz\/wp-content\/uploads\/2023\/05\/image_2023-05-29_210830861.png","articleSection":["Actualit\u00e9"],"inLanguage":"fr-FR","potentialAction":[{"@type":"CommentAction","name":"Comment","target":["https:\/\/lasentinelle.dz\/index.php\/2023\/05\/29\/lutte-contre-le-terrorisme-et-le-crime-organise-lanp-reaffirme-ses-engagements\/#respond"]}]},{"@type":"WebPage","@id":"https:\/\/lasentinelle.dz\/index.php\/2023\/05\/29\/lutte-contre-le-terrorisme-et-le-crime-organise-lanp-reaffirme-ses-engagements\/","url":"https:\/\/lasentinelle.dz\/index.php\/2023\/05\/29\/lutte-contre-le-terrorisme-et-le-crime-organise-lanp-reaffirme-ses-engagements\/","name":"Lutte contre le terrorisme et le crime organis\u00e9\u00a0: L\u2019ANP r\u00e9affirme ses engagements - La Sentinelle","isPartOf":{"@id":"https:\/\/lasentinelle.dz\/#website"},"primaryImageOfPage":{"@id":"https:\/\/lasentinelle.dz\/index.php\/2023\/05\/29\/lutte-contre-le-terrorisme-et-le-crime-organise-lanp-reaffirme-ses-engagements\/#primaryimage"},"image":{"@id":"https:\/\/lasentinelle.dz\/index.php\/2023\/05\/29\/lutte-contre-le-terrorisme-et-le-crime-organise-lanp-reaffirme-ses-engagements\/#primaryimage"},"thumbnailUrl":"https:\/\/lasentinelle.dz\/wp-content\/uploads\/2023\/05\/image_2023-05-29_210830861.png","datePublished":"2023-05-29T21:05:00+00:00","breadcrumb":{"@id":"https:\/\/lasentinelle.dz\/index.php\/2023\/05\/29\/lutte-contre-le-terrorisme-et-le-crime-organise-lanp-reaffirme-ses-engagements\/#breadcrumb"},"inLanguage":"fr-FR","potentialAction":[{"@type":"ReadAction","target":["https:\/\/lasentinelle.dz\/index.php\/2023\/05\/29\/lutte-contre-le-terrorisme-et-le-crime-organise-lanp-reaffirme-ses-engagements\/"]}]},{"@type":"ImageObject","inLanguage":"fr-FR","@id":"https:\/\/lasentinelle.dz\/index.php\/2023\/05\/29\/lutte-contre-le-terrorisme-et-le-crime-organise-lanp-reaffirme-ses-engagements\/#primaryimage","url":"https:\/\/lasentinelle.dz\/wp-content\/uploads\/2023\/05\/image_2023-05-29_210830861.png","contentUrl":"https:\/\/lasentinelle.dz\/wp-content\/uploads\/2023\/05\/image_2023-05-29_210830861.png","width":738,"height":466},{"@type":"BreadcrumbList","@id":"https:\/\/lasentinelle.dz\/index.php\/2023\/05\/29\/lutte-contre-le-terrorisme-et-le-crime-organise-lanp-reaffirme-ses-engagements\/#breadcrumb","itemListElement":[{"@type":"ListItem","position":1,"name":"Accueil","item":"https:\/\/lasentinelle.dz\/"},{"@type":"ListItem","position":2,"name":"Lutte contre le terrorisme et le crime organis\u00e9\u00a0: L\u2019ANP r\u00e9affirme ses engagements"}]},{"@type":"WebSite","@id":"https:\/\/lasentinelle.dz\/#website","url":"https:\/\/lasentinelle.dz\/","name":"La Sentinelle","description":"Quotidien national d&#039;information","publisher":{"@id":"https:\/\/lasentinelle.dz\/#organization"},"potentialAction":[{"@type":"SearchAction","target":{"@type":"EntryPoint","urlTemplate":"https:\/\/lasentinelle.dz\/?s={search_term_string}"},"query-input":{"@type":"PropertyValueSpecification","valueRequired":true,"valueName":"search_term_string"}}],"inLanguage":"fr-FR"},{"@type":"Organization","@id":"https:\/\/lasentinelle.dz\/#organization","name":"Quotidien La Sentinelle","url":"https:\/\/lasentinelle.dz\/","logo":{"@type":"ImageObject","inLanguage":"fr-FR","@id":"https:\/\/lasentinelle.dz\/#\/schema\/logo\/image\/","url":"https:\/\/lasentinelle.dz\/wp-content\/uploads\/2021\/09\/logo-sentinelleSLOGAN-1.png","contentUrl":"https:\/\/lasentinelle.dz\/wp-content\/uploads\/2021\/09\/logo-sentinelleSLOGAN-1.png","width":615,"height":142,"caption":"Quotidien La Sentinelle"},"image":{"@id":"https:\/\/lasentinelle.dz\/#\/schema\/logo\/image\/"},"sameAs":["https:\/\/www.facebook.com\/La-Sentinelle-104059864394773"]},{"@type":"Person","@id":"https:\/\/lasentinelle.dz\/#\/schema\/person\/d865044e22e70a75174ce8bcad3acfb3","name":"La Sentinelle","image":{"@type":"ImageObject","inLanguage":"fr-FR","@id":"https:\/\/secure.gravatar.com\/avatar\/57de8e5d4b15d43fb361a71fbb36338450fe67865b528a43dd10ef7c51a20392?s=96&d=mm&r=g","url":"https:\/\/secure.gravatar.com\/avatar\/57de8e5d4b15d43fb361a71fbb36338450fe67865b528a43dd10ef7c51a20392?s=96&d=mm&r=g","contentUrl":"https:\/\/secure.gravatar.com\/avatar\/57de8e5d4b15d43fb361a71fbb36338450fe67865b528a43dd10ef7c51a20392?s=96&d=mm&r=g","caption":"La Sentinelle"},"sameAs":["http:\/\/www.lasentinelle.dz"],"url":"https:\/\/lasentinelle.dz\/author\/redaction\/"}]}},"_links":{"self":[{"href":"https:\/\/lasentinelle.dz\/index.php\/wp-json\/wp\/v2\/posts\/41927","targetHints":{"allow":["GET"]}}],"collection":[{"href":"https:\/\/lasentinelle.dz\/index.php\/wp-json\/wp\/v2\/posts"}],"about":[{"href":"https:\/\/lasentinelle.dz\/index.php\/wp-json\/wp\/v2\/types\/post"}],"author":[{"embeddable":true,"href":"https:\/\/lasentinelle.dz\/index.php\/wp-json\/wp\/v2\/users\/3"}],"replies":[{"embeddable":true,"href":"https:\/\/lasentinelle.dz\/index.php\/wp-json\/wp\/v2\/comments?post=41927"}],"version-history":[{"count":1,"href":"https:\/\/lasentinelle.dz\/index.php\/wp-json\/wp\/v2\/posts\/41927\/revisions"}],"predecessor-version":[{"id":41940,"href":"https:\/\/lasentinelle.dz\/index.php\/wp-json\/wp\/v2\/posts\/41927\/revisions\/41940"}],"wp:featuredmedia":[{"embeddable":true,"href":"https:\/\/lasentinelle.dz\/index.php\/wp-json\/wp\/v2\/media\/41939"}],"wp:attachment":[{"href":"https:\/\/lasentinelle.dz\/index.php\/wp-json\/wp\/v2\/media?parent=41927"}],"wp:term":[{"taxonomy":"category","embeddable":true,"href":"https:\/\/lasentinelle.dz\/index.php\/wp-json\/wp\/v2\/categories?post=41927"},{"taxonomy":"post_tag","embeddable":true,"href":"https:\/\/lasentinelle.dz\/index.php\/wp-json\/wp\/v2\/tags?post=41927"}],"curies":[{"name":"wp","href":"https:\/\/api.w.org\/{rel}","templated":true}]}}