{"id":41945,"date":"2023-05-30T22:00:00","date_gmt":"2023-05-30T21:00:00","guid":{"rendered":"https:\/\/lasentinelle.dz\/?p=41945"},"modified":"2023-05-30T17:41:16","modified_gmt":"2023-05-30T16:41:16","slug":"attaque-de-drones-sur-moscou-poutine-accuse-kiev-de-vouloir-effrayer-la-population-russe","status":"publish","type":"post","link":"https:\/\/lasentinelle.dz\/index.php\/2023\/05\/30\/attaque-de-drones-sur-moscou-poutine-accuse-kiev-de-vouloir-effrayer-la-population-russe\/","title":{"rendered":"Attaque de drones sur Moscou\u00a0: Poutine accuse Kiev de vouloir \u00ab effrayer \u00bb la population russe"},"content":{"rendered":"\n<p>Hier, matin, plusieurs drones ont atteint Moscou et sa r\u00e9gion, situ\u00e9s \u00e0 plus de 1 000 km de l&rsquo;Ukraine.<\/p>\n\n\n\n<p>Le pr\u00e9sident russe s&rsquo;est exprim\u00e9 sur l&rsquo;attaque de drones survenue hier et qui a endommag\u00e9 plusieurs b\u00e2timents \u00e0 Moscou. \u00abCe n\u2019est pas nous qui utilisons les moyens qu\u2019utilisent les autorit\u00e9s ukrainiennes\u00bb, a d\u00e9clar\u00e9 le Pr\u00e9sident russe \u00e0 la presse. Condamnant le ciblage d\u00e9lib\u00e9r\u00e9 de b\u00e2timents d\u2019habitation par les forces de Kiev, estimant qu\u2019il s\u2019agit d\u2019\u00abun signe \u00e9vident d\u2019activit\u00e9 terroriste\u00bb, Vladimir Poutine a confirm\u00e9 une frappe contre le si\u00e8ge du renseignement militaire ukrainien. Reconnaissant \u00abdes probl\u00e8mes\u00bb dans l\u2019interception des drones qui ont atteint Moscou plus t\u00f4t dans la journ\u00e9e, le locataire du Kremlin estime que le syst\u00e8me antia\u00e9rien de la capitale a \u00abfonctionn\u00e9 de fa\u00e7on satisfaisante\u00bb. \u00abMais ce n\u2019est pas tant cela qui nous inqui\u00e8te, mais les tentatives de susciter une r\u00e9ponse de la Russie. Ils nous incitent \u00e0 lancer des mesures de repr\u00e9sailles. Mais les citoyens de l\u2019Ukraine, qui \u00e9videmment n\u2019ont pas leur mot \u00e0 dire dans ce r\u00e9gime de terreur totale, doivent savoir ce vers quoi leurs dirigeants les m\u00e8nent aujourd\u2019hui\u00bb, poursuit le Pr\u00e9sident russe. Celui-ci \u00e9voque alors les \u00abatteintes au fonctionnement\u00bb de la centrale nucl\u00e9aire de Zaporoji\u00e9, site r\u00e9guli\u00e8rement pris pour cible par l\u2019artillerie des forces de Kiev.<\/p>\n\n\n\n<p>La Russie a affirm\u00e9 voir abattu huit drones ukrainiens qui visaient Moscou et sa r\u00e9gion. Valentin I\u00e9m\u00e9lianov, qui habite dans le Sud-Ouest de Moscou, pr\u00e8s de l&rsquo;un des points d&rsquo;impact, a d\u00e9clar\u00e9 \u00e0 l&rsquo;AFP qu&rsquo;il n&rsquo;y avait \u00ab\u00a0pas de panique\u00a0\u00bb dans son quartier, estimant que la d\u00e9fense antia\u00e9rienne russe \u00ab\u00a0fonctionne bien\u00a0\u00bb. \u00ab\u00a0Ca nous rassure\u00a0\u00bb, a dit ce quinquag\u00e9naire, tout en affirmant ne pas \u00eatre \u00ab\u00a0surpris\u00a0\u00bb de cette attaque en raison de l&rsquo;escalade du conflit. L&rsquo;AFP a vu un immeuble dont plusieurs vitres avaient vol\u00e9 en \u00e9clats et dont l&rsquo;acc\u00e8s \u00e9tait barr\u00e9 par un cordon policier. Certains habitants \u00e9vacu\u00e9s sirotaient du th\u00e9 dans une \u00e9cole situ\u00e9e \u00e0 proximit\u00e9. &nbsp;\u00ab\u00a0Tous les services d&rsquo;urgence de la ville sont sur place (&#8230;) Personne n&rsquo;a \u00e9t\u00e9 gri\u00e8vement bless\u00e9 jusqu&rsquo;\u00e0 pr\u00e9sent\u00a0\u00bb, a affirm\u00e9 le maire de la capitale russe, Sergue\u00ef Sobianine, sur Telegram.<\/p>\n\n\n\n<p>La D\u00e9fense russe a annonc\u00e9 avoir port\u00e9 des frappes contre des centres de d\u00e9cisions ukrainiens qui pr\u00e9parent des attaques contre la Russie. &nbsp;\u00ab\u00a0Au cours des derni\u00e8res 24 heures, les Forces arm\u00e9es russes ont effectu\u00e9 des frappes group\u00e9es en utilisant des armes air-sol de pr\u00e9cision et \u00e0 longue port\u00e9e. Les frappes se sont port\u00e9es sur les centres de commandement o\u00f9 des attentats visant le territoire russe \u00e9taient en pr\u00e9paration sous la direction de services sp\u00e9ciaux occidentaux. Toutes les cibles ont \u00e9t\u00e9 touch\u00e9es\u00a0\u00bb, a indiqu\u00e9 le minist\u00e8re. Plus tard dans la journ\u00e9e, Vladimir Poutine a pr\u00e9cis\u00e9 que la Russie avait frapp\u00e9 l&rsquo;\u00e9tat-major du renseignement militaire ukrainien.<\/p>\n\n\n\n<p>R.I.<\/p>\n","protected":false},"excerpt":{"rendered":"<p>Hier, matin, plusieurs drones ont atteint Moscou et sa r\u00e9gion, situ\u00e9s \u00e0 plus de 1 000 km de l&rsquo;Ukraine. Le<\/p>\n","protected":false},"author":3,"featured_media":41961,"comment_status":"open","ping_status":"closed","sticky":false,"template":"","format":"standard","meta":{"colormag_page_container_layout":"default_layout","colormag_page_sidebar_layout":"default_layout","om_disable_all_campaigns":false,"_monsterinsights_skip_tracking":false,"_monsterinsights_sitenote_active":false,"_monsterinsights_sitenote_note":"","_monsterinsights_sitenote_category":0,"footnotes":"","_wpscppro_dont_share_socialmedia":false,"_wpscppro_custom_social_share_image":0,"_facebook_share_type":"","_twitter_share_type":"","_linkedin_share_type":"","_pinterest_share_type":"","_linkedin_share_type_page":"","_instagram_share_type":"","_medium_share_type":"","_threads_share_type":"","_google_business_share_type":"","_selected_social_profile":[],"_wpsp_enable_custom_social_template":false,"_wpsp_social_scheduling":{"enabled":false,"datetime":null,"platforms":[],"status":"template_only","dateOption":"today","timeOption":"now","customDays":"","customHours":"","customDate":"","customTime":"","schedulingType":"absolute"},"_wpsp_active_default_template":true},"categories":[37],"tags":[],"class_list":["post-41945","post","type-post","status-publish","format-standard","has-post-thumbnail","hentry","category-monde"],"aioseo_notices":[],"yoast_head":"<!-- This site is optimized with the Yoast SEO plugin v27.5 - https:\/\/yoast.com\/product\/yoast-seo-wordpress\/ -->\n<title>Attaque de drones sur Moscou\u00a0: Poutine accuse Kiev de vouloir \u00ab effrayer \u00bb la population russe - La Sentinelle<\/title>\n<meta name=\"robots\" content=\"index, follow, max-snippet:-1, max-image-preview:large, max-video-preview:-1\" \/>\n<link rel=\"canonical\" href=\"https:\/\/lasentinelle.dz\/index.php\/2023\/05\/30\/attaque-de-drones-sur-moscou-poutine-accuse-kiev-de-vouloir-effrayer-la-population-russe\/\" \/>\n<meta property=\"og:locale\" content=\"fr_FR\" \/>\n<meta property=\"og:type\" content=\"article\" \/>\n<meta property=\"og:title\" content=\"Attaque de drones sur Moscou\u00a0: Poutine accuse Kiev de vouloir \u00ab effrayer \u00bb la population russe - La Sentinelle\" \/>\n<meta property=\"og:description\" content=\"Hier, matin, plusieurs drones ont atteint Moscou et sa r\u00e9gion, situ\u00e9s \u00e0 plus de 1 000 km de l&rsquo;Ukraine. Le\" \/>\n<meta property=\"og:url\" content=\"https:\/\/lasentinelle.dz\/index.php\/2023\/05\/30\/attaque-de-drones-sur-moscou-poutine-accuse-kiev-de-vouloir-effrayer-la-population-russe\/\" \/>\n<meta property=\"og:site_name\" content=\"La Sentinelle\" \/>\n<meta property=\"article:publisher\" content=\"https:\/\/www.facebook.com\/La-Sentinelle-104059864394773\" \/>\n<meta property=\"article:published_time\" content=\"2023-05-30T21:00:00+00:00\" \/>\n<meta property=\"og:image\" content=\"https:\/\/lasentinelle.dz\/wp-content\/uploads\/2023\/05\/image_2023-05-30_173913146.png\" \/>\n\t<meta property=\"og:image:width\" content=\"790\" \/>\n\t<meta property=\"og:image:height\" content=\"444\" \/>\n\t<meta property=\"og:image:type\" content=\"image\/png\" \/>\n<meta name=\"author\" content=\"La Sentinelle\" \/>\n<meta name=\"twitter:card\" content=\"summary_large_image\" \/>\n<meta name=\"twitter:label1\" content=\"\u00c9crit par\" \/>\n\t<meta name=\"twitter:data1\" content=\"La Sentinelle\" \/>\n\t<meta name=\"twitter:label2\" content=\"Dur\u00e9e de lecture estim\u00e9e\" \/>\n\t<meta name=\"twitter:data2\" content=\"3 minutes\" \/>\n<script type=\"application\/ld+json\" class=\"yoast-schema-graph\">{\"@context\":\"https:\\\/\\\/schema.org\",\"@graph\":[{\"@type\":\"Article\",\"@id\":\"https:\\\/\\\/lasentinelle.dz\\\/index.php\\\/2023\\\/05\\\/30\\\/attaque-de-drones-sur-moscou-poutine-accuse-kiev-de-vouloir-effrayer-la-population-russe\\\/#article\",\"isPartOf\":{\"@id\":\"https:\\\/\\\/lasentinelle.dz\\\/index.php\\\/2023\\\/05\\\/30\\\/attaque-de-drones-sur-moscou-poutine-accuse-kiev-de-vouloir-effrayer-la-population-russe\\\/\"},\"author\":{\"name\":\"La Sentinelle\",\"@id\":\"https:\\\/\\\/lasentinelle.dz\\\/#\\\/schema\\\/person\\\/d865044e22e70a75174ce8bcad3acfb3\"},\"headline\":\"Attaque de drones sur Moscou\u00a0: Poutine accuse Kiev de vouloir \u00ab effrayer \u00bb la population russe\",\"datePublished\":\"2023-05-30T21:00:00+00:00\",\"mainEntityOfPage\":{\"@id\":\"https:\\\/\\\/lasentinelle.dz\\\/index.php\\\/2023\\\/05\\\/30\\\/attaque-de-drones-sur-moscou-poutine-accuse-kiev-de-vouloir-effrayer-la-population-russe\\\/\"},\"wordCount\":537,\"commentCount\":0,\"publisher\":{\"@id\":\"https:\\\/\\\/lasentinelle.dz\\\/#organization\"},\"image\":{\"@id\":\"https:\\\/\\\/lasentinelle.dz\\\/index.php\\\/2023\\\/05\\\/30\\\/attaque-de-drones-sur-moscou-poutine-accuse-kiev-de-vouloir-effrayer-la-population-russe\\\/#primaryimage\"},\"thumbnailUrl\":\"https:\\\/\\\/lasentinelle.dz\\\/wp-content\\\/uploads\\\/2023\\\/05\\\/image_2023-05-30_173913146.png\",\"articleSection\":[\"Monde\"],\"inLanguage\":\"fr-FR\",\"potentialAction\":[{\"@type\":\"CommentAction\",\"name\":\"Comment\",\"target\":[\"https:\\\/\\\/lasentinelle.dz\\\/index.php\\\/2023\\\/05\\\/30\\\/attaque-de-drones-sur-moscou-poutine-accuse-kiev-de-vouloir-effrayer-la-population-russe\\\/#respond\"]}]},{\"@type\":\"WebPage\",\"@id\":\"https:\\\/\\\/lasentinelle.dz\\\/index.php\\\/2023\\\/05\\\/30\\\/attaque-de-drones-sur-moscou-poutine-accuse-kiev-de-vouloir-effrayer-la-population-russe\\\/\",\"url\":\"https:\\\/\\\/lasentinelle.dz\\\/index.php\\\/2023\\\/05\\\/30\\\/attaque-de-drones-sur-moscou-poutine-accuse-kiev-de-vouloir-effrayer-la-population-russe\\\/\",\"name\":\"Attaque de drones sur Moscou\u00a0: Poutine accuse Kiev de vouloir \u00ab effrayer \u00bb la population russe - La Sentinelle\",\"isPartOf\":{\"@id\":\"https:\\\/\\\/lasentinelle.dz\\\/#website\"},\"primaryImageOfPage\":{\"@id\":\"https:\\\/\\\/lasentinelle.dz\\\/index.php\\\/2023\\\/05\\\/30\\\/attaque-de-drones-sur-moscou-poutine-accuse-kiev-de-vouloir-effrayer-la-population-russe\\\/#primaryimage\"},\"image\":{\"@id\":\"https:\\\/\\\/lasentinelle.dz\\\/index.php\\\/2023\\\/05\\\/30\\\/attaque-de-drones-sur-moscou-poutine-accuse-kiev-de-vouloir-effrayer-la-population-russe\\\/#primaryimage\"},\"thumbnailUrl\":\"https:\\\/\\\/lasentinelle.dz\\\/wp-content\\\/uploads\\\/2023\\\/05\\\/image_2023-05-30_173913146.png\",\"datePublished\":\"2023-05-30T21:00:00+00:00\",\"breadcrumb\":{\"@id\":\"https:\\\/\\\/lasentinelle.dz\\\/index.php\\\/2023\\\/05\\\/30\\\/attaque-de-drones-sur-moscou-poutine-accuse-kiev-de-vouloir-effrayer-la-population-russe\\\/#breadcrumb\"},\"inLanguage\":\"fr-FR\",\"potentialAction\":[{\"@type\":\"ReadAction\",\"target\":[\"https:\\\/\\\/lasentinelle.dz\\\/index.php\\\/2023\\\/05\\\/30\\\/attaque-de-drones-sur-moscou-poutine-accuse-kiev-de-vouloir-effrayer-la-population-russe\\\/\"]}]},{\"@type\":\"ImageObject\",\"inLanguage\":\"fr-FR\",\"@id\":\"https:\\\/\\\/lasentinelle.dz\\\/index.php\\\/2023\\\/05\\\/30\\\/attaque-de-drones-sur-moscou-poutine-accuse-kiev-de-vouloir-effrayer-la-population-russe\\\/#primaryimage\",\"url\":\"https:\\\/\\\/lasentinelle.dz\\\/wp-content\\\/uploads\\\/2023\\\/05\\\/image_2023-05-30_173913146.png\",\"contentUrl\":\"https:\\\/\\\/lasentinelle.dz\\\/wp-content\\\/uploads\\\/2023\\\/05\\\/image_2023-05-30_173913146.png\",\"width\":790,\"height\":444},{\"@type\":\"BreadcrumbList\",\"@id\":\"https:\\\/\\\/lasentinelle.dz\\\/index.php\\\/2023\\\/05\\\/30\\\/attaque-de-drones-sur-moscou-poutine-accuse-kiev-de-vouloir-effrayer-la-population-russe\\\/#breadcrumb\",\"itemListElement\":[{\"@type\":\"ListItem\",\"position\":1,\"name\":\"Accueil\",\"item\":\"https:\\\/\\\/lasentinelle.dz\\\/\"},{\"@type\":\"ListItem\",\"position\":2,\"name\":\"Attaque de drones sur Moscou\u00a0: Poutine accuse Kiev de vouloir \u00ab effrayer \u00bb la population russe\"}]},{\"@type\":\"WebSite\",\"@id\":\"https:\\\/\\\/lasentinelle.dz\\\/#website\",\"url\":\"https:\\\/\\\/lasentinelle.dz\\\/\",\"name\":\"La Sentinelle\",\"description\":\"Quotidien national d&#039;information\",\"publisher\":{\"@id\":\"https:\\\/\\\/lasentinelle.dz\\\/#organization\"},\"potentialAction\":[{\"@type\":\"SearchAction\",\"target\":{\"@type\":\"EntryPoint\",\"urlTemplate\":\"https:\\\/\\\/lasentinelle.dz\\\/?s={search_term_string}\"},\"query-input\":{\"@type\":\"PropertyValueSpecification\",\"valueRequired\":true,\"valueName\":\"search_term_string\"}}],\"inLanguage\":\"fr-FR\"},{\"@type\":\"Organization\",\"@id\":\"https:\\\/\\\/lasentinelle.dz\\\/#organization\",\"name\":\"Quotidien La Sentinelle\",\"url\":\"https:\\\/\\\/lasentinelle.dz\\\/\",\"logo\":{\"@type\":\"ImageObject\",\"inLanguage\":\"fr-FR\",\"@id\":\"https:\\\/\\\/lasentinelle.dz\\\/#\\\/schema\\\/logo\\\/image\\\/\",\"url\":\"https:\\\/\\\/lasentinelle.dz\\\/wp-content\\\/uploads\\\/2021\\\/09\\\/logo-sentinelleSLOGAN-1.png\",\"contentUrl\":\"https:\\\/\\\/lasentinelle.dz\\\/wp-content\\\/uploads\\\/2021\\\/09\\\/logo-sentinelleSLOGAN-1.png\",\"width\":615,\"height\":142,\"caption\":\"Quotidien La Sentinelle\"},\"image\":{\"@id\":\"https:\\\/\\\/lasentinelle.dz\\\/#\\\/schema\\\/logo\\\/image\\\/\"},\"sameAs\":[\"https:\\\/\\\/www.facebook.com\\\/La-Sentinelle-104059864394773\"]},{\"@type\":\"Person\",\"@id\":\"https:\\\/\\\/lasentinelle.dz\\\/#\\\/schema\\\/person\\\/d865044e22e70a75174ce8bcad3acfb3\",\"name\":\"La Sentinelle\",\"image\":{\"@type\":\"ImageObject\",\"inLanguage\":\"fr-FR\",\"@id\":\"https:\\\/\\\/secure.gravatar.com\\\/avatar\\\/57de8e5d4b15d43fb361a71fbb36338450fe67865b528a43dd10ef7c51a20392?s=96&d=mm&r=g\",\"url\":\"https:\\\/\\\/secure.gravatar.com\\\/avatar\\\/57de8e5d4b15d43fb361a71fbb36338450fe67865b528a43dd10ef7c51a20392?s=96&d=mm&r=g\",\"contentUrl\":\"https:\\\/\\\/secure.gravatar.com\\\/avatar\\\/57de8e5d4b15d43fb361a71fbb36338450fe67865b528a43dd10ef7c51a20392?s=96&d=mm&r=g\",\"caption\":\"La Sentinelle\"},\"sameAs\":[\"http:\\\/\\\/www.lasentinelle.dz\"],\"url\":\"https:\\\/\\\/lasentinelle.dz\\\/author\\\/redaction\\\/\"}]}<\/script>\n<!-- \/ Yoast SEO plugin. -->","yoast_head_json":{"title":"Attaque de drones sur Moscou\u00a0: Poutine accuse Kiev de vouloir \u00ab effrayer \u00bb la population russe - La Sentinelle","robots":{"index":"index","follow":"follow","max-snippet":"max-snippet:-1","max-image-preview":"max-image-preview:large","max-video-preview":"max-video-preview:-1"},"canonical":"https:\/\/lasentinelle.dz\/index.php\/2023\/05\/30\/attaque-de-drones-sur-moscou-poutine-accuse-kiev-de-vouloir-effrayer-la-population-russe\/","og_locale":"fr_FR","og_type":"article","og_title":"Attaque de drones sur Moscou\u00a0: Poutine accuse Kiev de vouloir \u00ab effrayer \u00bb la population russe - La Sentinelle","og_description":"Hier, matin, plusieurs drones ont atteint Moscou et sa r\u00e9gion, situ\u00e9s \u00e0 plus de 1 000 km de l&rsquo;Ukraine. Le","og_url":"https:\/\/lasentinelle.dz\/index.php\/2023\/05\/30\/attaque-de-drones-sur-moscou-poutine-accuse-kiev-de-vouloir-effrayer-la-population-russe\/","og_site_name":"La Sentinelle","article_publisher":"https:\/\/www.facebook.com\/La-Sentinelle-104059864394773","article_published_time":"2023-05-30T21:00:00+00:00","og_image":[{"width":790,"height":444,"url":"https:\/\/lasentinelle.dz\/wp-content\/uploads\/2023\/05\/image_2023-05-30_173913146.png","type":"image\/png"}],"author":"La Sentinelle","twitter_card":"summary_large_image","twitter_misc":{"\u00c9crit par":"La Sentinelle","Dur\u00e9e de lecture estim\u00e9e":"3 minutes"},"schema":{"@context":"https:\/\/schema.org","@graph":[{"@type":"Article","@id":"https:\/\/lasentinelle.dz\/index.php\/2023\/05\/30\/attaque-de-drones-sur-moscou-poutine-accuse-kiev-de-vouloir-effrayer-la-population-russe\/#article","isPartOf":{"@id":"https:\/\/lasentinelle.dz\/index.php\/2023\/05\/30\/attaque-de-drones-sur-moscou-poutine-accuse-kiev-de-vouloir-effrayer-la-population-russe\/"},"author":{"name":"La Sentinelle","@id":"https:\/\/lasentinelle.dz\/#\/schema\/person\/d865044e22e70a75174ce8bcad3acfb3"},"headline":"Attaque de drones sur Moscou\u00a0: Poutine accuse Kiev de vouloir \u00ab effrayer \u00bb la population russe","datePublished":"2023-05-30T21:00:00+00:00","mainEntityOfPage":{"@id":"https:\/\/lasentinelle.dz\/index.php\/2023\/05\/30\/attaque-de-drones-sur-moscou-poutine-accuse-kiev-de-vouloir-effrayer-la-population-russe\/"},"wordCount":537,"commentCount":0,"publisher":{"@id":"https:\/\/lasentinelle.dz\/#organization"},"image":{"@id":"https:\/\/lasentinelle.dz\/index.php\/2023\/05\/30\/attaque-de-drones-sur-moscou-poutine-accuse-kiev-de-vouloir-effrayer-la-population-russe\/#primaryimage"},"thumbnailUrl":"https:\/\/lasentinelle.dz\/wp-content\/uploads\/2023\/05\/image_2023-05-30_173913146.png","articleSection":["Monde"],"inLanguage":"fr-FR","potentialAction":[{"@type":"CommentAction","name":"Comment","target":["https:\/\/lasentinelle.dz\/index.php\/2023\/05\/30\/attaque-de-drones-sur-moscou-poutine-accuse-kiev-de-vouloir-effrayer-la-population-russe\/#respond"]}]},{"@type":"WebPage","@id":"https:\/\/lasentinelle.dz\/index.php\/2023\/05\/30\/attaque-de-drones-sur-moscou-poutine-accuse-kiev-de-vouloir-effrayer-la-population-russe\/","url":"https:\/\/lasentinelle.dz\/index.php\/2023\/05\/30\/attaque-de-drones-sur-moscou-poutine-accuse-kiev-de-vouloir-effrayer-la-population-russe\/","name":"Attaque de drones sur Moscou\u00a0: Poutine accuse Kiev de vouloir \u00ab effrayer \u00bb la population russe - La Sentinelle","isPartOf":{"@id":"https:\/\/lasentinelle.dz\/#website"},"primaryImageOfPage":{"@id":"https:\/\/lasentinelle.dz\/index.php\/2023\/05\/30\/attaque-de-drones-sur-moscou-poutine-accuse-kiev-de-vouloir-effrayer-la-population-russe\/#primaryimage"},"image":{"@id":"https:\/\/lasentinelle.dz\/index.php\/2023\/05\/30\/attaque-de-drones-sur-moscou-poutine-accuse-kiev-de-vouloir-effrayer-la-population-russe\/#primaryimage"},"thumbnailUrl":"https:\/\/lasentinelle.dz\/wp-content\/uploads\/2023\/05\/image_2023-05-30_173913146.png","datePublished":"2023-05-30T21:00:00+00:00","breadcrumb":{"@id":"https:\/\/lasentinelle.dz\/index.php\/2023\/05\/30\/attaque-de-drones-sur-moscou-poutine-accuse-kiev-de-vouloir-effrayer-la-population-russe\/#breadcrumb"},"inLanguage":"fr-FR","potentialAction":[{"@type":"ReadAction","target":["https:\/\/lasentinelle.dz\/index.php\/2023\/05\/30\/attaque-de-drones-sur-moscou-poutine-accuse-kiev-de-vouloir-effrayer-la-population-russe\/"]}]},{"@type":"ImageObject","inLanguage":"fr-FR","@id":"https:\/\/lasentinelle.dz\/index.php\/2023\/05\/30\/attaque-de-drones-sur-moscou-poutine-accuse-kiev-de-vouloir-effrayer-la-population-russe\/#primaryimage","url":"https:\/\/lasentinelle.dz\/wp-content\/uploads\/2023\/05\/image_2023-05-30_173913146.png","contentUrl":"https:\/\/lasentinelle.dz\/wp-content\/uploads\/2023\/05\/image_2023-05-30_173913146.png","width":790,"height":444},{"@type":"BreadcrumbList","@id":"https:\/\/lasentinelle.dz\/index.php\/2023\/05\/30\/attaque-de-drones-sur-moscou-poutine-accuse-kiev-de-vouloir-effrayer-la-population-russe\/#breadcrumb","itemListElement":[{"@type":"ListItem","position":1,"name":"Accueil","item":"https:\/\/lasentinelle.dz\/"},{"@type":"ListItem","position":2,"name":"Attaque de drones sur Moscou\u00a0: Poutine accuse Kiev de vouloir \u00ab effrayer \u00bb la population russe"}]},{"@type":"WebSite","@id":"https:\/\/lasentinelle.dz\/#website","url":"https:\/\/lasentinelle.dz\/","name":"La Sentinelle","description":"Quotidien national d&#039;information","publisher":{"@id":"https:\/\/lasentinelle.dz\/#organization"},"potentialAction":[{"@type":"SearchAction","target":{"@type":"EntryPoint","urlTemplate":"https:\/\/lasentinelle.dz\/?s={search_term_string}"},"query-input":{"@type":"PropertyValueSpecification","valueRequired":true,"valueName":"search_term_string"}}],"inLanguage":"fr-FR"},{"@type":"Organization","@id":"https:\/\/lasentinelle.dz\/#organization","name":"Quotidien La Sentinelle","url":"https:\/\/lasentinelle.dz\/","logo":{"@type":"ImageObject","inLanguage":"fr-FR","@id":"https:\/\/lasentinelle.dz\/#\/schema\/logo\/image\/","url":"https:\/\/lasentinelle.dz\/wp-content\/uploads\/2021\/09\/logo-sentinelleSLOGAN-1.png","contentUrl":"https:\/\/lasentinelle.dz\/wp-content\/uploads\/2021\/09\/logo-sentinelleSLOGAN-1.png","width":615,"height":142,"caption":"Quotidien La Sentinelle"},"image":{"@id":"https:\/\/lasentinelle.dz\/#\/schema\/logo\/image\/"},"sameAs":["https:\/\/www.facebook.com\/La-Sentinelle-104059864394773"]},{"@type":"Person","@id":"https:\/\/lasentinelle.dz\/#\/schema\/person\/d865044e22e70a75174ce8bcad3acfb3","name":"La Sentinelle","image":{"@type":"ImageObject","inLanguage":"fr-FR","@id":"https:\/\/secure.gravatar.com\/avatar\/57de8e5d4b15d43fb361a71fbb36338450fe67865b528a43dd10ef7c51a20392?s=96&d=mm&r=g","url":"https:\/\/secure.gravatar.com\/avatar\/57de8e5d4b15d43fb361a71fbb36338450fe67865b528a43dd10ef7c51a20392?s=96&d=mm&r=g","contentUrl":"https:\/\/secure.gravatar.com\/avatar\/57de8e5d4b15d43fb361a71fbb36338450fe67865b528a43dd10ef7c51a20392?s=96&d=mm&r=g","caption":"La Sentinelle"},"sameAs":["http:\/\/www.lasentinelle.dz"],"url":"https:\/\/lasentinelle.dz\/author\/redaction\/"}]}},"_links":{"self":[{"href":"https:\/\/lasentinelle.dz\/index.php\/wp-json\/wp\/v2\/posts\/41945","targetHints":{"allow":["GET"]}}],"collection":[{"href":"https:\/\/lasentinelle.dz\/index.php\/wp-json\/wp\/v2\/posts"}],"about":[{"href":"https:\/\/lasentinelle.dz\/index.php\/wp-json\/wp\/v2\/types\/post"}],"author":[{"embeddable":true,"href":"https:\/\/lasentinelle.dz\/index.php\/wp-json\/wp\/v2\/users\/3"}],"replies":[{"embeddable":true,"href":"https:\/\/lasentinelle.dz\/index.php\/wp-json\/wp\/v2\/comments?post=41945"}],"version-history":[{"count":1,"href":"https:\/\/lasentinelle.dz\/index.php\/wp-json\/wp\/v2\/posts\/41945\/revisions"}],"predecessor-version":[{"id":41965,"href":"https:\/\/lasentinelle.dz\/index.php\/wp-json\/wp\/v2\/posts\/41945\/revisions\/41965"}],"wp:featuredmedia":[{"embeddable":true,"href":"https:\/\/lasentinelle.dz\/index.php\/wp-json\/wp\/v2\/media\/41961"}],"wp:attachment":[{"href":"https:\/\/lasentinelle.dz\/index.php\/wp-json\/wp\/v2\/media?parent=41945"}],"wp:term":[{"taxonomy":"category","embeddable":true,"href":"https:\/\/lasentinelle.dz\/index.php\/wp-json\/wp\/v2\/categories?post=41945"},{"taxonomy":"post_tag","embeddable":true,"href":"https:\/\/lasentinelle.dz\/index.php\/wp-json\/wp\/v2\/tags?post=41945"}],"curies":[{"name":"wp","href":"https:\/\/api.w.org\/{rel}","templated":true}]}}