{"id":41946,"date":"2023-05-30T22:00:00","date_gmt":"2023-05-30T21:00:00","guid":{"rendered":"https:\/\/lasentinelle.dz\/?p=41946"},"modified":"2023-05-30T17:41:10","modified_gmt":"2023-05-30T16:41:10","slug":"coree-du-nord-pyongyang-confirme-le-lancement-dun-satellite-militaire-espion-en-juin","status":"publish","type":"post","link":"https:\/\/lasentinelle.dz\/index.php\/2023\/05\/30\/coree-du-nord-pyongyang-confirme-le-lancement-dun-satellite-militaire-espion-en-juin\/","title":{"rendered":"Cor\u00e9e du Nord\u00a0: Pyongyang confirme le lancement d&rsquo;un satellite militaire espion en juin"},"content":{"rendered":"\n<p>La Cor\u00e9e du Nord a confirm\u00e9 hier qu&rsquo;elle allait lancer un satellite militaire espion en juin afin de \u00ab\u00a0faire face aux actions militaires dangereuses des Etats-Unis\u00a0\u00bb, le Japon soup\u00e7onnant pour sa part un tir de missile d\u00e9guis\u00e9. Le \u00ab\u00a0satellite de reconnaissance militaire num\u00e9ro 1\u00a0\u00bb sera \u00ab\u00a0lanc\u00e9 en juin\u00a0\u00bb, afin de \u00ab\u00a0faire face aux actions militaires dangereuses des Etats-Unis et de leurs vassaux\u00a0\u00bb, a annonc\u00e9 Ri Pyong Chol, vice-pr\u00e9sident de la commission militaire centrale du Parti des travailleurs, cit\u00e9 par l&rsquo;agence d&rsquo;Etat KCNA. Ce responsable a \u00e9galement accus\u00e9 les Etats-Unis de mener des \u00ab\u00a0activit\u00e9s hostiles d&rsquo;espionnage a\u00e9rien dans la p\u00e9ninsule cor\u00e9enne et son voisinage\u00a0\u00bb. Le Japon avait annonc\u00e9 lundi avoir \u00e9t\u00e9 inform\u00e9 par la Cor\u00e9e du Nord d&rsquo;un prochain lancement de satellite, un projet qui selon le gouvernement nippon dissimulerait un tir de missile balistique. Selon Tokyo, Pyongyang a inform\u00e9 les garde-c\u00f4tes japonais du lancement d&rsquo;une fus\u00e9e entre le 31 mai et le 11 juin. Le projectile devrait retomber dans une zone situ\u00e9e quelque part entre la mer Jaune, la mer de Chine orientale et l&rsquo;est de l&rsquo;\u00eele de Lu\u00e7on aux Philippines, des lieux g\u00e9n\u00e9ralement d\u00e9sign\u00e9s pour la chute de d\u00e9bris ou d&rsquo;\u00e9tages de fus\u00e9es. \u00ab\u00a0M\u00eame s&rsquo;il est d\u00e9crit comme un satellite, un lancement utilisant la technologie des missiles balistiques constituerait une violation des r\u00e9solutions du Conseil de s\u00e9curit\u00e9 des Nations unies\u00a0\u00bb et menacerait la s\u00e9curit\u00e9 de la population, a d\u00e9plor\u00e9 lundi le Premier ministre japonais Fumio Kishida. Le minist\u00e8re japonais de la D\u00e9fense a donn\u00e9 l&rsquo;ordre d&rsquo;abattre tout missile balistique dont la chute sur son territoire terrestre ou maritime serait confirm\u00e9e, pr\u00e9cisant avoir d\u00e9ploy\u00e9 \u00e0 cet effet des missiles intercepteurs SM-3 et de type Patriot PAC-3. \u00ab\u00a0Le pr\u00e9tendu +lancement de satellite+ de la Cor\u00e9e du Nord constitue une grave violation des r\u00e9solutions du Conseil de s\u00e9curit\u00e9 des Nations unies interdisant tous les lancements utilisant la technologie des missiles balistiques, et il s&rsquo;agit d&rsquo;un acte clairement ill\u00e9gal qui ne peut \u00eatre justifi\u00e9 sous aucun pr\u00e9texte\u00a0\u00bb, a lui aussi d\u00e9clar\u00e9 le minist\u00e8re sud-cor\u00e9en de la D\u00e9fense dans un communiqu\u00e9. Cette strat\u00e9gie de communication de Pyongyang, consistant \u00e0 informer le Japon de ses lancements futurs mais pas la Cor\u00e9e du Sud, pourrait \u00eatre li\u00e9e aux importants exercices conjoints entre S\u00e9oul et Washington qui ont d\u00e9but\u00e9 jeudi \u00e0 seulement 25 km au sud de la fronti\u00e8re intercor\u00e9enne, a estim\u00e9 aupr\u00e8s de l&rsquo;AFP l&rsquo;analyste Cheong Seong-chang du Centre d&rsquo;\u00e9tudes nord-cor\u00e9ennes de l&rsquo;Institut Sejong.<\/p>\n\n\n\n<p>Agences<\/p>\n","protected":false},"excerpt":{"rendered":"<p>La Cor\u00e9e du Nord a confirm\u00e9 hier qu&rsquo;elle allait lancer un satellite militaire espion en juin afin de \u00ab\u00a0faire face<\/p>\n","protected":false},"author":3,"featured_media":41962,"comment_status":"open","ping_status":"closed","sticky":false,"template":"","format":"standard","meta":{"colormag_page_container_layout":"default_layout","colormag_page_sidebar_layout":"default_layout","om_disable_all_campaigns":false,"_monsterinsights_skip_tracking":false,"_monsterinsights_sitenote_active":false,"_monsterinsights_sitenote_note":"","_monsterinsights_sitenote_category":0,"footnotes":"","_wpscppro_dont_share_socialmedia":false,"_wpscppro_custom_social_share_image":0,"_facebook_share_type":"","_twitter_share_type":"","_linkedin_share_type":"","_pinterest_share_type":"","_linkedin_share_type_page":"","_instagram_share_type":"","_medium_share_type":"","_threads_share_type":"","_google_business_share_type":"","_selected_social_profile":[],"_wpsp_enable_custom_social_template":false,"_wpsp_social_scheduling":{"enabled":false,"datetime":null,"platforms":[],"status":"template_only","dateOption":"today","timeOption":"now","customDays":"","customHours":"","customDate":"","customTime":"","schedulingType":"absolute"},"_wpsp_active_default_template":true},"categories":[37],"tags":[],"class_list":["post-41946","post","type-post","status-publish","format-standard","has-post-thumbnail","hentry","category-monde"],"aioseo_notices":[],"yoast_head":"<!-- This site is optimized with the Yoast SEO plugin v27.5 - https:\/\/yoast.com\/product\/yoast-seo-wordpress\/ -->\n<title>Cor\u00e9e du Nord\u00a0: Pyongyang confirme le lancement d&rsquo;un satellite militaire espion en juin - La Sentinelle<\/title>\n<meta name=\"robots\" content=\"index, follow, max-snippet:-1, max-image-preview:large, max-video-preview:-1\" \/>\n<link rel=\"canonical\" href=\"https:\/\/lasentinelle.dz\/index.php\/2023\/05\/30\/coree-du-nord-pyongyang-confirme-le-lancement-dun-satellite-militaire-espion-en-juin\/\" \/>\n<meta property=\"og:locale\" content=\"fr_FR\" \/>\n<meta property=\"og:type\" content=\"article\" \/>\n<meta property=\"og:title\" content=\"Cor\u00e9e du Nord\u00a0: Pyongyang confirme le lancement d&rsquo;un satellite militaire espion en juin - La Sentinelle\" \/>\n<meta property=\"og:description\" content=\"La Cor\u00e9e du Nord a confirm\u00e9 hier qu&rsquo;elle allait lancer un satellite militaire espion en juin afin de \u00ab\u00a0faire face\" \/>\n<meta property=\"og:url\" content=\"https:\/\/lasentinelle.dz\/index.php\/2023\/05\/30\/coree-du-nord-pyongyang-confirme-le-lancement-dun-satellite-militaire-espion-en-juin\/\" \/>\n<meta property=\"og:site_name\" content=\"La Sentinelle\" \/>\n<meta property=\"article:publisher\" content=\"https:\/\/www.facebook.com\/La-Sentinelle-104059864394773\" \/>\n<meta property=\"article:published_time\" content=\"2023-05-30T21:00:00+00:00\" \/>\n<meta property=\"og:image\" content=\"https:\/\/lasentinelle.dz\/wp-content\/uploads\/2023\/05\/image_2023-05-30_173955596.png\" \/>\n\t<meta property=\"og:image:width\" content=\"734\" \/>\n\t<meta property=\"og:image:height\" content=\"484\" \/>\n\t<meta property=\"og:image:type\" content=\"image\/png\" \/>\n<meta name=\"author\" content=\"La Sentinelle\" \/>\n<meta name=\"twitter:card\" content=\"summary_large_image\" \/>\n<meta name=\"twitter:label1\" content=\"\u00c9crit par\" \/>\n\t<meta name=\"twitter:data1\" content=\"La Sentinelle\" \/>\n\t<meta name=\"twitter:label2\" content=\"Dur\u00e9e de lecture estim\u00e9e\" \/>\n\t<meta name=\"twitter:data2\" content=\"3 minutes\" \/>\n<script type=\"application\/ld+json\" class=\"yoast-schema-graph\">{\"@context\":\"https:\\\/\\\/schema.org\",\"@graph\":[{\"@type\":\"Article\",\"@id\":\"https:\\\/\\\/lasentinelle.dz\\\/index.php\\\/2023\\\/05\\\/30\\\/coree-du-nord-pyongyang-confirme-le-lancement-dun-satellite-militaire-espion-en-juin\\\/#article\",\"isPartOf\":{\"@id\":\"https:\\\/\\\/lasentinelle.dz\\\/index.php\\\/2023\\\/05\\\/30\\\/coree-du-nord-pyongyang-confirme-le-lancement-dun-satellite-militaire-espion-en-juin\\\/\"},\"author\":{\"name\":\"La Sentinelle\",\"@id\":\"https:\\\/\\\/lasentinelle.dz\\\/#\\\/schema\\\/person\\\/d865044e22e70a75174ce8bcad3acfb3\"},\"headline\":\"Cor\u00e9e du Nord\u00a0: Pyongyang confirme le lancement d&rsquo;un satellite militaire espion en juin\",\"datePublished\":\"2023-05-30T21:00:00+00:00\",\"mainEntityOfPage\":{\"@id\":\"https:\\\/\\\/lasentinelle.dz\\\/index.php\\\/2023\\\/05\\\/30\\\/coree-du-nord-pyongyang-confirme-le-lancement-dun-satellite-militaire-espion-en-juin\\\/\"},\"wordCount\":476,\"commentCount\":0,\"publisher\":{\"@id\":\"https:\\\/\\\/lasentinelle.dz\\\/#organization\"},\"image\":{\"@id\":\"https:\\\/\\\/lasentinelle.dz\\\/index.php\\\/2023\\\/05\\\/30\\\/coree-du-nord-pyongyang-confirme-le-lancement-dun-satellite-militaire-espion-en-juin\\\/#primaryimage\"},\"thumbnailUrl\":\"https:\\\/\\\/lasentinelle.dz\\\/wp-content\\\/uploads\\\/2023\\\/05\\\/image_2023-05-30_173955596.png\",\"articleSection\":[\"Monde\"],\"inLanguage\":\"fr-FR\",\"potentialAction\":[{\"@type\":\"CommentAction\",\"name\":\"Comment\",\"target\":[\"https:\\\/\\\/lasentinelle.dz\\\/index.php\\\/2023\\\/05\\\/30\\\/coree-du-nord-pyongyang-confirme-le-lancement-dun-satellite-militaire-espion-en-juin\\\/#respond\"]}]},{\"@type\":\"WebPage\",\"@id\":\"https:\\\/\\\/lasentinelle.dz\\\/index.php\\\/2023\\\/05\\\/30\\\/coree-du-nord-pyongyang-confirme-le-lancement-dun-satellite-militaire-espion-en-juin\\\/\",\"url\":\"https:\\\/\\\/lasentinelle.dz\\\/index.php\\\/2023\\\/05\\\/30\\\/coree-du-nord-pyongyang-confirme-le-lancement-dun-satellite-militaire-espion-en-juin\\\/\",\"name\":\"Cor\u00e9e du Nord\u00a0: Pyongyang confirme le lancement d&rsquo;un satellite militaire espion en juin - La Sentinelle\",\"isPartOf\":{\"@id\":\"https:\\\/\\\/lasentinelle.dz\\\/#website\"},\"primaryImageOfPage\":{\"@id\":\"https:\\\/\\\/lasentinelle.dz\\\/index.php\\\/2023\\\/05\\\/30\\\/coree-du-nord-pyongyang-confirme-le-lancement-dun-satellite-militaire-espion-en-juin\\\/#primaryimage\"},\"image\":{\"@id\":\"https:\\\/\\\/lasentinelle.dz\\\/index.php\\\/2023\\\/05\\\/30\\\/coree-du-nord-pyongyang-confirme-le-lancement-dun-satellite-militaire-espion-en-juin\\\/#primaryimage\"},\"thumbnailUrl\":\"https:\\\/\\\/lasentinelle.dz\\\/wp-content\\\/uploads\\\/2023\\\/05\\\/image_2023-05-30_173955596.png\",\"datePublished\":\"2023-05-30T21:00:00+00:00\",\"breadcrumb\":{\"@id\":\"https:\\\/\\\/lasentinelle.dz\\\/index.php\\\/2023\\\/05\\\/30\\\/coree-du-nord-pyongyang-confirme-le-lancement-dun-satellite-militaire-espion-en-juin\\\/#breadcrumb\"},\"inLanguage\":\"fr-FR\",\"potentialAction\":[{\"@type\":\"ReadAction\",\"target\":[\"https:\\\/\\\/lasentinelle.dz\\\/index.php\\\/2023\\\/05\\\/30\\\/coree-du-nord-pyongyang-confirme-le-lancement-dun-satellite-militaire-espion-en-juin\\\/\"]}]},{\"@type\":\"ImageObject\",\"inLanguage\":\"fr-FR\",\"@id\":\"https:\\\/\\\/lasentinelle.dz\\\/index.php\\\/2023\\\/05\\\/30\\\/coree-du-nord-pyongyang-confirme-le-lancement-dun-satellite-militaire-espion-en-juin\\\/#primaryimage\",\"url\":\"https:\\\/\\\/lasentinelle.dz\\\/wp-content\\\/uploads\\\/2023\\\/05\\\/image_2023-05-30_173955596.png\",\"contentUrl\":\"https:\\\/\\\/lasentinelle.dz\\\/wp-content\\\/uploads\\\/2023\\\/05\\\/image_2023-05-30_173955596.png\",\"width\":734,\"height\":484},{\"@type\":\"BreadcrumbList\",\"@id\":\"https:\\\/\\\/lasentinelle.dz\\\/index.php\\\/2023\\\/05\\\/30\\\/coree-du-nord-pyongyang-confirme-le-lancement-dun-satellite-militaire-espion-en-juin\\\/#breadcrumb\",\"itemListElement\":[{\"@type\":\"ListItem\",\"position\":1,\"name\":\"Accueil\",\"item\":\"https:\\\/\\\/lasentinelle.dz\\\/\"},{\"@type\":\"ListItem\",\"position\":2,\"name\":\"Cor\u00e9e du Nord\u00a0: Pyongyang confirme le lancement d&rsquo;un satellite militaire espion en juin\"}]},{\"@type\":\"WebSite\",\"@id\":\"https:\\\/\\\/lasentinelle.dz\\\/#website\",\"url\":\"https:\\\/\\\/lasentinelle.dz\\\/\",\"name\":\"La Sentinelle\",\"description\":\"Quotidien national d&#039;information\",\"publisher\":{\"@id\":\"https:\\\/\\\/lasentinelle.dz\\\/#organization\"},\"potentialAction\":[{\"@type\":\"SearchAction\",\"target\":{\"@type\":\"EntryPoint\",\"urlTemplate\":\"https:\\\/\\\/lasentinelle.dz\\\/?s={search_term_string}\"},\"query-input\":{\"@type\":\"PropertyValueSpecification\",\"valueRequired\":true,\"valueName\":\"search_term_string\"}}],\"inLanguage\":\"fr-FR\"},{\"@type\":\"Organization\",\"@id\":\"https:\\\/\\\/lasentinelle.dz\\\/#organization\",\"name\":\"Quotidien La Sentinelle\",\"url\":\"https:\\\/\\\/lasentinelle.dz\\\/\",\"logo\":{\"@type\":\"ImageObject\",\"inLanguage\":\"fr-FR\",\"@id\":\"https:\\\/\\\/lasentinelle.dz\\\/#\\\/schema\\\/logo\\\/image\\\/\",\"url\":\"https:\\\/\\\/lasentinelle.dz\\\/wp-content\\\/uploads\\\/2021\\\/09\\\/logo-sentinelleSLOGAN-1.png\",\"contentUrl\":\"https:\\\/\\\/lasentinelle.dz\\\/wp-content\\\/uploads\\\/2021\\\/09\\\/logo-sentinelleSLOGAN-1.png\",\"width\":615,\"height\":142,\"caption\":\"Quotidien La Sentinelle\"},\"image\":{\"@id\":\"https:\\\/\\\/lasentinelle.dz\\\/#\\\/schema\\\/logo\\\/image\\\/\"},\"sameAs\":[\"https:\\\/\\\/www.facebook.com\\\/La-Sentinelle-104059864394773\"]},{\"@type\":\"Person\",\"@id\":\"https:\\\/\\\/lasentinelle.dz\\\/#\\\/schema\\\/person\\\/d865044e22e70a75174ce8bcad3acfb3\",\"name\":\"La Sentinelle\",\"image\":{\"@type\":\"ImageObject\",\"inLanguage\":\"fr-FR\",\"@id\":\"https:\\\/\\\/secure.gravatar.com\\\/avatar\\\/57de8e5d4b15d43fb361a71fbb36338450fe67865b528a43dd10ef7c51a20392?s=96&d=mm&r=g\",\"url\":\"https:\\\/\\\/secure.gravatar.com\\\/avatar\\\/57de8e5d4b15d43fb361a71fbb36338450fe67865b528a43dd10ef7c51a20392?s=96&d=mm&r=g\",\"contentUrl\":\"https:\\\/\\\/secure.gravatar.com\\\/avatar\\\/57de8e5d4b15d43fb361a71fbb36338450fe67865b528a43dd10ef7c51a20392?s=96&d=mm&r=g\",\"caption\":\"La Sentinelle\"},\"sameAs\":[\"http:\\\/\\\/www.lasentinelle.dz\"],\"url\":\"https:\\\/\\\/lasentinelle.dz\\\/author\\\/redaction\\\/\"}]}<\/script>\n<!-- \/ Yoast SEO plugin. -->","yoast_head_json":{"title":"Cor\u00e9e du Nord\u00a0: Pyongyang confirme le lancement d&rsquo;un satellite militaire espion en juin - La Sentinelle","robots":{"index":"index","follow":"follow","max-snippet":"max-snippet:-1","max-image-preview":"max-image-preview:large","max-video-preview":"max-video-preview:-1"},"canonical":"https:\/\/lasentinelle.dz\/index.php\/2023\/05\/30\/coree-du-nord-pyongyang-confirme-le-lancement-dun-satellite-militaire-espion-en-juin\/","og_locale":"fr_FR","og_type":"article","og_title":"Cor\u00e9e du Nord\u00a0: Pyongyang confirme le lancement d&rsquo;un satellite militaire espion en juin - La Sentinelle","og_description":"La Cor\u00e9e du Nord a confirm\u00e9 hier qu&rsquo;elle allait lancer un satellite militaire espion en juin afin de \u00ab\u00a0faire face","og_url":"https:\/\/lasentinelle.dz\/index.php\/2023\/05\/30\/coree-du-nord-pyongyang-confirme-le-lancement-dun-satellite-militaire-espion-en-juin\/","og_site_name":"La Sentinelle","article_publisher":"https:\/\/www.facebook.com\/La-Sentinelle-104059864394773","article_published_time":"2023-05-30T21:00:00+00:00","og_image":[{"width":734,"height":484,"url":"https:\/\/lasentinelle.dz\/wp-content\/uploads\/2023\/05\/image_2023-05-30_173955596.png","type":"image\/png"}],"author":"La Sentinelle","twitter_card":"summary_large_image","twitter_misc":{"\u00c9crit par":"La Sentinelle","Dur\u00e9e de lecture estim\u00e9e":"3 minutes"},"schema":{"@context":"https:\/\/schema.org","@graph":[{"@type":"Article","@id":"https:\/\/lasentinelle.dz\/index.php\/2023\/05\/30\/coree-du-nord-pyongyang-confirme-le-lancement-dun-satellite-militaire-espion-en-juin\/#article","isPartOf":{"@id":"https:\/\/lasentinelle.dz\/index.php\/2023\/05\/30\/coree-du-nord-pyongyang-confirme-le-lancement-dun-satellite-militaire-espion-en-juin\/"},"author":{"name":"La Sentinelle","@id":"https:\/\/lasentinelle.dz\/#\/schema\/person\/d865044e22e70a75174ce8bcad3acfb3"},"headline":"Cor\u00e9e du Nord\u00a0: Pyongyang confirme le lancement d&rsquo;un satellite militaire espion en juin","datePublished":"2023-05-30T21:00:00+00:00","mainEntityOfPage":{"@id":"https:\/\/lasentinelle.dz\/index.php\/2023\/05\/30\/coree-du-nord-pyongyang-confirme-le-lancement-dun-satellite-militaire-espion-en-juin\/"},"wordCount":476,"commentCount":0,"publisher":{"@id":"https:\/\/lasentinelle.dz\/#organization"},"image":{"@id":"https:\/\/lasentinelle.dz\/index.php\/2023\/05\/30\/coree-du-nord-pyongyang-confirme-le-lancement-dun-satellite-militaire-espion-en-juin\/#primaryimage"},"thumbnailUrl":"https:\/\/lasentinelle.dz\/wp-content\/uploads\/2023\/05\/image_2023-05-30_173955596.png","articleSection":["Monde"],"inLanguage":"fr-FR","potentialAction":[{"@type":"CommentAction","name":"Comment","target":["https:\/\/lasentinelle.dz\/index.php\/2023\/05\/30\/coree-du-nord-pyongyang-confirme-le-lancement-dun-satellite-militaire-espion-en-juin\/#respond"]}]},{"@type":"WebPage","@id":"https:\/\/lasentinelle.dz\/index.php\/2023\/05\/30\/coree-du-nord-pyongyang-confirme-le-lancement-dun-satellite-militaire-espion-en-juin\/","url":"https:\/\/lasentinelle.dz\/index.php\/2023\/05\/30\/coree-du-nord-pyongyang-confirme-le-lancement-dun-satellite-militaire-espion-en-juin\/","name":"Cor\u00e9e du Nord\u00a0: Pyongyang confirme le lancement d&rsquo;un satellite militaire espion en juin - La Sentinelle","isPartOf":{"@id":"https:\/\/lasentinelle.dz\/#website"},"primaryImageOfPage":{"@id":"https:\/\/lasentinelle.dz\/index.php\/2023\/05\/30\/coree-du-nord-pyongyang-confirme-le-lancement-dun-satellite-militaire-espion-en-juin\/#primaryimage"},"image":{"@id":"https:\/\/lasentinelle.dz\/index.php\/2023\/05\/30\/coree-du-nord-pyongyang-confirme-le-lancement-dun-satellite-militaire-espion-en-juin\/#primaryimage"},"thumbnailUrl":"https:\/\/lasentinelle.dz\/wp-content\/uploads\/2023\/05\/image_2023-05-30_173955596.png","datePublished":"2023-05-30T21:00:00+00:00","breadcrumb":{"@id":"https:\/\/lasentinelle.dz\/index.php\/2023\/05\/30\/coree-du-nord-pyongyang-confirme-le-lancement-dun-satellite-militaire-espion-en-juin\/#breadcrumb"},"inLanguage":"fr-FR","potentialAction":[{"@type":"ReadAction","target":["https:\/\/lasentinelle.dz\/index.php\/2023\/05\/30\/coree-du-nord-pyongyang-confirme-le-lancement-dun-satellite-militaire-espion-en-juin\/"]}]},{"@type":"ImageObject","inLanguage":"fr-FR","@id":"https:\/\/lasentinelle.dz\/index.php\/2023\/05\/30\/coree-du-nord-pyongyang-confirme-le-lancement-dun-satellite-militaire-espion-en-juin\/#primaryimage","url":"https:\/\/lasentinelle.dz\/wp-content\/uploads\/2023\/05\/image_2023-05-30_173955596.png","contentUrl":"https:\/\/lasentinelle.dz\/wp-content\/uploads\/2023\/05\/image_2023-05-30_173955596.png","width":734,"height":484},{"@type":"BreadcrumbList","@id":"https:\/\/lasentinelle.dz\/index.php\/2023\/05\/30\/coree-du-nord-pyongyang-confirme-le-lancement-dun-satellite-militaire-espion-en-juin\/#breadcrumb","itemListElement":[{"@type":"ListItem","position":1,"name":"Accueil","item":"https:\/\/lasentinelle.dz\/"},{"@type":"ListItem","position":2,"name":"Cor\u00e9e du Nord\u00a0: Pyongyang confirme le lancement d&rsquo;un satellite militaire espion en juin"}]},{"@type":"WebSite","@id":"https:\/\/lasentinelle.dz\/#website","url":"https:\/\/lasentinelle.dz\/","name":"La Sentinelle","description":"Quotidien national d&#039;information","publisher":{"@id":"https:\/\/lasentinelle.dz\/#organization"},"potentialAction":[{"@type":"SearchAction","target":{"@type":"EntryPoint","urlTemplate":"https:\/\/lasentinelle.dz\/?s={search_term_string}"},"query-input":{"@type":"PropertyValueSpecification","valueRequired":true,"valueName":"search_term_string"}}],"inLanguage":"fr-FR"},{"@type":"Organization","@id":"https:\/\/lasentinelle.dz\/#organization","name":"Quotidien La Sentinelle","url":"https:\/\/lasentinelle.dz\/","logo":{"@type":"ImageObject","inLanguage":"fr-FR","@id":"https:\/\/lasentinelle.dz\/#\/schema\/logo\/image\/","url":"https:\/\/lasentinelle.dz\/wp-content\/uploads\/2021\/09\/logo-sentinelleSLOGAN-1.png","contentUrl":"https:\/\/lasentinelle.dz\/wp-content\/uploads\/2021\/09\/logo-sentinelleSLOGAN-1.png","width":615,"height":142,"caption":"Quotidien La Sentinelle"},"image":{"@id":"https:\/\/lasentinelle.dz\/#\/schema\/logo\/image\/"},"sameAs":["https:\/\/www.facebook.com\/La-Sentinelle-104059864394773"]},{"@type":"Person","@id":"https:\/\/lasentinelle.dz\/#\/schema\/person\/d865044e22e70a75174ce8bcad3acfb3","name":"La Sentinelle","image":{"@type":"ImageObject","inLanguage":"fr-FR","@id":"https:\/\/secure.gravatar.com\/avatar\/57de8e5d4b15d43fb361a71fbb36338450fe67865b528a43dd10ef7c51a20392?s=96&d=mm&r=g","url":"https:\/\/secure.gravatar.com\/avatar\/57de8e5d4b15d43fb361a71fbb36338450fe67865b528a43dd10ef7c51a20392?s=96&d=mm&r=g","contentUrl":"https:\/\/secure.gravatar.com\/avatar\/57de8e5d4b15d43fb361a71fbb36338450fe67865b528a43dd10ef7c51a20392?s=96&d=mm&r=g","caption":"La Sentinelle"},"sameAs":["http:\/\/www.lasentinelle.dz"],"url":"https:\/\/lasentinelle.dz\/author\/redaction\/"}]}},"_links":{"self":[{"href":"https:\/\/lasentinelle.dz\/index.php\/wp-json\/wp\/v2\/posts\/41946","targetHints":{"allow":["GET"]}}],"collection":[{"href":"https:\/\/lasentinelle.dz\/index.php\/wp-json\/wp\/v2\/posts"}],"about":[{"href":"https:\/\/lasentinelle.dz\/index.php\/wp-json\/wp\/v2\/types\/post"}],"author":[{"embeddable":true,"href":"https:\/\/lasentinelle.dz\/index.php\/wp-json\/wp\/v2\/users\/3"}],"replies":[{"embeddable":true,"href":"https:\/\/lasentinelle.dz\/index.php\/wp-json\/wp\/v2\/comments?post=41946"}],"version-history":[{"count":1,"href":"https:\/\/lasentinelle.dz\/index.php\/wp-json\/wp\/v2\/posts\/41946\/revisions"}],"predecessor-version":[{"id":41966,"href":"https:\/\/lasentinelle.dz\/index.php\/wp-json\/wp\/v2\/posts\/41946\/revisions\/41966"}],"wp:featuredmedia":[{"embeddable":true,"href":"https:\/\/lasentinelle.dz\/index.php\/wp-json\/wp\/v2\/media\/41962"}],"wp:attachment":[{"href":"https:\/\/lasentinelle.dz\/index.php\/wp-json\/wp\/v2\/media?parent=41946"}],"wp:term":[{"taxonomy":"category","embeddable":true,"href":"https:\/\/lasentinelle.dz\/index.php\/wp-json\/wp\/v2\/categories?post=41946"},{"taxonomy":"post_tag","embeddable":true,"href":"https:\/\/lasentinelle.dz\/index.php\/wp-json\/wp\/v2\/tags?post=41946"}],"curies":[{"name":"wp","href":"https:\/\/api.w.org\/{rel}","templated":true}]}}